{"id":40506,"date":"2021-02-24T15:54:25","date_gmt":"2021-02-24T14:54:25","guid":{"rendered":"https:\/\/kunmedierne.dk\/mors\/?p=40506"},"modified":"2024-08-12T13:37:49","modified_gmt":"2024-08-12T11:37:49","slug":"flertallet-valgte-fortov-halvvejs-op-igennem-sundby","status":"publish","type":"post","link":"https:\/\/kunmedierne.dk\/mors\/flertallet-valgte-fortov-halvvejs-op-igennem-sundby\/","title":{"rendered":"Flertallet valgte fortov halvvejs op igennem Sundby"},"content":{"rendered":"<p><strong>SUNDBY<\/strong>: Der kommer b\u00e5de fortov og 2 minus 1-vej i Sundby. Men ikke hele vejen p\u00e5 den omstridte str\u00e6kning p\u00e5 Sundbyvej.<\/p>\n<p>Det er udsigten efter onsdagens fem og en halv time lange m\u00f8de i udvalget for teknik og milj\u00f8. Heraf gik cirka en time med at dr\u00f8fte punktet om trakfikprojektet i Sundby.<\/p>\n<p>Det var ogs\u00e5 p\u00e5 dagsordenen i oktober, da udvalget var enig om en fortovsl\u00f8sning, som borgere i byen l\u00e6nge har savnet. Men siden er indsigelser og en vurdering af trafiksikkerheden bragt p\u00e5 banen, hvilket ogs\u00e5 har pustet til gl\u00f8der i frustrationernes b\u00e5l &#8211; som <a href=\"https:\/\/kunmedierne.dk\/mors\/direktoer-for-teknik-og-miljoe-under-beskydning-fra-sundby\/\" target=\"_blank\" rel=\"noopener noreferrer\">blandt andet her<\/a> hos Bo Fink, medlem af byrumsgruppen i Sundby.<\/p>\n<p>Men nu ser det hele s\u00e5 ud til at ende i et kompromis &#8211; if\u00f8lge udvalgsformand Meiner N\u00f8rgaard (DF) blandt med hensyntagen til den beslutning fra 2017, som Bo Fink n\u00e6vnte i artiklen p\u00e5 KunMors.<\/p>\n<p>&#8220;For det f\u00f8rste tilgodeser vi det, der var besluttet i 2017 med fortov p\u00e5 den farligste str\u00e6kning for fodg\u00e6ngere i Sundby. Og s\u00e5 tilgodeser vi ogs\u00e5 det trafikm\u00e6ssige med at kombinere de to l\u00f8sninger. S\u00e5 er der afm\u00e6rkning til cyklisterne p\u00e5 str\u00e6kningen,&#8221; siger han. <a href=\"https:\/\/vognmand-filtenborg.dk\/\"><img loading=\"lazy\" decoding=\"async\" class=\"alignright size-full wp-image-35525\" src=\"https:\/\/kunmedierne.dk\/mors\/wp-content\/uploads\/2020\/11\/ho1.jpg\" alt=\"\" width=\"1400\" height=\"125\" srcset=\"https:\/\/kunmedierne.dk\/mors\/wp-content\/uploads\/2020\/11\/ho1.jpg 1400w, https:\/\/kunmedierne.dk\/mors\/wp-content\/uploads\/2020\/11\/ho1-300x27.jpg 300w, https:\/\/kunmedierne.dk\/mors\/wp-content\/uploads\/2020\/11\/ho1-1024x91.jpg 1024w, https:\/\/kunmedierne.dk\/mors\/wp-content\/uploads\/2020\/11\/ho1-768x69.jpg 768w, https:\/\/kunmedierne.dk\/mors\/wp-content\/uploads\/2020\/11\/ho1-600x54.jpg 600w\" sizes=\"auto, (max-width: 1400px) 100vw, 1400px\" \/><\/a><\/p>\n<p>De to l\u00f8sninger, der alts\u00e5 smeltes sammen til en, er anl\u00e6ggelse af et fortov p\u00e5 str\u00e6kningen efter \u00d8st Vildsund F\u00e6rgekro, igennem det skarpe sving og et stykke op ad Sundbyvej indtil en af sidevejene Udsigten eller Under Bakken &#8211; alt efter, hvor langt pengene r\u00e6kker.<\/p>\n<p>Og p\u00e5 samme str\u00e6kning vil der blive anlagt en 2 minus 1-vej.<\/p>\n<p>&#8220;Det vil v\u00e6re farligt kun at etablere et fortov, for det vil g\u00f8re det mere farligt for cyklisterne p\u00e5 str\u00e6kningen. Der bliver mindre plads, og en cyklist kan jo ikke vige ind over en fortovskant,&#8221; siger Meiner N\u00f8rgaard.<\/p>\n<p>&nbsp;<\/p>\n<p><strong>F\u00f8lger ikke politiets forslag<\/strong><\/p>\n<p>D\u00e9n l\u00f8sning koster 1,5 millioner kroner i alt. Derudover bliver der ogs\u00e5 sat 200.000 kroner af til en asfaltering af pladsen foran forsamlingshuset. Og if\u00f8lge Meiner N\u00f8rgaard er der tale om &#8220;et rigtig godt kompromisforslag&#8221;, der tager udgangspunkt i planerne fra 2017, og som tager hensyn til b\u00e5de byrumsgruppen, indsigelser fra borgere og en trafiksikkerhedsm\u00e6ssig indvending fra blandt andre Midt- og Vestjyllands Politi.<\/p>\n<p>Fra sidstn\u00e6vnte l\u00f8d forslaget dog, at man etablerede 2 minus 1-vej hele vejen op igennem byen. P\u00e5 sp\u00f8rgsm\u00e5let om, hvorfor man s\u00e5 ikke v\u00e6lger det, svarer Meiner N\u00f8rgaard:<\/p>\n<p>&#8220;Nu vil vi gerne lige se, hvordan det her fungerer. Og vi mener faktisk, at det her tager hensyn til alle de problemstillinger, der kan v\u00e6re p\u00e5 str\u00e6kningen.&#8221; <a href=\"https:\/\/vester-begr.dk\"><img loading=\"lazy\" decoding=\"async\" class=\"alignright size-full wp-image-35526\" src=\"https:\/\/kunmedierne.dk\/mors\/wp-content\/uploads\/2020\/11\/ho2.jpg\" alt=\"\" width=\"1400\" height=\"125\" srcset=\"https:\/\/kunmedierne.dk\/mors\/wp-content\/uploads\/2020\/11\/ho2.jpg 1400w, https:\/\/kunmedierne.dk\/mors\/wp-content\/uploads\/2020\/11\/ho2-300x27.jpg 300w, https:\/\/kunmedierne.dk\/mors\/wp-content\/uploads\/2020\/11\/ho2-1024x91.jpg 1024w, https:\/\/kunmedierne.dk\/mors\/wp-content\/uploads\/2020\/11\/ho2-768x69.jpg 768w, https:\/\/kunmedierne.dk\/mors\/wp-content\/uploads\/2020\/11\/ho2-600x54.jpg 600w\" sizes=\"auto, (max-width: 1400px) 100vw, 1400px\" \/><\/a><\/p>\n<p>Han fremh\u00e6ver ogs\u00e5, udvalget for teknik og milj\u00f8 har valgt fortov p\u00e5 den str\u00e6kning af Sundbyvej, hvor der ingen beboelser er p\u00e5 vejen. Det skyldes, fort\u00e6ller han, at man har lagt v\u00e6gt p\u00e5 de h\u00f8ringssvar, der er kommet ind.<\/p>\n<p>&#8220;Ud af h\u00f8ringssvarene viste godt og vel halvdelen, at de ikke \u00f8nskede et fortov i nordsiden af vejen. Og vi fik en mail i g\u00e5r med nye indsigelser mod fortov p\u00e5 nordsiden af vejen,&#8221; siger han.<\/p>\n<p>Forslaget blev vedtaget med et flertal best\u00e5ende af de fire medlemmer af Venstre foruden Dansk Folkeparti og Socialdemokratiet. SF (Viggo Vangsgaard) stemte imod og stillede i stedet et \u00e6ndringsforslag om fortov p\u00e5 hele Sundbyvej.<\/p>\n<p>L\u00e6s mere om det <a href=\"https:\/\/kunmedierne.dk\/mors\/viggo-vangsgaard-vi-har-lovet-fortov-i-to-valgkampe\/\" target=\"_blank\" rel=\"noopener noreferrer\">her<\/a>. <a href=\"http:\/\/www.limfjordsteatret.dk\/#front\"><img loading=\"lazy\" decoding=\"async\" class=\"alignright size-full wp-image-35527\" src=\"https:\/\/kunmedierne.dk\/mors\/wp-content\/uploads\/2020\/11\/ho3.jpg\" alt=\"\" width=\"1400\" height=\"125\" srcset=\"https:\/\/kunmedierne.dk\/mors\/wp-content\/uploads\/2020\/11\/ho3.jpg 1400w, https:\/\/kunmedierne.dk\/mors\/wp-content\/uploads\/2020\/11\/ho3-300x27.jpg 300w, https:\/\/kunmedierne.dk\/mors\/wp-content\/uploads\/2020\/11\/ho3-1024x91.jpg 1024w, https:\/\/kunmedierne.dk\/mors\/wp-content\/uploads\/2020\/11\/ho3-768x69.jpg 768w, https:\/\/kunmedierne.dk\/mors\/wp-content\/uploads\/2020\/11\/ho3-600x54.jpg 600w\" sizes=\"auto, (max-width: 1400px) 100vw, 1400px\" \/><\/a><\/p>\n<p>&nbsp;<\/p>\n<blockquote>\n<h2>FAKTA<\/h2>\n<h5>Udvalget for teknik og milj\u00f8 i Mors\u00f8 Kommune best\u00e5r af:<\/h5>\n<h5>Formand Meiner N\u00f8rgaard (DF), n\u00e6stformand Ansgar Nygaard (V), Anja Birch Als\u00f8er (V), Peter Lilleb\u00e6k (V), Henrik Jensen (V), Jakob Kortb\u00e6k (S) og Viggo Vangsgaard (SF).<\/h5>\n<\/blockquote>\n","protected":false},"excerpt":{"rendered":"<p>SUNDBY: Der kommer b\u00e5de fortov og 2 minus 1-vej i Sundby. Men ikke hele vejen p\u00e5 den omstridte str\u00e6kning p\u00e5 Sundbyvej. Det er udsigten efter onsdagens fem og en halv time lange m\u00f8de i udvalget for teknik og milj\u00f8. Heraf gik cirka en time med at dr\u00f8fte punktet om trakfikprojektet i Sundby. Det var ogs\u00e5 [&hellip;]<\/p>\n","protected":false},"author":8,"featured_media":40165,"comment_status":"open","ping_status":"open","sticky":false,"template":"","format":"standard","meta":{"_acf_changed":false,"footnotes":""},"categories":[51],"tags":[167],"class_list":["post-40506","post","type-post","status-publish","format-standard","has-post-thumbnail","hentry","category-lokalt","tag-politik"],"acf":[],"yoast_head":"<!-- This site is optimized with the Yoast SEO plugin v26.8 - https:\/\/yoast.com\/product\/yoast-seo-wordpress\/ -->\n<title>Flertallet valgte fortov halvvejs op igennem Sundby - Mors<\/title>\n<meta name=\"robots\" content=\"index, follow, max-snippet:-1, max-image-preview:large, max-video-preview:-1\" \/>\n<link rel=\"canonical\" href=\"https:\/\/kunmedierne.dk\/mors\/flertallet-valgte-fortov-halvvejs-op-igennem-sundby\/\" \/>\n<meta property=\"og:locale\" content=\"da_DK\" \/>\n<meta property=\"og:type\" content=\"article\" \/>\n<meta property=\"og:title\" content=\"Flertallet valgte fortov halvvejs op igennem Sundby - Mors\" \/>\n<meta property=\"og:description\" content=\"SUNDBY: Der kommer b\u00e5de fortov og 2 minus 1-vej i Sundby. Men ikke hele vejen p\u00e5 den omstridte str\u00e6kning p\u00e5 Sundbyvej. Det er udsigten efter onsdagens fem og en halv time lange m\u00f8de i udvalget for teknik og milj\u00f8. Heraf gik cirka en time med at dr\u00f8fte punktet om trakfikprojektet i Sundby. Det var ogs\u00e5 [&hellip;]\" \/>\n<meta property=\"og:url\" content=\"https:\/\/kunmedierne.dk\/mors\/flertallet-valgte-fortov-halvvejs-op-igennem-sundby\/\" \/>\n<meta property=\"og:site_name\" content=\"Mors\" \/>\n<meta property=\"article:published_time\" content=\"2021-02-24T14:54:25+00:00\" \/>\n<meta property=\"article:modified_time\" content=\"2024-08-12T11:37:49+00:00\" \/>\n<meta property=\"og:image\" content=\"https:\/\/kunmedierne.dk\/mors\/wp-content\/uploads\/2021\/02\/210217-sundby.jpg\" \/>\n\t<meta property=\"og:image:width\" content=\"770\" \/>\n\t<meta property=\"og:image:height\" content=\"513\" \/>\n\t<meta property=\"og:image:type\" content=\"image\/jpeg\" \/>\n<meta name=\"author\" content=\"David H\u00f8jmark\" \/>\n<meta name=\"twitter:card\" content=\"summary_large_image\" \/>\n<meta name=\"twitter:label1\" content=\"Skrevet af\" \/>\n\t<meta name=\"twitter:data1\" content=\"David H\u00f8jmark\" \/>\n\t<meta name=\"twitter:label2\" content=\"Estimeret l\u00e6setid\" \/>\n\t<meta name=\"twitter:data2\" content=\"3 minutter\" \/>\n<script type=\"application\/ld+json\" class=\"yoast-schema-graph\">{\"@context\":\"https:\/\/schema.org\",\"@graph\":[{\"@type\":\"Article\",\"@id\":\"https:\/\/kunmedierne.dk\/mors\/flertallet-valgte-fortov-halvvejs-op-igennem-sundby\/#article\",\"isPartOf\":{\"@id\":\"https:\/\/kunmedierne.dk\/mors\/flertallet-valgte-fortov-halvvejs-op-igennem-sundby\/\"},\"author\":{\"name\":\"David H\u00f8jmark\",\"@id\":\"https:\/\/kunmedierne.dk\/mors\/#\/schema\/person\/5fe23251bf1d0abbcdc6f7896579d548\"},\"headline\":\"Flertallet valgte fortov halvvejs op igennem Sundby\",\"datePublished\":\"2021-02-24T14:54:25+00:00\",\"dateModified\":\"2024-08-12T11:37:49+00:00\",\"mainEntityOfPage\":{\"@id\":\"https:\/\/kunmedierne.dk\/mors\/flertallet-valgte-fortov-halvvejs-op-igennem-sundby\/\"},\"wordCount\":613,\"commentCount\":0,\"publisher\":{\"@id\":\"https:\/\/kunmedierne.dk\/mors\/#organization\"},\"image\":{\"@id\":\"https:\/\/kunmedierne.dk\/mors\/flertallet-valgte-fortov-halvvejs-op-igennem-sundby\/#primaryimage\"},\"thumbnailUrl\":\"https:\/\/kunmedierne.dk\/mors\/wp-content\/uploads\/2021\/02\/210217-sundby.jpg\",\"keywords\":[\"Politik\"],\"articleSection\":[\"Lokalt\"],\"inLanguage\":\"da-DK\",\"potentialAction\":[{\"@type\":\"CommentAction\",\"name\":\"Comment\",\"target\":[\"https:\/\/kunmedierne.dk\/mors\/flertallet-valgte-fortov-halvvejs-op-igennem-sundby\/#respond\"]}]},{\"@type\":\"WebPage\",\"@id\":\"https:\/\/kunmedierne.dk\/mors\/flertallet-valgte-fortov-halvvejs-op-igennem-sundby\/\",\"url\":\"https:\/\/kunmedierne.dk\/mors\/flertallet-valgte-fortov-halvvejs-op-igennem-sundby\/\",\"name\":\"Flertallet valgte fortov halvvejs op igennem Sundby - Mors\",\"isPartOf\":{\"@id\":\"https:\/\/kunmedierne.dk\/mors\/#website\"},\"primaryImageOfPage\":{\"@id\":\"https:\/\/kunmedierne.dk\/mors\/flertallet-valgte-fortov-halvvejs-op-igennem-sundby\/#primaryimage\"},\"image\":{\"@id\":\"https:\/\/kunmedierne.dk\/mors\/flertallet-valgte-fortov-halvvejs-op-igennem-sundby\/#primaryimage\"},\"thumbnailUrl\":\"https:\/\/kunmedierne.dk\/mors\/wp-content\/uploads\/2021\/02\/210217-sundby.jpg\",\"datePublished\":\"2021-02-24T14:54:25+00:00\",\"dateModified\":\"2024-08-12T11:37:49+00:00\",\"breadcrumb\":{\"@id\":\"https:\/\/kunmedierne.dk\/mors\/flertallet-valgte-fortov-halvvejs-op-igennem-sundby\/#breadcrumb\"},\"inLanguage\":\"da-DK\",\"potentialAction\":[{\"@type\":\"ReadAction\",\"target\":[\"https:\/\/kunmedierne.dk\/mors\/flertallet-valgte-fortov-halvvejs-op-igennem-sundby\/\"]}]},{\"@type\":\"ImageObject\",\"inLanguage\":\"da-DK\",\"@id\":\"https:\/\/kunmedierne.dk\/mors\/flertallet-valgte-fortov-halvvejs-op-igennem-sundby\/#primaryimage\",\"url\":\"https:\/\/kunmedierne.dk\/mors\/wp-content\/uploads\/2021\/02\/210217-sundby.jpg\",\"contentUrl\":\"https:\/\/kunmedierne.dk\/mors\/wp-content\/uploads\/2021\/02\/210217-sundby.jpg\",\"width\":770,\"height\":513,\"caption\":\"Denne vej i Sundby er til debat. Foto: David H\u00f8jmark\"},{\"@type\":\"BreadcrumbList\",\"@id\":\"https:\/\/kunmedierne.dk\/mors\/flertallet-valgte-fortov-halvvejs-op-igennem-sundby\/#breadcrumb\",\"itemListElement\":[{\"@type\":\"ListItem\",\"position\":1,\"name\":\"Hjem\",\"item\":\"https:\/\/kunmedierne.dk\/mors\/\"},{\"@type\":\"ListItem\",\"position\":2,\"name\":\"Flertallet valgte fortov halvvejs op igennem Sundby\"}]},{\"@type\":\"WebSite\",\"@id\":\"https:\/\/kunmedierne.dk\/mors\/#website\",\"url\":\"https:\/\/kunmedierne.dk\/mors\/\",\"name\":\"Mors\",\"description\":\"et netmedie med journalistik om livet p\u00e5 Mors\",\"publisher\":{\"@id\":\"https:\/\/kunmedierne.dk\/mors\/#organization\"},\"potentialAction\":[{\"@type\":\"SearchAction\",\"target\":{\"@type\":\"EntryPoint\",\"urlTemplate\":\"https:\/\/kunmedierne.dk\/mors\/?s={search_term_string}\"},\"query-input\":{\"@type\":\"PropertyValueSpecification\",\"valueRequired\":true,\"valueName\":\"search_term_string\"}}],\"inLanguage\":\"da-DK\"},{\"@type\":\"Organization\",\"@id\":\"https:\/\/kunmedierne.dk\/mors\/#organization\",\"name\":\"Mors\",\"url\":\"https:\/\/kunmedierne.dk\/mors\/\",\"logo\":{\"@type\":\"ImageObject\",\"inLanguage\":\"da-DK\",\"@id\":\"https:\/\/kunmedierne.dk\/mors\/#\/schema\/logo\/image\/\",\"url\":\"https:\/\/kunmedierne.dk\/mors\/wp-content\/uploads\/2024\/08\/kunmors-logo.svg\",\"contentUrl\":\"https:\/\/kunmedierne.dk\/mors\/wp-content\/uploads\/2024\/08\/kunmors-logo.svg\",\"caption\":\"Mors\"},\"image\":{\"@id\":\"https:\/\/kunmedierne.dk\/mors\/#\/schema\/logo\/image\/\"}},{\"@type\":\"Person\",\"@id\":\"https:\/\/kunmedierne.dk\/mors\/#\/schema\/person\/5fe23251bf1d0abbcdc6f7896579d548\",\"name\":\"David H\u00f8jmark\",\"image\":{\"@type\":\"ImageObject\",\"inLanguage\":\"da-DK\",\"@id\":\"https:\/\/kunmedierne.dk\/mors\/#\/schema\/person\/image\/\",\"url\":\"https:\/\/secure.gravatar.com\/avatar\/4315d6fb9ef244d729989f5f90268eb08d5bf8a3d84402f595fa194bb35784fd?s=96&d=mm&r=g\",\"contentUrl\":\"https:\/\/secure.gravatar.com\/avatar\/4315d6fb9ef244d729989f5f90268eb08d5bf8a3d84402f595fa194bb35784fd?s=96&d=mm&r=g\",\"caption\":\"David H\u00f8jmark\"},\"sameAs\":[\"https:\/\/www.kunmedierne.dk\"],\"url\":\"https:\/\/kunmedierne.dk\/mors\/author\/david\/\"}]}<\/script>\n<!-- \/ Yoast SEO plugin. -->","yoast_head_json":{"title":"Flertallet valgte fortov halvvejs op igennem Sundby - Mors","robots":{"index":"index","follow":"follow","max-snippet":"max-snippet:-1","max-image-preview":"max-image-preview:large","max-video-preview":"max-video-preview:-1"},"canonical":"https:\/\/kunmedierne.dk\/mors\/flertallet-valgte-fortov-halvvejs-op-igennem-sundby\/","og_locale":"da_DK","og_type":"article","og_title":"Flertallet valgte fortov halvvejs op igennem Sundby - Mors","og_description":"SUNDBY: Der kommer b\u00e5de fortov og 2 minus 1-vej i Sundby. Men ikke hele vejen p\u00e5 den omstridte str\u00e6kning p\u00e5 Sundbyvej. Det er udsigten efter onsdagens fem og en halv time lange m\u00f8de i udvalget for teknik og milj\u00f8. Heraf gik cirka en time med at dr\u00f8fte punktet om trakfikprojektet i Sundby. Det var ogs\u00e5 [&hellip;]","og_url":"https:\/\/kunmedierne.dk\/mors\/flertallet-valgte-fortov-halvvejs-op-igennem-sundby\/","og_site_name":"Mors","article_published_time":"2021-02-24T14:54:25+00:00","article_modified_time":"2024-08-12T11:37:49+00:00","og_image":[{"width":770,"height":513,"url":"https:\/\/kunmedierne.dk\/mors\/wp-content\/uploads\/2021\/02\/210217-sundby.jpg","type":"image\/jpeg"}],"author":"David H\u00f8jmark","twitter_card":"summary_large_image","twitter_misc":{"Skrevet af":"David H\u00f8jmark","Estimeret l\u00e6setid":"3 minutter"},"schema":{"@context":"https:\/\/schema.org","@graph":[{"@type":"Article","@id":"https:\/\/kunmedierne.dk\/mors\/flertallet-valgte-fortov-halvvejs-op-igennem-sundby\/#article","isPartOf":{"@id":"https:\/\/kunmedierne.dk\/mors\/flertallet-valgte-fortov-halvvejs-op-igennem-sundby\/"},"author":{"name":"David H\u00f8jmark","@id":"https:\/\/kunmedierne.dk\/mors\/#\/schema\/person\/5fe23251bf1d0abbcdc6f7896579d548"},"headline":"Flertallet valgte fortov halvvejs op igennem Sundby","datePublished":"2021-02-24T14:54:25+00:00","dateModified":"2024-08-12T11:37:49+00:00","mainEntityOfPage":{"@id":"https:\/\/kunmedierne.dk\/mors\/flertallet-valgte-fortov-halvvejs-op-igennem-sundby\/"},"wordCount":613,"commentCount":0,"publisher":{"@id":"https:\/\/kunmedierne.dk\/mors\/#organization"},"image":{"@id":"https:\/\/kunmedierne.dk\/mors\/flertallet-valgte-fortov-halvvejs-op-igennem-sundby\/#primaryimage"},"thumbnailUrl":"https:\/\/kunmedierne.dk\/mors\/wp-content\/uploads\/2021\/02\/210217-sundby.jpg","keywords":["Politik"],"articleSection":["Lokalt"],"inLanguage":"da-DK","potentialAction":[{"@type":"CommentAction","name":"Comment","target":["https:\/\/kunmedierne.dk\/mors\/flertallet-valgte-fortov-halvvejs-op-igennem-sundby\/#respond"]}]},{"@type":"WebPage","@id":"https:\/\/kunmedierne.dk\/mors\/flertallet-valgte-fortov-halvvejs-op-igennem-sundby\/","url":"https:\/\/kunmedierne.dk\/mors\/flertallet-valgte-fortov-halvvejs-op-igennem-sundby\/","name":"Flertallet valgte fortov halvvejs op igennem Sundby - Mors","isPartOf":{"@id":"https:\/\/kunmedierne.dk\/mors\/#website"},"primaryImageOfPage":{"@id":"https:\/\/kunmedierne.dk\/mors\/flertallet-valgte-fortov-halvvejs-op-igennem-sundby\/#primaryimage"},"image":{"@id":"https:\/\/kunmedierne.dk\/mors\/flertallet-valgte-fortov-halvvejs-op-igennem-sundby\/#primaryimage"},"thumbnailUrl":"https:\/\/kunmedierne.dk\/mors\/wp-content\/uploads\/2021\/02\/210217-sundby.jpg","datePublished":"2021-02-24T14:54:25+00:00","dateModified":"2024-08-12T11:37:49+00:00","breadcrumb":{"@id":"https:\/\/kunmedierne.dk\/mors\/flertallet-valgte-fortov-halvvejs-op-igennem-sundby\/#breadcrumb"},"inLanguage":"da-DK","potentialAction":[{"@type":"ReadAction","target":["https:\/\/kunmedierne.dk\/mors\/flertallet-valgte-fortov-halvvejs-op-igennem-sundby\/"]}]},{"@type":"ImageObject","inLanguage":"da-DK","@id":"https:\/\/kunmedierne.dk\/mors\/flertallet-valgte-fortov-halvvejs-op-igennem-sundby\/#primaryimage","url":"https:\/\/kunmedierne.dk\/mors\/wp-content\/uploads\/2021\/02\/210217-sundby.jpg","contentUrl":"https:\/\/kunmedierne.dk\/mors\/wp-content\/uploads\/2021\/02\/210217-sundby.jpg","width":770,"height":513,"caption":"Denne vej i Sundby er til debat. Foto: David H\u00f8jmark"},{"@type":"BreadcrumbList","@id":"https:\/\/kunmedierne.dk\/mors\/flertallet-valgte-fortov-halvvejs-op-igennem-sundby\/#breadcrumb","itemListElement":[{"@type":"ListItem","position":1,"name":"Hjem","item":"https:\/\/kunmedierne.dk\/mors\/"},{"@type":"ListItem","position":2,"name":"Flertallet valgte fortov halvvejs op igennem Sundby"}]},{"@type":"WebSite","@id":"https:\/\/kunmedierne.dk\/mors\/#website","url":"https:\/\/kunmedierne.dk\/mors\/","name":"Mors","description":"et netmedie med journalistik om livet p\u00e5 Mors","publisher":{"@id":"https:\/\/kunmedierne.dk\/mors\/#organization"},"potentialAction":[{"@type":"SearchAction","target":{"@type":"EntryPoint","urlTemplate":"https:\/\/kunmedierne.dk\/mors\/?s={search_term_string}"},"query-input":{"@type":"PropertyValueSpecification","valueRequired":true,"valueName":"search_term_string"}}],"inLanguage":"da-DK"},{"@type":"Organization","@id":"https:\/\/kunmedierne.dk\/mors\/#organization","name":"Mors","url":"https:\/\/kunmedierne.dk\/mors\/","logo":{"@type":"ImageObject","inLanguage":"da-DK","@id":"https:\/\/kunmedierne.dk\/mors\/#\/schema\/logo\/image\/","url":"https:\/\/kunmedierne.dk\/mors\/wp-content\/uploads\/2024\/08\/kunmors-logo.svg","contentUrl":"https:\/\/kunmedierne.dk\/mors\/wp-content\/uploads\/2024\/08\/kunmors-logo.svg","caption":"Mors"},"image":{"@id":"https:\/\/kunmedierne.dk\/mors\/#\/schema\/logo\/image\/"}},{"@type":"Person","@id":"https:\/\/kunmedierne.dk\/mors\/#\/schema\/person\/5fe23251bf1d0abbcdc6f7896579d548","name":"David H\u00f8jmark","image":{"@type":"ImageObject","inLanguage":"da-DK","@id":"https:\/\/kunmedierne.dk\/mors\/#\/schema\/person\/image\/","url":"https:\/\/secure.gravatar.com\/avatar\/4315d6fb9ef244d729989f5f90268eb08d5bf8a3d84402f595fa194bb35784fd?s=96&d=mm&r=g","contentUrl":"https:\/\/secure.gravatar.com\/avatar\/4315d6fb9ef244d729989f5f90268eb08d5bf8a3d84402f595fa194bb35784fd?s=96&d=mm&r=g","caption":"David H\u00f8jmark"},"sameAs":["https:\/\/www.kunmedierne.dk"],"url":"https:\/\/kunmedierne.dk\/mors\/author\/david\/"}]}},"_links":{"self":[{"href":"https:\/\/kunmedierne.dk\/mors\/wp-json\/wp\/v2\/posts\/40506","targetHints":{"allow":["GET"]}}],"collection":[{"href":"https:\/\/kunmedierne.dk\/mors\/wp-json\/wp\/v2\/posts"}],"about":[{"href":"https:\/\/kunmedierne.dk\/mors\/wp-json\/wp\/v2\/types\/post"}],"author":[{"embeddable":true,"href":"https:\/\/kunmedierne.dk\/mors\/wp-json\/wp\/v2\/users\/8"}],"replies":[{"embeddable":true,"href":"https:\/\/kunmedierne.dk\/mors\/wp-json\/wp\/v2\/comments?post=40506"}],"version-history":[{"count":2,"href":"https:\/\/kunmedierne.dk\/mors\/wp-json\/wp\/v2\/posts\/40506\/revisions"}],"predecessor-version":[{"id":40512,"href":"https:\/\/kunmedierne.dk\/mors\/wp-json\/wp\/v2\/posts\/40506\/revisions\/40512"}],"wp:featuredmedia":[{"embeddable":true,"href":"https:\/\/kunmedierne.dk\/mors\/wp-json\/wp\/v2\/media\/40165"}],"wp:attachment":[{"href":"https:\/\/kunmedierne.dk\/mors\/wp-json\/wp\/v2\/media?parent=40506"}],"wp:term":[{"taxonomy":"category","embeddable":true,"href":"https:\/\/kunmedierne.dk\/mors\/wp-json\/wp\/v2\/categories?post=40506"},{"taxonomy":"post_tag","embeddable":true,"href":"https:\/\/kunmedierne.dk\/mors\/wp-json\/wp\/v2\/tags?post=40506"}],"curies":[{"name":"wp","href":"https:\/\/api.w.org\/{rel}","templated":true}]}}