{"id":40388,"date":"2021-02-22T13:29:03","date_gmt":"2021-02-22T12:29:03","guid":{"rendered":"https:\/\/kunmedierne.dk\/mors\/?p=40388"},"modified":"2024-08-12T13:37:49","modified_gmt":"2024-08-12T11:37:49","slug":"det-er-mega-aergerligt-og-mega-frustrerende","status":"publish","type":"post","link":"https:\/\/kunmedierne.dk\/mors\/det-er-mega-aergerligt-og-mega-frustrerende\/","title":{"rendered":"&#8211; Det er mega \u00e6rgerligt og mega frustrerende!"},"content":{"rendered":"<p><strong>NYK\u00d8BING<\/strong>: De aflyste i 2020, og nu g\u00f8r de det igen i 2021.<\/p>\n<p>For andet \u00e5r i tr\u00e6k har Foreningen Skaldyrsfestival m\u00e5ttet tage den tunge beslutning og skride til aflysning af den popul\u00e6re begivenhed, som p\u00e5 dagene 4.-5. juni skulle have tilbudt et v\u00e6ld af aktiviteter med fisk og skaldyr som kulinarisk tr\u00e6kplaster.<\/p>\n<p>Mandag middag oplyste skaldyrsfestivalen p\u00e5 sin hjemmeside, at \u00e5rets festival er aflyst. Og til KunMors giver formand Lars Tang udtryk for stor \u00e6rgrelse over situationen.<\/p>\n<p>&#8220;Det er mega \u00e6rgerligt, og det er mega frustrerende. Men det er, mener vi, n\u00f8dvendigt for at kunne se os selv i \u00f8jnene og st\u00e5 til ansvar over for vores g\u00e6ster, kunder og sponsorer,&#8221; siger han. <a href=\"http:\/\/www.limfjordsteatret.dk\/#front\"><img loading=\"lazy\" decoding=\"async\" class=\"alignright size-full wp-image-35527\" src=\"https:\/\/kunmedierne.dk\/mors\/wp-content\/uploads\/2020\/11\/ho3.jpg\" alt=\"\" width=\"1400\" height=\"125\" srcset=\"https:\/\/kunmedierne.dk\/mors\/wp-content\/uploads\/2020\/11\/ho3.jpg 1400w, https:\/\/kunmedierne.dk\/mors\/wp-content\/uploads\/2020\/11\/ho3-300x27.jpg 300w, https:\/\/kunmedierne.dk\/mors\/wp-content\/uploads\/2020\/11\/ho3-1024x91.jpg 1024w, https:\/\/kunmedierne.dk\/mors\/wp-content\/uploads\/2020\/11\/ho3-768x69.jpg 768w, https:\/\/kunmedierne.dk\/mors\/wp-content\/uploads\/2020\/11\/ho3-600x54.jpg 600w\" sizes=\"auto, (max-width: 1400px) 100vw, 1400px\" \/><\/a><\/p>\n<p>Ikke overraskende er det nemlig den usikre situation med coronavirus, der f\u00e5r festivalen til at aflyse.<\/p>\n<p>&#8220;Alting er s\u00e5 usikkert, og det er nu, vi for alvor skal p\u00e5 plads og g\u00f8re noget og vide noget. Og lige nu ser det ikke ud til, at tilstr\u00e6kkeligt mange er vaccineret, n\u00e5r vi n\u00e5r hen til 1. juni. S\u00e5 tror vi ikke p\u00e5, at vi m\u00e5 samle 500 i et telt &#8211; det er der ikke noget, der tyder p\u00e5 i hvert fald. Og s\u00e5 er vi n\u00f8dt til at tage action p\u00e5 det i god tid, s\u00e5 vores kunder og g\u00e6ster alle sammen er med p\u00e5 det,&#8221; siger han.<\/p>\n<p>&nbsp;<\/p>\n<p><strong>Vender tilbage i 2022<\/strong><\/p>\n<p>Med aflysningen i god tid slipper Skaldyrsfestival ogs\u00e5 for nogle udgifter, men Lars Tang afviser, at det er \u00e5rsagen til aflysningen.<\/p>\n<p>&#8220;Langt det meste har vi p\u00e5 plads. Vi har materiel og alle planer p\u00e5 plads, s\u00e5 vi er s\u00e5dan set klar til at holde en skaldyrsfestival. Men vi skal jo i gang med nogle kontrakter, hvis vi skal videre &#8211; det har du ret i. Og det vil selvf\u00f8lgelig g\u00f8re vores \u00f8konomi mere skr\u00f8belig. Men det er ikke s\u00e5 meget det. Det er sundhedshensynet, for som det er lige nu, ser det ikke ud til, at vi kan holde en forsvarlig festival, som vi gerne g\u00f8re det,&#8221; siger han.<\/p>\n<p>&#8220;Langt hen ad vejen kan man g\u00e5 p\u00e5 kompromis og \u00e6ndre og flytte p\u00e5 nogle ting, s\u00e5 der bliver mere plads. Men vi \u00f8nsker ikke at blive husket for at lave en halv festival, s\u00e5 det er begr\u00e6nset, hvor meget vi vil og kan g\u00e5 p\u00e5 kompromis uden at \u00f8del\u00e6gge den oplevelse, g\u00e6sterne vil f\u00e5,&#8221; siger Lars Tang og tilf\u00f8jer: <a href=\"https:\/\/www.fmspks.dk\/\"><img loading=\"lazy\" decoding=\"async\" class=\"alignright size-full wp-image-35528\" src=\"https:\/\/kunmedierne.dk\/mors\/wp-content\/uploads\/2020\/11\/ho4.jpg\" alt=\"\" width=\"1400\" height=\"125\" srcset=\"https:\/\/kunmedierne.dk\/mors\/wp-content\/uploads\/2020\/11\/ho4.jpg 1400w, https:\/\/kunmedierne.dk\/mors\/wp-content\/uploads\/2020\/11\/ho4-300x27.jpg 300w, https:\/\/kunmedierne.dk\/mors\/wp-content\/uploads\/2020\/11\/ho4-1024x91.jpg 1024w, https:\/\/kunmedierne.dk\/mors\/wp-content\/uploads\/2020\/11\/ho4-768x69.jpg 768w, https:\/\/kunmedierne.dk\/mors\/wp-content\/uploads\/2020\/11\/ho4-600x54.jpg 600w\" sizes=\"auto, (max-width: 1400px) 100vw, 1400px\" \/><\/a><\/p>\n<p>&#8220;Vi tror, det vil \u00f8del\u00e6gge meget mere p\u00e5 den lange bane, hvis vi kommer med en halv festival.&#8221;<\/p>\n<p><em>Hvad betyder det her for fremtiden? Kan I klare to aflysninger i tr\u00e6k og stadig garantere for en festival n\u00e6ste \u00e5r?<\/em><\/p>\n<p>&#8220;Ja, det kan vi. Vi forventer ikke, at festivalen kommer til at lide voldsomme \u00f8konomiske slag af det her. Selvf\u00f8lgelig har vi nogle faste udgifter, som vil v\u00e6re der, uanset om vi holder en festival eller ej &#8211; og vi er ogs\u00e5 begyndt at have nogle udgifter til markedsf\u00f8ring, som i nogen grad var sat i gang. Men der er ingen tvivl om, at vi kan g\u00e5 i gang med en skaldyrsfestival i 2022 uden problemer,&#8221; siger Lars Tang.<\/p>\n<p>Skaldyrsfestival oplyser p\u00e5 sin <a href=\"https:\/\/skaldyrsfestival.dk\/\" target=\"_blank\" rel=\"noopener noreferrer\">hjemmeside<\/a>, at alle billetter bliver refunderet via billetkontoret.<\/p>\n","protected":false},"excerpt":{"rendered":"<p>NYK\u00d8BING: De aflyste i 2020, og nu g\u00f8r de det igen i 2021. For andet \u00e5r i tr\u00e6k har Foreningen Skaldyrsfestival m\u00e5ttet tage den tunge beslutning og skride til aflysning af den popul\u00e6re begivenhed, som p\u00e5 dagene 4.-5. juni skulle have tilbudt et v\u00e6ld af aktiviteter med fisk og skaldyr som kulinarisk tr\u00e6kplaster. Mandag middag [&hellip;]<\/p>\n","protected":false},"author":8,"featured_media":40389,"comment_status":"open","ping_status":"open","sticky":false,"template":"","format":"standard","meta":{"_acf_changed":false,"footnotes":""},"categories":[49],"tags":[169],"class_list":["post-40388","post","type-post","status-publish","format-standard","has-post-thumbnail","hentry","category-kultur","tag-skaldyr"],"acf":[],"yoast_head":"<!-- This site is optimized with the Yoast SEO plugin v26.8 - https:\/\/yoast.com\/product\/yoast-seo-wordpress\/ -->\n<title>- Det er mega \u00e6rgerligt og mega frustrerende! - Mors<\/title>\n<meta name=\"robots\" content=\"index, follow, max-snippet:-1, max-image-preview:large, max-video-preview:-1\" \/>\n<link rel=\"canonical\" href=\"https:\/\/kunmedierne.dk\/mors\/det-er-mega-aergerligt-og-mega-frustrerende\/\" \/>\n<meta property=\"og:locale\" content=\"da_DK\" \/>\n<meta property=\"og:type\" content=\"article\" \/>\n<meta property=\"og:title\" content=\"- Det er mega \u00e6rgerligt og mega frustrerende! - Mors\" \/>\n<meta property=\"og:description\" content=\"NYK\u00d8BING: De aflyste i 2020, og nu g\u00f8r de det igen i 2021. For andet \u00e5r i tr\u00e6k har Foreningen Skaldyrsfestival m\u00e5ttet tage den tunge beslutning og skride til aflysning af den popul\u00e6re begivenhed, som p\u00e5 dagene 4.-5. juni skulle have tilbudt et v\u00e6ld af aktiviteter med fisk og skaldyr som kulinarisk tr\u00e6kplaster. Mandag middag [&hellip;]\" \/>\n<meta property=\"og:url\" content=\"https:\/\/kunmedierne.dk\/mors\/det-er-mega-aergerligt-og-mega-frustrerende\/\" \/>\n<meta property=\"og:site_name\" content=\"Mors\" \/>\n<meta property=\"article:published_time\" content=\"2021-02-22T12:29:03+00:00\" \/>\n<meta property=\"article:modified_time\" content=\"2024-08-12T11:37:49+00:00\" \/>\n<meta property=\"og:image\" content=\"https:\/\/kunmedierne.dk\/mors\/wp-content\/uploads\/2021\/02\/skaldyrsfestival.jpg\" \/>\n\t<meta property=\"og:image:width\" content=\"770\" \/>\n\t<meta property=\"og:image:height\" content=\"513\" \/>\n\t<meta property=\"og:image:type\" content=\"image\/jpeg\" \/>\n<meta name=\"author\" content=\"David H\u00f8jmark\" \/>\n<meta name=\"twitter:card\" content=\"summary_large_image\" \/>\n<meta name=\"twitter:label1\" content=\"Skrevet af\" \/>\n\t<meta name=\"twitter:data1\" content=\"David H\u00f8jmark\" \/>\n\t<meta name=\"twitter:label2\" content=\"Estimeret l\u00e6setid\" \/>\n\t<meta name=\"twitter:data2\" content=\"3 minutter\" \/>\n<script type=\"application\/ld+json\" class=\"yoast-schema-graph\">{\"@context\":\"https:\/\/schema.org\",\"@graph\":[{\"@type\":\"Article\",\"@id\":\"https:\/\/kunmedierne.dk\/mors\/det-er-mega-aergerligt-og-mega-frustrerende\/#article\",\"isPartOf\":{\"@id\":\"https:\/\/kunmedierne.dk\/mors\/det-er-mega-aergerligt-og-mega-frustrerende\/\"},\"author\":{\"name\":\"David H\u00f8jmark\",\"@id\":\"https:\/\/kunmedierne.dk\/mors\/#\/schema\/person\/5fe23251bf1d0abbcdc6f7896579d548\"},\"headline\":\"&#8211; Det er mega \u00e6rgerligt og mega frustrerende!\",\"datePublished\":\"2021-02-22T12:29:03+00:00\",\"dateModified\":\"2024-08-12T11:37:49+00:00\",\"mainEntityOfPage\":{\"@id\":\"https:\/\/kunmedierne.dk\/mors\/det-er-mega-aergerligt-og-mega-frustrerende\/\"},\"wordCount\":559,\"commentCount\":0,\"publisher\":{\"@id\":\"https:\/\/kunmedierne.dk\/mors\/#organization\"},\"image\":{\"@id\":\"https:\/\/kunmedierne.dk\/mors\/det-er-mega-aergerligt-og-mega-frustrerende\/#primaryimage\"},\"thumbnailUrl\":\"https:\/\/kunmedierne.dk\/mors\/wp-content\/uploads\/2021\/02\/skaldyrsfestival.jpg\",\"keywords\":[\"Skaldyr\"],\"articleSection\":[\"Kultur\"],\"inLanguage\":\"da-DK\",\"potentialAction\":[{\"@type\":\"CommentAction\",\"name\":\"Comment\",\"target\":[\"https:\/\/kunmedierne.dk\/mors\/det-er-mega-aergerligt-og-mega-frustrerende\/#respond\"]}]},{\"@type\":\"WebPage\",\"@id\":\"https:\/\/kunmedierne.dk\/mors\/det-er-mega-aergerligt-og-mega-frustrerende\/\",\"url\":\"https:\/\/kunmedierne.dk\/mors\/det-er-mega-aergerligt-og-mega-frustrerende\/\",\"name\":\"- Det er mega \u00e6rgerligt og mega frustrerende! - Mors\",\"isPartOf\":{\"@id\":\"https:\/\/kunmedierne.dk\/mors\/#website\"},\"primaryImageOfPage\":{\"@id\":\"https:\/\/kunmedierne.dk\/mors\/det-er-mega-aergerligt-og-mega-frustrerende\/#primaryimage\"},\"image\":{\"@id\":\"https:\/\/kunmedierne.dk\/mors\/det-er-mega-aergerligt-og-mega-frustrerende\/#primaryimage\"},\"thumbnailUrl\":\"https:\/\/kunmedierne.dk\/mors\/wp-content\/uploads\/2021\/02\/skaldyrsfestival.jpg\",\"datePublished\":\"2021-02-22T12:29:03+00:00\",\"dateModified\":\"2024-08-12T11:37:49+00:00\",\"breadcrumb\":{\"@id\":\"https:\/\/kunmedierne.dk\/mors\/det-er-mega-aergerligt-og-mega-frustrerende\/#breadcrumb\"},\"inLanguage\":\"da-DK\",\"potentialAction\":[{\"@type\":\"ReadAction\",\"target\":[\"https:\/\/kunmedierne.dk\/mors\/det-er-mega-aergerligt-og-mega-frustrerende\/\"]}]},{\"@type\":\"ImageObject\",\"inLanguage\":\"da-DK\",\"@id\":\"https:\/\/kunmedierne.dk\/mors\/det-er-mega-aergerligt-og-mega-frustrerende\/#primaryimage\",\"url\":\"https:\/\/kunmedierne.dk\/mors\/wp-content\/uploads\/2021\/02\/skaldyrsfestival.jpg\",\"contentUrl\":\"https:\/\/kunmedierne.dk\/mors\/wp-content\/uploads\/2021\/02\/skaldyrsfestival.jpg\",\"width\":770,\"height\":513,\"caption\":\"For andet \u00e5r i tr\u00e6k m\u00e5 Foreningen Skaldyrsfestival aflyse fristelser som denne. Foto: Skaldyrsfestival\"},{\"@type\":\"BreadcrumbList\",\"@id\":\"https:\/\/kunmedierne.dk\/mors\/det-er-mega-aergerligt-og-mega-frustrerende\/#breadcrumb\",\"itemListElement\":[{\"@type\":\"ListItem\",\"position\":1,\"name\":\"Hjem\",\"item\":\"https:\/\/kunmedierne.dk\/mors\/\"},{\"@type\":\"ListItem\",\"position\":2,\"name\":\"&#8211; Det er mega \u00e6rgerligt og mega frustrerende!\"}]},{\"@type\":\"WebSite\",\"@id\":\"https:\/\/kunmedierne.dk\/mors\/#website\",\"url\":\"https:\/\/kunmedierne.dk\/mors\/\",\"name\":\"Mors\",\"description\":\"et netmedie med journalistik om livet p\u00e5 Mors\",\"publisher\":{\"@id\":\"https:\/\/kunmedierne.dk\/mors\/#organization\"},\"potentialAction\":[{\"@type\":\"SearchAction\",\"target\":{\"@type\":\"EntryPoint\",\"urlTemplate\":\"https:\/\/kunmedierne.dk\/mors\/?s={search_term_string}\"},\"query-input\":{\"@type\":\"PropertyValueSpecification\",\"valueRequired\":true,\"valueName\":\"search_term_string\"}}],\"inLanguage\":\"da-DK\"},{\"@type\":\"Organization\",\"@id\":\"https:\/\/kunmedierne.dk\/mors\/#organization\",\"name\":\"Mors\",\"url\":\"https:\/\/kunmedierne.dk\/mors\/\",\"logo\":{\"@type\":\"ImageObject\",\"inLanguage\":\"da-DK\",\"@id\":\"https:\/\/kunmedierne.dk\/mors\/#\/schema\/logo\/image\/\",\"url\":\"https:\/\/kunmedierne.dk\/mors\/wp-content\/uploads\/2024\/08\/kunmors-logo.svg\",\"contentUrl\":\"https:\/\/kunmedierne.dk\/mors\/wp-content\/uploads\/2024\/08\/kunmors-logo.svg\",\"caption\":\"Mors\"},\"image\":{\"@id\":\"https:\/\/kunmedierne.dk\/mors\/#\/schema\/logo\/image\/\"}},{\"@type\":\"Person\",\"@id\":\"https:\/\/kunmedierne.dk\/mors\/#\/schema\/person\/5fe23251bf1d0abbcdc6f7896579d548\",\"name\":\"David H\u00f8jmark\",\"image\":{\"@type\":\"ImageObject\",\"inLanguage\":\"da-DK\",\"@id\":\"https:\/\/kunmedierne.dk\/mors\/#\/schema\/person\/image\/\",\"url\":\"https:\/\/secure.gravatar.com\/avatar\/4315d6fb9ef244d729989f5f90268eb08d5bf8a3d84402f595fa194bb35784fd?s=96&d=mm&r=g\",\"contentUrl\":\"https:\/\/secure.gravatar.com\/avatar\/4315d6fb9ef244d729989f5f90268eb08d5bf8a3d84402f595fa194bb35784fd?s=96&d=mm&r=g\",\"caption\":\"David H\u00f8jmark\"},\"sameAs\":[\"https:\/\/www.kunmedierne.dk\"],\"url\":\"https:\/\/kunmedierne.dk\/mors\/author\/david\/\"}]}<\/script>\n<!-- \/ Yoast SEO plugin. -->","yoast_head_json":{"title":"- Det er mega \u00e6rgerligt og mega frustrerende! - Mors","robots":{"index":"index","follow":"follow","max-snippet":"max-snippet:-1","max-image-preview":"max-image-preview:large","max-video-preview":"max-video-preview:-1"},"canonical":"https:\/\/kunmedierne.dk\/mors\/det-er-mega-aergerligt-og-mega-frustrerende\/","og_locale":"da_DK","og_type":"article","og_title":"- Det er mega \u00e6rgerligt og mega frustrerende! - Mors","og_description":"NYK\u00d8BING: De aflyste i 2020, og nu g\u00f8r de det igen i 2021. For andet \u00e5r i tr\u00e6k har Foreningen Skaldyrsfestival m\u00e5ttet tage den tunge beslutning og skride til aflysning af den popul\u00e6re begivenhed, som p\u00e5 dagene 4.-5. juni skulle have tilbudt et v\u00e6ld af aktiviteter med fisk og skaldyr som kulinarisk tr\u00e6kplaster. Mandag middag [&hellip;]","og_url":"https:\/\/kunmedierne.dk\/mors\/det-er-mega-aergerligt-og-mega-frustrerende\/","og_site_name":"Mors","article_published_time":"2021-02-22T12:29:03+00:00","article_modified_time":"2024-08-12T11:37:49+00:00","og_image":[{"width":770,"height":513,"url":"https:\/\/kunmedierne.dk\/mors\/wp-content\/uploads\/2021\/02\/skaldyrsfestival.jpg","type":"image\/jpeg"}],"author":"David H\u00f8jmark","twitter_card":"summary_large_image","twitter_misc":{"Skrevet af":"David H\u00f8jmark","Estimeret l\u00e6setid":"3 minutter"},"schema":{"@context":"https:\/\/schema.org","@graph":[{"@type":"Article","@id":"https:\/\/kunmedierne.dk\/mors\/det-er-mega-aergerligt-og-mega-frustrerende\/#article","isPartOf":{"@id":"https:\/\/kunmedierne.dk\/mors\/det-er-mega-aergerligt-og-mega-frustrerende\/"},"author":{"name":"David H\u00f8jmark","@id":"https:\/\/kunmedierne.dk\/mors\/#\/schema\/person\/5fe23251bf1d0abbcdc6f7896579d548"},"headline":"&#8211; Det er mega \u00e6rgerligt og mega frustrerende!","datePublished":"2021-02-22T12:29:03+00:00","dateModified":"2024-08-12T11:37:49+00:00","mainEntityOfPage":{"@id":"https:\/\/kunmedierne.dk\/mors\/det-er-mega-aergerligt-og-mega-frustrerende\/"},"wordCount":559,"commentCount":0,"publisher":{"@id":"https:\/\/kunmedierne.dk\/mors\/#organization"},"image":{"@id":"https:\/\/kunmedierne.dk\/mors\/det-er-mega-aergerligt-og-mega-frustrerende\/#primaryimage"},"thumbnailUrl":"https:\/\/kunmedierne.dk\/mors\/wp-content\/uploads\/2021\/02\/skaldyrsfestival.jpg","keywords":["Skaldyr"],"articleSection":["Kultur"],"inLanguage":"da-DK","potentialAction":[{"@type":"CommentAction","name":"Comment","target":["https:\/\/kunmedierne.dk\/mors\/det-er-mega-aergerligt-og-mega-frustrerende\/#respond"]}]},{"@type":"WebPage","@id":"https:\/\/kunmedierne.dk\/mors\/det-er-mega-aergerligt-og-mega-frustrerende\/","url":"https:\/\/kunmedierne.dk\/mors\/det-er-mega-aergerligt-og-mega-frustrerende\/","name":"- Det er mega \u00e6rgerligt og mega frustrerende! - Mors","isPartOf":{"@id":"https:\/\/kunmedierne.dk\/mors\/#website"},"primaryImageOfPage":{"@id":"https:\/\/kunmedierne.dk\/mors\/det-er-mega-aergerligt-og-mega-frustrerende\/#primaryimage"},"image":{"@id":"https:\/\/kunmedierne.dk\/mors\/det-er-mega-aergerligt-og-mega-frustrerende\/#primaryimage"},"thumbnailUrl":"https:\/\/kunmedierne.dk\/mors\/wp-content\/uploads\/2021\/02\/skaldyrsfestival.jpg","datePublished":"2021-02-22T12:29:03+00:00","dateModified":"2024-08-12T11:37:49+00:00","breadcrumb":{"@id":"https:\/\/kunmedierne.dk\/mors\/det-er-mega-aergerligt-og-mega-frustrerende\/#breadcrumb"},"inLanguage":"da-DK","potentialAction":[{"@type":"ReadAction","target":["https:\/\/kunmedierne.dk\/mors\/det-er-mega-aergerligt-og-mega-frustrerende\/"]}]},{"@type":"ImageObject","inLanguage":"da-DK","@id":"https:\/\/kunmedierne.dk\/mors\/det-er-mega-aergerligt-og-mega-frustrerende\/#primaryimage","url":"https:\/\/kunmedierne.dk\/mors\/wp-content\/uploads\/2021\/02\/skaldyrsfestival.jpg","contentUrl":"https:\/\/kunmedierne.dk\/mors\/wp-content\/uploads\/2021\/02\/skaldyrsfestival.jpg","width":770,"height":513,"caption":"For andet \u00e5r i tr\u00e6k m\u00e5 Foreningen Skaldyrsfestival aflyse fristelser som denne. Foto: Skaldyrsfestival"},{"@type":"BreadcrumbList","@id":"https:\/\/kunmedierne.dk\/mors\/det-er-mega-aergerligt-og-mega-frustrerende\/#breadcrumb","itemListElement":[{"@type":"ListItem","position":1,"name":"Hjem","item":"https:\/\/kunmedierne.dk\/mors\/"},{"@type":"ListItem","position":2,"name":"&#8211; Det er mega \u00e6rgerligt og mega frustrerende!"}]},{"@type":"WebSite","@id":"https:\/\/kunmedierne.dk\/mors\/#website","url":"https:\/\/kunmedierne.dk\/mors\/","name":"Mors","description":"et netmedie med journalistik om livet p\u00e5 Mors","publisher":{"@id":"https:\/\/kunmedierne.dk\/mors\/#organization"},"potentialAction":[{"@type":"SearchAction","target":{"@type":"EntryPoint","urlTemplate":"https:\/\/kunmedierne.dk\/mors\/?s={search_term_string}"},"query-input":{"@type":"PropertyValueSpecification","valueRequired":true,"valueName":"search_term_string"}}],"inLanguage":"da-DK"},{"@type":"Organization","@id":"https:\/\/kunmedierne.dk\/mors\/#organization","name":"Mors","url":"https:\/\/kunmedierne.dk\/mors\/","logo":{"@type":"ImageObject","inLanguage":"da-DK","@id":"https:\/\/kunmedierne.dk\/mors\/#\/schema\/logo\/image\/","url":"https:\/\/kunmedierne.dk\/mors\/wp-content\/uploads\/2024\/08\/kunmors-logo.svg","contentUrl":"https:\/\/kunmedierne.dk\/mors\/wp-content\/uploads\/2024\/08\/kunmors-logo.svg","caption":"Mors"},"image":{"@id":"https:\/\/kunmedierne.dk\/mors\/#\/schema\/logo\/image\/"}},{"@type":"Person","@id":"https:\/\/kunmedierne.dk\/mors\/#\/schema\/person\/5fe23251bf1d0abbcdc6f7896579d548","name":"David H\u00f8jmark","image":{"@type":"ImageObject","inLanguage":"da-DK","@id":"https:\/\/kunmedierne.dk\/mors\/#\/schema\/person\/image\/","url":"https:\/\/secure.gravatar.com\/avatar\/4315d6fb9ef244d729989f5f90268eb08d5bf8a3d84402f595fa194bb35784fd?s=96&d=mm&r=g","contentUrl":"https:\/\/secure.gravatar.com\/avatar\/4315d6fb9ef244d729989f5f90268eb08d5bf8a3d84402f595fa194bb35784fd?s=96&d=mm&r=g","caption":"David H\u00f8jmark"},"sameAs":["https:\/\/www.kunmedierne.dk"],"url":"https:\/\/kunmedierne.dk\/mors\/author\/david\/"}]}},"_links":{"self":[{"href":"https:\/\/kunmedierne.dk\/mors\/wp-json\/wp\/v2\/posts\/40388","targetHints":{"allow":["GET"]}}],"collection":[{"href":"https:\/\/kunmedierne.dk\/mors\/wp-json\/wp\/v2\/posts"}],"about":[{"href":"https:\/\/kunmedierne.dk\/mors\/wp-json\/wp\/v2\/types\/post"}],"author":[{"embeddable":true,"href":"https:\/\/kunmedierne.dk\/mors\/wp-json\/wp\/v2\/users\/8"}],"replies":[{"embeddable":true,"href":"https:\/\/kunmedierne.dk\/mors\/wp-json\/wp\/v2\/comments?post=40388"}],"version-history":[{"count":4,"href":"https:\/\/kunmedierne.dk\/mors\/wp-json\/wp\/v2\/posts\/40388\/revisions"}],"predecessor-version":[{"id":40393,"href":"https:\/\/kunmedierne.dk\/mors\/wp-json\/wp\/v2\/posts\/40388\/revisions\/40393"}],"wp:featuredmedia":[{"embeddable":true,"href":"https:\/\/kunmedierne.dk\/mors\/wp-json\/wp\/v2\/media\/40389"}],"wp:attachment":[{"href":"https:\/\/kunmedierne.dk\/mors\/wp-json\/wp\/v2\/media?parent=40388"}],"wp:term":[{"taxonomy":"category","embeddable":true,"href":"https:\/\/kunmedierne.dk\/mors\/wp-json\/wp\/v2\/categories?post=40388"},{"taxonomy":"post_tag","embeddable":true,"href":"https:\/\/kunmedierne.dk\/mors\/wp-json\/wp\/v2\/tags?post=40388"}],"curies":[{"name":"wp","href":"https:\/\/api.w.org\/{rel}","templated":true}]}}