{"id":40377,"date":"2021-02-23T05:48:02","date_gmt":"2021-02-23T04:48:02","guid":{"rendered":"https:\/\/kunmedierne.dk\/mors\/?p=40377"},"modified":"2024-08-12T13:37:49","modified_gmt":"2024-08-12T11:37:49","slug":"direktoer-for-teknik-og-miljoe-under-beskydning-fra-sundby","status":"publish","type":"post","link":"https:\/\/kunmedierne.dk\/mors\/direktoer-for-teknik-og-miljoe-under-beskydning-fra-sundby\/","title":{"rendered":"Direkt\u00f8r for Teknik og Milj\u00f8 under beskydning fra Sundby"},"content":{"rendered":"<p><strong>SUNDBY<\/strong>: Hvordan kan Mors\u00f8 Kommune g\u00e5 fra det, den selv beskriver som et forpligtende samarbejde med borgere fra Sundby til at g\u00e5 imod borgernes \u00f8nske om et fortov i byen? Og hvordan kan forvaltningen anbefale en anden l\u00f8sning, end borgerne \u00f8nsker, og som allerede er vedtaget politisk?<\/p>\n<p>Det er to af sp\u00f8rgsm\u00e5lene, som for tiden giver anledning til beskydning fra Sundby i retning mod Arne Kirk, Mors\u00f8 Kommunes direkt\u00f8r for Teknik og Milj\u00f8.<\/p>\n<p>Bo Fink, medlem af byrumsgruppen i Sundby, er nemlig alt andet end imponeret over forl\u00f8bet i sagen om det ber\u00f8mte fortov p\u00e5 Sundbyvej.<\/p>\n<p>&#8220;Det er helt us\u00e6dvanligt, at en forvaltning \u00e6ndrer en afg\u00f8relse fra et politisk udvalg, uden at der egentlig foreligger noget rigtig nyt,&#8221; siger han med henvisning til onsdagens dagsorden for udvalget for teknik og mij\u00f8.<\/p>\n<p>Her skal politikerne forholde sig til en anbefaling fra forvaltningen om en 2 minus 1-vej i Sundby &#8211; og alts\u00e5 ikke det fortov, politikerne ellers besluttede i oktober.<\/p>\n<p>Det v\u00e6kker ikke klapsalver hos Bo Fink, som i det hele taget ikke er imponeret over afdelingen for Teknik og Milj\u00f8, siden det i 2017 ellers lignede et godt og frugtbart samarbejde mellem byrumsgruppen og kommunen. <a href=\"https:\/\/morsoe-begravelsesforretning.dk\/\"><img loading=\"lazy\" decoding=\"async\" class=\"alignright size-full wp-image-35519\" src=\"https:\/\/kunmedierne.dk\/mors\/wp-content\/uploads\/2020\/11\/ho5.jpg\" alt=\"\" width=\"1425\" height=\"127\" srcset=\"https:\/\/kunmedierne.dk\/mors\/wp-content\/uploads\/2020\/11\/ho5.jpg 1425w, https:\/\/kunmedierne.dk\/mors\/wp-content\/uploads\/2020\/11\/ho5-300x27.jpg 300w, https:\/\/kunmedierne.dk\/mors\/wp-content\/uploads\/2020\/11\/ho5-1024x91.jpg 1024w, https:\/\/kunmedierne.dk\/mors\/wp-content\/uploads\/2020\/11\/ho5-768x68.jpg 768w, https:\/\/kunmedierne.dk\/mors\/wp-content\/uploads\/2020\/11\/ho5-600x53.jpg 600w\" sizes=\"auto, (max-width: 1425px) 100vw, 1425px\" \/><\/a><\/p>\n<p>Dengang offentliggjorde Mors\u00f8 Kommune &#8216;<a href=\"https:\/\/www.mors.dk\/media\/3112\/sundby-program-april-2017.pdf\" target=\"_blank\" rel=\"noopener noreferrer\">Sundby Omr\u00e5defornyelse<\/a>&#8216; &#8211; et program over omr\u00e5defornyelsen i den cirka tre kilometer lange by med omkring 500 indbyggere. Og nu, n\u00e6sten fire \u00e5r senere, h\u00e6fter Bo Fink sig ved en formulering i programmets side 4 om, at Mors\u00f8 Kommune beskriver &#8216;et forpligtende samarbejde med en im\u00f8dekommende tilgang og en forankring i lokalsamfundet samt de \u00f8verste beslutningsniveauer i kommunen.&#8217;<\/p>\n<p>&#8220;Og det er fuldst\u00e6ndig rigtigt, det var der ogs\u00e5,&#8221; siger Bo Fink om begyndelsen p\u00e5 forl\u00f8bet.<\/p>\n<p>&nbsp;<\/p>\n<p><strong>Var hamrende sure<\/strong><\/p>\n<p>Han understreger s\u00e6rligt to af ordene i teksten:<\/p>\n<p>&#8220;Det er de ord, jeg h\u00e6fter mig ved: &#8216;forpligtende&#8217; og &#8216;im\u00f8dekommende&#8217;. Det skal v\u00e6re noget, der er forankret i lokalsamfundet &#8211; og det er alts\u00e5 byrumsgruppen &#8211; og de \u00f8verste ledelsesniveauer i kommunen,&#8221; siger han.<\/p>\n<p>Og s\u00e5dan var det ogs\u00e5 p\u00e5 mange m\u00e5der, lyder forts\u00e6ttelsen: Stemningen var positiv, og projekter i Sundby blev realiseret.<\/p>\n<p>&#8220;Vi boldt budgetterne, og alting var bare fuldst\u00e6ndig perfekt og i sk\u00f8nneste orden &#8211; lige bortset fra en ting: I to \u00e5r kunne vi ikke f\u00e5 fat i folk i trafik. De n\u00e6gtede at m\u00f8des med os. De svarede os, men sagde, at de ikke ville m\u00f8des med os,&#8221; siger Bo Fink.<\/p>\n<p>&#8220;Det var vi meget pikerede over. Vi har faktisk v\u00e6ret hamrende sure. Men vi kunne jo ikke tr\u00e6kke folk til m\u00f8de, hvis de ikke vile,&#8221; siger han. <a href=\"https:\/\/www.braendselsforeningen.dk\/\"><img loading=\"lazy\" decoding=\"async\" class=\"alignright size-full wp-image-36029\" src=\"https:\/\/kunmedierne.dk\/mors\/wp-content\/uploads\/2020\/11\/Br\u00e6ndselsforeningen.jpg\" alt=\"\" width=\"1425\" height=\"127\" srcset=\"https:\/\/kunmedierne.dk\/mors\/wp-content\/uploads\/2020\/11\/Br\u00e6ndselsforeningen.jpg 1425w, https:\/\/kunmedierne.dk\/mors\/wp-content\/uploads\/2020\/11\/Br\u00e6ndselsforeningen-300x27.jpg 300w, https:\/\/kunmedierne.dk\/mors\/wp-content\/uploads\/2020\/11\/Br\u00e6ndselsforeningen-1024x91.jpg 1024w, https:\/\/kunmedierne.dk\/mors\/wp-content\/uploads\/2020\/11\/Br\u00e6ndselsforeningen-768x68.jpg 768w, https:\/\/kunmedierne.dk\/mors\/wp-content\/uploads\/2020\/11\/Br\u00e6ndselsforeningen-600x53.jpg 600w\" sizes=\"auto, (max-width: 1425px) 100vw, 1425px\" \/><\/a><\/p>\n<p>If\u00f8lge Bo Fink begrundede Mors\u00f8 Kommune afslagene om m\u00f8der med, at der ikke var tid, og at afdelingen var underbemandet. Det hjalp dog p\u00e5 tingene i 2019 &#8211; og i sommeren 2020 blev et m\u00f8de til noget.<\/p>\n<p>Men ikke med det udfald, byrumsgruppen i Sundby havde \u00f8nsket sig.<\/p>\n<p>&#8220;Vi havde forskellige holdninger til det, for kommunen sagde, at deres foretrukne l\u00f8sning var 2 minus 1-vej. Det afviste vi og sagde, at vi ville have fortovet,&#8221; siger han og tilf\u00f8jer, at tonen for s\u00e5 vidt var god.<\/p>\n<p>&#8220;Der har ikke v\u00e6ret konflikt, der har bare ikke v\u00e6ret lydh\u00f8rhed,&#8221; siger han.<\/p>\n<p>&nbsp;<\/p>\n<p><strong>Har taget 2017-tekst alvorlig<\/strong><\/p>\n<p>Nu er han s\u00e5 sp\u00e6ndt p\u00e5, hvad udvalget for teknik og milj\u00f8 finder ud af p\u00e5 sit m\u00f8de p\u00e5 onsdag. Som omtalt <a href=\"https:\/\/kunmedierne.dk\/mors\/foer-udvalgsmoede-om-fortov-i-sundby-jeg-holder-fast-i-vores-beslutning-fra-oktober\/\" target=\"_blank\" rel=\"noopener noreferrer\">her<\/a> er i hvert fald et af de syv medlemmer indstillet p\u00e5 at st\u00e5 fast p\u00e5 beslutningen fra oktober &#8211; og alts\u00e5 ikke f\u00f8lge indstillingen fra direkt\u00f8ren for Teknik og Milj\u00f8.<\/p>\n<p>Bo Fink har ikke umiddelbart noget bud p\u00e5, hvad politikerne beslutter, men uanset afg\u00f8relsen er han utilfreds med forl\u00f8bet frem til den.<\/p>\n<p>&#8220;Vi har jo taget det alvorligt og regnet med, at vi havde et forpligtende og im\u00f8dekommende samarbejde. Og n\u00e5r det s\u00e5 st\u00e5r i en plan, som kommunen selv har skrevet, s\u00e5 har vores udgangspunkt v\u00e6ret fortovet,&#8221; siger han.<\/p>\n<p>Bo Fink sl\u00e5r fast, at han udtaler sig p\u00e5 egne vegne, men understreger, at byrumsgruppen efter hans mening har vist im\u00f8dekommenhed over for kommunen. <a href=\"https:\/\/www.sparnord.dk\/filialer\/nykoebing-mors\/\"><img loading=\"lazy\" decoding=\"async\" class=\"alignright size-full wp-image-35699\" src=\"https:\/\/kunmedierne.dk\/mors\/wp-content\/uploads\/2020\/11\/ho6.jpg\" alt=\"\" width=\"1400\" height=\"123\" srcset=\"https:\/\/kunmedierne.dk\/mors\/wp-content\/uploads\/2020\/11\/ho6.jpg 1400w, https:\/\/kunmedierne.dk\/mors\/wp-content\/uploads\/2020\/11\/ho6-300x26.jpg 300w, https:\/\/kunmedierne.dk\/mors\/wp-content\/uploads\/2020\/11\/ho6-1024x90.jpg 1024w, https:\/\/kunmedierne.dk\/mors\/wp-content\/uploads\/2020\/11\/ho6-768x67.jpg 768w, https:\/\/kunmedierne.dk\/mors\/wp-content\/uploads\/2020\/11\/ho6-600x53.jpg 600w\" sizes=\"auto, (max-width: 1400px) 100vw, 1400px\" \/><\/a><\/p>\n<p>&#8220;Vi har sagt, at hvis der ikke er penge nok, s\u00e5 lad os f\u00e5 s\u00e5 mange meter fortov, der er r\u00e5d til. Vi har ikke sat os op p\u00e5 den h\u00f8je hest og sagt, at vi vil have fra havnen til viadukten. Vi har sagt, at vi godt ved, at Mors\u00f8 Kommune mangler penge, s\u00e5 kan vi ikke bare i f\u00f8rste hug f\u00e5 det, der er penge til? Men s\u00e5dan, at vi er inden for planen,&#8221; siger han og erkl\u00e6rer sig uforst\u00e5ende over for Arne Kirks anbefaling, n\u00e5r formuleringen i 2017 gik p\u00e5 forpligtende samarbejde og im\u00f8dekommende tilgang.<\/p>\n<p>&#8220;Jeg forst\u00e5r ikke, at han g\u00f8r det. Hvordan kan han glemme, hvad han selv har v\u00e6ret med til at formulere i 2017? Det havde jo v\u00e6ret en anden sag, hvis det var os, der havde skrevet planen. Det er dem, der har konkluderet p\u00e5 baggrund af m\u00f8derne &#8211; b\u00e5de storm\u00f8der og projektgruppem\u00f8der,&#8221; siger Bo Fink.<\/p>\n<p>KunMors fors\u00f8gte mandag uden held at f\u00e5 en kommentar fra Arne Kirk.<\/p>\n","protected":false},"excerpt":{"rendered":"<p>SUNDBY: Hvordan kan Mors\u00f8 Kommune g\u00e5 fra det, den selv beskriver som et forpligtende samarbejde med borgere fra Sundby til at g\u00e5 imod borgernes \u00f8nske om et fortov i byen? Og hvordan kan forvaltningen anbefale en anden l\u00f8sning, end borgerne \u00f8nsker, og som allerede er vedtaget politisk? Det er to af sp\u00f8rgsm\u00e5lene, som for tiden [&hellip;]<\/p>\n","protected":false},"author":8,"featured_media":40165,"comment_status":"open","ping_status":"open","sticky":false,"template":"","format":"standard","meta":{"_acf_changed":false,"footnotes":""},"categories":[51],"tags":[167],"class_list":["post-40377","post","type-post","status-publish","format-standard","has-post-thumbnail","hentry","category-lokalt","tag-politik"],"acf":[],"yoast_head":"<!-- This site is optimized with the Yoast SEO plugin v26.8 - https:\/\/yoast.com\/product\/yoast-seo-wordpress\/ -->\n<title>Direkt\u00f8r for Teknik og Milj\u00f8 under beskydning fra Sundby - Mors<\/title>\n<meta name=\"robots\" content=\"index, follow, max-snippet:-1, max-image-preview:large, max-video-preview:-1\" \/>\n<link rel=\"canonical\" href=\"https:\/\/kunmedierne.dk\/mors\/direktoer-for-teknik-og-miljoe-under-beskydning-fra-sundby\/\" \/>\n<meta property=\"og:locale\" content=\"da_DK\" \/>\n<meta property=\"og:type\" content=\"article\" \/>\n<meta property=\"og:title\" content=\"Direkt\u00f8r for Teknik og Milj\u00f8 under beskydning fra Sundby - Mors\" \/>\n<meta property=\"og:description\" content=\"SUNDBY: Hvordan kan Mors\u00f8 Kommune g\u00e5 fra det, den selv beskriver som et forpligtende samarbejde med borgere fra Sundby til at g\u00e5 imod borgernes \u00f8nske om et fortov i byen? Og hvordan kan forvaltningen anbefale en anden l\u00f8sning, end borgerne \u00f8nsker, og som allerede er vedtaget politisk? Det er to af sp\u00f8rgsm\u00e5lene, som for tiden [&hellip;]\" \/>\n<meta property=\"og:url\" content=\"https:\/\/kunmedierne.dk\/mors\/direktoer-for-teknik-og-miljoe-under-beskydning-fra-sundby\/\" \/>\n<meta property=\"og:site_name\" content=\"Mors\" \/>\n<meta property=\"article:published_time\" content=\"2021-02-23T04:48:02+00:00\" \/>\n<meta property=\"article:modified_time\" content=\"2024-08-12T11:37:49+00:00\" \/>\n<meta property=\"og:image\" content=\"https:\/\/kunmedierne.dk\/mors\/wp-content\/uploads\/2021\/02\/210217-sundby.jpg\" \/>\n\t<meta property=\"og:image:width\" content=\"770\" \/>\n\t<meta property=\"og:image:height\" content=\"513\" \/>\n\t<meta property=\"og:image:type\" content=\"image\/jpeg\" \/>\n<meta name=\"author\" content=\"David H\u00f8jmark\" \/>\n<meta name=\"twitter:card\" content=\"summary_large_image\" \/>\n<meta name=\"twitter:label1\" content=\"Skrevet af\" \/>\n\t<meta name=\"twitter:data1\" content=\"David H\u00f8jmark\" \/>\n\t<meta name=\"twitter:label2\" content=\"Estimeret l\u00e6setid\" \/>\n\t<meta name=\"twitter:data2\" content=\"4 minutter\" \/>\n<script type=\"application\/ld+json\" class=\"yoast-schema-graph\">{\"@context\":\"https:\/\/schema.org\",\"@graph\":[{\"@type\":\"Article\",\"@id\":\"https:\/\/kunmedierne.dk\/mors\/direktoer-for-teknik-og-miljoe-under-beskydning-fra-sundby\/#article\",\"isPartOf\":{\"@id\":\"https:\/\/kunmedierne.dk\/mors\/direktoer-for-teknik-og-miljoe-under-beskydning-fra-sundby\/\"},\"author\":{\"name\":\"David H\u00f8jmark\",\"@id\":\"https:\/\/kunmedierne.dk\/mors\/#\/schema\/person\/5fe23251bf1d0abbcdc6f7896579d548\"},\"headline\":\"Direkt\u00f8r for Teknik og Milj\u00f8 under beskydning fra Sundby\",\"datePublished\":\"2021-02-23T04:48:02+00:00\",\"dateModified\":\"2024-08-12T11:37:49+00:00\",\"mainEntityOfPage\":{\"@id\":\"https:\/\/kunmedierne.dk\/mors\/direktoer-for-teknik-og-miljoe-under-beskydning-fra-sundby\/\"},\"wordCount\":893,\"commentCount\":0,\"publisher\":{\"@id\":\"https:\/\/kunmedierne.dk\/mors\/#organization\"},\"image\":{\"@id\":\"https:\/\/kunmedierne.dk\/mors\/direktoer-for-teknik-og-miljoe-under-beskydning-fra-sundby\/#primaryimage\"},\"thumbnailUrl\":\"https:\/\/kunmedierne.dk\/mors\/wp-content\/uploads\/2021\/02\/210217-sundby.jpg\",\"keywords\":[\"Politik\"],\"articleSection\":[\"Lokalt\"],\"inLanguage\":\"da-DK\",\"potentialAction\":[{\"@type\":\"CommentAction\",\"name\":\"Comment\",\"target\":[\"https:\/\/kunmedierne.dk\/mors\/direktoer-for-teknik-og-miljoe-under-beskydning-fra-sundby\/#respond\"]}]},{\"@type\":\"WebPage\",\"@id\":\"https:\/\/kunmedierne.dk\/mors\/direktoer-for-teknik-og-miljoe-under-beskydning-fra-sundby\/\",\"url\":\"https:\/\/kunmedierne.dk\/mors\/direktoer-for-teknik-og-miljoe-under-beskydning-fra-sundby\/\",\"name\":\"Direkt\u00f8r for Teknik og Milj\u00f8 under beskydning fra Sundby - Mors\",\"isPartOf\":{\"@id\":\"https:\/\/kunmedierne.dk\/mors\/#website\"},\"primaryImageOfPage\":{\"@id\":\"https:\/\/kunmedierne.dk\/mors\/direktoer-for-teknik-og-miljoe-under-beskydning-fra-sundby\/#primaryimage\"},\"image\":{\"@id\":\"https:\/\/kunmedierne.dk\/mors\/direktoer-for-teknik-og-miljoe-under-beskydning-fra-sundby\/#primaryimage\"},\"thumbnailUrl\":\"https:\/\/kunmedierne.dk\/mors\/wp-content\/uploads\/2021\/02\/210217-sundby.jpg\",\"datePublished\":\"2021-02-23T04:48:02+00:00\",\"dateModified\":\"2024-08-12T11:37:49+00:00\",\"breadcrumb\":{\"@id\":\"https:\/\/kunmedierne.dk\/mors\/direktoer-for-teknik-og-miljoe-under-beskydning-fra-sundby\/#breadcrumb\"},\"inLanguage\":\"da-DK\",\"potentialAction\":[{\"@type\":\"ReadAction\",\"target\":[\"https:\/\/kunmedierne.dk\/mors\/direktoer-for-teknik-og-miljoe-under-beskydning-fra-sundby\/\"]}]},{\"@type\":\"ImageObject\",\"inLanguage\":\"da-DK\",\"@id\":\"https:\/\/kunmedierne.dk\/mors\/direktoer-for-teknik-og-miljoe-under-beskydning-fra-sundby\/#primaryimage\",\"url\":\"https:\/\/kunmedierne.dk\/mors\/wp-content\/uploads\/2021\/02\/210217-sundby.jpg\",\"contentUrl\":\"https:\/\/kunmedierne.dk\/mors\/wp-content\/uploads\/2021\/02\/210217-sundby.jpg\",\"width\":770,\"height\":513,\"caption\":\"Denne vej i Sundby er til debat. Foto: David H\u00f8jmark\"},{\"@type\":\"BreadcrumbList\",\"@id\":\"https:\/\/kunmedierne.dk\/mors\/direktoer-for-teknik-og-miljoe-under-beskydning-fra-sundby\/#breadcrumb\",\"itemListElement\":[{\"@type\":\"ListItem\",\"position\":1,\"name\":\"Hjem\",\"item\":\"https:\/\/kunmedierne.dk\/mors\/\"},{\"@type\":\"ListItem\",\"position\":2,\"name\":\"Direkt\u00f8r for Teknik og Milj\u00f8 under beskydning fra Sundby\"}]},{\"@type\":\"WebSite\",\"@id\":\"https:\/\/kunmedierne.dk\/mors\/#website\",\"url\":\"https:\/\/kunmedierne.dk\/mors\/\",\"name\":\"Mors\",\"description\":\"et netmedie med journalistik om livet p\u00e5 Mors\",\"publisher\":{\"@id\":\"https:\/\/kunmedierne.dk\/mors\/#organization\"},\"potentialAction\":[{\"@type\":\"SearchAction\",\"target\":{\"@type\":\"EntryPoint\",\"urlTemplate\":\"https:\/\/kunmedierne.dk\/mors\/?s={search_term_string}\"},\"query-input\":{\"@type\":\"PropertyValueSpecification\",\"valueRequired\":true,\"valueName\":\"search_term_string\"}}],\"inLanguage\":\"da-DK\"},{\"@type\":\"Organization\",\"@id\":\"https:\/\/kunmedierne.dk\/mors\/#organization\",\"name\":\"Mors\",\"url\":\"https:\/\/kunmedierne.dk\/mors\/\",\"logo\":{\"@type\":\"ImageObject\",\"inLanguage\":\"da-DK\",\"@id\":\"https:\/\/kunmedierne.dk\/mors\/#\/schema\/logo\/image\/\",\"url\":\"https:\/\/kunmedierne.dk\/mors\/wp-content\/uploads\/2024\/08\/kunmors-logo.svg\",\"contentUrl\":\"https:\/\/kunmedierne.dk\/mors\/wp-content\/uploads\/2024\/08\/kunmors-logo.svg\",\"caption\":\"Mors\"},\"image\":{\"@id\":\"https:\/\/kunmedierne.dk\/mors\/#\/schema\/logo\/image\/\"}},{\"@type\":\"Person\",\"@id\":\"https:\/\/kunmedierne.dk\/mors\/#\/schema\/person\/5fe23251bf1d0abbcdc6f7896579d548\",\"name\":\"David H\u00f8jmark\",\"image\":{\"@type\":\"ImageObject\",\"inLanguage\":\"da-DK\",\"@id\":\"https:\/\/kunmedierne.dk\/mors\/#\/schema\/person\/image\/\",\"url\":\"https:\/\/secure.gravatar.com\/avatar\/4315d6fb9ef244d729989f5f90268eb08d5bf8a3d84402f595fa194bb35784fd?s=96&d=mm&r=g\",\"contentUrl\":\"https:\/\/secure.gravatar.com\/avatar\/4315d6fb9ef244d729989f5f90268eb08d5bf8a3d84402f595fa194bb35784fd?s=96&d=mm&r=g\",\"caption\":\"David H\u00f8jmark\"},\"sameAs\":[\"https:\/\/www.kunmedierne.dk\"],\"url\":\"https:\/\/kunmedierne.dk\/mors\/author\/david\/\"}]}<\/script>\n<!-- \/ Yoast SEO plugin. -->","yoast_head_json":{"title":"Direkt\u00f8r for Teknik og Milj\u00f8 under beskydning fra Sundby - Mors","robots":{"index":"index","follow":"follow","max-snippet":"max-snippet:-1","max-image-preview":"max-image-preview:large","max-video-preview":"max-video-preview:-1"},"canonical":"https:\/\/kunmedierne.dk\/mors\/direktoer-for-teknik-og-miljoe-under-beskydning-fra-sundby\/","og_locale":"da_DK","og_type":"article","og_title":"Direkt\u00f8r for Teknik og Milj\u00f8 under beskydning fra Sundby - Mors","og_description":"SUNDBY: Hvordan kan Mors\u00f8 Kommune g\u00e5 fra det, den selv beskriver som et forpligtende samarbejde med borgere fra Sundby til at g\u00e5 imod borgernes \u00f8nske om et fortov i byen? Og hvordan kan forvaltningen anbefale en anden l\u00f8sning, end borgerne \u00f8nsker, og som allerede er vedtaget politisk? Det er to af sp\u00f8rgsm\u00e5lene, som for tiden [&hellip;]","og_url":"https:\/\/kunmedierne.dk\/mors\/direktoer-for-teknik-og-miljoe-under-beskydning-fra-sundby\/","og_site_name":"Mors","article_published_time":"2021-02-23T04:48:02+00:00","article_modified_time":"2024-08-12T11:37:49+00:00","og_image":[{"width":770,"height":513,"url":"https:\/\/kunmedierne.dk\/mors\/wp-content\/uploads\/2021\/02\/210217-sundby.jpg","type":"image\/jpeg"}],"author":"David H\u00f8jmark","twitter_card":"summary_large_image","twitter_misc":{"Skrevet af":"David H\u00f8jmark","Estimeret l\u00e6setid":"4 minutter"},"schema":{"@context":"https:\/\/schema.org","@graph":[{"@type":"Article","@id":"https:\/\/kunmedierne.dk\/mors\/direktoer-for-teknik-og-miljoe-under-beskydning-fra-sundby\/#article","isPartOf":{"@id":"https:\/\/kunmedierne.dk\/mors\/direktoer-for-teknik-og-miljoe-under-beskydning-fra-sundby\/"},"author":{"name":"David H\u00f8jmark","@id":"https:\/\/kunmedierne.dk\/mors\/#\/schema\/person\/5fe23251bf1d0abbcdc6f7896579d548"},"headline":"Direkt\u00f8r for Teknik og Milj\u00f8 under beskydning fra Sundby","datePublished":"2021-02-23T04:48:02+00:00","dateModified":"2024-08-12T11:37:49+00:00","mainEntityOfPage":{"@id":"https:\/\/kunmedierne.dk\/mors\/direktoer-for-teknik-og-miljoe-under-beskydning-fra-sundby\/"},"wordCount":893,"commentCount":0,"publisher":{"@id":"https:\/\/kunmedierne.dk\/mors\/#organization"},"image":{"@id":"https:\/\/kunmedierne.dk\/mors\/direktoer-for-teknik-og-miljoe-under-beskydning-fra-sundby\/#primaryimage"},"thumbnailUrl":"https:\/\/kunmedierne.dk\/mors\/wp-content\/uploads\/2021\/02\/210217-sundby.jpg","keywords":["Politik"],"articleSection":["Lokalt"],"inLanguage":"da-DK","potentialAction":[{"@type":"CommentAction","name":"Comment","target":["https:\/\/kunmedierne.dk\/mors\/direktoer-for-teknik-og-miljoe-under-beskydning-fra-sundby\/#respond"]}]},{"@type":"WebPage","@id":"https:\/\/kunmedierne.dk\/mors\/direktoer-for-teknik-og-miljoe-under-beskydning-fra-sundby\/","url":"https:\/\/kunmedierne.dk\/mors\/direktoer-for-teknik-og-miljoe-under-beskydning-fra-sundby\/","name":"Direkt\u00f8r for Teknik og Milj\u00f8 under beskydning fra Sundby - Mors","isPartOf":{"@id":"https:\/\/kunmedierne.dk\/mors\/#website"},"primaryImageOfPage":{"@id":"https:\/\/kunmedierne.dk\/mors\/direktoer-for-teknik-og-miljoe-under-beskydning-fra-sundby\/#primaryimage"},"image":{"@id":"https:\/\/kunmedierne.dk\/mors\/direktoer-for-teknik-og-miljoe-under-beskydning-fra-sundby\/#primaryimage"},"thumbnailUrl":"https:\/\/kunmedierne.dk\/mors\/wp-content\/uploads\/2021\/02\/210217-sundby.jpg","datePublished":"2021-02-23T04:48:02+00:00","dateModified":"2024-08-12T11:37:49+00:00","breadcrumb":{"@id":"https:\/\/kunmedierne.dk\/mors\/direktoer-for-teknik-og-miljoe-under-beskydning-fra-sundby\/#breadcrumb"},"inLanguage":"da-DK","potentialAction":[{"@type":"ReadAction","target":["https:\/\/kunmedierne.dk\/mors\/direktoer-for-teknik-og-miljoe-under-beskydning-fra-sundby\/"]}]},{"@type":"ImageObject","inLanguage":"da-DK","@id":"https:\/\/kunmedierne.dk\/mors\/direktoer-for-teknik-og-miljoe-under-beskydning-fra-sundby\/#primaryimage","url":"https:\/\/kunmedierne.dk\/mors\/wp-content\/uploads\/2021\/02\/210217-sundby.jpg","contentUrl":"https:\/\/kunmedierne.dk\/mors\/wp-content\/uploads\/2021\/02\/210217-sundby.jpg","width":770,"height":513,"caption":"Denne vej i Sundby er til debat. Foto: David H\u00f8jmark"},{"@type":"BreadcrumbList","@id":"https:\/\/kunmedierne.dk\/mors\/direktoer-for-teknik-og-miljoe-under-beskydning-fra-sundby\/#breadcrumb","itemListElement":[{"@type":"ListItem","position":1,"name":"Hjem","item":"https:\/\/kunmedierne.dk\/mors\/"},{"@type":"ListItem","position":2,"name":"Direkt\u00f8r for Teknik og Milj\u00f8 under beskydning fra Sundby"}]},{"@type":"WebSite","@id":"https:\/\/kunmedierne.dk\/mors\/#website","url":"https:\/\/kunmedierne.dk\/mors\/","name":"Mors","description":"et netmedie med journalistik om livet p\u00e5 Mors","publisher":{"@id":"https:\/\/kunmedierne.dk\/mors\/#organization"},"potentialAction":[{"@type":"SearchAction","target":{"@type":"EntryPoint","urlTemplate":"https:\/\/kunmedierne.dk\/mors\/?s={search_term_string}"},"query-input":{"@type":"PropertyValueSpecification","valueRequired":true,"valueName":"search_term_string"}}],"inLanguage":"da-DK"},{"@type":"Organization","@id":"https:\/\/kunmedierne.dk\/mors\/#organization","name":"Mors","url":"https:\/\/kunmedierne.dk\/mors\/","logo":{"@type":"ImageObject","inLanguage":"da-DK","@id":"https:\/\/kunmedierne.dk\/mors\/#\/schema\/logo\/image\/","url":"https:\/\/kunmedierne.dk\/mors\/wp-content\/uploads\/2024\/08\/kunmors-logo.svg","contentUrl":"https:\/\/kunmedierne.dk\/mors\/wp-content\/uploads\/2024\/08\/kunmors-logo.svg","caption":"Mors"},"image":{"@id":"https:\/\/kunmedierne.dk\/mors\/#\/schema\/logo\/image\/"}},{"@type":"Person","@id":"https:\/\/kunmedierne.dk\/mors\/#\/schema\/person\/5fe23251bf1d0abbcdc6f7896579d548","name":"David H\u00f8jmark","image":{"@type":"ImageObject","inLanguage":"da-DK","@id":"https:\/\/kunmedierne.dk\/mors\/#\/schema\/person\/image\/","url":"https:\/\/secure.gravatar.com\/avatar\/4315d6fb9ef244d729989f5f90268eb08d5bf8a3d84402f595fa194bb35784fd?s=96&d=mm&r=g","contentUrl":"https:\/\/secure.gravatar.com\/avatar\/4315d6fb9ef244d729989f5f90268eb08d5bf8a3d84402f595fa194bb35784fd?s=96&d=mm&r=g","caption":"David H\u00f8jmark"},"sameAs":["https:\/\/www.kunmedierne.dk"],"url":"https:\/\/kunmedierne.dk\/mors\/author\/david\/"}]}},"_links":{"self":[{"href":"https:\/\/kunmedierne.dk\/mors\/wp-json\/wp\/v2\/posts\/40377","targetHints":{"allow":["GET"]}}],"collection":[{"href":"https:\/\/kunmedierne.dk\/mors\/wp-json\/wp\/v2\/posts"}],"about":[{"href":"https:\/\/kunmedierne.dk\/mors\/wp-json\/wp\/v2\/types\/post"}],"author":[{"embeddable":true,"href":"https:\/\/kunmedierne.dk\/mors\/wp-json\/wp\/v2\/users\/8"}],"replies":[{"embeddable":true,"href":"https:\/\/kunmedierne.dk\/mors\/wp-json\/wp\/v2\/comments?post=40377"}],"version-history":[{"count":11,"href":"https:\/\/kunmedierne.dk\/mors\/wp-json\/wp\/v2\/posts\/40377\/revisions"}],"predecessor-version":[{"id":40425,"href":"https:\/\/kunmedierne.dk\/mors\/wp-json\/wp\/v2\/posts\/40377\/revisions\/40425"}],"wp:featuredmedia":[{"embeddable":true,"href":"https:\/\/kunmedierne.dk\/mors\/wp-json\/wp\/v2\/media\/40165"}],"wp:attachment":[{"href":"https:\/\/kunmedierne.dk\/mors\/wp-json\/wp\/v2\/media?parent=40377"}],"wp:term":[{"taxonomy":"category","embeddable":true,"href":"https:\/\/kunmedierne.dk\/mors\/wp-json\/wp\/v2\/categories?post=40377"},{"taxonomy":"post_tag","embeddable":true,"href":"https:\/\/kunmedierne.dk\/mors\/wp-json\/wp\/v2\/tags?post=40377"}],"curies":[{"name":"wp","href":"https:\/\/api.w.org\/{rel}","templated":true}]}}