{"id":40367,"date":"2021-02-22T11:35:37","date_gmt":"2021-02-22T10:35:37","guid":{"rendered":"https:\/\/kunmedierne.dk\/mors\/?p=40367"},"modified":"2024-08-12T13:37:49","modified_gmt":"2024-08-12T11:37:49","slug":"vuc-elever-skal-klaedes-bedre-paa-til-videregaaende-uddannelser","status":"publish","type":"post","link":"https:\/\/kunmedierne.dk\/mors\/vuc-elever-skal-klaedes-bedre-paa-til-videregaaende-uddannelser\/","title":{"rendered":"VUC-elever skal kl\u00e6des bedre p\u00e5 til videreg\u00e5ende uddannelser"},"content":{"rendered":"<p><strong>MORS\/THY<\/strong>: Eleverne skal g\u00f8res mere parate til en videreg\u00e5ende uddannelse. Og de lokale muligheder skal v\u00e6re mere synlige for dem.<\/p>\n<p>Det er en del af tanken bag et samarbejde mellem Thy-Mors HF &amp; VUC og UCN. En ny samarbejdsaftale skal bane vejen for, at elever fra VUC bliver bedre\u00a0kl\u00e6dt p\u00e5 til at tage en videreg\u00e5ende uddannelse p\u00e5 UCN i Thisted.<\/p>\n<p class=\"v1MsoNormal\">De to samarbejdspartnere er blandt de store uddannelsesakt\u00f8rer i Thy og p\u00e5 Mors. De ser derfor et stort potentiale i den nye aftale i forhold til at l\u00f8fte den lokale uddannelsesopgave.<\/p>\n<p class=\"v1MsoNormal\"><b>&#8220;<\/b>Thy-Mors HF &amp; VUC er en central leverand\u00f8r af studerende til vores videreg\u00e5ende uddannelser i Thisted, og det er vigtigt, at eleverne har et godt kendskab til vores uddannelser, og hvad de kan forvente, n\u00e5r de s\u00f8ger ind hos os,&#8221; siger Lene Augasta J\u00f8rgensen, rektor p\u00e5 Professionsh\u00f8jskolen UCN. <a href=\"https:\/\/vognmand-filtenborg.dk\/\"><img loading=\"lazy\" decoding=\"async\" class=\"alignright size-full wp-image-35525\" src=\"https:\/\/kunmedierne.dk\/mors\/wp-content\/uploads\/2020\/11\/ho1.jpg\" alt=\"\" width=\"1400\" height=\"125\" srcset=\"https:\/\/kunmedierne.dk\/mors\/wp-content\/uploads\/2020\/11\/ho1.jpg 1400w, https:\/\/kunmedierne.dk\/mors\/wp-content\/uploads\/2020\/11\/ho1-300x27.jpg 300w, https:\/\/kunmedierne.dk\/mors\/wp-content\/uploads\/2020\/11\/ho1-1024x91.jpg 1024w, https:\/\/kunmedierne.dk\/mors\/wp-content\/uploads\/2020\/11\/ho1-768x69.jpg 768w, https:\/\/kunmedierne.dk\/mors\/wp-content\/uploads\/2020\/11\/ho1-600x54.jpg 600w\" sizes=\"auto, (max-width: 1400px) 100vw, 1400px\" \/><\/a><\/p>\n<p class=\"v1MsoNormal\">&#8220;Det handler b\u00e5de om at kvalificere deres studieparathed og deres studiekompetencer. Vi har ogs\u00e5 en opgave i sammen at synligg\u00f8re de uddannelser i lokalomr\u00e5det, hvor der i fremtiden er s\u00e6rligt gode besk\u00e6ftigelsesmuligheder,&#8221; tilf\u00f8jer hun.<\/p>\n<p>Aftalen indeb\u00e6rer blandt andet, at UCN l\u00f8bende vil afklare, hvilke fagomr\u00e5der der forventes at mangle arbejdskraft inden for en periode p\u00e5 fem til 10 \u00e5r. Det vil de orientere\u00a0Thy-Mors HF &amp; VUC om, s\u00e5 de og Studievalg kan vejlede de unge i forholde til netop de omr\u00e5der.<\/p>\n<p>Aftalen st\u00f8tter endvidere ambitionen om, at flere fagl\u00e6rte f\u00e5r adgang til UCN&#8217;s professionsbacheloruddannelser.<\/p>\n<p class=\"v1MsoNormal\"><b>\u00a0<\/b><\/p>\n<p class=\"v1MsoNormal\"><b>1-\u00e5rige hf-forl\u00f8b under lup<\/b><\/p>\n<p class=\"v1MsoNormal\">Institutionerne \u00f8nsker samtidig at skabe en bedre brobygning, der underst\u00f8tter kursisternes overgang fra hf til UCN. Derudover vil der blive kigget s\u00e6rligt p\u00e5 de et\u00e5rige hf-forl\u00f8b, der er m\u00e5lrettet enkeltuddannelser p\u00e5 UCN, for eksempel til sygeplejerske og p\u00e6dagog.<\/p>\n<p class=\"v1MsoNormal\">&#8220;Vi vil sammen med HF&amp;VUC Nord tage initiativ til en l\u00f8bende dialog med UCN om, hvilke et\u00e5rige hf-forl\u00f8b, der er behov for, og tilpasse vores udbud herefter. Og UCN stiller viden og sparring til r\u00e5dighed om indholdet i uddannelsesforl\u00f8bene, s\u00e5 hf-kursisternes kompetencer bedst muligt modsvarer behovet p\u00e5 de enkelte professionsuddannelser,&#8221; siger Erik Dose Hvid, rektor p\u00e5 Thy-Mors HF &amp; VUC.<\/p>\n<p class=\"v1MsoNormal\">For eleverne p\u00e5 de et\u00e5rige hf-forl\u00f8b vil UCN ogs\u00e5 tilrettel\u00e6gge kortere forl\u00f8b og projekter, hvor man kan deltage i undervisning p\u00e5 professionsh\u00f8jskolen, blandt andet i allerede eksisterende \u00e5bent hus-arrangementer, studiepraktik med videre.<\/p>\n<p class=\"v1MsoNormal\">Samarbejdet organiseres ved, at der neds\u00e6ttes en styregruppe med en eller to ledelsesrepr\u00e6sentanter fra hver part, mens der etableres ad hoc arbejdsgrupper med relevante ledere, undervisere og vejledere. <a href=\"https:\/\/vester-begr.dk\"><img loading=\"lazy\" decoding=\"async\" class=\"alignright size-full wp-image-35526\" src=\"https:\/\/kunmedierne.dk\/mors\/wp-content\/uploads\/2020\/11\/ho2.jpg\" alt=\"\" width=\"1400\" height=\"125\" srcset=\"https:\/\/kunmedierne.dk\/mors\/wp-content\/uploads\/2020\/11\/ho2.jpg 1400w, https:\/\/kunmedierne.dk\/mors\/wp-content\/uploads\/2020\/11\/ho2-300x27.jpg 300w, https:\/\/kunmedierne.dk\/mors\/wp-content\/uploads\/2020\/11\/ho2-1024x91.jpg 1024w, https:\/\/kunmedierne.dk\/mors\/wp-content\/uploads\/2020\/11\/ho2-768x69.jpg 768w, https:\/\/kunmedierne.dk\/mors\/wp-content\/uploads\/2020\/11\/ho2-600x54.jpg 600w\" sizes=\"auto, (max-width: 1400px) 100vw, 1400px\" \/><\/a><b>\u00a0<\/b><\/p>\n<blockquote>\n<h2>FAKTA<\/h2>\n<h4 class=\"v1MsoNormal\">Thy-Mors HF &amp; VUC<b>\u00a0<\/b>har hoveds\u00e6de i Thisted, afdeling i Nyk\u00f8bing og undervisningssteder i Sydthy (Hurup) og Klitm\u00f8ller. Uddannelsesinstitutionen udbyder forskellige undervisningsforl\u00f8b, lige fra ordblindeundervisning til h\u00f8jeste gymnasiale niveau og har omkring 400 \u00e5rselever.<\/h4>\n<h4 class=\"v1MsoNormal\">Professionsh\u00f8jskolen UCN udbyder seks uddannelser i Thisted, blandt andet p\u00e6dagog, sygeplejerske, markedsf\u00f8rings\u00f8konom og produktionsteknolog. Uddannelserne har hjemme p\u00e5 Campus Lerpyttervej i Thisted, hvor der g\u00e5r cirka 350 studerende.<\/h4>\n<\/blockquote>\n<p class=\"v1MsoNormal\">\n","protected":false},"excerpt":{"rendered":"<p>MORS\/THY: Eleverne skal g\u00f8res mere parate til en videreg\u00e5ende uddannelse. Og de lokale muligheder skal v\u00e6re mere synlige for dem. Det er en del af tanken bag et samarbejde mellem Thy-Mors HF &amp; VUC og UCN. En ny samarbejdsaftale skal bane vejen for, at elever fra VUC bliver bedre\u00a0kl\u00e6dt p\u00e5 til at tage en videreg\u00e5ende [&hellip;]<\/p>\n","protected":false},"author":8,"featured_media":40368,"comment_status":"open","ping_status":"open","sticky":false,"template":"","format":"standard","meta":{"_acf_changed":false,"footnotes":""},"categories":[51],"tags":[170],"class_list":["post-40367","post","type-post","status-publish","format-standard","has-post-thumbnail","hentry","category-lokalt","tag-uddannelse"],"acf":[],"yoast_head":"<!-- This site is optimized with the Yoast SEO plugin v26.8 - https:\/\/yoast.com\/product\/yoast-seo-wordpress\/ -->\n<title>VUC-elever skal kl\u00e6des bedre p\u00e5 til videreg\u00e5ende uddannelser - Mors<\/title>\n<meta name=\"robots\" content=\"index, follow, max-snippet:-1, max-image-preview:large, max-video-preview:-1\" \/>\n<link rel=\"canonical\" href=\"https:\/\/kunmedierne.dk\/mors\/vuc-elever-skal-klaedes-bedre-paa-til-videregaaende-uddannelser\/\" \/>\n<meta property=\"og:locale\" content=\"da_DK\" \/>\n<meta property=\"og:type\" content=\"article\" \/>\n<meta property=\"og:title\" content=\"VUC-elever skal kl\u00e6des bedre p\u00e5 til videreg\u00e5ende uddannelser - Mors\" \/>\n<meta property=\"og:description\" content=\"MORS\/THY: Eleverne skal g\u00f8res mere parate til en videreg\u00e5ende uddannelse. Og de lokale muligheder skal v\u00e6re mere synlige for dem. Det er en del af tanken bag et samarbejde mellem Thy-Mors HF &amp; VUC og UCN. En ny samarbejdsaftale skal bane vejen for, at elever fra VUC bliver bedre\u00a0kl\u00e6dt p\u00e5 til at tage en videreg\u00e5ende [&hellip;]\" \/>\n<meta property=\"og:url\" content=\"https:\/\/kunmedierne.dk\/mors\/vuc-elever-skal-klaedes-bedre-paa-til-videregaaende-uddannelser\/\" \/>\n<meta property=\"og:site_name\" content=\"Mors\" \/>\n<meta property=\"article:published_time\" content=\"2021-02-22T10:35:37+00:00\" \/>\n<meta property=\"article:modified_time\" content=\"2024-08-12T11:37:49+00:00\" \/>\n<meta property=\"og:image\" content=\"https:\/\/kunmedierne.dk\/mors\/wp-content\/uploads\/2021\/02\/uddannelse.jpg\" \/>\n\t<meta property=\"og:image:width\" content=\"770\" \/>\n\t<meta property=\"og:image:height\" content=\"514\" \/>\n\t<meta property=\"og:image:type\" content=\"image\/jpeg\" \/>\n<meta name=\"author\" content=\"David H\u00f8jmark\" \/>\n<meta name=\"twitter:card\" content=\"summary_large_image\" \/>\n<meta name=\"twitter:label1\" content=\"Skrevet af\" \/>\n\t<meta name=\"twitter:data1\" content=\"David H\u00f8jmark\" \/>\n\t<meta name=\"twitter:label2\" content=\"Estimeret l\u00e6setid\" \/>\n\t<meta name=\"twitter:data2\" content=\"3 minutter\" \/>\n<script type=\"application\/ld+json\" class=\"yoast-schema-graph\">{\"@context\":\"https:\/\/schema.org\",\"@graph\":[{\"@type\":\"Article\",\"@id\":\"https:\/\/kunmedierne.dk\/mors\/vuc-elever-skal-klaedes-bedre-paa-til-videregaaende-uddannelser\/#article\",\"isPartOf\":{\"@id\":\"https:\/\/kunmedierne.dk\/mors\/vuc-elever-skal-klaedes-bedre-paa-til-videregaaende-uddannelser\/\"},\"author\":{\"name\":\"David H\u00f8jmark\",\"@id\":\"https:\/\/kunmedierne.dk\/mors\/#\/schema\/person\/5fe23251bf1d0abbcdc6f7896579d548\"},\"headline\":\"VUC-elever skal kl\u00e6des bedre p\u00e5 til videreg\u00e5ende uddannelser\",\"datePublished\":\"2021-02-22T10:35:37+00:00\",\"dateModified\":\"2024-08-12T11:37:49+00:00\",\"mainEntityOfPage\":{\"@id\":\"https:\/\/kunmedierne.dk\/mors\/vuc-elever-skal-klaedes-bedre-paa-til-videregaaende-uddannelser\/\"},\"wordCount\":527,\"commentCount\":0,\"publisher\":{\"@id\":\"https:\/\/kunmedierne.dk\/mors\/#organization\"},\"image\":{\"@id\":\"https:\/\/kunmedierne.dk\/mors\/vuc-elever-skal-klaedes-bedre-paa-til-videregaaende-uddannelser\/#primaryimage\"},\"thumbnailUrl\":\"https:\/\/kunmedierne.dk\/mors\/wp-content\/uploads\/2021\/02\/uddannelse.jpg\",\"keywords\":[\"Skoler og uddannelse\"],\"articleSection\":[\"Lokalt\"],\"inLanguage\":\"da-DK\",\"potentialAction\":[{\"@type\":\"CommentAction\",\"name\":\"Comment\",\"target\":[\"https:\/\/kunmedierne.dk\/mors\/vuc-elever-skal-klaedes-bedre-paa-til-videregaaende-uddannelser\/#respond\"]}]},{\"@type\":\"WebPage\",\"@id\":\"https:\/\/kunmedierne.dk\/mors\/vuc-elever-skal-klaedes-bedre-paa-til-videregaaende-uddannelser\/\",\"url\":\"https:\/\/kunmedierne.dk\/mors\/vuc-elever-skal-klaedes-bedre-paa-til-videregaaende-uddannelser\/\",\"name\":\"VUC-elever skal kl\u00e6des bedre p\u00e5 til videreg\u00e5ende uddannelser - Mors\",\"isPartOf\":{\"@id\":\"https:\/\/kunmedierne.dk\/mors\/#website\"},\"primaryImageOfPage\":{\"@id\":\"https:\/\/kunmedierne.dk\/mors\/vuc-elever-skal-klaedes-bedre-paa-til-videregaaende-uddannelser\/#primaryimage\"},\"image\":{\"@id\":\"https:\/\/kunmedierne.dk\/mors\/vuc-elever-skal-klaedes-bedre-paa-til-videregaaende-uddannelser\/#primaryimage\"},\"thumbnailUrl\":\"https:\/\/kunmedierne.dk\/mors\/wp-content\/uploads\/2021\/02\/uddannelse.jpg\",\"datePublished\":\"2021-02-22T10:35:37+00:00\",\"dateModified\":\"2024-08-12T11:37:49+00:00\",\"breadcrumb\":{\"@id\":\"https:\/\/kunmedierne.dk\/mors\/vuc-elever-skal-klaedes-bedre-paa-til-videregaaende-uddannelser\/#breadcrumb\"},\"inLanguage\":\"da-DK\",\"potentialAction\":[{\"@type\":\"ReadAction\",\"target\":[\"https:\/\/kunmedierne.dk\/mors\/vuc-elever-skal-klaedes-bedre-paa-til-videregaaende-uddannelser\/\"]}]},{\"@type\":\"ImageObject\",\"inLanguage\":\"da-DK\",\"@id\":\"https:\/\/kunmedierne.dk\/mors\/vuc-elever-skal-klaedes-bedre-paa-til-videregaaende-uddannelser\/#primaryimage\",\"url\":\"https:\/\/kunmedierne.dk\/mors\/wp-content\/uploads\/2021\/02\/uddannelse.jpg\",\"contentUrl\":\"https:\/\/kunmedierne.dk\/mors\/wp-content\/uploads\/2021\/02\/uddannelse.jpg\",\"width\":770,\"height\":514,\"caption\":\"Uddannelsesaftale skal g\u00f8re det nemmere for VUC-elever at tage videreg\u00e5ende uddannelse. Modelfoto: Scott Graham\/Unsplash\"},{\"@type\":\"BreadcrumbList\",\"@id\":\"https:\/\/kunmedierne.dk\/mors\/vuc-elever-skal-klaedes-bedre-paa-til-videregaaende-uddannelser\/#breadcrumb\",\"itemListElement\":[{\"@type\":\"ListItem\",\"position\":1,\"name\":\"Hjem\",\"item\":\"https:\/\/kunmedierne.dk\/mors\/\"},{\"@type\":\"ListItem\",\"position\":2,\"name\":\"VUC-elever skal kl\u00e6des bedre p\u00e5 til videreg\u00e5ende uddannelser\"}]},{\"@type\":\"WebSite\",\"@id\":\"https:\/\/kunmedierne.dk\/mors\/#website\",\"url\":\"https:\/\/kunmedierne.dk\/mors\/\",\"name\":\"Mors\",\"description\":\"et netmedie med journalistik om livet p\u00e5 Mors\",\"publisher\":{\"@id\":\"https:\/\/kunmedierne.dk\/mors\/#organization\"},\"potentialAction\":[{\"@type\":\"SearchAction\",\"target\":{\"@type\":\"EntryPoint\",\"urlTemplate\":\"https:\/\/kunmedierne.dk\/mors\/?s={search_term_string}\"},\"query-input\":{\"@type\":\"PropertyValueSpecification\",\"valueRequired\":true,\"valueName\":\"search_term_string\"}}],\"inLanguage\":\"da-DK\"},{\"@type\":\"Organization\",\"@id\":\"https:\/\/kunmedierne.dk\/mors\/#organization\",\"name\":\"Mors\",\"url\":\"https:\/\/kunmedierne.dk\/mors\/\",\"logo\":{\"@type\":\"ImageObject\",\"inLanguage\":\"da-DK\",\"@id\":\"https:\/\/kunmedierne.dk\/mors\/#\/schema\/logo\/image\/\",\"url\":\"https:\/\/kunmedierne.dk\/mors\/wp-content\/uploads\/2024\/08\/kunmors-logo.svg\",\"contentUrl\":\"https:\/\/kunmedierne.dk\/mors\/wp-content\/uploads\/2024\/08\/kunmors-logo.svg\",\"caption\":\"Mors\"},\"image\":{\"@id\":\"https:\/\/kunmedierne.dk\/mors\/#\/schema\/logo\/image\/\"}},{\"@type\":\"Person\",\"@id\":\"https:\/\/kunmedierne.dk\/mors\/#\/schema\/person\/5fe23251bf1d0abbcdc6f7896579d548\",\"name\":\"David H\u00f8jmark\",\"image\":{\"@type\":\"ImageObject\",\"inLanguage\":\"da-DK\",\"@id\":\"https:\/\/kunmedierne.dk\/mors\/#\/schema\/person\/image\/\",\"url\":\"https:\/\/secure.gravatar.com\/avatar\/4315d6fb9ef244d729989f5f90268eb08d5bf8a3d84402f595fa194bb35784fd?s=96&d=mm&r=g\",\"contentUrl\":\"https:\/\/secure.gravatar.com\/avatar\/4315d6fb9ef244d729989f5f90268eb08d5bf8a3d84402f595fa194bb35784fd?s=96&d=mm&r=g\",\"caption\":\"David H\u00f8jmark\"},\"sameAs\":[\"https:\/\/www.kunmedierne.dk\"],\"url\":\"https:\/\/kunmedierne.dk\/mors\/author\/david\/\"}]}<\/script>\n<!-- \/ Yoast SEO plugin. -->","yoast_head_json":{"title":"VUC-elever skal kl\u00e6des bedre p\u00e5 til videreg\u00e5ende uddannelser - Mors","robots":{"index":"index","follow":"follow","max-snippet":"max-snippet:-1","max-image-preview":"max-image-preview:large","max-video-preview":"max-video-preview:-1"},"canonical":"https:\/\/kunmedierne.dk\/mors\/vuc-elever-skal-klaedes-bedre-paa-til-videregaaende-uddannelser\/","og_locale":"da_DK","og_type":"article","og_title":"VUC-elever skal kl\u00e6des bedre p\u00e5 til videreg\u00e5ende uddannelser - Mors","og_description":"MORS\/THY: Eleverne skal g\u00f8res mere parate til en videreg\u00e5ende uddannelse. Og de lokale muligheder skal v\u00e6re mere synlige for dem. Det er en del af tanken bag et samarbejde mellem Thy-Mors HF &amp; VUC og UCN. En ny samarbejdsaftale skal bane vejen for, at elever fra VUC bliver bedre\u00a0kl\u00e6dt p\u00e5 til at tage en videreg\u00e5ende [&hellip;]","og_url":"https:\/\/kunmedierne.dk\/mors\/vuc-elever-skal-klaedes-bedre-paa-til-videregaaende-uddannelser\/","og_site_name":"Mors","article_published_time":"2021-02-22T10:35:37+00:00","article_modified_time":"2024-08-12T11:37:49+00:00","og_image":[{"width":770,"height":514,"url":"https:\/\/kunmedierne.dk\/mors\/wp-content\/uploads\/2021\/02\/uddannelse.jpg","type":"image\/jpeg"}],"author":"David H\u00f8jmark","twitter_card":"summary_large_image","twitter_misc":{"Skrevet af":"David H\u00f8jmark","Estimeret l\u00e6setid":"3 minutter"},"schema":{"@context":"https:\/\/schema.org","@graph":[{"@type":"Article","@id":"https:\/\/kunmedierne.dk\/mors\/vuc-elever-skal-klaedes-bedre-paa-til-videregaaende-uddannelser\/#article","isPartOf":{"@id":"https:\/\/kunmedierne.dk\/mors\/vuc-elever-skal-klaedes-bedre-paa-til-videregaaende-uddannelser\/"},"author":{"name":"David H\u00f8jmark","@id":"https:\/\/kunmedierne.dk\/mors\/#\/schema\/person\/5fe23251bf1d0abbcdc6f7896579d548"},"headline":"VUC-elever skal kl\u00e6des bedre p\u00e5 til videreg\u00e5ende uddannelser","datePublished":"2021-02-22T10:35:37+00:00","dateModified":"2024-08-12T11:37:49+00:00","mainEntityOfPage":{"@id":"https:\/\/kunmedierne.dk\/mors\/vuc-elever-skal-klaedes-bedre-paa-til-videregaaende-uddannelser\/"},"wordCount":527,"commentCount":0,"publisher":{"@id":"https:\/\/kunmedierne.dk\/mors\/#organization"},"image":{"@id":"https:\/\/kunmedierne.dk\/mors\/vuc-elever-skal-klaedes-bedre-paa-til-videregaaende-uddannelser\/#primaryimage"},"thumbnailUrl":"https:\/\/kunmedierne.dk\/mors\/wp-content\/uploads\/2021\/02\/uddannelse.jpg","keywords":["Skoler og uddannelse"],"articleSection":["Lokalt"],"inLanguage":"da-DK","potentialAction":[{"@type":"CommentAction","name":"Comment","target":["https:\/\/kunmedierne.dk\/mors\/vuc-elever-skal-klaedes-bedre-paa-til-videregaaende-uddannelser\/#respond"]}]},{"@type":"WebPage","@id":"https:\/\/kunmedierne.dk\/mors\/vuc-elever-skal-klaedes-bedre-paa-til-videregaaende-uddannelser\/","url":"https:\/\/kunmedierne.dk\/mors\/vuc-elever-skal-klaedes-bedre-paa-til-videregaaende-uddannelser\/","name":"VUC-elever skal kl\u00e6des bedre p\u00e5 til videreg\u00e5ende uddannelser - Mors","isPartOf":{"@id":"https:\/\/kunmedierne.dk\/mors\/#website"},"primaryImageOfPage":{"@id":"https:\/\/kunmedierne.dk\/mors\/vuc-elever-skal-klaedes-bedre-paa-til-videregaaende-uddannelser\/#primaryimage"},"image":{"@id":"https:\/\/kunmedierne.dk\/mors\/vuc-elever-skal-klaedes-bedre-paa-til-videregaaende-uddannelser\/#primaryimage"},"thumbnailUrl":"https:\/\/kunmedierne.dk\/mors\/wp-content\/uploads\/2021\/02\/uddannelse.jpg","datePublished":"2021-02-22T10:35:37+00:00","dateModified":"2024-08-12T11:37:49+00:00","breadcrumb":{"@id":"https:\/\/kunmedierne.dk\/mors\/vuc-elever-skal-klaedes-bedre-paa-til-videregaaende-uddannelser\/#breadcrumb"},"inLanguage":"da-DK","potentialAction":[{"@type":"ReadAction","target":["https:\/\/kunmedierne.dk\/mors\/vuc-elever-skal-klaedes-bedre-paa-til-videregaaende-uddannelser\/"]}]},{"@type":"ImageObject","inLanguage":"da-DK","@id":"https:\/\/kunmedierne.dk\/mors\/vuc-elever-skal-klaedes-bedre-paa-til-videregaaende-uddannelser\/#primaryimage","url":"https:\/\/kunmedierne.dk\/mors\/wp-content\/uploads\/2021\/02\/uddannelse.jpg","contentUrl":"https:\/\/kunmedierne.dk\/mors\/wp-content\/uploads\/2021\/02\/uddannelse.jpg","width":770,"height":514,"caption":"Uddannelsesaftale skal g\u00f8re det nemmere for VUC-elever at tage videreg\u00e5ende uddannelse. Modelfoto: Scott Graham\/Unsplash"},{"@type":"BreadcrumbList","@id":"https:\/\/kunmedierne.dk\/mors\/vuc-elever-skal-klaedes-bedre-paa-til-videregaaende-uddannelser\/#breadcrumb","itemListElement":[{"@type":"ListItem","position":1,"name":"Hjem","item":"https:\/\/kunmedierne.dk\/mors\/"},{"@type":"ListItem","position":2,"name":"VUC-elever skal kl\u00e6des bedre p\u00e5 til videreg\u00e5ende uddannelser"}]},{"@type":"WebSite","@id":"https:\/\/kunmedierne.dk\/mors\/#website","url":"https:\/\/kunmedierne.dk\/mors\/","name":"Mors","description":"et netmedie med journalistik om livet p\u00e5 Mors","publisher":{"@id":"https:\/\/kunmedierne.dk\/mors\/#organization"},"potentialAction":[{"@type":"SearchAction","target":{"@type":"EntryPoint","urlTemplate":"https:\/\/kunmedierne.dk\/mors\/?s={search_term_string}"},"query-input":{"@type":"PropertyValueSpecification","valueRequired":true,"valueName":"search_term_string"}}],"inLanguage":"da-DK"},{"@type":"Organization","@id":"https:\/\/kunmedierne.dk\/mors\/#organization","name":"Mors","url":"https:\/\/kunmedierne.dk\/mors\/","logo":{"@type":"ImageObject","inLanguage":"da-DK","@id":"https:\/\/kunmedierne.dk\/mors\/#\/schema\/logo\/image\/","url":"https:\/\/kunmedierne.dk\/mors\/wp-content\/uploads\/2024\/08\/kunmors-logo.svg","contentUrl":"https:\/\/kunmedierne.dk\/mors\/wp-content\/uploads\/2024\/08\/kunmors-logo.svg","caption":"Mors"},"image":{"@id":"https:\/\/kunmedierne.dk\/mors\/#\/schema\/logo\/image\/"}},{"@type":"Person","@id":"https:\/\/kunmedierne.dk\/mors\/#\/schema\/person\/5fe23251bf1d0abbcdc6f7896579d548","name":"David H\u00f8jmark","image":{"@type":"ImageObject","inLanguage":"da-DK","@id":"https:\/\/kunmedierne.dk\/mors\/#\/schema\/person\/image\/","url":"https:\/\/secure.gravatar.com\/avatar\/4315d6fb9ef244d729989f5f90268eb08d5bf8a3d84402f595fa194bb35784fd?s=96&d=mm&r=g","contentUrl":"https:\/\/secure.gravatar.com\/avatar\/4315d6fb9ef244d729989f5f90268eb08d5bf8a3d84402f595fa194bb35784fd?s=96&d=mm&r=g","caption":"David H\u00f8jmark"},"sameAs":["https:\/\/www.kunmedierne.dk"],"url":"https:\/\/kunmedierne.dk\/mors\/author\/david\/"}]}},"_links":{"self":[{"href":"https:\/\/kunmedierne.dk\/mors\/wp-json\/wp\/v2\/posts\/40367","targetHints":{"allow":["GET"]}}],"collection":[{"href":"https:\/\/kunmedierne.dk\/mors\/wp-json\/wp\/v2\/posts"}],"about":[{"href":"https:\/\/kunmedierne.dk\/mors\/wp-json\/wp\/v2\/types\/post"}],"author":[{"embeddable":true,"href":"https:\/\/kunmedierne.dk\/mors\/wp-json\/wp\/v2\/users\/8"}],"replies":[{"embeddable":true,"href":"https:\/\/kunmedierne.dk\/mors\/wp-json\/wp\/v2\/comments?post=40367"}],"version-history":[{"count":2,"href":"https:\/\/kunmedierne.dk\/mors\/wp-json\/wp\/v2\/posts\/40367\/revisions"}],"predecessor-version":[{"id":40384,"href":"https:\/\/kunmedierne.dk\/mors\/wp-json\/wp\/v2\/posts\/40367\/revisions\/40384"}],"wp:featuredmedia":[{"embeddable":true,"href":"https:\/\/kunmedierne.dk\/mors\/wp-json\/wp\/v2\/media\/40368"}],"wp:attachment":[{"href":"https:\/\/kunmedierne.dk\/mors\/wp-json\/wp\/v2\/media?parent=40367"}],"wp:term":[{"taxonomy":"category","embeddable":true,"href":"https:\/\/kunmedierne.dk\/mors\/wp-json\/wp\/v2\/categories?post=40367"},{"taxonomy":"post_tag","embeddable":true,"href":"https:\/\/kunmedierne.dk\/mors\/wp-json\/wp\/v2\/tags?post=40367"}],"curies":[{"name":"wp","href":"https:\/\/api.w.org\/{rel}","templated":true}]}}