{"id":40351,"date":"2021-02-21T20:10:37","date_gmt":"2021-02-21T19:10:37","guid":{"rendered":"https:\/\/kunmedierne.dk\/mors\/?p=40351"},"modified":"2024-08-12T13:37:49","modified_gmt":"2024-08-12T11:37:49","slug":"foer-udvalgsmoede-om-fortov-i-sundby-jeg-holder-fast-i-vores-beslutning-fra-oktober","status":"publish","type":"post","link":"https:\/\/kunmedierne.dk\/mors\/foer-udvalgsmoede-om-fortov-i-sundby-jeg-holder-fast-i-vores-beslutning-fra-oktober\/","title":{"rendered":"F\u00f8r udvalgsm\u00f8de om fortov i Sundby: &#8211; Jeg holder fast i vores beslutning fra oktober"},"content":{"rendered":"<p><strong>SUNDBY<\/strong>: Det har v\u00e6ret \u00e5rtier undervejs, s\u00e5 m\u00e5ske er det n\u00e6sten en naturlov, at snakken om et fortov i Sundby v\u00e6kker debat lige til det sidste.<\/p>\n<p>P\u00e5 onsdag skal Mors\u00f8 Kommunes udvalg for teknik og milj\u00f8 tage stilling igen. Det gjorde det ogs\u00e5 i oktober, da man besluttede at arbejde videre med et fortovsprojekt p\u00e5 nordsiden af Sundbyvej. Men nu lyder forvaltningens anbefaling en l\u00f8sning, der indeb\u00e6rer en 2 minus 1-vej &#8211; til <a href=\"https:\/\/kunmedierne.dk\/mors\/det-vil-skabe-nogle-utrolig-farlige-situationer\/\" target=\"_blank\" rel=\"noopener noreferrer\">stor forundring<\/a> for borgere i Sundby.<\/p>\n<p>Men m\u00e5ske beh\u00f8ver de ikke v\u00e6re nerv\u00f8se for udvalgets beslutning. I hvert fald melder et dets medlemmer nu nu ud, at han ikke har skiftet mening siden oktober. <a href=\"https:\/\/morsoe-begravelsesforretning.dk\/\"><img loading=\"lazy\" decoding=\"async\" class=\"alignright size-full wp-image-35528\" src=\"https:\/\/kunmedierne.dk\/mors\/wp-content\/uploads\/2020\/11\/ho4.jpg\" alt=\"\" width=\"1400\" height=\"125\" srcset=\"https:\/\/kunmedierne.dk\/mors\/wp-content\/uploads\/2020\/11\/ho4.jpg 1400w, https:\/\/kunmedierne.dk\/mors\/wp-content\/uploads\/2020\/11\/ho4-300x27.jpg 300w, https:\/\/kunmedierne.dk\/mors\/wp-content\/uploads\/2020\/11\/ho4-1024x91.jpg 1024w, https:\/\/kunmedierne.dk\/mors\/wp-content\/uploads\/2020\/11\/ho4-768x69.jpg 768w, https:\/\/kunmedierne.dk\/mors\/wp-content\/uploads\/2020\/11\/ho4-600x54.jpg 600w\" sizes=\"auto, (max-width: 1400px) 100vw, 1400px\" \/><\/a><\/p>\n<p>Det er Henrik Jensen (V). Han bor selv i Sundby og har fulgt snakken om et fortov igennem 25 \u00e5r. Og han l\u00e6gger v\u00e6gt p\u00e5, at der er tale om et borgerdrevet projekt, og at kommunen selv har f\u00e5et borgere til fort\u00e6lle, hvordan de vil have deres by til at se ud &#8211; og stillet dem penge i udsigt til at f\u00e5 tingene gjort.<\/p>\n<p>&#8220;N\u00e5r de s\u00e5 melder tilbage og siger, at det er d\u00e9t, de \u00f8nsker, s\u00e5 b\u00f8r vi ogs\u00e5 vise, at vi bakker op, n\u00e5r vi har valgt at inddrage borgerne,&#8221; siger han.<\/p>\n<p>Samtidig er han ogs\u00e5 selv imod den 2 minus 1-vej, der ellers nu er forvaltningens anbefaling.<\/p>\n<p>&#8220;Jeg har da fuld forst\u00e5else for, hvis politiet siger, at det er det mest sikre. Men det er m\u00e5ske mere passende p\u00e5 en lige str\u00e6kning. Jeg skal ikke g\u00f8re mig klog p\u00e5 det, men personligt har jeg ikke sympati for s\u00e5dan en vej. Men det er s\u00e5 heller ikke det, byrumsgruppen har meldt ud, at den gerne vil have, s\u00e5 jeg har ikke de store problemer med at bifalde deres l\u00f8sning,&#8221; siger han.<\/p>\n<p>&nbsp;<\/p>\n<p><strong>Opbakning til embedsv\u00e6rket<\/strong><\/p>\n<p>Hvis samme holdning g\u00e5r igen blandt flertallet af medlemmerne i udvalget for teknik og milj\u00f8, er der lagt op til, at anbefalingen fra Arne Kirk, direkt\u00f8r for Teknik og Milj\u00f8 i Mors\u00f8 Mors\u00f8 Kommune, bliver tilsidesat.<\/p>\n<p>Henrik Jensen afviser dog, at det vil v\u00e6re en negligering af direkt\u00f8rens arbejde.<\/p>\n<p>&#8220;Jeg kan godt se, at man pr\u00f8ver at k\u00f8re det derhen, men det synes jeg faktisk ikke, at det er. N\u00e5r embedsv\u00e6rket skal lave noget for os, er de ogs\u00e5 n\u00f8dt til at bringe det frem, der kan p\u00e5virke sagen. De er n\u00f8dt til at sige: &#8216;Nu er I godt klar over, at hvis I tr\u00e6ffer den beslutning, er det ikke den, de andre synes er den rigtige.&#8217; Og det, synes jeg, er rigtig fint &#8211; for det er det, de skal,&#8221; siger han. <a href=\"https:\/\/morsoe-begravelsesforretning.dk\/\"><img loading=\"lazy\" decoding=\"async\" class=\"alignright size-full wp-image-35519\" src=\"https:\/\/kunmedierne.dk\/mors\/wp-content\/uploads\/2020\/11\/ho5.jpg\" alt=\"\" width=\"1425\" height=\"127\" srcset=\"https:\/\/kunmedierne.dk\/mors\/wp-content\/uploads\/2020\/11\/ho5.jpg 1425w, https:\/\/kunmedierne.dk\/mors\/wp-content\/uploads\/2020\/11\/ho5-300x27.jpg 300w, https:\/\/kunmedierne.dk\/mors\/wp-content\/uploads\/2020\/11\/ho5-1024x91.jpg 1024w, https:\/\/kunmedierne.dk\/mors\/wp-content\/uploads\/2020\/11\/ho5-768x68.jpg 768w, https:\/\/kunmedierne.dk\/mors\/wp-content\/uploads\/2020\/11\/ho5-600x53.jpg 600w\" sizes=\"auto, (max-width: 1425px) 100vw, 1425px\" \/><\/a><\/p>\n<p>Han p\u00e5peger, at udvalget for teknik og milj\u00f8 i forbindelse med sin beslutning i oktober bad forvaltningen om at arbejde videre med at indhente flere informationer &#8211; b\u00e5de i forhold til sikkerhed og \u00f8konomi. Og han l\u00e6gger ikke det store i, at dagsordenen p\u00e5 onsdag fort\u00e6ller om en anbefaling af noget andet end det fortov, der blev besluttet for fire m\u00e5neder siden.<\/p>\n<p>&#8220;Selve overskriften lyder m\u00e5ske lidt m\u00e6rkelig, og man bliver lidt forvirret. Og byrumsgruppen t\u00e6nker: &#8216;\u00c5h nej, kommer der nu en 2 minus 1-vej? Det var ikke det, vi ville have!&#8217; Men det er jo egentlig bare, fordi man har lavet overskriften ud fra, at vi har unders\u00f8gt, at vi faktisk kan lave en 2 minus 1-vej p\u00e5 hele str\u00e6kningen uden at skulle finde nogle ekstra penge,&#8221; siger Henrik Jensen.<\/p>\n<p><em>Men han (direkt\u00f8r Arne Kirk, red.) har jo foresl\u00e5et scenarie 2 som f\u00f8rste prioritet?<\/em><\/p>\n<p>&#8220;Ja, men det skal han jo g\u00f8re ud fra det, han f\u00e5r hjem af informationer. N\u00e5r nogen udtaler sig om, at det er det mest sikre &#8211; og at det kan holde sig inden for budgettet. Han skal jo ogs\u00e5 v\u00e6re \u00f8konomisk ansvarlig. Han skal mange ting og ikke bare sidde og bruge en masse penge, vi ikke har,&#8221; siger Henrik Jensen. <a href=\"https:\/\/www.sparnord.dk\/filialer\/nykoebing-mors\/\"><img loading=\"lazy\" decoding=\"async\" class=\"alignright size-full wp-image-35699\" src=\"https:\/\/kunmedierne.dk\/mors\/wp-content\/uploads\/2020\/11\/ho6.jpg\" alt=\"\" width=\"1400\" height=\"123\" srcset=\"https:\/\/kunmedierne.dk\/mors\/wp-content\/uploads\/2020\/11\/ho6.jpg 1400w, https:\/\/kunmedierne.dk\/mors\/wp-content\/uploads\/2020\/11\/ho6-300x26.jpg 300w, https:\/\/kunmedierne.dk\/mors\/wp-content\/uploads\/2020\/11\/ho6-1024x90.jpg 1024w, https:\/\/kunmedierne.dk\/mors\/wp-content\/uploads\/2020\/11\/ho6-768x67.jpg 768w, https:\/\/kunmedierne.dk\/mors\/wp-content\/uploads\/2020\/11\/ho6-600x53.jpg 600w\" sizes=\"auto, (max-width: 1400px) 100vw, 1400px\" \/><\/a><\/p>\n<p>&#8220;Han skal r\u00e5dgive os p\u00e5 bedste vis, og det vil jeg ogs\u00e5 mene, at han g\u00f8r. Der er fuld opbakning herfra &#8211; jeg synes, det er godt arbejde. De har f\u00e5et det hele med,&#8221; siger han og tilf\u00f8jer:<\/p>\n<p>&#8220;Nogle har det med at sige, at det er dem (embedsv\u00e6rket, red.), der styrer, og at politikerne ikke har noget at sige. Men kan nemt f\u00e5 s\u00e5dan en ting i gang, men det er alts\u00e5 ikke det, der er problemet her.&#8221;<\/p>\n<p>&nbsp;<\/p>\n<p><strong>Ogs\u00e5 med i infrastrukturpuljen?<\/strong><\/p>\n<p>Hvor meget politikerne s\u00e5 vil lytte til anbefalingerne fra forvaltningen, n\u00e5r det drejer sig om et omdiskuteret fortov i Sundby, vil vise sig onsdag.<\/p>\n<p>Henrik Jensen st\u00e5r dog fast p\u00e5 beslutningen fra oktober &#8211; og det forestiller han sig, at flertallet af udvalgsmedlemmerne g\u00f8r.<\/p>\n<p>&#8220;Jeg tror faktisk, at der er konsensus om det, n\u00e5r det nu er sendt ud og er et borgerdrevet projekt med hj\u00e6lp fra kommunen &#8211; og n\u00e5r de nu har lavet s\u00e5 stort et stykke arbejde,&#8221; siger han.<\/p>\n<p>Samtidig henleder han opm\u00e6rksomheden p\u00e5 et andet punkt p\u00e5 dagsordenen for onsdag. Udvalget for teknik og milj\u00f8 skal nemlig ogs\u00e5 dr\u00f8fte infrastrukturpuljen for 2021. Den er p\u00e5 10 millioner kroner og rummer ni mulige udviklingsprojekter &#8211; herimellem et fortov i Sundby.<a href=\"https:\/\/www.braendselsforeningen.dk\/\"><img loading=\"lazy\" decoding=\"async\" class=\"alignright size-full wp-image-36029\" src=\"https:\/\/kunmedierne.dk\/mors\/wp-content\/uploads\/2020\/11\/Br\u00e6ndselsforeningen.jpg\" alt=\"\" width=\"1425\" height=\"127\" srcset=\"https:\/\/kunmedierne.dk\/mors\/wp-content\/uploads\/2020\/11\/Br\u00e6ndselsforeningen.jpg 1425w, https:\/\/kunmedierne.dk\/mors\/wp-content\/uploads\/2020\/11\/Br\u00e6ndselsforeningen-300x27.jpg 300w, https:\/\/kunmedierne.dk\/mors\/wp-content\/uploads\/2020\/11\/Br\u00e6ndselsforeningen-1024x91.jpg 1024w, https:\/\/kunmedierne.dk\/mors\/wp-content\/uploads\/2020\/11\/Br\u00e6ndselsforeningen-768x68.jpg 768w, https:\/\/kunmedierne.dk\/mors\/wp-content\/uploads\/2020\/11\/Br\u00e6ndselsforeningen-600x53.jpg 600w\" sizes=\"auto, (max-width: 1425px) 100vw, 1425px\" \/><\/a><\/p>\n<p>Direkt\u00f8ren for Teknik og Milj\u00f8 anbefaler et scenarie med projekter, der fokuserer p\u00e5 at g\u00f8re allerede igangsatte projekter f\u00e6rdige &#8211; for eksempel omr\u00e5defornyelsen for Dueholmcenteret. Endvidere lyder anbefalingen, at medfinansiering til cykelpuljeprojekter udskydes til budget 2022, og at der etableres 2 minus 1 vej i Sundby, som kan finansieres inden for de eksisterende anl\u00e6gsbevillinger afsat til byfornyelse og trafikindsatser i Sundby.<\/p>\n<blockquote>\n<h2>FAKTA<\/h2>\n<h5>Udvalget for teknik og milj\u00f8 i Mors\u00f8 Kommune best\u00e5r af:<\/h5>\n<h5>Formand Meiner N\u00f8rgaard (DF), n\u00e6stformand Ansgar Nygaard (V), Anja Birch Als\u00f8er (V), Peter Lilleb\u00e6k (V), Henrik Jensen (V), Jakob Kortb\u00e6k (S) og Viggo Vangsgaard (SF).<\/h5>\n<\/blockquote>\n","protected":false},"excerpt":{"rendered":"<p>SUNDBY: Det har v\u00e6ret \u00e5rtier undervejs, s\u00e5 m\u00e5ske er det n\u00e6sten en naturlov, at snakken om et fortov i Sundby v\u00e6kker debat lige til det sidste. P\u00e5 onsdag skal Mors\u00f8 Kommunes udvalg for teknik og milj\u00f8 tage stilling igen. Det gjorde det ogs\u00e5 i oktober, da man besluttede at arbejde videre med et fortovsprojekt p\u00e5 [&hellip;]<\/p>\n","protected":false},"author":8,"featured_media":40357,"comment_status":"open","ping_status":"open","sticky":false,"template":"","format":"standard","meta":{"_acf_changed":false,"footnotes":""},"categories":[51],"tags":[167],"class_list":["post-40351","post","type-post","status-publish","format-standard","has-post-thumbnail","hentry","category-lokalt","tag-politik"],"acf":[],"yoast_head":"<!-- This site is optimized with the Yoast SEO plugin v26.8 - https:\/\/yoast.com\/product\/yoast-seo-wordpress\/ -->\n<title>F\u00f8r udvalgsm\u00f8de om fortov i Sundby: - Jeg holder fast i vores beslutning fra oktober - Mors<\/title>\n<meta name=\"robots\" content=\"index, follow, max-snippet:-1, max-image-preview:large, max-video-preview:-1\" \/>\n<link rel=\"canonical\" href=\"https:\/\/kunmedierne.dk\/mors\/foer-udvalgsmoede-om-fortov-i-sundby-jeg-holder-fast-i-vores-beslutning-fra-oktober\/\" \/>\n<meta property=\"og:locale\" content=\"da_DK\" \/>\n<meta property=\"og:type\" content=\"article\" \/>\n<meta property=\"og:title\" content=\"F\u00f8r udvalgsm\u00f8de om fortov i Sundby: - Jeg holder fast i vores beslutning fra oktober - Mors\" \/>\n<meta property=\"og:description\" content=\"SUNDBY: Det har v\u00e6ret \u00e5rtier undervejs, s\u00e5 m\u00e5ske er det n\u00e6sten en naturlov, at snakken om et fortov i Sundby v\u00e6kker debat lige til det sidste. P\u00e5 onsdag skal Mors\u00f8 Kommunes udvalg for teknik og milj\u00f8 tage stilling igen. Det gjorde det ogs\u00e5 i oktober, da man besluttede at arbejde videre med et fortovsprojekt p\u00e5 [&hellip;]\" \/>\n<meta property=\"og:url\" content=\"https:\/\/kunmedierne.dk\/mors\/foer-udvalgsmoede-om-fortov-i-sundby-jeg-holder-fast-i-vores-beslutning-fra-oktober\/\" \/>\n<meta property=\"og:site_name\" content=\"Mors\" \/>\n<meta property=\"article:published_time\" content=\"2021-02-21T19:10:37+00:00\" \/>\n<meta property=\"article:modified_time\" content=\"2024-08-12T11:37:49+00:00\" \/>\n<meta property=\"og:image\" content=\"https:\/\/kunmedierne.dk\/mors\/wp-content\/uploads\/2021\/02\/sundby-henrik-jensen.jpg\" \/>\n\t<meta property=\"og:image:width\" content=\"770\" \/>\n\t<meta property=\"og:image:height\" content=\"513\" \/>\n\t<meta property=\"og:image:type\" content=\"image\/jpeg\" \/>\n<meta name=\"author\" content=\"David H\u00f8jmark\" \/>\n<meta name=\"twitter:card\" content=\"summary_large_image\" \/>\n<meta name=\"twitter:label1\" content=\"Skrevet af\" \/>\n\t<meta name=\"twitter:data1\" content=\"David H\u00f8jmark\" \/>\n\t<meta name=\"twitter:label2\" content=\"Estimeret l\u00e6setid\" \/>\n\t<meta name=\"twitter:data2\" content=\"5 minutter\" \/>\n<script type=\"application\/ld+json\" class=\"yoast-schema-graph\">{\"@context\":\"https:\/\/schema.org\",\"@graph\":[{\"@type\":\"Article\",\"@id\":\"https:\/\/kunmedierne.dk\/mors\/foer-udvalgsmoede-om-fortov-i-sundby-jeg-holder-fast-i-vores-beslutning-fra-oktober\/#article\",\"isPartOf\":{\"@id\":\"https:\/\/kunmedierne.dk\/mors\/foer-udvalgsmoede-om-fortov-i-sundby-jeg-holder-fast-i-vores-beslutning-fra-oktober\/\"},\"author\":{\"name\":\"David H\u00f8jmark\",\"@id\":\"https:\/\/kunmedierne.dk\/mors\/#\/schema\/person\/5fe23251bf1d0abbcdc6f7896579d548\"},\"headline\":\"F\u00f8r udvalgsm\u00f8de om fortov i Sundby: &#8211; Jeg holder fast i vores beslutning fra oktober\",\"datePublished\":\"2021-02-21T19:10:37+00:00\",\"dateModified\":\"2024-08-12T11:37:49+00:00\",\"mainEntityOfPage\":{\"@id\":\"https:\/\/kunmedierne.dk\/mors\/foer-udvalgsmoede-om-fortov-i-sundby-jeg-holder-fast-i-vores-beslutning-fra-oktober\/\"},\"wordCount\":1024,\"commentCount\":0,\"publisher\":{\"@id\":\"https:\/\/kunmedierne.dk\/mors\/#organization\"},\"image\":{\"@id\":\"https:\/\/kunmedierne.dk\/mors\/foer-udvalgsmoede-om-fortov-i-sundby-jeg-holder-fast-i-vores-beslutning-fra-oktober\/#primaryimage\"},\"thumbnailUrl\":\"https:\/\/kunmedierne.dk\/mors\/wp-content\/uploads\/2021\/02\/sundby-henrik-jensen.jpg\",\"keywords\":[\"Politik\"],\"articleSection\":[\"Lokalt\"],\"inLanguage\":\"da-DK\",\"potentialAction\":[{\"@type\":\"CommentAction\",\"name\":\"Comment\",\"target\":[\"https:\/\/kunmedierne.dk\/mors\/foer-udvalgsmoede-om-fortov-i-sundby-jeg-holder-fast-i-vores-beslutning-fra-oktober\/#respond\"]}]},{\"@type\":\"WebPage\",\"@id\":\"https:\/\/kunmedierne.dk\/mors\/foer-udvalgsmoede-om-fortov-i-sundby-jeg-holder-fast-i-vores-beslutning-fra-oktober\/\",\"url\":\"https:\/\/kunmedierne.dk\/mors\/foer-udvalgsmoede-om-fortov-i-sundby-jeg-holder-fast-i-vores-beslutning-fra-oktober\/\",\"name\":\"F\u00f8r udvalgsm\u00f8de om fortov i Sundby: - Jeg holder fast i vores beslutning fra oktober - Mors\",\"isPartOf\":{\"@id\":\"https:\/\/kunmedierne.dk\/mors\/#website\"},\"primaryImageOfPage\":{\"@id\":\"https:\/\/kunmedierne.dk\/mors\/foer-udvalgsmoede-om-fortov-i-sundby-jeg-holder-fast-i-vores-beslutning-fra-oktober\/#primaryimage\"},\"image\":{\"@id\":\"https:\/\/kunmedierne.dk\/mors\/foer-udvalgsmoede-om-fortov-i-sundby-jeg-holder-fast-i-vores-beslutning-fra-oktober\/#primaryimage\"},\"thumbnailUrl\":\"https:\/\/kunmedierne.dk\/mors\/wp-content\/uploads\/2021\/02\/sundby-henrik-jensen.jpg\",\"datePublished\":\"2021-02-21T19:10:37+00:00\",\"dateModified\":\"2024-08-12T11:37:49+00:00\",\"breadcrumb\":{\"@id\":\"https:\/\/kunmedierne.dk\/mors\/foer-udvalgsmoede-om-fortov-i-sundby-jeg-holder-fast-i-vores-beslutning-fra-oktober\/#breadcrumb\"},\"inLanguage\":\"da-DK\",\"potentialAction\":[{\"@type\":\"ReadAction\",\"target\":[\"https:\/\/kunmedierne.dk\/mors\/foer-udvalgsmoede-om-fortov-i-sundby-jeg-holder-fast-i-vores-beslutning-fra-oktober\/\"]}]},{\"@type\":\"ImageObject\",\"inLanguage\":\"da-DK\",\"@id\":\"https:\/\/kunmedierne.dk\/mors\/foer-udvalgsmoede-om-fortov-i-sundby-jeg-holder-fast-i-vores-beslutning-fra-oktober\/#primaryimage\",\"url\":\"https:\/\/kunmedierne.dk\/mors\/wp-content\/uploads\/2021\/02\/sundby-henrik-jensen.jpg\",\"contentUrl\":\"https:\/\/kunmedierne.dk\/mors\/wp-content\/uploads\/2021\/02\/sundby-henrik-jensen.jpg\",\"width\":770,\"height\":513,\"caption\":\"Henrik Jensen (V) st\u00e5r fast p\u00e5 beslutning fra oktober.\"},{\"@type\":\"BreadcrumbList\",\"@id\":\"https:\/\/kunmedierne.dk\/mors\/foer-udvalgsmoede-om-fortov-i-sundby-jeg-holder-fast-i-vores-beslutning-fra-oktober\/#breadcrumb\",\"itemListElement\":[{\"@type\":\"ListItem\",\"position\":1,\"name\":\"Hjem\",\"item\":\"https:\/\/kunmedierne.dk\/mors\/\"},{\"@type\":\"ListItem\",\"position\":2,\"name\":\"F\u00f8r udvalgsm\u00f8de om fortov i Sundby: &#8211; Jeg holder fast i vores beslutning fra oktober\"}]},{\"@type\":\"WebSite\",\"@id\":\"https:\/\/kunmedierne.dk\/mors\/#website\",\"url\":\"https:\/\/kunmedierne.dk\/mors\/\",\"name\":\"Mors\",\"description\":\"et netmedie med journalistik om livet p\u00e5 Mors\",\"publisher\":{\"@id\":\"https:\/\/kunmedierne.dk\/mors\/#organization\"},\"potentialAction\":[{\"@type\":\"SearchAction\",\"target\":{\"@type\":\"EntryPoint\",\"urlTemplate\":\"https:\/\/kunmedierne.dk\/mors\/?s={search_term_string}\"},\"query-input\":{\"@type\":\"PropertyValueSpecification\",\"valueRequired\":true,\"valueName\":\"search_term_string\"}}],\"inLanguage\":\"da-DK\"},{\"@type\":\"Organization\",\"@id\":\"https:\/\/kunmedierne.dk\/mors\/#organization\",\"name\":\"Mors\",\"url\":\"https:\/\/kunmedierne.dk\/mors\/\",\"logo\":{\"@type\":\"ImageObject\",\"inLanguage\":\"da-DK\",\"@id\":\"https:\/\/kunmedierne.dk\/mors\/#\/schema\/logo\/image\/\",\"url\":\"https:\/\/kunmedierne.dk\/mors\/wp-content\/uploads\/2024\/08\/kunmors-logo.svg\",\"contentUrl\":\"https:\/\/kunmedierne.dk\/mors\/wp-content\/uploads\/2024\/08\/kunmors-logo.svg\",\"caption\":\"Mors\"},\"image\":{\"@id\":\"https:\/\/kunmedierne.dk\/mors\/#\/schema\/logo\/image\/\"}},{\"@type\":\"Person\",\"@id\":\"https:\/\/kunmedierne.dk\/mors\/#\/schema\/person\/5fe23251bf1d0abbcdc6f7896579d548\",\"name\":\"David H\u00f8jmark\",\"image\":{\"@type\":\"ImageObject\",\"inLanguage\":\"da-DK\",\"@id\":\"https:\/\/kunmedierne.dk\/mors\/#\/schema\/person\/image\/\",\"url\":\"https:\/\/secure.gravatar.com\/avatar\/4315d6fb9ef244d729989f5f90268eb08d5bf8a3d84402f595fa194bb35784fd?s=96&d=mm&r=g\",\"contentUrl\":\"https:\/\/secure.gravatar.com\/avatar\/4315d6fb9ef244d729989f5f90268eb08d5bf8a3d84402f595fa194bb35784fd?s=96&d=mm&r=g\",\"caption\":\"David H\u00f8jmark\"},\"sameAs\":[\"https:\/\/www.kunmedierne.dk\"],\"url\":\"https:\/\/kunmedierne.dk\/mors\/author\/david\/\"}]}<\/script>\n<!-- \/ Yoast SEO plugin. -->","yoast_head_json":{"title":"F\u00f8r udvalgsm\u00f8de om fortov i Sundby: - Jeg holder fast i vores beslutning fra oktober - Mors","robots":{"index":"index","follow":"follow","max-snippet":"max-snippet:-1","max-image-preview":"max-image-preview:large","max-video-preview":"max-video-preview:-1"},"canonical":"https:\/\/kunmedierne.dk\/mors\/foer-udvalgsmoede-om-fortov-i-sundby-jeg-holder-fast-i-vores-beslutning-fra-oktober\/","og_locale":"da_DK","og_type":"article","og_title":"F\u00f8r udvalgsm\u00f8de om fortov i Sundby: - Jeg holder fast i vores beslutning fra oktober - Mors","og_description":"SUNDBY: Det har v\u00e6ret \u00e5rtier undervejs, s\u00e5 m\u00e5ske er det n\u00e6sten en naturlov, at snakken om et fortov i Sundby v\u00e6kker debat lige til det sidste. P\u00e5 onsdag skal Mors\u00f8 Kommunes udvalg for teknik og milj\u00f8 tage stilling igen. Det gjorde det ogs\u00e5 i oktober, da man besluttede at arbejde videre med et fortovsprojekt p\u00e5 [&hellip;]","og_url":"https:\/\/kunmedierne.dk\/mors\/foer-udvalgsmoede-om-fortov-i-sundby-jeg-holder-fast-i-vores-beslutning-fra-oktober\/","og_site_name":"Mors","article_published_time":"2021-02-21T19:10:37+00:00","article_modified_time":"2024-08-12T11:37:49+00:00","og_image":[{"width":770,"height":513,"url":"https:\/\/kunmedierne.dk\/mors\/wp-content\/uploads\/2021\/02\/sundby-henrik-jensen.jpg","type":"image\/jpeg"}],"author":"David H\u00f8jmark","twitter_card":"summary_large_image","twitter_misc":{"Skrevet af":"David H\u00f8jmark","Estimeret l\u00e6setid":"5 minutter"},"schema":{"@context":"https:\/\/schema.org","@graph":[{"@type":"Article","@id":"https:\/\/kunmedierne.dk\/mors\/foer-udvalgsmoede-om-fortov-i-sundby-jeg-holder-fast-i-vores-beslutning-fra-oktober\/#article","isPartOf":{"@id":"https:\/\/kunmedierne.dk\/mors\/foer-udvalgsmoede-om-fortov-i-sundby-jeg-holder-fast-i-vores-beslutning-fra-oktober\/"},"author":{"name":"David H\u00f8jmark","@id":"https:\/\/kunmedierne.dk\/mors\/#\/schema\/person\/5fe23251bf1d0abbcdc6f7896579d548"},"headline":"F\u00f8r udvalgsm\u00f8de om fortov i Sundby: &#8211; Jeg holder fast i vores beslutning fra oktober","datePublished":"2021-02-21T19:10:37+00:00","dateModified":"2024-08-12T11:37:49+00:00","mainEntityOfPage":{"@id":"https:\/\/kunmedierne.dk\/mors\/foer-udvalgsmoede-om-fortov-i-sundby-jeg-holder-fast-i-vores-beslutning-fra-oktober\/"},"wordCount":1024,"commentCount":0,"publisher":{"@id":"https:\/\/kunmedierne.dk\/mors\/#organization"},"image":{"@id":"https:\/\/kunmedierne.dk\/mors\/foer-udvalgsmoede-om-fortov-i-sundby-jeg-holder-fast-i-vores-beslutning-fra-oktober\/#primaryimage"},"thumbnailUrl":"https:\/\/kunmedierne.dk\/mors\/wp-content\/uploads\/2021\/02\/sundby-henrik-jensen.jpg","keywords":["Politik"],"articleSection":["Lokalt"],"inLanguage":"da-DK","potentialAction":[{"@type":"CommentAction","name":"Comment","target":["https:\/\/kunmedierne.dk\/mors\/foer-udvalgsmoede-om-fortov-i-sundby-jeg-holder-fast-i-vores-beslutning-fra-oktober\/#respond"]}]},{"@type":"WebPage","@id":"https:\/\/kunmedierne.dk\/mors\/foer-udvalgsmoede-om-fortov-i-sundby-jeg-holder-fast-i-vores-beslutning-fra-oktober\/","url":"https:\/\/kunmedierne.dk\/mors\/foer-udvalgsmoede-om-fortov-i-sundby-jeg-holder-fast-i-vores-beslutning-fra-oktober\/","name":"F\u00f8r udvalgsm\u00f8de om fortov i Sundby: - Jeg holder fast i vores beslutning fra oktober - Mors","isPartOf":{"@id":"https:\/\/kunmedierne.dk\/mors\/#website"},"primaryImageOfPage":{"@id":"https:\/\/kunmedierne.dk\/mors\/foer-udvalgsmoede-om-fortov-i-sundby-jeg-holder-fast-i-vores-beslutning-fra-oktober\/#primaryimage"},"image":{"@id":"https:\/\/kunmedierne.dk\/mors\/foer-udvalgsmoede-om-fortov-i-sundby-jeg-holder-fast-i-vores-beslutning-fra-oktober\/#primaryimage"},"thumbnailUrl":"https:\/\/kunmedierne.dk\/mors\/wp-content\/uploads\/2021\/02\/sundby-henrik-jensen.jpg","datePublished":"2021-02-21T19:10:37+00:00","dateModified":"2024-08-12T11:37:49+00:00","breadcrumb":{"@id":"https:\/\/kunmedierne.dk\/mors\/foer-udvalgsmoede-om-fortov-i-sundby-jeg-holder-fast-i-vores-beslutning-fra-oktober\/#breadcrumb"},"inLanguage":"da-DK","potentialAction":[{"@type":"ReadAction","target":["https:\/\/kunmedierne.dk\/mors\/foer-udvalgsmoede-om-fortov-i-sundby-jeg-holder-fast-i-vores-beslutning-fra-oktober\/"]}]},{"@type":"ImageObject","inLanguage":"da-DK","@id":"https:\/\/kunmedierne.dk\/mors\/foer-udvalgsmoede-om-fortov-i-sundby-jeg-holder-fast-i-vores-beslutning-fra-oktober\/#primaryimage","url":"https:\/\/kunmedierne.dk\/mors\/wp-content\/uploads\/2021\/02\/sundby-henrik-jensen.jpg","contentUrl":"https:\/\/kunmedierne.dk\/mors\/wp-content\/uploads\/2021\/02\/sundby-henrik-jensen.jpg","width":770,"height":513,"caption":"Henrik Jensen (V) st\u00e5r fast p\u00e5 beslutning fra oktober."},{"@type":"BreadcrumbList","@id":"https:\/\/kunmedierne.dk\/mors\/foer-udvalgsmoede-om-fortov-i-sundby-jeg-holder-fast-i-vores-beslutning-fra-oktober\/#breadcrumb","itemListElement":[{"@type":"ListItem","position":1,"name":"Hjem","item":"https:\/\/kunmedierne.dk\/mors\/"},{"@type":"ListItem","position":2,"name":"F\u00f8r udvalgsm\u00f8de om fortov i Sundby: &#8211; Jeg holder fast i vores beslutning fra oktober"}]},{"@type":"WebSite","@id":"https:\/\/kunmedierne.dk\/mors\/#website","url":"https:\/\/kunmedierne.dk\/mors\/","name":"Mors","description":"et netmedie med journalistik om livet p\u00e5 Mors","publisher":{"@id":"https:\/\/kunmedierne.dk\/mors\/#organization"},"potentialAction":[{"@type":"SearchAction","target":{"@type":"EntryPoint","urlTemplate":"https:\/\/kunmedierne.dk\/mors\/?s={search_term_string}"},"query-input":{"@type":"PropertyValueSpecification","valueRequired":true,"valueName":"search_term_string"}}],"inLanguage":"da-DK"},{"@type":"Organization","@id":"https:\/\/kunmedierne.dk\/mors\/#organization","name":"Mors","url":"https:\/\/kunmedierne.dk\/mors\/","logo":{"@type":"ImageObject","inLanguage":"da-DK","@id":"https:\/\/kunmedierne.dk\/mors\/#\/schema\/logo\/image\/","url":"https:\/\/kunmedierne.dk\/mors\/wp-content\/uploads\/2024\/08\/kunmors-logo.svg","contentUrl":"https:\/\/kunmedierne.dk\/mors\/wp-content\/uploads\/2024\/08\/kunmors-logo.svg","caption":"Mors"},"image":{"@id":"https:\/\/kunmedierne.dk\/mors\/#\/schema\/logo\/image\/"}},{"@type":"Person","@id":"https:\/\/kunmedierne.dk\/mors\/#\/schema\/person\/5fe23251bf1d0abbcdc6f7896579d548","name":"David H\u00f8jmark","image":{"@type":"ImageObject","inLanguage":"da-DK","@id":"https:\/\/kunmedierne.dk\/mors\/#\/schema\/person\/image\/","url":"https:\/\/secure.gravatar.com\/avatar\/4315d6fb9ef244d729989f5f90268eb08d5bf8a3d84402f595fa194bb35784fd?s=96&d=mm&r=g","contentUrl":"https:\/\/secure.gravatar.com\/avatar\/4315d6fb9ef244d729989f5f90268eb08d5bf8a3d84402f595fa194bb35784fd?s=96&d=mm&r=g","caption":"David H\u00f8jmark"},"sameAs":["https:\/\/www.kunmedierne.dk"],"url":"https:\/\/kunmedierne.dk\/mors\/author\/david\/"}]}},"_links":{"self":[{"href":"https:\/\/kunmedierne.dk\/mors\/wp-json\/wp\/v2\/posts\/40351","targetHints":{"allow":["GET"]}}],"collection":[{"href":"https:\/\/kunmedierne.dk\/mors\/wp-json\/wp\/v2\/posts"}],"about":[{"href":"https:\/\/kunmedierne.dk\/mors\/wp-json\/wp\/v2\/types\/post"}],"author":[{"embeddable":true,"href":"https:\/\/kunmedierne.dk\/mors\/wp-json\/wp\/v2\/users\/8"}],"replies":[{"embeddable":true,"href":"https:\/\/kunmedierne.dk\/mors\/wp-json\/wp\/v2\/comments?post=40351"}],"version-history":[{"count":4,"href":"https:\/\/kunmedierne.dk\/mors\/wp-json\/wp\/v2\/posts\/40351\/revisions"}],"predecessor-version":[{"id":40359,"href":"https:\/\/kunmedierne.dk\/mors\/wp-json\/wp\/v2\/posts\/40351\/revisions\/40359"}],"wp:featuredmedia":[{"embeddable":true,"href":"https:\/\/kunmedierne.dk\/mors\/wp-json\/wp\/v2\/media\/40357"}],"wp:attachment":[{"href":"https:\/\/kunmedierne.dk\/mors\/wp-json\/wp\/v2\/media?parent=40351"}],"wp:term":[{"taxonomy":"category","embeddable":true,"href":"https:\/\/kunmedierne.dk\/mors\/wp-json\/wp\/v2\/categories?post=40351"},{"taxonomy":"post_tag","embeddable":true,"href":"https:\/\/kunmedierne.dk\/mors\/wp-json\/wp\/v2\/tags?post=40351"}],"curies":[{"name":"wp","href":"https:\/\/api.w.org\/{rel}","templated":true}]}}