{"id":40136,"date":"2021-02-17T11:04:02","date_gmt":"2021-02-17T10:04:02","guid":{"rendered":"https:\/\/kunmedierne.dk\/mors\/?p=40136"},"modified":"2024-08-12T13:37:50","modified_gmt":"2024-08-12T11:37:50","slug":"lene-svenningsen-vil-i-regionsraadet","status":"publish","type":"post","link":"https:\/\/kunmedierne.dk\/mors\/lene-svenningsen-vil-i-regionsraadet\/","title":{"rendered":"Lene Svenningsen vil i regionsr\u00e5det"},"content":{"rendered":"<p><strong>NYK\u00d8BING<\/strong>: &#8220;Psykiatrien har v\u00e6ret meget nedprioriteret i regionen.&#8221;<\/p>\n<p>Lene Svenningsen l\u00e6gger ikke skjul p\u00e5, hvilket omr\u00e5de hun is\u00e6r vil kaste sig over, n\u00e5r hun til efter\u00e5ret skal til valgkamp p\u00e5 to fronter.<\/p>\n<p>Venstre-politikeren stiller nemlig op til regionsr\u00e5dsvalget &#8211; og selv om det endnu ikke er officielt, l\u00e6gger hun ogs\u00e5 op til, at han g\u00e5r efter en tredje periode i kommunalbestyrelsen for Mors\u00f8 Kommune.<\/p>\n<p>&#8220;Det handler vel om at f\u00e5 det koordineret,&#8221; siger hun om udsigten til politisk arbejde b\u00e5de kommunalt og regionalt.<\/p>\n<p>&#8220;Og s\u00e5 t\u00e6nker jeg ogs\u00e5, at \u00f8en vil st\u00e5 st\u00e6rkere, hvis vi f\u00e5r nogle flere stemt ind. S\u00e5 jeg h\u00e5ber, at stemmerne bliver p\u00e5 \u00f8en &#8211; for desto flere, vi kommer fra vores omr\u00e5de, desto st\u00e6rkere st\u00e5r vi &#8211; og s\u00e5 er vi ikke altid er dem, der skal v\u00e6lge sidst,&#8221; siger Lene Svenningsen.<\/p>\n<p>Men hvis hun bliver valgt ind i regionsr\u00e5det, er det alts\u00e5 is\u00e6r psykiatriomr\u00e5det, hun vil sl\u00e5s for.<\/p>\n<p>&#8220;Det altafg\u00f8rende er, at jeg vil sl\u00e5 et slag for de psykisk s\u00e5rbare. N\u00e5r man f\u00e5r en diagnose som for eksempel anoreksi, skal man til Aalborg. Og med s\u00e5dan noget som anoreksi er det v\u00e6rste, man n\u00e6sten kan g\u00f8re, at hive dem v\u00e6k fra deres omgivelser og n\u00e6re relationer. De kommer v\u00e6k fra alt og alle,&#8221; siger hun.<\/p>\n<p>Lene Svenningsen foresl\u00e5r is\u00e6r Sundhedscenter Limfjorden som velegnet til at tage i brug for eksempelvis anoreksipatienter. Ikke i den akutte behandling, men i den vigtige fase, hvor relationerne spiller en rolle.<\/p>\n<p>&#8220;Hvis det er n\u00f8dvendigt, at de skal overv\u00e5ges (i forbindelse med spisning, red.), kunne man g\u00f8re det derude, og s\u00e5 kunne de stadig f\u00e5 bes\u00f8g af deres kammerater og familie,&#8221; siger hun med tilf\u00f8jelsen.<a href=\"http:\/\/www.limfjordsteatret.dk\/#front\"><img loading=\"lazy\" decoding=\"async\" class=\"alignright size-full wp-image-35527\" src=\"https:\/\/kunmedierne.dk\/mors\/wp-content\/uploads\/2020\/11\/ho3.jpg\" alt=\"\" width=\"1400\" height=\"125\" srcset=\"https:\/\/kunmedierne.dk\/mors\/wp-content\/uploads\/2020\/11\/ho3.jpg 1400w, https:\/\/kunmedierne.dk\/mors\/wp-content\/uploads\/2020\/11\/ho3-300x27.jpg 300w, https:\/\/kunmedierne.dk\/mors\/wp-content\/uploads\/2020\/11\/ho3-1024x91.jpg 1024w, https:\/\/kunmedierne.dk\/mors\/wp-content\/uploads\/2020\/11\/ho3-768x69.jpg 768w, https:\/\/kunmedierne.dk\/mors\/wp-content\/uploads\/2020\/11\/ho3-600x54.jpg 600w\" sizes=\"auto, (max-width: 1400px) 100vw, 1400px\" \/><\/a><\/p>\n<p>S\u00e5dan en l\u00f8sning vil v\u00e6re bedre end at lade anoreksipatienter blive i Aalborg, mener hun<\/p>\n<p>&#8220;Det er rigtig langt v\u00e6k, og mange gange falder de i, n\u00e5r de kommer hjem. S\u00e5 jeg t\u00e6nker, at man kan lave det p\u00e5 en snildere m\u00e5de,&#8221; siger Lene Svenningsen.<\/p>\n<p>&nbsp;<\/p>\n<p><strong>Har egen sygdomserfaring<\/strong><\/p>\n<p>Hun har ogs\u00e5 en personlig anledning til at s\u00f8ge valg til regionsr\u00e5det. Lene Svenningsen er i efterbehandling for et kr\u00e6ftforl\u00f8b og har dermed egne erfaringer p\u00e5 omr\u00e5det.<\/p>\n<p>&#8220;Der er ingen tvivl om, at jeg har f\u00e5et en super behandling, men der er ogs\u00e5 ting, hvor jeg t\u00e6nker, at det kunne g\u00f8res bedre,&#8221; siger hun og n\u00e6vner blandt andet logistikken og lange k\u00f8reture og ventetid for en blodpr\u00f8ve inden den lige s\u00e5 lange tur hjem.<\/p>\n<p>&#8220;Det er, s\u00e5 man t\u00e6nker: &#8216;J\u00f8sses, det er jo helt vanvittigt!&#8217; Og der t\u00e6nker jeg, at det nogle gange kan v\u00e6re en fordel at have pr\u00f8vet det indefra,&#8221; siger hun.<\/p>\n<p>Hun understreger dog, at det f\u00f8rst og fremmest er psykiatriomr\u00e5det, hun vil s\u00e6tte fokus p\u00e5. Det g\u00e6lder ogs\u00e5 i forhold til morsingboers konsultationer i Thisted.<\/p>\n<p>&#8220;Det er mange gange sv\u00e6rt for dem at komme helt derover,&#8221; siger hun og fremh\u00e6ver i det hele taget et \u00f8nske om mere n\u00e6rhed i regionens opgaver. <a href=\"https:\/\/www.fmspks.dk\/\"><img loading=\"lazy\" decoding=\"async\" class=\"alignright size-full wp-image-35528\" src=\"https:\/\/kunmedierne.dk\/mors\/wp-content\/uploads\/2020\/11\/ho4.jpg\" alt=\"\" width=\"1400\" height=\"125\" srcset=\"https:\/\/kunmedierne.dk\/mors\/wp-content\/uploads\/2020\/11\/ho4.jpg 1400w, https:\/\/kunmedierne.dk\/mors\/wp-content\/uploads\/2020\/11\/ho4-300x27.jpg 300w, https:\/\/kunmedierne.dk\/mors\/wp-content\/uploads\/2020\/11\/ho4-1024x91.jpg 1024w, https:\/\/kunmedierne.dk\/mors\/wp-content\/uploads\/2020\/11\/ho4-768x69.jpg 768w, https:\/\/kunmedierne.dk\/mors\/wp-content\/uploads\/2020\/11\/ho4-600x54.jpg 600w\" sizes=\"auto, (max-width: 1400px) 100vw, 1400px\" \/><\/a><\/p>\n<p>Hun anerkender og roser Nye Veje-projektet, der blandt andet skal give borgere p\u00e5 Mors bedre adgang til l\u00e6gehj\u00e6lp og borgern\u00e6re sundhedstilbud. Men set over en bred kam \u00f8nsker Lene Svenningsen et Region Nordjylland, som er mere n\u00e6rv\u00e6rende for borgerne &#8211; ogs\u00e5 langt fra Aalborg.<\/p>\n<p>&#8220;Det er meget langt v\u00e6k, og n\u00e5r man snakker med folk, siger de, at det er sv\u00e6rt at forholde sig til regionen. Jeg vil rigtig gerne, at det kom lidt t\u00e6ttere p\u00e5. Hvis jeg skulle v\u00e6re s\u00e5 heldig at komme ind, ville jeg rigtig gerne have, at man holder virtuelle m\u00f8der, s\u00e5 man kunne sp\u00f8rge ind til nogle ting,&#8221; siger hun og n\u00e6vner som eksempel, at borgerne ved s\u00e5dan et m\u00f8de kunne have haft mulighed for at sp\u00f8rge ind til <a href=\"https:\/\/kunmedierne.dk\/mors\/aftale-om-ambulancekoersel-er-nu-underskrevet\/\" target=\"_blank\" rel=\"noopener noreferrer\">aftalen med PreMed<\/a>, som regionsr\u00e5det har vedtaget &#8211; men som hun selv ville have stemt imod.<\/p>\n<p>&nbsp;<\/p>\n<p><strong>Minder om afstanden til EU<\/strong><\/p>\n<p>Og i det hele taget skal regionen v\u00e6re t\u00e6ttere p\u00e5 sine borgere i hele regionen, mener hun.<\/p>\n<p>&#8220;Der er s\u00e5 mange ting, hvor man synes, at det er langt v\u00e6k fra Mors,&#8221; siger Lene Svenningsen.<\/p>\n<p><em>Men er det ikke lidt det samme, man siger om EU &#8211; og er det ikke borgernes eget ansvar at s\u00e6tte sig ind i tingene?<\/em><\/p>\n<p>&#8220;Jo, men der er en markant forskel med regionen. P\u00e5 et eller andet tidspunkt er vi jo alle sammen i ber\u00f8ring med noget, der vedr\u00f8rer regionen. Vi g\u00e5r til l\u00e6ge af og til, vi skal ogs\u00e5 med bus af og til og ud i naturen. Der er rigtig mange ting, som regionen rent faktisk er inde over,&#8221; siger Lene Svenningsen.<\/p>\n<p>&#8220;S\u00e5 vi er en noget st\u00f8rre del af det end vi for eksempel er med EU. D\u00e9t er langt v\u00e6k. Men p\u00e5 en eller anden m\u00e5de kommer vi alle sammen i ber\u00f8ring med regionen,&#8221; tilf\u00f8jer hun. <a href=\"https:\/\/morsoe-begravelsesforretning.dk\/\"><img loading=\"lazy\" decoding=\"async\" class=\"alignright size-full wp-image-35519\" src=\"https:\/\/kunmedierne.dk\/mors\/wp-content\/uploads\/2020\/11\/ho5.jpg\" alt=\"\" width=\"1425\" height=\"127\" srcset=\"https:\/\/kunmedierne.dk\/mors\/wp-content\/uploads\/2020\/11\/ho5.jpg 1425w, https:\/\/kunmedierne.dk\/mors\/wp-content\/uploads\/2020\/11\/ho5-300x27.jpg 300w, https:\/\/kunmedierne.dk\/mors\/wp-content\/uploads\/2020\/11\/ho5-1024x91.jpg 1024w, https:\/\/kunmedierne.dk\/mors\/wp-content\/uploads\/2020\/11\/ho5-768x68.jpg 768w, https:\/\/kunmedierne.dk\/mors\/wp-content\/uploads\/2020\/11\/ho5-600x53.jpg 600w\" sizes=\"auto, (max-width: 1425px) 100vw, 1425px\" \/><\/a><\/p>\n<p>Det er en udbredt opfattelse, at hvis man placerede regionsr\u00e5dsvalget p\u00e5 en anden dato end den for kommunalvalget, ville valgdeltagelsen v\u00e6re markant lavere.<\/p>\n<p>Lene Svenningsen er enig.<\/p>\n<p>&#8220;Det er ogs\u00e5, fordi det er s\u00e5 fluffy. Vi kan sidde herhjemme og t\u00e6nke: &#8216;N\u00e5, s\u00e5 har de overskredet budgettet til det her supersygehus. Det tr\u00e6kker man lige p\u00e5 skuldrene af, men det er jo egentlig en k\u00e6mpe sag,&#8221; siger hun og vender tilbage til \u00f8nsket om, at Sundhedscenter Limfjorden kommer i spil til opgaver for regionen.<\/p>\n<p>&#8220;Jeg vil gerne have, at vi f\u00e5r brugt vores sundhedscenter konstruktivt, s\u00e5 det ikke altid er os, der skal flytte os. Vi skal tr\u00e6kke nogle ting herned,&#8221; siger hun og n\u00e6vner som eksempel et b\u00f8rnehospice som noget, der ogs\u00e5 kunne ligge p\u00e5 Mors.<\/p>\n<p>&nbsp;<\/p>\n<p><strong>To fra Venstre Mors i regionsr\u00e5det?<\/strong><\/p>\n<p>Lene Svenningsen kan nu se frem til valgkamp p\u00e5 to fronter. I den kommunalpolitiske er hun p\u00e5 hjemmebane, mens hun p\u00e5 regionsomr\u00e5det f\u00f8rst skal til at h\u00f8ste erfaringer.<\/p>\n<p>Det har en anden morsingbo til geng\u00e6ld &#8211; oven i k\u00f8bet fra Lene Svenningsens eget parti. For Peter Therkildsen sidder i forvejen i b\u00e5de kommunalbestyrelsen og regionsr\u00e5det.<\/p>\n<p>P\u00e5 sp\u00f8rgsm\u00e5let om der er plads til begge i regionsr\u00e5det svarer Lene Svenningsen:<\/p>\n<p>&#8220;Det bliver da sv\u00e6rt, og jeg skal ogs\u00e5 have stemmer fra Thisted-omr\u00e5det, for at jeg kan komme ind. Det bliver um\u00e5deligt sv\u00e6rt,&#8221; siger hun.<\/p>\n<p>&#8220;Jeg har ikke flere \u00e5rs erfaring inden for regionen, s\u00e5 det er ogs\u00e5 helt nyt for mig. Jeg kan ikke sidde og sige, at &#8216;s\u00e5dan og s\u00e5dan er det&#8217;. Det er en helt anden verden end det kommunale, s\u00e5 jeg skal starte forfra. Men jeg har mod p\u00e5 at s\u00e6tte mig ind i tingene og g\u00f8re en forskel p\u00e5 Mors,&#8221; siger hun. <a href=\"https:\/\/www.sparnord.dk\/filialer\/nykoebing-mors\/\"><img loading=\"lazy\" decoding=\"async\" class=\"alignright size-full wp-image-35699\" src=\"https:\/\/kunmedierne.dk\/mors\/wp-content\/uploads\/2020\/11\/ho6.jpg\" alt=\"\" width=\"1400\" height=\"123\" srcset=\"https:\/\/kunmedierne.dk\/mors\/wp-content\/uploads\/2020\/11\/ho6.jpg 1400w, https:\/\/kunmedierne.dk\/mors\/wp-content\/uploads\/2020\/11\/ho6-300x26.jpg 300w, https:\/\/kunmedierne.dk\/mors\/wp-content\/uploads\/2020\/11\/ho6-1024x90.jpg 1024w, https:\/\/kunmedierne.dk\/mors\/wp-content\/uploads\/2020\/11\/ho6-768x67.jpg 768w, https:\/\/kunmedierne.dk\/mors\/wp-content\/uploads\/2020\/11\/ho6-600x53.jpg 600w\" sizes=\"auto, (max-width: 1400px) 100vw, 1400px\" \/><\/a><\/p>\n<blockquote>\n<h2>FAKTA<\/h2>\n<h4>Navn: Lene Sch\u00f8ler Svenningsen.<\/h4>\n<h4>Parti: Venstre.<\/h4>\n<h4>F\u00f8dt: 11. april 1965.<\/h4>\n<h4>Bop\u00e6l: Nyk\u00f8bing.<\/h4>\n<h4>Skolegang i Breum og Thise. Student fra Skive Gymnasium.<\/h4>\n<h4>Gift med Aage Svenningsen og mor til to. Et barnebarn.<\/h4>\n<h4>Salgs- og eventmedarbejder i Thisted FC.<\/h4>\n<\/blockquote>\n<p><a href=\"https:\/\/www.braendselsforeningen.dk\/\"><img loading=\"lazy\" decoding=\"async\" class=\"alignright size-full wp-image-36029\" src=\"https:\/\/kunmedierne.dk\/mors\/wp-content\/uploads\/2020\/11\/Br\u00e6ndselsforeningen.jpg\" alt=\"\" width=\"1425\" height=\"127\" srcset=\"https:\/\/kunmedierne.dk\/mors\/wp-content\/uploads\/2020\/11\/Br\u00e6ndselsforeningen.jpg 1425w, https:\/\/kunmedierne.dk\/mors\/wp-content\/uploads\/2020\/11\/Br\u00e6ndselsforeningen-300x27.jpg 300w, https:\/\/kunmedierne.dk\/mors\/wp-content\/uploads\/2020\/11\/Br\u00e6ndselsforeningen-1024x91.jpg 1024w, https:\/\/kunmedierne.dk\/mors\/wp-content\/uploads\/2020\/11\/Br\u00e6ndselsforeningen-768x68.jpg 768w, https:\/\/kunmedierne.dk\/mors\/wp-content\/uploads\/2020\/11\/Br\u00e6ndselsforeningen-600x53.jpg 600w\" sizes=\"auto, (max-width: 1425px) 100vw, 1425px\" \/><\/a><\/p>\n<blockquote>\n<h2>Kandidater til KV2021 fra denne serie:<\/h2>\n<h5><a href=\"https:\/\/kunmedierne.dk\/mors\/roed-paa-fodboldbanen-blaa-udenfor\/\" target=\"_blank\" rel=\"noopener noreferrer\">Henrik \u2018Sivert\u2019 Kristensen (Venstre)<\/a><\/h5>\n<h5><a href=\"https:\/\/kunmedierne.dk\/mors\/man-bliver-jo-spurgt-hvert-fjerde-aar\/\" target=\"_blank\" rel=\"noopener noreferrer\">Jens Hvid Skouboe (Demokratisk Balance)<\/a><\/h5>\n<h5><a href=\"https:\/\/kunmedierne.dk\/mors\/vi-skal-have-brudt-venstres-absolutte-flertal\/\" target=\"_blank\" rel=\"noopener noreferrer\">Lars Bo Majgaard (Radikale Venstre)<\/a><\/h5>\n<h5>Lene Svenningsen (Venstre)<\/h5>\n<h5><a href=\"https:\/\/kunmedierne.dk\/mors\/tilbage-til-udgangspunktet-det-er-her-jeg-hoerer-til\/\" target=\"_blank\" rel=\"noopener noreferrer\">Rasmus Christensen (Venstre)<\/a><\/h5>\n<h5><a href=\"https:\/\/kunmedierne.dk\/mors\/konservative-vil-bryde-venstres-flertal\/\" target=\"_blank\" rel=\"noopener noreferrer\">Thomas Jensen (Konservative)<\/a><\/h5>\n<p>&nbsp;<\/p>\n<p>Stiller du op til kommunalvalget, og \u00f8nsker du at blive en del af serien, kan du skrive til os p\u00e5 e-mail: redaktion@kunmedierne.dk\/mors.<\/p>\n<p>&nbsp;<\/p>\n<p>Find alle vores artikler om politik\u00a0<a href=\"https:\/\/kunmedierne.dk\/mors\/tag\/politik\/\" target=\"_blank\" rel=\"noopener noreferrer\">her<\/a>.<\/p><\/blockquote>\n","protected":false},"excerpt":{"rendered":"<p>NYK\u00d8BING: &#8220;Psykiatrien har v\u00e6ret meget nedprioriteret i regionen.&#8221; Lene Svenningsen l\u00e6gger ikke skjul p\u00e5, hvilket omr\u00e5de hun is\u00e6r vil kaste sig over, n\u00e5r hun til efter\u00e5ret skal til valgkamp p\u00e5 to fronter. Venstre-politikeren stiller nemlig op til regionsr\u00e5dsvalget &#8211; og selv om det endnu ikke er officielt, l\u00e6gger hun ogs\u00e5 op til, at han g\u00e5r [&hellip;]<\/p>\n","protected":false},"author":8,"featured_media":18492,"comment_status":"open","ping_status":"open","sticky":false,"template":"","format":"standard","meta":{"_acf_changed":false,"footnotes":""},"categories":[51],"tags":[167],"class_list":["post-40136","post","type-post","status-publish","format-standard","has-post-thumbnail","hentry","category-lokalt","tag-politik"],"acf":[],"yoast_head":"<!-- This site is optimized with the Yoast SEO plugin v26.8 - https:\/\/yoast.com\/product\/yoast-seo-wordpress\/ -->\n<title>Lene Svenningsen vil i regionsr\u00e5det - Mors<\/title>\n<meta name=\"robots\" content=\"index, follow, max-snippet:-1, max-image-preview:large, max-video-preview:-1\" \/>\n<link rel=\"canonical\" href=\"https:\/\/kunmedierne.dk\/mors\/lene-svenningsen-vil-i-regionsraadet\/\" \/>\n<meta property=\"og:locale\" content=\"da_DK\" \/>\n<meta property=\"og:type\" content=\"article\" \/>\n<meta property=\"og:title\" content=\"Lene Svenningsen vil i regionsr\u00e5det - Mors\" \/>\n<meta property=\"og:description\" content=\"NYK\u00d8BING: &#8220;Psykiatrien har v\u00e6ret meget nedprioriteret i regionen.&#8221; Lene Svenningsen l\u00e6gger ikke skjul p\u00e5, hvilket omr\u00e5de hun is\u00e6r vil kaste sig over, n\u00e5r hun til efter\u00e5ret skal til valgkamp p\u00e5 to fronter. Venstre-politikeren stiller nemlig op til regionsr\u00e5dsvalget &#8211; og selv om det endnu ikke er officielt, l\u00e6gger hun ogs\u00e5 op til, at han g\u00e5r [&hellip;]\" \/>\n<meta property=\"og:url\" content=\"https:\/\/kunmedierne.dk\/mors\/lene-svenningsen-vil-i-regionsraadet\/\" \/>\n<meta property=\"og:site_name\" content=\"Mors\" \/>\n<meta property=\"article:published_time\" content=\"2021-02-17T10:04:02+00:00\" \/>\n<meta property=\"article:modified_time\" content=\"2024-08-12T11:37:50+00:00\" \/>\n<meta property=\"og:image\" content=\"https:\/\/kunmedierne.dk\/mors\/wp-content\/uploads\/2020\/04\/0-debat-lene-svenningsen-V.jpg\" \/>\n\t<meta property=\"og:image:width\" content=\"770\" \/>\n\t<meta property=\"og:image:height\" content=\"513\" \/>\n\t<meta property=\"og:image:type\" content=\"image\/jpeg\" \/>\n<meta name=\"author\" content=\"David H\u00f8jmark\" \/>\n<meta name=\"twitter:card\" content=\"summary_large_image\" \/>\n<meta name=\"twitter:label1\" content=\"Skrevet af\" \/>\n\t<meta name=\"twitter:data1\" content=\"David H\u00f8jmark\" \/>\n\t<meta name=\"twitter:label2\" content=\"Estimeret l\u00e6setid\" \/>\n\t<meta name=\"twitter:data2\" content=\"7 minutter\" \/>\n<script type=\"application\/ld+json\" class=\"yoast-schema-graph\">{\"@context\":\"https:\/\/schema.org\",\"@graph\":[{\"@type\":\"Article\",\"@id\":\"https:\/\/kunmedierne.dk\/mors\/lene-svenningsen-vil-i-regionsraadet\/#article\",\"isPartOf\":{\"@id\":\"https:\/\/kunmedierne.dk\/mors\/lene-svenningsen-vil-i-regionsraadet\/\"},\"author\":{\"name\":\"David H\u00f8jmark\",\"@id\":\"https:\/\/kunmedierne.dk\/mors\/#\/schema\/person\/5fe23251bf1d0abbcdc6f7896579d548\"},\"headline\":\"Lene Svenningsen vil i regionsr\u00e5det\",\"datePublished\":\"2021-02-17T10:04:02+00:00\",\"dateModified\":\"2024-08-12T11:37:50+00:00\",\"mainEntityOfPage\":{\"@id\":\"https:\/\/kunmedierne.dk\/mors\/lene-svenningsen-vil-i-regionsraadet\/\"},\"wordCount\":1311,\"commentCount\":0,\"publisher\":{\"@id\":\"https:\/\/kunmedierne.dk\/mors\/#organization\"},\"image\":{\"@id\":\"https:\/\/kunmedierne.dk\/mors\/lene-svenningsen-vil-i-regionsraadet\/#primaryimage\"},\"thumbnailUrl\":\"https:\/\/kunmedierne.dk\/mors\/wp-content\/uploads\/2020\/04\/0-debat-lene-svenningsen-V.jpg\",\"keywords\":[\"Politik\"],\"articleSection\":[\"Lokalt\"],\"inLanguage\":\"da-DK\",\"potentialAction\":[{\"@type\":\"CommentAction\",\"name\":\"Comment\",\"target\":[\"https:\/\/kunmedierne.dk\/mors\/lene-svenningsen-vil-i-regionsraadet\/#respond\"]}]},{\"@type\":\"WebPage\",\"@id\":\"https:\/\/kunmedierne.dk\/mors\/lene-svenningsen-vil-i-regionsraadet\/\",\"url\":\"https:\/\/kunmedierne.dk\/mors\/lene-svenningsen-vil-i-regionsraadet\/\",\"name\":\"Lene Svenningsen vil i regionsr\u00e5det - Mors\",\"isPartOf\":{\"@id\":\"https:\/\/kunmedierne.dk\/mors\/#website\"},\"primaryImageOfPage\":{\"@id\":\"https:\/\/kunmedierne.dk\/mors\/lene-svenningsen-vil-i-regionsraadet\/#primaryimage\"},\"image\":{\"@id\":\"https:\/\/kunmedierne.dk\/mors\/lene-svenningsen-vil-i-regionsraadet\/#primaryimage\"},\"thumbnailUrl\":\"https:\/\/kunmedierne.dk\/mors\/wp-content\/uploads\/2020\/04\/0-debat-lene-svenningsen-V.jpg\",\"datePublished\":\"2021-02-17T10:04:02+00:00\",\"dateModified\":\"2024-08-12T11:37:50+00:00\",\"breadcrumb\":{\"@id\":\"https:\/\/kunmedierne.dk\/mors\/lene-svenningsen-vil-i-regionsraadet\/#breadcrumb\"},\"inLanguage\":\"da-DK\",\"potentialAction\":[{\"@type\":\"ReadAction\",\"target\":[\"https:\/\/kunmedierne.dk\/mors\/lene-svenningsen-vil-i-regionsraadet\/\"]}]},{\"@type\":\"ImageObject\",\"inLanguage\":\"da-DK\",\"@id\":\"https:\/\/kunmedierne.dk\/mors\/lene-svenningsen-vil-i-regionsraadet\/#primaryimage\",\"url\":\"https:\/\/kunmedierne.dk\/mors\/wp-content\/uploads\/2020\/04\/0-debat-lene-svenningsen-V.jpg\",\"contentUrl\":\"https:\/\/kunmedierne.dk\/mors\/wp-content\/uploads\/2020\/04\/0-debat-lene-svenningsen-V.jpg\",\"width\":770,\"height\":513,\"caption\":\"Lene Svenningsen (V). Foto: Mors\u00f8 Kommune.\"},{\"@type\":\"BreadcrumbList\",\"@id\":\"https:\/\/kunmedierne.dk\/mors\/lene-svenningsen-vil-i-regionsraadet\/#breadcrumb\",\"itemListElement\":[{\"@type\":\"ListItem\",\"position\":1,\"name\":\"Hjem\",\"item\":\"https:\/\/kunmedierne.dk\/mors\/\"},{\"@type\":\"ListItem\",\"position\":2,\"name\":\"Lene Svenningsen vil i regionsr\u00e5det\"}]},{\"@type\":\"WebSite\",\"@id\":\"https:\/\/kunmedierne.dk\/mors\/#website\",\"url\":\"https:\/\/kunmedierne.dk\/mors\/\",\"name\":\"Mors\",\"description\":\"et netmedie med journalistik om livet p\u00e5 Mors\",\"publisher\":{\"@id\":\"https:\/\/kunmedierne.dk\/mors\/#organization\"},\"potentialAction\":[{\"@type\":\"SearchAction\",\"target\":{\"@type\":\"EntryPoint\",\"urlTemplate\":\"https:\/\/kunmedierne.dk\/mors\/?s={search_term_string}\"},\"query-input\":{\"@type\":\"PropertyValueSpecification\",\"valueRequired\":true,\"valueName\":\"search_term_string\"}}],\"inLanguage\":\"da-DK\"},{\"@type\":\"Organization\",\"@id\":\"https:\/\/kunmedierne.dk\/mors\/#organization\",\"name\":\"Mors\",\"url\":\"https:\/\/kunmedierne.dk\/mors\/\",\"logo\":{\"@type\":\"ImageObject\",\"inLanguage\":\"da-DK\",\"@id\":\"https:\/\/kunmedierne.dk\/mors\/#\/schema\/logo\/image\/\",\"url\":\"https:\/\/kunmedierne.dk\/mors\/wp-content\/uploads\/2024\/08\/kunmors-logo.svg\",\"contentUrl\":\"https:\/\/kunmedierne.dk\/mors\/wp-content\/uploads\/2024\/08\/kunmors-logo.svg\",\"caption\":\"Mors\"},\"image\":{\"@id\":\"https:\/\/kunmedierne.dk\/mors\/#\/schema\/logo\/image\/\"}},{\"@type\":\"Person\",\"@id\":\"https:\/\/kunmedierne.dk\/mors\/#\/schema\/person\/5fe23251bf1d0abbcdc6f7896579d548\",\"name\":\"David H\u00f8jmark\",\"image\":{\"@type\":\"ImageObject\",\"inLanguage\":\"da-DK\",\"@id\":\"https:\/\/kunmedierne.dk\/mors\/#\/schema\/person\/image\/\",\"url\":\"https:\/\/secure.gravatar.com\/avatar\/4315d6fb9ef244d729989f5f90268eb08d5bf8a3d84402f595fa194bb35784fd?s=96&d=mm&r=g\",\"contentUrl\":\"https:\/\/secure.gravatar.com\/avatar\/4315d6fb9ef244d729989f5f90268eb08d5bf8a3d84402f595fa194bb35784fd?s=96&d=mm&r=g\",\"caption\":\"David H\u00f8jmark\"},\"sameAs\":[\"https:\/\/www.kunmedierne.dk\"],\"url\":\"https:\/\/kunmedierne.dk\/mors\/author\/david\/\"}]}<\/script>\n<!-- \/ Yoast SEO plugin. -->","yoast_head_json":{"title":"Lene Svenningsen vil i regionsr\u00e5det - Mors","robots":{"index":"index","follow":"follow","max-snippet":"max-snippet:-1","max-image-preview":"max-image-preview:large","max-video-preview":"max-video-preview:-1"},"canonical":"https:\/\/kunmedierne.dk\/mors\/lene-svenningsen-vil-i-regionsraadet\/","og_locale":"da_DK","og_type":"article","og_title":"Lene Svenningsen vil i regionsr\u00e5det - Mors","og_description":"NYK\u00d8BING: &#8220;Psykiatrien har v\u00e6ret meget nedprioriteret i regionen.&#8221; Lene Svenningsen l\u00e6gger ikke skjul p\u00e5, hvilket omr\u00e5de hun is\u00e6r vil kaste sig over, n\u00e5r hun til efter\u00e5ret skal til valgkamp p\u00e5 to fronter. Venstre-politikeren stiller nemlig op til regionsr\u00e5dsvalget &#8211; og selv om det endnu ikke er officielt, l\u00e6gger hun ogs\u00e5 op til, at han g\u00e5r [&hellip;]","og_url":"https:\/\/kunmedierne.dk\/mors\/lene-svenningsen-vil-i-regionsraadet\/","og_site_name":"Mors","article_published_time":"2021-02-17T10:04:02+00:00","article_modified_time":"2024-08-12T11:37:50+00:00","og_image":[{"width":770,"height":513,"url":"https:\/\/kunmedierne.dk\/mors\/wp-content\/uploads\/2020\/04\/0-debat-lene-svenningsen-V.jpg","type":"image\/jpeg"}],"author":"David H\u00f8jmark","twitter_card":"summary_large_image","twitter_misc":{"Skrevet af":"David H\u00f8jmark","Estimeret l\u00e6setid":"7 minutter"},"schema":{"@context":"https:\/\/schema.org","@graph":[{"@type":"Article","@id":"https:\/\/kunmedierne.dk\/mors\/lene-svenningsen-vil-i-regionsraadet\/#article","isPartOf":{"@id":"https:\/\/kunmedierne.dk\/mors\/lene-svenningsen-vil-i-regionsraadet\/"},"author":{"name":"David H\u00f8jmark","@id":"https:\/\/kunmedierne.dk\/mors\/#\/schema\/person\/5fe23251bf1d0abbcdc6f7896579d548"},"headline":"Lene Svenningsen vil i regionsr\u00e5det","datePublished":"2021-02-17T10:04:02+00:00","dateModified":"2024-08-12T11:37:50+00:00","mainEntityOfPage":{"@id":"https:\/\/kunmedierne.dk\/mors\/lene-svenningsen-vil-i-regionsraadet\/"},"wordCount":1311,"commentCount":0,"publisher":{"@id":"https:\/\/kunmedierne.dk\/mors\/#organization"},"image":{"@id":"https:\/\/kunmedierne.dk\/mors\/lene-svenningsen-vil-i-regionsraadet\/#primaryimage"},"thumbnailUrl":"https:\/\/kunmedierne.dk\/mors\/wp-content\/uploads\/2020\/04\/0-debat-lene-svenningsen-V.jpg","keywords":["Politik"],"articleSection":["Lokalt"],"inLanguage":"da-DK","potentialAction":[{"@type":"CommentAction","name":"Comment","target":["https:\/\/kunmedierne.dk\/mors\/lene-svenningsen-vil-i-regionsraadet\/#respond"]}]},{"@type":"WebPage","@id":"https:\/\/kunmedierne.dk\/mors\/lene-svenningsen-vil-i-regionsraadet\/","url":"https:\/\/kunmedierne.dk\/mors\/lene-svenningsen-vil-i-regionsraadet\/","name":"Lene Svenningsen vil i regionsr\u00e5det - Mors","isPartOf":{"@id":"https:\/\/kunmedierne.dk\/mors\/#website"},"primaryImageOfPage":{"@id":"https:\/\/kunmedierne.dk\/mors\/lene-svenningsen-vil-i-regionsraadet\/#primaryimage"},"image":{"@id":"https:\/\/kunmedierne.dk\/mors\/lene-svenningsen-vil-i-regionsraadet\/#primaryimage"},"thumbnailUrl":"https:\/\/kunmedierne.dk\/mors\/wp-content\/uploads\/2020\/04\/0-debat-lene-svenningsen-V.jpg","datePublished":"2021-02-17T10:04:02+00:00","dateModified":"2024-08-12T11:37:50+00:00","breadcrumb":{"@id":"https:\/\/kunmedierne.dk\/mors\/lene-svenningsen-vil-i-regionsraadet\/#breadcrumb"},"inLanguage":"da-DK","potentialAction":[{"@type":"ReadAction","target":["https:\/\/kunmedierne.dk\/mors\/lene-svenningsen-vil-i-regionsraadet\/"]}]},{"@type":"ImageObject","inLanguage":"da-DK","@id":"https:\/\/kunmedierne.dk\/mors\/lene-svenningsen-vil-i-regionsraadet\/#primaryimage","url":"https:\/\/kunmedierne.dk\/mors\/wp-content\/uploads\/2020\/04\/0-debat-lene-svenningsen-V.jpg","contentUrl":"https:\/\/kunmedierne.dk\/mors\/wp-content\/uploads\/2020\/04\/0-debat-lene-svenningsen-V.jpg","width":770,"height":513,"caption":"Lene Svenningsen (V). Foto: Mors\u00f8 Kommune."},{"@type":"BreadcrumbList","@id":"https:\/\/kunmedierne.dk\/mors\/lene-svenningsen-vil-i-regionsraadet\/#breadcrumb","itemListElement":[{"@type":"ListItem","position":1,"name":"Hjem","item":"https:\/\/kunmedierne.dk\/mors\/"},{"@type":"ListItem","position":2,"name":"Lene Svenningsen vil i regionsr\u00e5det"}]},{"@type":"WebSite","@id":"https:\/\/kunmedierne.dk\/mors\/#website","url":"https:\/\/kunmedierne.dk\/mors\/","name":"Mors","description":"et netmedie med journalistik om livet p\u00e5 Mors","publisher":{"@id":"https:\/\/kunmedierne.dk\/mors\/#organization"},"potentialAction":[{"@type":"SearchAction","target":{"@type":"EntryPoint","urlTemplate":"https:\/\/kunmedierne.dk\/mors\/?s={search_term_string}"},"query-input":{"@type":"PropertyValueSpecification","valueRequired":true,"valueName":"search_term_string"}}],"inLanguage":"da-DK"},{"@type":"Organization","@id":"https:\/\/kunmedierne.dk\/mors\/#organization","name":"Mors","url":"https:\/\/kunmedierne.dk\/mors\/","logo":{"@type":"ImageObject","inLanguage":"da-DK","@id":"https:\/\/kunmedierne.dk\/mors\/#\/schema\/logo\/image\/","url":"https:\/\/kunmedierne.dk\/mors\/wp-content\/uploads\/2024\/08\/kunmors-logo.svg","contentUrl":"https:\/\/kunmedierne.dk\/mors\/wp-content\/uploads\/2024\/08\/kunmors-logo.svg","caption":"Mors"},"image":{"@id":"https:\/\/kunmedierne.dk\/mors\/#\/schema\/logo\/image\/"}},{"@type":"Person","@id":"https:\/\/kunmedierne.dk\/mors\/#\/schema\/person\/5fe23251bf1d0abbcdc6f7896579d548","name":"David H\u00f8jmark","image":{"@type":"ImageObject","inLanguage":"da-DK","@id":"https:\/\/kunmedierne.dk\/mors\/#\/schema\/person\/image\/","url":"https:\/\/secure.gravatar.com\/avatar\/4315d6fb9ef244d729989f5f90268eb08d5bf8a3d84402f595fa194bb35784fd?s=96&d=mm&r=g","contentUrl":"https:\/\/secure.gravatar.com\/avatar\/4315d6fb9ef244d729989f5f90268eb08d5bf8a3d84402f595fa194bb35784fd?s=96&d=mm&r=g","caption":"David H\u00f8jmark"},"sameAs":["https:\/\/www.kunmedierne.dk"],"url":"https:\/\/kunmedierne.dk\/mors\/author\/david\/"}]}},"_links":{"self":[{"href":"https:\/\/kunmedierne.dk\/mors\/wp-json\/wp\/v2\/posts\/40136","targetHints":{"allow":["GET"]}}],"collection":[{"href":"https:\/\/kunmedierne.dk\/mors\/wp-json\/wp\/v2\/posts"}],"about":[{"href":"https:\/\/kunmedierne.dk\/mors\/wp-json\/wp\/v2\/types\/post"}],"author":[{"embeddable":true,"href":"https:\/\/kunmedierne.dk\/mors\/wp-json\/wp\/v2\/users\/8"}],"replies":[{"embeddable":true,"href":"https:\/\/kunmedierne.dk\/mors\/wp-json\/wp\/v2\/comments?post=40136"}],"version-history":[{"count":4,"href":"https:\/\/kunmedierne.dk\/mors\/wp-json\/wp\/v2\/posts\/40136\/revisions"}],"predecessor-version":[{"id":40146,"href":"https:\/\/kunmedierne.dk\/mors\/wp-json\/wp\/v2\/posts\/40136\/revisions\/40146"}],"wp:featuredmedia":[{"embeddable":true,"href":"https:\/\/kunmedierne.dk\/mors\/wp-json\/wp\/v2\/media\/18492"}],"wp:attachment":[{"href":"https:\/\/kunmedierne.dk\/mors\/wp-json\/wp\/v2\/media?parent=40136"}],"wp:term":[{"taxonomy":"category","embeddable":true,"href":"https:\/\/kunmedierne.dk\/mors\/wp-json\/wp\/v2\/categories?post=40136"},{"taxonomy":"post_tag","embeddable":true,"href":"https:\/\/kunmedierne.dk\/mors\/wp-json\/wp\/v2\/tags?post=40136"}],"curies":[{"name":"wp","href":"https:\/\/api.w.org\/{rel}","templated":true}]}}