{"id":39912,"date":"2021-02-12T20:33:37","date_gmt":"2021-02-12T19:33:37","guid":{"rendered":"https:\/\/kunmedierne.dk\/mors\/?p=39912"},"modified":"2024-08-12T13:37:51","modified_gmt":"2024-08-12T11:37:51","slug":"facts-og-ikke-mavefornemmelser-ved-ambulanceudbud","status":"publish","type":"post","link":"https:\/\/kunmedierne.dk\/mors\/facts-og-ikke-mavefornemmelser-ved-ambulanceudbud\/","title":{"rendered":"Facts og ikke mavefornemmelser ved ambulanceudbud"},"content":{"rendered":"<p><em>Fra Jacob Thomsen, Nyk\u00f8bing, har vi modtaget:<\/em><\/p>\n<hr \/>\n<p class=\"v1MsoNormal\"><strong>MORS<\/strong>: Lauge Larsen <a href=\"https:\/\/kunmedierne.dk\/mors\/facts-skal-afgoere-det-ikke-mavefornemmelse\/\" target=\"_blank\" rel=\"noopener noreferrer\">beroliger med<\/a>, at Regionsr\u00e5det har v\u00e6ret s\u00e6rdeles grundige i forbindelse med udbudsrunden, samt at alle omkostninger er indregnet. Tak for det!<\/p>\n<p class=\"v1MsoNormal\">Jeg er helt enig med Lauge Larsen i at ydelser, skal sendes i offentlige udbud, samt at der skal v\u00e6re fri konkurrence. Den bedste operat\u00f8r m\u00e5lt p\u00e5 pris og kvalitet skal v\u00e6lges \u2013 S\u00e5dan b\u00f8r det altid v\u00e6re. Jeg b\u00f8jer mig i st\u00f8vet over, at Regionsr\u00e5det og gl\u00e6des over en besparelse p\u00e5 hele 26 mio. \u00e5rligt. \u2013 En besparelse Ulla Astman offentliggjorde i sidste uge, og som Lauge Larsen bekr\u00e6ftede tidligere p\u00e5 ugen i KunMors.<\/p>\n<p class=\"v1v1msonormal\">S\u00e5ledes beroliget \u2013 Med hensyn til omhyggeligheden i licitationen og operat\u00f8rvalget, \u00f8nsker jeg med udgangspunkt i en artikel i <a href=\"https:\/\/l.facebook.com\/l.php?u=https%3A%2F%2Fwww.aars.dk%2Fnyhed%2Ffalck-satser-p%25C3%25A5-kvalitet%3Ffbclid%3DIwAR01njGMxfgj5yQZXcSb6Vsj_aXux4_vGEW8F1APuv7PM9oUhDTFAv7XU6w&amp;h=AT3kONRGyYvYPa9-c1hVVOhlqAZpOYx1dlgIzicOjeNZxn3j9VKJdku9S8lJBnRJ2D0KtcTa3k9GEMqrmdIazvEc2uZ7nMFGEZIr3NH0Xmx5mE3GqRQCuoTNTmEkbRBxSNDzr_kpEcK3\" target=\"_blank\" rel=\"noopener noreferrer\">Aars Avis<\/a>, at skaffe klarhed over besparelsens omfang, samt kriterierne.<\/p>\n<p class=\"v1v1msonormal\">Regionsdirekt\u00f8r Falck, Kjeld Brogaard redeg\u00f8r for udbuddet i Region Nordjylland. Licitationen har v\u00e6ret opdelt i 4 delomr\u00e5der. Regionen vinder selv 2 delomr\u00e5der og PreMed vinder 2 \u2013 Her i blandt Mors. <a href=\"https:\/\/vognmand-filtenborg.dk\/\"><img loading=\"lazy\" decoding=\"async\" class=\"alignright size-full wp-image-35525\" src=\"https:\/\/kunmedierne.dk\/mors\/wp-content\/uploads\/2020\/11\/ho1.jpg\" alt=\"\" width=\"1400\" height=\"125\" srcset=\"https:\/\/kunmedierne.dk\/mors\/wp-content\/uploads\/2020\/11\/ho1.jpg 1400w, https:\/\/kunmedierne.dk\/mors\/wp-content\/uploads\/2020\/11\/ho1-300x27.jpg 300w, https:\/\/kunmedierne.dk\/mors\/wp-content\/uploads\/2020\/11\/ho1-1024x91.jpg 1024w, https:\/\/kunmedierne.dk\/mors\/wp-content\/uploads\/2020\/11\/ho1-768x69.jpg 768w, https:\/\/kunmedierne.dk\/mors\/wp-content\/uploads\/2020\/11\/ho1-600x54.jpg 600w\" sizes=\"auto, (max-width: 1400px) 100vw, 1400px\" \/><\/a><\/p>\n<p class=\"v1v1msonormal\">Kjeld Brogaard udtaler, at Falcks oprindelige pris i Aalborg og Vendsyssel l\u00e5 langt under konkurrenternes. Regionen valgte, at annullere udbuddet for selv at hjemtage opgaven. Lauge Larsen forsikrer, at fremgangsm\u00e5den er i henhold til g\u00e6ldende regler. Umiddelbart lyder det forkert i mine \u00f8rer, at en offentlig instans, Region Nordjylland sender en opgave i udbud, modtager priser for derefter at annullere udbuddet og selv hjemtage opgaven \u2013 Fri konkurrence??<\/p>\n<p class=\"v1v1msonormal\">Men naturligvis har Region Nordjylland overholdt alle regler, det \u00f8nsker jeg ikke at betvivle, i det jeg uvidende om reglerne p\u00e5 omr\u00e5det.<\/p>\n<p class=\"v1v1msonormal\">Kjeld Brogaard udtaler videre\u00a0<i>&#8220;Forskellen mellem de v\u00e6gtede priser er 2,7 mio kr. mellem PreMed og Falck i de to omr\u00e5der som PreMed har vundet og Falck har i \u00f8vrigt i alle 4 delomr\u00e5der f\u00e5et den bedste vurdering p\u00e5 kvalitet\u201d<\/i><\/p>\n<p class=\"v1v1msonormal\">&#8211; Opsummeret gengives det, at Falcks oprindelige pris var billigst i Aalborg og Vendsyssel, forskellen i de to \u00f8vrige underomr\u00e5der, der i blandt Mors var 2,7 mio. kr. \u00c5rligt. Jf. min beskedne evne til hovedregning, er der meget langt op til en \u00e5rlig besparelse p\u00e5 26 mio. kr. \u00e5rligt. Et bel\u00f8b som b\u00e5de Ulla Astman og Lauge Larsen bekr\u00e6ftet offentligt \u2013 Hvordan h\u00e6nger det sammen? <a href=\"http:\/\/www.limfjordsteatret.dk\/#front\"><img loading=\"lazy\" decoding=\"async\" class=\"alignright size-full wp-image-35527\" src=\"https:\/\/kunmedierne.dk\/mors\/wp-content\/uploads\/2020\/11\/ho3.jpg\" alt=\"\" width=\"1400\" height=\"125\" srcset=\"https:\/\/kunmedierne.dk\/mors\/wp-content\/uploads\/2020\/11\/ho3.jpg 1400w, https:\/\/kunmedierne.dk\/mors\/wp-content\/uploads\/2020\/11\/ho3-300x27.jpg 300w, https:\/\/kunmedierne.dk\/mors\/wp-content\/uploads\/2020\/11\/ho3-1024x91.jpg 1024w, https:\/\/kunmedierne.dk\/mors\/wp-content\/uploads\/2020\/11\/ho3-768x69.jpg 768w, https:\/\/kunmedierne.dk\/mors\/wp-content\/uploads\/2020\/11\/ho3-600x54.jpg 600w\" sizes=\"auto, (max-width: 1400px) 100vw, 1400px\" \/><\/a><\/p>\n<p class=\"v1v1msonormal\">V\u00e6gtede priser \u2013 Hvad er det? \u2013 Kriterierne i udbudsmaterialet har v\u00e6ret at Regionen v\u00e6gtede kvaliteten med 30% og prisen med 70% &#8211; Dermed v\u00e6lger Region Nordjylland, at v\u00e6gte kvaliteten lavere end de \u00f8vrige regioner.<\/p>\n<p class=\"v1v1msonormal\">-Som n\u00e6vnt i et tidligere indl\u00e6g, blev den nye ambulanceoperat\u00f8r p\u00e5 Mors, PreMed fravalgt i Region Midt pga. kvaliteten. Det vil med andre ord sige, at borgerne p\u00e5 Mors bliver testpersoner for en operat\u00f8r, der aldrig tidligere har k\u00f8rt ambulancek\u00f8rsel i Danmark p\u00e5 baggrund af en ubetydelig besparelse p\u00e5 mellem 1 og 2 mio. kr. \u00c5rligt. \u2013 Forudsat, at de tal Regionsdirekt\u00f8r Falck, Kjeld Brogaard fremkommer med er korrekte, vil jeg gentage mit sp\u00f8rgsm\u00e5l til Lauge Larsen. Har regionen en plan-B, hvis det viser sig, at PreMed ikke kan l\u00f8fte opgaven? <a href=\"https:\/\/vester-begr.dk\"><img loading=\"lazy\" decoding=\"async\" class=\"alignright size-full wp-image-35526\" src=\"https:\/\/kunmedierne.dk\/mors\/wp-content\/uploads\/2020\/11\/ho2.jpg\" alt=\"\" width=\"1400\" height=\"125\" srcset=\"https:\/\/kunmedierne.dk\/mors\/wp-content\/uploads\/2020\/11\/ho2.jpg 1400w, https:\/\/kunmedierne.dk\/mors\/wp-content\/uploads\/2020\/11\/ho2-300x27.jpg 300w, https:\/\/kunmedierne.dk\/mors\/wp-content\/uploads\/2020\/11\/ho2-1024x91.jpg 1024w, https:\/\/kunmedierne.dk\/mors\/wp-content\/uploads\/2020\/11\/ho2-768x69.jpg 768w, https:\/\/kunmedierne.dk\/mors\/wp-content\/uploads\/2020\/11\/ho2-600x54.jpg 600w\" sizes=\"auto, (max-width: 1400px) 100vw, 1400px\" \/><\/a><\/p>\n<p class=\"v1v1msonormal\">Borgerne fortjener klarhed og korrekt kommunikation omkring beslutningen. Besparelsen p\u00e5 de 26 mio. kr. \u00e5rligt hvad er de regnet ud fra? Findes der en plan-B? og endeligt, hvis ovenst\u00e5ende tal fra Regionsdirekt\u00f8ren er korrekte, overstiger risikoen ved afpr\u00f8vning af en ny ambulanceoperat\u00f8r p\u00e5 Mors s\u00e5 ikke besparelsen p\u00e5 et par mio.?<\/p>\n<p class=\"v1v1msonormal\">Regionr\u00e5dets beslutning om fravalget af Falck blev solgt til offentligheden under overskriften \u201d\u00e5rlig besparelse p\u00e5 26 mio. kr.\u201d \u2013 Pr\u00e6senteret s\u00e5ledes forst\u00e5r 9 ud af 10 l\u00e6sere, at Falck har misbrugt deres dominerende position, plejet deres aktion\u00e6rer og forlangt en overpris p\u00e5 26 mio. kr. \u00e5rligt frem til 1. april 2022. Det synes ikke at v\u00e6re hele sandheden.<\/p>\n<hr \/>\n<p class=\"v1v1msonormal\"><em>Har du et bidrag til den lokale debat? Send det til os p\u00e5 e-mail: debat@kunmedierne.dk\/mors. Husk at l\u00e6se korrektur inden afsendelse p\u00e5 indl\u00e6gget.<\/em><\/p>\n","protected":false},"excerpt":{"rendered":"<p>Fra Jacob Thomsen, Nyk\u00f8bing, har vi modtaget: MORS: Lauge Larsen beroliger med, at Regionsr\u00e5det har v\u00e6ret s\u00e6rdeles grundige i forbindelse med udbudsrunden, samt at alle omkostninger er indregnet. Tak for det! Jeg er helt enig med Lauge Larsen i at ydelser, skal sendes i offentlige udbud, samt at der skal v\u00e6re fri konkurrence. Den bedste [&hellip;]<\/p>\n","protected":false},"author":11,"featured_media":15625,"comment_status":"open","ping_status":"open","sticky":false,"template":"","format":"standard","meta":{"_acf_changed":false,"footnotes":""},"categories":[54,56],"tags":[167],"class_list":["post-39912","post","type-post","status-publish","format-standard","has-post-thumbnail","hentry","category-54","category-debat","tag-politik"],"acf":[],"yoast_head":"<!-- This site is optimized with the Yoast SEO plugin v26.8 - https:\/\/yoast.com\/product\/yoast-seo-wordpress\/ -->\n<title>Facts og ikke mavefornemmelser ved ambulanceudbud - Mors<\/title>\n<meta name=\"robots\" content=\"index, follow, max-snippet:-1, max-image-preview:large, max-video-preview:-1\" \/>\n<link rel=\"canonical\" href=\"https:\/\/kunmedierne.dk\/mors\/facts-og-ikke-mavefornemmelser-ved-ambulanceudbud\/\" \/>\n<meta property=\"og:locale\" content=\"da_DK\" \/>\n<meta property=\"og:type\" content=\"article\" \/>\n<meta property=\"og:title\" content=\"Facts og ikke mavefornemmelser ved ambulanceudbud - Mors\" \/>\n<meta property=\"og:description\" content=\"Fra Jacob Thomsen, Nyk\u00f8bing, har vi modtaget: MORS: Lauge Larsen beroliger med, at Regionsr\u00e5det har v\u00e6ret s\u00e6rdeles grundige i forbindelse med udbudsrunden, samt at alle omkostninger er indregnet. Tak for det! Jeg er helt enig med Lauge Larsen i at ydelser, skal sendes i offentlige udbud, samt at der skal v\u00e6re fri konkurrence. Den bedste [&hellip;]\" \/>\n<meta property=\"og:url\" content=\"https:\/\/kunmedierne.dk\/mors\/facts-og-ikke-mavefornemmelser-ved-ambulanceudbud\/\" \/>\n<meta property=\"og:site_name\" content=\"Mors\" \/>\n<meta property=\"article:published_time\" content=\"2021-02-12T19:33:37+00:00\" \/>\n<meta property=\"article:modified_time\" content=\"2024-08-12T11:37:51+00:00\" \/>\n<meta property=\"og:image\" content=\"https:\/\/kunmedierne.dk\/mors\/wp-content\/uploads\/2020\/04\/ambulance-aalb-unihospital.jpg\" \/>\n\t<meta property=\"og:image:width\" content=\"770\" \/>\n\t<meta property=\"og:image:height\" content=\"513\" \/>\n\t<meta property=\"og:image:type\" content=\"image\/jpeg\" \/>\n<meta name=\"author\" content=\"Debat\" \/>\n<meta name=\"twitter:card\" content=\"summary_large_image\" \/>\n<meta name=\"twitter:label1\" content=\"Skrevet af\" \/>\n\t<meta name=\"twitter:data1\" content=\"Debat\" \/>\n\t<meta name=\"twitter:label2\" content=\"Estimeret l\u00e6setid\" \/>\n\t<meta name=\"twitter:data2\" content=\"3 minutter\" \/>\n<script type=\"application\/ld+json\" class=\"yoast-schema-graph\">{\"@context\":\"https:\/\/schema.org\",\"@graph\":[{\"@type\":\"Article\",\"@id\":\"https:\/\/kunmedierne.dk\/mors\/facts-og-ikke-mavefornemmelser-ved-ambulanceudbud\/#article\",\"isPartOf\":{\"@id\":\"https:\/\/kunmedierne.dk\/mors\/facts-og-ikke-mavefornemmelser-ved-ambulanceudbud\/\"},\"author\":{\"name\":\"Debat\",\"@id\":\"https:\/\/kunmedierne.dk\/mors\/#\/schema\/person\/84c1391bce0b43b9bb3a49736bc0ad78\"},\"headline\":\"Facts og ikke mavefornemmelser ved ambulanceudbud\",\"datePublished\":\"2021-02-12T19:33:37+00:00\",\"dateModified\":\"2024-08-12T11:37:51+00:00\",\"mainEntityOfPage\":{\"@id\":\"https:\/\/kunmedierne.dk\/mors\/facts-og-ikke-mavefornemmelser-ved-ambulanceudbud\/\"},\"wordCount\":662,\"commentCount\":0,\"publisher\":{\"@id\":\"https:\/\/kunmedierne.dk\/mors\/#organization\"},\"image\":{\"@id\":\"https:\/\/kunmedierne.dk\/mors\/facts-og-ikke-mavefornemmelser-ved-ambulanceudbud\/#primaryimage\"},\"thumbnailUrl\":\"https:\/\/kunmedierne.dk\/mors\/wp-content\/uploads\/2020\/04\/ambulance-aalb-unihospital.jpg\",\"keywords\":[\"Politik\"],\"articleSection\":[\"112\",\"Debat\"],\"inLanguage\":\"da-DK\",\"potentialAction\":[{\"@type\":\"CommentAction\",\"name\":\"Comment\",\"target\":[\"https:\/\/kunmedierne.dk\/mors\/facts-og-ikke-mavefornemmelser-ved-ambulanceudbud\/#respond\"]}]},{\"@type\":\"WebPage\",\"@id\":\"https:\/\/kunmedierne.dk\/mors\/facts-og-ikke-mavefornemmelser-ved-ambulanceudbud\/\",\"url\":\"https:\/\/kunmedierne.dk\/mors\/facts-og-ikke-mavefornemmelser-ved-ambulanceudbud\/\",\"name\":\"Facts og ikke mavefornemmelser ved ambulanceudbud - Mors\",\"isPartOf\":{\"@id\":\"https:\/\/kunmedierne.dk\/mors\/#website\"},\"primaryImageOfPage\":{\"@id\":\"https:\/\/kunmedierne.dk\/mors\/facts-og-ikke-mavefornemmelser-ved-ambulanceudbud\/#primaryimage\"},\"image\":{\"@id\":\"https:\/\/kunmedierne.dk\/mors\/facts-og-ikke-mavefornemmelser-ved-ambulanceudbud\/#primaryimage\"},\"thumbnailUrl\":\"https:\/\/kunmedierne.dk\/mors\/wp-content\/uploads\/2020\/04\/ambulance-aalb-unihospital.jpg\",\"datePublished\":\"2021-02-12T19:33:37+00:00\",\"dateModified\":\"2024-08-12T11:37:51+00:00\",\"breadcrumb\":{\"@id\":\"https:\/\/kunmedierne.dk\/mors\/facts-og-ikke-mavefornemmelser-ved-ambulanceudbud\/#breadcrumb\"},\"inLanguage\":\"da-DK\",\"potentialAction\":[{\"@type\":\"ReadAction\",\"target\":[\"https:\/\/kunmedierne.dk\/mors\/facts-og-ikke-mavefornemmelser-ved-ambulanceudbud\/\"]}]},{\"@type\":\"ImageObject\",\"inLanguage\":\"da-DK\",\"@id\":\"https:\/\/kunmedierne.dk\/mors\/facts-og-ikke-mavefornemmelser-ved-ambulanceudbud\/#primaryimage\",\"url\":\"https:\/\/kunmedierne.dk\/mors\/wp-content\/uploads\/2020\/04\/ambulance-aalb-unihospital.jpg\",\"contentUrl\":\"https:\/\/kunmedierne.dk\/mors\/wp-content\/uploads\/2020\/04\/ambulance-aalb-unihospital.jpg\",\"width\":770,\"height\":513,\"caption\":\"Modelfoto: Aalborg Universitetshospital.\"},{\"@type\":\"BreadcrumbList\",\"@id\":\"https:\/\/kunmedierne.dk\/mors\/facts-og-ikke-mavefornemmelser-ved-ambulanceudbud\/#breadcrumb\",\"itemListElement\":[{\"@type\":\"ListItem\",\"position\":1,\"name\":\"Hjem\",\"item\":\"https:\/\/kunmedierne.dk\/mors\/\"},{\"@type\":\"ListItem\",\"position\":2,\"name\":\"Facts og ikke mavefornemmelser ved ambulanceudbud\"}]},{\"@type\":\"WebSite\",\"@id\":\"https:\/\/kunmedierne.dk\/mors\/#website\",\"url\":\"https:\/\/kunmedierne.dk\/mors\/\",\"name\":\"Mors\",\"description\":\"et netmedie med journalistik om livet p\u00e5 Mors\",\"publisher\":{\"@id\":\"https:\/\/kunmedierne.dk\/mors\/#organization\"},\"potentialAction\":[{\"@type\":\"SearchAction\",\"target\":{\"@type\":\"EntryPoint\",\"urlTemplate\":\"https:\/\/kunmedierne.dk\/mors\/?s={search_term_string}\"},\"query-input\":{\"@type\":\"PropertyValueSpecification\",\"valueRequired\":true,\"valueName\":\"search_term_string\"}}],\"inLanguage\":\"da-DK\"},{\"@type\":\"Organization\",\"@id\":\"https:\/\/kunmedierne.dk\/mors\/#organization\",\"name\":\"Mors\",\"url\":\"https:\/\/kunmedierne.dk\/mors\/\",\"logo\":{\"@type\":\"ImageObject\",\"inLanguage\":\"da-DK\",\"@id\":\"https:\/\/kunmedierne.dk\/mors\/#\/schema\/logo\/image\/\",\"url\":\"https:\/\/kunmedierne.dk\/mors\/wp-content\/uploads\/2024\/08\/kunmors-logo.svg\",\"contentUrl\":\"https:\/\/kunmedierne.dk\/mors\/wp-content\/uploads\/2024\/08\/kunmors-logo.svg\",\"caption\":\"Mors\"},\"image\":{\"@id\":\"https:\/\/kunmedierne.dk\/mors\/#\/schema\/logo\/image\/\"}},{\"@type\":\"Person\",\"@id\":\"https:\/\/kunmedierne.dk\/mors\/#\/schema\/person\/84c1391bce0b43b9bb3a49736bc0ad78\",\"name\":\"Debat\",\"image\":{\"@type\":\"ImageObject\",\"inLanguage\":\"da-DK\",\"@id\":\"https:\/\/kunmedierne.dk\/mors\/#\/schema\/person\/image\/\",\"url\":\"https:\/\/secure.gravatar.com\/avatar\/b0fb2e221d618f7c65162ab0d49c7e8a0b580c871ca03af90e42b47b4150654c?s=96&d=mm&r=g\",\"contentUrl\":\"https:\/\/secure.gravatar.com\/avatar\/b0fb2e221d618f7c65162ab0d49c7e8a0b580c871ca03af90e42b47b4150654c?s=96&d=mm&r=g\",\"caption\":\"Debat\"},\"url\":\"https:\/\/kunmedierne.dk\/mors\/author\/debat\/\"}]}<\/script>\n<!-- \/ Yoast SEO plugin. -->","yoast_head_json":{"title":"Facts og ikke mavefornemmelser ved ambulanceudbud - Mors","robots":{"index":"index","follow":"follow","max-snippet":"max-snippet:-1","max-image-preview":"max-image-preview:large","max-video-preview":"max-video-preview:-1"},"canonical":"https:\/\/kunmedierne.dk\/mors\/facts-og-ikke-mavefornemmelser-ved-ambulanceudbud\/","og_locale":"da_DK","og_type":"article","og_title":"Facts og ikke mavefornemmelser ved ambulanceudbud - Mors","og_description":"Fra Jacob Thomsen, Nyk\u00f8bing, har vi modtaget: MORS: Lauge Larsen beroliger med, at Regionsr\u00e5det har v\u00e6ret s\u00e6rdeles grundige i forbindelse med udbudsrunden, samt at alle omkostninger er indregnet. Tak for det! Jeg er helt enig med Lauge Larsen i at ydelser, skal sendes i offentlige udbud, samt at der skal v\u00e6re fri konkurrence. Den bedste [&hellip;]","og_url":"https:\/\/kunmedierne.dk\/mors\/facts-og-ikke-mavefornemmelser-ved-ambulanceudbud\/","og_site_name":"Mors","article_published_time":"2021-02-12T19:33:37+00:00","article_modified_time":"2024-08-12T11:37:51+00:00","og_image":[{"width":770,"height":513,"url":"https:\/\/kunmedierne.dk\/mors\/wp-content\/uploads\/2020\/04\/ambulance-aalb-unihospital.jpg","type":"image\/jpeg"}],"author":"Debat","twitter_card":"summary_large_image","twitter_misc":{"Skrevet af":"Debat","Estimeret l\u00e6setid":"3 minutter"},"schema":{"@context":"https:\/\/schema.org","@graph":[{"@type":"Article","@id":"https:\/\/kunmedierne.dk\/mors\/facts-og-ikke-mavefornemmelser-ved-ambulanceudbud\/#article","isPartOf":{"@id":"https:\/\/kunmedierne.dk\/mors\/facts-og-ikke-mavefornemmelser-ved-ambulanceudbud\/"},"author":{"name":"Debat","@id":"https:\/\/kunmedierne.dk\/mors\/#\/schema\/person\/84c1391bce0b43b9bb3a49736bc0ad78"},"headline":"Facts og ikke mavefornemmelser ved ambulanceudbud","datePublished":"2021-02-12T19:33:37+00:00","dateModified":"2024-08-12T11:37:51+00:00","mainEntityOfPage":{"@id":"https:\/\/kunmedierne.dk\/mors\/facts-og-ikke-mavefornemmelser-ved-ambulanceudbud\/"},"wordCount":662,"commentCount":0,"publisher":{"@id":"https:\/\/kunmedierne.dk\/mors\/#organization"},"image":{"@id":"https:\/\/kunmedierne.dk\/mors\/facts-og-ikke-mavefornemmelser-ved-ambulanceudbud\/#primaryimage"},"thumbnailUrl":"https:\/\/kunmedierne.dk\/mors\/wp-content\/uploads\/2020\/04\/ambulance-aalb-unihospital.jpg","keywords":["Politik"],"articleSection":["112","Debat"],"inLanguage":"da-DK","potentialAction":[{"@type":"CommentAction","name":"Comment","target":["https:\/\/kunmedierne.dk\/mors\/facts-og-ikke-mavefornemmelser-ved-ambulanceudbud\/#respond"]}]},{"@type":"WebPage","@id":"https:\/\/kunmedierne.dk\/mors\/facts-og-ikke-mavefornemmelser-ved-ambulanceudbud\/","url":"https:\/\/kunmedierne.dk\/mors\/facts-og-ikke-mavefornemmelser-ved-ambulanceudbud\/","name":"Facts og ikke mavefornemmelser ved ambulanceudbud - Mors","isPartOf":{"@id":"https:\/\/kunmedierne.dk\/mors\/#website"},"primaryImageOfPage":{"@id":"https:\/\/kunmedierne.dk\/mors\/facts-og-ikke-mavefornemmelser-ved-ambulanceudbud\/#primaryimage"},"image":{"@id":"https:\/\/kunmedierne.dk\/mors\/facts-og-ikke-mavefornemmelser-ved-ambulanceudbud\/#primaryimage"},"thumbnailUrl":"https:\/\/kunmedierne.dk\/mors\/wp-content\/uploads\/2020\/04\/ambulance-aalb-unihospital.jpg","datePublished":"2021-02-12T19:33:37+00:00","dateModified":"2024-08-12T11:37:51+00:00","breadcrumb":{"@id":"https:\/\/kunmedierne.dk\/mors\/facts-og-ikke-mavefornemmelser-ved-ambulanceudbud\/#breadcrumb"},"inLanguage":"da-DK","potentialAction":[{"@type":"ReadAction","target":["https:\/\/kunmedierne.dk\/mors\/facts-og-ikke-mavefornemmelser-ved-ambulanceudbud\/"]}]},{"@type":"ImageObject","inLanguage":"da-DK","@id":"https:\/\/kunmedierne.dk\/mors\/facts-og-ikke-mavefornemmelser-ved-ambulanceudbud\/#primaryimage","url":"https:\/\/kunmedierne.dk\/mors\/wp-content\/uploads\/2020\/04\/ambulance-aalb-unihospital.jpg","contentUrl":"https:\/\/kunmedierne.dk\/mors\/wp-content\/uploads\/2020\/04\/ambulance-aalb-unihospital.jpg","width":770,"height":513,"caption":"Modelfoto: Aalborg Universitetshospital."},{"@type":"BreadcrumbList","@id":"https:\/\/kunmedierne.dk\/mors\/facts-og-ikke-mavefornemmelser-ved-ambulanceudbud\/#breadcrumb","itemListElement":[{"@type":"ListItem","position":1,"name":"Hjem","item":"https:\/\/kunmedierne.dk\/mors\/"},{"@type":"ListItem","position":2,"name":"Facts og ikke mavefornemmelser ved ambulanceudbud"}]},{"@type":"WebSite","@id":"https:\/\/kunmedierne.dk\/mors\/#website","url":"https:\/\/kunmedierne.dk\/mors\/","name":"Mors","description":"et netmedie med journalistik om livet p\u00e5 Mors","publisher":{"@id":"https:\/\/kunmedierne.dk\/mors\/#organization"},"potentialAction":[{"@type":"SearchAction","target":{"@type":"EntryPoint","urlTemplate":"https:\/\/kunmedierne.dk\/mors\/?s={search_term_string}"},"query-input":{"@type":"PropertyValueSpecification","valueRequired":true,"valueName":"search_term_string"}}],"inLanguage":"da-DK"},{"@type":"Organization","@id":"https:\/\/kunmedierne.dk\/mors\/#organization","name":"Mors","url":"https:\/\/kunmedierne.dk\/mors\/","logo":{"@type":"ImageObject","inLanguage":"da-DK","@id":"https:\/\/kunmedierne.dk\/mors\/#\/schema\/logo\/image\/","url":"https:\/\/kunmedierne.dk\/mors\/wp-content\/uploads\/2024\/08\/kunmors-logo.svg","contentUrl":"https:\/\/kunmedierne.dk\/mors\/wp-content\/uploads\/2024\/08\/kunmors-logo.svg","caption":"Mors"},"image":{"@id":"https:\/\/kunmedierne.dk\/mors\/#\/schema\/logo\/image\/"}},{"@type":"Person","@id":"https:\/\/kunmedierne.dk\/mors\/#\/schema\/person\/84c1391bce0b43b9bb3a49736bc0ad78","name":"Debat","image":{"@type":"ImageObject","inLanguage":"da-DK","@id":"https:\/\/kunmedierne.dk\/mors\/#\/schema\/person\/image\/","url":"https:\/\/secure.gravatar.com\/avatar\/b0fb2e221d618f7c65162ab0d49c7e8a0b580c871ca03af90e42b47b4150654c?s=96&d=mm&r=g","contentUrl":"https:\/\/secure.gravatar.com\/avatar\/b0fb2e221d618f7c65162ab0d49c7e8a0b580c871ca03af90e42b47b4150654c?s=96&d=mm&r=g","caption":"Debat"},"url":"https:\/\/kunmedierne.dk\/mors\/author\/debat\/"}]}},"_links":{"self":[{"href":"https:\/\/kunmedierne.dk\/mors\/wp-json\/wp\/v2\/posts\/39912","targetHints":{"allow":["GET"]}}],"collection":[{"href":"https:\/\/kunmedierne.dk\/mors\/wp-json\/wp\/v2\/posts"}],"about":[{"href":"https:\/\/kunmedierne.dk\/mors\/wp-json\/wp\/v2\/types\/post"}],"author":[{"embeddable":true,"href":"https:\/\/kunmedierne.dk\/mors\/wp-json\/wp\/v2\/users\/11"}],"replies":[{"embeddable":true,"href":"https:\/\/kunmedierne.dk\/mors\/wp-json\/wp\/v2\/comments?post=39912"}],"version-history":[{"count":2,"href":"https:\/\/kunmedierne.dk\/mors\/wp-json\/wp\/v2\/posts\/39912\/revisions"}],"predecessor-version":[{"id":39914,"href":"https:\/\/kunmedierne.dk\/mors\/wp-json\/wp\/v2\/posts\/39912\/revisions\/39914"}],"wp:featuredmedia":[{"embeddable":true,"href":"https:\/\/kunmedierne.dk\/mors\/wp-json\/wp\/v2\/media\/15625"}],"wp:attachment":[{"href":"https:\/\/kunmedierne.dk\/mors\/wp-json\/wp\/v2\/media?parent=39912"}],"wp:term":[{"taxonomy":"category","embeddable":true,"href":"https:\/\/kunmedierne.dk\/mors\/wp-json\/wp\/v2\/categories?post=39912"},{"taxonomy":"post_tag","embeddable":true,"href":"https:\/\/kunmedierne.dk\/mors\/wp-json\/wp\/v2\/tags?post=39912"}],"curies":[{"name":"wp","href":"https:\/\/api.w.org\/{rel}","templated":true}]}}