{"id":39854,"date":"2021-02-12T05:23:11","date_gmt":"2021-02-12T04:23:11","guid":{"rendered":"https:\/\/kunmedierne.dk\/mors\/?p=39854"},"modified":"2024-08-12T13:37:52","modified_gmt":"2024-08-12T11:37:52","slug":"facts-skal-afgoere-det-ikke-mavefornemmelse","status":"publish","type":"post","link":"https:\/\/kunmedierne.dk\/mors\/facts-skal-afgoere-det-ikke-mavefornemmelse\/","title":{"rendered":"Facts skal afg\u00f8re det &#8211; ikke mavefornemmelse"},"content":{"rendered":"<p><em>Fra Lauge Larsen, medlem af regionsr\u00e5det for Socialdemokratiet, har vi modtaget:<\/em><\/p>\n<hr \/>\n<p><span data-originalfontsize=\"19.08px\" data-originalcomputedfontsize=\"19.079999923706055\"><strong>MORS<\/strong>: Jacob Thomsen stiller sig stadig tvivlende overfor, om det er en god beslutning at v\u00e6lge PreMed og regionen selv til at k\u00f8re ambulancer i regionen i de kommende 5 \u00e5r.<\/span><\/p>\n<p><span data-originalfontsize=\"19.08px\" data-originalcomputedfontsize=\"19.079999923706055\">Jeg kan berolige Jacob Thomsen med, at det er en god beslutning.<\/span><\/p>\n<p><span data-originalfontsize=\"19.08px\" data-originalcomputedfontsize=\"19.079999923706055\">Og det er altid godt med fri konkurrence. Falck har gjort det fantastisk godt, men de har haft et monopol, og det har skatteborgerne betalt for.\u00a0<\/span><\/p>\n<p><span data-originalfontsize=\"19.08px\" data-originalcomputedfontsize=\"19.079999923706055\">Personligt har jeg ingen pr\u00e6ferencer i forbindelse med ambulancek\u00f8rslen. Det skal v\u00e6re den bedste operat\u00f8r, m\u00e5lt p\u00e5 pris og kvalitet. Ellers har vi ikke fri konkurrence.<\/span><\/p>\n<p><span data-originalfontsize=\"19.08px\" data-originalcomputedfontsize=\"19.079999923706055\">N\u00e5r det offentlige sender en ydelse i udbud, er der helt faste regler for, hvordan man v\u00e6lger mellem de enkelte bud. Pris og kvalitet indg\u00e5r altid i udv\u00e6lgelsen, og man kan ikke bare v\u00e6lge frit mellem de enkelte bud.<img loading=\"lazy\" decoding=\"async\" class=\"alignright size-full wp-image-39492\" src=\"https:\/\/kunmedierne.dk\/mors\/wp-content\/uploads\/2021\/02\/ho8-1.jpg\" alt=\"\" width=\"1400\" height=\"125\" srcset=\"https:\/\/kunmedierne.dk\/mors\/wp-content\/uploads\/2021\/02\/ho8-1.jpg 1400w, https:\/\/kunmedierne.dk\/mors\/wp-content\/uploads\/2021\/02\/ho8-1-300x27.jpg 300w, https:\/\/kunmedierne.dk\/mors\/wp-content\/uploads\/2021\/02\/ho8-1-1024x91.jpg 1024w, https:\/\/kunmedierne.dk\/mors\/wp-content\/uploads\/2021\/02\/ho8-1-768x69.jpg 768w, https:\/\/kunmedierne.dk\/mors\/wp-content\/uploads\/2021\/02\/ho8-1-600x54.jpg 600w\" sizes=\"auto, (max-width: 1400px) 100vw, 1400px\" \/><\/span><\/p>\n<p><span data-originalfontsize=\"19.08px\" data-originalcomputedfontsize=\"19.079999923706055\">De borgerlige partier \u00f8nskede en anden fordeling mellem operat\u00f8rerne, men de \u00f8nskede ogs\u00e5, at PreMed skulle betjene noget af regionen.\u00a0<\/span><\/p>\n<p><span data-originalfontsize=\"19.08px\" data-originalcomputedfontsize=\"19.079999923706055\">Baggrundsmaterialet til beslutningen om, hvem der skal k\u00f8re ambulancer, er noget af det mest grundige, man kan forestille sig. Tilbudsgiverne er i forvejen godkendt efter en n\u00f8je gennemgang af de enkelte firmaer.\u00a0<\/span><\/p>\n<p><span data-originalfontsize=\"19.08px\" data-originalcomputedfontsize=\"19.079999923706055\">Desuden er det et meget styret marked, idet der er nationale kvalitetsstandarder for det meste: ambulancernes st\u00f8rrelse, indretning og deres udstyr. Der er landsd\u00e6kkende krav til bemanding af ambulancer, herunder til personalets uddannelse og efteruddannelse.\u00a0<\/span><\/p>\n<p><span data-originalfontsize=\"19.08px\" data-originalcomputedfontsize=\"19.079999923706055\">I regionens prisberegning\u00a0\u00a0har man indregnet alt, der kan priss\u00e6ttes, og det er i \u00f8vrigt kontrolleret af et uvildigt revisionsfirma (BDO).\u00a0<\/span><\/p>\n<p><span data-originalfontsize=\"19.08px\" data-originalcomputedfontsize=\"19.079999923706055\">Personalets l\u00f8n bygger principielt p\u00e5 de samme overenskomster ligegyldigt hvilken operat\u00f8r, det drejer sig om. Feriepenge og pensioner er kendt og har samme st\u00f8rrelse, ligegyldigt hvilket firma, der k\u00f8rer. Desuden er indregnet: vedligeholdelse af k\u00f8ret\u00f8jer, leje af garager, fornyelse af udstyr, reng\u00f8ring af personalerum og garager, vask af ambulancer, dieseludgifter, skift mellem sommer- og vinterd\u00e6k, uniformer, vask af uniformer, gennemsnitlige antal sygedage, efteruddannelse osv.<a href=\"https:\/\/vognmand-filtenborg.dk\/\"><img loading=\"lazy\" decoding=\"async\" class=\"alignright size-full wp-image-35525\" src=\"https:\/\/kunmedierne.dk\/mors\/wp-content\/uploads\/2020\/11\/ho1.jpg\" alt=\"\" width=\"1400\" height=\"125\" srcset=\"https:\/\/kunmedierne.dk\/mors\/wp-content\/uploads\/2020\/11\/ho1.jpg 1400w, https:\/\/kunmedierne.dk\/mors\/wp-content\/uploads\/2020\/11\/ho1-300x27.jpg 300w, https:\/\/kunmedierne.dk\/mors\/wp-content\/uploads\/2020\/11\/ho1-1024x91.jpg 1024w, https:\/\/kunmedierne.dk\/mors\/wp-content\/uploads\/2020\/11\/ho1-768x69.jpg 768w, https:\/\/kunmedierne.dk\/mors\/wp-content\/uploads\/2020\/11\/ho1-600x54.jpg 600w\" sizes=\"auto, (max-width: 1400px) 100vw, 1400px\" \/><\/a><\/span><\/p>\n<p><span data-originalfontsize=\"19.08px\" data-originalcomputedfontsize=\"19.079999923706055\">I \u00f8vrigt vil det sandsynligvis v\u00e6re det samme dygtige personale, der forts\u00e6tter hos den nye operat\u00f8r p\u00e5 omr\u00e5det.\u00a0<\/span><\/p>\n<p><span data-originalfontsize=\"19.08px\" data-originalcomputedfontsize=\"19.079999923706055\">S\u00e5 med fri konkurrence p\u00e5 ens vilk\u00e5r f\u00e5r vi i l\u00e6ngden den bedste og billigste ambulancek\u00f8rsel i regionen.<\/span><\/p>\n<p><span data-originalfontsize=\"19.08px\" data-originalcomputedfontsize=\"19.079999923706055\">Det er vigtigt at lade facts og ikke mavefornemmelser afg\u00f8re s\u00e5danne forhold.<\/span><\/p>\n<hr \/>\n<p><em>Har du et bidrag til den lokale debat? Send det til os p\u00e5 e-mail: debat@kunmedierne.dk\/mors. Husk at l\u00e6se korrektur inden afsendelse p\u00e5 indl\u00e6gget.<\/em><\/p>\n","protected":false},"excerpt":{"rendered":"<p>Fra Lauge Larsen, medlem af regionsr\u00e5det for Socialdemokratiet, har vi modtaget: MORS: Jacob Thomsen stiller sig stadig tvivlende overfor, om det er en god beslutning at v\u00e6lge PreMed og regionen selv til at k\u00f8re ambulancer i regionen i de kommende 5 \u00e5r. Jeg kan berolige Jacob Thomsen med, at det er en god beslutning. Og [&hellip;]<\/p>\n","protected":false},"author":11,"featured_media":18765,"comment_status":"open","ping_status":"open","sticky":false,"template":"","format":"standard","meta":{"_acf_changed":false,"footnotes":""},"categories":[54,56],"tags":[],"class_list":["post-39854","post","type-post","status-publish","format-standard","has-post-thumbnail","hentry","category-54","category-debat"],"acf":[],"yoast_head":"<!-- This site is optimized with the Yoast SEO plugin v26.8 - https:\/\/yoast.com\/product\/yoast-seo-wordpress\/ -->\n<title>Facts skal afg\u00f8re det - ikke mavefornemmelse - Mors<\/title>\n<meta name=\"robots\" content=\"index, follow, max-snippet:-1, max-image-preview:large, max-video-preview:-1\" \/>\n<link rel=\"canonical\" href=\"https:\/\/kunmedierne.dk\/mors\/facts-skal-afgoere-det-ikke-mavefornemmelse\/\" \/>\n<meta property=\"og:locale\" content=\"da_DK\" \/>\n<meta property=\"og:type\" content=\"article\" \/>\n<meta property=\"og:title\" content=\"Facts skal afg\u00f8re det - ikke mavefornemmelse - Mors\" \/>\n<meta property=\"og:description\" content=\"Fra Lauge Larsen, medlem af regionsr\u00e5det for Socialdemokratiet, har vi modtaget: MORS: Jacob Thomsen stiller sig stadig tvivlende overfor, om det er en god beslutning at v\u00e6lge PreMed og regionen selv til at k\u00f8re ambulancer i regionen i de kommende 5 \u00e5r. Jeg kan berolige Jacob Thomsen med, at det er en god beslutning. Og [&hellip;]\" \/>\n<meta property=\"og:url\" content=\"https:\/\/kunmedierne.dk\/mors\/facts-skal-afgoere-det-ikke-mavefornemmelse\/\" \/>\n<meta property=\"og:site_name\" content=\"Mors\" \/>\n<meta property=\"article:published_time\" content=\"2021-02-12T04:23:11+00:00\" \/>\n<meta property=\"article:modified_time\" content=\"2024-08-12T11:37:52+00:00\" \/>\n<meta property=\"og:image\" content=\"https:\/\/kunmedierne.dk\/mors\/wp-content\/uploads\/2020\/04\/0-debat-lauge-larsen-region.jpg\" \/>\n\t<meta property=\"og:image:width\" content=\"770\" \/>\n\t<meta property=\"og:image:height\" content=\"513\" \/>\n\t<meta property=\"og:image:type\" content=\"image\/jpeg\" \/>\n<meta name=\"author\" content=\"Debat\" \/>\n<meta name=\"twitter:card\" content=\"summary_large_image\" \/>\n<meta name=\"twitter:label1\" content=\"Skrevet af\" \/>\n\t<meta name=\"twitter:data1\" content=\"Debat\" \/>\n\t<meta name=\"twitter:label2\" content=\"Estimeret l\u00e6setid\" \/>\n\t<meta name=\"twitter:data2\" content=\"2 minutter\" \/>\n<script type=\"application\/ld+json\" class=\"yoast-schema-graph\">{\"@context\":\"https:\/\/schema.org\",\"@graph\":[{\"@type\":\"Article\",\"@id\":\"https:\/\/kunmedierne.dk\/mors\/facts-skal-afgoere-det-ikke-mavefornemmelse\/#article\",\"isPartOf\":{\"@id\":\"https:\/\/kunmedierne.dk\/mors\/facts-skal-afgoere-det-ikke-mavefornemmelse\/\"},\"author\":{\"name\":\"Debat\",\"@id\":\"https:\/\/kunmedierne.dk\/mors\/#\/schema\/person\/84c1391bce0b43b9bb3a49736bc0ad78\"},\"headline\":\"Facts skal afg\u00f8re det &#8211; ikke mavefornemmelse\",\"datePublished\":\"2021-02-12T04:23:11+00:00\",\"dateModified\":\"2024-08-12T11:37:52+00:00\",\"mainEntityOfPage\":{\"@id\":\"https:\/\/kunmedierne.dk\/mors\/facts-skal-afgoere-det-ikke-mavefornemmelse\/\"},\"wordCount\":437,\"commentCount\":0,\"publisher\":{\"@id\":\"https:\/\/kunmedierne.dk\/mors\/#organization\"},\"image\":{\"@id\":\"https:\/\/kunmedierne.dk\/mors\/facts-skal-afgoere-det-ikke-mavefornemmelse\/#primaryimage\"},\"thumbnailUrl\":\"https:\/\/kunmedierne.dk\/mors\/wp-content\/uploads\/2020\/04\/0-debat-lauge-larsen-region.jpg\",\"articleSection\":[\"112\",\"Debat\"],\"inLanguage\":\"da-DK\",\"potentialAction\":[{\"@type\":\"CommentAction\",\"name\":\"Comment\",\"target\":[\"https:\/\/kunmedierne.dk\/mors\/facts-skal-afgoere-det-ikke-mavefornemmelse\/#respond\"]}]},{\"@type\":\"WebPage\",\"@id\":\"https:\/\/kunmedierne.dk\/mors\/facts-skal-afgoere-det-ikke-mavefornemmelse\/\",\"url\":\"https:\/\/kunmedierne.dk\/mors\/facts-skal-afgoere-det-ikke-mavefornemmelse\/\",\"name\":\"Facts skal afg\u00f8re det - ikke mavefornemmelse - Mors\",\"isPartOf\":{\"@id\":\"https:\/\/kunmedierne.dk\/mors\/#website\"},\"primaryImageOfPage\":{\"@id\":\"https:\/\/kunmedierne.dk\/mors\/facts-skal-afgoere-det-ikke-mavefornemmelse\/#primaryimage\"},\"image\":{\"@id\":\"https:\/\/kunmedierne.dk\/mors\/facts-skal-afgoere-det-ikke-mavefornemmelse\/#primaryimage\"},\"thumbnailUrl\":\"https:\/\/kunmedierne.dk\/mors\/wp-content\/uploads\/2020\/04\/0-debat-lauge-larsen-region.jpg\",\"datePublished\":\"2021-02-12T04:23:11+00:00\",\"dateModified\":\"2024-08-12T11:37:52+00:00\",\"breadcrumb\":{\"@id\":\"https:\/\/kunmedierne.dk\/mors\/facts-skal-afgoere-det-ikke-mavefornemmelse\/#breadcrumb\"},\"inLanguage\":\"da-DK\",\"potentialAction\":[{\"@type\":\"ReadAction\",\"target\":[\"https:\/\/kunmedierne.dk\/mors\/facts-skal-afgoere-det-ikke-mavefornemmelse\/\"]}]},{\"@type\":\"ImageObject\",\"inLanguage\":\"da-DK\",\"@id\":\"https:\/\/kunmedierne.dk\/mors\/facts-skal-afgoere-det-ikke-mavefornemmelse\/#primaryimage\",\"url\":\"https:\/\/kunmedierne.dk\/mors\/wp-content\/uploads\/2020\/04\/0-debat-lauge-larsen-region.jpg\",\"contentUrl\":\"https:\/\/kunmedierne.dk\/mors\/wp-content\/uploads\/2020\/04\/0-debat-lauge-larsen-region.jpg\",\"width\":770,\"height\":513,\"caption\":\"Lauge Larsen (S). Foto: Region Nordjylland.\"},{\"@type\":\"BreadcrumbList\",\"@id\":\"https:\/\/kunmedierne.dk\/mors\/facts-skal-afgoere-det-ikke-mavefornemmelse\/#breadcrumb\",\"itemListElement\":[{\"@type\":\"ListItem\",\"position\":1,\"name\":\"Hjem\",\"item\":\"https:\/\/kunmedierne.dk\/mors\/\"},{\"@type\":\"ListItem\",\"position\":2,\"name\":\"Facts skal afg\u00f8re det &#8211; ikke mavefornemmelse\"}]},{\"@type\":\"WebSite\",\"@id\":\"https:\/\/kunmedierne.dk\/mors\/#website\",\"url\":\"https:\/\/kunmedierne.dk\/mors\/\",\"name\":\"Mors\",\"description\":\"et netmedie med journalistik om livet p\u00e5 Mors\",\"publisher\":{\"@id\":\"https:\/\/kunmedierne.dk\/mors\/#organization\"},\"potentialAction\":[{\"@type\":\"SearchAction\",\"target\":{\"@type\":\"EntryPoint\",\"urlTemplate\":\"https:\/\/kunmedierne.dk\/mors\/?s={search_term_string}\"},\"query-input\":{\"@type\":\"PropertyValueSpecification\",\"valueRequired\":true,\"valueName\":\"search_term_string\"}}],\"inLanguage\":\"da-DK\"},{\"@type\":\"Organization\",\"@id\":\"https:\/\/kunmedierne.dk\/mors\/#organization\",\"name\":\"Mors\",\"url\":\"https:\/\/kunmedierne.dk\/mors\/\",\"logo\":{\"@type\":\"ImageObject\",\"inLanguage\":\"da-DK\",\"@id\":\"https:\/\/kunmedierne.dk\/mors\/#\/schema\/logo\/image\/\",\"url\":\"https:\/\/kunmedierne.dk\/mors\/wp-content\/uploads\/2024\/08\/kunmors-logo.svg\",\"contentUrl\":\"https:\/\/kunmedierne.dk\/mors\/wp-content\/uploads\/2024\/08\/kunmors-logo.svg\",\"caption\":\"Mors\"},\"image\":{\"@id\":\"https:\/\/kunmedierne.dk\/mors\/#\/schema\/logo\/image\/\"}},{\"@type\":\"Person\",\"@id\":\"https:\/\/kunmedierne.dk\/mors\/#\/schema\/person\/84c1391bce0b43b9bb3a49736bc0ad78\",\"name\":\"Debat\",\"image\":{\"@type\":\"ImageObject\",\"inLanguage\":\"da-DK\",\"@id\":\"https:\/\/kunmedierne.dk\/mors\/#\/schema\/person\/image\/\",\"url\":\"https:\/\/secure.gravatar.com\/avatar\/b0fb2e221d618f7c65162ab0d49c7e8a0b580c871ca03af90e42b47b4150654c?s=96&d=mm&r=g\",\"contentUrl\":\"https:\/\/secure.gravatar.com\/avatar\/b0fb2e221d618f7c65162ab0d49c7e8a0b580c871ca03af90e42b47b4150654c?s=96&d=mm&r=g\",\"caption\":\"Debat\"},\"url\":\"https:\/\/kunmedierne.dk\/mors\/author\/debat\/\"}]}<\/script>\n<!-- \/ Yoast SEO plugin. -->","yoast_head_json":{"title":"Facts skal afg\u00f8re det - ikke mavefornemmelse - Mors","robots":{"index":"index","follow":"follow","max-snippet":"max-snippet:-1","max-image-preview":"max-image-preview:large","max-video-preview":"max-video-preview:-1"},"canonical":"https:\/\/kunmedierne.dk\/mors\/facts-skal-afgoere-det-ikke-mavefornemmelse\/","og_locale":"da_DK","og_type":"article","og_title":"Facts skal afg\u00f8re det - ikke mavefornemmelse - Mors","og_description":"Fra Lauge Larsen, medlem af regionsr\u00e5det for Socialdemokratiet, har vi modtaget: MORS: Jacob Thomsen stiller sig stadig tvivlende overfor, om det er en god beslutning at v\u00e6lge PreMed og regionen selv til at k\u00f8re ambulancer i regionen i de kommende 5 \u00e5r. Jeg kan berolige Jacob Thomsen med, at det er en god beslutning. Og [&hellip;]","og_url":"https:\/\/kunmedierne.dk\/mors\/facts-skal-afgoere-det-ikke-mavefornemmelse\/","og_site_name":"Mors","article_published_time":"2021-02-12T04:23:11+00:00","article_modified_time":"2024-08-12T11:37:52+00:00","og_image":[{"width":770,"height":513,"url":"https:\/\/kunmedierne.dk\/mors\/wp-content\/uploads\/2020\/04\/0-debat-lauge-larsen-region.jpg","type":"image\/jpeg"}],"author":"Debat","twitter_card":"summary_large_image","twitter_misc":{"Skrevet af":"Debat","Estimeret l\u00e6setid":"2 minutter"},"schema":{"@context":"https:\/\/schema.org","@graph":[{"@type":"Article","@id":"https:\/\/kunmedierne.dk\/mors\/facts-skal-afgoere-det-ikke-mavefornemmelse\/#article","isPartOf":{"@id":"https:\/\/kunmedierne.dk\/mors\/facts-skal-afgoere-det-ikke-mavefornemmelse\/"},"author":{"name":"Debat","@id":"https:\/\/kunmedierne.dk\/mors\/#\/schema\/person\/84c1391bce0b43b9bb3a49736bc0ad78"},"headline":"Facts skal afg\u00f8re det &#8211; ikke mavefornemmelse","datePublished":"2021-02-12T04:23:11+00:00","dateModified":"2024-08-12T11:37:52+00:00","mainEntityOfPage":{"@id":"https:\/\/kunmedierne.dk\/mors\/facts-skal-afgoere-det-ikke-mavefornemmelse\/"},"wordCount":437,"commentCount":0,"publisher":{"@id":"https:\/\/kunmedierne.dk\/mors\/#organization"},"image":{"@id":"https:\/\/kunmedierne.dk\/mors\/facts-skal-afgoere-det-ikke-mavefornemmelse\/#primaryimage"},"thumbnailUrl":"https:\/\/kunmedierne.dk\/mors\/wp-content\/uploads\/2020\/04\/0-debat-lauge-larsen-region.jpg","articleSection":["112","Debat"],"inLanguage":"da-DK","potentialAction":[{"@type":"CommentAction","name":"Comment","target":["https:\/\/kunmedierne.dk\/mors\/facts-skal-afgoere-det-ikke-mavefornemmelse\/#respond"]}]},{"@type":"WebPage","@id":"https:\/\/kunmedierne.dk\/mors\/facts-skal-afgoere-det-ikke-mavefornemmelse\/","url":"https:\/\/kunmedierne.dk\/mors\/facts-skal-afgoere-det-ikke-mavefornemmelse\/","name":"Facts skal afg\u00f8re det - ikke mavefornemmelse - Mors","isPartOf":{"@id":"https:\/\/kunmedierne.dk\/mors\/#website"},"primaryImageOfPage":{"@id":"https:\/\/kunmedierne.dk\/mors\/facts-skal-afgoere-det-ikke-mavefornemmelse\/#primaryimage"},"image":{"@id":"https:\/\/kunmedierne.dk\/mors\/facts-skal-afgoere-det-ikke-mavefornemmelse\/#primaryimage"},"thumbnailUrl":"https:\/\/kunmedierne.dk\/mors\/wp-content\/uploads\/2020\/04\/0-debat-lauge-larsen-region.jpg","datePublished":"2021-02-12T04:23:11+00:00","dateModified":"2024-08-12T11:37:52+00:00","breadcrumb":{"@id":"https:\/\/kunmedierne.dk\/mors\/facts-skal-afgoere-det-ikke-mavefornemmelse\/#breadcrumb"},"inLanguage":"da-DK","potentialAction":[{"@type":"ReadAction","target":["https:\/\/kunmedierne.dk\/mors\/facts-skal-afgoere-det-ikke-mavefornemmelse\/"]}]},{"@type":"ImageObject","inLanguage":"da-DK","@id":"https:\/\/kunmedierne.dk\/mors\/facts-skal-afgoere-det-ikke-mavefornemmelse\/#primaryimage","url":"https:\/\/kunmedierne.dk\/mors\/wp-content\/uploads\/2020\/04\/0-debat-lauge-larsen-region.jpg","contentUrl":"https:\/\/kunmedierne.dk\/mors\/wp-content\/uploads\/2020\/04\/0-debat-lauge-larsen-region.jpg","width":770,"height":513,"caption":"Lauge Larsen (S). Foto: Region Nordjylland."},{"@type":"BreadcrumbList","@id":"https:\/\/kunmedierne.dk\/mors\/facts-skal-afgoere-det-ikke-mavefornemmelse\/#breadcrumb","itemListElement":[{"@type":"ListItem","position":1,"name":"Hjem","item":"https:\/\/kunmedierne.dk\/mors\/"},{"@type":"ListItem","position":2,"name":"Facts skal afg\u00f8re det &#8211; ikke mavefornemmelse"}]},{"@type":"WebSite","@id":"https:\/\/kunmedierne.dk\/mors\/#website","url":"https:\/\/kunmedierne.dk\/mors\/","name":"Mors","description":"et netmedie med journalistik om livet p\u00e5 Mors","publisher":{"@id":"https:\/\/kunmedierne.dk\/mors\/#organization"},"potentialAction":[{"@type":"SearchAction","target":{"@type":"EntryPoint","urlTemplate":"https:\/\/kunmedierne.dk\/mors\/?s={search_term_string}"},"query-input":{"@type":"PropertyValueSpecification","valueRequired":true,"valueName":"search_term_string"}}],"inLanguage":"da-DK"},{"@type":"Organization","@id":"https:\/\/kunmedierne.dk\/mors\/#organization","name":"Mors","url":"https:\/\/kunmedierne.dk\/mors\/","logo":{"@type":"ImageObject","inLanguage":"da-DK","@id":"https:\/\/kunmedierne.dk\/mors\/#\/schema\/logo\/image\/","url":"https:\/\/kunmedierne.dk\/mors\/wp-content\/uploads\/2024\/08\/kunmors-logo.svg","contentUrl":"https:\/\/kunmedierne.dk\/mors\/wp-content\/uploads\/2024\/08\/kunmors-logo.svg","caption":"Mors"},"image":{"@id":"https:\/\/kunmedierne.dk\/mors\/#\/schema\/logo\/image\/"}},{"@type":"Person","@id":"https:\/\/kunmedierne.dk\/mors\/#\/schema\/person\/84c1391bce0b43b9bb3a49736bc0ad78","name":"Debat","image":{"@type":"ImageObject","inLanguage":"da-DK","@id":"https:\/\/kunmedierne.dk\/mors\/#\/schema\/person\/image\/","url":"https:\/\/secure.gravatar.com\/avatar\/b0fb2e221d618f7c65162ab0d49c7e8a0b580c871ca03af90e42b47b4150654c?s=96&d=mm&r=g","contentUrl":"https:\/\/secure.gravatar.com\/avatar\/b0fb2e221d618f7c65162ab0d49c7e8a0b580c871ca03af90e42b47b4150654c?s=96&d=mm&r=g","caption":"Debat"},"url":"https:\/\/kunmedierne.dk\/mors\/author\/debat\/"}]}},"_links":{"self":[{"href":"https:\/\/kunmedierne.dk\/mors\/wp-json\/wp\/v2\/posts\/39854","targetHints":{"allow":["GET"]}}],"collection":[{"href":"https:\/\/kunmedierne.dk\/mors\/wp-json\/wp\/v2\/posts"}],"about":[{"href":"https:\/\/kunmedierne.dk\/mors\/wp-json\/wp\/v2\/types\/post"}],"author":[{"embeddable":true,"href":"https:\/\/kunmedierne.dk\/mors\/wp-json\/wp\/v2\/users\/11"}],"replies":[{"embeddable":true,"href":"https:\/\/kunmedierne.dk\/mors\/wp-json\/wp\/v2\/comments?post=39854"}],"version-history":[{"count":6,"href":"https:\/\/kunmedierne.dk\/mors\/wp-json\/wp\/v2\/posts\/39854\/revisions"}],"predecessor-version":[{"id":39861,"href":"https:\/\/kunmedierne.dk\/mors\/wp-json\/wp\/v2\/posts\/39854\/revisions\/39861"}],"wp:featuredmedia":[{"embeddable":true,"href":"https:\/\/kunmedierne.dk\/mors\/wp-json\/wp\/v2\/media\/18765"}],"wp:attachment":[{"href":"https:\/\/kunmedierne.dk\/mors\/wp-json\/wp\/v2\/media?parent=39854"}],"wp:term":[{"taxonomy":"category","embeddable":true,"href":"https:\/\/kunmedierne.dk\/mors\/wp-json\/wp\/v2\/categories?post=39854"},{"taxonomy":"post_tag","embeddable":true,"href":"https:\/\/kunmedierne.dk\/mors\/wp-json\/wp\/v2\/tags?post=39854"}],"curies":[{"name":"wp","href":"https:\/\/api.w.org\/{rel}","templated":true}]}}