{"id":39821,"date":"2021-02-11T16:13:41","date_gmt":"2021-02-11T15:13:41","guid":{"rendered":"https:\/\/kunmedierne.dk\/mors\/?p=39821"},"modified":"2024-08-12T13:37:52","modified_gmt":"2024-08-12T11:37:52","slug":"det-giver-jo-ingen-mening","status":"publish","type":"post","link":"https:\/\/kunmedierne.dk\/mors\/det-giver-jo-ingen-mening\/","title":{"rendered":"&#8211; Det giver jo ingen mening?"},"content":{"rendered":"<p><em>Fra Lars Bo Majgaard, kandidat for Radikale Venstre ved kommunalvalg 2021 p\u00e5 Mors, har vi modtaget:<\/em><\/p>\n<hr \/>\n<p><strong>MORS<\/strong>: Da jeg l\u00e6ste Mejner N\u00f8rgaards (DF) indl\u00e6g \u201d<a href=\"https:\/\/kunmedierne.dk\/mors\/man-opfinder-et-problem-der-ikke-findes-i-virkeligheden\/\" target=\"_blank\" rel=\"noopener noreferrer\">Man opfinder et problem, der ikke findes<\/a>\u201d d. 9. februar omkring problemet ved at et parti har absolut flertal i kommunalbestyrelsen p\u00e5 Mors blev jeg \u00e6rligt talt lidt overrasket!<\/p>\n<p>Ikke over at Mejner mener, at der findes en fantastisk befolkning p\u00e5 Mors.<\/p>\n<p>Det er jeg helt og aldeles enig i.<\/p>\n<p>Heller ikke over at Mejner synes man skal respektere, at det er flertallet af v\u00e6lgere p\u00e5 Mors, som ved sidste kommunalvalg besluttede, at Venstre skulle have absolut flertal.<\/p>\n<p>Det har han helt og aldeles ret i, og som god demokrat er jeg selvf\u00f8lgelig enig i at det er v\u00e6lgernes dom, som er afg\u00f8rende. <img loading=\"lazy\" decoding=\"async\" class=\"alignright size-full wp-image-39492\" src=\"https:\/\/kunmedierne.dk\/mors\/wp-content\/uploads\/2021\/02\/ho8-1.jpg\" alt=\"\" width=\"1400\" height=\"125\" srcset=\"https:\/\/kunmedierne.dk\/mors\/wp-content\/uploads\/2021\/02\/ho8-1.jpg 1400w, https:\/\/kunmedierne.dk\/mors\/wp-content\/uploads\/2021\/02\/ho8-1-300x27.jpg 300w, https:\/\/kunmedierne.dk\/mors\/wp-content\/uploads\/2021\/02\/ho8-1-1024x91.jpg 1024w, https:\/\/kunmedierne.dk\/mors\/wp-content\/uploads\/2021\/02\/ho8-1-768x69.jpg 768w, https:\/\/kunmedierne.dk\/mors\/wp-content\/uploads\/2021\/02\/ho8-1-600x54.jpg 600w\" sizes=\"auto, (max-width: 1400px) 100vw, 1400px\" \/><\/p>\n<p>Mejner har ogs\u00e5 ret i, at det er vigtigt med en god folkelig debat, og jeg er glad for at han tager den hvor han f\u00e6rdes rundt p\u00e5 \u00f8en.<\/p>\n<p>Det vil jeg ogs\u00e5 forts\u00e6tte med at g\u00f8re og det tror jeg alle kandidater til kommunalbestyrelsen g\u00f8r.<\/p>\n<p>At Mejner \u00f8nsker at bevare det borgerlige flertal p\u00e5 Mors efter n\u00e6ste valg giver ogs\u00e5 fin mening set fra hans synsvinkel. I RV kunne vi godt t\u00e6nke os et lidt bredere samarbejde hen over midten ogs\u00e5 i kommunalbestyrelsen og det vil vi fors\u00f8ge at v\u00e6re garant for efter kommunalvalget til november.<\/p>\n<p>MEN s\u00e5 kommer det overraskende\u2026.<\/p>\n<p>I l\u00e6serbrevet gives der udtryk for at det faktum, at et parti har absolut flertal er \u201det ikke eksisterende problem\u201d.<\/p>\n<p><strong>DET KAN JEG IKKE FORST\u00c5!<\/strong><\/p>\n<p>Det kan da umuligt v\u00e6re den bedste forhandlingsposition, heller ikke for DF, at Venstre efter at have opn\u00e5et intern enighed kan g\u00e5 til forhandlingsbordet vel vidende, at man reelt ikke har brug for andre partiers stemmer. <a href=\"https:\/\/vognmand-filtenborg.dk\/\"><img loading=\"lazy\" decoding=\"async\" class=\"alignright size-full wp-image-35525\" src=\"https:\/\/kunmedierne.dk\/mors\/wp-content\/uploads\/2020\/11\/ho1.jpg\" alt=\"\" width=\"1400\" height=\"125\" srcset=\"https:\/\/kunmedierne.dk\/mors\/wp-content\/uploads\/2020\/11\/ho1.jpg 1400w, https:\/\/kunmedierne.dk\/mors\/wp-content\/uploads\/2020\/11\/ho1-300x27.jpg 300w, https:\/\/kunmedierne.dk\/mors\/wp-content\/uploads\/2020\/11\/ho1-1024x91.jpg 1024w, https:\/\/kunmedierne.dk\/mors\/wp-content\/uploads\/2020\/11\/ho1-768x69.jpg 768w, https:\/\/kunmedierne.dk\/mors\/wp-content\/uploads\/2020\/11\/ho1-600x54.jpg 600w\" sizes=\"auto, (max-width: 1400px) 100vw, 1400px\" \/><\/a><\/p>\n<p>Det m\u00e5 da ogs\u00e5 v\u00e6re i DF\u00b4s interesse, og give dem st\u00f8rre mulighed for reel indflydelse i den nye kommunalbestyrelse, hvis Venstre IKKE har absolut flertal efter kommunalvalget i november.<\/p>\n<p>Hvis ikke DF deler \u00f8nsket om et valgresultat hvor Venstre IKKE har absolut flertal, s\u00e5 har vi i sandhed et Mors\u00f8 Venstre (Dansk) Folkeparti p\u00e5 Mors og hvorfor s\u00e5 stemme p\u00e5 DF?<\/p>\n<hr \/>\n<p><em>Har du et bidrag til den lokale debat? Send det til os p\u00e5 e-mail: debat@kunmedierne.dk\/mors. Husk at l\u00e6se korrektur inden afsendelse p\u00e5 indl\u00e6gget.<\/em><\/p>\n<blockquote><p>F\u00f8lg vores serie om kandidater til kommunalvalget i 2021. Seneste afsnit er\u00a0<a href=\"https:\/\/kunmedierne.dk\/mors\/konservative-vil-bryde-venstres-flertal\/\" target=\"_blank\" rel=\"noopener noreferrer\">her<\/a>.<\/p><\/blockquote>\n","protected":false},"excerpt":{"rendered":"<p>Fra Lars Bo Majgaard, kandidat for Radikale Venstre ved kommunalvalg 2021 p\u00e5 Mors, har vi modtaget: MORS: Da jeg l\u00e6ste Mejner N\u00f8rgaards (DF) indl\u00e6g \u201dMan opfinder et problem, der ikke findes\u201d d. 9. februar omkring problemet ved at et parti har absolut flertal i kommunalbestyrelsen p\u00e5 Mors blev jeg \u00e6rligt talt lidt overrasket! Ikke over [&hellip;]<\/p>\n","protected":false},"author":11,"featured_media":37685,"comment_status":"open","ping_status":"open","sticky":false,"template":"","format":"standard","meta":{"_acf_changed":false,"footnotes":""},"categories":[56],"tags":[167],"class_list":["post-39821","post","type-post","status-publish","format-standard","has-post-thumbnail","hentry","category-debat","tag-politik"],"acf":[],"yoast_head":"<!-- This site is optimized with the Yoast SEO plugin v26.8 - https:\/\/yoast.com\/product\/yoast-seo-wordpress\/ -->\n<title>- Det giver jo ingen mening? - Mors<\/title>\n<meta name=\"robots\" content=\"index, follow, max-snippet:-1, max-image-preview:large, max-video-preview:-1\" \/>\n<link rel=\"canonical\" href=\"https:\/\/kunmedierne.dk\/mors\/det-giver-jo-ingen-mening\/\" \/>\n<meta property=\"og:locale\" content=\"da_DK\" \/>\n<meta property=\"og:type\" content=\"article\" \/>\n<meta property=\"og:title\" content=\"- Det giver jo ingen mening? - Mors\" \/>\n<meta property=\"og:description\" content=\"Fra Lars Bo Majgaard, kandidat for Radikale Venstre ved kommunalvalg 2021 p\u00e5 Mors, har vi modtaget: MORS: Da jeg l\u00e6ste Mejner N\u00f8rgaards (DF) indl\u00e6g \u201dMan opfinder et problem, der ikke findes\u201d d. 9. februar omkring problemet ved at et parti har absolut flertal i kommunalbestyrelsen p\u00e5 Mors blev jeg \u00e6rligt talt lidt overrasket! Ikke over [&hellip;]\" \/>\n<meta property=\"og:url\" content=\"https:\/\/kunmedierne.dk\/mors\/det-giver-jo-ingen-mening\/\" \/>\n<meta property=\"og:site_name\" content=\"Mors\" \/>\n<meta property=\"article:published_time\" content=\"2021-02-11T15:13:41+00:00\" \/>\n<meta property=\"article:modified_time\" content=\"2024-08-12T11:37:52+00:00\" \/>\n<meta property=\"og:image\" content=\"https:\/\/kunmedierne.dk\/mors\/wp-content\/uploads\/2021\/01\/Lars-Bo-Majgaard.jpg\" \/>\n\t<meta property=\"og:image:width\" content=\"770\" \/>\n\t<meta property=\"og:image:height\" content=\"513\" \/>\n\t<meta property=\"og:image:type\" content=\"image\/jpeg\" \/>\n<meta name=\"author\" content=\"Debat\" \/>\n<meta name=\"twitter:card\" content=\"summary_large_image\" \/>\n<meta name=\"twitter:label1\" content=\"Skrevet af\" \/>\n\t<meta name=\"twitter:data1\" content=\"Debat\" \/>\n\t<meta name=\"twitter:label2\" content=\"Estimeret l\u00e6setid\" \/>\n\t<meta name=\"twitter:data2\" content=\"2 minutter\" \/>\n<script type=\"application\/ld+json\" class=\"yoast-schema-graph\">{\"@context\":\"https:\/\/schema.org\",\"@graph\":[{\"@type\":\"Article\",\"@id\":\"https:\/\/kunmedierne.dk\/mors\/det-giver-jo-ingen-mening\/#article\",\"isPartOf\":{\"@id\":\"https:\/\/kunmedierne.dk\/mors\/det-giver-jo-ingen-mening\/\"},\"author\":{\"name\":\"Debat\",\"@id\":\"https:\/\/kunmedierne.dk\/mors\/#\/schema\/person\/84c1391bce0b43b9bb3a49736bc0ad78\"},\"headline\":\"&#8211; Det giver jo ingen mening?\",\"datePublished\":\"2021-02-11T15:13:41+00:00\",\"dateModified\":\"2024-08-12T11:37:52+00:00\",\"mainEntityOfPage\":{\"@id\":\"https:\/\/kunmedierne.dk\/mors\/det-giver-jo-ingen-mening\/\"},\"wordCount\":417,\"commentCount\":0,\"publisher\":{\"@id\":\"https:\/\/kunmedierne.dk\/mors\/#organization\"},\"image\":{\"@id\":\"https:\/\/kunmedierne.dk\/mors\/det-giver-jo-ingen-mening\/#primaryimage\"},\"thumbnailUrl\":\"https:\/\/kunmedierne.dk\/mors\/wp-content\/uploads\/2021\/01\/Lars-Bo-Majgaard.jpg\",\"keywords\":[\"Politik\"],\"articleSection\":[\"Debat\"],\"inLanguage\":\"da-DK\",\"potentialAction\":[{\"@type\":\"CommentAction\",\"name\":\"Comment\",\"target\":[\"https:\/\/kunmedierne.dk\/mors\/det-giver-jo-ingen-mening\/#respond\"]}]},{\"@type\":\"WebPage\",\"@id\":\"https:\/\/kunmedierne.dk\/mors\/det-giver-jo-ingen-mening\/\",\"url\":\"https:\/\/kunmedierne.dk\/mors\/det-giver-jo-ingen-mening\/\",\"name\":\"- Det giver jo ingen mening? - Mors\",\"isPartOf\":{\"@id\":\"https:\/\/kunmedierne.dk\/mors\/#website\"},\"primaryImageOfPage\":{\"@id\":\"https:\/\/kunmedierne.dk\/mors\/det-giver-jo-ingen-mening\/#primaryimage\"},\"image\":{\"@id\":\"https:\/\/kunmedierne.dk\/mors\/det-giver-jo-ingen-mening\/#primaryimage\"},\"thumbnailUrl\":\"https:\/\/kunmedierne.dk\/mors\/wp-content\/uploads\/2021\/01\/Lars-Bo-Majgaard.jpg\",\"datePublished\":\"2021-02-11T15:13:41+00:00\",\"dateModified\":\"2024-08-12T11:37:52+00:00\",\"breadcrumb\":{\"@id\":\"https:\/\/kunmedierne.dk\/mors\/det-giver-jo-ingen-mening\/#breadcrumb\"},\"inLanguage\":\"da-DK\",\"potentialAction\":[{\"@type\":\"ReadAction\",\"target\":[\"https:\/\/kunmedierne.dk\/mors\/det-giver-jo-ingen-mening\/\"]}]},{\"@type\":\"ImageObject\",\"inLanguage\":\"da-DK\",\"@id\":\"https:\/\/kunmedierne.dk\/mors\/det-giver-jo-ingen-mening\/#primaryimage\",\"url\":\"https:\/\/kunmedierne.dk\/mors\/wp-content\/uploads\/2021\/01\/Lars-Bo-Majgaard.jpg\",\"contentUrl\":\"https:\/\/kunmedierne.dk\/mors\/wp-content\/uploads\/2021\/01\/Lars-Bo-Majgaard.jpg\",\"width\":770,\"height\":513,\"caption\":\"Lars Bo Majgaard, kandidat til kommunalbestyrelsen for Radikale Venstre.\"},{\"@type\":\"BreadcrumbList\",\"@id\":\"https:\/\/kunmedierne.dk\/mors\/det-giver-jo-ingen-mening\/#breadcrumb\",\"itemListElement\":[{\"@type\":\"ListItem\",\"position\":1,\"name\":\"Hjem\",\"item\":\"https:\/\/kunmedierne.dk\/mors\/\"},{\"@type\":\"ListItem\",\"position\":2,\"name\":\"&#8211; Det giver jo ingen mening?\"}]},{\"@type\":\"WebSite\",\"@id\":\"https:\/\/kunmedierne.dk\/mors\/#website\",\"url\":\"https:\/\/kunmedierne.dk\/mors\/\",\"name\":\"Mors\",\"description\":\"et netmedie med journalistik om livet p\u00e5 Mors\",\"publisher\":{\"@id\":\"https:\/\/kunmedierne.dk\/mors\/#organization\"},\"potentialAction\":[{\"@type\":\"SearchAction\",\"target\":{\"@type\":\"EntryPoint\",\"urlTemplate\":\"https:\/\/kunmedierne.dk\/mors\/?s={search_term_string}\"},\"query-input\":{\"@type\":\"PropertyValueSpecification\",\"valueRequired\":true,\"valueName\":\"search_term_string\"}}],\"inLanguage\":\"da-DK\"},{\"@type\":\"Organization\",\"@id\":\"https:\/\/kunmedierne.dk\/mors\/#organization\",\"name\":\"Mors\",\"url\":\"https:\/\/kunmedierne.dk\/mors\/\",\"logo\":{\"@type\":\"ImageObject\",\"inLanguage\":\"da-DK\",\"@id\":\"https:\/\/kunmedierne.dk\/mors\/#\/schema\/logo\/image\/\",\"url\":\"https:\/\/kunmedierne.dk\/mors\/wp-content\/uploads\/2024\/08\/kunmors-logo.svg\",\"contentUrl\":\"https:\/\/kunmedierne.dk\/mors\/wp-content\/uploads\/2024\/08\/kunmors-logo.svg\",\"caption\":\"Mors\"},\"image\":{\"@id\":\"https:\/\/kunmedierne.dk\/mors\/#\/schema\/logo\/image\/\"}},{\"@type\":\"Person\",\"@id\":\"https:\/\/kunmedierne.dk\/mors\/#\/schema\/person\/84c1391bce0b43b9bb3a49736bc0ad78\",\"name\":\"Debat\",\"image\":{\"@type\":\"ImageObject\",\"inLanguage\":\"da-DK\",\"@id\":\"https:\/\/kunmedierne.dk\/mors\/#\/schema\/person\/image\/\",\"url\":\"https:\/\/secure.gravatar.com\/avatar\/b0fb2e221d618f7c65162ab0d49c7e8a0b580c871ca03af90e42b47b4150654c?s=96&d=mm&r=g\",\"contentUrl\":\"https:\/\/secure.gravatar.com\/avatar\/b0fb2e221d618f7c65162ab0d49c7e8a0b580c871ca03af90e42b47b4150654c?s=96&d=mm&r=g\",\"caption\":\"Debat\"},\"url\":\"https:\/\/kunmedierne.dk\/mors\/author\/debat\/\"}]}<\/script>\n<!-- \/ Yoast SEO plugin. -->","yoast_head_json":{"title":"- Det giver jo ingen mening? - Mors","robots":{"index":"index","follow":"follow","max-snippet":"max-snippet:-1","max-image-preview":"max-image-preview:large","max-video-preview":"max-video-preview:-1"},"canonical":"https:\/\/kunmedierne.dk\/mors\/det-giver-jo-ingen-mening\/","og_locale":"da_DK","og_type":"article","og_title":"- Det giver jo ingen mening? - Mors","og_description":"Fra Lars Bo Majgaard, kandidat for Radikale Venstre ved kommunalvalg 2021 p\u00e5 Mors, har vi modtaget: MORS: Da jeg l\u00e6ste Mejner N\u00f8rgaards (DF) indl\u00e6g \u201dMan opfinder et problem, der ikke findes\u201d d. 9. februar omkring problemet ved at et parti har absolut flertal i kommunalbestyrelsen p\u00e5 Mors blev jeg \u00e6rligt talt lidt overrasket! Ikke over [&hellip;]","og_url":"https:\/\/kunmedierne.dk\/mors\/det-giver-jo-ingen-mening\/","og_site_name":"Mors","article_published_time":"2021-02-11T15:13:41+00:00","article_modified_time":"2024-08-12T11:37:52+00:00","og_image":[{"width":770,"height":513,"url":"https:\/\/kunmedierne.dk\/mors\/wp-content\/uploads\/2021\/01\/Lars-Bo-Majgaard.jpg","type":"image\/jpeg"}],"author":"Debat","twitter_card":"summary_large_image","twitter_misc":{"Skrevet af":"Debat","Estimeret l\u00e6setid":"2 minutter"},"schema":{"@context":"https:\/\/schema.org","@graph":[{"@type":"Article","@id":"https:\/\/kunmedierne.dk\/mors\/det-giver-jo-ingen-mening\/#article","isPartOf":{"@id":"https:\/\/kunmedierne.dk\/mors\/det-giver-jo-ingen-mening\/"},"author":{"name":"Debat","@id":"https:\/\/kunmedierne.dk\/mors\/#\/schema\/person\/84c1391bce0b43b9bb3a49736bc0ad78"},"headline":"&#8211; Det giver jo ingen mening?","datePublished":"2021-02-11T15:13:41+00:00","dateModified":"2024-08-12T11:37:52+00:00","mainEntityOfPage":{"@id":"https:\/\/kunmedierne.dk\/mors\/det-giver-jo-ingen-mening\/"},"wordCount":417,"commentCount":0,"publisher":{"@id":"https:\/\/kunmedierne.dk\/mors\/#organization"},"image":{"@id":"https:\/\/kunmedierne.dk\/mors\/det-giver-jo-ingen-mening\/#primaryimage"},"thumbnailUrl":"https:\/\/kunmedierne.dk\/mors\/wp-content\/uploads\/2021\/01\/Lars-Bo-Majgaard.jpg","keywords":["Politik"],"articleSection":["Debat"],"inLanguage":"da-DK","potentialAction":[{"@type":"CommentAction","name":"Comment","target":["https:\/\/kunmedierne.dk\/mors\/det-giver-jo-ingen-mening\/#respond"]}]},{"@type":"WebPage","@id":"https:\/\/kunmedierne.dk\/mors\/det-giver-jo-ingen-mening\/","url":"https:\/\/kunmedierne.dk\/mors\/det-giver-jo-ingen-mening\/","name":"- Det giver jo ingen mening? - Mors","isPartOf":{"@id":"https:\/\/kunmedierne.dk\/mors\/#website"},"primaryImageOfPage":{"@id":"https:\/\/kunmedierne.dk\/mors\/det-giver-jo-ingen-mening\/#primaryimage"},"image":{"@id":"https:\/\/kunmedierne.dk\/mors\/det-giver-jo-ingen-mening\/#primaryimage"},"thumbnailUrl":"https:\/\/kunmedierne.dk\/mors\/wp-content\/uploads\/2021\/01\/Lars-Bo-Majgaard.jpg","datePublished":"2021-02-11T15:13:41+00:00","dateModified":"2024-08-12T11:37:52+00:00","breadcrumb":{"@id":"https:\/\/kunmedierne.dk\/mors\/det-giver-jo-ingen-mening\/#breadcrumb"},"inLanguage":"da-DK","potentialAction":[{"@type":"ReadAction","target":["https:\/\/kunmedierne.dk\/mors\/det-giver-jo-ingen-mening\/"]}]},{"@type":"ImageObject","inLanguage":"da-DK","@id":"https:\/\/kunmedierne.dk\/mors\/det-giver-jo-ingen-mening\/#primaryimage","url":"https:\/\/kunmedierne.dk\/mors\/wp-content\/uploads\/2021\/01\/Lars-Bo-Majgaard.jpg","contentUrl":"https:\/\/kunmedierne.dk\/mors\/wp-content\/uploads\/2021\/01\/Lars-Bo-Majgaard.jpg","width":770,"height":513,"caption":"Lars Bo Majgaard, kandidat til kommunalbestyrelsen for Radikale Venstre."},{"@type":"BreadcrumbList","@id":"https:\/\/kunmedierne.dk\/mors\/det-giver-jo-ingen-mening\/#breadcrumb","itemListElement":[{"@type":"ListItem","position":1,"name":"Hjem","item":"https:\/\/kunmedierne.dk\/mors\/"},{"@type":"ListItem","position":2,"name":"&#8211; Det giver jo ingen mening?"}]},{"@type":"WebSite","@id":"https:\/\/kunmedierne.dk\/mors\/#website","url":"https:\/\/kunmedierne.dk\/mors\/","name":"Mors","description":"et netmedie med journalistik om livet p\u00e5 Mors","publisher":{"@id":"https:\/\/kunmedierne.dk\/mors\/#organization"},"potentialAction":[{"@type":"SearchAction","target":{"@type":"EntryPoint","urlTemplate":"https:\/\/kunmedierne.dk\/mors\/?s={search_term_string}"},"query-input":{"@type":"PropertyValueSpecification","valueRequired":true,"valueName":"search_term_string"}}],"inLanguage":"da-DK"},{"@type":"Organization","@id":"https:\/\/kunmedierne.dk\/mors\/#organization","name":"Mors","url":"https:\/\/kunmedierne.dk\/mors\/","logo":{"@type":"ImageObject","inLanguage":"da-DK","@id":"https:\/\/kunmedierne.dk\/mors\/#\/schema\/logo\/image\/","url":"https:\/\/kunmedierne.dk\/mors\/wp-content\/uploads\/2024\/08\/kunmors-logo.svg","contentUrl":"https:\/\/kunmedierne.dk\/mors\/wp-content\/uploads\/2024\/08\/kunmors-logo.svg","caption":"Mors"},"image":{"@id":"https:\/\/kunmedierne.dk\/mors\/#\/schema\/logo\/image\/"}},{"@type":"Person","@id":"https:\/\/kunmedierne.dk\/mors\/#\/schema\/person\/84c1391bce0b43b9bb3a49736bc0ad78","name":"Debat","image":{"@type":"ImageObject","inLanguage":"da-DK","@id":"https:\/\/kunmedierne.dk\/mors\/#\/schema\/person\/image\/","url":"https:\/\/secure.gravatar.com\/avatar\/b0fb2e221d618f7c65162ab0d49c7e8a0b580c871ca03af90e42b47b4150654c?s=96&d=mm&r=g","contentUrl":"https:\/\/secure.gravatar.com\/avatar\/b0fb2e221d618f7c65162ab0d49c7e8a0b580c871ca03af90e42b47b4150654c?s=96&d=mm&r=g","caption":"Debat"},"url":"https:\/\/kunmedierne.dk\/mors\/author\/debat\/"}]}},"_links":{"self":[{"href":"https:\/\/kunmedierne.dk\/mors\/wp-json\/wp\/v2\/posts\/39821","targetHints":{"allow":["GET"]}}],"collection":[{"href":"https:\/\/kunmedierne.dk\/mors\/wp-json\/wp\/v2\/posts"}],"about":[{"href":"https:\/\/kunmedierne.dk\/mors\/wp-json\/wp\/v2\/types\/post"}],"author":[{"embeddable":true,"href":"https:\/\/kunmedierne.dk\/mors\/wp-json\/wp\/v2\/users\/11"}],"replies":[{"embeddable":true,"href":"https:\/\/kunmedierne.dk\/mors\/wp-json\/wp\/v2\/comments?post=39821"}],"version-history":[{"count":4,"href":"https:\/\/kunmedierne.dk\/mors\/wp-json\/wp\/v2\/posts\/39821\/revisions"}],"predecessor-version":[{"id":39831,"href":"https:\/\/kunmedierne.dk\/mors\/wp-json\/wp\/v2\/posts\/39821\/revisions\/39831"}],"wp:featuredmedia":[{"embeddable":true,"href":"https:\/\/kunmedierne.dk\/mors\/wp-json\/wp\/v2\/media\/37685"}],"wp:attachment":[{"href":"https:\/\/kunmedierne.dk\/mors\/wp-json\/wp\/v2\/media?parent=39821"}],"wp:term":[{"taxonomy":"category","embeddable":true,"href":"https:\/\/kunmedierne.dk\/mors\/wp-json\/wp\/v2\/categories?post=39821"},{"taxonomy":"post_tag","embeddable":true,"href":"https:\/\/kunmedierne.dk\/mors\/wp-json\/wp\/v2\/tags?post=39821"}],"curies":[{"name":"wp","href":"https:\/\/api.w.org\/{rel}","templated":true}]}}