{"id":39811,"date":"2021-02-11T12:47:37","date_gmt":"2021-02-11T11:47:37","guid":{"rendered":"https:\/\/kunmedierne.dk\/mors\/?p=39811"},"modified":"2024-08-12T13:37:52","modified_gmt":"2024-08-12T11:37:52","slug":"vejdirektoratet-formulering-i-skrivelse-om-vilsundbroen-er-med-forbehold-2","status":"publish","type":"post","link":"https:\/\/kunmedierne.dk\/mors\/vejdirektoratet-formulering-i-skrivelse-om-vilsundbroen-er-med-forbehold-2\/","title":{"rendered":"Vejdirektoratet: Formulering i skrivelse om Vilsundbroen er med forbehold"},"content":{"rendered":"<p><strong>VILSUND<\/strong>:\u00a0&#8220;Det er forventningen, at betjeningen af Aggersundbroen, Vilsundbroen og Hadsundbroen vil blive fjernbetjent inden udgangen af 2021.&#8221;<\/p>\n<p>S\u00e6tningen herover finder man nederst i en skrivelse fra Vejdirektoratet sendt i slutningen af december til de virksomheder, der driver Vilsundbroen. De bliver bedt om at orientere personalet om planerne, og siden slutningen af december 2020, da s\u00e6tningen blev formuleret, har de 17 ord i den derfor dannet grundlag for en opfattelse om, at Vilsundbroens fremtid som fjernbetjent allerede er besluttet.<\/p>\n<p>Men det er en fejltolkning, mener\u00a0Vejdirektoratet. KunMors har igen kontaktet direktoratet for at f\u00e5 afklaret, om der allerede nu er truffet beslutning om Vilsundbroens fremtid &#8211; og pressechef Martin \u00d8stergaard-Nielsen sl\u00e5r fast, at det er der ikke.<\/p>\n<p>&#8220;Dj\u00e6vlen ligger i detaljen. For der st\u00e5r ogs\u00e5, at det er forudsat, at det bliver godkendt,&#8221; siger han om den omdiskuterede s\u00e6tning. <a href=\"https:\/\/www.fmspks.dk\/\"><img loading=\"lazy\" decoding=\"async\" class=\"alignright size-full wp-image-35528\" src=\"https:\/\/kunmedierne.dk\/mors\/wp-content\/uploads\/2020\/11\/ho4.jpg\" alt=\"\" width=\"1400\" height=\"125\" srcset=\"https:\/\/kunmedierne.dk\/mors\/wp-content\/uploads\/2020\/11\/ho4.jpg 1400w, https:\/\/kunmedierne.dk\/mors\/wp-content\/uploads\/2020\/11\/ho4-300x27.jpg 300w, https:\/\/kunmedierne.dk\/mors\/wp-content\/uploads\/2020\/11\/ho4-1024x91.jpg 1024w, https:\/\/kunmedierne.dk\/mors\/wp-content\/uploads\/2020\/11\/ho4-768x69.jpg 768w, https:\/\/kunmedierne.dk\/mors\/wp-content\/uploads\/2020\/11\/ho4-600x54.jpg 600w\" sizes=\"auto, (max-width: 1400px) 100vw, 1400px\" \/><\/a><\/p>\n<p>Han henviser til s\u00e6tningen f\u00f8r den.\u00a0I d\u00e9n s\u00e6tning st\u00e5r der:<\/p>\n<p>&#8220;Analysen forventes afsluttet ved udgangen af 1. kvartal 2021, hvorefter et beslutningsgrundlag vil blive fremsendt til departementet med henblik p\u00e5 en endelig beslutning af fjernstyrecentralens fremtidige placering, hvorefter en fuld implementering vil blive sat i v\u00e6rk.&#8221;<\/p>\n<p>Martin \u00d8stergaard-Nielsen forklarer:<\/p>\n<p>&#8220;Det er en lidt embedsmandsagtig m\u00e5de at skrive, at vi sender det over i ministeriet, som skal foretage en politisk godkendelse.&#8221;<\/p>\n<p><em>Men s\u00e5 st\u00e5r der alligevel: &#8220;&#8230;.hvorefter en fuld implementering vil blive sat i v\u00e6rk&#8230;&#8221;<\/em><\/p>\n<p>&#8220;Ja &#8211; forudsat&#8230; Det kunne m\u00e5ske godt have st\u00e5 lidt tydeligere, men det er alts\u00e5 forudsat, at det politiske system nikker til analysen og siger, at vi skal g\u00e5 videre med det,&#8221; siger Martin \u00d8stergaard-Nielsen.<\/p>\n<p><em>S\u00e5 du kan berolige med, at det faktisk ikke er besluttet, selv om man godt kan f\u00e5 det indtryk, n\u00e5r man l\u00e6ser det, som det bliver formuleret? <a href=\"https:\/\/morsoe-begravelsesforretning.dk\/\"><img loading=\"lazy\" decoding=\"async\" class=\"alignright size-full wp-image-35519\" src=\"https:\/\/kunmedierne.dk\/mors\/wp-content\/uploads\/2020\/11\/ho5.jpg\" alt=\"\" width=\"1425\" height=\"127\" srcset=\"https:\/\/kunmedierne.dk\/mors\/wp-content\/uploads\/2020\/11\/ho5.jpg 1425w, https:\/\/kunmedierne.dk\/mors\/wp-content\/uploads\/2020\/11\/ho5-300x27.jpg 300w, https:\/\/kunmedierne.dk\/mors\/wp-content\/uploads\/2020\/11\/ho5-1024x91.jpg 1024w, https:\/\/kunmedierne.dk\/mors\/wp-content\/uploads\/2020\/11\/ho5-768x68.jpg 768w, https:\/\/kunmedierne.dk\/mors\/wp-content\/uploads\/2020\/11\/ho5-600x53.jpg 600w\" sizes=\"auto, (max-width: 1425px) 100vw, 1425px\" \/><\/a><\/em><\/p>\n<p>&#8220;Ja, det kan jeg. Det er ikke besluttet. Vi er stadig i gang med vores analyse, og n\u00e6ste led er, at den skal sendes til departementet &#8211; det kalder vi det, som andre ville kalde ministeriet. Og s\u00e5 skal der tr\u00e6ffes en politisk beslutning p\u00e5 politisk niveau.&#8221;<\/p>\n<p><em>Men kan man s\u00e5 ikke sige, at formuleringen har v\u00e6ret lidt for offensiv eller uklar, n\u00e5r man slutter af med, at det er en forventning, at broen vil blive fjernbetjent inden udgangen af 2021? Er det ikke at tage munden for fuld?<\/em><\/p>\n<p>&#8220;Den konklusion vil jeg overlade til dig. Der bliver jeg p\u00e5 sidelinjen,&#8221; siger Martin \u00d8stergaard-Nielsen.<\/p>\n<p>&nbsp;<\/p>\n<p><strong>Har fors\u00f8gt med \u00e5benhed<\/strong><\/p>\n<p>Han tilf\u00f8jer, at Vejdirektoratets skrivelse ogs\u00e5 skal ses som et udtryk for, at man har fors\u00f8gt at v\u00e6re p\u00e5 forkant med informationen.<\/p>\n<p>&#8220;Jeg vil sige til vores forsvar, at grunden til, at vi sender den skrivelse ud, er jo, at vi netop \u00f8nsker at give \u00e5benhed omkring processen. S\u00e5dan s\u00e5 en journalist som dig ikke kan komme p\u00e5 bagkant og sige, at det kommer som en tyv om natten,&#8221; siger han. <a href=\"https:\/\/www.sparnord.dk\/filialer\/nykoebing-mors\/\"><img loading=\"lazy\" decoding=\"async\" class=\"alignright size-full wp-image-35699\" src=\"https:\/\/kunmedierne.dk\/mors\/wp-content\/uploads\/2020\/11\/ho6.jpg\" alt=\"\" width=\"1400\" height=\"123\" srcset=\"https:\/\/kunmedierne.dk\/mors\/wp-content\/uploads\/2020\/11\/ho6.jpg 1400w, https:\/\/kunmedierne.dk\/mors\/wp-content\/uploads\/2020\/11\/ho6-300x26.jpg 300w, https:\/\/kunmedierne.dk\/mors\/wp-content\/uploads\/2020\/11\/ho6-1024x90.jpg 1024w, https:\/\/kunmedierne.dk\/mors\/wp-content\/uploads\/2020\/11\/ho6-768x67.jpg 768w, https:\/\/kunmedierne.dk\/mors\/wp-content\/uploads\/2020\/11\/ho6-600x53.jpg 600w\" sizes=\"auto, (max-width: 1400px) 100vw, 1400px\" \/><\/a><\/p>\n<p>&#8220;Nu g\u00e5r vi den anden vej og pr\u00f8ver at laver noget transparens og siger: &#8216;Vi er i gang med det her &#8211; og forudsat at der kommer en politisk godkendelse, sker der det her. S\u00e5 vi fors\u00f8ger at lave \u00e5benhed om det,&#8221; lyder det fra pressechefen.<\/p>\n<p>&#8220;S\u00e5 kan man altid diskutere ordvalget, men det var et fors\u00f8g p\u00e5 at skabe noget transparens omkring processen,&#8221; tilf\u00f8jer han.<\/p>\n","protected":false},"excerpt":{"rendered":"<p>VILSUND:\u00a0&#8220;Det er forventningen, at betjeningen af Aggersundbroen, Vilsundbroen og Hadsundbroen vil blive fjernbetjent inden udgangen af 2021.&#8221; S\u00e6tningen herover finder man nederst i en skrivelse fra Vejdirektoratet sendt i slutningen af december til de virksomheder, der driver Vilsundbroen. De bliver bedt om at orientere personalet om planerne, og siden slutningen af december 2020, da s\u00e6tningen [&hellip;]<\/p>\n","protected":false},"author":8,"featured_media":39564,"comment_status":"open","ping_status":"open","sticky":false,"template":"","format":"standard","meta":{"_acf_changed":false,"footnotes":""},"categories":[51],"tags":[167],"class_list":["post-39811","post","type-post","status-publish","format-standard","has-post-thumbnail","hentry","category-lokalt","tag-politik"],"acf":[],"yoast_head":"<!-- This site is optimized with the Yoast SEO plugin v26.8 - https:\/\/yoast.com\/product\/yoast-seo-wordpress\/ -->\n<title>Vejdirektoratet: Formulering i skrivelse om Vilsundbroen er med forbehold - Mors<\/title>\n<meta name=\"robots\" content=\"index, follow, max-snippet:-1, max-image-preview:large, max-video-preview:-1\" \/>\n<link rel=\"canonical\" href=\"https:\/\/kunmedierne.dk\/mors\/vejdirektoratet-formulering-i-skrivelse-om-vilsundbroen-er-med-forbehold-2\/\" \/>\n<meta property=\"og:locale\" content=\"da_DK\" \/>\n<meta property=\"og:type\" content=\"article\" \/>\n<meta property=\"og:title\" content=\"Vejdirektoratet: Formulering i skrivelse om Vilsundbroen er med forbehold - Mors\" \/>\n<meta property=\"og:description\" content=\"VILSUND:\u00a0&#8220;Det er forventningen, at betjeningen af Aggersundbroen, Vilsundbroen og Hadsundbroen vil blive fjernbetjent inden udgangen af 2021.&#8221; S\u00e6tningen herover finder man nederst i en skrivelse fra Vejdirektoratet sendt i slutningen af december til de virksomheder, der driver Vilsundbroen. De bliver bedt om at orientere personalet om planerne, og siden slutningen af december 2020, da s\u00e6tningen [&hellip;]\" \/>\n<meta property=\"og:url\" content=\"https:\/\/kunmedierne.dk\/mors\/vejdirektoratet-formulering-i-skrivelse-om-vilsundbroen-er-med-forbehold-2\/\" \/>\n<meta property=\"og:site_name\" content=\"Mors\" \/>\n<meta property=\"article:published_time\" content=\"2021-02-11T11:47:37+00:00\" \/>\n<meta property=\"article:modified_time\" content=\"2024-08-12T11:37:52+00:00\" \/>\n<meta property=\"og:image\" content=\"https:\/\/kunmedierne.dk\/mors\/wp-content\/uploads\/2021\/02\/210206-vilsundbroen2.jpg\" \/>\n\t<meta property=\"og:image:width\" content=\"770\" \/>\n\t<meta property=\"og:image:height\" content=\"513\" \/>\n\t<meta property=\"og:image:type\" content=\"image\/jpeg\" \/>\n<meta name=\"author\" content=\"David H\u00f8jmark\" \/>\n<meta name=\"twitter:card\" content=\"summary_large_image\" \/>\n<meta name=\"twitter:label1\" content=\"Skrevet af\" \/>\n\t<meta name=\"twitter:data1\" content=\"David H\u00f8jmark\" \/>\n\t<meta name=\"twitter:label2\" content=\"Estimeret l\u00e6setid\" \/>\n\t<meta name=\"twitter:data2\" content=\"3 minutter\" \/>\n<script type=\"application\/ld+json\" class=\"yoast-schema-graph\">{\"@context\":\"https:\/\/schema.org\",\"@graph\":[{\"@type\":\"Article\",\"@id\":\"https:\/\/kunmedierne.dk\/mors\/vejdirektoratet-formulering-i-skrivelse-om-vilsundbroen-er-med-forbehold-2\/#article\",\"isPartOf\":{\"@id\":\"https:\/\/kunmedierne.dk\/mors\/vejdirektoratet-formulering-i-skrivelse-om-vilsundbroen-er-med-forbehold-2\/\"},\"author\":{\"name\":\"David H\u00f8jmark\",\"@id\":\"https:\/\/kunmedierne.dk\/mors\/#\/schema\/person\/5fe23251bf1d0abbcdc6f7896579d548\"},\"headline\":\"Vejdirektoratet: Formulering i skrivelse om Vilsundbroen er med forbehold\",\"datePublished\":\"2021-02-11T11:47:37+00:00\",\"dateModified\":\"2024-08-12T11:37:52+00:00\",\"mainEntityOfPage\":{\"@id\":\"https:\/\/kunmedierne.dk\/mors\/vejdirektoratet-formulering-i-skrivelse-om-vilsundbroen-er-med-forbehold-2\/\"},\"wordCount\":567,\"commentCount\":0,\"publisher\":{\"@id\":\"https:\/\/kunmedierne.dk\/mors\/#organization\"},\"image\":{\"@id\":\"https:\/\/kunmedierne.dk\/mors\/vejdirektoratet-formulering-i-skrivelse-om-vilsundbroen-er-med-forbehold-2\/#primaryimage\"},\"thumbnailUrl\":\"https:\/\/kunmedierne.dk\/mors\/wp-content\/uploads\/2021\/02\/210206-vilsundbroen2.jpg\",\"keywords\":[\"Politik\"],\"articleSection\":[\"Lokalt\"],\"inLanguage\":\"da-DK\",\"potentialAction\":[{\"@type\":\"CommentAction\",\"name\":\"Comment\",\"target\":[\"https:\/\/kunmedierne.dk\/mors\/vejdirektoratet-formulering-i-skrivelse-om-vilsundbroen-er-med-forbehold-2\/#respond\"]}]},{\"@type\":\"WebPage\",\"@id\":\"https:\/\/kunmedierne.dk\/mors\/vejdirektoratet-formulering-i-skrivelse-om-vilsundbroen-er-med-forbehold-2\/\",\"url\":\"https:\/\/kunmedierne.dk\/mors\/vejdirektoratet-formulering-i-skrivelse-om-vilsundbroen-er-med-forbehold-2\/\",\"name\":\"Vejdirektoratet: Formulering i skrivelse om Vilsundbroen er med forbehold - Mors\",\"isPartOf\":{\"@id\":\"https:\/\/kunmedierne.dk\/mors\/#website\"},\"primaryImageOfPage\":{\"@id\":\"https:\/\/kunmedierne.dk\/mors\/vejdirektoratet-formulering-i-skrivelse-om-vilsundbroen-er-med-forbehold-2\/#primaryimage\"},\"image\":{\"@id\":\"https:\/\/kunmedierne.dk\/mors\/vejdirektoratet-formulering-i-skrivelse-om-vilsundbroen-er-med-forbehold-2\/#primaryimage\"},\"thumbnailUrl\":\"https:\/\/kunmedierne.dk\/mors\/wp-content\/uploads\/2021\/02\/210206-vilsundbroen2.jpg\",\"datePublished\":\"2021-02-11T11:47:37+00:00\",\"dateModified\":\"2024-08-12T11:37:52+00:00\",\"breadcrumb\":{\"@id\":\"https:\/\/kunmedierne.dk\/mors\/vejdirektoratet-formulering-i-skrivelse-om-vilsundbroen-er-med-forbehold-2\/#breadcrumb\"},\"inLanguage\":\"da-DK\",\"potentialAction\":[{\"@type\":\"ReadAction\",\"target\":[\"https:\/\/kunmedierne.dk\/mors\/vejdirektoratet-formulering-i-skrivelse-om-vilsundbroen-er-med-forbehold-2\/\"]}]},{\"@type\":\"ImageObject\",\"inLanguage\":\"da-DK\",\"@id\":\"https:\/\/kunmedierne.dk\/mors\/vejdirektoratet-formulering-i-skrivelse-om-vilsundbroen-er-med-forbehold-2\/#primaryimage\",\"url\":\"https:\/\/kunmedierne.dk\/mors\/wp-content\/uploads\/2021\/02\/210206-vilsundbroen2.jpg\",\"contentUrl\":\"https:\/\/kunmedierne.dk\/mors\/wp-content\/uploads\/2021\/02\/210206-vilsundbroen2.jpg\",\"width\":770,\"height\":513,\"caption\":\"Vilsundbroen. Arkivfoto\"},{\"@type\":\"BreadcrumbList\",\"@id\":\"https:\/\/kunmedierne.dk\/mors\/vejdirektoratet-formulering-i-skrivelse-om-vilsundbroen-er-med-forbehold-2\/#breadcrumb\",\"itemListElement\":[{\"@type\":\"ListItem\",\"position\":1,\"name\":\"Hjem\",\"item\":\"https:\/\/kunmedierne.dk\/mors\/\"},{\"@type\":\"ListItem\",\"position\":2,\"name\":\"Vejdirektoratet: Formulering i skrivelse om Vilsundbroen er med forbehold\"}]},{\"@type\":\"WebSite\",\"@id\":\"https:\/\/kunmedierne.dk\/mors\/#website\",\"url\":\"https:\/\/kunmedierne.dk\/mors\/\",\"name\":\"Mors\",\"description\":\"et netmedie med journalistik om livet p\u00e5 Mors\",\"publisher\":{\"@id\":\"https:\/\/kunmedierne.dk\/mors\/#organization\"},\"potentialAction\":[{\"@type\":\"SearchAction\",\"target\":{\"@type\":\"EntryPoint\",\"urlTemplate\":\"https:\/\/kunmedierne.dk\/mors\/?s={search_term_string}\"},\"query-input\":{\"@type\":\"PropertyValueSpecification\",\"valueRequired\":true,\"valueName\":\"search_term_string\"}}],\"inLanguage\":\"da-DK\"},{\"@type\":\"Organization\",\"@id\":\"https:\/\/kunmedierne.dk\/mors\/#organization\",\"name\":\"Mors\",\"url\":\"https:\/\/kunmedierne.dk\/mors\/\",\"logo\":{\"@type\":\"ImageObject\",\"inLanguage\":\"da-DK\",\"@id\":\"https:\/\/kunmedierne.dk\/mors\/#\/schema\/logo\/image\/\",\"url\":\"https:\/\/kunmedierne.dk\/mors\/wp-content\/uploads\/2024\/08\/kunmors-logo.svg\",\"contentUrl\":\"https:\/\/kunmedierne.dk\/mors\/wp-content\/uploads\/2024\/08\/kunmors-logo.svg\",\"caption\":\"Mors\"},\"image\":{\"@id\":\"https:\/\/kunmedierne.dk\/mors\/#\/schema\/logo\/image\/\"}},{\"@type\":\"Person\",\"@id\":\"https:\/\/kunmedierne.dk\/mors\/#\/schema\/person\/5fe23251bf1d0abbcdc6f7896579d548\",\"name\":\"David H\u00f8jmark\",\"image\":{\"@type\":\"ImageObject\",\"inLanguage\":\"da-DK\",\"@id\":\"https:\/\/kunmedierne.dk\/mors\/#\/schema\/person\/image\/\",\"url\":\"https:\/\/secure.gravatar.com\/avatar\/4315d6fb9ef244d729989f5f90268eb08d5bf8a3d84402f595fa194bb35784fd?s=96&d=mm&r=g\",\"contentUrl\":\"https:\/\/secure.gravatar.com\/avatar\/4315d6fb9ef244d729989f5f90268eb08d5bf8a3d84402f595fa194bb35784fd?s=96&d=mm&r=g\",\"caption\":\"David H\u00f8jmark\"},\"sameAs\":[\"https:\/\/www.kunmedierne.dk\"],\"url\":\"https:\/\/kunmedierne.dk\/mors\/author\/david\/\"}]}<\/script>\n<!-- \/ Yoast SEO plugin. -->","yoast_head_json":{"title":"Vejdirektoratet: Formulering i skrivelse om Vilsundbroen er med forbehold - Mors","robots":{"index":"index","follow":"follow","max-snippet":"max-snippet:-1","max-image-preview":"max-image-preview:large","max-video-preview":"max-video-preview:-1"},"canonical":"https:\/\/kunmedierne.dk\/mors\/vejdirektoratet-formulering-i-skrivelse-om-vilsundbroen-er-med-forbehold-2\/","og_locale":"da_DK","og_type":"article","og_title":"Vejdirektoratet: Formulering i skrivelse om Vilsundbroen er med forbehold - Mors","og_description":"VILSUND:\u00a0&#8220;Det er forventningen, at betjeningen af Aggersundbroen, Vilsundbroen og Hadsundbroen vil blive fjernbetjent inden udgangen af 2021.&#8221; S\u00e6tningen herover finder man nederst i en skrivelse fra Vejdirektoratet sendt i slutningen af december til de virksomheder, der driver Vilsundbroen. De bliver bedt om at orientere personalet om planerne, og siden slutningen af december 2020, da s\u00e6tningen [&hellip;]","og_url":"https:\/\/kunmedierne.dk\/mors\/vejdirektoratet-formulering-i-skrivelse-om-vilsundbroen-er-med-forbehold-2\/","og_site_name":"Mors","article_published_time":"2021-02-11T11:47:37+00:00","article_modified_time":"2024-08-12T11:37:52+00:00","og_image":[{"width":770,"height":513,"url":"https:\/\/kunmedierne.dk\/mors\/wp-content\/uploads\/2021\/02\/210206-vilsundbroen2.jpg","type":"image\/jpeg"}],"author":"David H\u00f8jmark","twitter_card":"summary_large_image","twitter_misc":{"Skrevet af":"David H\u00f8jmark","Estimeret l\u00e6setid":"3 minutter"},"schema":{"@context":"https:\/\/schema.org","@graph":[{"@type":"Article","@id":"https:\/\/kunmedierne.dk\/mors\/vejdirektoratet-formulering-i-skrivelse-om-vilsundbroen-er-med-forbehold-2\/#article","isPartOf":{"@id":"https:\/\/kunmedierne.dk\/mors\/vejdirektoratet-formulering-i-skrivelse-om-vilsundbroen-er-med-forbehold-2\/"},"author":{"name":"David H\u00f8jmark","@id":"https:\/\/kunmedierne.dk\/mors\/#\/schema\/person\/5fe23251bf1d0abbcdc6f7896579d548"},"headline":"Vejdirektoratet: Formulering i skrivelse om Vilsundbroen er med forbehold","datePublished":"2021-02-11T11:47:37+00:00","dateModified":"2024-08-12T11:37:52+00:00","mainEntityOfPage":{"@id":"https:\/\/kunmedierne.dk\/mors\/vejdirektoratet-formulering-i-skrivelse-om-vilsundbroen-er-med-forbehold-2\/"},"wordCount":567,"commentCount":0,"publisher":{"@id":"https:\/\/kunmedierne.dk\/mors\/#organization"},"image":{"@id":"https:\/\/kunmedierne.dk\/mors\/vejdirektoratet-formulering-i-skrivelse-om-vilsundbroen-er-med-forbehold-2\/#primaryimage"},"thumbnailUrl":"https:\/\/kunmedierne.dk\/mors\/wp-content\/uploads\/2021\/02\/210206-vilsundbroen2.jpg","keywords":["Politik"],"articleSection":["Lokalt"],"inLanguage":"da-DK","potentialAction":[{"@type":"CommentAction","name":"Comment","target":["https:\/\/kunmedierne.dk\/mors\/vejdirektoratet-formulering-i-skrivelse-om-vilsundbroen-er-med-forbehold-2\/#respond"]}]},{"@type":"WebPage","@id":"https:\/\/kunmedierne.dk\/mors\/vejdirektoratet-formulering-i-skrivelse-om-vilsundbroen-er-med-forbehold-2\/","url":"https:\/\/kunmedierne.dk\/mors\/vejdirektoratet-formulering-i-skrivelse-om-vilsundbroen-er-med-forbehold-2\/","name":"Vejdirektoratet: Formulering i skrivelse om Vilsundbroen er med forbehold - Mors","isPartOf":{"@id":"https:\/\/kunmedierne.dk\/mors\/#website"},"primaryImageOfPage":{"@id":"https:\/\/kunmedierne.dk\/mors\/vejdirektoratet-formulering-i-skrivelse-om-vilsundbroen-er-med-forbehold-2\/#primaryimage"},"image":{"@id":"https:\/\/kunmedierne.dk\/mors\/vejdirektoratet-formulering-i-skrivelse-om-vilsundbroen-er-med-forbehold-2\/#primaryimage"},"thumbnailUrl":"https:\/\/kunmedierne.dk\/mors\/wp-content\/uploads\/2021\/02\/210206-vilsundbroen2.jpg","datePublished":"2021-02-11T11:47:37+00:00","dateModified":"2024-08-12T11:37:52+00:00","breadcrumb":{"@id":"https:\/\/kunmedierne.dk\/mors\/vejdirektoratet-formulering-i-skrivelse-om-vilsundbroen-er-med-forbehold-2\/#breadcrumb"},"inLanguage":"da-DK","potentialAction":[{"@type":"ReadAction","target":["https:\/\/kunmedierne.dk\/mors\/vejdirektoratet-formulering-i-skrivelse-om-vilsundbroen-er-med-forbehold-2\/"]}]},{"@type":"ImageObject","inLanguage":"da-DK","@id":"https:\/\/kunmedierne.dk\/mors\/vejdirektoratet-formulering-i-skrivelse-om-vilsundbroen-er-med-forbehold-2\/#primaryimage","url":"https:\/\/kunmedierne.dk\/mors\/wp-content\/uploads\/2021\/02\/210206-vilsundbroen2.jpg","contentUrl":"https:\/\/kunmedierne.dk\/mors\/wp-content\/uploads\/2021\/02\/210206-vilsundbroen2.jpg","width":770,"height":513,"caption":"Vilsundbroen. Arkivfoto"},{"@type":"BreadcrumbList","@id":"https:\/\/kunmedierne.dk\/mors\/vejdirektoratet-formulering-i-skrivelse-om-vilsundbroen-er-med-forbehold-2\/#breadcrumb","itemListElement":[{"@type":"ListItem","position":1,"name":"Hjem","item":"https:\/\/kunmedierne.dk\/mors\/"},{"@type":"ListItem","position":2,"name":"Vejdirektoratet: Formulering i skrivelse om Vilsundbroen er med forbehold"}]},{"@type":"WebSite","@id":"https:\/\/kunmedierne.dk\/mors\/#website","url":"https:\/\/kunmedierne.dk\/mors\/","name":"Mors","description":"et netmedie med journalistik om livet p\u00e5 Mors","publisher":{"@id":"https:\/\/kunmedierne.dk\/mors\/#organization"},"potentialAction":[{"@type":"SearchAction","target":{"@type":"EntryPoint","urlTemplate":"https:\/\/kunmedierne.dk\/mors\/?s={search_term_string}"},"query-input":{"@type":"PropertyValueSpecification","valueRequired":true,"valueName":"search_term_string"}}],"inLanguage":"da-DK"},{"@type":"Organization","@id":"https:\/\/kunmedierne.dk\/mors\/#organization","name":"Mors","url":"https:\/\/kunmedierne.dk\/mors\/","logo":{"@type":"ImageObject","inLanguage":"da-DK","@id":"https:\/\/kunmedierne.dk\/mors\/#\/schema\/logo\/image\/","url":"https:\/\/kunmedierne.dk\/mors\/wp-content\/uploads\/2024\/08\/kunmors-logo.svg","contentUrl":"https:\/\/kunmedierne.dk\/mors\/wp-content\/uploads\/2024\/08\/kunmors-logo.svg","caption":"Mors"},"image":{"@id":"https:\/\/kunmedierne.dk\/mors\/#\/schema\/logo\/image\/"}},{"@type":"Person","@id":"https:\/\/kunmedierne.dk\/mors\/#\/schema\/person\/5fe23251bf1d0abbcdc6f7896579d548","name":"David H\u00f8jmark","image":{"@type":"ImageObject","inLanguage":"da-DK","@id":"https:\/\/kunmedierne.dk\/mors\/#\/schema\/person\/image\/","url":"https:\/\/secure.gravatar.com\/avatar\/4315d6fb9ef244d729989f5f90268eb08d5bf8a3d84402f595fa194bb35784fd?s=96&d=mm&r=g","contentUrl":"https:\/\/secure.gravatar.com\/avatar\/4315d6fb9ef244d729989f5f90268eb08d5bf8a3d84402f595fa194bb35784fd?s=96&d=mm&r=g","caption":"David H\u00f8jmark"},"sameAs":["https:\/\/www.kunmedierne.dk"],"url":"https:\/\/kunmedierne.dk\/mors\/author\/david\/"}]}},"_links":{"self":[{"href":"https:\/\/kunmedierne.dk\/mors\/wp-json\/wp\/v2\/posts\/39811","targetHints":{"allow":["GET"]}}],"collection":[{"href":"https:\/\/kunmedierne.dk\/mors\/wp-json\/wp\/v2\/posts"}],"about":[{"href":"https:\/\/kunmedierne.dk\/mors\/wp-json\/wp\/v2\/types\/post"}],"author":[{"embeddable":true,"href":"https:\/\/kunmedierne.dk\/mors\/wp-json\/wp\/v2\/users\/8"}],"replies":[{"embeddable":true,"href":"https:\/\/kunmedierne.dk\/mors\/wp-json\/wp\/v2\/comments?post=39811"}],"version-history":[{"count":1,"href":"https:\/\/kunmedierne.dk\/mors\/wp-json\/wp\/v2\/posts\/39811\/revisions"}],"predecessor-version":[{"id":39812,"href":"https:\/\/kunmedierne.dk\/mors\/wp-json\/wp\/v2\/posts\/39811\/revisions\/39812"}],"wp:featuredmedia":[{"embeddable":true,"href":"https:\/\/kunmedierne.dk\/mors\/wp-json\/wp\/v2\/media\/39564"}],"wp:attachment":[{"href":"https:\/\/kunmedierne.dk\/mors\/wp-json\/wp\/v2\/media?parent=39811"}],"wp:term":[{"taxonomy":"category","embeddable":true,"href":"https:\/\/kunmedierne.dk\/mors\/wp-json\/wp\/v2\/categories?post=39811"},{"taxonomy":"post_tag","embeddable":true,"href":"https:\/\/kunmedierne.dk\/mors\/wp-json\/wp\/v2\/tags?post=39811"}],"curies":[{"name":"wp","href":"https:\/\/api.w.org\/{rel}","templated":true}]}}