{"id":39793,"date":"2021-02-11T11:18:54","date_gmt":"2021-02-11T10:18:54","guid":{"rendered":"https:\/\/kunmedierne.dk\/mors\/?p=39793"},"modified":"2024-08-12T13:37:52","modified_gmt":"2024-08-12T11:37:52","slug":"vejdirektoratet-formulering-i-skrivelse-om-vilsundbroen-er-med-forbehold","status":"publish","type":"post","link":"https:\/\/kunmedierne.dk\/mors\/vejdirektoratet-formulering-i-skrivelse-om-vilsundbroen-er-med-forbehold\/","title":{"rendered":"Torsten Schack Pedersen: Derfor skiftede jeg mening"},"content":{"rendered":"<p><strong>VILSUND<\/strong>: Fremtiden for Vilsundbroen optager b\u00e5de lokalt og i hovedstaden &#8211; og en af dem, der befinder sig begge steder, er nu i s\u00f8gelyset p\u00e5 grund af sin skiftende holdning til sagen.<\/p>\n<p>Da sp\u00f8rgsm\u00e5let om en mulig fjernstyring af Vilsundbroen kom p\u00e5 tale i efter\u00e5ret 2016, var Torsten Schack Pedersen (V), valgt til folketinget for Thistedkredsen, i f\u00f8rste omgang positiv over for id\u00e9en. Han gav udtryk for, at det var en god l\u00f8sning med automatisering, fordi det ville forbedre den trafikale service for morsingboer og thyboer &#8211; men skiftede s\u00e5 mening allerede f\u00e5 uger efter.<\/p>\n<p>&#8220;Vejdirektoratet pr\u00e6senterede det som en serviceforbedring, og det l\u00f8d jo fint, hvis vi kunne f\u00e5 en bedre service. Det var det grundlag, jeg forholdt mig til,&#8221; siger han om sin holdning inden kursskiftet.<a href=\"https:\/\/vester-begr.dk\"><img loading=\"lazy\" decoding=\"async\" class=\"alignright size-full wp-image-35526\" src=\"https:\/\/kunmedierne.dk\/mors\/wp-content\/uploads\/2020\/11\/ho2.jpg\" alt=\"\" width=\"1400\" height=\"125\" srcset=\"https:\/\/kunmedierne.dk\/mors\/wp-content\/uploads\/2020\/11\/ho2.jpg 1400w, https:\/\/kunmedierne.dk\/mors\/wp-content\/uploads\/2020\/11\/ho2-300x27.jpg 300w, https:\/\/kunmedierne.dk\/mors\/wp-content\/uploads\/2020\/11\/ho2-1024x91.jpg 1024w, https:\/\/kunmedierne.dk\/mors\/wp-content\/uploads\/2020\/11\/ho2-768x69.jpg 768w, https:\/\/kunmedierne.dk\/mors\/wp-content\/uploads\/2020\/11\/ho2-600x54.jpg 600w\" sizes=\"auto, (max-width: 1400px) 100vw, 1400px\" \/><\/a><\/p>\n<p>&#8220;Det blev s\u00e5 kraftigt udfordret lokalt, s\u00e5 det lyttede jeg til og tog til mig &#8211; og pr\u00f8vede s\u00e5 at grave mig videre ned i sagen. Og der kunne jeg s\u00e5 se, at de oplysninger, jeg blev pr\u00e6senteret for lokalt, harmonerede ikke med Vejdirektoratets om, at der var tale om en serviceforbedring,&#8221; siger Torsten Schack Pedersen.<\/p>\n<p>Han melder sig derfor nu p\u00e5 linje med sin partif\u00e6lle i Mors\u00f8 Kommunes kommunalbestyrelse, Henrik Jensen, der har rejst sagen i forskellige medier &#8211; blandt andet p\u00e5 KunMors med <a href=\"https:\/\/kunmedierne.dk\/mors\/fjernbetjent-vilsundbro-inden-udgangen-af-2021\/\" target=\"_blank\" rel=\"noopener noreferrer\">dette debatindl\u00e6g<\/a> og i <a href=\"https:\/\/kunmedierne.dk\/mors\/venstre-politiker-fastholder-bekymring-om-snarlig-fjernstyring-af-vilsundbroen\/\" target=\"_blank\" rel=\"noopener noreferrer\">denne opf\u00f8lgende artikel<\/a>.<\/p>\n<p>Og han erkl\u00e6rer sig parat til at g\u00e5 videre med sagen. <a href=\"http:\/\/www.limfjordsteatret.dk\/#front\"><img loading=\"lazy\" decoding=\"async\" class=\"alignright size-full wp-image-35527\" src=\"https:\/\/kunmedierne.dk\/mors\/wp-content\/uploads\/2020\/11\/ho3.jpg\" alt=\"\" width=\"1400\" height=\"125\" srcset=\"https:\/\/kunmedierne.dk\/mors\/wp-content\/uploads\/2020\/11\/ho3.jpg 1400w, https:\/\/kunmedierne.dk\/mors\/wp-content\/uploads\/2020\/11\/ho3-300x27.jpg 300w, https:\/\/kunmedierne.dk\/mors\/wp-content\/uploads\/2020\/11\/ho3-1024x91.jpg 1024w, https:\/\/kunmedierne.dk\/mors\/wp-content\/uploads\/2020\/11\/ho3-768x69.jpg 768w, https:\/\/kunmedierne.dk\/mors\/wp-content\/uploads\/2020\/11\/ho3-600x54.jpg 600w\" sizes=\"auto, (max-width: 1400px) 100vw, 1400px\" \/><\/a><\/p>\n<p>&#8220;Det er selvf\u00f8lgelig ogs\u00e5 interessant, at folk har travlt med at sige, at f\u00f8rst sagde jeg et, og s\u00e5 sagde jeg noget andet, fordi jeg blev bibragt nye oplysninger. Det st\u00e5r jeg selvf\u00f8lgelig fuld ud ved. Men det er min forbandede pligt som lokalvalgt folketingsmedlem at lytte til den faglige bekymring, der var i forhold til det, jeg var blevet pr\u00e6senteret for,&#8221; siger han.<\/p>\n<p>&#8220;Det handler om at sikre, at der er en ordentlig service og sikkerhed om, at broen virker,&#8221; siger Torsten Schack Pedersen, som oplyser, at han vil rejse sagen om Vilsundbroens mulige overgang til fjernstyring over for transportminister Benny Engelbrecht (S).<\/p>\n<p>KunMors har forh\u00f8rt sig for en kommentar hos transportministeren, men Transportministeriet oplyser, at man indtil videre afventer den analyse fra Vejdirektoratet, der omkring april ventes f\u00e6rdig som en opf\u00f8lgning p\u00e5 pilotprojektet med Kronprins Frederiks Bro i Frederikssund.<\/p>\n","protected":false},"excerpt":{"rendered":"<p>VILSUND: Fremtiden for Vilsundbroen optager b\u00e5de lokalt og i hovedstaden &#8211; og en af dem, der befinder sig begge steder, er nu i s\u00f8gelyset p\u00e5 grund af sin skiftende holdning til sagen. Da sp\u00f8rgsm\u00e5let om en mulig fjernstyring af Vilsundbroen kom p\u00e5 tale i efter\u00e5ret 2016, var Torsten Schack Pedersen (V), valgt til folketinget for [&hellip;]<\/p>\n","protected":false},"author":8,"featured_media":26548,"comment_status":"open","ping_status":"open","sticky":false,"template":"","format":"standard","meta":{"_acf_changed":false,"footnotes":""},"categories":[51],"tags":[167],"class_list":["post-39793","post","type-post","status-publish","format-standard","has-post-thumbnail","hentry","category-lokalt","tag-politik"],"acf":[],"yoast_head":"<!-- This site is optimized with the Yoast SEO plugin v26.8 - https:\/\/yoast.com\/product\/yoast-seo-wordpress\/ -->\n<title>Torsten Schack Pedersen: Derfor skiftede jeg mening - Mors<\/title>\n<meta name=\"robots\" content=\"index, follow, max-snippet:-1, max-image-preview:large, max-video-preview:-1\" \/>\n<link rel=\"canonical\" href=\"https:\/\/kunmedierne.dk\/mors\/vejdirektoratet-formulering-i-skrivelse-om-vilsundbroen-er-med-forbehold\/\" \/>\n<meta property=\"og:locale\" content=\"da_DK\" \/>\n<meta property=\"og:type\" content=\"article\" \/>\n<meta property=\"og:title\" content=\"Torsten Schack Pedersen: Derfor skiftede jeg mening - Mors\" \/>\n<meta property=\"og:description\" content=\"VILSUND: Fremtiden for Vilsundbroen optager b\u00e5de lokalt og i hovedstaden &#8211; og en af dem, der befinder sig begge steder, er nu i s\u00f8gelyset p\u00e5 grund af sin skiftende holdning til sagen. Da sp\u00f8rgsm\u00e5let om en mulig fjernstyring af Vilsundbroen kom p\u00e5 tale i efter\u00e5ret 2016, var Torsten Schack Pedersen (V), valgt til folketinget for [&hellip;]\" \/>\n<meta property=\"og:url\" content=\"https:\/\/kunmedierne.dk\/mors\/vejdirektoratet-formulering-i-skrivelse-om-vilsundbroen-er-med-forbehold\/\" \/>\n<meta property=\"og:site_name\" content=\"Mors\" \/>\n<meta property=\"article:published_time\" content=\"2021-02-11T10:18:54+00:00\" \/>\n<meta property=\"article:modified_time\" content=\"2024-08-12T11:37:52+00:00\" \/>\n<meta property=\"og:image\" content=\"https:\/\/kunmedierne.dk\/mors\/wp-content\/uploads\/2020\/06\/torsten-schack-pedersen-v-2.jpg\" \/>\n\t<meta property=\"og:image:width\" content=\"770\" \/>\n\t<meta property=\"og:image:height\" content=\"513\" \/>\n\t<meta property=\"og:image:type\" content=\"image\/jpeg\" \/>\n<meta name=\"author\" content=\"David H\u00f8jmark\" \/>\n<meta name=\"twitter:card\" content=\"summary_large_image\" \/>\n<meta name=\"twitter:label1\" content=\"Skrevet af\" \/>\n\t<meta name=\"twitter:data1\" content=\"David H\u00f8jmark\" \/>\n\t<meta name=\"twitter:label2\" content=\"Estimeret l\u00e6setid\" \/>\n\t<meta name=\"twitter:data2\" content=\"2 minutter\" \/>\n<script type=\"application\/ld+json\" class=\"yoast-schema-graph\">{\"@context\":\"https:\/\/schema.org\",\"@graph\":[{\"@type\":\"Article\",\"@id\":\"https:\/\/kunmedierne.dk\/mors\/vejdirektoratet-formulering-i-skrivelse-om-vilsundbroen-er-med-forbehold\/#article\",\"isPartOf\":{\"@id\":\"https:\/\/kunmedierne.dk\/mors\/vejdirektoratet-formulering-i-skrivelse-om-vilsundbroen-er-med-forbehold\/\"},\"author\":{\"name\":\"David H\u00f8jmark\",\"@id\":\"https:\/\/kunmedierne.dk\/mors\/#\/schema\/person\/5fe23251bf1d0abbcdc6f7896579d548\"},\"headline\":\"Torsten Schack Pedersen: Derfor skiftede jeg mening\",\"datePublished\":\"2021-02-11T10:18:54+00:00\",\"dateModified\":\"2024-08-12T11:37:52+00:00\",\"mainEntityOfPage\":{\"@id\":\"https:\/\/kunmedierne.dk\/mors\/vejdirektoratet-formulering-i-skrivelse-om-vilsundbroen-er-med-forbehold\/\"},\"wordCount\":402,\"commentCount\":0,\"publisher\":{\"@id\":\"https:\/\/kunmedierne.dk\/mors\/#organization\"},\"image\":{\"@id\":\"https:\/\/kunmedierne.dk\/mors\/vejdirektoratet-formulering-i-skrivelse-om-vilsundbroen-er-med-forbehold\/#primaryimage\"},\"thumbnailUrl\":\"https:\/\/kunmedierne.dk\/mors\/wp-content\/uploads\/2020\/06\/torsten-schack-pedersen-v-2.jpg\",\"keywords\":[\"Politik\"],\"articleSection\":[\"Lokalt\"],\"inLanguage\":\"da-DK\",\"potentialAction\":[{\"@type\":\"CommentAction\",\"name\":\"Comment\",\"target\":[\"https:\/\/kunmedierne.dk\/mors\/vejdirektoratet-formulering-i-skrivelse-om-vilsundbroen-er-med-forbehold\/#respond\"]}]},{\"@type\":\"WebPage\",\"@id\":\"https:\/\/kunmedierne.dk\/mors\/vejdirektoratet-formulering-i-skrivelse-om-vilsundbroen-er-med-forbehold\/\",\"url\":\"https:\/\/kunmedierne.dk\/mors\/vejdirektoratet-formulering-i-skrivelse-om-vilsundbroen-er-med-forbehold\/\",\"name\":\"Torsten Schack Pedersen: Derfor skiftede jeg mening - Mors\",\"isPartOf\":{\"@id\":\"https:\/\/kunmedierne.dk\/mors\/#website\"},\"primaryImageOfPage\":{\"@id\":\"https:\/\/kunmedierne.dk\/mors\/vejdirektoratet-formulering-i-skrivelse-om-vilsundbroen-er-med-forbehold\/#primaryimage\"},\"image\":{\"@id\":\"https:\/\/kunmedierne.dk\/mors\/vejdirektoratet-formulering-i-skrivelse-om-vilsundbroen-er-med-forbehold\/#primaryimage\"},\"thumbnailUrl\":\"https:\/\/kunmedierne.dk\/mors\/wp-content\/uploads\/2020\/06\/torsten-schack-pedersen-v-2.jpg\",\"datePublished\":\"2021-02-11T10:18:54+00:00\",\"dateModified\":\"2024-08-12T11:37:52+00:00\",\"breadcrumb\":{\"@id\":\"https:\/\/kunmedierne.dk\/mors\/vejdirektoratet-formulering-i-skrivelse-om-vilsundbroen-er-med-forbehold\/#breadcrumb\"},\"inLanguage\":\"da-DK\",\"potentialAction\":[{\"@type\":\"ReadAction\",\"target\":[\"https:\/\/kunmedierne.dk\/mors\/vejdirektoratet-formulering-i-skrivelse-om-vilsundbroen-er-med-forbehold\/\"]}]},{\"@type\":\"ImageObject\",\"inLanguage\":\"da-DK\",\"@id\":\"https:\/\/kunmedierne.dk\/mors\/vejdirektoratet-formulering-i-skrivelse-om-vilsundbroen-er-med-forbehold\/#primaryimage\",\"url\":\"https:\/\/kunmedierne.dk\/mors\/wp-content\/uploads\/2020\/06\/torsten-schack-pedersen-v-2.jpg\",\"contentUrl\":\"https:\/\/kunmedierne.dk\/mors\/wp-content\/uploads\/2020\/06\/torsten-schack-pedersen-v-2.jpg\",\"width\":770,\"height\":513,\"caption\":\"Torsten Schack Pedersen (V). Foto: Steen Brogaard og Christoffer Regild.\"},{\"@type\":\"BreadcrumbList\",\"@id\":\"https:\/\/kunmedierne.dk\/mors\/vejdirektoratet-formulering-i-skrivelse-om-vilsundbroen-er-med-forbehold\/#breadcrumb\",\"itemListElement\":[{\"@type\":\"ListItem\",\"position\":1,\"name\":\"Hjem\",\"item\":\"https:\/\/kunmedierne.dk\/mors\/\"},{\"@type\":\"ListItem\",\"position\":2,\"name\":\"Torsten Schack Pedersen: Derfor skiftede jeg mening\"}]},{\"@type\":\"WebSite\",\"@id\":\"https:\/\/kunmedierne.dk\/mors\/#website\",\"url\":\"https:\/\/kunmedierne.dk\/mors\/\",\"name\":\"Mors\",\"description\":\"et netmedie med journalistik om livet p\u00e5 Mors\",\"publisher\":{\"@id\":\"https:\/\/kunmedierne.dk\/mors\/#organization\"},\"potentialAction\":[{\"@type\":\"SearchAction\",\"target\":{\"@type\":\"EntryPoint\",\"urlTemplate\":\"https:\/\/kunmedierne.dk\/mors\/?s={search_term_string}\"},\"query-input\":{\"@type\":\"PropertyValueSpecification\",\"valueRequired\":true,\"valueName\":\"search_term_string\"}}],\"inLanguage\":\"da-DK\"},{\"@type\":\"Organization\",\"@id\":\"https:\/\/kunmedierne.dk\/mors\/#organization\",\"name\":\"Mors\",\"url\":\"https:\/\/kunmedierne.dk\/mors\/\",\"logo\":{\"@type\":\"ImageObject\",\"inLanguage\":\"da-DK\",\"@id\":\"https:\/\/kunmedierne.dk\/mors\/#\/schema\/logo\/image\/\",\"url\":\"https:\/\/kunmedierne.dk\/mors\/wp-content\/uploads\/2024\/08\/kunmors-logo.svg\",\"contentUrl\":\"https:\/\/kunmedierne.dk\/mors\/wp-content\/uploads\/2024\/08\/kunmors-logo.svg\",\"caption\":\"Mors\"},\"image\":{\"@id\":\"https:\/\/kunmedierne.dk\/mors\/#\/schema\/logo\/image\/\"}},{\"@type\":\"Person\",\"@id\":\"https:\/\/kunmedierne.dk\/mors\/#\/schema\/person\/5fe23251bf1d0abbcdc6f7896579d548\",\"name\":\"David H\u00f8jmark\",\"image\":{\"@type\":\"ImageObject\",\"inLanguage\":\"da-DK\",\"@id\":\"https:\/\/kunmedierne.dk\/mors\/#\/schema\/person\/image\/\",\"url\":\"https:\/\/secure.gravatar.com\/avatar\/4315d6fb9ef244d729989f5f90268eb08d5bf8a3d84402f595fa194bb35784fd?s=96&d=mm&r=g\",\"contentUrl\":\"https:\/\/secure.gravatar.com\/avatar\/4315d6fb9ef244d729989f5f90268eb08d5bf8a3d84402f595fa194bb35784fd?s=96&d=mm&r=g\",\"caption\":\"David H\u00f8jmark\"},\"sameAs\":[\"https:\/\/www.kunmedierne.dk\"],\"url\":\"https:\/\/kunmedierne.dk\/mors\/author\/david\/\"}]}<\/script>\n<!-- \/ Yoast SEO plugin. -->","yoast_head_json":{"title":"Torsten Schack Pedersen: Derfor skiftede jeg mening - Mors","robots":{"index":"index","follow":"follow","max-snippet":"max-snippet:-1","max-image-preview":"max-image-preview:large","max-video-preview":"max-video-preview:-1"},"canonical":"https:\/\/kunmedierne.dk\/mors\/vejdirektoratet-formulering-i-skrivelse-om-vilsundbroen-er-med-forbehold\/","og_locale":"da_DK","og_type":"article","og_title":"Torsten Schack Pedersen: Derfor skiftede jeg mening - Mors","og_description":"VILSUND: Fremtiden for Vilsundbroen optager b\u00e5de lokalt og i hovedstaden &#8211; og en af dem, der befinder sig begge steder, er nu i s\u00f8gelyset p\u00e5 grund af sin skiftende holdning til sagen. Da sp\u00f8rgsm\u00e5let om en mulig fjernstyring af Vilsundbroen kom p\u00e5 tale i efter\u00e5ret 2016, var Torsten Schack Pedersen (V), valgt til folketinget for [&hellip;]","og_url":"https:\/\/kunmedierne.dk\/mors\/vejdirektoratet-formulering-i-skrivelse-om-vilsundbroen-er-med-forbehold\/","og_site_name":"Mors","article_published_time":"2021-02-11T10:18:54+00:00","article_modified_time":"2024-08-12T11:37:52+00:00","og_image":[{"width":770,"height":513,"url":"https:\/\/kunmedierne.dk\/mors\/wp-content\/uploads\/2020\/06\/torsten-schack-pedersen-v-2.jpg","type":"image\/jpeg"}],"author":"David H\u00f8jmark","twitter_card":"summary_large_image","twitter_misc":{"Skrevet af":"David H\u00f8jmark","Estimeret l\u00e6setid":"2 minutter"},"schema":{"@context":"https:\/\/schema.org","@graph":[{"@type":"Article","@id":"https:\/\/kunmedierne.dk\/mors\/vejdirektoratet-formulering-i-skrivelse-om-vilsundbroen-er-med-forbehold\/#article","isPartOf":{"@id":"https:\/\/kunmedierne.dk\/mors\/vejdirektoratet-formulering-i-skrivelse-om-vilsundbroen-er-med-forbehold\/"},"author":{"name":"David H\u00f8jmark","@id":"https:\/\/kunmedierne.dk\/mors\/#\/schema\/person\/5fe23251bf1d0abbcdc6f7896579d548"},"headline":"Torsten Schack Pedersen: Derfor skiftede jeg mening","datePublished":"2021-02-11T10:18:54+00:00","dateModified":"2024-08-12T11:37:52+00:00","mainEntityOfPage":{"@id":"https:\/\/kunmedierne.dk\/mors\/vejdirektoratet-formulering-i-skrivelse-om-vilsundbroen-er-med-forbehold\/"},"wordCount":402,"commentCount":0,"publisher":{"@id":"https:\/\/kunmedierne.dk\/mors\/#organization"},"image":{"@id":"https:\/\/kunmedierne.dk\/mors\/vejdirektoratet-formulering-i-skrivelse-om-vilsundbroen-er-med-forbehold\/#primaryimage"},"thumbnailUrl":"https:\/\/kunmedierne.dk\/mors\/wp-content\/uploads\/2020\/06\/torsten-schack-pedersen-v-2.jpg","keywords":["Politik"],"articleSection":["Lokalt"],"inLanguage":"da-DK","potentialAction":[{"@type":"CommentAction","name":"Comment","target":["https:\/\/kunmedierne.dk\/mors\/vejdirektoratet-formulering-i-skrivelse-om-vilsundbroen-er-med-forbehold\/#respond"]}]},{"@type":"WebPage","@id":"https:\/\/kunmedierne.dk\/mors\/vejdirektoratet-formulering-i-skrivelse-om-vilsundbroen-er-med-forbehold\/","url":"https:\/\/kunmedierne.dk\/mors\/vejdirektoratet-formulering-i-skrivelse-om-vilsundbroen-er-med-forbehold\/","name":"Torsten Schack Pedersen: Derfor skiftede jeg mening - Mors","isPartOf":{"@id":"https:\/\/kunmedierne.dk\/mors\/#website"},"primaryImageOfPage":{"@id":"https:\/\/kunmedierne.dk\/mors\/vejdirektoratet-formulering-i-skrivelse-om-vilsundbroen-er-med-forbehold\/#primaryimage"},"image":{"@id":"https:\/\/kunmedierne.dk\/mors\/vejdirektoratet-formulering-i-skrivelse-om-vilsundbroen-er-med-forbehold\/#primaryimage"},"thumbnailUrl":"https:\/\/kunmedierne.dk\/mors\/wp-content\/uploads\/2020\/06\/torsten-schack-pedersen-v-2.jpg","datePublished":"2021-02-11T10:18:54+00:00","dateModified":"2024-08-12T11:37:52+00:00","breadcrumb":{"@id":"https:\/\/kunmedierne.dk\/mors\/vejdirektoratet-formulering-i-skrivelse-om-vilsundbroen-er-med-forbehold\/#breadcrumb"},"inLanguage":"da-DK","potentialAction":[{"@type":"ReadAction","target":["https:\/\/kunmedierne.dk\/mors\/vejdirektoratet-formulering-i-skrivelse-om-vilsundbroen-er-med-forbehold\/"]}]},{"@type":"ImageObject","inLanguage":"da-DK","@id":"https:\/\/kunmedierne.dk\/mors\/vejdirektoratet-formulering-i-skrivelse-om-vilsundbroen-er-med-forbehold\/#primaryimage","url":"https:\/\/kunmedierne.dk\/mors\/wp-content\/uploads\/2020\/06\/torsten-schack-pedersen-v-2.jpg","contentUrl":"https:\/\/kunmedierne.dk\/mors\/wp-content\/uploads\/2020\/06\/torsten-schack-pedersen-v-2.jpg","width":770,"height":513,"caption":"Torsten Schack Pedersen (V). Foto: Steen Brogaard og Christoffer Regild."},{"@type":"BreadcrumbList","@id":"https:\/\/kunmedierne.dk\/mors\/vejdirektoratet-formulering-i-skrivelse-om-vilsundbroen-er-med-forbehold\/#breadcrumb","itemListElement":[{"@type":"ListItem","position":1,"name":"Hjem","item":"https:\/\/kunmedierne.dk\/mors\/"},{"@type":"ListItem","position":2,"name":"Torsten Schack Pedersen: Derfor skiftede jeg mening"}]},{"@type":"WebSite","@id":"https:\/\/kunmedierne.dk\/mors\/#website","url":"https:\/\/kunmedierne.dk\/mors\/","name":"Mors","description":"et netmedie med journalistik om livet p\u00e5 Mors","publisher":{"@id":"https:\/\/kunmedierne.dk\/mors\/#organization"},"potentialAction":[{"@type":"SearchAction","target":{"@type":"EntryPoint","urlTemplate":"https:\/\/kunmedierne.dk\/mors\/?s={search_term_string}"},"query-input":{"@type":"PropertyValueSpecification","valueRequired":true,"valueName":"search_term_string"}}],"inLanguage":"da-DK"},{"@type":"Organization","@id":"https:\/\/kunmedierne.dk\/mors\/#organization","name":"Mors","url":"https:\/\/kunmedierne.dk\/mors\/","logo":{"@type":"ImageObject","inLanguage":"da-DK","@id":"https:\/\/kunmedierne.dk\/mors\/#\/schema\/logo\/image\/","url":"https:\/\/kunmedierne.dk\/mors\/wp-content\/uploads\/2024\/08\/kunmors-logo.svg","contentUrl":"https:\/\/kunmedierne.dk\/mors\/wp-content\/uploads\/2024\/08\/kunmors-logo.svg","caption":"Mors"},"image":{"@id":"https:\/\/kunmedierne.dk\/mors\/#\/schema\/logo\/image\/"}},{"@type":"Person","@id":"https:\/\/kunmedierne.dk\/mors\/#\/schema\/person\/5fe23251bf1d0abbcdc6f7896579d548","name":"David H\u00f8jmark","image":{"@type":"ImageObject","inLanguage":"da-DK","@id":"https:\/\/kunmedierne.dk\/mors\/#\/schema\/person\/image\/","url":"https:\/\/secure.gravatar.com\/avatar\/4315d6fb9ef244d729989f5f90268eb08d5bf8a3d84402f595fa194bb35784fd?s=96&d=mm&r=g","contentUrl":"https:\/\/secure.gravatar.com\/avatar\/4315d6fb9ef244d729989f5f90268eb08d5bf8a3d84402f595fa194bb35784fd?s=96&d=mm&r=g","caption":"David H\u00f8jmark"},"sameAs":["https:\/\/www.kunmedierne.dk"],"url":"https:\/\/kunmedierne.dk\/mors\/author\/david\/"}]}},"_links":{"self":[{"href":"https:\/\/kunmedierne.dk\/mors\/wp-json\/wp\/v2\/posts\/39793","targetHints":{"allow":["GET"]}}],"collection":[{"href":"https:\/\/kunmedierne.dk\/mors\/wp-json\/wp\/v2\/posts"}],"about":[{"href":"https:\/\/kunmedierne.dk\/mors\/wp-json\/wp\/v2\/types\/post"}],"author":[{"embeddable":true,"href":"https:\/\/kunmedierne.dk\/mors\/wp-json\/wp\/v2\/users\/8"}],"replies":[{"embeddable":true,"href":"https:\/\/kunmedierne.dk\/mors\/wp-json\/wp\/v2\/comments?post=39793"}],"version-history":[{"count":11,"href":"https:\/\/kunmedierne.dk\/mors\/wp-json\/wp\/v2\/posts\/39793\/revisions"}],"predecessor-version":[{"id":39814,"href":"https:\/\/kunmedierne.dk\/mors\/wp-json\/wp\/v2\/posts\/39793\/revisions\/39814"}],"wp:featuredmedia":[{"embeddable":true,"href":"https:\/\/kunmedierne.dk\/mors\/wp-json\/wp\/v2\/media\/26548"}],"wp:attachment":[{"href":"https:\/\/kunmedierne.dk\/mors\/wp-json\/wp\/v2\/media?parent=39793"}],"wp:term":[{"taxonomy":"category","embeddable":true,"href":"https:\/\/kunmedierne.dk\/mors\/wp-json\/wp\/v2\/categories?post=39793"},{"taxonomy":"post_tag","embeddable":true,"href":"https:\/\/kunmedierne.dk\/mors\/wp-json\/wp\/v2\/tags?post=39793"}],"curies":[{"name":"wp","href":"https:\/\/api.w.org\/{rel}","templated":true}]}}