{"id":39778,"date":"2021-02-10T21:33:34","date_gmt":"2021-02-10T20:33:34","guid":{"rendered":"https:\/\/kunmedierne.dk\/mors\/?p=39778"},"modified":"2024-08-12T13:37:52","modified_gmt":"2024-08-12T11:37:52","slug":"venstres-glansbillede","status":"publish","type":"post","link":"https:\/\/kunmedierne.dk\/mors\/venstres-glansbillede\/","title":{"rendered":"Venstres glansbillede"},"content":{"rendered":"<p><em>Fra Ole Lajgaard, Steen Kl\u00e6rke og Pia Thorsen, Enhedslisten Mors, har vi modtaget:<\/em><\/p>\n<hr \/>\n<p><strong>MORS:<\/strong> Det er jo ikke s\u00e5 underligt, at b\u00e5de borgmesteren og tre menige medlemmer af kommunalbestyrelsen gerne vil fort\u00e6lle os andre, at der absolut ingen problemer er med, at Venstre har flertallet til at bestemme alene. For de mener ikke, at de bestemmer alene!<\/p>\n<p>Nej, de m\u00f8des jo bare og afstemmer deres synspunkter, s\u00e5 de ikke beh\u00f8ver at forsinke m\u00f8derne i kommunalbestyrelsen med at diskutere indbyrdes.<\/p>\n<p>For Enhedslisten er det vigtigt, at alle synspunkter i de enkelte sager kommer til orde ude i offentligheden \u2013 i denne sammenh\u00e6ng i kommunalbestyrelsens m\u00f8desal. S\u00e5 har b\u00e5de tilstedev\u00e6rende borgere og journalister mulighed for at h\u00f8re alle de argumenter, der fremf\u00f8res, inden der tr\u00e6ffes en afg\u00f8relse.<\/p>\n<p>Selvf\u00f8lgelig skal et parti med mere end 1 medlem af kommunalbestyrelsen kunne m\u00f8des for at g\u00f8re hinanden klogere p\u00e5 de problemer, der gemmer sig i dagsordenerne, ligesom enkeltmedlemmer har mulighed for at blive klogere sammen med meningsf\u00e6ller. <img loading=\"lazy\" decoding=\"async\" class=\"alignright size-full wp-image-39492\" src=\"https:\/\/kunmedierne.dk\/mors\/wp-content\/uploads\/2021\/02\/ho8-1.jpg\" alt=\"\" width=\"1400\" height=\"125\" srcset=\"https:\/\/kunmedierne.dk\/mors\/wp-content\/uploads\/2021\/02\/ho8-1.jpg 1400w, https:\/\/kunmedierne.dk\/mors\/wp-content\/uploads\/2021\/02\/ho8-1-300x27.jpg 300w, https:\/\/kunmedierne.dk\/mors\/wp-content\/uploads\/2021\/02\/ho8-1-1024x91.jpg 1024w, https:\/\/kunmedierne.dk\/mors\/wp-content\/uploads\/2021\/02\/ho8-1-768x69.jpg 768w, https:\/\/kunmedierne.dk\/mors\/wp-content\/uploads\/2021\/02\/ho8-1-600x54.jpg 600w\" sizes=\"auto, (max-width: 1400px) 100vw, 1400px\" \/><\/p>\n<p>Enhedslisten stiller ikke udelukkende op for at v\u00e6re med til at bryde Venstres monopol i kommunalbestyrelsen. Det er afg\u00f8rende forskelle p\u00e5 os og Venstre, der g\u00f8r, at vi mener, at det er vigtigt at f\u00e5 nogle andre synspunkter med i debatten.<\/p>\n<p>I l\u00f8bet af det n\u00e6ste halve \u00e5r kommer Enhedslisten med et gennemarbejdet valgprogram, der fort\u00e6ller, hvor vi mener, at der er brug for nye tanker.<\/p>\n<p>Og s\u00e5 kunne Venstre i mellemtiden f\u00e5 det lavet s\u00e5dan, at almindelige borgere eller andre partier kunne f\u00e5 mulighed for at stille sp\u00f8rgsm\u00e5l til kommunalbestyrelsen fx i form af sp\u00f8rgetid, som de har det i bl.a. Skive kommune.<\/p>\n<hr \/>\n<p><em>Har du et bidrag til den lokale debat? Send det til os p\u00e5 e-mail: debat@kunmedierne.dk\/mors. Husk at l\u00e6se korrektur inden afsendelse p\u00e5 indl\u00e6gget.<\/em><\/p>\n<blockquote><p>F\u00f8lg vores serie om kandidater til kommunalvalget i 2021. Seneste afsnit er\u00a0<a href=\"https:\/\/kunmedierne.dk\/mors\/konservative-vil-bryde-venstres-flertal\/\" target=\"_blank\" rel=\"noopener noreferrer\">her<\/a>.<\/p><\/blockquote>\n","protected":false},"excerpt":{"rendered":"<p>Fra Ole Lajgaard, Steen Kl\u00e6rke og Pia Thorsen, Enhedslisten Mors, har vi modtaget: MORS: Det er jo ikke s\u00e5 underligt, at b\u00e5de borgmesteren og tre menige medlemmer af kommunalbestyrelsen gerne vil fort\u00e6lle os andre, at der absolut ingen problemer er med, at Venstre har flertallet til at bestemme alene. For de mener ikke, at de [&hellip;]<\/p>\n","protected":false},"author":11,"featured_media":38239,"comment_status":"open","ping_status":"open","sticky":false,"template":"","format":"standard","meta":{"_acf_changed":false,"footnotes":""},"categories":[56],"tags":[167],"class_list":["post-39778","post","type-post","status-publish","format-standard","has-post-thumbnail","hentry","category-debat","tag-politik"],"acf":[],"yoast_head":"<!-- This site is optimized with the Yoast SEO plugin v26.8 - https:\/\/yoast.com\/product\/yoast-seo-wordpress\/ -->\n<title>Venstres glansbillede - Mors<\/title>\n<meta name=\"robots\" content=\"index, follow, max-snippet:-1, max-image-preview:large, max-video-preview:-1\" \/>\n<link rel=\"canonical\" href=\"https:\/\/kunmedierne.dk\/mors\/venstres-glansbillede\/\" \/>\n<meta property=\"og:locale\" content=\"da_DK\" \/>\n<meta property=\"og:type\" content=\"article\" \/>\n<meta property=\"og:title\" content=\"Venstres glansbillede - Mors\" \/>\n<meta property=\"og:description\" content=\"Fra Ole Lajgaard, Steen Kl\u00e6rke og Pia Thorsen, Enhedslisten Mors, har vi modtaget: MORS: Det er jo ikke s\u00e5 underligt, at b\u00e5de borgmesteren og tre menige medlemmer af kommunalbestyrelsen gerne vil fort\u00e6lle os andre, at der absolut ingen problemer er med, at Venstre har flertallet til at bestemme alene. For de mener ikke, at de [&hellip;]\" \/>\n<meta property=\"og:url\" content=\"https:\/\/kunmedierne.dk\/mors\/venstres-glansbillede\/\" \/>\n<meta property=\"og:site_name\" content=\"Mors\" \/>\n<meta property=\"article:published_time\" content=\"2021-02-10T20:33:34+00:00\" \/>\n<meta property=\"article:modified_time\" content=\"2024-08-12T11:37:52+00:00\" \/>\n<meta property=\"og:image\" content=\"https:\/\/kunmedierne.dk\/mors\/wp-content\/uploads\/2021\/01\/piathorsen.jpg\" \/>\n\t<meta property=\"og:image:width\" content=\"770\" \/>\n\t<meta property=\"og:image:height\" content=\"513\" \/>\n\t<meta property=\"og:image:type\" content=\"image\/jpeg\" \/>\n<meta name=\"author\" content=\"Debat\" \/>\n<meta name=\"twitter:card\" content=\"summary_large_image\" \/>\n<meta name=\"twitter:label1\" content=\"Skrevet af\" \/>\n\t<meta name=\"twitter:data1\" content=\"Debat\" \/>\n\t<meta name=\"twitter:label2\" content=\"Estimeret l\u00e6setid\" \/>\n\t<meta name=\"twitter:data2\" content=\"2 minutter\" \/>\n<script type=\"application\/ld+json\" class=\"yoast-schema-graph\">{\"@context\":\"https:\/\/schema.org\",\"@graph\":[{\"@type\":\"Article\",\"@id\":\"https:\/\/kunmedierne.dk\/mors\/venstres-glansbillede\/#article\",\"isPartOf\":{\"@id\":\"https:\/\/kunmedierne.dk\/mors\/venstres-glansbillede\/\"},\"author\":{\"name\":\"Debat\",\"@id\":\"https:\/\/kunmedierne.dk\/mors\/#\/schema\/person\/84c1391bce0b43b9bb3a49736bc0ad78\"},\"headline\":\"Venstres glansbillede\",\"datePublished\":\"2021-02-10T20:33:34+00:00\",\"dateModified\":\"2024-08-12T11:37:52+00:00\",\"mainEntityOfPage\":{\"@id\":\"https:\/\/kunmedierne.dk\/mors\/venstres-glansbillede\/\"},\"wordCount\":336,\"commentCount\":0,\"publisher\":{\"@id\":\"https:\/\/kunmedierne.dk\/mors\/#organization\"},\"image\":{\"@id\":\"https:\/\/kunmedierne.dk\/mors\/venstres-glansbillede\/#primaryimage\"},\"thumbnailUrl\":\"https:\/\/kunmedierne.dk\/mors\/wp-content\/uploads\/2021\/01\/piathorsen.jpg\",\"keywords\":[\"Politik\"],\"articleSection\":[\"Debat\"],\"inLanguage\":\"da-DK\",\"potentialAction\":[{\"@type\":\"CommentAction\",\"name\":\"Comment\",\"target\":[\"https:\/\/kunmedierne.dk\/mors\/venstres-glansbillede\/#respond\"]}]},{\"@type\":\"WebPage\",\"@id\":\"https:\/\/kunmedierne.dk\/mors\/venstres-glansbillede\/\",\"url\":\"https:\/\/kunmedierne.dk\/mors\/venstres-glansbillede\/\",\"name\":\"Venstres glansbillede - Mors\",\"isPartOf\":{\"@id\":\"https:\/\/kunmedierne.dk\/mors\/#website\"},\"primaryImageOfPage\":{\"@id\":\"https:\/\/kunmedierne.dk\/mors\/venstres-glansbillede\/#primaryimage\"},\"image\":{\"@id\":\"https:\/\/kunmedierne.dk\/mors\/venstres-glansbillede\/#primaryimage\"},\"thumbnailUrl\":\"https:\/\/kunmedierne.dk\/mors\/wp-content\/uploads\/2021\/01\/piathorsen.jpg\",\"datePublished\":\"2021-02-10T20:33:34+00:00\",\"dateModified\":\"2024-08-12T11:37:52+00:00\",\"breadcrumb\":{\"@id\":\"https:\/\/kunmedierne.dk\/mors\/venstres-glansbillede\/#breadcrumb\"},\"inLanguage\":\"da-DK\",\"potentialAction\":[{\"@type\":\"ReadAction\",\"target\":[\"https:\/\/kunmedierne.dk\/mors\/venstres-glansbillede\/\"]}]},{\"@type\":\"ImageObject\",\"inLanguage\":\"da-DK\",\"@id\":\"https:\/\/kunmedierne.dk\/mors\/venstres-glansbillede\/#primaryimage\",\"url\":\"https:\/\/kunmedierne.dk\/mors\/wp-content\/uploads\/2021\/01\/piathorsen.jpg\",\"contentUrl\":\"https:\/\/kunmedierne.dk\/mors\/wp-content\/uploads\/2021\/01\/piathorsen.jpg\",\"width\":770,\"height\":513,\"caption\":\"Pia Thorsen, kandidat for Enhedslisten ved kommunal- og regionsr\u00e5dsvalget 2021. Privatfoto\"},{\"@type\":\"BreadcrumbList\",\"@id\":\"https:\/\/kunmedierne.dk\/mors\/venstres-glansbillede\/#breadcrumb\",\"itemListElement\":[{\"@type\":\"ListItem\",\"position\":1,\"name\":\"Hjem\",\"item\":\"https:\/\/kunmedierne.dk\/mors\/\"},{\"@type\":\"ListItem\",\"position\":2,\"name\":\"Venstres glansbillede\"}]},{\"@type\":\"WebSite\",\"@id\":\"https:\/\/kunmedierne.dk\/mors\/#website\",\"url\":\"https:\/\/kunmedierne.dk\/mors\/\",\"name\":\"Mors\",\"description\":\"et netmedie med journalistik om livet p\u00e5 Mors\",\"publisher\":{\"@id\":\"https:\/\/kunmedierne.dk\/mors\/#organization\"},\"potentialAction\":[{\"@type\":\"SearchAction\",\"target\":{\"@type\":\"EntryPoint\",\"urlTemplate\":\"https:\/\/kunmedierne.dk\/mors\/?s={search_term_string}\"},\"query-input\":{\"@type\":\"PropertyValueSpecification\",\"valueRequired\":true,\"valueName\":\"search_term_string\"}}],\"inLanguage\":\"da-DK\"},{\"@type\":\"Organization\",\"@id\":\"https:\/\/kunmedierne.dk\/mors\/#organization\",\"name\":\"Mors\",\"url\":\"https:\/\/kunmedierne.dk\/mors\/\",\"logo\":{\"@type\":\"ImageObject\",\"inLanguage\":\"da-DK\",\"@id\":\"https:\/\/kunmedierne.dk\/mors\/#\/schema\/logo\/image\/\",\"url\":\"https:\/\/kunmedierne.dk\/mors\/wp-content\/uploads\/2024\/08\/kunmors-logo.svg\",\"contentUrl\":\"https:\/\/kunmedierne.dk\/mors\/wp-content\/uploads\/2024\/08\/kunmors-logo.svg\",\"caption\":\"Mors\"},\"image\":{\"@id\":\"https:\/\/kunmedierne.dk\/mors\/#\/schema\/logo\/image\/\"}},{\"@type\":\"Person\",\"@id\":\"https:\/\/kunmedierne.dk\/mors\/#\/schema\/person\/84c1391bce0b43b9bb3a49736bc0ad78\",\"name\":\"Debat\",\"image\":{\"@type\":\"ImageObject\",\"inLanguage\":\"da-DK\",\"@id\":\"https:\/\/kunmedierne.dk\/mors\/#\/schema\/person\/image\/\",\"url\":\"https:\/\/secure.gravatar.com\/avatar\/b0fb2e221d618f7c65162ab0d49c7e8a0b580c871ca03af90e42b47b4150654c?s=96&d=mm&r=g\",\"contentUrl\":\"https:\/\/secure.gravatar.com\/avatar\/b0fb2e221d618f7c65162ab0d49c7e8a0b580c871ca03af90e42b47b4150654c?s=96&d=mm&r=g\",\"caption\":\"Debat\"},\"url\":\"https:\/\/kunmedierne.dk\/mors\/author\/debat\/\"}]}<\/script>\n<!-- \/ Yoast SEO plugin. -->","yoast_head_json":{"title":"Venstres glansbillede - Mors","robots":{"index":"index","follow":"follow","max-snippet":"max-snippet:-1","max-image-preview":"max-image-preview:large","max-video-preview":"max-video-preview:-1"},"canonical":"https:\/\/kunmedierne.dk\/mors\/venstres-glansbillede\/","og_locale":"da_DK","og_type":"article","og_title":"Venstres glansbillede - Mors","og_description":"Fra Ole Lajgaard, Steen Kl\u00e6rke og Pia Thorsen, Enhedslisten Mors, har vi modtaget: MORS: Det er jo ikke s\u00e5 underligt, at b\u00e5de borgmesteren og tre menige medlemmer af kommunalbestyrelsen gerne vil fort\u00e6lle os andre, at der absolut ingen problemer er med, at Venstre har flertallet til at bestemme alene. For de mener ikke, at de [&hellip;]","og_url":"https:\/\/kunmedierne.dk\/mors\/venstres-glansbillede\/","og_site_name":"Mors","article_published_time":"2021-02-10T20:33:34+00:00","article_modified_time":"2024-08-12T11:37:52+00:00","og_image":[{"width":770,"height":513,"url":"https:\/\/kunmedierne.dk\/mors\/wp-content\/uploads\/2021\/01\/piathorsen.jpg","type":"image\/jpeg"}],"author":"Debat","twitter_card":"summary_large_image","twitter_misc":{"Skrevet af":"Debat","Estimeret l\u00e6setid":"2 minutter"},"schema":{"@context":"https:\/\/schema.org","@graph":[{"@type":"Article","@id":"https:\/\/kunmedierne.dk\/mors\/venstres-glansbillede\/#article","isPartOf":{"@id":"https:\/\/kunmedierne.dk\/mors\/venstres-glansbillede\/"},"author":{"name":"Debat","@id":"https:\/\/kunmedierne.dk\/mors\/#\/schema\/person\/84c1391bce0b43b9bb3a49736bc0ad78"},"headline":"Venstres glansbillede","datePublished":"2021-02-10T20:33:34+00:00","dateModified":"2024-08-12T11:37:52+00:00","mainEntityOfPage":{"@id":"https:\/\/kunmedierne.dk\/mors\/venstres-glansbillede\/"},"wordCount":336,"commentCount":0,"publisher":{"@id":"https:\/\/kunmedierne.dk\/mors\/#organization"},"image":{"@id":"https:\/\/kunmedierne.dk\/mors\/venstres-glansbillede\/#primaryimage"},"thumbnailUrl":"https:\/\/kunmedierne.dk\/mors\/wp-content\/uploads\/2021\/01\/piathorsen.jpg","keywords":["Politik"],"articleSection":["Debat"],"inLanguage":"da-DK","potentialAction":[{"@type":"CommentAction","name":"Comment","target":["https:\/\/kunmedierne.dk\/mors\/venstres-glansbillede\/#respond"]}]},{"@type":"WebPage","@id":"https:\/\/kunmedierne.dk\/mors\/venstres-glansbillede\/","url":"https:\/\/kunmedierne.dk\/mors\/venstres-glansbillede\/","name":"Venstres glansbillede - Mors","isPartOf":{"@id":"https:\/\/kunmedierne.dk\/mors\/#website"},"primaryImageOfPage":{"@id":"https:\/\/kunmedierne.dk\/mors\/venstres-glansbillede\/#primaryimage"},"image":{"@id":"https:\/\/kunmedierne.dk\/mors\/venstres-glansbillede\/#primaryimage"},"thumbnailUrl":"https:\/\/kunmedierne.dk\/mors\/wp-content\/uploads\/2021\/01\/piathorsen.jpg","datePublished":"2021-02-10T20:33:34+00:00","dateModified":"2024-08-12T11:37:52+00:00","breadcrumb":{"@id":"https:\/\/kunmedierne.dk\/mors\/venstres-glansbillede\/#breadcrumb"},"inLanguage":"da-DK","potentialAction":[{"@type":"ReadAction","target":["https:\/\/kunmedierne.dk\/mors\/venstres-glansbillede\/"]}]},{"@type":"ImageObject","inLanguage":"da-DK","@id":"https:\/\/kunmedierne.dk\/mors\/venstres-glansbillede\/#primaryimage","url":"https:\/\/kunmedierne.dk\/mors\/wp-content\/uploads\/2021\/01\/piathorsen.jpg","contentUrl":"https:\/\/kunmedierne.dk\/mors\/wp-content\/uploads\/2021\/01\/piathorsen.jpg","width":770,"height":513,"caption":"Pia Thorsen, kandidat for Enhedslisten ved kommunal- og regionsr\u00e5dsvalget 2021. Privatfoto"},{"@type":"BreadcrumbList","@id":"https:\/\/kunmedierne.dk\/mors\/venstres-glansbillede\/#breadcrumb","itemListElement":[{"@type":"ListItem","position":1,"name":"Hjem","item":"https:\/\/kunmedierne.dk\/mors\/"},{"@type":"ListItem","position":2,"name":"Venstres glansbillede"}]},{"@type":"WebSite","@id":"https:\/\/kunmedierne.dk\/mors\/#website","url":"https:\/\/kunmedierne.dk\/mors\/","name":"Mors","description":"et netmedie med journalistik om livet p\u00e5 Mors","publisher":{"@id":"https:\/\/kunmedierne.dk\/mors\/#organization"},"potentialAction":[{"@type":"SearchAction","target":{"@type":"EntryPoint","urlTemplate":"https:\/\/kunmedierne.dk\/mors\/?s={search_term_string}"},"query-input":{"@type":"PropertyValueSpecification","valueRequired":true,"valueName":"search_term_string"}}],"inLanguage":"da-DK"},{"@type":"Organization","@id":"https:\/\/kunmedierne.dk\/mors\/#organization","name":"Mors","url":"https:\/\/kunmedierne.dk\/mors\/","logo":{"@type":"ImageObject","inLanguage":"da-DK","@id":"https:\/\/kunmedierne.dk\/mors\/#\/schema\/logo\/image\/","url":"https:\/\/kunmedierne.dk\/mors\/wp-content\/uploads\/2024\/08\/kunmors-logo.svg","contentUrl":"https:\/\/kunmedierne.dk\/mors\/wp-content\/uploads\/2024\/08\/kunmors-logo.svg","caption":"Mors"},"image":{"@id":"https:\/\/kunmedierne.dk\/mors\/#\/schema\/logo\/image\/"}},{"@type":"Person","@id":"https:\/\/kunmedierne.dk\/mors\/#\/schema\/person\/84c1391bce0b43b9bb3a49736bc0ad78","name":"Debat","image":{"@type":"ImageObject","inLanguage":"da-DK","@id":"https:\/\/kunmedierne.dk\/mors\/#\/schema\/person\/image\/","url":"https:\/\/secure.gravatar.com\/avatar\/b0fb2e221d618f7c65162ab0d49c7e8a0b580c871ca03af90e42b47b4150654c?s=96&d=mm&r=g","contentUrl":"https:\/\/secure.gravatar.com\/avatar\/b0fb2e221d618f7c65162ab0d49c7e8a0b580c871ca03af90e42b47b4150654c?s=96&d=mm&r=g","caption":"Debat"},"url":"https:\/\/kunmedierne.dk\/mors\/author\/debat\/"}]}},"_links":{"self":[{"href":"https:\/\/kunmedierne.dk\/mors\/wp-json\/wp\/v2\/posts\/39778","targetHints":{"allow":["GET"]}}],"collection":[{"href":"https:\/\/kunmedierne.dk\/mors\/wp-json\/wp\/v2\/posts"}],"about":[{"href":"https:\/\/kunmedierne.dk\/mors\/wp-json\/wp\/v2\/types\/post"}],"author":[{"embeddable":true,"href":"https:\/\/kunmedierne.dk\/mors\/wp-json\/wp\/v2\/users\/11"}],"replies":[{"embeddable":true,"href":"https:\/\/kunmedierne.dk\/mors\/wp-json\/wp\/v2\/comments?post=39778"}],"version-history":[{"count":1,"href":"https:\/\/kunmedierne.dk\/mors\/wp-json\/wp\/v2\/posts\/39778\/revisions"}],"predecessor-version":[{"id":39779,"href":"https:\/\/kunmedierne.dk\/mors\/wp-json\/wp\/v2\/posts\/39778\/revisions\/39779"}],"wp:featuredmedia":[{"embeddable":true,"href":"https:\/\/kunmedierne.dk\/mors\/wp-json\/wp\/v2\/media\/38239"}],"wp:attachment":[{"href":"https:\/\/kunmedierne.dk\/mors\/wp-json\/wp\/v2\/media?parent=39778"}],"wp:term":[{"taxonomy":"category","embeddable":true,"href":"https:\/\/kunmedierne.dk\/mors\/wp-json\/wp\/v2\/categories?post=39778"},{"taxonomy":"post_tag","embeddable":true,"href":"https:\/\/kunmedierne.dk\/mors\/wp-json\/wp\/v2\/tags?post=39778"}],"curies":[{"name":"wp","href":"https:\/\/api.w.org\/{rel}","templated":true}]}}