{"id":39770,"date":"2021-02-10T20:29:42","date_gmt":"2021-02-10T19:29:42","guid":{"rendered":"https:\/\/kunmedierne.dk\/mors\/?p=39770"},"modified":"2024-08-12T13:37:52","modified_gmt":"2024-08-12T11:37:52","slug":"kulturmoedet-i-helt-ny-form","status":"publish","type":"post","link":"https:\/\/kunmedierne.dk\/mors\/kulturmoedet-i-helt-ny-form\/","title":{"rendered":"Kulturm\u00f8det i helt ny form"},"content":{"rendered":"<p><strong>MORS<\/strong>: Det f\u00e5r sikkert stadig deltagere i titusindvis, men lige som sidste \u00e5r bliver 2021-udgaven af Kulturm\u00f8det p\u00e5 Mors p\u00e5virket af pandemiens begr\u00e6nsninger.<\/p>\n<p>Kulturm\u00f8det har i dag offentliggjort rammerne for dette \u00e5rs begivenhed. Og det bliver i et nyt format med nyheder b\u00e5de i forhold til tidspunkt og geografisk placering af de kulturelle tilbud.<\/p>\n<p>&#8220;I 2020 blev vi tvunget til at t\u00e6nke nyt og lade Kulturm\u00f8det udkomme i et digitalt format. Coronapandemien har givet os en unik mulighed for at eksperimentere med andre m\u00e5der at skabe kultursamtaler p\u00e5, og den kreative energi \u00f8nsker vi at fastholde ogs\u00e5 her i 2021,&#8221; fort\u00e6ller Trine Bang, direkt\u00f8r for Kulturm\u00f8det, i en pressemeddelelse. <a href=\"https:\/\/www.sparnord.dk\/filialer\/nykoebing-mors\/\"><img loading=\"lazy\" decoding=\"async\" class=\"alignright size-full wp-image-35699\" src=\"https:\/\/kunmedierne.dk\/mors\/wp-content\/uploads\/2020\/11\/ho6.jpg\" alt=\"\" width=\"1400\" height=\"123\" srcset=\"https:\/\/kunmedierne.dk\/mors\/wp-content\/uploads\/2020\/11\/ho6.jpg 1400w, https:\/\/kunmedierne.dk\/mors\/wp-content\/uploads\/2020\/11\/ho6-300x26.jpg 300w, https:\/\/kunmedierne.dk\/mors\/wp-content\/uploads\/2020\/11\/ho6-1024x90.jpg 1024w, https:\/\/kunmedierne.dk\/mors\/wp-content\/uploads\/2020\/11\/ho6-768x67.jpg 768w, https:\/\/kunmedierne.dk\/mors\/wp-content\/uploads\/2020\/11\/ho6-600x53.jpg 600w\" sizes=\"auto, (max-width: 1400px) 100vw, 1400px\" \/><\/a><\/p>\n<p>F\u00f8r coronaen form\u00e5ede Kulturm\u00f8det at samle flere end 30.000 g\u00e6ster p\u00e5 Mors i l\u00f8bet af en r\u00e6kke kulturelle dage p\u00e5 Mors. I \u00e5r bliver Kulturm\u00f8det fordelt over hele landet &#8211; og det sker allerede til for\u00e5ret, n\u00e5r publikum og kunstnere kan m\u00f8des i andre omgivelser end de vante.<\/p>\n<p>Det bliver med konceptet Tankegang, der udg\u00f8r f\u00f8rste kapitel i Kulturm\u00f8det Mors 2021.<\/p>\n<p>&#8220;Der er ikke noget som en g\u00e5tur, der kan give luft til nye refleksioner. Med projektet Tankegang s\u00e6tter vi kroppen og tankerne i bev\u00e6gelse p\u00e5 en anderledes m\u00e5de. Her kan du m\u00f8de kunstnerne helt t\u00e6t p\u00e5 og blive inspireret til andre samtaler med dine venner &#8211; eller mennesker, du endnu ikke har m\u00f8dt. Pr\u00e6cis det, tror jeg, at mange har brug for lige nu&#8221;, siger Trine Bang.<\/p>\n<p>&nbsp;<\/p>\n<p><strong>Knud S\u00f8rensens landskab<\/strong><\/p>\n<p>Programmet for Tankegang best\u00e5r af g\u00e5ture med 30 kendte kunstnere og kulturpersoner, som p\u00e5 forh\u00e5nd har bestemt en rute og tema for turen, der betyder noget for dem selv. Det eneste, der forventes af deltagerne, er, at tankerne f\u00e5r frit spil.<\/p>\n<p>&#8220;Forestil dig at g\u00e5 d\u00f8dsruten i K\u00f8benhavn med tv- og radiomanden Mikael Bertelsen, eller en g\u00e5tur med musiker Marie H\u00f8jlund i Aarhus, om hverdagens overh\u00f8rte magi. Entrepren\u00f8ren Claus Meyer byder dig velkommen til sit Lolland, musiker Katinka tager p\u00e5 rundtur p\u00e5 Christianshavn i K\u00f8benhavn, radiov\u00e6rten Carsten Jensen g\u00e5r i barndommens og fiktionens Marstal og Mors-digteren Knud S\u00f8rensen sender dig ud i det landskab, han elsker,&#8221; lyder det i pressemeddelelsen fra Kulturm\u00f8det Mors, der ogs\u00e5 fort\u00e6ller, at id\u00e9en med Tankegang er at s\u00e6tte krop og tanker i bev\u00e6gelse p\u00e5 en alternativ m\u00e5de, uanset hvor i landet man befinder sig. <a href=\"https:\/\/www.braendselsforeningen.dk\/\"><img loading=\"lazy\" decoding=\"async\" class=\"alignright size-full wp-image-36029\" src=\"https:\/\/kunmedierne.dk\/mors\/wp-content\/uploads\/2020\/11\/Br\u00e6ndselsforeningen.jpg\" alt=\"\" width=\"1425\" height=\"127\" srcset=\"https:\/\/kunmedierne.dk\/mors\/wp-content\/uploads\/2020\/11\/Br\u00e6ndselsforeningen.jpg 1425w, https:\/\/kunmedierne.dk\/mors\/wp-content\/uploads\/2020\/11\/Br\u00e6ndselsforeningen-300x27.jpg 300w, https:\/\/kunmedierne.dk\/mors\/wp-content\/uploads\/2020\/11\/Br\u00e6ndselsforeningen-1024x91.jpg 1024w, https:\/\/kunmedierne.dk\/mors\/wp-content\/uploads\/2020\/11\/Br\u00e6ndselsforeningen-768x68.jpg 768w, https:\/\/kunmedierne.dk\/mors\/wp-content\/uploads\/2020\/11\/Br\u00e6ndselsforeningen-600x53.jpg 600w\" sizes=\"auto, (max-width: 1425px) 100vw, 1425px\" \/><\/a><\/p>\n<p>Alle g\u00e5ture er gratis, og der er nu \u00e5bnet for tilmelding.<\/p>\n<p>Andet kapitel af Kulturm\u00f8det Mors 2021 bliver et digitalt samtaleprogram i dagene 19.-21. august. If\u00f8lge Kulturm\u00f8det vil der samtidig blive pr\u00e6senteret en perler\u00e6kke af kunstoplevelser p\u00e5 Mors.<\/p>\n<p>Det tredje kapitel str\u00e6kker Kulturm\u00f8det ud p\u00e5 efter\u00e5ret med\u00a0fagprofessionelle symposier og konference.<\/p>\n<blockquote>\n<h2>FAKTA<\/h2>\n<h4>Tankegang er f\u00f8rste af tre kapitler i Kulturm\u00f8det Mors 2021 og finder sted i dagene fra 24. april til 2. maj. Det er en del af DR&#8217;s satsning p\u00e5 at f\u00e5 danskerne i bev\u00e6gelse i 2021. Kulturm\u00f8det er sammen med en lang r\u00e6kke partnere med til at s\u00e6tte fokus p\u00e5 at g\u00e5.<\/h4>\n<h4>Tankegang er planlagt med minimum 20 deltagere p\u00e5 hver tur. Hvis restriktionerne tillader det, \u00e5bnes op for flere billetter og samler maksimalt 30 deltagere pr. tur.<\/h4>\n<h4>Hvis forsamlingsforbuddet er p\u00e5 under 20 personer p\u00e5 de datoer, hvor Tankegang l\u00f8ber af stablen, tager Kulturm\u00f8det stilling til om arrangementet kan gennemf\u00f8res p\u00e5 et senere tidspunkt eller bliver aflyst. Deltagerne vil i s\u00e5 fald blive kontaktet.<\/h4>\n<h4>Blandt kulturpersonerne i Tankegang er de lokale forfattere Jens Sm\u00e6rup S\u00f8rensen og Knud S\u00f8rensen samt Mors\u00f8-fotografen Kirsten Klein. Se hele programmet <a href=\"https:\/\/www.kulturmoedet.dk\/tankegang\" target=\"_blank\" rel=\"noopener noreferrer\">her<\/a>.<\/h4>\n<h4>Deltagelse i Tankegang er gratis, men kr\u00e6ver tilmelding.<\/h4>\n<\/blockquote>\n","protected":false},"excerpt":{"rendered":"<p>MORS: Det f\u00e5r sikkert stadig deltagere i titusindvis, men lige som sidste \u00e5r bliver 2021-udgaven af Kulturm\u00f8det p\u00e5 Mors p\u00e5virket af pandemiens begr\u00e6nsninger. Kulturm\u00f8det har i dag offentliggjort rammerne for dette \u00e5rs begivenhed. Og det bliver i et nyt format med nyheder b\u00e5de i forhold til tidspunkt og geografisk placering af de kulturelle tilbud. &#8220;I [&hellip;]<\/p>\n","protected":false},"author":8,"featured_media":39771,"comment_status":"open","ping_status":"open","sticky":false,"template":"","format":"standard","meta":{"_acf_changed":false,"footnotes":""},"categories":[49],"tags":[162],"class_list":["post-39770","post","type-post","status-publish","format-standard","has-post-thumbnail","hentry","category-kultur","tag-kulturmoedet"],"acf":[],"yoast_head":"<!-- This site is optimized with the Yoast SEO plugin v26.8 - https:\/\/yoast.com\/product\/yoast-seo-wordpress\/ -->\n<title>Kulturm\u00f8det i helt ny form - Mors<\/title>\n<meta name=\"robots\" content=\"index, follow, max-snippet:-1, max-image-preview:large, max-video-preview:-1\" \/>\n<link rel=\"canonical\" href=\"https:\/\/kunmedierne.dk\/mors\/kulturmoedet-i-helt-ny-form\/\" \/>\n<meta property=\"og:locale\" content=\"da_DK\" \/>\n<meta property=\"og:type\" content=\"article\" \/>\n<meta property=\"og:title\" content=\"Kulturm\u00f8det i helt ny form - Mors\" \/>\n<meta property=\"og:description\" content=\"MORS: Det f\u00e5r sikkert stadig deltagere i titusindvis, men lige som sidste \u00e5r bliver 2021-udgaven af Kulturm\u00f8det p\u00e5 Mors p\u00e5virket af pandemiens begr\u00e6nsninger. Kulturm\u00f8det har i dag offentliggjort rammerne for dette \u00e5rs begivenhed. Og det bliver i et nyt format med nyheder b\u00e5de i forhold til tidspunkt og geografisk placering af de kulturelle tilbud. &#8220;I [&hellip;]\" \/>\n<meta property=\"og:url\" content=\"https:\/\/kunmedierne.dk\/mors\/kulturmoedet-i-helt-ny-form\/\" \/>\n<meta property=\"og:site_name\" content=\"Mors\" \/>\n<meta property=\"article:published_time\" content=\"2021-02-10T19:29:42+00:00\" \/>\n<meta property=\"article:modified_time\" content=\"2024-08-12T11:37:52+00:00\" \/>\n<meta property=\"og:image\" content=\"https:\/\/kunmedierne.dk\/mors\/wp-content\/uploads\/2021\/02\/kulturm\u00f8det.jpg\" \/>\n\t<meta property=\"og:image:width\" content=\"770\" \/>\n\t<meta property=\"og:image:height\" content=\"486\" \/>\n\t<meta property=\"og:image:type\" content=\"image\/jpeg\" \/>\n<meta name=\"author\" content=\"David H\u00f8jmark\" \/>\n<meta name=\"twitter:card\" content=\"summary_large_image\" \/>\n<meta name=\"twitter:label1\" content=\"Skrevet af\" \/>\n\t<meta name=\"twitter:data1\" content=\"David H\u00f8jmark\" \/>\n\t<meta name=\"twitter:label2\" content=\"Estimeret l\u00e6setid\" \/>\n\t<meta name=\"twitter:data2\" content=\"3 minutter\" \/>\n<script type=\"application\/ld+json\" class=\"yoast-schema-graph\">{\"@context\":\"https:\/\/schema.org\",\"@graph\":[{\"@type\":\"Article\",\"@id\":\"https:\/\/kunmedierne.dk\/mors\/kulturmoedet-i-helt-ny-form\/#article\",\"isPartOf\":{\"@id\":\"https:\/\/kunmedierne.dk\/mors\/kulturmoedet-i-helt-ny-form\/\"},\"author\":{\"name\":\"David H\u00f8jmark\",\"@id\":\"https:\/\/kunmedierne.dk\/mors\/#\/schema\/person\/5fe23251bf1d0abbcdc6f7896579d548\"},\"headline\":\"Kulturm\u00f8det i helt ny form\",\"datePublished\":\"2021-02-10T19:29:42+00:00\",\"dateModified\":\"2024-08-12T11:37:52+00:00\",\"mainEntityOfPage\":{\"@id\":\"https:\/\/kunmedierne.dk\/mors\/kulturmoedet-i-helt-ny-form\/\"},\"wordCount\":648,\"commentCount\":0,\"publisher\":{\"@id\":\"https:\/\/kunmedierne.dk\/mors\/#organization\"},\"image\":{\"@id\":\"https:\/\/kunmedierne.dk\/mors\/kulturmoedet-i-helt-ny-form\/#primaryimage\"},\"thumbnailUrl\":\"https:\/\/kunmedierne.dk\/mors\/wp-content\/uploads\/2021\/02\/kulturm\u00f8det.jpg\",\"keywords\":[\"Kulturm\u00f8det\"],\"articleSection\":[\"Kultur\"],\"inLanguage\":\"da-DK\",\"potentialAction\":[{\"@type\":\"CommentAction\",\"name\":\"Comment\",\"target\":[\"https:\/\/kunmedierne.dk\/mors\/kulturmoedet-i-helt-ny-form\/#respond\"]}]},{\"@type\":\"WebPage\",\"@id\":\"https:\/\/kunmedierne.dk\/mors\/kulturmoedet-i-helt-ny-form\/\",\"url\":\"https:\/\/kunmedierne.dk\/mors\/kulturmoedet-i-helt-ny-form\/\",\"name\":\"Kulturm\u00f8det i helt ny form - Mors\",\"isPartOf\":{\"@id\":\"https:\/\/kunmedierne.dk\/mors\/#website\"},\"primaryImageOfPage\":{\"@id\":\"https:\/\/kunmedierne.dk\/mors\/kulturmoedet-i-helt-ny-form\/#primaryimage\"},\"image\":{\"@id\":\"https:\/\/kunmedierne.dk\/mors\/kulturmoedet-i-helt-ny-form\/#primaryimage\"},\"thumbnailUrl\":\"https:\/\/kunmedierne.dk\/mors\/wp-content\/uploads\/2021\/02\/kulturm\u00f8det.jpg\",\"datePublished\":\"2021-02-10T19:29:42+00:00\",\"dateModified\":\"2024-08-12T11:37:52+00:00\",\"breadcrumb\":{\"@id\":\"https:\/\/kunmedierne.dk\/mors\/kulturmoedet-i-helt-ny-form\/#breadcrumb\"},\"inLanguage\":\"da-DK\",\"potentialAction\":[{\"@type\":\"ReadAction\",\"target\":[\"https:\/\/kunmedierne.dk\/mors\/kulturmoedet-i-helt-ny-form\/\"]}]},{\"@type\":\"ImageObject\",\"inLanguage\":\"da-DK\",\"@id\":\"https:\/\/kunmedierne.dk\/mors\/kulturmoedet-i-helt-ny-form\/#primaryimage\",\"url\":\"https:\/\/kunmedierne.dk\/mors\/wp-content\/uploads\/2021\/02\/kulturm\u00f8det.jpg\",\"contentUrl\":\"https:\/\/kunmedierne.dk\/mors\/wp-content\/uploads\/2021\/02\/kulturm\u00f8det.jpg\",\"width\":770,\"height\":486,\"caption\":\"Tankegang bliver en af nyskabelserne i Kulturm\u00f8det Mors 2021. Foto: Mette Johnsen\"},{\"@type\":\"BreadcrumbList\",\"@id\":\"https:\/\/kunmedierne.dk\/mors\/kulturmoedet-i-helt-ny-form\/#breadcrumb\",\"itemListElement\":[{\"@type\":\"ListItem\",\"position\":1,\"name\":\"Hjem\",\"item\":\"https:\/\/kunmedierne.dk\/mors\/\"},{\"@type\":\"ListItem\",\"position\":2,\"name\":\"Kulturm\u00f8det i helt ny form\"}]},{\"@type\":\"WebSite\",\"@id\":\"https:\/\/kunmedierne.dk\/mors\/#website\",\"url\":\"https:\/\/kunmedierne.dk\/mors\/\",\"name\":\"Mors\",\"description\":\"et netmedie med journalistik om livet p\u00e5 Mors\",\"publisher\":{\"@id\":\"https:\/\/kunmedierne.dk\/mors\/#organization\"},\"potentialAction\":[{\"@type\":\"SearchAction\",\"target\":{\"@type\":\"EntryPoint\",\"urlTemplate\":\"https:\/\/kunmedierne.dk\/mors\/?s={search_term_string}\"},\"query-input\":{\"@type\":\"PropertyValueSpecification\",\"valueRequired\":true,\"valueName\":\"search_term_string\"}}],\"inLanguage\":\"da-DK\"},{\"@type\":\"Organization\",\"@id\":\"https:\/\/kunmedierne.dk\/mors\/#organization\",\"name\":\"Mors\",\"url\":\"https:\/\/kunmedierne.dk\/mors\/\",\"logo\":{\"@type\":\"ImageObject\",\"inLanguage\":\"da-DK\",\"@id\":\"https:\/\/kunmedierne.dk\/mors\/#\/schema\/logo\/image\/\",\"url\":\"https:\/\/kunmedierne.dk\/mors\/wp-content\/uploads\/2024\/08\/kunmors-logo.svg\",\"contentUrl\":\"https:\/\/kunmedierne.dk\/mors\/wp-content\/uploads\/2024\/08\/kunmors-logo.svg\",\"caption\":\"Mors\"},\"image\":{\"@id\":\"https:\/\/kunmedierne.dk\/mors\/#\/schema\/logo\/image\/\"}},{\"@type\":\"Person\",\"@id\":\"https:\/\/kunmedierne.dk\/mors\/#\/schema\/person\/5fe23251bf1d0abbcdc6f7896579d548\",\"name\":\"David H\u00f8jmark\",\"image\":{\"@type\":\"ImageObject\",\"inLanguage\":\"da-DK\",\"@id\":\"https:\/\/kunmedierne.dk\/mors\/#\/schema\/person\/image\/\",\"url\":\"https:\/\/secure.gravatar.com\/avatar\/4315d6fb9ef244d729989f5f90268eb08d5bf8a3d84402f595fa194bb35784fd?s=96&d=mm&r=g\",\"contentUrl\":\"https:\/\/secure.gravatar.com\/avatar\/4315d6fb9ef244d729989f5f90268eb08d5bf8a3d84402f595fa194bb35784fd?s=96&d=mm&r=g\",\"caption\":\"David H\u00f8jmark\"},\"sameAs\":[\"https:\/\/www.kunmedierne.dk\"],\"url\":\"https:\/\/kunmedierne.dk\/mors\/author\/david\/\"}]}<\/script>\n<!-- \/ Yoast SEO plugin. -->","yoast_head_json":{"title":"Kulturm\u00f8det i helt ny form - Mors","robots":{"index":"index","follow":"follow","max-snippet":"max-snippet:-1","max-image-preview":"max-image-preview:large","max-video-preview":"max-video-preview:-1"},"canonical":"https:\/\/kunmedierne.dk\/mors\/kulturmoedet-i-helt-ny-form\/","og_locale":"da_DK","og_type":"article","og_title":"Kulturm\u00f8det i helt ny form - Mors","og_description":"MORS: Det f\u00e5r sikkert stadig deltagere i titusindvis, men lige som sidste \u00e5r bliver 2021-udgaven af Kulturm\u00f8det p\u00e5 Mors p\u00e5virket af pandemiens begr\u00e6nsninger. Kulturm\u00f8det har i dag offentliggjort rammerne for dette \u00e5rs begivenhed. Og det bliver i et nyt format med nyheder b\u00e5de i forhold til tidspunkt og geografisk placering af de kulturelle tilbud. &#8220;I [&hellip;]","og_url":"https:\/\/kunmedierne.dk\/mors\/kulturmoedet-i-helt-ny-form\/","og_site_name":"Mors","article_published_time":"2021-02-10T19:29:42+00:00","article_modified_time":"2024-08-12T11:37:52+00:00","og_image":[{"width":770,"height":486,"url":"https:\/\/kunmedierne.dk\/mors\/wp-content\/uploads\/2021\/02\/kulturm\u00f8det.jpg","type":"image\/jpeg"}],"author":"David H\u00f8jmark","twitter_card":"summary_large_image","twitter_misc":{"Skrevet af":"David H\u00f8jmark","Estimeret l\u00e6setid":"3 minutter"},"schema":{"@context":"https:\/\/schema.org","@graph":[{"@type":"Article","@id":"https:\/\/kunmedierne.dk\/mors\/kulturmoedet-i-helt-ny-form\/#article","isPartOf":{"@id":"https:\/\/kunmedierne.dk\/mors\/kulturmoedet-i-helt-ny-form\/"},"author":{"name":"David H\u00f8jmark","@id":"https:\/\/kunmedierne.dk\/mors\/#\/schema\/person\/5fe23251bf1d0abbcdc6f7896579d548"},"headline":"Kulturm\u00f8det i helt ny form","datePublished":"2021-02-10T19:29:42+00:00","dateModified":"2024-08-12T11:37:52+00:00","mainEntityOfPage":{"@id":"https:\/\/kunmedierne.dk\/mors\/kulturmoedet-i-helt-ny-form\/"},"wordCount":648,"commentCount":0,"publisher":{"@id":"https:\/\/kunmedierne.dk\/mors\/#organization"},"image":{"@id":"https:\/\/kunmedierne.dk\/mors\/kulturmoedet-i-helt-ny-form\/#primaryimage"},"thumbnailUrl":"https:\/\/kunmedierne.dk\/mors\/wp-content\/uploads\/2021\/02\/kulturm\u00f8det.jpg","keywords":["Kulturm\u00f8det"],"articleSection":["Kultur"],"inLanguage":"da-DK","potentialAction":[{"@type":"CommentAction","name":"Comment","target":["https:\/\/kunmedierne.dk\/mors\/kulturmoedet-i-helt-ny-form\/#respond"]}]},{"@type":"WebPage","@id":"https:\/\/kunmedierne.dk\/mors\/kulturmoedet-i-helt-ny-form\/","url":"https:\/\/kunmedierne.dk\/mors\/kulturmoedet-i-helt-ny-form\/","name":"Kulturm\u00f8det i helt ny form - Mors","isPartOf":{"@id":"https:\/\/kunmedierne.dk\/mors\/#website"},"primaryImageOfPage":{"@id":"https:\/\/kunmedierne.dk\/mors\/kulturmoedet-i-helt-ny-form\/#primaryimage"},"image":{"@id":"https:\/\/kunmedierne.dk\/mors\/kulturmoedet-i-helt-ny-form\/#primaryimage"},"thumbnailUrl":"https:\/\/kunmedierne.dk\/mors\/wp-content\/uploads\/2021\/02\/kulturm\u00f8det.jpg","datePublished":"2021-02-10T19:29:42+00:00","dateModified":"2024-08-12T11:37:52+00:00","breadcrumb":{"@id":"https:\/\/kunmedierne.dk\/mors\/kulturmoedet-i-helt-ny-form\/#breadcrumb"},"inLanguage":"da-DK","potentialAction":[{"@type":"ReadAction","target":["https:\/\/kunmedierne.dk\/mors\/kulturmoedet-i-helt-ny-form\/"]}]},{"@type":"ImageObject","inLanguage":"da-DK","@id":"https:\/\/kunmedierne.dk\/mors\/kulturmoedet-i-helt-ny-form\/#primaryimage","url":"https:\/\/kunmedierne.dk\/mors\/wp-content\/uploads\/2021\/02\/kulturm\u00f8det.jpg","contentUrl":"https:\/\/kunmedierne.dk\/mors\/wp-content\/uploads\/2021\/02\/kulturm\u00f8det.jpg","width":770,"height":486,"caption":"Tankegang bliver en af nyskabelserne i Kulturm\u00f8det Mors 2021. Foto: Mette Johnsen"},{"@type":"BreadcrumbList","@id":"https:\/\/kunmedierne.dk\/mors\/kulturmoedet-i-helt-ny-form\/#breadcrumb","itemListElement":[{"@type":"ListItem","position":1,"name":"Hjem","item":"https:\/\/kunmedierne.dk\/mors\/"},{"@type":"ListItem","position":2,"name":"Kulturm\u00f8det i helt ny form"}]},{"@type":"WebSite","@id":"https:\/\/kunmedierne.dk\/mors\/#website","url":"https:\/\/kunmedierne.dk\/mors\/","name":"Mors","description":"et netmedie med journalistik om livet p\u00e5 Mors","publisher":{"@id":"https:\/\/kunmedierne.dk\/mors\/#organization"},"potentialAction":[{"@type":"SearchAction","target":{"@type":"EntryPoint","urlTemplate":"https:\/\/kunmedierne.dk\/mors\/?s={search_term_string}"},"query-input":{"@type":"PropertyValueSpecification","valueRequired":true,"valueName":"search_term_string"}}],"inLanguage":"da-DK"},{"@type":"Organization","@id":"https:\/\/kunmedierne.dk\/mors\/#organization","name":"Mors","url":"https:\/\/kunmedierne.dk\/mors\/","logo":{"@type":"ImageObject","inLanguage":"da-DK","@id":"https:\/\/kunmedierne.dk\/mors\/#\/schema\/logo\/image\/","url":"https:\/\/kunmedierne.dk\/mors\/wp-content\/uploads\/2024\/08\/kunmors-logo.svg","contentUrl":"https:\/\/kunmedierne.dk\/mors\/wp-content\/uploads\/2024\/08\/kunmors-logo.svg","caption":"Mors"},"image":{"@id":"https:\/\/kunmedierne.dk\/mors\/#\/schema\/logo\/image\/"}},{"@type":"Person","@id":"https:\/\/kunmedierne.dk\/mors\/#\/schema\/person\/5fe23251bf1d0abbcdc6f7896579d548","name":"David H\u00f8jmark","image":{"@type":"ImageObject","inLanguage":"da-DK","@id":"https:\/\/kunmedierne.dk\/mors\/#\/schema\/person\/image\/","url":"https:\/\/secure.gravatar.com\/avatar\/4315d6fb9ef244d729989f5f90268eb08d5bf8a3d84402f595fa194bb35784fd?s=96&d=mm&r=g","contentUrl":"https:\/\/secure.gravatar.com\/avatar\/4315d6fb9ef244d729989f5f90268eb08d5bf8a3d84402f595fa194bb35784fd?s=96&d=mm&r=g","caption":"David H\u00f8jmark"},"sameAs":["https:\/\/www.kunmedierne.dk"],"url":"https:\/\/kunmedierne.dk\/mors\/author\/david\/"}]}},"_links":{"self":[{"href":"https:\/\/kunmedierne.dk\/mors\/wp-json\/wp\/v2\/posts\/39770","targetHints":{"allow":["GET"]}}],"collection":[{"href":"https:\/\/kunmedierne.dk\/mors\/wp-json\/wp\/v2\/posts"}],"about":[{"href":"https:\/\/kunmedierne.dk\/mors\/wp-json\/wp\/v2\/types\/post"}],"author":[{"embeddable":true,"href":"https:\/\/kunmedierne.dk\/mors\/wp-json\/wp\/v2\/users\/8"}],"replies":[{"embeddable":true,"href":"https:\/\/kunmedierne.dk\/mors\/wp-json\/wp\/v2\/comments?post=39770"}],"version-history":[{"count":1,"href":"https:\/\/kunmedierne.dk\/mors\/wp-json\/wp\/v2\/posts\/39770\/revisions"}],"predecessor-version":[{"id":39772,"href":"https:\/\/kunmedierne.dk\/mors\/wp-json\/wp\/v2\/posts\/39770\/revisions\/39772"}],"wp:featuredmedia":[{"embeddable":true,"href":"https:\/\/kunmedierne.dk\/mors\/wp-json\/wp\/v2\/media\/39771"}],"wp:attachment":[{"href":"https:\/\/kunmedierne.dk\/mors\/wp-json\/wp\/v2\/media?parent=39770"}],"wp:term":[{"taxonomy":"category","embeddable":true,"href":"https:\/\/kunmedierne.dk\/mors\/wp-json\/wp\/v2\/categories?post=39770"},{"taxonomy":"post_tag","embeddable":true,"href":"https:\/\/kunmedierne.dk\/mors\/wp-json\/wp\/v2\/tags?post=39770"}],"curies":[{"name":"wp","href":"https:\/\/api.w.org\/{rel}","templated":true}]}}