{"id":39758,"date":"2021-02-11T05:38:02","date_gmt":"2021-02-11T04:38:02","guid":{"rendered":"https:\/\/kunmedierne.dk\/mors\/?p=39758"},"modified":"2024-08-12T13:37:52","modified_gmt":"2024-08-12T11:37:52","slug":"jeg-vil-stadig-fastholde-min-tvivl","status":"publish","type":"post","link":"https:\/\/kunmedierne.dk\/mors\/jeg-vil-stadig-fastholde-min-tvivl\/","title":{"rendered":"&#8211; Jeg vil stadig fastholde min tvivl"},"content":{"rendered":"<p><em>Fra Jacob Thomsen, Nyk\u00f8bing, har vi modtaget:<\/em><\/p>\n<hr \/>\n<p>K\u00e6re Lauge Larsen<\/p>\n<p>Som jeg skrev i mit debatindl\u00e6g tirsdag, vil jeg lette p\u00e5 hatten, hvis det viser sig, at man realisere en \u00e5rlig besparelse p\u00e5 26 mio. -Fantastisk arbejde af regionsr\u00e5det!<\/p>\n<p>Men&#8230;.Jeg vil stadig fastholde min tvivl om, at regionen medregner alle faktuelle omkostninger i den kalkulation. Garageanl\u00e6g, videreuddannelse af ambulancepersonale, nyindk\u00f8b af udstyr osv.<\/p>\n<p>For at lave en sammenligning en til en med den hidtidige Falck-kontrakt, b\u00f8r man huske, at den pris var all-in. Kan kun opfordre partierne imod aftalen, at holde godt \u00f8je med bogf\u00f8ringen, s\u00e5 man f\u00e5r muligheden for efterkalkulation p\u00e5 et oplyst grundlag. <img loading=\"lazy\" decoding=\"async\" class=\"alignright size-full wp-image-39492\" src=\"https:\/\/kunmedierne.dk\/mors\/wp-content\/uploads\/2021\/02\/ho8-1.jpg\" alt=\"\" width=\"1400\" height=\"125\" srcset=\"https:\/\/kunmedierne.dk\/mors\/wp-content\/uploads\/2021\/02\/ho8-1.jpg 1400w, https:\/\/kunmedierne.dk\/mors\/wp-content\/uploads\/2021\/02\/ho8-1-300x27.jpg 300w, https:\/\/kunmedierne.dk\/mors\/wp-content\/uploads\/2021\/02\/ho8-1-1024x91.jpg 1024w, https:\/\/kunmedierne.dk\/mors\/wp-content\/uploads\/2021\/02\/ho8-1-768x69.jpg 768w, https:\/\/kunmedierne.dk\/mors\/wp-content\/uploads\/2021\/02\/ho8-1-600x54.jpg 600w\" sizes=\"auto, (max-width: 1400px) 100vw, 1400px\" \/>11<\/p>\n<p>PreMed skal, naturligvis, ikke d\u00f8mmes ude, og de skal have lov til at bevise, at de kan drive ambulancedrift i Danmark. Personligt mener jeg det er et vitalt omr\u00e5de, at \u201ceksperimentere\u201d p\u00e5. S\u00e5 derfor gentager jeg mit sp\u00f8rgsm\u00e5l. Har regionsr\u00e5det en plan-b, hvis PreMed viser sig ikke, at kunne l\u00f8fte opgaven?<\/p>\n<p>Endelig, synes jeg argumentationen om, at regionen kan drive ambulancedriften, s\u00e5 meget billigere da de ikke skal udbetale udbytte til aktion\u00e6rer for uhyre s\u00f8gt. Det syn p\u00e5 markedsmekanismer h\u00f8rer vist en fjern sovjettid til. I \u00f8vrigt mener jeg ikke, at huske tilbage p\u00e5 ret mange eksempler, hvor offentlige \/ regionale akt\u00f8rer har vist sig billigere eller mere effektive end private udbydere. Den konklusion er selv Socialdemokratiet vist kommet frem til for et par \u00e5rtier siden.<\/p>\n<hr \/>\n<p><em>Har du et bidrag til den lokale debat? Send det til os p\u00e5 e-mail: debat@kunmedierne.dk\/mors. Husk at l\u00e6se korrektur inden afsendelse p\u00e5 indl\u00e6gget.<\/em><\/p>\n","protected":false},"excerpt":{"rendered":"<p>Fra Jacob Thomsen, Nyk\u00f8bing, har vi modtaget: K\u00e6re Lauge Larsen Som jeg skrev i mit debatindl\u00e6g tirsdag, vil jeg lette p\u00e5 hatten, hvis det viser sig, at man realisere en \u00e5rlig besparelse p\u00e5 26 mio. -Fantastisk arbejde af regionsr\u00e5det! Men&#8230;.Jeg vil stadig fastholde min tvivl om, at regionen medregner alle faktuelle omkostninger i den kalkulation. [&hellip;]<\/p>\n","protected":false},"author":11,"featured_media":15365,"comment_status":"open","ping_status":"open","sticky":false,"template":"","format":"standard","meta":{"_acf_changed":false,"footnotes":""},"categories":[54,56],"tags":[167],"class_list":["post-39758","post","type-post","status-publish","format-standard","has-post-thumbnail","hentry","category-54","category-debat","tag-politik"],"acf":[],"yoast_head":"<!-- This site is optimized with the Yoast SEO plugin v26.8 - https:\/\/yoast.com\/product\/yoast-seo-wordpress\/ -->\n<title>- Jeg vil stadig fastholde min tvivl - Mors<\/title>\n<meta name=\"robots\" content=\"index, follow, max-snippet:-1, max-image-preview:large, max-video-preview:-1\" \/>\n<link rel=\"canonical\" href=\"https:\/\/kunmedierne.dk\/mors\/jeg-vil-stadig-fastholde-min-tvivl\/\" \/>\n<meta property=\"og:locale\" content=\"da_DK\" \/>\n<meta property=\"og:type\" content=\"article\" \/>\n<meta property=\"og:title\" content=\"- Jeg vil stadig fastholde min tvivl - Mors\" \/>\n<meta property=\"og:description\" content=\"Fra Jacob Thomsen, Nyk\u00f8bing, har vi modtaget: K\u00e6re Lauge Larsen Som jeg skrev i mit debatindl\u00e6g tirsdag, vil jeg lette p\u00e5 hatten, hvis det viser sig, at man realisere en \u00e5rlig besparelse p\u00e5 26 mio. -Fantastisk arbejde af regionsr\u00e5det! Men&#8230;.Jeg vil stadig fastholde min tvivl om, at regionen medregner alle faktuelle omkostninger i den kalkulation. [&hellip;]\" \/>\n<meta property=\"og:url\" content=\"https:\/\/kunmedierne.dk\/mors\/jeg-vil-stadig-fastholde-min-tvivl\/\" \/>\n<meta property=\"og:site_name\" content=\"Mors\" \/>\n<meta property=\"article:published_time\" content=\"2021-02-11T04:38:02+00:00\" \/>\n<meta property=\"article:modified_time\" content=\"2024-08-12T11:37:52+00:00\" \/>\n<meta property=\"og:image\" content=\"https:\/\/kunmedierne.dk\/mors\/wp-content\/uploads\/2020\/03\/ambulance2-foto-falck.jpg\" \/>\n\t<meta property=\"og:image:width\" content=\"770\" \/>\n\t<meta property=\"og:image:height\" content=\"512\" \/>\n\t<meta property=\"og:image:type\" content=\"image\/jpeg\" \/>\n<meta name=\"author\" content=\"Debat\" \/>\n<meta name=\"twitter:card\" content=\"summary_large_image\" \/>\n<meta name=\"twitter:label1\" content=\"Skrevet af\" \/>\n\t<meta name=\"twitter:data1\" content=\"Debat\" \/>\n\t<meta name=\"twitter:label2\" content=\"Estimeret l\u00e6setid\" \/>\n\t<meta name=\"twitter:data2\" content=\"1 minut\" \/>\n<script type=\"application\/ld+json\" class=\"yoast-schema-graph\">{\"@context\":\"https:\/\/schema.org\",\"@graph\":[{\"@type\":\"Article\",\"@id\":\"https:\/\/kunmedierne.dk\/mors\/jeg-vil-stadig-fastholde-min-tvivl\/#article\",\"isPartOf\":{\"@id\":\"https:\/\/kunmedierne.dk\/mors\/jeg-vil-stadig-fastholde-min-tvivl\/\"},\"author\":{\"name\":\"Debat\",\"@id\":\"https:\/\/kunmedierne.dk\/mors\/#\/schema\/person\/84c1391bce0b43b9bb3a49736bc0ad78\"},\"headline\":\"&#8211; Jeg vil stadig fastholde min tvivl\",\"datePublished\":\"2021-02-11T04:38:02+00:00\",\"dateModified\":\"2024-08-12T11:37:52+00:00\",\"mainEntityOfPage\":{\"@id\":\"https:\/\/kunmedierne.dk\/mors\/jeg-vil-stadig-fastholde-min-tvivl\/\"},\"wordCount\":283,\"commentCount\":0,\"publisher\":{\"@id\":\"https:\/\/kunmedierne.dk\/mors\/#organization\"},\"image\":{\"@id\":\"https:\/\/kunmedierne.dk\/mors\/jeg-vil-stadig-fastholde-min-tvivl\/#primaryimage\"},\"thumbnailUrl\":\"https:\/\/kunmedierne.dk\/mors\/wp-content\/uploads\/2020\/03\/ambulance2-foto-falck.jpg\",\"keywords\":[\"Politik\"],\"articleSection\":[\"112\",\"Debat\"],\"inLanguage\":\"da-DK\",\"potentialAction\":[{\"@type\":\"CommentAction\",\"name\":\"Comment\",\"target\":[\"https:\/\/kunmedierne.dk\/mors\/jeg-vil-stadig-fastholde-min-tvivl\/#respond\"]}]},{\"@type\":\"WebPage\",\"@id\":\"https:\/\/kunmedierne.dk\/mors\/jeg-vil-stadig-fastholde-min-tvivl\/\",\"url\":\"https:\/\/kunmedierne.dk\/mors\/jeg-vil-stadig-fastholde-min-tvivl\/\",\"name\":\"- Jeg vil stadig fastholde min tvivl - Mors\",\"isPartOf\":{\"@id\":\"https:\/\/kunmedierne.dk\/mors\/#website\"},\"primaryImageOfPage\":{\"@id\":\"https:\/\/kunmedierne.dk\/mors\/jeg-vil-stadig-fastholde-min-tvivl\/#primaryimage\"},\"image\":{\"@id\":\"https:\/\/kunmedierne.dk\/mors\/jeg-vil-stadig-fastholde-min-tvivl\/#primaryimage\"},\"thumbnailUrl\":\"https:\/\/kunmedierne.dk\/mors\/wp-content\/uploads\/2020\/03\/ambulance2-foto-falck.jpg\",\"datePublished\":\"2021-02-11T04:38:02+00:00\",\"dateModified\":\"2024-08-12T11:37:52+00:00\",\"breadcrumb\":{\"@id\":\"https:\/\/kunmedierne.dk\/mors\/jeg-vil-stadig-fastholde-min-tvivl\/#breadcrumb\"},\"inLanguage\":\"da-DK\",\"potentialAction\":[{\"@type\":\"ReadAction\",\"target\":[\"https:\/\/kunmedierne.dk\/mors\/jeg-vil-stadig-fastholde-min-tvivl\/\"]}]},{\"@type\":\"ImageObject\",\"inLanguage\":\"da-DK\",\"@id\":\"https:\/\/kunmedierne.dk\/mors\/jeg-vil-stadig-fastholde-min-tvivl\/#primaryimage\",\"url\":\"https:\/\/kunmedierne.dk\/mors\/wp-content\/uploads\/2020\/03\/ambulance2-foto-falck.jpg\",\"contentUrl\":\"https:\/\/kunmedierne.dk\/mors\/wp-content\/uploads\/2020\/03\/ambulance2-foto-falck.jpg\",\"width\":770,\"height\":512,\"caption\":\"Modelfoto: Falck.\"},{\"@type\":\"BreadcrumbList\",\"@id\":\"https:\/\/kunmedierne.dk\/mors\/jeg-vil-stadig-fastholde-min-tvivl\/#breadcrumb\",\"itemListElement\":[{\"@type\":\"ListItem\",\"position\":1,\"name\":\"Hjem\",\"item\":\"https:\/\/kunmedierne.dk\/mors\/\"},{\"@type\":\"ListItem\",\"position\":2,\"name\":\"&#8211; Jeg vil stadig fastholde min tvivl\"}]},{\"@type\":\"WebSite\",\"@id\":\"https:\/\/kunmedierne.dk\/mors\/#website\",\"url\":\"https:\/\/kunmedierne.dk\/mors\/\",\"name\":\"Mors\",\"description\":\"et netmedie med journalistik om livet p\u00e5 Mors\",\"publisher\":{\"@id\":\"https:\/\/kunmedierne.dk\/mors\/#organization\"},\"potentialAction\":[{\"@type\":\"SearchAction\",\"target\":{\"@type\":\"EntryPoint\",\"urlTemplate\":\"https:\/\/kunmedierne.dk\/mors\/?s={search_term_string}\"},\"query-input\":{\"@type\":\"PropertyValueSpecification\",\"valueRequired\":true,\"valueName\":\"search_term_string\"}}],\"inLanguage\":\"da-DK\"},{\"@type\":\"Organization\",\"@id\":\"https:\/\/kunmedierne.dk\/mors\/#organization\",\"name\":\"Mors\",\"url\":\"https:\/\/kunmedierne.dk\/mors\/\",\"logo\":{\"@type\":\"ImageObject\",\"inLanguage\":\"da-DK\",\"@id\":\"https:\/\/kunmedierne.dk\/mors\/#\/schema\/logo\/image\/\",\"url\":\"https:\/\/kunmedierne.dk\/mors\/wp-content\/uploads\/2024\/08\/kunmors-logo.svg\",\"contentUrl\":\"https:\/\/kunmedierne.dk\/mors\/wp-content\/uploads\/2024\/08\/kunmors-logo.svg\",\"caption\":\"Mors\"},\"image\":{\"@id\":\"https:\/\/kunmedierne.dk\/mors\/#\/schema\/logo\/image\/\"}},{\"@type\":\"Person\",\"@id\":\"https:\/\/kunmedierne.dk\/mors\/#\/schema\/person\/84c1391bce0b43b9bb3a49736bc0ad78\",\"name\":\"Debat\",\"image\":{\"@type\":\"ImageObject\",\"inLanguage\":\"da-DK\",\"@id\":\"https:\/\/kunmedierne.dk\/mors\/#\/schema\/person\/image\/\",\"url\":\"https:\/\/secure.gravatar.com\/avatar\/b0fb2e221d618f7c65162ab0d49c7e8a0b580c871ca03af90e42b47b4150654c?s=96&d=mm&r=g\",\"contentUrl\":\"https:\/\/secure.gravatar.com\/avatar\/b0fb2e221d618f7c65162ab0d49c7e8a0b580c871ca03af90e42b47b4150654c?s=96&d=mm&r=g\",\"caption\":\"Debat\"},\"url\":\"https:\/\/kunmedierne.dk\/mors\/author\/debat\/\"}]}<\/script>\n<!-- \/ Yoast SEO plugin. -->","yoast_head_json":{"title":"- Jeg vil stadig fastholde min tvivl - Mors","robots":{"index":"index","follow":"follow","max-snippet":"max-snippet:-1","max-image-preview":"max-image-preview:large","max-video-preview":"max-video-preview:-1"},"canonical":"https:\/\/kunmedierne.dk\/mors\/jeg-vil-stadig-fastholde-min-tvivl\/","og_locale":"da_DK","og_type":"article","og_title":"- Jeg vil stadig fastholde min tvivl - Mors","og_description":"Fra Jacob Thomsen, Nyk\u00f8bing, har vi modtaget: K\u00e6re Lauge Larsen Som jeg skrev i mit debatindl\u00e6g tirsdag, vil jeg lette p\u00e5 hatten, hvis det viser sig, at man realisere en \u00e5rlig besparelse p\u00e5 26 mio. -Fantastisk arbejde af regionsr\u00e5det! Men&#8230;.Jeg vil stadig fastholde min tvivl om, at regionen medregner alle faktuelle omkostninger i den kalkulation. [&hellip;]","og_url":"https:\/\/kunmedierne.dk\/mors\/jeg-vil-stadig-fastholde-min-tvivl\/","og_site_name":"Mors","article_published_time":"2021-02-11T04:38:02+00:00","article_modified_time":"2024-08-12T11:37:52+00:00","og_image":[{"width":770,"height":512,"url":"https:\/\/kunmedierne.dk\/mors\/wp-content\/uploads\/2020\/03\/ambulance2-foto-falck.jpg","type":"image\/jpeg"}],"author":"Debat","twitter_card":"summary_large_image","twitter_misc":{"Skrevet af":"Debat","Estimeret l\u00e6setid":"1 minut"},"schema":{"@context":"https:\/\/schema.org","@graph":[{"@type":"Article","@id":"https:\/\/kunmedierne.dk\/mors\/jeg-vil-stadig-fastholde-min-tvivl\/#article","isPartOf":{"@id":"https:\/\/kunmedierne.dk\/mors\/jeg-vil-stadig-fastholde-min-tvivl\/"},"author":{"name":"Debat","@id":"https:\/\/kunmedierne.dk\/mors\/#\/schema\/person\/84c1391bce0b43b9bb3a49736bc0ad78"},"headline":"&#8211; Jeg vil stadig fastholde min tvivl","datePublished":"2021-02-11T04:38:02+00:00","dateModified":"2024-08-12T11:37:52+00:00","mainEntityOfPage":{"@id":"https:\/\/kunmedierne.dk\/mors\/jeg-vil-stadig-fastholde-min-tvivl\/"},"wordCount":283,"commentCount":0,"publisher":{"@id":"https:\/\/kunmedierne.dk\/mors\/#organization"},"image":{"@id":"https:\/\/kunmedierne.dk\/mors\/jeg-vil-stadig-fastholde-min-tvivl\/#primaryimage"},"thumbnailUrl":"https:\/\/kunmedierne.dk\/mors\/wp-content\/uploads\/2020\/03\/ambulance2-foto-falck.jpg","keywords":["Politik"],"articleSection":["112","Debat"],"inLanguage":"da-DK","potentialAction":[{"@type":"CommentAction","name":"Comment","target":["https:\/\/kunmedierne.dk\/mors\/jeg-vil-stadig-fastholde-min-tvivl\/#respond"]}]},{"@type":"WebPage","@id":"https:\/\/kunmedierne.dk\/mors\/jeg-vil-stadig-fastholde-min-tvivl\/","url":"https:\/\/kunmedierne.dk\/mors\/jeg-vil-stadig-fastholde-min-tvivl\/","name":"- Jeg vil stadig fastholde min tvivl - Mors","isPartOf":{"@id":"https:\/\/kunmedierne.dk\/mors\/#website"},"primaryImageOfPage":{"@id":"https:\/\/kunmedierne.dk\/mors\/jeg-vil-stadig-fastholde-min-tvivl\/#primaryimage"},"image":{"@id":"https:\/\/kunmedierne.dk\/mors\/jeg-vil-stadig-fastholde-min-tvivl\/#primaryimage"},"thumbnailUrl":"https:\/\/kunmedierne.dk\/mors\/wp-content\/uploads\/2020\/03\/ambulance2-foto-falck.jpg","datePublished":"2021-02-11T04:38:02+00:00","dateModified":"2024-08-12T11:37:52+00:00","breadcrumb":{"@id":"https:\/\/kunmedierne.dk\/mors\/jeg-vil-stadig-fastholde-min-tvivl\/#breadcrumb"},"inLanguage":"da-DK","potentialAction":[{"@type":"ReadAction","target":["https:\/\/kunmedierne.dk\/mors\/jeg-vil-stadig-fastholde-min-tvivl\/"]}]},{"@type":"ImageObject","inLanguage":"da-DK","@id":"https:\/\/kunmedierne.dk\/mors\/jeg-vil-stadig-fastholde-min-tvivl\/#primaryimage","url":"https:\/\/kunmedierne.dk\/mors\/wp-content\/uploads\/2020\/03\/ambulance2-foto-falck.jpg","contentUrl":"https:\/\/kunmedierne.dk\/mors\/wp-content\/uploads\/2020\/03\/ambulance2-foto-falck.jpg","width":770,"height":512,"caption":"Modelfoto: Falck."},{"@type":"BreadcrumbList","@id":"https:\/\/kunmedierne.dk\/mors\/jeg-vil-stadig-fastholde-min-tvivl\/#breadcrumb","itemListElement":[{"@type":"ListItem","position":1,"name":"Hjem","item":"https:\/\/kunmedierne.dk\/mors\/"},{"@type":"ListItem","position":2,"name":"&#8211; Jeg vil stadig fastholde min tvivl"}]},{"@type":"WebSite","@id":"https:\/\/kunmedierne.dk\/mors\/#website","url":"https:\/\/kunmedierne.dk\/mors\/","name":"Mors","description":"et netmedie med journalistik om livet p\u00e5 Mors","publisher":{"@id":"https:\/\/kunmedierne.dk\/mors\/#organization"},"potentialAction":[{"@type":"SearchAction","target":{"@type":"EntryPoint","urlTemplate":"https:\/\/kunmedierne.dk\/mors\/?s={search_term_string}"},"query-input":{"@type":"PropertyValueSpecification","valueRequired":true,"valueName":"search_term_string"}}],"inLanguage":"da-DK"},{"@type":"Organization","@id":"https:\/\/kunmedierne.dk\/mors\/#organization","name":"Mors","url":"https:\/\/kunmedierne.dk\/mors\/","logo":{"@type":"ImageObject","inLanguage":"da-DK","@id":"https:\/\/kunmedierne.dk\/mors\/#\/schema\/logo\/image\/","url":"https:\/\/kunmedierne.dk\/mors\/wp-content\/uploads\/2024\/08\/kunmors-logo.svg","contentUrl":"https:\/\/kunmedierne.dk\/mors\/wp-content\/uploads\/2024\/08\/kunmors-logo.svg","caption":"Mors"},"image":{"@id":"https:\/\/kunmedierne.dk\/mors\/#\/schema\/logo\/image\/"}},{"@type":"Person","@id":"https:\/\/kunmedierne.dk\/mors\/#\/schema\/person\/84c1391bce0b43b9bb3a49736bc0ad78","name":"Debat","image":{"@type":"ImageObject","inLanguage":"da-DK","@id":"https:\/\/kunmedierne.dk\/mors\/#\/schema\/person\/image\/","url":"https:\/\/secure.gravatar.com\/avatar\/b0fb2e221d618f7c65162ab0d49c7e8a0b580c871ca03af90e42b47b4150654c?s=96&d=mm&r=g","contentUrl":"https:\/\/secure.gravatar.com\/avatar\/b0fb2e221d618f7c65162ab0d49c7e8a0b580c871ca03af90e42b47b4150654c?s=96&d=mm&r=g","caption":"Debat"},"url":"https:\/\/kunmedierne.dk\/mors\/author\/debat\/"}]}},"_links":{"self":[{"href":"https:\/\/kunmedierne.dk\/mors\/wp-json\/wp\/v2\/posts\/39758","targetHints":{"allow":["GET"]}}],"collection":[{"href":"https:\/\/kunmedierne.dk\/mors\/wp-json\/wp\/v2\/posts"}],"about":[{"href":"https:\/\/kunmedierne.dk\/mors\/wp-json\/wp\/v2\/types\/post"}],"author":[{"embeddable":true,"href":"https:\/\/kunmedierne.dk\/mors\/wp-json\/wp\/v2\/users\/11"}],"replies":[{"embeddable":true,"href":"https:\/\/kunmedierne.dk\/mors\/wp-json\/wp\/v2\/comments?post=39758"}],"version-history":[{"count":6,"href":"https:\/\/kunmedierne.dk\/mors\/wp-json\/wp\/v2\/posts\/39758\/revisions"}],"predecessor-version":[{"id":39777,"href":"https:\/\/kunmedierne.dk\/mors\/wp-json\/wp\/v2\/posts\/39758\/revisions\/39777"}],"wp:featuredmedia":[{"embeddable":true,"href":"https:\/\/kunmedierne.dk\/mors\/wp-json\/wp\/v2\/media\/15365"}],"wp:attachment":[{"href":"https:\/\/kunmedierne.dk\/mors\/wp-json\/wp\/v2\/media?parent=39758"}],"wp:term":[{"taxonomy":"category","embeddable":true,"href":"https:\/\/kunmedierne.dk\/mors\/wp-json\/wp\/v2\/categories?post=39758"},{"taxonomy":"post_tag","embeddable":true,"href":"https:\/\/kunmedierne.dk\/mors\/wp-json\/wp\/v2\/tags?post=39758"}],"curies":[{"name":"wp","href":"https:\/\/api.w.org\/{rel}","templated":true}]}}