{"id":39717,"date":"2021-02-09T22:33:29","date_gmt":"2021-02-09T21:33:29","guid":{"rendered":"https:\/\/kunmedierne.dk\/mors\/?p=39717"},"modified":"2024-08-12T13:37:52","modified_gmt":"2024-08-12T11:37:52","slug":"man-opfinder-et-problem-der-ikke-findes-i-virkeligheden","status":"publish","type":"post","link":"https:\/\/kunmedierne.dk\/mors\/man-opfinder-et-problem-der-ikke-findes-i-virkeligheden\/","title":{"rendered":"&#8211; Man opfinder et problem, der ikke findes i virkeligheden"},"content":{"rendered":"<p><em>Fra Meiner N\u00f8rgaard, 2. viceborgmester og medlem af kommunalbestyrelsen fra Dansk Folkeparti, har vi modtaget:<\/em><\/p>\n<hr \/>\n<p>Der har v\u00e6ret en del debat om emnet \u201cFlertal i Kommunalbestyrelsen\u201d. Det seneste l\u00e6serbrev fra de Konservatives Thomas Jensen, er lidt misvisende i forhold til virkeligheden. Med hj\u00e6lp fra bla. de Radikale fors\u00f8ges det at opfinde et problem, der ikke er tilstede i virkeligheden.<\/p>\n<p>Man fors\u00f8ger at f\u00e5 det til at fremst\u00e5 som om V-flertallet blot beslutter hvad der skal ske og vi andre bare drikker kaffe. Men s\u00e5dan er det ikke.<\/p>\n<p>Man kan selvf\u00f8lgelig v\u00e6re uenig i politikken der f\u00f8res, men den manglende forst\u00e5else for hvordan de politiske forhandlinger foreg\u00e5r og hvordan vi kommer frem til et beslutningsgrundlag, g\u00f8r at konklusionerne bliver forkerte. <a href=\"http:\/\/www.limfjordsteatret.dk\/#front\"><img loading=\"lazy\" decoding=\"async\" class=\"alignright size-full wp-image-35527\" src=\"https:\/\/kunmedierne.dk\/mors\/wp-content\/uploads\/2020\/11\/ho3.jpg\" alt=\"\" width=\"1400\" height=\"125\" srcset=\"https:\/\/kunmedierne.dk\/mors\/wp-content\/uploads\/2020\/11\/ho3.jpg 1400w, https:\/\/kunmedierne.dk\/mors\/wp-content\/uploads\/2020\/11\/ho3-300x27.jpg 300w, https:\/\/kunmedierne.dk\/mors\/wp-content\/uploads\/2020\/11\/ho3-1024x91.jpg 1024w, https:\/\/kunmedierne.dk\/mors\/wp-content\/uploads\/2020\/11\/ho3-768x69.jpg 768w, https:\/\/kunmedierne.dk\/mors\/wp-content\/uploads\/2020\/11\/ho3-600x54.jpg 600w\" sizes=\"auto, (max-width: 1400px) 100vw, 1400px\" \/><\/a><\/p>\n<p>Kommunalbestyrelsens sammens\u00e6tning, og dermed flertallet, er sammensat af befolkningen, s\u00e5 i ordets bogstavligste forstand m\u00e5 det v\u00e6re dem utilfredsheden rettes mod, i Dansk Folkeparti synes vi tv\u00e6rtimod, at vi har en fantastisk befolkning her p\u00e5 Mors.<\/p>\n<p>Der skrives at den manglende debat er et problem. Jeg er daglig i kontakt med morsingboer om b\u00e5de stort og sm\u00e5t. Rigtig mange af de sager vi behandler i Teknisk Udvalg er bundet op p\u00e5 dialog med frivillige foreninger, beboerforeninger, borgergrupper, erhvervsdrivende mm. Hvor har kritikerne v\u00e6ret i den offentlige debat siden sidste valg? Tja, jeg ved det ikke.<\/p>\n<p>Kan kun opfordre til at fokusere p\u00e5 de mange ting der sker p\u00e5 Mors, p\u00e5 de mange ting der er skabt, fremfor p\u00e5 et ikke eksisterende problem.<\/p>\n<p>Og jeg tror at Mors\u00f8 Kommune, borgerne p\u00e5 Mors og ikke mindst vores erhvervsliv i det lange l\u00f8b er bedst tjent med at Kommunalbestyrelsen finder varige og holdbare l\u00f8sninger p\u00e5 de udfordringer der opst\u00e5r, fremfor at vi sk\u00e6ndes for \u00e5ben sk\u00e6rm. <a href=\"https:\/\/www.fmspks.dk\/\"><img loading=\"lazy\" decoding=\"async\" class=\"alignright size-full wp-image-35528\" src=\"https:\/\/kunmedierne.dk\/mors\/wp-content\/uploads\/2020\/11\/ho4.jpg\" alt=\"\" width=\"1400\" height=\"125\" srcset=\"https:\/\/kunmedierne.dk\/mors\/wp-content\/uploads\/2020\/11\/ho4.jpg 1400w, https:\/\/kunmedierne.dk\/mors\/wp-content\/uploads\/2020\/11\/ho4-300x27.jpg 300w, https:\/\/kunmedierne.dk\/mors\/wp-content\/uploads\/2020\/11\/ho4-1024x91.jpg 1024w, https:\/\/kunmedierne.dk\/mors\/wp-content\/uploads\/2020\/11\/ho4-768x69.jpg 768w, https:\/\/kunmedierne.dk\/mors\/wp-content\/uploads\/2020\/11\/ho4-600x54.jpg 600w\" sizes=\"auto, (max-width: 1400px) 100vw, 1400px\" \/><\/a><\/p>\n<p>S\u00e5 selvom der er V-flertal, har de politiske partier der \u00f8nsker det, mulighed for indflydelse, og det benytter vi os af i Dansk Folkeparti. Det kaldes samarbejde og det er vi en stor tilh\u00e6nger af i DF. Vi \u00f8nsker at medvirke til beslutninger der er til gavn for morsingboerne.<\/p>\n<p>Det kan godt v\u00e6re at andre partier har samme \u00f8nsker som DF, men til de rigtig mange politiske forhandlinger der p\u00e5g\u00e5r i en valgperiode st\u00e5r der altid \u00f8verst p\u00e5 vores forhandlingsblok at vi skal undg\u00e5 forringelser p\u00e5 dagpasnings-, skole- og \u00e6ldreomr\u00e5det, at vi skal sikre det vi i DF kalder \u201cV\u00e6rdighed hele livet\u201d, at udviklingstiltagene skal ske rundt omkring p\u00e5 hele Mors, at vi skal samarbejde med de frivillige foreninger og lokalbefolkningen om at finde de rigtige l\u00f8sninger, at vi skal huske at udvise erhvervsvenlighed. Og at man skal huske at bruge sin sunde fornuft, ogs\u00e5 i politik.<\/p>\n<p>Og Dansk Folkeparti vil da gerne opfordre til at de borgerlige partier p\u00e5 Mors, der reelt vil p\u00e5tage sig et ansvar, indg\u00e5r i et f\u00e6lles valgteknisk samarbejde(valgforbund) til Kommunalvalget d. 16. november, for at undg\u00e5 stemmespild p\u00e5 den borgerlige side. <a href=\"https:\/\/morsoe-begravelsesforretning.dk\/\"><img loading=\"lazy\" decoding=\"async\" class=\"alignright size-full wp-image-35519\" src=\"https:\/\/kunmedierne.dk\/mors\/wp-content\/uploads\/2020\/11\/ho5.jpg\" alt=\"\" width=\"1425\" height=\"127\" srcset=\"https:\/\/kunmedierne.dk\/mors\/wp-content\/uploads\/2020\/11\/ho5.jpg 1425w, https:\/\/kunmedierne.dk\/mors\/wp-content\/uploads\/2020\/11\/ho5-300x27.jpg 300w, https:\/\/kunmedierne.dk\/mors\/wp-content\/uploads\/2020\/11\/ho5-1024x91.jpg 1024w, https:\/\/kunmedierne.dk\/mors\/wp-content\/uploads\/2020\/11\/ho5-768x68.jpg 768w, https:\/\/kunmedierne.dk\/mors\/wp-content\/uploads\/2020\/11\/ho5-600x53.jpg 600w\" sizes=\"auto, (max-width: 1425px) 100vw, 1425px\" \/><\/a><\/p>\n<p>Og lad mig lige sl\u00e5 fast at Dansk Folkeparti \u00f8nsker at bevare det borgerlige flertal p\u00e5 Mors. Der er rettet op p\u00e5 \u00f8konomien siden overtagelsen fra det socialdemokratiske styre. Der f\u00f8res en \u00f8konomisk politik der g\u00f8r det muligt at opretholde velf\u00e6rden, samtidig med at der er plads til den n\u00f8dvendige udvikling af alle omr\u00e5der p\u00e5 Mors med nye tiltag, til gavn for os alle, s\u00e5ledes at Mors fremst\u00e5r st\u00e6rk og klar til de fremtidige udfordringer.<\/p>\n<blockquote><p>F\u00f8lg vores serie om kandidater til kommunalvalget i 2021. Seneste afsnit er\u00a0<a href=\"https:\/\/kunmedierne.dk\/mors\/konservative-vil-bryde-venstres-flertal\/\" target=\"_blank\" rel=\"noopener noreferrer\">her<\/a>.<\/p><\/blockquote>\n<hr \/>\n<p><em>Har du et bidrag til den lokale debat? Send det til os p\u00e5 e-mail: debat@kunmedierne.dk\/mors. Husk at l\u00e6se korrektur inden afsendelse p\u00e5 indl\u00e6gget.<\/em><\/p>\n","protected":false},"excerpt":{"rendered":"<p>Fra Meiner N\u00f8rgaard, 2. viceborgmester og medlem af kommunalbestyrelsen fra Dansk Folkeparti, har vi modtaget: Der har v\u00e6ret en del debat om emnet \u201cFlertal i Kommunalbestyrelsen\u201d. Det seneste l\u00e6serbrev fra de Konservatives Thomas Jensen, er lidt misvisende i forhold til virkeligheden. Med hj\u00e6lp fra bla. de Radikale fors\u00f8ges det at opfinde et problem, der ikke [&hellip;]<\/p>\n","protected":false},"author":11,"featured_media":17024,"comment_status":"open","ping_status":"open","sticky":false,"template":"","format":"standard","meta":{"_acf_changed":false,"footnotes":""},"categories":[56],"tags":[167],"class_list":["post-39717","post","type-post","status-publish","format-standard","has-post-thumbnail","hentry","category-debat","tag-politik"],"acf":[],"yoast_head":"<!-- This site is optimized with the Yoast SEO plugin v26.8 - https:\/\/yoast.com\/product\/yoast-seo-wordpress\/ -->\n<title>- Man opfinder et problem, der ikke findes i virkeligheden - Mors<\/title>\n<meta name=\"robots\" content=\"index, follow, max-snippet:-1, max-image-preview:large, max-video-preview:-1\" \/>\n<link rel=\"canonical\" href=\"https:\/\/kunmedierne.dk\/mors\/man-opfinder-et-problem-der-ikke-findes-i-virkeligheden\/\" \/>\n<meta property=\"og:locale\" content=\"da_DK\" \/>\n<meta property=\"og:type\" content=\"article\" \/>\n<meta property=\"og:title\" content=\"- Man opfinder et problem, der ikke findes i virkeligheden - Mors\" \/>\n<meta property=\"og:description\" content=\"Fra Meiner N\u00f8rgaard, 2. viceborgmester og medlem af kommunalbestyrelsen fra Dansk Folkeparti, har vi modtaget: Der har v\u00e6ret en del debat om emnet \u201cFlertal i Kommunalbestyrelsen\u201d. Det seneste l\u00e6serbrev fra de Konservatives Thomas Jensen, er lidt misvisende i forhold til virkeligheden. Med hj\u00e6lp fra bla. de Radikale fors\u00f8ges det at opfinde et problem, der ikke [&hellip;]\" \/>\n<meta property=\"og:url\" content=\"https:\/\/kunmedierne.dk\/mors\/man-opfinder-et-problem-der-ikke-findes-i-virkeligheden\/\" \/>\n<meta property=\"og:site_name\" content=\"Mors\" \/>\n<meta property=\"article:published_time\" content=\"2021-02-09T21:33:29+00:00\" \/>\n<meta property=\"article:modified_time\" content=\"2024-08-12T11:37:52+00:00\" \/>\n<meta property=\"og:image\" content=\"https:\/\/kunmedierne.dk\/mors\/wp-content\/uploads\/2020\/04\/200407-meiner-n\u00f8rgaard.jpg\" \/>\n\t<meta property=\"og:image:width\" content=\"770\" \/>\n\t<meta property=\"og:image:height\" content=\"513\" \/>\n\t<meta property=\"og:image:type\" content=\"image\/jpeg\" \/>\n<meta name=\"author\" content=\"Debat\" \/>\n<meta name=\"twitter:card\" content=\"summary_large_image\" \/>\n<meta name=\"twitter:label1\" content=\"Skrevet af\" \/>\n\t<meta name=\"twitter:data1\" content=\"Debat\" \/>\n\t<meta name=\"twitter:label2\" content=\"Estimeret l\u00e6setid\" \/>\n\t<meta name=\"twitter:data2\" content=\"3 minutter\" \/>\n<script type=\"application\/ld+json\" class=\"yoast-schema-graph\">{\"@context\":\"https:\/\/schema.org\",\"@graph\":[{\"@type\":\"Article\",\"@id\":\"https:\/\/kunmedierne.dk\/mors\/man-opfinder-et-problem-der-ikke-findes-i-virkeligheden\/#article\",\"isPartOf\":{\"@id\":\"https:\/\/kunmedierne.dk\/mors\/man-opfinder-et-problem-der-ikke-findes-i-virkeligheden\/\"},\"author\":{\"name\":\"Debat\",\"@id\":\"https:\/\/kunmedierne.dk\/mors\/#\/schema\/person\/84c1391bce0b43b9bb3a49736bc0ad78\"},\"headline\":\"&#8211; Man opfinder et problem, der ikke findes i virkeligheden\",\"datePublished\":\"2021-02-09T21:33:29+00:00\",\"dateModified\":\"2024-08-12T11:37:52+00:00\",\"mainEntityOfPage\":{\"@id\":\"https:\/\/kunmedierne.dk\/mors\/man-opfinder-et-problem-der-ikke-findes-i-virkeligheden\/\"},\"wordCount\":636,\"commentCount\":0,\"publisher\":{\"@id\":\"https:\/\/kunmedierne.dk\/mors\/#organization\"},\"image\":{\"@id\":\"https:\/\/kunmedierne.dk\/mors\/man-opfinder-et-problem-der-ikke-findes-i-virkeligheden\/#primaryimage\"},\"thumbnailUrl\":\"https:\/\/kunmedierne.dk\/mors\/wp-content\/uploads\/2020\/04\/200407-meiner-n\u00f8rgaard.jpg\",\"keywords\":[\"Politik\"],\"articleSection\":[\"Debat\"],\"inLanguage\":\"da-DK\",\"potentialAction\":[{\"@type\":\"CommentAction\",\"name\":\"Comment\",\"target\":[\"https:\/\/kunmedierne.dk\/mors\/man-opfinder-et-problem-der-ikke-findes-i-virkeligheden\/#respond\"]}]},{\"@type\":\"WebPage\",\"@id\":\"https:\/\/kunmedierne.dk\/mors\/man-opfinder-et-problem-der-ikke-findes-i-virkeligheden\/\",\"url\":\"https:\/\/kunmedierne.dk\/mors\/man-opfinder-et-problem-der-ikke-findes-i-virkeligheden\/\",\"name\":\"- Man opfinder et problem, der ikke findes i virkeligheden - Mors\",\"isPartOf\":{\"@id\":\"https:\/\/kunmedierne.dk\/mors\/#website\"},\"primaryImageOfPage\":{\"@id\":\"https:\/\/kunmedierne.dk\/mors\/man-opfinder-et-problem-der-ikke-findes-i-virkeligheden\/#primaryimage\"},\"image\":{\"@id\":\"https:\/\/kunmedierne.dk\/mors\/man-opfinder-et-problem-der-ikke-findes-i-virkeligheden\/#primaryimage\"},\"thumbnailUrl\":\"https:\/\/kunmedierne.dk\/mors\/wp-content\/uploads\/2020\/04\/200407-meiner-n\u00f8rgaard.jpg\",\"datePublished\":\"2021-02-09T21:33:29+00:00\",\"dateModified\":\"2024-08-12T11:37:52+00:00\",\"breadcrumb\":{\"@id\":\"https:\/\/kunmedierne.dk\/mors\/man-opfinder-et-problem-der-ikke-findes-i-virkeligheden\/#breadcrumb\"},\"inLanguage\":\"da-DK\",\"potentialAction\":[{\"@type\":\"ReadAction\",\"target\":[\"https:\/\/kunmedierne.dk\/mors\/man-opfinder-et-problem-der-ikke-findes-i-virkeligheden\/\"]}]},{\"@type\":\"ImageObject\",\"inLanguage\":\"da-DK\",\"@id\":\"https:\/\/kunmedierne.dk\/mors\/man-opfinder-et-problem-der-ikke-findes-i-virkeligheden\/#primaryimage\",\"url\":\"https:\/\/kunmedierne.dk\/mors\/wp-content\/uploads\/2020\/04\/200407-meiner-n\u00f8rgaard.jpg\",\"contentUrl\":\"https:\/\/kunmedierne.dk\/mors\/wp-content\/uploads\/2020\/04\/200407-meiner-n\u00f8rgaard.jpg\",\"width\":770,\"height\":513,\"caption\":\"Meiner N\u00f8rgaard (DF). Foto: Per Bech\/Mors\u00f8 Kommune.\"},{\"@type\":\"BreadcrumbList\",\"@id\":\"https:\/\/kunmedierne.dk\/mors\/man-opfinder-et-problem-der-ikke-findes-i-virkeligheden\/#breadcrumb\",\"itemListElement\":[{\"@type\":\"ListItem\",\"position\":1,\"name\":\"Hjem\",\"item\":\"https:\/\/kunmedierne.dk\/mors\/\"},{\"@type\":\"ListItem\",\"position\":2,\"name\":\"&#8211; Man opfinder et problem, der ikke findes i virkeligheden\"}]},{\"@type\":\"WebSite\",\"@id\":\"https:\/\/kunmedierne.dk\/mors\/#website\",\"url\":\"https:\/\/kunmedierne.dk\/mors\/\",\"name\":\"Mors\",\"description\":\"et netmedie med journalistik om livet p\u00e5 Mors\",\"publisher\":{\"@id\":\"https:\/\/kunmedierne.dk\/mors\/#organization\"},\"potentialAction\":[{\"@type\":\"SearchAction\",\"target\":{\"@type\":\"EntryPoint\",\"urlTemplate\":\"https:\/\/kunmedierne.dk\/mors\/?s={search_term_string}\"},\"query-input\":{\"@type\":\"PropertyValueSpecification\",\"valueRequired\":true,\"valueName\":\"search_term_string\"}}],\"inLanguage\":\"da-DK\"},{\"@type\":\"Organization\",\"@id\":\"https:\/\/kunmedierne.dk\/mors\/#organization\",\"name\":\"Mors\",\"url\":\"https:\/\/kunmedierne.dk\/mors\/\",\"logo\":{\"@type\":\"ImageObject\",\"inLanguage\":\"da-DK\",\"@id\":\"https:\/\/kunmedierne.dk\/mors\/#\/schema\/logo\/image\/\",\"url\":\"https:\/\/kunmedierne.dk\/mors\/wp-content\/uploads\/2024\/08\/kunmors-logo.svg\",\"contentUrl\":\"https:\/\/kunmedierne.dk\/mors\/wp-content\/uploads\/2024\/08\/kunmors-logo.svg\",\"caption\":\"Mors\"},\"image\":{\"@id\":\"https:\/\/kunmedierne.dk\/mors\/#\/schema\/logo\/image\/\"}},{\"@type\":\"Person\",\"@id\":\"https:\/\/kunmedierne.dk\/mors\/#\/schema\/person\/84c1391bce0b43b9bb3a49736bc0ad78\",\"name\":\"Debat\",\"image\":{\"@type\":\"ImageObject\",\"inLanguage\":\"da-DK\",\"@id\":\"https:\/\/kunmedierne.dk\/mors\/#\/schema\/person\/image\/\",\"url\":\"https:\/\/secure.gravatar.com\/avatar\/b0fb2e221d618f7c65162ab0d49c7e8a0b580c871ca03af90e42b47b4150654c?s=96&d=mm&r=g\",\"contentUrl\":\"https:\/\/secure.gravatar.com\/avatar\/b0fb2e221d618f7c65162ab0d49c7e8a0b580c871ca03af90e42b47b4150654c?s=96&d=mm&r=g\",\"caption\":\"Debat\"},\"url\":\"https:\/\/kunmedierne.dk\/mors\/author\/debat\/\"}]}<\/script>\n<!-- \/ Yoast SEO plugin. -->","yoast_head_json":{"title":"- Man opfinder et problem, der ikke findes i virkeligheden - Mors","robots":{"index":"index","follow":"follow","max-snippet":"max-snippet:-1","max-image-preview":"max-image-preview:large","max-video-preview":"max-video-preview:-1"},"canonical":"https:\/\/kunmedierne.dk\/mors\/man-opfinder-et-problem-der-ikke-findes-i-virkeligheden\/","og_locale":"da_DK","og_type":"article","og_title":"- Man opfinder et problem, der ikke findes i virkeligheden - Mors","og_description":"Fra Meiner N\u00f8rgaard, 2. viceborgmester og medlem af kommunalbestyrelsen fra Dansk Folkeparti, har vi modtaget: Der har v\u00e6ret en del debat om emnet \u201cFlertal i Kommunalbestyrelsen\u201d. Det seneste l\u00e6serbrev fra de Konservatives Thomas Jensen, er lidt misvisende i forhold til virkeligheden. Med hj\u00e6lp fra bla. de Radikale fors\u00f8ges det at opfinde et problem, der ikke [&hellip;]","og_url":"https:\/\/kunmedierne.dk\/mors\/man-opfinder-et-problem-der-ikke-findes-i-virkeligheden\/","og_site_name":"Mors","article_published_time":"2021-02-09T21:33:29+00:00","article_modified_time":"2024-08-12T11:37:52+00:00","og_image":[{"width":770,"height":513,"url":"https:\/\/kunmedierne.dk\/mors\/wp-content\/uploads\/2020\/04\/200407-meiner-n\u00f8rgaard.jpg","type":"image\/jpeg"}],"author":"Debat","twitter_card":"summary_large_image","twitter_misc":{"Skrevet af":"Debat","Estimeret l\u00e6setid":"3 minutter"},"schema":{"@context":"https:\/\/schema.org","@graph":[{"@type":"Article","@id":"https:\/\/kunmedierne.dk\/mors\/man-opfinder-et-problem-der-ikke-findes-i-virkeligheden\/#article","isPartOf":{"@id":"https:\/\/kunmedierne.dk\/mors\/man-opfinder-et-problem-der-ikke-findes-i-virkeligheden\/"},"author":{"name":"Debat","@id":"https:\/\/kunmedierne.dk\/mors\/#\/schema\/person\/84c1391bce0b43b9bb3a49736bc0ad78"},"headline":"&#8211; Man opfinder et problem, der ikke findes i virkeligheden","datePublished":"2021-02-09T21:33:29+00:00","dateModified":"2024-08-12T11:37:52+00:00","mainEntityOfPage":{"@id":"https:\/\/kunmedierne.dk\/mors\/man-opfinder-et-problem-der-ikke-findes-i-virkeligheden\/"},"wordCount":636,"commentCount":0,"publisher":{"@id":"https:\/\/kunmedierne.dk\/mors\/#organization"},"image":{"@id":"https:\/\/kunmedierne.dk\/mors\/man-opfinder-et-problem-der-ikke-findes-i-virkeligheden\/#primaryimage"},"thumbnailUrl":"https:\/\/kunmedierne.dk\/mors\/wp-content\/uploads\/2020\/04\/200407-meiner-n\u00f8rgaard.jpg","keywords":["Politik"],"articleSection":["Debat"],"inLanguage":"da-DK","potentialAction":[{"@type":"CommentAction","name":"Comment","target":["https:\/\/kunmedierne.dk\/mors\/man-opfinder-et-problem-der-ikke-findes-i-virkeligheden\/#respond"]}]},{"@type":"WebPage","@id":"https:\/\/kunmedierne.dk\/mors\/man-opfinder-et-problem-der-ikke-findes-i-virkeligheden\/","url":"https:\/\/kunmedierne.dk\/mors\/man-opfinder-et-problem-der-ikke-findes-i-virkeligheden\/","name":"- Man opfinder et problem, der ikke findes i virkeligheden - Mors","isPartOf":{"@id":"https:\/\/kunmedierne.dk\/mors\/#website"},"primaryImageOfPage":{"@id":"https:\/\/kunmedierne.dk\/mors\/man-opfinder-et-problem-der-ikke-findes-i-virkeligheden\/#primaryimage"},"image":{"@id":"https:\/\/kunmedierne.dk\/mors\/man-opfinder-et-problem-der-ikke-findes-i-virkeligheden\/#primaryimage"},"thumbnailUrl":"https:\/\/kunmedierne.dk\/mors\/wp-content\/uploads\/2020\/04\/200407-meiner-n\u00f8rgaard.jpg","datePublished":"2021-02-09T21:33:29+00:00","dateModified":"2024-08-12T11:37:52+00:00","breadcrumb":{"@id":"https:\/\/kunmedierne.dk\/mors\/man-opfinder-et-problem-der-ikke-findes-i-virkeligheden\/#breadcrumb"},"inLanguage":"da-DK","potentialAction":[{"@type":"ReadAction","target":["https:\/\/kunmedierne.dk\/mors\/man-opfinder-et-problem-der-ikke-findes-i-virkeligheden\/"]}]},{"@type":"ImageObject","inLanguage":"da-DK","@id":"https:\/\/kunmedierne.dk\/mors\/man-opfinder-et-problem-der-ikke-findes-i-virkeligheden\/#primaryimage","url":"https:\/\/kunmedierne.dk\/mors\/wp-content\/uploads\/2020\/04\/200407-meiner-n\u00f8rgaard.jpg","contentUrl":"https:\/\/kunmedierne.dk\/mors\/wp-content\/uploads\/2020\/04\/200407-meiner-n\u00f8rgaard.jpg","width":770,"height":513,"caption":"Meiner N\u00f8rgaard (DF). Foto: Per Bech\/Mors\u00f8 Kommune."},{"@type":"BreadcrumbList","@id":"https:\/\/kunmedierne.dk\/mors\/man-opfinder-et-problem-der-ikke-findes-i-virkeligheden\/#breadcrumb","itemListElement":[{"@type":"ListItem","position":1,"name":"Hjem","item":"https:\/\/kunmedierne.dk\/mors\/"},{"@type":"ListItem","position":2,"name":"&#8211; Man opfinder et problem, der ikke findes i virkeligheden"}]},{"@type":"WebSite","@id":"https:\/\/kunmedierne.dk\/mors\/#website","url":"https:\/\/kunmedierne.dk\/mors\/","name":"Mors","description":"et netmedie med journalistik om livet p\u00e5 Mors","publisher":{"@id":"https:\/\/kunmedierne.dk\/mors\/#organization"},"potentialAction":[{"@type":"SearchAction","target":{"@type":"EntryPoint","urlTemplate":"https:\/\/kunmedierne.dk\/mors\/?s={search_term_string}"},"query-input":{"@type":"PropertyValueSpecification","valueRequired":true,"valueName":"search_term_string"}}],"inLanguage":"da-DK"},{"@type":"Organization","@id":"https:\/\/kunmedierne.dk\/mors\/#organization","name":"Mors","url":"https:\/\/kunmedierne.dk\/mors\/","logo":{"@type":"ImageObject","inLanguage":"da-DK","@id":"https:\/\/kunmedierne.dk\/mors\/#\/schema\/logo\/image\/","url":"https:\/\/kunmedierne.dk\/mors\/wp-content\/uploads\/2024\/08\/kunmors-logo.svg","contentUrl":"https:\/\/kunmedierne.dk\/mors\/wp-content\/uploads\/2024\/08\/kunmors-logo.svg","caption":"Mors"},"image":{"@id":"https:\/\/kunmedierne.dk\/mors\/#\/schema\/logo\/image\/"}},{"@type":"Person","@id":"https:\/\/kunmedierne.dk\/mors\/#\/schema\/person\/84c1391bce0b43b9bb3a49736bc0ad78","name":"Debat","image":{"@type":"ImageObject","inLanguage":"da-DK","@id":"https:\/\/kunmedierne.dk\/mors\/#\/schema\/person\/image\/","url":"https:\/\/secure.gravatar.com\/avatar\/b0fb2e221d618f7c65162ab0d49c7e8a0b580c871ca03af90e42b47b4150654c?s=96&d=mm&r=g","contentUrl":"https:\/\/secure.gravatar.com\/avatar\/b0fb2e221d618f7c65162ab0d49c7e8a0b580c871ca03af90e42b47b4150654c?s=96&d=mm&r=g","caption":"Debat"},"url":"https:\/\/kunmedierne.dk\/mors\/author\/debat\/"}]}},"_links":{"self":[{"href":"https:\/\/kunmedierne.dk\/mors\/wp-json\/wp\/v2\/posts\/39717","targetHints":{"allow":["GET"]}}],"collection":[{"href":"https:\/\/kunmedierne.dk\/mors\/wp-json\/wp\/v2\/posts"}],"about":[{"href":"https:\/\/kunmedierne.dk\/mors\/wp-json\/wp\/v2\/types\/post"}],"author":[{"embeddable":true,"href":"https:\/\/kunmedierne.dk\/mors\/wp-json\/wp\/v2\/users\/11"}],"replies":[{"embeddable":true,"href":"https:\/\/kunmedierne.dk\/mors\/wp-json\/wp\/v2\/comments?post=39717"}],"version-history":[{"count":2,"href":"https:\/\/kunmedierne.dk\/mors\/wp-json\/wp\/v2\/posts\/39717\/revisions"}],"predecessor-version":[{"id":39720,"href":"https:\/\/kunmedierne.dk\/mors\/wp-json\/wp\/v2\/posts\/39717\/revisions\/39720"}],"wp:featuredmedia":[{"embeddable":true,"href":"https:\/\/kunmedierne.dk\/mors\/wp-json\/wp\/v2\/media\/17024"}],"wp:attachment":[{"href":"https:\/\/kunmedierne.dk\/mors\/wp-json\/wp\/v2\/media?parent=39717"}],"wp:term":[{"taxonomy":"category","embeddable":true,"href":"https:\/\/kunmedierne.dk\/mors\/wp-json\/wp\/v2\/categories?post=39717"},{"taxonomy":"post_tag","embeddable":true,"href":"https:\/\/kunmedierne.dk\/mors\/wp-json\/wp\/v2\/tags?post=39717"}],"curies":[{"name":"wp","href":"https:\/\/api.w.org\/{rel}","templated":true}]}}