{"id":39242,"date":"2021-02-03T05:36:49","date_gmt":"2021-02-03T04:36:49","guid":{"rendered":"https:\/\/kunmedierne.dk\/mors\/?p=39242"},"modified":"2024-08-12T13:37:54","modified_gmt":"2024-08-12T11:37:54","slug":"tilbage-til-efterskolen","status":"publish","type":"post","link":"https:\/\/kunmedierne.dk\/mors\/tilbage-til-efterskolen\/","title":{"rendered":"Tilbage til efterskolen!"},"content":{"rendered":"<p>&#8220;Kan du huske dengang?\u201d Jeg tror, vi alle kender til f\u00f8lelsen af at huske tilbage p\u00e5 fortiden. Udover at redde os ud af akavede samtaler, kan fortiden definere os som mennesker. Af fortiden s\u00e6tter vi fremtiden. Hvert skridt vi g\u00e5r fremad, vil for evigt l\u00e6gge afstand til vores fortid, men som mennesker er vi bare n\u00f8dt til at acceptere, at vi lever p\u00e5 ubestemt tid.<\/p>\n<p>Her for et par dage siden, blev restriktionerne for covid-19 udskudt to uger mere. Mange mennesker vil nok sige, at to uger ikke er s\u00e5 lang tid v\u00e6k igen, men jeg vil gerne have lov til at pointere for 30.000 unge mennesker i Danmark, at to uger er rigtig lang tid. Det er lang tid for efterskoleelever, der hele \u00e5ret g\u00e5r og t\u00e6ller uger, og i forvejen bekymrer sig om hastigheden de smuldrer v\u00e6k p\u00e5. At se to uger frem og vide, at de er v\u00e6k p\u00e5 forh\u00e5nd, er bestemt ikke det man \u00f8nsker. Det v\u00e6rste ved det hele er, at ingen af os ved, hvorn\u00e5r vi helt pr\u00e6cis kan komme tilbage. <a href=\"https:\/\/www.sparnord.dk\/filialer\/nykoebing-mors\/\"><img loading=\"lazy\" decoding=\"async\" class=\"alignright size-full wp-image-35699\" src=\"https:\/\/kunmedierne.dk\/mors\/wp-content\/uploads\/2020\/11\/ho6.jpg\" alt=\"\" width=\"1400\" height=\"123\" srcset=\"https:\/\/kunmedierne.dk\/mors\/wp-content\/uploads\/2020\/11\/ho6.jpg 1400w, https:\/\/kunmedierne.dk\/mors\/wp-content\/uploads\/2020\/11\/ho6-300x26.jpg 300w, https:\/\/kunmedierne.dk\/mors\/wp-content\/uploads\/2020\/11\/ho6-1024x90.jpg 1024w, https:\/\/kunmedierne.dk\/mors\/wp-content\/uploads\/2020\/11\/ho6-768x67.jpg 768w, https:\/\/kunmedierne.dk\/mors\/wp-content\/uploads\/2020\/11\/ho6-600x53.jpg 600w\" sizes=\"auto, (max-width: 1400px) 100vw, 1400px\" \/><\/a><\/p>\n<p>\u201cCovid-19\u201d s\u00e5dan startede det kapitel, som formentlig aldrig slutter. N\u00e5r f\u00f8rst kapitlet er l\u00e6st, vil det for altid sidde fast i vores hukommelse. Selvom vi nok alle \u00f8nsker, at lade dette kapitel g\u00e5 i forglemmelsen, s\u00e5 ligger det s\u00e5 \u00e5benlyst klart for os alle sammen, at noget s\u00e5 stort aldrig vil kunne glemmes.<\/p>\n<p>Efterskole er det der for mig fylder mest, og giver mig energi og lyst til at bev\u00e6ge mig fremad. Efterskolen giver mig lov til, at leve mig ind i min egen lille verden, og giver mig mulighed for at glemme covid-19; bare et lille \u00f8jeblik. M\u00e5ske man kan sige, at jeg p\u00e5 efterskolen f\u00e5r lov at dr\u00f8mme mig v\u00e6k, men uanset hvad vil man jo altid blive kaldt tilbage til virkeligheden.<\/p>\n<p>Det lille \u00f8jeblik er det, jeg \u00f8nsker mig allermest! Man er kun ung en gang, og man har kun \u201cet\u201d liv. Er det meningen at jeg skal bruge resten af min ungdom, m\u00e5ske resten af mit liv p\u00e5 at t\u00e6nke over min kontakt til andre mennesker, for som jeg skrev i starten, \u201ccovid-19 vil for altid v\u00e6re i hukommelsen\u201d. Jeg ved godt, at tingene er anderledes end jeg beskriver dem, men tiden der l\u00f8ber fra mig og min efterskole \u00e5rgang g\u00e5r hurtigt.<\/p>\n<p>Det der tager, giver os senere hen. Hvis ikke dette er tilf\u00e6ldet, kan det g\u00e5 hen og blive det vi idag kalder for uretf\u00e6rdigt! Uretf\u00e6rdighed s\u00e6tter livets v\u00e6rdier i perspektiv, og m\u00e5ske man opdager i dette \u00f8jeblik, at livets v\u00e6rdier er noget helt andet end f\u00f8rst t\u00e6nkt. Jeg ved godt, at mange andre har en situation, de sikkert mener, er lige s\u00e5 uretf\u00e6rdig som vi efterskoleelevers, men forskellen er bare tiden. Jeg kan ikke pointere det mange gange nok, at vi har et ur, der siger \u201dtik tak\u201d bag os hele tiden. <a href=\"https:\/\/www.braendselsforeningen.dk\/\"><img loading=\"lazy\" decoding=\"async\" class=\"alignright size-full wp-image-36029\" src=\"https:\/\/kunmedierne.dk\/mors\/wp-content\/uploads\/2020\/11\/Br\u00e6ndselsforeningen.jpg\" alt=\"\" width=\"1425\" height=\"127\" srcset=\"https:\/\/kunmedierne.dk\/mors\/wp-content\/uploads\/2020\/11\/Br\u00e6ndselsforeningen.jpg 1425w, https:\/\/kunmedierne.dk\/mors\/wp-content\/uploads\/2020\/11\/Br\u00e6ndselsforeningen-300x27.jpg 300w, https:\/\/kunmedierne.dk\/mors\/wp-content\/uploads\/2020\/11\/Br\u00e6ndselsforeningen-1024x91.jpg 1024w, https:\/\/kunmedierne.dk\/mors\/wp-content\/uploads\/2020\/11\/Br\u00e6ndselsforeningen-768x68.jpg 768w, https:\/\/kunmedierne.dk\/mors\/wp-content\/uploads\/2020\/11\/Br\u00e6ndselsforeningen-600x53.jpg 600w\" sizes=\"auto, (max-width: 1425px) 100vw, 1425px\" \/><\/a><\/p>\n<p>Jeg ved, og alle andre efterskoleelever ved, at dette er en sv\u00e6r tid for alle. Covid-19 p\u00e5virker alle, men som efterskoleelev er det sv\u00e6rt ikke at blive en lille smule egoistisk i denne tid. De fleste af os har kun ET efterskole\u00e5r, og f\u00e6llesskab det f\u00e5r man alts\u00e5 ikke over internettet. Vi kan snakke lige s\u00e5 meget vi vil over teams, google meet osv., men det vil p\u00e5 ingen m\u00e5de give os en rigtig f\u00f8lelse af efterskolen.<\/p>\n<p>Jeg savner alle mine venner, mine fantastiske l\u00e6rere, mit v\u00e6relse, min undervisning. Ja, jeg savner det, jeg vil kalde for mit andet hjem, og min anden familie. Det kan v\u00e6re sv\u00e6rt at s\u00e6tte ord p\u00e5 hvad efterskolen betyder, men kort sagt er ordet jeg leder efter nok udvikling. At sidde hjemme p\u00e5 en stol og kigge sine billeder igennem fra efterskolen, skaber hverken nye minder eller venskaber. Det s\u00e6tter vores \u00e5r p\u00e5 pause, og fjerner os fra vores store familie.<\/p>\n<p>Uden at s\u00e6tte vores situation i sammenh\u00e6ng med andres, s\u00e5 synes jeg, at vi har ret til at komme tilbage til vores familie. For denne familie, er kun til l\u00e5ns i et \u00e5r. Jeg tror p\u00e5, at vi alle er klar til at komme tilbage, og at vi er klar p\u00e5, at acceptere de restriktioner der nu engang vil f\u00f8lge med.<\/p>\n<p>Jeg h\u00e5ber, dette har sat mit og mange andre efterskoleelevers efterskoleliv i perspektiv, og jeg h\u00e5ber, at vores situation vil blive debatteret. For vi er g\u00e5et i st\u00e5, mens uret bev\u00e6ger sig hurtigere og hurtigere fremad. <a href=\"https:\/\/morsoe-begravelsesforretning.dk\/\"><img loading=\"lazy\" decoding=\"async\" class=\"alignright size-full wp-image-35519\" src=\"https:\/\/kunmedierne.dk\/mors\/wp-content\/uploads\/2020\/11\/ho5.jpg\" alt=\"\" width=\"1425\" height=\"127\" srcset=\"https:\/\/kunmedierne.dk\/mors\/wp-content\/uploads\/2020\/11\/ho5.jpg 1425w, https:\/\/kunmedierne.dk\/mors\/wp-content\/uploads\/2020\/11\/ho5-300x27.jpg 300w, https:\/\/kunmedierne.dk\/mors\/wp-content\/uploads\/2020\/11\/ho5-1024x91.jpg 1024w, https:\/\/kunmedierne.dk\/mors\/wp-content\/uploads\/2020\/11\/ho5-768x68.jpg 768w, https:\/\/kunmedierne.dk\/mors\/wp-content\/uploads\/2020\/11\/ho5-600x53.jpg 600w\" sizes=\"auto, (max-width: 1425px) 100vw, 1425px\" \/><\/a><\/p>\n<hr \/>\n<p><em>Signe Krog Sandal er fra Bjergby og g\u00e5r i 10. klasse p\u00e5 Salling Efterskole. Hun har skrevet denne klumme om at v\u00e6re efterskoleelev i en coronatid.\u00a0<\/em><\/p>\n<p><em>Har du et emne, du br\u00e6nder for eller ved s\u00e6rligt meget om, og kunne du t\u00e6nke dig at skrive en eller flere klummer om det, s\u00e5 kontakt KunMors for at h\u00f8re n\u00e6rmere: E-mail: redaktion@kunmedierne.dk\/mors \/ telefon: 3195 3108.<\/em><\/p>\n","protected":false},"excerpt":{"rendered":"<p>&#8220;Kan du huske dengang?\u201d Jeg tror, vi alle kender til f\u00f8lelsen af at huske tilbage p\u00e5 fortiden. Udover at redde os ud af akavede samtaler, kan fortiden definere os som mennesker. Af fortiden s\u00e6tter vi fremtiden. Hvert skridt vi g\u00e5r fremad, vil for evigt l\u00e6gge afstand til vores fortid, men som mennesker er vi bare [&hellip;]<\/p>\n","protected":false},"author":996,"featured_media":20441,"comment_status":"open","ping_status":"open","sticky":false,"template":"","format":"standard","meta":{"_acf_changed":false,"footnotes":""},"categories":[195],"tags":[227,170],"class_list":["post-39242","post","type-post","status-publish","format-standard","has-post-thumbnail","hentry","category-jobannonce","tag-klummer","tag-uddannelse"],"acf":[],"yoast_head":"<!-- This site is optimized with the Yoast SEO plugin v26.8 - https:\/\/yoast.com\/product\/yoast-seo-wordpress\/ -->\n<title>Tilbage til efterskolen! - Mors<\/title>\n<meta name=\"robots\" content=\"index, follow, max-snippet:-1, max-image-preview:large, max-video-preview:-1\" \/>\n<link rel=\"canonical\" href=\"https:\/\/kunmedierne.dk\/mors\/tilbage-til-efterskolen\/\" \/>\n<meta property=\"og:locale\" content=\"da_DK\" \/>\n<meta property=\"og:type\" content=\"article\" \/>\n<meta property=\"og:title\" content=\"Tilbage til efterskolen! - Mors\" \/>\n<meta property=\"og:description\" content=\"&#8220;Kan du huske dengang?\u201d Jeg tror, vi alle kender til f\u00f8lelsen af at huske tilbage p\u00e5 fortiden. Udover at redde os ud af akavede samtaler, kan fortiden definere os som mennesker. Af fortiden s\u00e6tter vi fremtiden. Hvert skridt vi g\u00e5r fremad, vil for evigt l\u00e6gge afstand til vores fortid, men som mennesker er vi bare [&hellip;]\" \/>\n<meta property=\"og:url\" content=\"https:\/\/kunmedierne.dk\/mors\/tilbage-til-efterskolen\/\" \/>\n<meta property=\"og:site_name\" content=\"Mors\" \/>\n<meta property=\"article:published_time\" content=\"2021-02-03T04:36:49+00:00\" \/>\n<meta property=\"article:modified_time\" content=\"2024-08-12T11:37:54+00:00\" \/>\n<meta property=\"og:image\" content=\"https:\/\/kunmedierne.dk\/mors\/wp-content\/uploads\/2020\/05\/200504-salling-efterskole.jpg\" \/>\n\t<meta property=\"og:image:width\" content=\"770\" \/>\n\t<meta property=\"og:image:height\" content=\"513\" \/>\n\t<meta property=\"og:image:type\" content=\"image\/jpeg\" \/>\n<meta name=\"author\" content=\"kunmors\" \/>\n<meta name=\"twitter:card\" content=\"summary_large_image\" \/>\n<meta name=\"twitter:label1\" content=\"Skrevet af\" \/>\n\t<meta name=\"twitter:data1\" content=\"kunmors\" \/>\n\t<meta name=\"twitter:label2\" content=\"Estimeret l\u00e6setid\" \/>\n\t<meta name=\"twitter:data2\" content=\"4 minutter\" \/>\n<script type=\"application\/ld+json\" class=\"yoast-schema-graph\">{\"@context\":\"https:\/\/schema.org\",\"@graph\":[{\"@type\":\"Article\",\"@id\":\"https:\/\/kunmedierne.dk\/mors\/tilbage-til-efterskolen\/#article\",\"isPartOf\":{\"@id\":\"https:\/\/kunmedierne.dk\/mors\/tilbage-til-efterskolen\/\"},\"author\":{\"name\":\"kunmors\",\"@id\":\"https:\/\/kunmedierne.dk\/mors\/#\/schema\/person\/976036941aeb67d7da24581e637f2ba5\"},\"headline\":\"Tilbage til efterskolen!\",\"datePublished\":\"2021-02-03T04:36:49+00:00\",\"dateModified\":\"2024-08-12T11:37:54+00:00\",\"mainEntityOfPage\":{\"@id\":\"https:\/\/kunmedierne.dk\/mors\/tilbage-til-efterskolen\/\"},\"wordCount\":861,\"commentCount\":0,\"publisher\":{\"@id\":\"https:\/\/kunmedierne.dk\/mors\/#organization\"},\"image\":{\"@id\":\"https:\/\/kunmedierne.dk\/mors\/tilbage-til-efterskolen\/#primaryimage\"},\"thumbnailUrl\":\"https:\/\/kunmedierne.dk\/mors\/wp-content\/uploads\/2020\/05\/200504-salling-efterskole.jpg\",\"keywords\":[\"Klummer\",\"Skoler og uddannelse\"],\"articleSection\":[\"Klumme\"],\"inLanguage\":\"da-DK\",\"potentialAction\":[{\"@type\":\"CommentAction\",\"name\":\"Comment\",\"target\":[\"https:\/\/kunmedierne.dk\/mors\/tilbage-til-efterskolen\/#respond\"]}]},{\"@type\":\"WebPage\",\"@id\":\"https:\/\/kunmedierne.dk\/mors\/tilbage-til-efterskolen\/\",\"url\":\"https:\/\/kunmedierne.dk\/mors\/tilbage-til-efterskolen\/\",\"name\":\"Tilbage til efterskolen! - Mors\",\"isPartOf\":{\"@id\":\"https:\/\/kunmedierne.dk\/mors\/#website\"},\"primaryImageOfPage\":{\"@id\":\"https:\/\/kunmedierne.dk\/mors\/tilbage-til-efterskolen\/#primaryimage\"},\"image\":{\"@id\":\"https:\/\/kunmedierne.dk\/mors\/tilbage-til-efterskolen\/#primaryimage\"},\"thumbnailUrl\":\"https:\/\/kunmedierne.dk\/mors\/wp-content\/uploads\/2020\/05\/200504-salling-efterskole.jpg\",\"datePublished\":\"2021-02-03T04:36:49+00:00\",\"dateModified\":\"2024-08-12T11:37:54+00:00\",\"breadcrumb\":{\"@id\":\"https:\/\/kunmedierne.dk\/mors\/tilbage-til-efterskolen\/#breadcrumb\"},\"inLanguage\":\"da-DK\",\"potentialAction\":[{\"@type\":\"ReadAction\",\"target\":[\"https:\/\/kunmedierne.dk\/mors\/tilbage-til-efterskolen\/\"]}]},{\"@type\":\"ImageObject\",\"inLanguage\":\"da-DK\",\"@id\":\"https:\/\/kunmedierne.dk\/mors\/tilbage-til-efterskolen\/#primaryimage\",\"url\":\"https:\/\/kunmedierne.dk\/mors\/wp-content\/uploads\/2020\/05\/200504-salling-efterskole.jpg\",\"contentUrl\":\"https:\/\/kunmedierne.dk\/mors\/wp-content\/uploads\/2020\/05\/200504-salling-efterskole.jpg\",\"width\":770,\"height\":513,\"caption\":\"Salling Efterskole. Foto: David H\u00f8jmark.\"},{\"@type\":\"BreadcrumbList\",\"@id\":\"https:\/\/kunmedierne.dk\/mors\/tilbage-til-efterskolen\/#breadcrumb\",\"itemListElement\":[{\"@type\":\"ListItem\",\"position\":1,\"name\":\"Hjem\",\"item\":\"https:\/\/kunmedierne.dk\/mors\/\"},{\"@type\":\"ListItem\",\"position\":2,\"name\":\"Tilbage til efterskolen!\"}]},{\"@type\":\"WebSite\",\"@id\":\"https:\/\/kunmedierne.dk\/mors\/#website\",\"url\":\"https:\/\/kunmedierne.dk\/mors\/\",\"name\":\"Mors\",\"description\":\"et netmedie med journalistik om livet p\u00e5 Mors\",\"publisher\":{\"@id\":\"https:\/\/kunmedierne.dk\/mors\/#organization\"},\"potentialAction\":[{\"@type\":\"SearchAction\",\"target\":{\"@type\":\"EntryPoint\",\"urlTemplate\":\"https:\/\/kunmedierne.dk\/mors\/?s={search_term_string}\"},\"query-input\":{\"@type\":\"PropertyValueSpecification\",\"valueRequired\":true,\"valueName\":\"search_term_string\"}}],\"inLanguage\":\"da-DK\"},{\"@type\":\"Organization\",\"@id\":\"https:\/\/kunmedierne.dk\/mors\/#organization\",\"name\":\"Mors\",\"url\":\"https:\/\/kunmedierne.dk\/mors\/\",\"logo\":{\"@type\":\"ImageObject\",\"inLanguage\":\"da-DK\",\"@id\":\"https:\/\/kunmedierne.dk\/mors\/#\/schema\/logo\/image\/\",\"url\":\"https:\/\/kunmedierne.dk\/mors\/wp-content\/uploads\/2024\/08\/kunmors-logo.svg\",\"contentUrl\":\"https:\/\/kunmedierne.dk\/mors\/wp-content\/uploads\/2024\/08\/kunmors-logo.svg\",\"caption\":\"Mors\"},\"image\":{\"@id\":\"https:\/\/kunmedierne.dk\/mors\/#\/schema\/logo\/image\/\"}},{\"@type\":\"Person\",\"@id\":\"https:\/\/kunmedierne.dk\/mors\/#\/schema\/person\/976036941aeb67d7da24581e637f2ba5\",\"name\":\"kunmors\",\"image\":{\"@type\":\"ImageObject\",\"inLanguage\":\"da-DK\",\"@id\":\"https:\/\/kunmedierne.dk\/mors\/#\/schema\/person\/image\/\",\"url\":\"https:\/\/secure.gravatar.com\/avatar\/863719231c0bdf22d6b517d97f14a1b3d1b324f1e7076c165656d591ff8cece4?s=96&d=mm&r=g\",\"contentUrl\":\"https:\/\/secure.gravatar.com\/avatar\/863719231c0bdf22d6b517d97f14a1b3d1b324f1e7076c165656d591ff8cece4?s=96&d=mm&r=g\",\"caption\":\"kunmors\"},\"url\":\"https:\/\/kunmedierne.dk\/mors\/author\/kunmors\/\"}]}<\/script>\n<!-- \/ Yoast SEO plugin. -->","yoast_head_json":{"title":"Tilbage til efterskolen! - Mors","robots":{"index":"index","follow":"follow","max-snippet":"max-snippet:-1","max-image-preview":"max-image-preview:large","max-video-preview":"max-video-preview:-1"},"canonical":"https:\/\/kunmedierne.dk\/mors\/tilbage-til-efterskolen\/","og_locale":"da_DK","og_type":"article","og_title":"Tilbage til efterskolen! - Mors","og_description":"&#8220;Kan du huske dengang?\u201d Jeg tror, vi alle kender til f\u00f8lelsen af at huske tilbage p\u00e5 fortiden. Udover at redde os ud af akavede samtaler, kan fortiden definere os som mennesker. Af fortiden s\u00e6tter vi fremtiden. Hvert skridt vi g\u00e5r fremad, vil for evigt l\u00e6gge afstand til vores fortid, men som mennesker er vi bare [&hellip;]","og_url":"https:\/\/kunmedierne.dk\/mors\/tilbage-til-efterskolen\/","og_site_name":"Mors","article_published_time":"2021-02-03T04:36:49+00:00","article_modified_time":"2024-08-12T11:37:54+00:00","og_image":[{"width":770,"height":513,"url":"https:\/\/kunmedierne.dk\/mors\/wp-content\/uploads\/2020\/05\/200504-salling-efterskole.jpg","type":"image\/jpeg"}],"author":"kunmors","twitter_card":"summary_large_image","twitter_misc":{"Skrevet af":"kunmors","Estimeret l\u00e6setid":"4 minutter"},"schema":{"@context":"https:\/\/schema.org","@graph":[{"@type":"Article","@id":"https:\/\/kunmedierne.dk\/mors\/tilbage-til-efterskolen\/#article","isPartOf":{"@id":"https:\/\/kunmedierne.dk\/mors\/tilbage-til-efterskolen\/"},"author":{"name":"kunmors","@id":"https:\/\/kunmedierne.dk\/mors\/#\/schema\/person\/976036941aeb67d7da24581e637f2ba5"},"headline":"Tilbage til efterskolen!","datePublished":"2021-02-03T04:36:49+00:00","dateModified":"2024-08-12T11:37:54+00:00","mainEntityOfPage":{"@id":"https:\/\/kunmedierne.dk\/mors\/tilbage-til-efterskolen\/"},"wordCount":861,"commentCount":0,"publisher":{"@id":"https:\/\/kunmedierne.dk\/mors\/#organization"},"image":{"@id":"https:\/\/kunmedierne.dk\/mors\/tilbage-til-efterskolen\/#primaryimage"},"thumbnailUrl":"https:\/\/kunmedierne.dk\/mors\/wp-content\/uploads\/2020\/05\/200504-salling-efterskole.jpg","keywords":["Klummer","Skoler og uddannelse"],"articleSection":["Klumme"],"inLanguage":"da-DK","potentialAction":[{"@type":"CommentAction","name":"Comment","target":["https:\/\/kunmedierne.dk\/mors\/tilbage-til-efterskolen\/#respond"]}]},{"@type":"WebPage","@id":"https:\/\/kunmedierne.dk\/mors\/tilbage-til-efterskolen\/","url":"https:\/\/kunmedierne.dk\/mors\/tilbage-til-efterskolen\/","name":"Tilbage til efterskolen! - Mors","isPartOf":{"@id":"https:\/\/kunmedierne.dk\/mors\/#website"},"primaryImageOfPage":{"@id":"https:\/\/kunmedierne.dk\/mors\/tilbage-til-efterskolen\/#primaryimage"},"image":{"@id":"https:\/\/kunmedierne.dk\/mors\/tilbage-til-efterskolen\/#primaryimage"},"thumbnailUrl":"https:\/\/kunmedierne.dk\/mors\/wp-content\/uploads\/2020\/05\/200504-salling-efterskole.jpg","datePublished":"2021-02-03T04:36:49+00:00","dateModified":"2024-08-12T11:37:54+00:00","breadcrumb":{"@id":"https:\/\/kunmedierne.dk\/mors\/tilbage-til-efterskolen\/#breadcrumb"},"inLanguage":"da-DK","potentialAction":[{"@type":"ReadAction","target":["https:\/\/kunmedierne.dk\/mors\/tilbage-til-efterskolen\/"]}]},{"@type":"ImageObject","inLanguage":"da-DK","@id":"https:\/\/kunmedierne.dk\/mors\/tilbage-til-efterskolen\/#primaryimage","url":"https:\/\/kunmedierne.dk\/mors\/wp-content\/uploads\/2020\/05\/200504-salling-efterskole.jpg","contentUrl":"https:\/\/kunmedierne.dk\/mors\/wp-content\/uploads\/2020\/05\/200504-salling-efterskole.jpg","width":770,"height":513,"caption":"Salling Efterskole. Foto: David H\u00f8jmark."},{"@type":"BreadcrumbList","@id":"https:\/\/kunmedierne.dk\/mors\/tilbage-til-efterskolen\/#breadcrumb","itemListElement":[{"@type":"ListItem","position":1,"name":"Hjem","item":"https:\/\/kunmedierne.dk\/mors\/"},{"@type":"ListItem","position":2,"name":"Tilbage til efterskolen!"}]},{"@type":"WebSite","@id":"https:\/\/kunmedierne.dk\/mors\/#website","url":"https:\/\/kunmedierne.dk\/mors\/","name":"Mors","description":"et netmedie med journalistik om livet p\u00e5 Mors","publisher":{"@id":"https:\/\/kunmedierne.dk\/mors\/#organization"},"potentialAction":[{"@type":"SearchAction","target":{"@type":"EntryPoint","urlTemplate":"https:\/\/kunmedierne.dk\/mors\/?s={search_term_string}"},"query-input":{"@type":"PropertyValueSpecification","valueRequired":true,"valueName":"search_term_string"}}],"inLanguage":"da-DK"},{"@type":"Organization","@id":"https:\/\/kunmedierne.dk\/mors\/#organization","name":"Mors","url":"https:\/\/kunmedierne.dk\/mors\/","logo":{"@type":"ImageObject","inLanguage":"da-DK","@id":"https:\/\/kunmedierne.dk\/mors\/#\/schema\/logo\/image\/","url":"https:\/\/kunmedierne.dk\/mors\/wp-content\/uploads\/2024\/08\/kunmors-logo.svg","contentUrl":"https:\/\/kunmedierne.dk\/mors\/wp-content\/uploads\/2024\/08\/kunmors-logo.svg","caption":"Mors"},"image":{"@id":"https:\/\/kunmedierne.dk\/mors\/#\/schema\/logo\/image\/"}},{"@type":"Person","@id":"https:\/\/kunmedierne.dk\/mors\/#\/schema\/person\/976036941aeb67d7da24581e637f2ba5","name":"kunmors","image":{"@type":"ImageObject","inLanguage":"da-DK","@id":"https:\/\/kunmedierne.dk\/mors\/#\/schema\/person\/image\/","url":"https:\/\/secure.gravatar.com\/avatar\/863719231c0bdf22d6b517d97f14a1b3d1b324f1e7076c165656d591ff8cece4?s=96&d=mm&r=g","contentUrl":"https:\/\/secure.gravatar.com\/avatar\/863719231c0bdf22d6b517d97f14a1b3d1b324f1e7076c165656d591ff8cece4?s=96&d=mm&r=g","caption":"kunmors"},"url":"https:\/\/kunmedierne.dk\/mors\/author\/kunmors\/"}]}},"_links":{"self":[{"href":"https:\/\/kunmedierne.dk\/mors\/wp-json\/wp\/v2\/posts\/39242","targetHints":{"allow":["GET"]}}],"collection":[{"href":"https:\/\/kunmedierne.dk\/mors\/wp-json\/wp\/v2\/posts"}],"about":[{"href":"https:\/\/kunmedierne.dk\/mors\/wp-json\/wp\/v2\/types\/post"}],"author":[{"embeddable":true,"href":"https:\/\/kunmedierne.dk\/mors\/wp-json\/wp\/v2\/users\/996"}],"replies":[{"embeddable":true,"href":"https:\/\/kunmedierne.dk\/mors\/wp-json\/wp\/v2\/comments?post=39242"}],"version-history":[{"count":1,"href":"https:\/\/kunmedierne.dk\/mors\/wp-json\/wp\/v2\/posts\/39242\/revisions"}],"predecessor-version":[{"id":39243,"href":"https:\/\/kunmedierne.dk\/mors\/wp-json\/wp\/v2\/posts\/39242\/revisions\/39243"}],"wp:featuredmedia":[{"embeddable":true,"href":"https:\/\/kunmedierne.dk\/mors\/wp-json\/wp\/v2\/media\/20441"}],"wp:attachment":[{"href":"https:\/\/kunmedierne.dk\/mors\/wp-json\/wp\/v2\/media?parent=39242"}],"wp:term":[{"taxonomy":"category","embeddable":true,"href":"https:\/\/kunmedierne.dk\/mors\/wp-json\/wp\/v2\/categories?post=39242"},{"taxonomy":"post_tag","embeddable":true,"href":"https:\/\/kunmedierne.dk\/mors\/wp-json\/wp\/v2\/tags?post=39242"}],"curies":[{"name":"wp","href":"https:\/\/api.w.org\/{rel}","templated":true}]}}