{"id":39239,"date":"2021-02-03T09:05:45","date_gmt":"2021-02-03T08:05:45","guid":{"rendered":"https:\/\/kunmedierne.dk\/mors\/?p=39239"},"modified":"2024-08-12T13:37:54","modified_gmt":"2024-08-12T11:37:54","slug":"mindeord-for-jakob-nyborg","status":"publish","type":"post","link":"https:\/\/kunmedierne.dk\/mors\/mindeord-for-jakob-nyborg\/","title":{"rendered":"Mindeord for Jakob Nyborg"},"content":{"rendered":"<p><em>Mindeord over bogtrykker Jakob Nyborg, f. 27.05.29 &#8211; * 20.01.21<\/em><\/p>\n<p><em>Indsendt af b\u00f8rnene Bente Nyborg og Poul Nyborg<\/em><\/p>\n<hr \/>\n<p>Den 20. januar, efter at b\u00f8rneb\u00f8rnene havde v\u00e6ret omkring hjemmet i Rolstrupparken og taget afsked med deres bedstefar, kunne Jakob Nyborg med sin Inger i h\u00e5nden og sine to b\u00f8rn omkring sig sige farvel til den verden, han havde taget aktiv del i gennem 91 \u00e5r. Rask og r\u00f8rig til han kort f\u00f8r jul fik konstateret kr\u00e6ft i knoglemarven.<\/p>\n<p>Jakob Nyborg stammede fra Holstebro, som nummer seks i en s\u00f8skendeflok p\u00e5 otte. For\u00e6ldrene var opsatte p\u00e5, at deres b\u00f8rn skulle have en h\u00e5ndv\u00e6rksm\u00e6ssig uddannelse, s\u00e5 selv om Jakobs l\u00e6rer synes, han havde \u201dhoved\u201d til at studere videre, kom han i l\u00e6re som bogtrykker ved Rounborgs Grafiske Hus. Han havde en lille afstikker som soldat ved ingeni\u00f8rtropperne i Aarhus, og vendte derefter tilbage til Holstebro som maskins\u00e6tter ved Holstebro Dagblad. Han havde da for l\u00e6ngst fundet sin Inger, og under soldatertiden sendte de fast brev til hinanden hver tredje dag. Det var dengang postv\u00e6senet stadig fungerede, som Jakob plejede at sige.<\/p>\n<p>P\u00e5 Holstebro Dagblad blev Jakob gode venner med trykkeren, Frede Nielsen, som giftede sig med Jakobs lilles\u00f8ster. De blev i 1955 enige om at ville pr\u00f8ve vingerne af som selvst\u00e6ndige, og kastede blikket p\u00e5 Mors\u00f8 Avis\u2019 Bogtrykkeri. Ikke for at drive den n\u00f8dlidende, konservative avis videre p\u00e5 Mors, men for at k\u00f8be selve trykkeridelen i Havnegade i Nyk\u00f8bing.<\/p>\n<p>Jakob og Frede startede med at lave visitkort, brevpapir og fakturablokke med karbonpapir til Algades butikker, og n\u00e5r Inger gik rundt med regninger til de forretningsdrivende i byen, blev hun ofte m\u00f8dt med et \u201dJamen bette b\u00f8rn, hvad vil I da leve af\u201d. Der var p\u00e5 det tidspunkt mange trykkerier i Nyk\u00f8bing, som k\u00e6mpede om kunderne. Men Jakob og Frede var enige om ikke at satse p\u00e5 detailhandlen, men derimod p\u00e5 industrien og fik som en af de f\u00f8rste store kunder Glyng\u00f8re Fiskeindustri og muslingeindustrien, som havde gyldne tider og stort behov for etiketter til d\u00e5ser og glas. Deres fremsynethed viste sig ogs\u00e5, da de i 1965, som et af de f\u00f8rste trykkerier i Vestjylland, investerede i en offset-maskine til erstatning for de l\u00f8se bly-typer. Efter 16 \u00e5r skiltes de 2 svogre i bedste overensstemmelse. Jakob blev p\u00e5 Mors og Frede flyttede til Skive, hvor han startede trykkeri.<\/p>\n<p>Jakob Nyborg havde stor interesse for b\u00e5de kunst og b\u00f8ger, og udgav i 1961 \u201dEksplosion\u201d med digte af Knud S\u00f8rensen skrevet til en serie tr\u00e6snit af Preben W\u00f6lck med motiver af udbr\u00e6ndte landskaber efter atombomben. Ogs\u00e5 flere af Knud S\u00f8rensens senere digtsamlinger, kunstbogen \u201d\u00d8en bag havet\u201d med fotografier af Kirsten Klein og mange andre blev trykt p\u00e5 Mors\u00f8 Bogtrykkeri. Jakob Nyborg var desuden levende optaget af \u00f8ens historie. Han udgav flere lokalhistoriske b\u00f8ger med lokalhistorikeren K.G. Holch Andersen, og sammen udgav de i 1963 det f\u00f8rste eksemplar af \u201dJul p\u00e5 Mors\u201d. En lokalhistorisk tradition, der lever videre den dag i dag.<\/p>\n<p>Mors\u00f8 Bogtryk var et lille, men meget aktivt trykkeri, og der er mindst blevet udl\u00e6rt 25 l\u00e6rlinge under Jakobs ledelse. Lidt drillende pralede Jakob med at uddanne \u201dpremietrykkere\u201d til Mors\u00f8 Folkeblads st\u00f8rre trykkeri. Han gik f\u00f8rst p\u00e5 pension efter han var fyldt 70 \u00e5r, hvor hans s\u00f8n Poul overtog ledelsen af Mors\u00f8 Bogtrykkeri og stod i spidsen for fusionen med netop trykkeriet p\u00e5 Mors\u00f8 Folkeblad.<\/p>\n<p>Selv om Inger og Jakob var tilflyttere, faldt de hurtigt til i Nyk\u00f8bing. De fik mange n\u00e6re venner, og Jakob var optaget af b\u00e5de handelslivet og industriens udvikling p\u00e5 Mors. Han var formand for Erhvervsr\u00e5det i en periode, fik i 1960\u2019erne hentet Abb\u00e9 Pierres ber\u00f8mte klunsere til \u00f8en, var medarrang\u00f8r til den f\u00f8rste erhvervsmesse i Nyk\u00f8bing Hallen sammen med tandtekniker Mortensen, tog aktiv del i Odd Fellow Logen og Rotary, og tog ofte mod unge udvekslingsstuderende, som flyttede ind hos familien p\u00e5 Rugvangen om sommeren. Han og Inger elskede at rejse sammen, gik til bowling i \u00c6ldre Sagen, var aktive teaterg\u00e6ngere og lagde stor v\u00e6gt p\u00e5 samv\u00e6r med familien. Jakob var levende interesseret i sine b\u00f8rneb\u00f8rn \u2013 og alle der kendte Jakob, som chef, som ven, som far eller bedstefar vidste, at hans d\u00f8r altid stod \u00e5ben.<\/p>\n<p>I 2018 flyttede Inger og Jakob fra det store hus p\u00e5 Rugvangen til et lille hus i Rolstrupparken, og Jakob m\u00e5tte skille sig af med en del af sin store bogsamling. Til geng\u00e6ld blev de velsignet med gode nye naboer, en sk\u00f8n lille have og j\u00e6vnlige spadsereture ind til byen.<\/p>\n<p>Jakob Nyborg efterlader sig sin hustru gennem 67 \u00e5r, to b\u00f8rn, syv b\u00f8rneb\u00f8rn og et oldebarn.<\/p>\n","protected":false},"excerpt":{"rendered":"<p>Mindeord over bogtrykker Jakob Nyborg, f. 27.05.29 &#8211; * 20.01.21 Indsendt af b\u00f8rnene Bente Nyborg og Poul Nyborg Den 20. januar, efter at b\u00f8rneb\u00f8rnene havde v\u00e6ret omkring hjemmet i Rolstrupparken og taget afsked med deres bedstefar, kunne Jakob Nyborg med sin Inger i h\u00e5nden og sine to b\u00f8rn omkring sig sige farvel til den verden, [&hellip;]<\/p>\n","protected":false},"author":264,"featured_media":39240,"comment_status":"open","ping_status":"open","sticky":false,"template":"","format":"standard","meta":{"_acf_changed":false,"footnotes":""},"categories":[52],"tags":[],"class_list":["post-39239","post","type-post","status-publish","format-standard","has-post-thumbnail","hentry","category-navne"],"acf":[],"yoast_head":"<!-- This site is optimized with the Yoast SEO plugin v26.8 - https:\/\/yoast.com\/product\/yoast-seo-wordpress\/ -->\n<title>Mindeord for Jakob Nyborg - Mors<\/title>\n<meta name=\"robots\" content=\"index, follow, max-snippet:-1, max-image-preview:large, max-video-preview:-1\" \/>\n<link rel=\"canonical\" href=\"https:\/\/kunmedierne.dk\/mors\/mindeord-for-jakob-nyborg\/\" \/>\n<meta property=\"og:locale\" content=\"da_DK\" \/>\n<meta property=\"og:type\" content=\"article\" \/>\n<meta property=\"og:title\" content=\"Mindeord for Jakob Nyborg - Mors\" \/>\n<meta property=\"og:description\" content=\"Mindeord over bogtrykker Jakob Nyborg, f. 27.05.29 &#8211; * 20.01.21 Indsendt af b\u00f8rnene Bente Nyborg og Poul Nyborg Den 20. januar, efter at b\u00f8rneb\u00f8rnene havde v\u00e6ret omkring hjemmet i Rolstrupparken og taget afsked med deres bedstefar, kunne Jakob Nyborg med sin Inger i h\u00e5nden og sine to b\u00f8rn omkring sig sige farvel til den verden, [&hellip;]\" \/>\n<meta property=\"og:url\" content=\"https:\/\/kunmedierne.dk\/mors\/mindeord-for-jakob-nyborg\/\" \/>\n<meta property=\"og:site_name\" content=\"Mors\" \/>\n<meta property=\"article:published_time\" content=\"2021-02-03T08:05:45+00:00\" \/>\n<meta property=\"article:modified_time\" content=\"2024-08-12T11:37:54+00:00\" \/>\n<meta property=\"og:image\" content=\"https:\/\/kunmedierne.dk\/mors\/wp-content\/uploads\/2021\/02\/Jakob-Nyborg-mindeord.jpg\" \/>\n\t<meta property=\"og:image:width\" content=\"770\" \/>\n\t<meta property=\"og:image:height\" content=\"513\" \/>\n\t<meta property=\"og:image:type\" content=\"image\/jpeg\" \/>\n<meta name=\"author\" content=\"Navne\" \/>\n<meta name=\"twitter:card\" content=\"summary_large_image\" \/>\n<meta name=\"twitter:label1\" content=\"Skrevet af\" \/>\n\t<meta name=\"twitter:data1\" content=\"Navne\" \/>\n\t<meta name=\"twitter:label2\" content=\"Estimeret l\u00e6setid\" \/>\n\t<meta name=\"twitter:data2\" content=\"5 minutter\" \/>\n<script type=\"application\/ld+json\" class=\"yoast-schema-graph\">{\"@context\":\"https:\/\/schema.org\",\"@graph\":[{\"@type\":\"Article\",\"@id\":\"https:\/\/kunmedierne.dk\/mors\/mindeord-for-jakob-nyborg\/#article\",\"isPartOf\":{\"@id\":\"https:\/\/kunmedierne.dk\/mors\/mindeord-for-jakob-nyborg\/\"},\"author\":{\"name\":\"Navne\",\"@id\":\"https:\/\/kunmedierne.dk\/mors\/#\/schema\/person\/f084885f8161963bb583d8604763a6b7\"},\"headline\":\"Mindeord for Jakob Nyborg\",\"datePublished\":\"2021-02-03T08:05:45+00:00\",\"dateModified\":\"2024-08-12T11:37:54+00:00\",\"mainEntityOfPage\":{\"@id\":\"https:\/\/kunmedierne.dk\/mors\/mindeord-for-jakob-nyborg\/\"},\"wordCount\":814,\"commentCount\":0,\"publisher\":{\"@id\":\"https:\/\/kunmedierne.dk\/mors\/#organization\"},\"image\":{\"@id\":\"https:\/\/kunmedierne.dk\/mors\/mindeord-for-jakob-nyborg\/#primaryimage\"},\"thumbnailUrl\":\"https:\/\/kunmedierne.dk\/mors\/wp-content\/uploads\/2021\/02\/Jakob-Nyborg-mindeord.jpg\",\"articleSection\":[\"Navne\"],\"inLanguage\":\"da-DK\",\"potentialAction\":[{\"@type\":\"CommentAction\",\"name\":\"Comment\",\"target\":[\"https:\/\/kunmedierne.dk\/mors\/mindeord-for-jakob-nyborg\/#respond\"]}]},{\"@type\":\"WebPage\",\"@id\":\"https:\/\/kunmedierne.dk\/mors\/mindeord-for-jakob-nyborg\/\",\"url\":\"https:\/\/kunmedierne.dk\/mors\/mindeord-for-jakob-nyborg\/\",\"name\":\"Mindeord for Jakob Nyborg - Mors\",\"isPartOf\":{\"@id\":\"https:\/\/kunmedierne.dk\/mors\/#website\"},\"primaryImageOfPage\":{\"@id\":\"https:\/\/kunmedierne.dk\/mors\/mindeord-for-jakob-nyborg\/#primaryimage\"},\"image\":{\"@id\":\"https:\/\/kunmedierne.dk\/mors\/mindeord-for-jakob-nyborg\/#primaryimage\"},\"thumbnailUrl\":\"https:\/\/kunmedierne.dk\/mors\/wp-content\/uploads\/2021\/02\/Jakob-Nyborg-mindeord.jpg\",\"datePublished\":\"2021-02-03T08:05:45+00:00\",\"dateModified\":\"2024-08-12T11:37:54+00:00\",\"breadcrumb\":{\"@id\":\"https:\/\/kunmedierne.dk\/mors\/mindeord-for-jakob-nyborg\/#breadcrumb\"},\"inLanguage\":\"da-DK\",\"potentialAction\":[{\"@type\":\"ReadAction\",\"target\":[\"https:\/\/kunmedierne.dk\/mors\/mindeord-for-jakob-nyborg\/\"]}]},{\"@type\":\"ImageObject\",\"inLanguage\":\"da-DK\",\"@id\":\"https:\/\/kunmedierne.dk\/mors\/mindeord-for-jakob-nyborg\/#primaryimage\",\"url\":\"https:\/\/kunmedierne.dk\/mors\/wp-content\/uploads\/2021\/02\/Jakob-Nyborg-mindeord.jpg\",\"contentUrl\":\"https:\/\/kunmedierne.dk\/mors\/wp-content\/uploads\/2021\/02\/Jakob-Nyborg-mindeord.jpg\",\"width\":770,\"height\":513},{\"@type\":\"BreadcrumbList\",\"@id\":\"https:\/\/kunmedierne.dk\/mors\/mindeord-for-jakob-nyborg\/#breadcrumb\",\"itemListElement\":[{\"@type\":\"ListItem\",\"position\":1,\"name\":\"Hjem\",\"item\":\"https:\/\/kunmedierne.dk\/mors\/\"},{\"@type\":\"ListItem\",\"position\":2,\"name\":\"Mindeord for Jakob Nyborg\"}]},{\"@type\":\"WebSite\",\"@id\":\"https:\/\/kunmedierne.dk\/mors\/#website\",\"url\":\"https:\/\/kunmedierne.dk\/mors\/\",\"name\":\"Mors\",\"description\":\"et netmedie med journalistik om livet p\u00e5 Mors\",\"publisher\":{\"@id\":\"https:\/\/kunmedierne.dk\/mors\/#organization\"},\"potentialAction\":[{\"@type\":\"SearchAction\",\"target\":{\"@type\":\"EntryPoint\",\"urlTemplate\":\"https:\/\/kunmedierne.dk\/mors\/?s={search_term_string}\"},\"query-input\":{\"@type\":\"PropertyValueSpecification\",\"valueRequired\":true,\"valueName\":\"search_term_string\"}}],\"inLanguage\":\"da-DK\"},{\"@type\":\"Organization\",\"@id\":\"https:\/\/kunmedierne.dk\/mors\/#organization\",\"name\":\"Mors\",\"url\":\"https:\/\/kunmedierne.dk\/mors\/\",\"logo\":{\"@type\":\"ImageObject\",\"inLanguage\":\"da-DK\",\"@id\":\"https:\/\/kunmedierne.dk\/mors\/#\/schema\/logo\/image\/\",\"url\":\"https:\/\/kunmedierne.dk\/mors\/wp-content\/uploads\/2024\/08\/kunmors-logo.svg\",\"contentUrl\":\"https:\/\/kunmedierne.dk\/mors\/wp-content\/uploads\/2024\/08\/kunmors-logo.svg\",\"caption\":\"Mors\"},\"image\":{\"@id\":\"https:\/\/kunmedierne.dk\/mors\/#\/schema\/logo\/image\/\"}},{\"@type\":\"Person\",\"@id\":\"https:\/\/kunmedierne.dk\/mors\/#\/schema\/person\/f084885f8161963bb583d8604763a6b7\",\"name\":\"Navne\",\"image\":{\"@type\":\"ImageObject\",\"inLanguage\":\"da-DK\",\"@id\":\"https:\/\/kunmedierne.dk\/mors\/#\/schema\/person\/image\/\",\"url\":\"https:\/\/secure.gravatar.com\/avatar\/6f0953307eaee87813e8e3c90223d5589b093e56e7cc66b5575f901f7b5868a5?s=96&d=mm&r=g\",\"contentUrl\":\"https:\/\/secure.gravatar.com\/avatar\/6f0953307eaee87813e8e3c90223d5589b093e56e7cc66b5575f901f7b5868a5?s=96&d=mm&r=g\",\"caption\":\"Navne\"},\"url\":\"https:\/\/kunmedierne.dk\/mors\/author\/navne\/\"}]}<\/script>\n<!-- \/ Yoast SEO plugin. -->","yoast_head_json":{"title":"Mindeord for Jakob Nyborg - Mors","robots":{"index":"index","follow":"follow","max-snippet":"max-snippet:-1","max-image-preview":"max-image-preview:large","max-video-preview":"max-video-preview:-1"},"canonical":"https:\/\/kunmedierne.dk\/mors\/mindeord-for-jakob-nyborg\/","og_locale":"da_DK","og_type":"article","og_title":"Mindeord for Jakob Nyborg - Mors","og_description":"Mindeord over bogtrykker Jakob Nyborg, f. 27.05.29 &#8211; * 20.01.21 Indsendt af b\u00f8rnene Bente Nyborg og Poul Nyborg Den 20. januar, efter at b\u00f8rneb\u00f8rnene havde v\u00e6ret omkring hjemmet i Rolstrupparken og taget afsked med deres bedstefar, kunne Jakob Nyborg med sin Inger i h\u00e5nden og sine to b\u00f8rn omkring sig sige farvel til den verden, [&hellip;]","og_url":"https:\/\/kunmedierne.dk\/mors\/mindeord-for-jakob-nyborg\/","og_site_name":"Mors","article_published_time":"2021-02-03T08:05:45+00:00","article_modified_time":"2024-08-12T11:37:54+00:00","og_image":[{"width":770,"height":513,"url":"https:\/\/kunmedierne.dk\/mors\/wp-content\/uploads\/2021\/02\/Jakob-Nyborg-mindeord.jpg","type":"image\/jpeg"}],"author":"Navne","twitter_card":"summary_large_image","twitter_misc":{"Skrevet af":"Navne","Estimeret l\u00e6setid":"5 minutter"},"schema":{"@context":"https:\/\/schema.org","@graph":[{"@type":"Article","@id":"https:\/\/kunmedierne.dk\/mors\/mindeord-for-jakob-nyborg\/#article","isPartOf":{"@id":"https:\/\/kunmedierne.dk\/mors\/mindeord-for-jakob-nyborg\/"},"author":{"name":"Navne","@id":"https:\/\/kunmedierne.dk\/mors\/#\/schema\/person\/f084885f8161963bb583d8604763a6b7"},"headline":"Mindeord for Jakob Nyborg","datePublished":"2021-02-03T08:05:45+00:00","dateModified":"2024-08-12T11:37:54+00:00","mainEntityOfPage":{"@id":"https:\/\/kunmedierne.dk\/mors\/mindeord-for-jakob-nyborg\/"},"wordCount":814,"commentCount":0,"publisher":{"@id":"https:\/\/kunmedierne.dk\/mors\/#organization"},"image":{"@id":"https:\/\/kunmedierne.dk\/mors\/mindeord-for-jakob-nyborg\/#primaryimage"},"thumbnailUrl":"https:\/\/kunmedierne.dk\/mors\/wp-content\/uploads\/2021\/02\/Jakob-Nyborg-mindeord.jpg","articleSection":["Navne"],"inLanguage":"da-DK","potentialAction":[{"@type":"CommentAction","name":"Comment","target":["https:\/\/kunmedierne.dk\/mors\/mindeord-for-jakob-nyborg\/#respond"]}]},{"@type":"WebPage","@id":"https:\/\/kunmedierne.dk\/mors\/mindeord-for-jakob-nyborg\/","url":"https:\/\/kunmedierne.dk\/mors\/mindeord-for-jakob-nyborg\/","name":"Mindeord for Jakob Nyborg - Mors","isPartOf":{"@id":"https:\/\/kunmedierne.dk\/mors\/#website"},"primaryImageOfPage":{"@id":"https:\/\/kunmedierne.dk\/mors\/mindeord-for-jakob-nyborg\/#primaryimage"},"image":{"@id":"https:\/\/kunmedierne.dk\/mors\/mindeord-for-jakob-nyborg\/#primaryimage"},"thumbnailUrl":"https:\/\/kunmedierne.dk\/mors\/wp-content\/uploads\/2021\/02\/Jakob-Nyborg-mindeord.jpg","datePublished":"2021-02-03T08:05:45+00:00","dateModified":"2024-08-12T11:37:54+00:00","breadcrumb":{"@id":"https:\/\/kunmedierne.dk\/mors\/mindeord-for-jakob-nyborg\/#breadcrumb"},"inLanguage":"da-DK","potentialAction":[{"@type":"ReadAction","target":["https:\/\/kunmedierne.dk\/mors\/mindeord-for-jakob-nyborg\/"]}]},{"@type":"ImageObject","inLanguage":"da-DK","@id":"https:\/\/kunmedierne.dk\/mors\/mindeord-for-jakob-nyborg\/#primaryimage","url":"https:\/\/kunmedierne.dk\/mors\/wp-content\/uploads\/2021\/02\/Jakob-Nyborg-mindeord.jpg","contentUrl":"https:\/\/kunmedierne.dk\/mors\/wp-content\/uploads\/2021\/02\/Jakob-Nyborg-mindeord.jpg","width":770,"height":513},{"@type":"BreadcrumbList","@id":"https:\/\/kunmedierne.dk\/mors\/mindeord-for-jakob-nyborg\/#breadcrumb","itemListElement":[{"@type":"ListItem","position":1,"name":"Hjem","item":"https:\/\/kunmedierne.dk\/mors\/"},{"@type":"ListItem","position":2,"name":"Mindeord for Jakob Nyborg"}]},{"@type":"WebSite","@id":"https:\/\/kunmedierne.dk\/mors\/#website","url":"https:\/\/kunmedierne.dk\/mors\/","name":"Mors","description":"et netmedie med journalistik om livet p\u00e5 Mors","publisher":{"@id":"https:\/\/kunmedierne.dk\/mors\/#organization"},"potentialAction":[{"@type":"SearchAction","target":{"@type":"EntryPoint","urlTemplate":"https:\/\/kunmedierne.dk\/mors\/?s={search_term_string}"},"query-input":{"@type":"PropertyValueSpecification","valueRequired":true,"valueName":"search_term_string"}}],"inLanguage":"da-DK"},{"@type":"Organization","@id":"https:\/\/kunmedierne.dk\/mors\/#organization","name":"Mors","url":"https:\/\/kunmedierne.dk\/mors\/","logo":{"@type":"ImageObject","inLanguage":"da-DK","@id":"https:\/\/kunmedierne.dk\/mors\/#\/schema\/logo\/image\/","url":"https:\/\/kunmedierne.dk\/mors\/wp-content\/uploads\/2024\/08\/kunmors-logo.svg","contentUrl":"https:\/\/kunmedierne.dk\/mors\/wp-content\/uploads\/2024\/08\/kunmors-logo.svg","caption":"Mors"},"image":{"@id":"https:\/\/kunmedierne.dk\/mors\/#\/schema\/logo\/image\/"}},{"@type":"Person","@id":"https:\/\/kunmedierne.dk\/mors\/#\/schema\/person\/f084885f8161963bb583d8604763a6b7","name":"Navne","image":{"@type":"ImageObject","inLanguage":"da-DK","@id":"https:\/\/kunmedierne.dk\/mors\/#\/schema\/person\/image\/","url":"https:\/\/secure.gravatar.com\/avatar\/6f0953307eaee87813e8e3c90223d5589b093e56e7cc66b5575f901f7b5868a5?s=96&d=mm&r=g","contentUrl":"https:\/\/secure.gravatar.com\/avatar\/6f0953307eaee87813e8e3c90223d5589b093e56e7cc66b5575f901f7b5868a5?s=96&d=mm&r=g","caption":"Navne"},"url":"https:\/\/kunmedierne.dk\/mors\/author\/navne\/"}]}},"_links":{"self":[{"href":"https:\/\/kunmedierne.dk\/mors\/wp-json\/wp\/v2\/posts\/39239","targetHints":{"allow":["GET"]}}],"collection":[{"href":"https:\/\/kunmedierne.dk\/mors\/wp-json\/wp\/v2\/posts"}],"about":[{"href":"https:\/\/kunmedierne.dk\/mors\/wp-json\/wp\/v2\/types\/post"}],"author":[{"embeddable":true,"href":"https:\/\/kunmedierne.dk\/mors\/wp-json\/wp\/v2\/users\/264"}],"replies":[{"embeddable":true,"href":"https:\/\/kunmedierne.dk\/mors\/wp-json\/wp\/v2\/comments?post=39239"}],"version-history":[{"count":2,"href":"https:\/\/kunmedierne.dk\/mors\/wp-json\/wp\/v2\/posts\/39239\/revisions"}],"predecessor-version":[{"id":39244,"href":"https:\/\/kunmedierne.dk\/mors\/wp-json\/wp\/v2\/posts\/39239\/revisions\/39244"}],"wp:featuredmedia":[{"embeddable":true,"href":"https:\/\/kunmedierne.dk\/mors\/wp-json\/wp\/v2\/media\/39240"}],"wp:attachment":[{"href":"https:\/\/kunmedierne.dk\/mors\/wp-json\/wp\/v2\/media?parent=39239"}],"wp:term":[{"taxonomy":"category","embeddable":true,"href":"https:\/\/kunmedierne.dk\/mors\/wp-json\/wp\/v2\/categories?post=39239"},{"taxonomy":"post_tag","embeddable":true,"href":"https:\/\/kunmedierne.dk\/mors\/wp-json\/wp\/v2\/tags?post=39239"}],"curies":[{"name":"wp","href":"https:\/\/api.w.org\/{rel}","templated":true}]}}