{"id":39179,"date":"2021-02-02T19:31:24","date_gmt":"2021-02-02T18:31:24","guid":{"rendered":"https:\/\/kunmedierne.dk\/mors\/?p=39179"},"modified":"2024-08-12T13:37:54","modified_gmt":"2024-08-12T11:37:54","slug":"venstre-formand-vi-har-fulgt-reglerne","status":"publish","type":"post","link":"https:\/\/kunmedierne.dk\/mors\/venstre-formand-vi-har-fulgt-reglerne\/","title":{"rendered":"Venstre-formand: &#8211; Vi har fulgt reglerne"},"content":{"rendered":"<p><strong>MORS<\/strong>: R\u00f8gen har ikke lagt sig helt i Venstre oven p\u00e5 afskeden med en formand for en af partiets lokale v\u00e6lgerforeninger.<\/p>\n<p>For to uger siden fortalte Hans Kr. Nygaard, formand for Sydmors Venstre i to perioder, senest i otte \u00e5r, <a href=\"https:\/\/kunmedierne.dk\/mors\/formand-for-sydmors-venstre-smaekker-med-doeren-og-skaelder-ud-paa-hans-ejner-bertelsen\/\" target=\"_blank\" rel=\"noopener noreferrer\">til KunMors<\/a>, at han havde meldt sig ud af foreningen og helt forladt partiet. Det skyldtes utilfredshed med flere ting &#8211; ogs\u00e5 med Venstre p\u00e5 landsplan. Og p\u00e5 Mors var hans opfattelse, at de lokale v\u00e6lgerforeninger var k\u00f8rt ud p\u00e5 et sidespor i rekrutteringen af kandidater til kommunalvalget 2021.<\/p>\n<p>\u201cDe plejer at v\u00e6re med til at finde de kandidater, der skal stille op. Men lige netop i \u00e5r er processen anderledes. Der g\u00e5r man lidt uden om v\u00e6lgerforeningerne. Vi kommer med forslag, men er ikke med p\u00e5 r\u00e5d,\u201d sagde han til KunMors 19. januar. <a href=\"https:\/\/www.fmspks.dk\/\"><img loading=\"lazy\" decoding=\"async\" class=\"alignright size-full wp-image-35528\" src=\"https:\/\/kunmedierne.dk\/mors\/wp-content\/uploads\/2020\/11\/ho4.jpg\" alt=\"\" width=\"1400\" height=\"125\" srcset=\"https:\/\/kunmedierne.dk\/mors\/wp-content\/uploads\/2020\/11\/ho4.jpg 1400w, https:\/\/kunmedierne.dk\/mors\/wp-content\/uploads\/2020\/11\/ho4-300x27.jpg 300w, https:\/\/kunmedierne.dk\/mors\/wp-content\/uploads\/2020\/11\/ho4-1024x91.jpg 1024w, https:\/\/kunmedierne.dk\/mors\/wp-content\/uploads\/2020\/11\/ho4-768x69.jpg 768w, https:\/\/kunmedierne.dk\/mors\/wp-content\/uploads\/2020\/11\/ho4-600x54.jpg 600w\" sizes=\"auto, (max-width: 1400px) 100vw, 1400px\" \/><\/a><\/p>\n<p>I samme artikel langede han ogs\u00e5 ud efter borgmester Hans Ejner Bertelsen.<\/p>\n<p>&#8220;Det der med ordentlighed er g\u00e5et v\u00e6k. Jeg har altid set p\u00e5 Hans Ejner s\u00e5dan, at ordentlighed var en af hans k\u00e6pheste. Men det kan godt fraviges, ser det ud til,&#8221; l\u00f8d det om utilfredsheden med ikke at blive involveret som \u00f8nsket.<\/p>\n<p>Nu bl\u00f8der Hans Kr. Nygaard dog op i forhold til borgmesteren. I en kommentar sendt til KunMors skriver han:<\/p>\n<p>&#8220;Jeg har ikke sm\u00e6kket med d\u00f8ren og faktisk heller ikke sk\u00e6ldt ud p\u00e5 Hans Ejner Bertelsen.&#8221;<\/p>\n<p>Hans Kr. Nygaard skriver dog, at han stadig undrer sig over processen i forbindelse med opstilling af kandidater til kommunalvalget.<\/p>\n<p>&#8220;Hans Ejner Bertelsen siger, at man bare f\u00f8lger den plan, som bestyrelsen har vedtaget &#8211; her er det vist mest formandens plan,&#8221; skriver Hans Kr. Nygaard med reference til Poul \u00d8stergaard, formand for Venstre Mors. <a href=\"https:\/\/vester-begr.dk\"><img loading=\"lazy\" decoding=\"async\" class=\"alignright size-full wp-image-35526\" src=\"https:\/\/kunmedierne.dk\/mors\/wp-content\/uploads\/2020\/11\/ho2.jpg\" alt=\"\" width=\"1400\" height=\"125\" srcset=\"https:\/\/kunmedierne.dk\/mors\/wp-content\/uploads\/2020\/11\/ho2.jpg 1400w, https:\/\/kunmedierne.dk\/mors\/wp-content\/uploads\/2020\/11\/ho2-300x27.jpg 300w, https:\/\/kunmedierne.dk\/mors\/wp-content\/uploads\/2020\/11\/ho2-1024x91.jpg 1024w, https:\/\/kunmedierne.dk\/mors\/wp-content\/uploads\/2020\/11\/ho2-768x69.jpg 768w, https:\/\/kunmedierne.dk\/mors\/wp-content\/uploads\/2020\/11\/ho2-600x54.jpg 600w\" sizes=\"auto, (max-width: 1400px) 100vw, 1400px\" \/><\/a><\/p>\n<p>&#8220;Jeg kommer aldrig til at forst\u00e5, hvorfor formanden har et \u00f8nske om at g\u00e5 uden om v\u00e6lgerforeningerne. Det er m\u00e5ske et udtryk for komplet magtblindhed i toppen,&#8221; skriver Hans Kr. Nygaard med tilf\u00f8jelsen, at n\u00e5r nogen har antydet, at man i Venstre bliver korrekset eller sat p\u00e5 plads, hvis man har afvigende synspunkter, er det ikke forkert.<\/p>\n<p>&nbsp;<\/p>\n<p><strong>Formand: Vi har fulgt reglerne<\/strong><\/p>\n<p>KunMors har konfronteret Poul \u00d8stergaard med den kontante kritik om magtblindhed og spurgt ham, om den opfattelse af arbejdet i Venstre Mors er korrekt.<\/p>\n<p>&#8220;Det vil jeg ikke kommentere. Men jeg vil gerne sige, at hvis det er mig, der er ordstyrer, og vi har h\u00f8rt nogle synspunkter, er vi p\u00e5 et tidspunkt n\u00f8dt til at tr\u00e6ffe en afg\u00f8relse &#8211; og s\u00e5 g\u00f8r vi det,&#8221; siger Poul \u00d8stergaard.<\/p>\n<p>Han afviser Hans Kr. Nygaards opfattelse af, at de lokale v\u00e6lgerforeninger ikke har haft indflydelse p\u00e5 rekrutteringen af kandidater. <a href=\"https:\/\/www.braendselsforeningen.dk\/\"><img loading=\"lazy\" decoding=\"async\" class=\"alignright size-full wp-image-36029\" src=\"https:\/\/kunmedierne.dk\/mors\/wp-content\/uploads\/2020\/11\/Br\u00e6ndselsforeningen.jpg\" alt=\"\" width=\"1425\" height=\"127\" srcset=\"https:\/\/kunmedierne.dk\/mors\/wp-content\/uploads\/2020\/11\/Br\u00e6ndselsforeningen.jpg 1425w, https:\/\/kunmedierne.dk\/mors\/wp-content\/uploads\/2020\/11\/Br\u00e6ndselsforeningen-300x27.jpg 300w, https:\/\/kunmedierne.dk\/mors\/wp-content\/uploads\/2020\/11\/Br\u00e6ndselsforeningen-1024x91.jpg 1024w, https:\/\/kunmedierne.dk\/mors\/wp-content\/uploads\/2020\/11\/Br\u00e6ndselsforeningen-768x68.jpg 768w, https:\/\/kunmedierne.dk\/mors\/wp-content\/uploads\/2020\/11\/Br\u00e6ndselsforeningen-600x53.jpg 600w\" sizes=\"auto, (max-width: 1425px) 100vw, 1425px\" \/><\/a><\/p>\n<p>&#8220;Han har ikke ret. Det er det, der er udfordringen at forklare ham, og det har vi forklaret ham mange gange. Han har ikke ret i sit synspunkt. Han skal l\u00e6se de papirer, han har derhjemme, og det, han har v\u00e6ret med til at vedtage,&#8221; siger Poul \u00d8stergaard.<\/p>\n<p>Han uddyber, at processen med at finde lokale Venstre-kandidater har v\u00e6ret gennemg\u00e5et b\u00e5de p\u00e5 generalforsamling og i valgudvalget &#8211; og at der ogs\u00e5 er blevet orienteret om valgudvalgets beslutninger.<\/p>\n<p>&#8220;Det regels\u00e6t, vi har lavet for det her valg, har vi opfyldt,&#8221; siger Poul \u00d8stergaard og tilf\u00f8jer, at eneste \u00e6ndring p\u00e5 fremgangsm\u00e5den i 2021 i forhold til forrige valg er, at form\u00e6ndene for de lokale foreninger i \u00e5r er blevet kontaktet enkeltvis frem for at blive indkaldt samtidig.<\/p>\n<p>Samtidig fort\u00e6ller han, at b\u00e5de generalforsamlingen i marts, valgudvalgsm\u00f8det i juni og forretningsudvalgsm\u00f8det lige efter behandlede processen, som ogs\u00e5 blev godkendt uden kommentarer.<\/p>\n<p>P\u00e5 sp\u00f8rgsm\u00e5let, om der s\u00e5 skal laves noget om p\u00e5 processen til valget i 2025, lyder det:<\/p>\n<p>&#8220;Det kan vi ikke vide. Der bliver jo valgt nogle nogle nye folk til generalforsamlingen, s\u00e5 det m\u00e5 v\u00e6re dem, der sidder med opgaven n\u00e6ste gang, som skal finde ud af det.&#8221;<\/p>\n<p>&nbsp;<\/p>\n<p><strong>Har 15 kandidater p\u00e5 plads<\/strong><\/p>\n<p>Siden Hans Kr. Nygaards udmeldelse har Venstre p\u00e5 Mors ogs\u00e5 f\u00e5et andet at t\u00e6nke over. En serie artikler p\u00e5 KunMors med pr\u00e6sentation af andre partiers kandidater har f\u00f8rt til en stribe af debatindl\u00e6g sendt til flere lokale medier &#8211; og debatten om Venstres absolutte flertal i kommunalbestyrelsen har b\u00f8lget frem og tilbage.<\/p>\n<p>Det har Poul \u00d8stergaard ogs\u00e5 bem\u00e6rket.<\/p>\n<p>&#8220;Jeg skal ikke vurdere, om det er et problem, men ved konstitueringen har man vist, at man ville det brede samarbejde. Ellers havde de andre partier ikke f\u00e5et s\u00e5 mange poster, som de har f\u00e5et,&#8221; siger han om Venstre-flertallet. <a href=\"https:\/\/vognmand-filtenborg.dk\/\"><img loading=\"lazy\" decoding=\"async\" class=\"alignright size-full wp-image-35525\" src=\"https:\/\/kunmedierne.dk\/mors\/wp-content\/uploads\/2020\/11\/ho1.jpg\" alt=\"\" width=\"1400\" height=\"125\" srcset=\"https:\/\/kunmedierne.dk\/mors\/wp-content\/uploads\/2020\/11\/ho1.jpg 1400w, https:\/\/kunmedierne.dk\/mors\/wp-content\/uploads\/2020\/11\/ho1-300x27.jpg 300w, https:\/\/kunmedierne.dk\/mors\/wp-content\/uploads\/2020\/11\/ho1-1024x91.jpg 1024w, https:\/\/kunmedierne.dk\/mors\/wp-content\/uploads\/2020\/11\/ho1-768x69.jpg 768w, https:\/\/kunmedierne.dk\/mors\/wp-content\/uploads\/2020\/11\/ho1-600x54.jpg 600w\" sizes=\"auto, (max-width: 1400px) 100vw, 1400px\" \/><\/a><\/p>\n<p>&#8220;Og det med, at nogen skriver, at Venstre holder gruppem\u00f8der inden udvalgsm\u00f8der er jo bare et eksempel p\u00e5, at man arbejder ordentligt,&#8221; tilf\u00f8jer han.<\/p>\n<p>Poul \u00d8stergaard melder i \u00f8vrigt Venstre langt i forhold til at have holdet p\u00e5 plads til efter\u00e5rets kommunalvalg.<\/p>\n<p>&#8220;Vi er godt i gang med at finde kandidater, og lige nu har vi 15. Det er godt p\u00e5 det her tidspunkt,&#8221; siger han tilf\u00f8jer, at man gerne vil op i n\u00e6rheden af 20, og at flere stadig t\u00e6nker over det.<\/p>\n","protected":false},"excerpt":{"rendered":"<p>MORS: R\u00f8gen har ikke lagt sig helt i Venstre oven p\u00e5 afskeden med en formand for en af partiets lokale v\u00e6lgerforeninger. For to uger siden fortalte Hans Kr. Nygaard, formand for Sydmors Venstre i to perioder, senest i otte \u00e5r, til KunMors, at han havde meldt sig ud af foreningen og helt forladt partiet. Det [&hellip;]<\/p>\n","protected":false},"author":8,"featured_media":39191,"comment_status":"open","ping_status":"open","sticky":false,"template":"","format":"standard","meta":{"_acf_changed":false,"footnotes":""},"categories":[51],"tags":[167],"class_list":["post-39179","post","type-post","status-publish","format-standard","has-post-thumbnail","hentry","category-lokalt","tag-politik"],"acf":[],"yoast_head":"<!-- This site is optimized with the Yoast SEO plugin v26.8 - https:\/\/yoast.com\/product\/yoast-seo-wordpress\/ -->\n<title>Venstre-formand: - Vi har fulgt reglerne - Mors<\/title>\n<meta name=\"robots\" content=\"index, follow, max-snippet:-1, max-image-preview:large, max-video-preview:-1\" \/>\n<link rel=\"canonical\" href=\"https:\/\/kunmedierne.dk\/mors\/venstre-formand-vi-har-fulgt-reglerne\/\" \/>\n<meta property=\"og:locale\" content=\"da_DK\" \/>\n<meta property=\"og:type\" content=\"article\" \/>\n<meta property=\"og:title\" content=\"Venstre-formand: - Vi har fulgt reglerne - Mors\" \/>\n<meta property=\"og:description\" content=\"MORS: R\u00f8gen har ikke lagt sig helt i Venstre oven p\u00e5 afskeden med en formand for en af partiets lokale v\u00e6lgerforeninger. For to uger siden fortalte Hans Kr. Nygaard, formand for Sydmors Venstre i to perioder, senest i otte \u00e5r, til KunMors, at han havde meldt sig ud af foreningen og helt forladt partiet. Det [&hellip;]\" \/>\n<meta property=\"og:url\" content=\"https:\/\/kunmedierne.dk\/mors\/venstre-formand-vi-har-fulgt-reglerne\/\" \/>\n<meta property=\"og:site_name\" content=\"Mors\" \/>\n<meta property=\"article:published_time\" content=\"2021-02-02T18:31:24+00:00\" \/>\n<meta property=\"article:modified_time\" content=\"2024-08-12T11:37:54+00:00\" \/>\n<meta property=\"og:image\" content=\"https:\/\/kunmedierne.dk\/mors\/wp-content\/uploads\/2021\/02\/0-byr\u00e5dssalen.jpg\" \/>\n\t<meta property=\"og:image:width\" content=\"770\" \/>\n\t<meta property=\"og:image:height\" content=\"513\" \/>\n\t<meta property=\"og:image:type\" content=\"image\/jpeg\" \/>\n<meta name=\"author\" content=\"David H\u00f8jmark\" \/>\n<meta name=\"twitter:card\" content=\"summary_large_image\" \/>\n<meta name=\"twitter:label1\" content=\"Skrevet af\" \/>\n\t<meta name=\"twitter:data1\" content=\"David H\u00f8jmark\" \/>\n\t<meta name=\"twitter:label2\" content=\"Estimeret l\u00e6setid\" \/>\n\t<meta name=\"twitter:data2\" content=\"4 minutter\" \/>\n<script type=\"application\/ld+json\" class=\"yoast-schema-graph\">{\"@context\":\"https:\/\/schema.org\",\"@graph\":[{\"@type\":\"Article\",\"@id\":\"https:\/\/kunmedierne.dk\/mors\/venstre-formand-vi-har-fulgt-reglerne\/#article\",\"isPartOf\":{\"@id\":\"https:\/\/kunmedierne.dk\/mors\/venstre-formand-vi-har-fulgt-reglerne\/\"},\"author\":{\"name\":\"David H\u00f8jmark\",\"@id\":\"https:\/\/kunmedierne.dk\/mors\/#\/schema\/person\/5fe23251bf1d0abbcdc6f7896579d548\"},\"headline\":\"Venstre-formand: &#8211; Vi har fulgt reglerne\",\"datePublished\":\"2021-02-02T18:31:24+00:00\",\"dateModified\":\"2024-08-12T11:37:54+00:00\",\"mainEntityOfPage\":{\"@id\":\"https:\/\/kunmedierne.dk\/mors\/venstre-formand-vi-har-fulgt-reglerne\/\"},\"wordCount\":871,\"commentCount\":0,\"publisher\":{\"@id\":\"https:\/\/kunmedierne.dk\/mors\/#organization\"},\"image\":{\"@id\":\"https:\/\/kunmedierne.dk\/mors\/venstre-formand-vi-har-fulgt-reglerne\/#primaryimage\"},\"thumbnailUrl\":\"https:\/\/kunmedierne.dk\/mors\/wp-content\/uploads\/2021\/02\/0-byr\u00e5dssalen.jpg\",\"keywords\":[\"Politik\"],\"articleSection\":[\"Lokalt\"],\"inLanguage\":\"da-DK\",\"potentialAction\":[{\"@type\":\"CommentAction\",\"name\":\"Comment\",\"target\":[\"https:\/\/kunmedierne.dk\/mors\/venstre-formand-vi-har-fulgt-reglerne\/#respond\"]}]},{\"@type\":\"WebPage\",\"@id\":\"https:\/\/kunmedierne.dk\/mors\/venstre-formand-vi-har-fulgt-reglerne\/\",\"url\":\"https:\/\/kunmedierne.dk\/mors\/venstre-formand-vi-har-fulgt-reglerne\/\",\"name\":\"Venstre-formand: - Vi har fulgt reglerne - Mors\",\"isPartOf\":{\"@id\":\"https:\/\/kunmedierne.dk\/mors\/#website\"},\"primaryImageOfPage\":{\"@id\":\"https:\/\/kunmedierne.dk\/mors\/venstre-formand-vi-har-fulgt-reglerne\/#primaryimage\"},\"image\":{\"@id\":\"https:\/\/kunmedierne.dk\/mors\/venstre-formand-vi-har-fulgt-reglerne\/#primaryimage\"},\"thumbnailUrl\":\"https:\/\/kunmedierne.dk\/mors\/wp-content\/uploads\/2021\/02\/0-byr\u00e5dssalen.jpg\",\"datePublished\":\"2021-02-02T18:31:24+00:00\",\"dateModified\":\"2024-08-12T11:37:54+00:00\",\"breadcrumb\":{\"@id\":\"https:\/\/kunmedierne.dk\/mors\/venstre-formand-vi-har-fulgt-reglerne\/#breadcrumb\"},\"inLanguage\":\"da-DK\",\"potentialAction\":[{\"@type\":\"ReadAction\",\"target\":[\"https:\/\/kunmedierne.dk\/mors\/venstre-formand-vi-har-fulgt-reglerne\/\"]}]},{\"@type\":\"ImageObject\",\"inLanguage\":\"da-DK\",\"@id\":\"https:\/\/kunmedierne.dk\/mors\/venstre-formand-vi-har-fulgt-reglerne\/#primaryimage\",\"url\":\"https:\/\/kunmedierne.dk\/mors\/wp-content\/uploads\/2021\/02\/0-byr\u00e5dssalen.jpg\",\"contentUrl\":\"https:\/\/kunmedierne.dk\/mors\/wp-content\/uploads\/2021\/02\/0-byr\u00e5dssalen.jpg\",\"width\":770,\"height\":513,\"caption\":\"Venstre er stadig ved at finde kandidater til den lokale byr\u00e5dssal. Udmeldt v\u00e6lgerforeningsformand er stadig utilfreds med fremgangsm\u00e5den. Foto: Per Bech\/Mors\u00f8 Kommune\"},{\"@type\":\"BreadcrumbList\",\"@id\":\"https:\/\/kunmedierne.dk\/mors\/venstre-formand-vi-har-fulgt-reglerne\/#breadcrumb\",\"itemListElement\":[{\"@type\":\"ListItem\",\"position\":1,\"name\":\"Hjem\",\"item\":\"https:\/\/kunmedierne.dk\/mors\/\"},{\"@type\":\"ListItem\",\"position\":2,\"name\":\"Venstre-formand: &#8211; Vi har fulgt reglerne\"}]},{\"@type\":\"WebSite\",\"@id\":\"https:\/\/kunmedierne.dk\/mors\/#website\",\"url\":\"https:\/\/kunmedierne.dk\/mors\/\",\"name\":\"Mors\",\"description\":\"et netmedie med journalistik om livet p\u00e5 Mors\",\"publisher\":{\"@id\":\"https:\/\/kunmedierne.dk\/mors\/#organization\"},\"potentialAction\":[{\"@type\":\"SearchAction\",\"target\":{\"@type\":\"EntryPoint\",\"urlTemplate\":\"https:\/\/kunmedierne.dk\/mors\/?s={search_term_string}\"},\"query-input\":{\"@type\":\"PropertyValueSpecification\",\"valueRequired\":true,\"valueName\":\"search_term_string\"}}],\"inLanguage\":\"da-DK\"},{\"@type\":\"Organization\",\"@id\":\"https:\/\/kunmedierne.dk\/mors\/#organization\",\"name\":\"Mors\",\"url\":\"https:\/\/kunmedierne.dk\/mors\/\",\"logo\":{\"@type\":\"ImageObject\",\"inLanguage\":\"da-DK\",\"@id\":\"https:\/\/kunmedierne.dk\/mors\/#\/schema\/logo\/image\/\",\"url\":\"https:\/\/kunmedierne.dk\/mors\/wp-content\/uploads\/2024\/08\/kunmors-logo.svg\",\"contentUrl\":\"https:\/\/kunmedierne.dk\/mors\/wp-content\/uploads\/2024\/08\/kunmors-logo.svg\",\"caption\":\"Mors\"},\"image\":{\"@id\":\"https:\/\/kunmedierne.dk\/mors\/#\/schema\/logo\/image\/\"}},{\"@type\":\"Person\",\"@id\":\"https:\/\/kunmedierne.dk\/mors\/#\/schema\/person\/5fe23251bf1d0abbcdc6f7896579d548\",\"name\":\"David H\u00f8jmark\",\"image\":{\"@type\":\"ImageObject\",\"inLanguage\":\"da-DK\",\"@id\":\"https:\/\/kunmedierne.dk\/mors\/#\/schema\/person\/image\/\",\"url\":\"https:\/\/secure.gravatar.com\/avatar\/4315d6fb9ef244d729989f5f90268eb08d5bf8a3d84402f595fa194bb35784fd?s=96&d=mm&r=g\",\"contentUrl\":\"https:\/\/secure.gravatar.com\/avatar\/4315d6fb9ef244d729989f5f90268eb08d5bf8a3d84402f595fa194bb35784fd?s=96&d=mm&r=g\",\"caption\":\"David H\u00f8jmark\"},\"sameAs\":[\"https:\/\/www.kunmedierne.dk\"],\"url\":\"https:\/\/kunmedierne.dk\/mors\/author\/david\/\"}]}<\/script>\n<!-- \/ Yoast SEO plugin. -->","yoast_head_json":{"title":"Venstre-formand: - Vi har fulgt reglerne - Mors","robots":{"index":"index","follow":"follow","max-snippet":"max-snippet:-1","max-image-preview":"max-image-preview:large","max-video-preview":"max-video-preview:-1"},"canonical":"https:\/\/kunmedierne.dk\/mors\/venstre-formand-vi-har-fulgt-reglerne\/","og_locale":"da_DK","og_type":"article","og_title":"Venstre-formand: - Vi har fulgt reglerne - Mors","og_description":"MORS: R\u00f8gen har ikke lagt sig helt i Venstre oven p\u00e5 afskeden med en formand for en af partiets lokale v\u00e6lgerforeninger. For to uger siden fortalte Hans Kr. Nygaard, formand for Sydmors Venstre i to perioder, senest i otte \u00e5r, til KunMors, at han havde meldt sig ud af foreningen og helt forladt partiet. Det [&hellip;]","og_url":"https:\/\/kunmedierne.dk\/mors\/venstre-formand-vi-har-fulgt-reglerne\/","og_site_name":"Mors","article_published_time":"2021-02-02T18:31:24+00:00","article_modified_time":"2024-08-12T11:37:54+00:00","og_image":[{"width":770,"height":513,"url":"https:\/\/kunmedierne.dk\/mors\/wp-content\/uploads\/2021\/02\/0-byr\u00e5dssalen.jpg","type":"image\/jpeg"}],"author":"David H\u00f8jmark","twitter_card":"summary_large_image","twitter_misc":{"Skrevet af":"David H\u00f8jmark","Estimeret l\u00e6setid":"4 minutter"},"schema":{"@context":"https:\/\/schema.org","@graph":[{"@type":"Article","@id":"https:\/\/kunmedierne.dk\/mors\/venstre-formand-vi-har-fulgt-reglerne\/#article","isPartOf":{"@id":"https:\/\/kunmedierne.dk\/mors\/venstre-formand-vi-har-fulgt-reglerne\/"},"author":{"name":"David H\u00f8jmark","@id":"https:\/\/kunmedierne.dk\/mors\/#\/schema\/person\/5fe23251bf1d0abbcdc6f7896579d548"},"headline":"Venstre-formand: &#8211; Vi har fulgt reglerne","datePublished":"2021-02-02T18:31:24+00:00","dateModified":"2024-08-12T11:37:54+00:00","mainEntityOfPage":{"@id":"https:\/\/kunmedierne.dk\/mors\/venstre-formand-vi-har-fulgt-reglerne\/"},"wordCount":871,"commentCount":0,"publisher":{"@id":"https:\/\/kunmedierne.dk\/mors\/#organization"},"image":{"@id":"https:\/\/kunmedierne.dk\/mors\/venstre-formand-vi-har-fulgt-reglerne\/#primaryimage"},"thumbnailUrl":"https:\/\/kunmedierne.dk\/mors\/wp-content\/uploads\/2021\/02\/0-byr\u00e5dssalen.jpg","keywords":["Politik"],"articleSection":["Lokalt"],"inLanguage":"da-DK","potentialAction":[{"@type":"CommentAction","name":"Comment","target":["https:\/\/kunmedierne.dk\/mors\/venstre-formand-vi-har-fulgt-reglerne\/#respond"]}]},{"@type":"WebPage","@id":"https:\/\/kunmedierne.dk\/mors\/venstre-formand-vi-har-fulgt-reglerne\/","url":"https:\/\/kunmedierne.dk\/mors\/venstre-formand-vi-har-fulgt-reglerne\/","name":"Venstre-formand: - Vi har fulgt reglerne - Mors","isPartOf":{"@id":"https:\/\/kunmedierne.dk\/mors\/#website"},"primaryImageOfPage":{"@id":"https:\/\/kunmedierne.dk\/mors\/venstre-formand-vi-har-fulgt-reglerne\/#primaryimage"},"image":{"@id":"https:\/\/kunmedierne.dk\/mors\/venstre-formand-vi-har-fulgt-reglerne\/#primaryimage"},"thumbnailUrl":"https:\/\/kunmedierne.dk\/mors\/wp-content\/uploads\/2021\/02\/0-byr\u00e5dssalen.jpg","datePublished":"2021-02-02T18:31:24+00:00","dateModified":"2024-08-12T11:37:54+00:00","breadcrumb":{"@id":"https:\/\/kunmedierne.dk\/mors\/venstre-formand-vi-har-fulgt-reglerne\/#breadcrumb"},"inLanguage":"da-DK","potentialAction":[{"@type":"ReadAction","target":["https:\/\/kunmedierne.dk\/mors\/venstre-formand-vi-har-fulgt-reglerne\/"]}]},{"@type":"ImageObject","inLanguage":"da-DK","@id":"https:\/\/kunmedierne.dk\/mors\/venstre-formand-vi-har-fulgt-reglerne\/#primaryimage","url":"https:\/\/kunmedierne.dk\/mors\/wp-content\/uploads\/2021\/02\/0-byr\u00e5dssalen.jpg","contentUrl":"https:\/\/kunmedierne.dk\/mors\/wp-content\/uploads\/2021\/02\/0-byr\u00e5dssalen.jpg","width":770,"height":513,"caption":"Venstre er stadig ved at finde kandidater til den lokale byr\u00e5dssal. Udmeldt v\u00e6lgerforeningsformand er stadig utilfreds med fremgangsm\u00e5den. Foto: Per Bech\/Mors\u00f8 Kommune"},{"@type":"BreadcrumbList","@id":"https:\/\/kunmedierne.dk\/mors\/venstre-formand-vi-har-fulgt-reglerne\/#breadcrumb","itemListElement":[{"@type":"ListItem","position":1,"name":"Hjem","item":"https:\/\/kunmedierne.dk\/mors\/"},{"@type":"ListItem","position":2,"name":"Venstre-formand: &#8211; Vi har fulgt reglerne"}]},{"@type":"WebSite","@id":"https:\/\/kunmedierne.dk\/mors\/#website","url":"https:\/\/kunmedierne.dk\/mors\/","name":"Mors","description":"et netmedie med journalistik om livet p\u00e5 Mors","publisher":{"@id":"https:\/\/kunmedierne.dk\/mors\/#organization"},"potentialAction":[{"@type":"SearchAction","target":{"@type":"EntryPoint","urlTemplate":"https:\/\/kunmedierne.dk\/mors\/?s={search_term_string}"},"query-input":{"@type":"PropertyValueSpecification","valueRequired":true,"valueName":"search_term_string"}}],"inLanguage":"da-DK"},{"@type":"Organization","@id":"https:\/\/kunmedierne.dk\/mors\/#organization","name":"Mors","url":"https:\/\/kunmedierne.dk\/mors\/","logo":{"@type":"ImageObject","inLanguage":"da-DK","@id":"https:\/\/kunmedierne.dk\/mors\/#\/schema\/logo\/image\/","url":"https:\/\/kunmedierne.dk\/mors\/wp-content\/uploads\/2024\/08\/kunmors-logo.svg","contentUrl":"https:\/\/kunmedierne.dk\/mors\/wp-content\/uploads\/2024\/08\/kunmors-logo.svg","caption":"Mors"},"image":{"@id":"https:\/\/kunmedierne.dk\/mors\/#\/schema\/logo\/image\/"}},{"@type":"Person","@id":"https:\/\/kunmedierne.dk\/mors\/#\/schema\/person\/5fe23251bf1d0abbcdc6f7896579d548","name":"David H\u00f8jmark","image":{"@type":"ImageObject","inLanguage":"da-DK","@id":"https:\/\/kunmedierne.dk\/mors\/#\/schema\/person\/image\/","url":"https:\/\/secure.gravatar.com\/avatar\/4315d6fb9ef244d729989f5f90268eb08d5bf8a3d84402f595fa194bb35784fd?s=96&d=mm&r=g","contentUrl":"https:\/\/secure.gravatar.com\/avatar\/4315d6fb9ef244d729989f5f90268eb08d5bf8a3d84402f595fa194bb35784fd?s=96&d=mm&r=g","caption":"David H\u00f8jmark"},"sameAs":["https:\/\/www.kunmedierne.dk"],"url":"https:\/\/kunmedierne.dk\/mors\/author\/david\/"}]}},"_links":{"self":[{"href":"https:\/\/kunmedierne.dk\/mors\/wp-json\/wp\/v2\/posts\/39179","targetHints":{"allow":["GET"]}}],"collection":[{"href":"https:\/\/kunmedierne.dk\/mors\/wp-json\/wp\/v2\/posts"}],"about":[{"href":"https:\/\/kunmedierne.dk\/mors\/wp-json\/wp\/v2\/types\/post"}],"author":[{"embeddable":true,"href":"https:\/\/kunmedierne.dk\/mors\/wp-json\/wp\/v2\/users\/8"}],"replies":[{"embeddable":true,"href":"https:\/\/kunmedierne.dk\/mors\/wp-json\/wp\/v2\/comments?post=39179"}],"version-history":[{"count":5,"href":"https:\/\/kunmedierne.dk\/mors\/wp-json\/wp\/v2\/posts\/39179\/revisions"}],"predecessor-version":[{"id":39225,"href":"https:\/\/kunmedierne.dk\/mors\/wp-json\/wp\/v2\/posts\/39179\/revisions\/39225"}],"wp:featuredmedia":[{"embeddable":true,"href":"https:\/\/kunmedierne.dk\/mors\/wp-json\/wp\/v2\/media\/39191"}],"wp:attachment":[{"href":"https:\/\/kunmedierne.dk\/mors\/wp-json\/wp\/v2\/media?parent=39179"}],"wp:term":[{"taxonomy":"category","embeddable":true,"href":"https:\/\/kunmedierne.dk\/mors\/wp-json\/wp\/v2\/categories?post=39179"},{"taxonomy":"post_tag","embeddable":true,"href":"https:\/\/kunmedierne.dk\/mors\/wp-json\/wp\/v2\/tags?post=39179"}],"curies":[{"name":"wp","href":"https:\/\/api.w.org\/{rel}","templated":true}]}}