{"id":38942,"date":"2021-01-30T10:54:13","date_gmt":"2021-01-30T09:54:13","guid":{"rendered":"https:\/\/kunmedierne.dk\/mors\/?p=38942"},"modified":"2024-08-12T13:37:55","modified_gmt":"2024-08-12T11:37:55","slug":"hvad-er-reelt-demokrati","status":"publish","type":"post","link":"https:\/\/kunmedierne.dk\/mors\/hvad-er-reelt-demokrati\/","title":{"rendered":"Hvad er reelt demokrati?"},"content":{"rendered":"<p><em>Fra Lars Bo Majgaard, kandidat for Radikale Venstre ved kommunalvalg 2021 p\u00e5 Mors, har vi modtaget:<\/em><\/p>\n<hr \/>\n<p>I et debatindl\u00e6g p\u00e5 KUNMORS.DK d. 28. januar af Hanne Haldrup fra Venstre kommenterer hun p\u00e5 det \u00f8nske om at bryde Venstres absolutte flertal, som er blevet fremsat af en r\u00e6kke kandidater fra forskellige partier. Hanne Haldrup skriver blandt andet: <em>\u201dJeg synes faktisk, at indl\u00e6ggene underkender borgernes vurderingsevne og stemmer. En m\u00e6rkelig form for demokratiopfattelse.\u201d<\/em><\/p>\n<p>Det giver mig lyst til at forklare lidt om <strong>MIN DEMOKRATIOPFATTELSE.<\/strong><\/p>\n<p>V\u00e6lgerne bestemte for snart 4 \u00e5r siden, at Venstre skulle have absolut flertal i kommunalbestyrelsen og det er der ikke nogen, som har anf\u00e6gtet i debatten. Alligevel er det vel legitimt nok, hvis man har et \u00f8nske om, at situationen efter valget til november bliver en anden? <a href=\"https:\/\/www.fmspks.dk\/\"><img loading=\"lazy\" decoding=\"async\" class=\"alignright size-full wp-image-35528\" src=\"https:\/\/kunmedierne.dk\/mors\/wp-content\/uploads\/2020\/11\/ho4.jpg\" alt=\"\" width=\"1400\" height=\"125\" srcset=\"https:\/\/kunmedierne.dk\/mors\/wp-content\/uploads\/2020\/11\/ho4.jpg 1400w, https:\/\/kunmedierne.dk\/mors\/wp-content\/uploads\/2020\/11\/ho4-300x27.jpg 300w, https:\/\/kunmedierne.dk\/mors\/wp-content\/uploads\/2020\/11\/ho4-1024x91.jpg 1024w, https:\/\/kunmedierne.dk\/mors\/wp-content\/uploads\/2020\/11\/ho4-768x69.jpg 768w, https:\/\/kunmedierne.dk\/mors\/wp-content\/uploads\/2020\/11\/ho4-600x54.jpg 600w\" sizes=\"auto, (max-width: 1400px) 100vw, 1400px\" \/><\/a><\/p>\n<p>Hele diskussionen f\u00e5r mig til at t\u00e6nke p\u00e5 en historie som teologen og kirkehistorikeren Hal Koch beskriver i sit mest kendte v\u00e6rk fra 1945, som hedder \u201dHvad er demokrati?\u201d Hal Koch havde den demokratiopfattelse som JEG deler, at demokrati er ligev\u00e6rdig samtale, man skal tilstr\u00e6be konsensus og det er ikke altid flertallet som har ret!<\/p>\n<p>Han skriver i v\u00e6rket:<\/p>\n<p><em>&#8220;Der findes et sted her i landet et sogner\u00e5d, i hvilket der er to grupper, en flertalsgruppe p\u00e5 7 medlemmer og en mindretalsgruppe p\u00e5 4 medlemmer. Flertallet er s\u00e5ledes solidt, og der er ingen grund til at tro, at det skulle kunne rokkes i de f\u00f8rste mange \u00e5r. I m\u00f8derne g\u00e5r det meget ofte s\u00e5ledes til, at flertallet kort og knapt frems\u00e6tter det forslag, som man i gruppen er blevet enig om. Derefter f\u00e5r oppositionen ordet. Det er jo en demokratisk forsamling! Den afgiver et langt og velbegrundet indl\u00e6g, som viser vanskelighederne ved sagen. Under dette indl\u00e6g kan ingen se, om flertalsgruppens medlemmer h\u00f8rer efter eller sover, men vi m\u00e5 vel g\u00e5 ud fra, at de g\u00f8r det f\u00f8rste. N\u00e5r oppositionen har fremsat sine indvendinger, kan det ske, at formanden eller en anden siger et par ord \u2013 gerne temmelig hvasse ord. Men man er sj\u00e6lden n\u00e5et ret langt, f\u00f8r flertalsgruppen foresl\u00e5r, at man g\u00e5r over til afstemning. En videre dr\u00f8ftelse finder man som regel ikke n\u00f8dvendig. Det er det heller ikke. For flertallet har afgjort sagen i forvejen og bryder sig ikke en d\u00f8jt om modparten eller dens synspunkter. Men m\u00f8det slutter altid med en god demokratisk afstemning, hvor stemmerne m\u00e6rkelig nok falder 7 mod 4, hvorefter man g\u00e5r hver til sit, overbevist om at have gjort et godt demokratisk arbejde. Har ordet ikke v\u00e6ret frit, er sagen ikke blevet afgjort ved afstemning, og har flertallet ikke f\u00e5et lov at bestemme? Hvad vil man mere?\u201d<\/em><\/p>\n<p>JEG VIL MERE!<\/p>\n<p>Det er naturligvis fuldt forst\u00e5eligt og legitimt at Venstre arbejder for at f\u00e5 absolut flertal igen ved valget til november, men det er ogs\u00e5 legitimt og forst\u00e5eligt (Med Hal Kochs historie i erindring) at vi er nogen som arbejder for det modsatte. <a href=\"https:\/\/morsoe-begravelsesforretning.dk\/\"><img loading=\"lazy\" decoding=\"async\" class=\"alignright size-full wp-image-35519\" src=\"https:\/\/kunmedierne.dk\/mors\/wp-content\/uploads\/2020\/11\/ho5.jpg\" alt=\"\" width=\"1425\" height=\"127\" srcset=\"https:\/\/kunmedierne.dk\/mors\/wp-content\/uploads\/2020\/11\/ho5.jpg 1425w, https:\/\/kunmedierne.dk\/mors\/wp-content\/uploads\/2020\/11\/ho5-300x27.jpg 300w, https:\/\/kunmedierne.dk\/mors\/wp-content\/uploads\/2020\/11\/ho5-1024x91.jpg 1024w, https:\/\/kunmedierne.dk\/mors\/wp-content\/uploads\/2020\/11\/ho5-768x68.jpg 768w, https:\/\/kunmedierne.dk\/mors\/wp-content\/uploads\/2020\/11\/ho5-600x53.jpg 600w\" sizes=\"auto, (max-width: 1425px) 100vw, 1425px\" \/><\/a><\/p>\n<p>Hanne Haldrup skriver <em>\u201dEnhver politiker har \u2013 via saglige argumenter \u2013 mulighed for at p\u00e5virke debatten og dermed de beslutninger der tr\u00e6ffes. Det ved vi alle!\u201d <\/em><\/p>\n<p>Jeg er fuldst\u00e6ndig enig i at det BURDE v\u00e6re s\u00e5dan, men absolut flertal til ET PARTI i kommunalbestyrelsen er IKKE befordrende for denne situation!<\/p>\n<hr \/>\n<p><em>Har du et bidrag til den lokale debat? Send det til os p\u00e5 e-mail: debat@kunmedierne.dk\/mors. Husk at l\u00e6se korrektur inden afsendelse p\u00e5 indl\u00e6gget.<\/em><\/p>\n<blockquote><p>F\u00f8lg vores serie om kandidater til kommunalvalget i 2021. Seneste afsnit er\u00a0<a href=\"https:\/\/kunmedierne.dk\/mors\/konservative-vil-bryde-venstres-flertal\/\" target=\"_blank\" rel=\"noopener noreferrer\">her<\/a>.<\/p><\/blockquote>\n","protected":false},"excerpt":{"rendered":"<p>Fra Lars Bo Majgaard, kandidat for Radikale Venstre ved kommunalvalg 2021 p\u00e5 Mors, har vi modtaget: I et debatindl\u00e6g p\u00e5 KUNMORS.DK d. 28. januar af Hanne Haldrup fra Venstre kommenterer hun p\u00e5 det \u00f8nske om at bryde Venstres absolutte flertal, som er blevet fremsat af en r\u00e6kke kandidater fra forskellige partier. Hanne Haldrup skriver blandt [&hellip;]<\/p>\n","protected":false},"author":11,"featured_media":37685,"comment_status":"open","ping_status":"open","sticky":false,"template":"","format":"standard","meta":{"_acf_changed":false,"footnotes":""},"categories":[56],"tags":[167],"class_list":["post-38942","post","type-post","status-publish","format-standard","has-post-thumbnail","hentry","category-debat","tag-politik"],"acf":[],"yoast_head":"<!-- This site is optimized with the Yoast SEO plugin v26.8 - https:\/\/yoast.com\/product\/yoast-seo-wordpress\/ -->\n<title>Hvad er reelt demokrati? - Mors<\/title>\n<meta name=\"robots\" content=\"index, follow, max-snippet:-1, max-image-preview:large, max-video-preview:-1\" \/>\n<link rel=\"canonical\" href=\"https:\/\/kunmedierne.dk\/mors\/hvad-er-reelt-demokrati\/\" \/>\n<meta property=\"og:locale\" content=\"da_DK\" \/>\n<meta property=\"og:type\" content=\"article\" \/>\n<meta property=\"og:title\" content=\"Hvad er reelt demokrati? - Mors\" \/>\n<meta property=\"og:description\" content=\"Fra Lars Bo Majgaard, kandidat for Radikale Venstre ved kommunalvalg 2021 p\u00e5 Mors, har vi modtaget: I et debatindl\u00e6g p\u00e5 KUNMORS.DK d. 28. januar af Hanne Haldrup fra Venstre kommenterer hun p\u00e5 det \u00f8nske om at bryde Venstres absolutte flertal, som er blevet fremsat af en r\u00e6kke kandidater fra forskellige partier. Hanne Haldrup skriver blandt [&hellip;]\" \/>\n<meta property=\"og:url\" content=\"https:\/\/kunmedierne.dk\/mors\/hvad-er-reelt-demokrati\/\" \/>\n<meta property=\"og:site_name\" content=\"Mors\" \/>\n<meta property=\"article:published_time\" content=\"2021-01-30T09:54:13+00:00\" \/>\n<meta property=\"article:modified_time\" content=\"2024-08-12T11:37:55+00:00\" \/>\n<meta property=\"og:image\" content=\"https:\/\/kunmedierne.dk\/mors\/wp-content\/uploads\/2021\/01\/Lars-Bo-Majgaard.jpg\" \/>\n\t<meta property=\"og:image:width\" content=\"770\" \/>\n\t<meta property=\"og:image:height\" content=\"513\" \/>\n\t<meta property=\"og:image:type\" content=\"image\/jpeg\" \/>\n<meta name=\"author\" content=\"Debat\" \/>\n<meta name=\"twitter:card\" content=\"summary_large_image\" \/>\n<meta name=\"twitter:label1\" content=\"Skrevet af\" \/>\n\t<meta name=\"twitter:data1\" content=\"Debat\" \/>\n\t<meta name=\"twitter:label2\" content=\"Estimeret l\u00e6setid\" \/>\n\t<meta name=\"twitter:data2\" content=\"3 minutter\" \/>\n<script type=\"application\/ld+json\" class=\"yoast-schema-graph\">{\"@context\":\"https:\/\/schema.org\",\"@graph\":[{\"@type\":\"Article\",\"@id\":\"https:\/\/kunmedierne.dk\/mors\/hvad-er-reelt-demokrati\/#article\",\"isPartOf\":{\"@id\":\"https:\/\/kunmedierne.dk\/mors\/hvad-er-reelt-demokrati\/\"},\"author\":{\"name\":\"Debat\",\"@id\":\"https:\/\/kunmedierne.dk\/mors\/#\/schema\/person\/84c1391bce0b43b9bb3a49736bc0ad78\"},\"headline\":\"Hvad er reelt demokrati?\",\"datePublished\":\"2021-01-30T09:54:13+00:00\",\"dateModified\":\"2024-08-12T11:37:55+00:00\",\"mainEntityOfPage\":{\"@id\":\"https:\/\/kunmedierne.dk\/mors\/hvad-er-reelt-demokrati\/\"},\"wordCount\":610,\"commentCount\":0,\"publisher\":{\"@id\":\"https:\/\/kunmedierne.dk\/mors\/#organization\"},\"image\":{\"@id\":\"https:\/\/kunmedierne.dk\/mors\/hvad-er-reelt-demokrati\/#primaryimage\"},\"thumbnailUrl\":\"https:\/\/kunmedierne.dk\/mors\/wp-content\/uploads\/2021\/01\/Lars-Bo-Majgaard.jpg\",\"keywords\":[\"Politik\"],\"articleSection\":[\"Debat\"],\"inLanguage\":\"da-DK\",\"potentialAction\":[{\"@type\":\"CommentAction\",\"name\":\"Comment\",\"target\":[\"https:\/\/kunmedierne.dk\/mors\/hvad-er-reelt-demokrati\/#respond\"]}]},{\"@type\":\"WebPage\",\"@id\":\"https:\/\/kunmedierne.dk\/mors\/hvad-er-reelt-demokrati\/\",\"url\":\"https:\/\/kunmedierne.dk\/mors\/hvad-er-reelt-demokrati\/\",\"name\":\"Hvad er reelt demokrati? - Mors\",\"isPartOf\":{\"@id\":\"https:\/\/kunmedierne.dk\/mors\/#website\"},\"primaryImageOfPage\":{\"@id\":\"https:\/\/kunmedierne.dk\/mors\/hvad-er-reelt-demokrati\/#primaryimage\"},\"image\":{\"@id\":\"https:\/\/kunmedierne.dk\/mors\/hvad-er-reelt-demokrati\/#primaryimage\"},\"thumbnailUrl\":\"https:\/\/kunmedierne.dk\/mors\/wp-content\/uploads\/2021\/01\/Lars-Bo-Majgaard.jpg\",\"datePublished\":\"2021-01-30T09:54:13+00:00\",\"dateModified\":\"2024-08-12T11:37:55+00:00\",\"breadcrumb\":{\"@id\":\"https:\/\/kunmedierne.dk\/mors\/hvad-er-reelt-demokrati\/#breadcrumb\"},\"inLanguage\":\"da-DK\",\"potentialAction\":[{\"@type\":\"ReadAction\",\"target\":[\"https:\/\/kunmedierne.dk\/mors\/hvad-er-reelt-demokrati\/\"]}]},{\"@type\":\"ImageObject\",\"inLanguage\":\"da-DK\",\"@id\":\"https:\/\/kunmedierne.dk\/mors\/hvad-er-reelt-demokrati\/#primaryimage\",\"url\":\"https:\/\/kunmedierne.dk\/mors\/wp-content\/uploads\/2021\/01\/Lars-Bo-Majgaard.jpg\",\"contentUrl\":\"https:\/\/kunmedierne.dk\/mors\/wp-content\/uploads\/2021\/01\/Lars-Bo-Majgaard.jpg\",\"width\":770,\"height\":513,\"caption\":\"Lars Bo Majgaard, kandidat til kommunalbestyrelsen for Radikale Venstre.\"},{\"@type\":\"BreadcrumbList\",\"@id\":\"https:\/\/kunmedierne.dk\/mors\/hvad-er-reelt-demokrati\/#breadcrumb\",\"itemListElement\":[{\"@type\":\"ListItem\",\"position\":1,\"name\":\"Hjem\",\"item\":\"https:\/\/kunmedierne.dk\/mors\/\"},{\"@type\":\"ListItem\",\"position\":2,\"name\":\"Hvad er reelt demokrati?\"}]},{\"@type\":\"WebSite\",\"@id\":\"https:\/\/kunmedierne.dk\/mors\/#website\",\"url\":\"https:\/\/kunmedierne.dk\/mors\/\",\"name\":\"Mors\",\"description\":\"et netmedie med journalistik om livet p\u00e5 Mors\",\"publisher\":{\"@id\":\"https:\/\/kunmedierne.dk\/mors\/#organization\"},\"potentialAction\":[{\"@type\":\"SearchAction\",\"target\":{\"@type\":\"EntryPoint\",\"urlTemplate\":\"https:\/\/kunmedierne.dk\/mors\/?s={search_term_string}\"},\"query-input\":{\"@type\":\"PropertyValueSpecification\",\"valueRequired\":true,\"valueName\":\"search_term_string\"}}],\"inLanguage\":\"da-DK\"},{\"@type\":\"Organization\",\"@id\":\"https:\/\/kunmedierne.dk\/mors\/#organization\",\"name\":\"Mors\",\"url\":\"https:\/\/kunmedierne.dk\/mors\/\",\"logo\":{\"@type\":\"ImageObject\",\"inLanguage\":\"da-DK\",\"@id\":\"https:\/\/kunmedierne.dk\/mors\/#\/schema\/logo\/image\/\",\"url\":\"https:\/\/kunmedierne.dk\/mors\/wp-content\/uploads\/2024\/08\/kunmors-logo.svg\",\"contentUrl\":\"https:\/\/kunmedierne.dk\/mors\/wp-content\/uploads\/2024\/08\/kunmors-logo.svg\",\"caption\":\"Mors\"},\"image\":{\"@id\":\"https:\/\/kunmedierne.dk\/mors\/#\/schema\/logo\/image\/\"}},{\"@type\":\"Person\",\"@id\":\"https:\/\/kunmedierne.dk\/mors\/#\/schema\/person\/84c1391bce0b43b9bb3a49736bc0ad78\",\"name\":\"Debat\",\"image\":{\"@type\":\"ImageObject\",\"inLanguage\":\"da-DK\",\"@id\":\"https:\/\/kunmedierne.dk\/mors\/#\/schema\/person\/image\/\",\"url\":\"https:\/\/secure.gravatar.com\/avatar\/b0fb2e221d618f7c65162ab0d49c7e8a0b580c871ca03af90e42b47b4150654c?s=96&d=mm&r=g\",\"contentUrl\":\"https:\/\/secure.gravatar.com\/avatar\/b0fb2e221d618f7c65162ab0d49c7e8a0b580c871ca03af90e42b47b4150654c?s=96&d=mm&r=g\",\"caption\":\"Debat\"},\"url\":\"https:\/\/kunmedierne.dk\/mors\/author\/debat\/\"}]}<\/script>\n<!-- \/ Yoast SEO plugin. -->","yoast_head_json":{"title":"Hvad er reelt demokrati? - Mors","robots":{"index":"index","follow":"follow","max-snippet":"max-snippet:-1","max-image-preview":"max-image-preview:large","max-video-preview":"max-video-preview:-1"},"canonical":"https:\/\/kunmedierne.dk\/mors\/hvad-er-reelt-demokrati\/","og_locale":"da_DK","og_type":"article","og_title":"Hvad er reelt demokrati? - Mors","og_description":"Fra Lars Bo Majgaard, kandidat for Radikale Venstre ved kommunalvalg 2021 p\u00e5 Mors, har vi modtaget: I et debatindl\u00e6g p\u00e5 KUNMORS.DK d. 28. januar af Hanne Haldrup fra Venstre kommenterer hun p\u00e5 det \u00f8nske om at bryde Venstres absolutte flertal, som er blevet fremsat af en r\u00e6kke kandidater fra forskellige partier. Hanne Haldrup skriver blandt [&hellip;]","og_url":"https:\/\/kunmedierne.dk\/mors\/hvad-er-reelt-demokrati\/","og_site_name":"Mors","article_published_time":"2021-01-30T09:54:13+00:00","article_modified_time":"2024-08-12T11:37:55+00:00","og_image":[{"width":770,"height":513,"url":"https:\/\/kunmedierne.dk\/mors\/wp-content\/uploads\/2021\/01\/Lars-Bo-Majgaard.jpg","type":"image\/jpeg"}],"author":"Debat","twitter_card":"summary_large_image","twitter_misc":{"Skrevet af":"Debat","Estimeret l\u00e6setid":"3 minutter"},"schema":{"@context":"https:\/\/schema.org","@graph":[{"@type":"Article","@id":"https:\/\/kunmedierne.dk\/mors\/hvad-er-reelt-demokrati\/#article","isPartOf":{"@id":"https:\/\/kunmedierne.dk\/mors\/hvad-er-reelt-demokrati\/"},"author":{"name":"Debat","@id":"https:\/\/kunmedierne.dk\/mors\/#\/schema\/person\/84c1391bce0b43b9bb3a49736bc0ad78"},"headline":"Hvad er reelt demokrati?","datePublished":"2021-01-30T09:54:13+00:00","dateModified":"2024-08-12T11:37:55+00:00","mainEntityOfPage":{"@id":"https:\/\/kunmedierne.dk\/mors\/hvad-er-reelt-demokrati\/"},"wordCount":610,"commentCount":0,"publisher":{"@id":"https:\/\/kunmedierne.dk\/mors\/#organization"},"image":{"@id":"https:\/\/kunmedierne.dk\/mors\/hvad-er-reelt-demokrati\/#primaryimage"},"thumbnailUrl":"https:\/\/kunmedierne.dk\/mors\/wp-content\/uploads\/2021\/01\/Lars-Bo-Majgaard.jpg","keywords":["Politik"],"articleSection":["Debat"],"inLanguage":"da-DK","potentialAction":[{"@type":"CommentAction","name":"Comment","target":["https:\/\/kunmedierne.dk\/mors\/hvad-er-reelt-demokrati\/#respond"]}]},{"@type":"WebPage","@id":"https:\/\/kunmedierne.dk\/mors\/hvad-er-reelt-demokrati\/","url":"https:\/\/kunmedierne.dk\/mors\/hvad-er-reelt-demokrati\/","name":"Hvad er reelt demokrati? - Mors","isPartOf":{"@id":"https:\/\/kunmedierne.dk\/mors\/#website"},"primaryImageOfPage":{"@id":"https:\/\/kunmedierne.dk\/mors\/hvad-er-reelt-demokrati\/#primaryimage"},"image":{"@id":"https:\/\/kunmedierne.dk\/mors\/hvad-er-reelt-demokrati\/#primaryimage"},"thumbnailUrl":"https:\/\/kunmedierne.dk\/mors\/wp-content\/uploads\/2021\/01\/Lars-Bo-Majgaard.jpg","datePublished":"2021-01-30T09:54:13+00:00","dateModified":"2024-08-12T11:37:55+00:00","breadcrumb":{"@id":"https:\/\/kunmedierne.dk\/mors\/hvad-er-reelt-demokrati\/#breadcrumb"},"inLanguage":"da-DK","potentialAction":[{"@type":"ReadAction","target":["https:\/\/kunmedierne.dk\/mors\/hvad-er-reelt-demokrati\/"]}]},{"@type":"ImageObject","inLanguage":"da-DK","@id":"https:\/\/kunmedierne.dk\/mors\/hvad-er-reelt-demokrati\/#primaryimage","url":"https:\/\/kunmedierne.dk\/mors\/wp-content\/uploads\/2021\/01\/Lars-Bo-Majgaard.jpg","contentUrl":"https:\/\/kunmedierne.dk\/mors\/wp-content\/uploads\/2021\/01\/Lars-Bo-Majgaard.jpg","width":770,"height":513,"caption":"Lars Bo Majgaard, kandidat til kommunalbestyrelsen for Radikale Venstre."},{"@type":"BreadcrumbList","@id":"https:\/\/kunmedierne.dk\/mors\/hvad-er-reelt-demokrati\/#breadcrumb","itemListElement":[{"@type":"ListItem","position":1,"name":"Hjem","item":"https:\/\/kunmedierne.dk\/mors\/"},{"@type":"ListItem","position":2,"name":"Hvad er reelt demokrati?"}]},{"@type":"WebSite","@id":"https:\/\/kunmedierne.dk\/mors\/#website","url":"https:\/\/kunmedierne.dk\/mors\/","name":"Mors","description":"et netmedie med journalistik om livet p\u00e5 Mors","publisher":{"@id":"https:\/\/kunmedierne.dk\/mors\/#organization"},"potentialAction":[{"@type":"SearchAction","target":{"@type":"EntryPoint","urlTemplate":"https:\/\/kunmedierne.dk\/mors\/?s={search_term_string}"},"query-input":{"@type":"PropertyValueSpecification","valueRequired":true,"valueName":"search_term_string"}}],"inLanguage":"da-DK"},{"@type":"Organization","@id":"https:\/\/kunmedierne.dk\/mors\/#organization","name":"Mors","url":"https:\/\/kunmedierne.dk\/mors\/","logo":{"@type":"ImageObject","inLanguage":"da-DK","@id":"https:\/\/kunmedierne.dk\/mors\/#\/schema\/logo\/image\/","url":"https:\/\/kunmedierne.dk\/mors\/wp-content\/uploads\/2024\/08\/kunmors-logo.svg","contentUrl":"https:\/\/kunmedierne.dk\/mors\/wp-content\/uploads\/2024\/08\/kunmors-logo.svg","caption":"Mors"},"image":{"@id":"https:\/\/kunmedierne.dk\/mors\/#\/schema\/logo\/image\/"}},{"@type":"Person","@id":"https:\/\/kunmedierne.dk\/mors\/#\/schema\/person\/84c1391bce0b43b9bb3a49736bc0ad78","name":"Debat","image":{"@type":"ImageObject","inLanguage":"da-DK","@id":"https:\/\/kunmedierne.dk\/mors\/#\/schema\/person\/image\/","url":"https:\/\/secure.gravatar.com\/avatar\/b0fb2e221d618f7c65162ab0d49c7e8a0b580c871ca03af90e42b47b4150654c?s=96&d=mm&r=g","contentUrl":"https:\/\/secure.gravatar.com\/avatar\/b0fb2e221d618f7c65162ab0d49c7e8a0b580c871ca03af90e42b47b4150654c?s=96&d=mm&r=g","caption":"Debat"},"url":"https:\/\/kunmedierne.dk\/mors\/author\/debat\/"}]}},"_links":{"self":[{"href":"https:\/\/kunmedierne.dk\/mors\/wp-json\/wp\/v2\/posts\/38942","targetHints":{"allow":["GET"]}}],"collection":[{"href":"https:\/\/kunmedierne.dk\/mors\/wp-json\/wp\/v2\/posts"}],"about":[{"href":"https:\/\/kunmedierne.dk\/mors\/wp-json\/wp\/v2\/types\/post"}],"author":[{"embeddable":true,"href":"https:\/\/kunmedierne.dk\/mors\/wp-json\/wp\/v2\/users\/11"}],"replies":[{"embeddable":true,"href":"https:\/\/kunmedierne.dk\/mors\/wp-json\/wp\/v2\/comments?post=38942"}],"version-history":[{"count":1,"href":"https:\/\/kunmedierne.dk\/mors\/wp-json\/wp\/v2\/posts\/38942\/revisions"}],"predecessor-version":[{"id":38943,"href":"https:\/\/kunmedierne.dk\/mors\/wp-json\/wp\/v2\/posts\/38942\/revisions\/38943"}],"wp:featuredmedia":[{"embeddable":true,"href":"https:\/\/kunmedierne.dk\/mors\/wp-json\/wp\/v2\/media\/37685"}],"wp:attachment":[{"href":"https:\/\/kunmedierne.dk\/mors\/wp-json\/wp\/v2\/media?parent=38942"}],"wp:term":[{"taxonomy":"category","embeddable":true,"href":"https:\/\/kunmedierne.dk\/mors\/wp-json\/wp\/v2\/categories?post=38942"},{"taxonomy":"post_tag","embeddable":true,"href":"https:\/\/kunmedierne.dk\/mors\/wp-json\/wp\/v2\/tags?post=38942"}],"curies":[{"name":"wp","href":"https:\/\/api.w.org\/{rel}","templated":true}]}}