{"id":38870,"date":"2021-01-28T17:07:34","date_gmt":"2021-01-28T16:07:34","guid":{"rendered":"https:\/\/kunmedierne.dk\/mors\/?p=38870"},"modified":"2024-08-12T13:37:55","modified_gmt":"2024-08-12T11:37:55","slug":"borgernes-stemmer","status":"publish","type":"post","link":"https:\/\/kunmedierne.dk\/mors\/borgernes-stemmer\/","title":{"rendered":"Borgernes stemmer&#8230;"},"content":{"rendered":"<p><em>Fra Hanne Haldrup, medlem af kommunalbestyrelsen i Mors\u00f8 Kommune og gruppeformand for Venstre, har vi modtaget:<\/em><\/p>\n<hr \/>\n<p><strong>MORS<\/strong>: Jeg bifalder til fulde Jette Jepsens udsagn i l\u00e6serbrevet \u201d<a href=\"https:\/\/kunmedierne.dk\/mors\/et-levende-demokrati-er-oensket-for-naeste-valgperiode\/\" target=\"_blank\" rel=\"noopener noreferrer\">Et levende demokrati&#8230;<\/a>\u201d, hvori Jette Jepsen skriver: \u201d Derfor gl\u00e6der det mig at se, at flere partier allerede nu stiller med st\u00e6rke kandidater, og udmelder et levende demokrati som m\u00e5l\u201d.<\/p>\n<p>Udsagnet er jo netop det, det handler om. At borgerne p\u00e5 Mors f\u00e5r valgmuligheder, s\u00e5 de kan s\u00e6tte deres kryds ved det parti\/den person, der har politiske holdninger, de sympatiserer med. Personer, som de har tillid til, der vil arbejde videre indenfor de sager og det parti, de blev valgt ind p\u00e5. Det er trov\u00e6rdighed! Og det er repr\u00e6sentativt demokrati, som vi kender det i Danmark. <a href=\"https:\/\/vognmand-filtenborg.dk\/\"><img loading=\"lazy\" decoding=\"async\" class=\"alignright size-full wp-image-35525\" src=\"https:\/\/kunmedierne.dk\/mors\/wp-content\/uploads\/2020\/11\/ho1.jpg\" alt=\"\" width=\"1400\" height=\"125\" srcset=\"https:\/\/kunmedierne.dk\/mors\/wp-content\/uploads\/2020\/11\/ho1.jpg 1400w, https:\/\/kunmedierne.dk\/mors\/wp-content\/uploads\/2020\/11\/ho1-300x27.jpg 300w, https:\/\/kunmedierne.dk\/mors\/wp-content\/uploads\/2020\/11\/ho1-1024x91.jpg 1024w, https:\/\/kunmedierne.dk\/mors\/wp-content\/uploads\/2020\/11\/ho1-768x69.jpg 768w, https:\/\/kunmedierne.dk\/mors\/wp-content\/uploads\/2020\/11\/ho1-600x54.jpg 600w\" sizes=\"auto, (max-width: 1400px) 100vw, 1400px\" \/><\/a><\/p>\n<p>Det faktum, synes jeg, er fuldst\u00e6ndig glemt og overset i de debatindl\u00e6g, der har v\u00e6ret bragt om Venstres flertal p\u00e5 Mors. Jeg synes faktisk, at indl\u00e6ggene underkender borgernes vurderingsevne og stemmer. En m\u00e6rkelig form for demokratiopfattelse!<\/p>\n<p>Det er blevet til et politisk hovedform\u00e5l at f\u00f8re sig frem p\u00e5, at Venstres flertal p\u00e5 Mors skal bek\u00e6mpes \u2013 p\u00e6nt pakket ind i flotte demokratiske refleksioner. Jeg synes, at indl\u00e6ggene b\u00e6rer pr\u00e6g af politikersnak- fjernt fra den virkelighed, der leves p\u00e5 Mors. Enhver politiker har \u2013 via saglige argumenter &#8211; mulighed for at p\u00e5virke debatten og dermed de beslutninger, der tr\u00e6ffes. Det ved alle! \u00a0Vi \u00a0&#8211; 21 medlemmer, der sidder i Kommunalbestyrelsen &#8211; er jo ikke \u201dnikke-dukker\u201d.<\/p>\n<p>Jeg synes, at det kunne v\u00e6re langt mere interessant at f\u00e5 politiske emner og holdninger pr\u00e6senteret i spalterne, s\u00e5 borgerne f\u00e5r et kvalificeret grundlag for at s\u00e6tte deres kryds den 16\/11-2021.<\/p>\n<p>Det er kvalitet frem for kvantitet, der afg\u00f8r, hvem der bliver valgt. At et valgresultat s\u00e5 oveni kan give kvantitet til \u00e9t parti, skyldes sikkert, at det parti har vist og viser kvalitet. <a href=\"https:\/\/vester-begr.dk\"><img loading=\"lazy\" decoding=\"async\" class=\"alignright size-full wp-image-35526\" src=\"https:\/\/kunmedierne.dk\/mors\/wp-content\/uploads\/2020\/11\/ho2.jpg\" alt=\"\" width=\"1400\" height=\"125\" srcset=\"https:\/\/kunmedierne.dk\/mors\/wp-content\/uploads\/2020\/11\/ho2.jpg 1400w, https:\/\/kunmedierne.dk\/mors\/wp-content\/uploads\/2020\/11\/ho2-300x27.jpg 300w, https:\/\/kunmedierne.dk\/mors\/wp-content\/uploads\/2020\/11\/ho2-1024x91.jpg 1024w, https:\/\/kunmedierne.dk\/mors\/wp-content\/uploads\/2020\/11\/ho2-768x69.jpg 768w, https:\/\/kunmedierne.dk\/mors\/wp-content\/uploads\/2020\/11\/ho2-600x54.jpg 600w\" sizes=\"auto, (max-width: 1400px) 100vw, 1400px\" \/><\/a><\/p>\n<p>Ja, vi har flertal i Venstre. Jeg har forst\u00e5else for bekymringen, der skitseres i debatindl\u00e6ggene. Et levende demokrati er ogs\u00e5 m\u00e5let for Venstre p\u00e5 Mors, hvilket tydeligt er dokumenteret i den politiske sagsbehandling og beslutningsprocesser igennem de seneste godt 3 \u00e5r.<\/p>\n<p>Venstre arbejder ogs\u00e5 for at f\u00e5 flertal til valget i 2021 qua kvalitet og trov\u00e6rdighed.<\/p>\n<p>Det er borgernes stemmer, der t\u00e6ller! Det er demokrati!!<\/p>\n<hr \/>\n<p><em>Har du et bidrag til den lokale debat? Send det til os p\u00e5 e-mail: debat@kunmedierne.dk\/mors. Husk at l\u00e6se korrektur inden afsendelse p\u00e5 indl\u00e6gget.<\/em><\/p>\n<blockquote><p>F\u00f8lg vores serie om kandidater til kommunalvalget i 2021. Seneste afsnit er\u00a0<a href=\"https:\/\/kunmedierne.dk\/mors\/konservative-vil-bryde-venstres-flertal\/\" target=\"_blank\" rel=\"noopener noreferrer\">her<\/a>.<\/p><\/blockquote>\n","protected":false},"excerpt":{"rendered":"<p>Fra Hanne Haldrup, medlem af kommunalbestyrelsen i Mors\u00f8 Kommune og gruppeformand for Venstre, har vi modtaget: MORS: Jeg bifalder til fulde Jette Jepsens udsagn i l\u00e6serbrevet \u201dEt levende demokrati&#8230;\u201d, hvori Jette Jepsen skriver: \u201d Derfor gl\u00e6der det mig at se, at flere partier allerede nu stiller med st\u00e6rke kandidater, og udmelder et levende demokrati som [&hellip;]<\/p>\n","protected":false},"author":11,"featured_media":17119,"comment_status":"open","ping_status":"open","sticky":false,"template":"","format":"standard","meta":{"_acf_changed":false,"footnotes":""},"categories":[56],"tags":[167],"class_list":["post-38870","post","type-post","status-publish","format-standard","has-post-thumbnail","hentry","category-debat","tag-politik"],"acf":[],"yoast_head":"<!-- This site is optimized with the Yoast SEO plugin v26.8 - https:\/\/yoast.com\/product\/yoast-seo-wordpress\/ -->\n<title>Borgernes stemmer... - Mors<\/title>\n<meta name=\"robots\" content=\"index, follow, max-snippet:-1, max-image-preview:large, max-video-preview:-1\" \/>\n<link rel=\"canonical\" href=\"https:\/\/kunmedierne.dk\/mors\/borgernes-stemmer\/\" \/>\n<meta property=\"og:locale\" content=\"da_DK\" \/>\n<meta property=\"og:type\" content=\"article\" \/>\n<meta property=\"og:title\" content=\"Borgernes stemmer... - Mors\" \/>\n<meta property=\"og:description\" content=\"Fra Hanne Haldrup, medlem af kommunalbestyrelsen i Mors\u00f8 Kommune og gruppeformand for Venstre, har vi modtaget: MORS: Jeg bifalder til fulde Jette Jepsens udsagn i l\u00e6serbrevet \u201dEt levende demokrati&#8230;\u201d, hvori Jette Jepsen skriver: \u201d Derfor gl\u00e6der det mig at se, at flere partier allerede nu stiller med st\u00e6rke kandidater, og udmelder et levende demokrati som [&hellip;]\" \/>\n<meta property=\"og:url\" content=\"https:\/\/kunmedierne.dk\/mors\/borgernes-stemmer\/\" \/>\n<meta property=\"og:site_name\" content=\"Mors\" \/>\n<meta property=\"article:published_time\" content=\"2021-01-28T16:07:34+00:00\" \/>\n<meta property=\"article:modified_time\" content=\"2024-08-12T11:37:55+00:00\" \/>\n<meta property=\"og:image\" content=\"https:\/\/kunmedierne.dk\/mors\/wp-content\/uploads\/2020\/04\/0-debat-hanne-haldrup-V.jpg\" \/>\n\t<meta property=\"og:image:width\" content=\"770\" \/>\n\t<meta property=\"og:image:height\" content=\"513\" \/>\n\t<meta property=\"og:image:type\" content=\"image\/jpeg\" \/>\n<meta name=\"author\" content=\"Debat\" \/>\n<meta name=\"twitter:card\" content=\"summary_large_image\" \/>\n<meta name=\"twitter:label1\" content=\"Skrevet af\" \/>\n\t<meta name=\"twitter:data1\" content=\"Debat\" \/>\n\t<meta name=\"twitter:label2\" content=\"Estimeret l\u00e6setid\" \/>\n\t<meta name=\"twitter:data2\" content=\"2 minutter\" \/>\n<script type=\"application\/ld+json\" class=\"yoast-schema-graph\">{\"@context\":\"https:\/\/schema.org\",\"@graph\":[{\"@type\":\"Article\",\"@id\":\"https:\/\/kunmedierne.dk\/mors\/borgernes-stemmer\/#article\",\"isPartOf\":{\"@id\":\"https:\/\/kunmedierne.dk\/mors\/borgernes-stemmer\/\"},\"author\":{\"name\":\"Debat\",\"@id\":\"https:\/\/kunmedierne.dk\/mors\/#\/schema\/person\/84c1391bce0b43b9bb3a49736bc0ad78\"},\"headline\":\"Borgernes stemmer&#8230;\",\"datePublished\":\"2021-01-28T16:07:34+00:00\",\"dateModified\":\"2024-08-12T11:37:55+00:00\",\"mainEntityOfPage\":{\"@id\":\"https:\/\/kunmedierne.dk\/mors\/borgernes-stemmer\/\"},\"wordCount\":435,\"commentCount\":0,\"publisher\":{\"@id\":\"https:\/\/kunmedierne.dk\/mors\/#organization\"},\"image\":{\"@id\":\"https:\/\/kunmedierne.dk\/mors\/borgernes-stemmer\/#primaryimage\"},\"thumbnailUrl\":\"https:\/\/kunmedierne.dk\/mors\/wp-content\/uploads\/2020\/04\/0-debat-hanne-haldrup-V.jpg\",\"keywords\":[\"Politik\"],\"articleSection\":[\"Debat\"],\"inLanguage\":\"da-DK\",\"potentialAction\":[{\"@type\":\"CommentAction\",\"name\":\"Comment\",\"target\":[\"https:\/\/kunmedierne.dk\/mors\/borgernes-stemmer\/#respond\"]}]},{\"@type\":\"WebPage\",\"@id\":\"https:\/\/kunmedierne.dk\/mors\/borgernes-stemmer\/\",\"url\":\"https:\/\/kunmedierne.dk\/mors\/borgernes-stemmer\/\",\"name\":\"Borgernes stemmer... - Mors\",\"isPartOf\":{\"@id\":\"https:\/\/kunmedierne.dk\/mors\/#website\"},\"primaryImageOfPage\":{\"@id\":\"https:\/\/kunmedierne.dk\/mors\/borgernes-stemmer\/#primaryimage\"},\"image\":{\"@id\":\"https:\/\/kunmedierne.dk\/mors\/borgernes-stemmer\/#primaryimage\"},\"thumbnailUrl\":\"https:\/\/kunmedierne.dk\/mors\/wp-content\/uploads\/2020\/04\/0-debat-hanne-haldrup-V.jpg\",\"datePublished\":\"2021-01-28T16:07:34+00:00\",\"dateModified\":\"2024-08-12T11:37:55+00:00\",\"breadcrumb\":{\"@id\":\"https:\/\/kunmedierne.dk\/mors\/borgernes-stemmer\/#breadcrumb\"},\"inLanguage\":\"da-DK\",\"potentialAction\":[{\"@type\":\"ReadAction\",\"target\":[\"https:\/\/kunmedierne.dk\/mors\/borgernes-stemmer\/\"]}]},{\"@type\":\"ImageObject\",\"inLanguage\":\"da-DK\",\"@id\":\"https:\/\/kunmedierne.dk\/mors\/borgernes-stemmer\/#primaryimage\",\"url\":\"https:\/\/kunmedierne.dk\/mors\/wp-content\/uploads\/2020\/04\/0-debat-hanne-haldrup-V.jpg\",\"contentUrl\":\"https:\/\/kunmedierne.dk\/mors\/wp-content\/uploads\/2020\/04\/0-debat-hanne-haldrup-V.jpg\",\"width\":770,\"height\":513,\"caption\":\"Hanne Haldrup (V). Foto: Per Bech\/Mors\u00f8 Kommune.\"},{\"@type\":\"BreadcrumbList\",\"@id\":\"https:\/\/kunmedierne.dk\/mors\/borgernes-stemmer\/#breadcrumb\",\"itemListElement\":[{\"@type\":\"ListItem\",\"position\":1,\"name\":\"Hjem\",\"item\":\"https:\/\/kunmedierne.dk\/mors\/\"},{\"@type\":\"ListItem\",\"position\":2,\"name\":\"Borgernes stemmer&#8230;\"}]},{\"@type\":\"WebSite\",\"@id\":\"https:\/\/kunmedierne.dk\/mors\/#website\",\"url\":\"https:\/\/kunmedierne.dk\/mors\/\",\"name\":\"Mors\",\"description\":\"et netmedie med journalistik om livet p\u00e5 Mors\",\"publisher\":{\"@id\":\"https:\/\/kunmedierne.dk\/mors\/#organization\"},\"potentialAction\":[{\"@type\":\"SearchAction\",\"target\":{\"@type\":\"EntryPoint\",\"urlTemplate\":\"https:\/\/kunmedierne.dk\/mors\/?s={search_term_string}\"},\"query-input\":{\"@type\":\"PropertyValueSpecification\",\"valueRequired\":true,\"valueName\":\"search_term_string\"}}],\"inLanguage\":\"da-DK\"},{\"@type\":\"Organization\",\"@id\":\"https:\/\/kunmedierne.dk\/mors\/#organization\",\"name\":\"Mors\",\"url\":\"https:\/\/kunmedierne.dk\/mors\/\",\"logo\":{\"@type\":\"ImageObject\",\"inLanguage\":\"da-DK\",\"@id\":\"https:\/\/kunmedierne.dk\/mors\/#\/schema\/logo\/image\/\",\"url\":\"https:\/\/kunmedierne.dk\/mors\/wp-content\/uploads\/2024\/08\/kunmors-logo.svg\",\"contentUrl\":\"https:\/\/kunmedierne.dk\/mors\/wp-content\/uploads\/2024\/08\/kunmors-logo.svg\",\"caption\":\"Mors\"},\"image\":{\"@id\":\"https:\/\/kunmedierne.dk\/mors\/#\/schema\/logo\/image\/\"}},{\"@type\":\"Person\",\"@id\":\"https:\/\/kunmedierne.dk\/mors\/#\/schema\/person\/84c1391bce0b43b9bb3a49736bc0ad78\",\"name\":\"Debat\",\"image\":{\"@type\":\"ImageObject\",\"inLanguage\":\"da-DK\",\"@id\":\"https:\/\/kunmedierne.dk\/mors\/#\/schema\/person\/image\/\",\"url\":\"https:\/\/secure.gravatar.com\/avatar\/b0fb2e221d618f7c65162ab0d49c7e8a0b580c871ca03af90e42b47b4150654c?s=96&d=mm&r=g\",\"contentUrl\":\"https:\/\/secure.gravatar.com\/avatar\/b0fb2e221d618f7c65162ab0d49c7e8a0b580c871ca03af90e42b47b4150654c?s=96&d=mm&r=g\",\"caption\":\"Debat\"},\"url\":\"https:\/\/kunmedierne.dk\/mors\/author\/debat\/\"}]}<\/script>\n<!-- \/ Yoast SEO plugin. -->","yoast_head_json":{"title":"Borgernes stemmer... - Mors","robots":{"index":"index","follow":"follow","max-snippet":"max-snippet:-1","max-image-preview":"max-image-preview:large","max-video-preview":"max-video-preview:-1"},"canonical":"https:\/\/kunmedierne.dk\/mors\/borgernes-stemmer\/","og_locale":"da_DK","og_type":"article","og_title":"Borgernes stemmer... - Mors","og_description":"Fra Hanne Haldrup, medlem af kommunalbestyrelsen i Mors\u00f8 Kommune og gruppeformand for Venstre, har vi modtaget: MORS: Jeg bifalder til fulde Jette Jepsens udsagn i l\u00e6serbrevet \u201dEt levende demokrati&#8230;\u201d, hvori Jette Jepsen skriver: \u201d Derfor gl\u00e6der det mig at se, at flere partier allerede nu stiller med st\u00e6rke kandidater, og udmelder et levende demokrati som [&hellip;]","og_url":"https:\/\/kunmedierne.dk\/mors\/borgernes-stemmer\/","og_site_name":"Mors","article_published_time":"2021-01-28T16:07:34+00:00","article_modified_time":"2024-08-12T11:37:55+00:00","og_image":[{"width":770,"height":513,"url":"https:\/\/kunmedierne.dk\/mors\/wp-content\/uploads\/2020\/04\/0-debat-hanne-haldrup-V.jpg","type":"image\/jpeg"}],"author":"Debat","twitter_card":"summary_large_image","twitter_misc":{"Skrevet af":"Debat","Estimeret l\u00e6setid":"2 minutter"},"schema":{"@context":"https:\/\/schema.org","@graph":[{"@type":"Article","@id":"https:\/\/kunmedierne.dk\/mors\/borgernes-stemmer\/#article","isPartOf":{"@id":"https:\/\/kunmedierne.dk\/mors\/borgernes-stemmer\/"},"author":{"name":"Debat","@id":"https:\/\/kunmedierne.dk\/mors\/#\/schema\/person\/84c1391bce0b43b9bb3a49736bc0ad78"},"headline":"Borgernes stemmer&#8230;","datePublished":"2021-01-28T16:07:34+00:00","dateModified":"2024-08-12T11:37:55+00:00","mainEntityOfPage":{"@id":"https:\/\/kunmedierne.dk\/mors\/borgernes-stemmer\/"},"wordCount":435,"commentCount":0,"publisher":{"@id":"https:\/\/kunmedierne.dk\/mors\/#organization"},"image":{"@id":"https:\/\/kunmedierne.dk\/mors\/borgernes-stemmer\/#primaryimage"},"thumbnailUrl":"https:\/\/kunmedierne.dk\/mors\/wp-content\/uploads\/2020\/04\/0-debat-hanne-haldrup-V.jpg","keywords":["Politik"],"articleSection":["Debat"],"inLanguage":"da-DK","potentialAction":[{"@type":"CommentAction","name":"Comment","target":["https:\/\/kunmedierne.dk\/mors\/borgernes-stemmer\/#respond"]}]},{"@type":"WebPage","@id":"https:\/\/kunmedierne.dk\/mors\/borgernes-stemmer\/","url":"https:\/\/kunmedierne.dk\/mors\/borgernes-stemmer\/","name":"Borgernes stemmer... - Mors","isPartOf":{"@id":"https:\/\/kunmedierne.dk\/mors\/#website"},"primaryImageOfPage":{"@id":"https:\/\/kunmedierne.dk\/mors\/borgernes-stemmer\/#primaryimage"},"image":{"@id":"https:\/\/kunmedierne.dk\/mors\/borgernes-stemmer\/#primaryimage"},"thumbnailUrl":"https:\/\/kunmedierne.dk\/mors\/wp-content\/uploads\/2020\/04\/0-debat-hanne-haldrup-V.jpg","datePublished":"2021-01-28T16:07:34+00:00","dateModified":"2024-08-12T11:37:55+00:00","breadcrumb":{"@id":"https:\/\/kunmedierne.dk\/mors\/borgernes-stemmer\/#breadcrumb"},"inLanguage":"da-DK","potentialAction":[{"@type":"ReadAction","target":["https:\/\/kunmedierne.dk\/mors\/borgernes-stemmer\/"]}]},{"@type":"ImageObject","inLanguage":"da-DK","@id":"https:\/\/kunmedierne.dk\/mors\/borgernes-stemmer\/#primaryimage","url":"https:\/\/kunmedierne.dk\/mors\/wp-content\/uploads\/2020\/04\/0-debat-hanne-haldrup-V.jpg","contentUrl":"https:\/\/kunmedierne.dk\/mors\/wp-content\/uploads\/2020\/04\/0-debat-hanne-haldrup-V.jpg","width":770,"height":513,"caption":"Hanne Haldrup (V). Foto: Per Bech\/Mors\u00f8 Kommune."},{"@type":"BreadcrumbList","@id":"https:\/\/kunmedierne.dk\/mors\/borgernes-stemmer\/#breadcrumb","itemListElement":[{"@type":"ListItem","position":1,"name":"Hjem","item":"https:\/\/kunmedierne.dk\/mors\/"},{"@type":"ListItem","position":2,"name":"Borgernes stemmer&#8230;"}]},{"@type":"WebSite","@id":"https:\/\/kunmedierne.dk\/mors\/#website","url":"https:\/\/kunmedierne.dk\/mors\/","name":"Mors","description":"et netmedie med journalistik om livet p\u00e5 Mors","publisher":{"@id":"https:\/\/kunmedierne.dk\/mors\/#organization"},"potentialAction":[{"@type":"SearchAction","target":{"@type":"EntryPoint","urlTemplate":"https:\/\/kunmedierne.dk\/mors\/?s={search_term_string}"},"query-input":{"@type":"PropertyValueSpecification","valueRequired":true,"valueName":"search_term_string"}}],"inLanguage":"da-DK"},{"@type":"Organization","@id":"https:\/\/kunmedierne.dk\/mors\/#organization","name":"Mors","url":"https:\/\/kunmedierne.dk\/mors\/","logo":{"@type":"ImageObject","inLanguage":"da-DK","@id":"https:\/\/kunmedierne.dk\/mors\/#\/schema\/logo\/image\/","url":"https:\/\/kunmedierne.dk\/mors\/wp-content\/uploads\/2024\/08\/kunmors-logo.svg","contentUrl":"https:\/\/kunmedierne.dk\/mors\/wp-content\/uploads\/2024\/08\/kunmors-logo.svg","caption":"Mors"},"image":{"@id":"https:\/\/kunmedierne.dk\/mors\/#\/schema\/logo\/image\/"}},{"@type":"Person","@id":"https:\/\/kunmedierne.dk\/mors\/#\/schema\/person\/84c1391bce0b43b9bb3a49736bc0ad78","name":"Debat","image":{"@type":"ImageObject","inLanguage":"da-DK","@id":"https:\/\/kunmedierne.dk\/mors\/#\/schema\/person\/image\/","url":"https:\/\/secure.gravatar.com\/avatar\/b0fb2e221d618f7c65162ab0d49c7e8a0b580c871ca03af90e42b47b4150654c?s=96&d=mm&r=g","contentUrl":"https:\/\/secure.gravatar.com\/avatar\/b0fb2e221d618f7c65162ab0d49c7e8a0b580c871ca03af90e42b47b4150654c?s=96&d=mm&r=g","caption":"Debat"},"url":"https:\/\/kunmedierne.dk\/mors\/author\/debat\/"}]}},"_links":{"self":[{"href":"https:\/\/kunmedierne.dk\/mors\/wp-json\/wp\/v2\/posts\/38870","targetHints":{"allow":["GET"]}}],"collection":[{"href":"https:\/\/kunmedierne.dk\/mors\/wp-json\/wp\/v2\/posts"}],"about":[{"href":"https:\/\/kunmedierne.dk\/mors\/wp-json\/wp\/v2\/types\/post"}],"author":[{"embeddable":true,"href":"https:\/\/kunmedierne.dk\/mors\/wp-json\/wp\/v2\/users\/11"}],"replies":[{"embeddable":true,"href":"https:\/\/kunmedierne.dk\/mors\/wp-json\/wp\/v2\/comments?post=38870"}],"version-history":[{"count":1,"href":"https:\/\/kunmedierne.dk\/mors\/wp-json\/wp\/v2\/posts\/38870\/revisions"}],"predecessor-version":[{"id":38871,"href":"https:\/\/kunmedierne.dk\/mors\/wp-json\/wp\/v2\/posts\/38870\/revisions\/38871"}],"wp:featuredmedia":[{"embeddable":true,"href":"https:\/\/kunmedierne.dk\/mors\/wp-json\/wp\/v2\/media\/17119"}],"wp:attachment":[{"href":"https:\/\/kunmedierne.dk\/mors\/wp-json\/wp\/v2\/media?parent=38870"}],"wp:term":[{"taxonomy":"category","embeddable":true,"href":"https:\/\/kunmedierne.dk\/mors\/wp-json\/wp\/v2\/categories?post=38870"},{"taxonomy":"post_tag","embeddable":true,"href":"https:\/\/kunmedierne.dk\/mors\/wp-json\/wp\/v2\/tags?post=38870"}],"curies":[{"name":"wp","href":"https:\/\/api.w.org\/{rel}","templated":true}]}}