{"id":38798,"date":"2021-01-27T17:23:59","date_gmt":"2021-01-27T16:23:59","guid":{"rendered":"https:\/\/kunmedierne.dk\/mors\/?p=38798"},"modified":"2024-08-12T13:37:56","modified_gmt":"2024-08-12T11:37:56","slug":"et-levende-demokrati-er-oensket-for-naeste-valgperiode","status":"publish","type":"post","link":"https:\/\/kunmedierne.dk\/mors\/et-levende-demokrati-er-oensket-for-naeste-valgperiode\/","title":{"rendered":"Et levende demokrati er \u00f8nsket for n\u00e6ste valgperiode"},"content":{"rendered":"<p><em>Fra Jette Jepsen, V. Hvidbjerg, medlem af kommunalbestyrelsen i Mors\u00f8 Kommune for Radikale Venstre, har vi modtaget:<\/em><\/p>\n<hr \/>\n<p class=\"v1MsoNormal\"><strong>MORS<\/strong>: Kommentar til l\u00e6serbrevet &#8220;Topstyring og absolut flertal i et valg\u00e5r&#8221;, af Henrik Jensen og Klaus Hvidtfeldt Larsen, begge fra Venstre. Henrik og Klaus synes det er underligt, at se at kandidater til kommunalvalget 2021 \u00f8nsker at bryde Venstres flertal, med baggrund i at flertallet er usundt for demokratiet.<\/p>\n<p class=\"v1MsoNormal\">Det er et erkl\u00e6ret m\u00e5l for Radikale Venstre at medvirke til at bryde Venstres absolutte flertal. Vi mener ikke, at den nuv\u00e6rende parlamentariske situation er sundt for demokratiet p\u00e5 Mors, fordi Venstres praksis er, at de politiske diskussioner i denne valgperiode er taget p\u00e5 lukkede m\u00f8der i Venstres grupperum.\u00a0 Beslutninger er dermed truffet mere eller mindre inden de kommer i de politiske fagudvalg. Dette forklares hermed :<\/p>\n<p class=\"v1MsoNormal\">Venstre opn\u00e5ede et meget flot resultat ved valget 2017. Da den nyvalgte kommunalbestyrelse konstituerede sig, blev udvalgsformandsposter fordelt blandt de \u00f8vrige tre partier: Demokratisk Balance, Dansk Folkeparti, og Socialdemokratiet. Venstre beholdte formandsposten i Socialudvalget. \u00a0Der er i alt 7 politikere, heraf 4 Venstremedlemmer i alle fagudvalg \u00a0\u2013 dermed er flertallet sikret. <a href=\"https:\/\/vester-begr.dk\"><img loading=\"lazy\" decoding=\"async\" class=\"alignright size-full wp-image-35526\" src=\"https:\/\/kunmedierne.dk\/mors\/wp-content\/uploads\/2020\/11\/ho2.jpg\" alt=\"\" width=\"1400\" height=\"125\" srcset=\"https:\/\/kunmedierne.dk\/mors\/wp-content\/uploads\/2020\/11\/ho2.jpg 1400w, https:\/\/kunmedierne.dk\/mors\/wp-content\/uploads\/2020\/11\/ho2-300x27.jpg 300w, https:\/\/kunmedierne.dk\/mors\/wp-content\/uploads\/2020\/11\/ho2-1024x91.jpg 1024w, https:\/\/kunmedierne.dk\/mors\/wp-content\/uploads\/2020\/11\/ho2-768x69.jpg 768w, https:\/\/kunmedierne.dk\/mors\/wp-content\/uploads\/2020\/11\/ho2-600x54.jpg 600w\" sizes=\"auto, (max-width: 1400px) 100vw, 1400px\" \/><\/a><\/p>\n<p class=\"v1MsoNormal\">Op til m\u00f8der i fagudvalgene har Venstre gruppem\u00f8de. Normal praksis i politiske grupper, hvor man sidder flere, for at hele gruppen har dr\u00f8ftet alle sager af politisk karakter. P\u00e5 den m\u00e5de man har afstemt holdninger med hinanden, til n\u00e5r sagerne diskuteres i fagudvalg, og til de evt senere kommer i \u00d8konomiudvalget og Kommunalbestyrelsen.<\/p>\n<p class=\"v1MsoNormal\">Henrik og Klaus beskriver med alt tydelighed selv denne praksis i l\u00e6serbrevet : &#8221; I Venstregruppen har vi vidt forskellige baggrunde, og den erfaring og viden vi hver is\u00e6r bidrager med, er vi gode til at drage nytte af, s\u00e5 vi sammen finder de bedste l\u00f8sninger for borgere og virksomheder i Mors\u00f8 Kommune.&#8221;&#8230;. Og &#8220;At Venstregruppen oftest fremst\u00e5r som en enig gruppe, skyldes at vi har mange gode og lange diskussioner, hvor sager og holdninger vendes og drejes &#8211; oftest finder vi en f\u00e6lles l\u00f8sning, eller et kompromis, hvor vi alle kan se os selv i, og i andre tilf\u00e6lde st\u00e5r vi delt&#8221;.<\/p>\n<p class=\"v1MsoNormal\">De tilf\u00e6lde, hvor venstres gruppe har st\u00e5et delt, kan hurtig t\u00e6lles i indev\u00e6rende periode.<\/p>\n<p class=\"v1MsoNormal\">Det vil sige, at de politiske diskussioner foreg\u00e5r p\u00e5 lukkede m\u00f8der blandt de 11 venstremedlemmer, og dermed er de politiske beslutninger ( oftest ) truffet i Venstres grupperum.<\/p>\n<p class=\"v1MsoNormal\">Denne ensrettethed og &#8220;nok i sig selv-holdning&#8221; fra Venstre, medf\u00f8rer en kultur af : &#8220;os&#8221; og &#8220;dem&#8221; i kommunalbestyrelsen. <a href=\"http:\/\/www.limfjordsteatret.dk\/#front\"><img loading=\"lazy\" decoding=\"async\" class=\"alignright size-full wp-image-35527\" src=\"https:\/\/kunmedierne.dk\/mors\/wp-content\/uploads\/2020\/11\/ho3.jpg\" alt=\"\" width=\"1400\" height=\"125\" srcset=\"https:\/\/kunmedierne.dk\/mors\/wp-content\/uploads\/2020\/11\/ho3.jpg 1400w, https:\/\/kunmedierne.dk\/mors\/wp-content\/uploads\/2020\/11\/ho3-300x27.jpg 300w, https:\/\/kunmedierne.dk\/mors\/wp-content\/uploads\/2020\/11\/ho3-1024x91.jpg 1024w, https:\/\/kunmedierne.dk\/mors\/wp-content\/uploads\/2020\/11\/ho3-768x69.jpg 768w, https:\/\/kunmedierne.dk\/mors\/wp-content\/uploads\/2020\/11\/ho3-600x54.jpg 600w\" sizes=\"auto, (max-width: 1400px) 100vw, 1400px\" \/><\/a><\/p>\n<p class=\"v1MsoNormal\">Venstre beh\u00f8ver ikke \u00e5bent at argumentere for egne synspunkter for at opn\u00e5 et flertal, da der p\u00e5 forh\u00e5nd (oftest) er konsensus i gruppen, eller ( oftest) aftalt at bakke fagudvalgsmedlemmer op i den videre behandling. Dermed er et flertal sikret.<\/p>\n<p class=\"v1MsoNormal\">En udvalgsformand kan ikke g\u00f8re noget uden at have Venstre med \u2013 vedkommende st\u00e5r teoretisk set p\u00e5 m\u00e5l for Venstres beslutninger, s\u00e5dan som det er beskrevet af Henrik og Klaus.<\/p>\n<p class=\"v1MsoNormal\">I \u00d8konomiudvalget folder diskussionerne sig nu mere ud, da flere partier er kommet til i valgperioden, og her repr\u00e6senteret. Det er et godt eksempel p\u00e5 at flere anskuelser folder diskussionerne mere ud.<\/p>\n<p class=\"v1MsoNormal\">JA \u2013 nuv\u00e6rende beskrevet praksis er usundt for demokratiet p\u00e5 Mors. N\u00e5r man har et Radikalt hjerte, banker det netop for at diskussioner tages bredt i kommunalbestyrelsen. Synspunkter og dialoger betragtes med respekt. Demokratisk engagement skal v\u00e6re til stede og skal underst\u00f8ttes. Politikerne deler sig efter anskuelser for en sag.<\/p>\n<p class=\"v1MsoNormal\">I n\u00e6ste valgperiode st\u00e5r vi fortsat overfor store udfordringer i Mors\u00f8 Kommune.\u00a0Gode demokratiske processer, hvor alle har brug for at lytte, vurdere, tage stilling og finde l\u00f8sninger i f\u00e6llesskab, skaber de mest b\u00e6redygtige beslutninger.\u00a0Derfor gl\u00e6der det mig at se, at flere partier allerede nu stiller med st\u00e6rke kandidater, og udmelder et levende\u00a0demokrati som m\u00e5l.<\/p>\n<hr \/>\n<p><em>Har du et bidrag til den lokale debat? Send det til os p\u00e5 e-mail: debat@kunmedierne.dk\/mors. Husk at l\u00e6se korrektur inden afsendelse p\u00e5 indl\u00e6gget.<\/em><\/p>\n<blockquote><p>F\u00f8lg vores serie om kandidater til kommunalvalget i 2021. Seneste afsnit er\u00a0<a href=\"https:\/\/kunmedierne.dk\/mors\/konservative-vil-bryde-venstres-flertal\/\" target=\"_blank\" rel=\"noopener noreferrer\">her<\/a>.<\/p><\/blockquote>\n","protected":false},"excerpt":{"rendered":"<p>Fra Jette Jepsen, V. Hvidbjerg, medlem af kommunalbestyrelsen i Mors\u00f8 Kommune for Radikale Venstre, har vi modtaget: MORS: Kommentar til l\u00e6serbrevet &#8220;Topstyring og absolut flertal i et valg\u00e5r&#8221;, af Henrik Jensen og Klaus Hvidtfeldt Larsen, begge fra Venstre. Henrik og Klaus synes det er underligt, at se at kandidater til kommunalvalget 2021 \u00f8nsker at bryde [&hellip;]<\/p>\n","protected":false},"author":11,"featured_media":18975,"comment_status":"open","ping_status":"open","sticky":false,"template":"","format":"standard","meta":{"_acf_changed":false,"footnotes":""},"categories":[56],"tags":[167],"class_list":["post-38798","post","type-post","status-publish","format-standard","has-post-thumbnail","hentry","category-debat","tag-politik"],"acf":[],"yoast_head":"<!-- This site is optimized with the Yoast SEO plugin v26.8 - https:\/\/yoast.com\/product\/yoast-seo-wordpress\/ -->\n<title>Et levende demokrati er \u00f8nsket for n\u00e6ste valgperiode - Mors<\/title>\n<meta name=\"robots\" content=\"index, follow, max-snippet:-1, max-image-preview:large, max-video-preview:-1\" \/>\n<link rel=\"canonical\" href=\"https:\/\/kunmedierne.dk\/mors\/et-levende-demokrati-er-oensket-for-naeste-valgperiode\/\" \/>\n<meta property=\"og:locale\" content=\"da_DK\" \/>\n<meta property=\"og:type\" content=\"article\" \/>\n<meta property=\"og:title\" content=\"Et levende demokrati er \u00f8nsket for n\u00e6ste valgperiode - Mors\" \/>\n<meta property=\"og:description\" content=\"Fra Jette Jepsen, V. Hvidbjerg, medlem af kommunalbestyrelsen i Mors\u00f8 Kommune for Radikale Venstre, har vi modtaget: MORS: Kommentar til l\u00e6serbrevet &#8220;Topstyring og absolut flertal i et valg\u00e5r&#8221;, af Henrik Jensen og Klaus Hvidtfeldt Larsen, begge fra Venstre. Henrik og Klaus synes det er underligt, at se at kandidater til kommunalvalget 2021 \u00f8nsker at bryde [&hellip;]\" \/>\n<meta property=\"og:url\" content=\"https:\/\/kunmedierne.dk\/mors\/et-levende-demokrati-er-oensket-for-naeste-valgperiode\/\" \/>\n<meta property=\"og:site_name\" content=\"Mors\" \/>\n<meta property=\"article:published_time\" content=\"2021-01-27T16:23:59+00:00\" \/>\n<meta property=\"article:modified_time\" content=\"2024-08-12T11:37:56+00:00\" \/>\n<meta property=\"og:image\" content=\"https:\/\/kunmedierne.dk\/mors\/wp-content\/uploads\/2020\/01\/0-debat-jette-jepsen-R.jpg\" \/>\n\t<meta property=\"og:image:width\" content=\"770\" \/>\n\t<meta property=\"og:image:height\" content=\"513\" \/>\n\t<meta property=\"og:image:type\" content=\"image\/jpeg\" \/>\n<meta name=\"author\" content=\"Debat\" \/>\n<meta name=\"twitter:card\" content=\"summary_large_image\" \/>\n<meta name=\"twitter:label1\" content=\"Skrevet af\" \/>\n\t<meta name=\"twitter:data1\" content=\"Debat\" \/>\n\t<meta name=\"twitter:label2\" content=\"Estimeret l\u00e6setid\" \/>\n\t<meta name=\"twitter:data2\" content=\"3 minutter\" \/>\n<script type=\"application\/ld+json\" class=\"yoast-schema-graph\">{\"@context\":\"https:\/\/schema.org\",\"@graph\":[{\"@type\":\"Article\",\"@id\":\"https:\/\/kunmedierne.dk\/mors\/et-levende-demokrati-er-oensket-for-naeste-valgperiode\/#article\",\"isPartOf\":{\"@id\":\"https:\/\/kunmedierne.dk\/mors\/et-levende-demokrati-er-oensket-for-naeste-valgperiode\/\"},\"author\":{\"name\":\"Debat\",\"@id\":\"https:\/\/kunmedierne.dk\/mors\/#\/schema\/person\/84c1391bce0b43b9bb3a49736bc0ad78\"},\"headline\":\"Et levende demokrati er \u00f8nsket for n\u00e6ste valgperiode\",\"datePublished\":\"2021-01-27T16:23:59+00:00\",\"dateModified\":\"2024-08-12T11:37:56+00:00\",\"mainEntityOfPage\":{\"@id\":\"https:\/\/kunmedierne.dk\/mors\/et-levende-demokrati-er-oensket-for-naeste-valgperiode\/\"},\"wordCount\":691,\"commentCount\":0,\"publisher\":{\"@id\":\"https:\/\/kunmedierne.dk\/mors\/#organization\"},\"image\":{\"@id\":\"https:\/\/kunmedierne.dk\/mors\/et-levende-demokrati-er-oensket-for-naeste-valgperiode\/#primaryimage\"},\"thumbnailUrl\":\"https:\/\/kunmedierne.dk\/mors\/wp-content\/uploads\/2020\/01\/0-debat-jette-jepsen-R.jpg\",\"keywords\":[\"Politik\"],\"articleSection\":[\"Debat\"],\"inLanguage\":\"da-DK\",\"potentialAction\":[{\"@type\":\"CommentAction\",\"name\":\"Comment\",\"target\":[\"https:\/\/kunmedierne.dk\/mors\/et-levende-demokrati-er-oensket-for-naeste-valgperiode\/#respond\"]}]},{\"@type\":\"WebPage\",\"@id\":\"https:\/\/kunmedierne.dk\/mors\/et-levende-demokrati-er-oensket-for-naeste-valgperiode\/\",\"url\":\"https:\/\/kunmedierne.dk\/mors\/et-levende-demokrati-er-oensket-for-naeste-valgperiode\/\",\"name\":\"Et levende demokrati er \u00f8nsket for n\u00e6ste valgperiode - Mors\",\"isPartOf\":{\"@id\":\"https:\/\/kunmedierne.dk\/mors\/#website\"},\"primaryImageOfPage\":{\"@id\":\"https:\/\/kunmedierne.dk\/mors\/et-levende-demokrati-er-oensket-for-naeste-valgperiode\/#primaryimage\"},\"image\":{\"@id\":\"https:\/\/kunmedierne.dk\/mors\/et-levende-demokrati-er-oensket-for-naeste-valgperiode\/#primaryimage\"},\"thumbnailUrl\":\"https:\/\/kunmedierne.dk\/mors\/wp-content\/uploads\/2020\/01\/0-debat-jette-jepsen-R.jpg\",\"datePublished\":\"2021-01-27T16:23:59+00:00\",\"dateModified\":\"2024-08-12T11:37:56+00:00\",\"breadcrumb\":{\"@id\":\"https:\/\/kunmedierne.dk\/mors\/et-levende-demokrati-er-oensket-for-naeste-valgperiode\/#breadcrumb\"},\"inLanguage\":\"da-DK\",\"potentialAction\":[{\"@type\":\"ReadAction\",\"target\":[\"https:\/\/kunmedierne.dk\/mors\/et-levende-demokrati-er-oensket-for-naeste-valgperiode\/\"]}]},{\"@type\":\"ImageObject\",\"inLanguage\":\"da-DK\",\"@id\":\"https:\/\/kunmedierne.dk\/mors\/et-levende-demokrati-er-oensket-for-naeste-valgperiode\/#primaryimage\",\"url\":\"https:\/\/kunmedierne.dk\/mors\/wp-content\/uploads\/2020\/01\/0-debat-jette-jepsen-R.jpg\",\"contentUrl\":\"https:\/\/kunmedierne.dk\/mors\/wp-content\/uploads\/2020\/01\/0-debat-jette-jepsen-R.jpg\",\"width\":770,\"height\":513,\"caption\":\"Jette Jepsen (RV). Foto: Per Bech\/Mors\u00f8 Kommune.\"},{\"@type\":\"BreadcrumbList\",\"@id\":\"https:\/\/kunmedierne.dk\/mors\/et-levende-demokrati-er-oensket-for-naeste-valgperiode\/#breadcrumb\",\"itemListElement\":[{\"@type\":\"ListItem\",\"position\":1,\"name\":\"Hjem\",\"item\":\"https:\/\/kunmedierne.dk\/mors\/\"},{\"@type\":\"ListItem\",\"position\":2,\"name\":\"Et levende demokrati er \u00f8nsket for n\u00e6ste valgperiode\"}]},{\"@type\":\"WebSite\",\"@id\":\"https:\/\/kunmedierne.dk\/mors\/#website\",\"url\":\"https:\/\/kunmedierne.dk\/mors\/\",\"name\":\"Mors\",\"description\":\"et netmedie med journalistik om livet p\u00e5 Mors\",\"publisher\":{\"@id\":\"https:\/\/kunmedierne.dk\/mors\/#organization\"},\"potentialAction\":[{\"@type\":\"SearchAction\",\"target\":{\"@type\":\"EntryPoint\",\"urlTemplate\":\"https:\/\/kunmedierne.dk\/mors\/?s={search_term_string}\"},\"query-input\":{\"@type\":\"PropertyValueSpecification\",\"valueRequired\":true,\"valueName\":\"search_term_string\"}}],\"inLanguage\":\"da-DK\"},{\"@type\":\"Organization\",\"@id\":\"https:\/\/kunmedierne.dk\/mors\/#organization\",\"name\":\"Mors\",\"url\":\"https:\/\/kunmedierne.dk\/mors\/\",\"logo\":{\"@type\":\"ImageObject\",\"inLanguage\":\"da-DK\",\"@id\":\"https:\/\/kunmedierne.dk\/mors\/#\/schema\/logo\/image\/\",\"url\":\"https:\/\/kunmedierne.dk\/mors\/wp-content\/uploads\/2024\/08\/kunmors-logo.svg\",\"contentUrl\":\"https:\/\/kunmedierne.dk\/mors\/wp-content\/uploads\/2024\/08\/kunmors-logo.svg\",\"caption\":\"Mors\"},\"image\":{\"@id\":\"https:\/\/kunmedierne.dk\/mors\/#\/schema\/logo\/image\/\"}},{\"@type\":\"Person\",\"@id\":\"https:\/\/kunmedierne.dk\/mors\/#\/schema\/person\/84c1391bce0b43b9bb3a49736bc0ad78\",\"name\":\"Debat\",\"image\":{\"@type\":\"ImageObject\",\"inLanguage\":\"da-DK\",\"@id\":\"https:\/\/kunmedierne.dk\/mors\/#\/schema\/person\/image\/\",\"url\":\"https:\/\/secure.gravatar.com\/avatar\/b0fb2e221d618f7c65162ab0d49c7e8a0b580c871ca03af90e42b47b4150654c?s=96&d=mm&r=g\",\"contentUrl\":\"https:\/\/secure.gravatar.com\/avatar\/b0fb2e221d618f7c65162ab0d49c7e8a0b580c871ca03af90e42b47b4150654c?s=96&d=mm&r=g\",\"caption\":\"Debat\"},\"url\":\"https:\/\/kunmedierne.dk\/mors\/author\/debat\/\"}]}<\/script>\n<!-- \/ Yoast SEO plugin. -->","yoast_head_json":{"title":"Et levende demokrati er \u00f8nsket for n\u00e6ste valgperiode - Mors","robots":{"index":"index","follow":"follow","max-snippet":"max-snippet:-1","max-image-preview":"max-image-preview:large","max-video-preview":"max-video-preview:-1"},"canonical":"https:\/\/kunmedierne.dk\/mors\/et-levende-demokrati-er-oensket-for-naeste-valgperiode\/","og_locale":"da_DK","og_type":"article","og_title":"Et levende demokrati er \u00f8nsket for n\u00e6ste valgperiode - Mors","og_description":"Fra Jette Jepsen, V. Hvidbjerg, medlem af kommunalbestyrelsen i Mors\u00f8 Kommune for Radikale Venstre, har vi modtaget: MORS: Kommentar til l\u00e6serbrevet &#8220;Topstyring og absolut flertal i et valg\u00e5r&#8221;, af Henrik Jensen og Klaus Hvidtfeldt Larsen, begge fra Venstre. Henrik og Klaus synes det er underligt, at se at kandidater til kommunalvalget 2021 \u00f8nsker at bryde [&hellip;]","og_url":"https:\/\/kunmedierne.dk\/mors\/et-levende-demokrati-er-oensket-for-naeste-valgperiode\/","og_site_name":"Mors","article_published_time":"2021-01-27T16:23:59+00:00","article_modified_time":"2024-08-12T11:37:56+00:00","og_image":[{"width":770,"height":513,"url":"https:\/\/kunmedierne.dk\/mors\/wp-content\/uploads\/2020\/01\/0-debat-jette-jepsen-R.jpg","type":"image\/jpeg"}],"author":"Debat","twitter_card":"summary_large_image","twitter_misc":{"Skrevet af":"Debat","Estimeret l\u00e6setid":"3 minutter"},"schema":{"@context":"https:\/\/schema.org","@graph":[{"@type":"Article","@id":"https:\/\/kunmedierne.dk\/mors\/et-levende-demokrati-er-oensket-for-naeste-valgperiode\/#article","isPartOf":{"@id":"https:\/\/kunmedierne.dk\/mors\/et-levende-demokrati-er-oensket-for-naeste-valgperiode\/"},"author":{"name":"Debat","@id":"https:\/\/kunmedierne.dk\/mors\/#\/schema\/person\/84c1391bce0b43b9bb3a49736bc0ad78"},"headline":"Et levende demokrati er \u00f8nsket for n\u00e6ste valgperiode","datePublished":"2021-01-27T16:23:59+00:00","dateModified":"2024-08-12T11:37:56+00:00","mainEntityOfPage":{"@id":"https:\/\/kunmedierne.dk\/mors\/et-levende-demokrati-er-oensket-for-naeste-valgperiode\/"},"wordCount":691,"commentCount":0,"publisher":{"@id":"https:\/\/kunmedierne.dk\/mors\/#organization"},"image":{"@id":"https:\/\/kunmedierne.dk\/mors\/et-levende-demokrati-er-oensket-for-naeste-valgperiode\/#primaryimage"},"thumbnailUrl":"https:\/\/kunmedierne.dk\/mors\/wp-content\/uploads\/2020\/01\/0-debat-jette-jepsen-R.jpg","keywords":["Politik"],"articleSection":["Debat"],"inLanguage":"da-DK","potentialAction":[{"@type":"CommentAction","name":"Comment","target":["https:\/\/kunmedierne.dk\/mors\/et-levende-demokrati-er-oensket-for-naeste-valgperiode\/#respond"]}]},{"@type":"WebPage","@id":"https:\/\/kunmedierne.dk\/mors\/et-levende-demokrati-er-oensket-for-naeste-valgperiode\/","url":"https:\/\/kunmedierne.dk\/mors\/et-levende-demokrati-er-oensket-for-naeste-valgperiode\/","name":"Et levende demokrati er \u00f8nsket for n\u00e6ste valgperiode - Mors","isPartOf":{"@id":"https:\/\/kunmedierne.dk\/mors\/#website"},"primaryImageOfPage":{"@id":"https:\/\/kunmedierne.dk\/mors\/et-levende-demokrati-er-oensket-for-naeste-valgperiode\/#primaryimage"},"image":{"@id":"https:\/\/kunmedierne.dk\/mors\/et-levende-demokrati-er-oensket-for-naeste-valgperiode\/#primaryimage"},"thumbnailUrl":"https:\/\/kunmedierne.dk\/mors\/wp-content\/uploads\/2020\/01\/0-debat-jette-jepsen-R.jpg","datePublished":"2021-01-27T16:23:59+00:00","dateModified":"2024-08-12T11:37:56+00:00","breadcrumb":{"@id":"https:\/\/kunmedierne.dk\/mors\/et-levende-demokrati-er-oensket-for-naeste-valgperiode\/#breadcrumb"},"inLanguage":"da-DK","potentialAction":[{"@type":"ReadAction","target":["https:\/\/kunmedierne.dk\/mors\/et-levende-demokrati-er-oensket-for-naeste-valgperiode\/"]}]},{"@type":"ImageObject","inLanguage":"da-DK","@id":"https:\/\/kunmedierne.dk\/mors\/et-levende-demokrati-er-oensket-for-naeste-valgperiode\/#primaryimage","url":"https:\/\/kunmedierne.dk\/mors\/wp-content\/uploads\/2020\/01\/0-debat-jette-jepsen-R.jpg","contentUrl":"https:\/\/kunmedierne.dk\/mors\/wp-content\/uploads\/2020\/01\/0-debat-jette-jepsen-R.jpg","width":770,"height":513,"caption":"Jette Jepsen (RV). Foto: Per Bech\/Mors\u00f8 Kommune."},{"@type":"BreadcrumbList","@id":"https:\/\/kunmedierne.dk\/mors\/et-levende-demokrati-er-oensket-for-naeste-valgperiode\/#breadcrumb","itemListElement":[{"@type":"ListItem","position":1,"name":"Hjem","item":"https:\/\/kunmedierne.dk\/mors\/"},{"@type":"ListItem","position":2,"name":"Et levende demokrati er \u00f8nsket for n\u00e6ste valgperiode"}]},{"@type":"WebSite","@id":"https:\/\/kunmedierne.dk\/mors\/#website","url":"https:\/\/kunmedierne.dk\/mors\/","name":"Mors","description":"et netmedie med journalistik om livet p\u00e5 Mors","publisher":{"@id":"https:\/\/kunmedierne.dk\/mors\/#organization"},"potentialAction":[{"@type":"SearchAction","target":{"@type":"EntryPoint","urlTemplate":"https:\/\/kunmedierne.dk\/mors\/?s={search_term_string}"},"query-input":{"@type":"PropertyValueSpecification","valueRequired":true,"valueName":"search_term_string"}}],"inLanguage":"da-DK"},{"@type":"Organization","@id":"https:\/\/kunmedierne.dk\/mors\/#organization","name":"Mors","url":"https:\/\/kunmedierne.dk\/mors\/","logo":{"@type":"ImageObject","inLanguage":"da-DK","@id":"https:\/\/kunmedierne.dk\/mors\/#\/schema\/logo\/image\/","url":"https:\/\/kunmedierne.dk\/mors\/wp-content\/uploads\/2024\/08\/kunmors-logo.svg","contentUrl":"https:\/\/kunmedierne.dk\/mors\/wp-content\/uploads\/2024\/08\/kunmors-logo.svg","caption":"Mors"},"image":{"@id":"https:\/\/kunmedierne.dk\/mors\/#\/schema\/logo\/image\/"}},{"@type":"Person","@id":"https:\/\/kunmedierne.dk\/mors\/#\/schema\/person\/84c1391bce0b43b9bb3a49736bc0ad78","name":"Debat","image":{"@type":"ImageObject","inLanguage":"da-DK","@id":"https:\/\/kunmedierne.dk\/mors\/#\/schema\/person\/image\/","url":"https:\/\/secure.gravatar.com\/avatar\/b0fb2e221d618f7c65162ab0d49c7e8a0b580c871ca03af90e42b47b4150654c?s=96&d=mm&r=g","contentUrl":"https:\/\/secure.gravatar.com\/avatar\/b0fb2e221d618f7c65162ab0d49c7e8a0b580c871ca03af90e42b47b4150654c?s=96&d=mm&r=g","caption":"Debat"},"url":"https:\/\/kunmedierne.dk\/mors\/author\/debat\/"}]}},"_links":{"self":[{"href":"https:\/\/kunmedierne.dk\/mors\/wp-json\/wp\/v2\/posts\/38798","targetHints":{"allow":["GET"]}}],"collection":[{"href":"https:\/\/kunmedierne.dk\/mors\/wp-json\/wp\/v2\/posts"}],"about":[{"href":"https:\/\/kunmedierne.dk\/mors\/wp-json\/wp\/v2\/types\/post"}],"author":[{"embeddable":true,"href":"https:\/\/kunmedierne.dk\/mors\/wp-json\/wp\/v2\/users\/11"}],"replies":[{"embeddable":true,"href":"https:\/\/kunmedierne.dk\/mors\/wp-json\/wp\/v2\/comments?post=38798"}],"version-history":[{"count":3,"href":"https:\/\/kunmedierne.dk\/mors\/wp-json\/wp\/v2\/posts\/38798\/revisions"}],"predecessor-version":[{"id":38812,"href":"https:\/\/kunmedierne.dk\/mors\/wp-json\/wp\/v2\/posts\/38798\/revisions\/38812"}],"wp:featuredmedia":[{"embeddable":true,"href":"https:\/\/kunmedierne.dk\/mors\/wp-json\/wp\/v2\/media\/18975"}],"wp:attachment":[{"href":"https:\/\/kunmedierne.dk\/mors\/wp-json\/wp\/v2\/media?parent=38798"}],"wp:term":[{"taxonomy":"category","embeddable":true,"href":"https:\/\/kunmedierne.dk\/mors\/wp-json\/wp\/v2\/categories?post=38798"},{"taxonomy":"post_tag","embeddable":true,"href":"https:\/\/kunmedierne.dk\/mors\/wp-json\/wp\/v2\/tags?post=38798"}],"curies":[{"name":"wp","href":"https:\/\/api.w.org\/{rel}","templated":true}]}}