{"id":38739,"date":"2021-01-26T07:51:43","date_gmt":"2021-01-26T06:51:43","guid":{"rendered":"https:\/\/kunmedierne.dk\/mors\/?p=38739"},"modified":"2024-08-12T13:37:56","modified_gmt":"2024-08-12T11:37:56","slug":"venstre-flertal-en-fordel","status":"publish","type":"post","link":"https:\/\/kunmedierne.dk\/mors\/venstre-flertal-en-fordel\/","title":{"rendered":"Venstre flertal \u2013\u00a0 en fordel?\u00a0"},"content":{"rendered":"<p><em>Fra Thomas Jensen, formand for De Konservative p\u00e5 Mors, har vi modtaget:<\/em><\/p>\n<hr \/>\n<p><strong>MORS<\/strong>: Selv om borgmesteren ynder at fort\u00e6lle, at Venstre samarbejder bredt og ikke udnytter Venstres magt position i Mors\u00f8 Kommune. Og selv om b\u00e5de Henrik Jensen og Klaus Hvidtfeldt Larsen klapper sig selv p\u00e5 skulderen og kommer med lange forklaringer, s\u00e5 har Venstre dominans i kommunalbestyrelsen. Et flertal er et flertal. Det mener jeg ikke, er godt for demokratiet.<\/p>\n<p>Det kan godt v\u00e6re, at Venstre selv syntes, at de g\u00f8r sig umage for at samarbejde og lytte til andre partier. Jeg mener, at det lyder\u00a0noget hult, n\u00e5r Venstre selv skriver, at venstregruppen har mange gode og lange diskussioner, hvor sager og holdninger vendes og drejes \u2013 oftest findes en f\u00e6lles l\u00f8sning. Alts\u00e5 en venstrel\u00f8sning.<\/p>\n<p>Netop den enighed, som kommer til udtryk i den nuv\u00e6rende kommunalbestyrelse, kunne m\u00e5ske skyldes venstredominans, og at Venstre har ordnet sagerne, inden de andre partier bliver inddraget. Man kan n\u00e6sten f\u00e5 den mistanke, at de andre partier har opgivet at komme til orde. Jeg ved det ikke, men der er blevet besynderlig stille. <a href=\"https:\/\/www.fmspks.dk\/\"><img loading=\"lazy\" decoding=\"async\" class=\"alignright size-full wp-image-35528\" src=\"https:\/\/kunmedierne.dk\/mors\/wp-content\/uploads\/2020\/11\/ho4.jpg\" alt=\"\" width=\"1400\" height=\"125\" srcset=\"https:\/\/kunmedierne.dk\/mors\/wp-content\/uploads\/2020\/11\/ho4.jpg 1400w, https:\/\/kunmedierne.dk\/mors\/wp-content\/uploads\/2020\/11\/ho4-300x27.jpg 300w, https:\/\/kunmedierne.dk\/mors\/wp-content\/uploads\/2020\/11\/ho4-1024x91.jpg 1024w, https:\/\/kunmedierne.dk\/mors\/wp-content\/uploads\/2020\/11\/ho4-768x69.jpg 768w, https:\/\/kunmedierne.dk\/mors\/wp-content\/uploads\/2020\/11\/ho4-600x54.jpg 600w\" sizes=\"auto, (max-width: 1400px) 100vw, 1400px\" \/><\/a><\/p>\n<p>At Venstre er sikret et flertal p\u00e5 forh\u00e5nd, g\u00f8r det forholdsvis nemt for borgmesteren at sidde ved bordenden. Meget praktisk for borgmesteren i forhold til at lede kommunen, men p\u00e5 minussiden giver den manglende debat fra flest mulige vinkler en risiko for tabte visioner og ideer.<\/p>\n<p>De konservative g\u00e5r til n\u00e6ste kommunalvalg med et \u00f8nske om at f\u00e5 brudt venstres flertal. Ikke for at v\u00e6lte en borgerlig ledet kommune, men for at f\u00e5 mere mangfoldighed i kommunalbestyrelsen. Dette vil sikre, at forskelligheden i form af flere politiske partiers holdninger vil komme p\u00e5 dagsorden, som jo er hele fundamentet for en ordentlig demokratisk ledet kommune.<\/p>\n<p>Vi tror p\u00e5, at vi politisk kan v\u00e6re med til at skabe en bedre kommune, der sikrer tryghed og muligheder for alle. En kommune, der tager sig af de svageste i vores samfund, hvor hjerte og sund fornuft f\u00f8lges ad. At Mors er \u00f8en, hvor vi v\u00e6rner om vores institutioner, dyrker vores rige natur- kulturarv og er \u00e5bne for omverdenens fremskridt. Et sted, hvor den gr\u00f8nne dagsorden er h\u00f8jt prioriteret og som kommer til udtryk i handling. Det fortjener Morsingboerne!<\/p>\n<hr \/>\n<p><em>Har du et bidrag til den lokale debat? Send det til os p\u00e5 e-mail: debat@kunmedierne.dk\/mors. Husk at l\u00e6se korrektur inden afsendelse p\u00e5 indl\u00e6gget.<\/em><\/p>\n<blockquote><p>F\u00f8lg vores serie om kandidater til kommunalvalget i 2021. Seneste afsnit er\u00a0<a href=\"https:\/\/kunmedierne.dk\/mors\/konservative-vil-bryde-venstres-flertal\/\" target=\"_blank\" rel=\"noopener noreferrer\">her<\/a>.<\/p><\/blockquote>\n","protected":false},"excerpt":{"rendered":"<p>Fra Thomas Jensen, formand for De Konservative p\u00e5 Mors, har vi modtaget: MORS: Selv om borgmesteren ynder at fort\u00e6lle, at Venstre samarbejder bredt og ikke udnytter Venstres magt position i Mors\u00f8 Kommune. Og selv om b\u00e5de Henrik Jensen og Klaus Hvidtfeldt Larsen klapper sig selv p\u00e5 skulderen og kommer med lange forklaringer, s\u00e5 har Venstre [&hellip;]<\/p>\n","protected":false},"author":11,"featured_media":38394,"comment_status":"open","ping_status":"open","sticky":false,"template":"","format":"standard","meta":{"_acf_changed":false,"footnotes":""},"categories":[56],"tags":[167],"class_list":["post-38739","post","type-post","status-publish","format-standard","has-post-thumbnail","hentry","category-debat","tag-politik"],"acf":[],"yoast_head":"<!-- This site is optimized with the Yoast SEO plugin v26.8 - https:\/\/yoast.com\/product\/yoast-seo-wordpress\/ -->\n<title>Venstre flertal \u2013\u00a0 en fordel?\u00a0 - Mors<\/title>\n<meta name=\"robots\" content=\"index, follow, max-snippet:-1, max-image-preview:large, max-video-preview:-1\" \/>\n<link rel=\"canonical\" href=\"https:\/\/kunmedierne.dk\/mors\/venstre-flertal-en-fordel\/\" \/>\n<meta property=\"og:locale\" content=\"da_DK\" \/>\n<meta property=\"og:type\" content=\"article\" \/>\n<meta property=\"og:title\" content=\"Venstre flertal \u2013\u00a0 en fordel?\u00a0 - Mors\" \/>\n<meta property=\"og:description\" content=\"Fra Thomas Jensen, formand for De Konservative p\u00e5 Mors, har vi modtaget: MORS: Selv om borgmesteren ynder at fort\u00e6lle, at Venstre samarbejder bredt og ikke udnytter Venstres magt position i Mors\u00f8 Kommune. Og selv om b\u00e5de Henrik Jensen og Klaus Hvidtfeldt Larsen klapper sig selv p\u00e5 skulderen og kommer med lange forklaringer, s\u00e5 har Venstre [&hellip;]\" \/>\n<meta property=\"og:url\" content=\"https:\/\/kunmedierne.dk\/mors\/venstre-flertal-en-fordel\/\" \/>\n<meta property=\"og:site_name\" content=\"Mors\" \/>\n<meta property=\"article:published_time\" content=\"2021-01-26T06:51:43+00:00\" \/>\n<meta property=\"article:modified_time\" content=\"2024-08-12T11:37:56+00:00\" \/>\n<meta property=\"og:image\" content=\"https:\/\/kunmedierne.dk\/mors\/wp-content\/uploads\/2021\/01\/thomas-jensen2.jpg\" \/>\n\t<meta property=\"og:image:width\" content=\"770\" \/>\n\t<meta property=\"og:image:height\" content=\"513\" \/>\n\t<meta property=\"og:image:type\" content=\"image\/jpeg\" \/>\n<meta name=\"author\" content=\"Debat\" \/>\n<meta name=\"twitter:card\" content=\"summary_large_image\" \/>\n<meta name=\"twitter:label1\" content=\"Skrevet af\" \/>\n\t<meta name=\"twitter:data1\" content=\"Debat\" \/>\n\t<meta name=\"twitter:label2\" content=\"Estimeret l\u00e6setid\" \/>\n\t<meta name=\"twitter:data2\" content=\"2 minutter\" \/>\n<script type=\"application\/ld+json\" class=\"yoast-schema-graph\">{\"@context\":\"https:\/\/schema.org\",\"@graph\":[{\"@type\":\"Article\",\"@id\":\"https:\/\/kunmedierne.dk\/mors\/venstre-flertal-en-fordel\/#article\",\"isPartOf\":{\"@id\":\"https:\/\/kunmedierne.dk\/mors\/venstre-flertal-en-fordel\/\"},\"author\":{\"name\":\"Debat\",\"@id\":\"https:\/\/kunmedierne.dk\/mors\/#\/schema\/person\/84c1391bce0b43b9bb3a49736bc0ad78\"},\"headline\":\"Venstre flertal \u2013\u00a0 en fordel?\u00a0\",\"datePublished\":\"2021-01-26T06:51:43+00:00\",\"dateModified\":\"2024-08-12T11:37:56+00:00\",\"mainEntityOfPage\":{\"@id\":\"https:\/\/kunmedierne.dk\/mors\/venstre-flertal-en-fordel\/\"},\"wordCount\":429,\"commentCount\":0,\"publisher\":{\"@id\":\"https:\/\/kunmedierne.dk\/mors\/#organization\"},\"image\":{\"@id\":\"https:\/\/kunmedierne.dk\/mors\/venstre-flertal-en-fordel\/#primaryimage\"},\"thumbnailUrl\":\"https:\/\/kunmedierne.dk\/mors\/wp-content\/uploads\/2021\/01\/thomas-jensen2.jpg\",\"keywords\":[\"Politik\"],\"articleSection\":[\"Debat\"],\"inLanguage\":\"da-DK\",\"potentialAction\":[{\"@type\":\"CommentAction\",\"name\":\"Comment\",\"target\":[\"https:\/\/kunmedierne.dk\/mors\/venstre-flertal-en-fordel\/#respond\"]}]},{\"@type\":\"WebPage\",\"@id\":\"https:\/\/kunmedierne.dk\/mors\/venstre-flertal-en-fordel\/\",\"url\":\"https:\/\/kunmedierne.dk\/mors\/venstre-flertal-en-fordel\/\",\"name\":\"Venstre flertal \u2013\u00a0 en fordel?\u00a0 - Mors\",\"isPartOf\":{\"@id\":\"https:\/\/kunmedierne.dk\/mors\/#website\"},\"primaryImageOfPage\":{\"@id\":\"https:\/\/kunmedierne.dk\/mors\/venstre-flertal-en-fordel\/#primaryimage\"},\"image\":{\"@id\":\"https:\/\/kunmedierne.dk\/mors\/venstre-flertal-en-fordel\/#primaryimage\"},\"thumbnailUrl\":\"https:\/\/kunmedierne.dk\/mors\/wp-content\/uploads\/2021\/01\/thomas-jensen2.jpg\",\"datePublished\":\"2021-01-26T06:51:43+00:00\",\"dateModified\":\"2024-08-12T11:37:56+00:00\",\"breadcrumb\":{\"@id\":\"https:\/\/kunmedierne.dk\/mors\/venstre-flertal-en-fordel\/#breadcrumb\"},\"inLanguage\":\"da-DK\",\"potentialAction\":[{\"@type\":\"ReadAction\",\"target\":[\"https:\/\/kunmedierne.dk\/mors\/venstre-flertal-en-fordel\/\"]}]},{\"@type\":\"ImageObject\",\"inLanguage\":\"da-DK\",\"@id\":\"https:\/\/kunmedierne.dk\/mors\/venstre-flertal-en-fordel\/#primaryimage\",\"url\":\"https:\/\/kunmedierne.dk\/mors\/wp-content\/uploads\/2021\/01\/thomas-jensen2.jpg\",\"contentUrl\":\"https:\/\/kunmedierne.dk\/mors\/wp-content\/uploads\/2021\/01\/thomas-jensen2.jpg\",\"width\":770,\"height\":513,\"caption\":\"Thomas Jensen, spidskandidat for De Konservative til Kommunalvalg 2021. Privatfoto\"},{\"@type\":\"BreadcrumbList\",\"@id\":\"https:\/\/kunmedierne.dk\/mors\/venstre-flertal-en-fordel\/#breadcrumb\",\"itemListElement\":[{\"@type\":\"ListItem\",\"position\":1,\"name\":\"Hjem\",\"item\":\"https:\/\/kunmedierne.dk\/mors\/\"},{\"@type\":\"ListItem\",\"position\":2,\"name\":\"Venstre flertal \u2013\u00a0 en fordel?\u00a0\"}]},{\"@type\":\"WebSite\",\"@id\":\"https:\/\/kunmedierne.dk\/mors\/#website\",\"url\":\"https:\/\/kunmedierne.dk\/mors\/\",\"name\":\"Mors\",\"description\":\"et netmedie med journalistik om livet p\u00e5 Mors\",\"publisher\":{\"@id\":\"https:\/\/kunmedierne.dk\/mors\/#organization\"},\"potentialAction\":[{\"@type\":\"SearchAction\",\"target\":{\"@type\":\"EntryPoint\",\"urlTemplate\":\"https:\/\/kunmedierne.dk\/mors\/?s={search_term_string}\"},\"query-input\":{\"@type\":\"PropertyValueSpecification\",\"valueRequired\":true,\"valueName\":\"search_term_string\"}}],\"inLanguage\":\"da-DK\"},{\"@type\":\"Organization\",\"@id\":\"https:\/\/kunmedierne.dk\/mors\/#organization\",\"name\":\"Mors\",\"url\":\"https:\/\/kunmedierne.dk\/mors\/\",\"logo\":{\"@type\":\"ImageObject\",\"inLanguage\":\"da-DK\",\"@id\":\"https:\/\/kunmedierne.dk\/mors\/#\/schema\/logo\/image\/\",\"url\":\"https:\/\/kunmedierne.dk\/mors\/wp-content\/uploads\/2024\/08\/kunmors-logo.svg\",\"contentUrl\":\"https:\/\/kunmedierne.dk\/mors\/wp-content\/uploads\/2024\/08\/kunmors-logo.svg\",\"caption\":\"Mors\"},\"image\":{\"@id\":\"https:\/\/kunmedierne.dk\/mors\/#\/schema\/logo\/image\/\"}},{\"@type\":\"Person\",\"@id\":\"https:\/\/kunmedierne.dk\/mors\/#\/schema\/person\/84c1391bce0b43b9bb3a49736bc0ad78\",\"name\":\"Debat\",\"image\":{\"@type\":\"ImageObject\",\"inLanguage\":\"da-DK\",\"@id\":\"https:\/\/kunmedierne.dk\/mors\/#\/schema\/person\/image\/\",\"url\":\"https:\/\/secure.gravatar.com\/avatar\/b0fb2e221d618f7c65162ab0d49c7e8a0b580c871ca03af90e42b47b4150654c?s=96&d=mm&r=g\",\"contentUrl\":\"https:\/\/secure.gravatar.com\/avatar\/b0fb2e221d618f7c65162ab0d49c7e8a0b580c871ca03af90e42b47b4150654c?s=96&d=mm&r=g\",\"caption\":\"Debat\"},\"url\":\"https:\/\/kunmedierne.dk\/mors\/author\/debat\/\"}]}<\/script>\n<!-- \/ Yoast SEO plugin. -->","yoast_head_json":{"title":"Venstre flertal \u2013\u00a0 en fordel?\u00a0 - Mors","robots":{"index":"index","follow":"follow","max-snippet":"max-snippet:-1","max-image-preview":"max-image-preview:large","max-video-preview":"max-video-preview:-1"},"canonical":"https:\/\/kunmedierne.dk\/mors\/venstre-flertal-en-fordel\/","og_locale":"da_DK","og_type":"article","og_title":"Venstre flertal \u2013\u00a0 en fordel?\u00a0 - Mors","og_description":"Fra Thomas Jensen, formand for De Konservative p\u00e5 Mors, har vi modtaget: MORS: Selv om borgmesteren ynder at fort\u00e6lle, at Venstre samarbejder bredt og ikke udnytter Venstres magt position i Mors\u00f8 Kommune. Og selv om b\u00e5de Henrik Jensen og Klaus Hvidtfeldt Larsen klapper sig selv p\u00e5 skulderen og kommer med lange forklaringer, s\u00e5 har Venstre [&hellip;]","og_url":"https:\/\/kunmedierne.dk\/mors\/venstre-flertal-en-fordel\/","og_site_name":"Mors","article_published_time":"2021-01-26T06:51:43+00:00","article_modified_time":"2024-08-12T11:37:56+00:00","og_image":[{"width":770,"height":513,"url":"https:\/\/kunmedierne.dk\/mors\/wp-content\/uploads\/2021\/01\/thomas-jensen2.jpg","type":"image\/jpeg"}],"author":"Debat","twitter_card":"summary_large_image","twitter_misc":{"Skrevet af":"Debat","Estimeret l\u00e6setid":"2 minutter"},"schema":{"@context":"https:\/\/schema.org","@graph":[{"@type":"Article","@id":"https:\/\/kunmedierne.dk\/mors\/venstre-flertal-en-fordel\/#article","isPartOf":{"@id":"https:\/\/kunmedierne.dk\/mors\/venstre-flertal-en-fordel\/"},"author":{"name":"Debat","@id":"https:\/\/kunmedierne.dk\/mors\/#\/schema\/person\/84c1391bce0b43b9bb3a49736bc0ad78"},"headline":"Venstre flertal \u2013\u00a0 en fordel?\u00a0","datePublished":"2021-01-26T06:51:43+00:00","dateModified":"2024-08-12T11:37:56+00:00","mainEntityOfPage":{"@id":"https:\/\/kunmedierne.dk\/mors\/venstre-flertal-en-fordel\/"},"wordCount":429,"commentCount":0,"publisher":{"@id":"https:\/\/kunmedierne.dk\/mors\/#organization"},"image":{"@id":"https:\/\/kunmedierne.dk\/mors\/venstre-flertal-en-fordel\/#primaryimage"},"thumbnailUrl":"https:\/\/kunmedierne.dk\/mors\/wp-content\/uploads\/2021\/01\/thomas-jensen2.jpg","keywords":["Politik"],"articleSection":["Debat"],"inLanguage":"da-DK","potentialAction":[{"@type":"CommentAction","name":"Comment","target":["https:\/\/kunmedierne.dk\/mors\/venstre-flertal-en-fordel\/#respond"]}]},{"@type":"WebPage","@id":"https:\/\/kunmedierne.dk\/mors\/venstre-flertal-en-fordel\/","url":"https:\/\/kunmedierne.dk\/mors\/venstre-flertal-en-fordel\/","name":"Venstre flertal \u2013\u00a0 en fordel?\u00a0 - Mors","isPartOf":{"@id":"https:\/\/kunmedierne.dk\/mors\/#website"},"primaryImageOfPage":{"@id":"https:\/\/kunmedierne.dk\/mors\/venstre-flertal-en-fordel\/#primaryimage"},"image":{"@id":"https:\/\/kunmedierne.dk\/mors\/venstre-flertal-en-fordel\/#primaryimage"},"thumbnailUrl":"https:\/\/kunmedierne.dk\/mors\/wp-content\/uploads\/2021\/01\/thomas-jensen2.jpg","datePublished":"2021-01-26T06:51:43+00:00","dateModified":"2024-08-12T11:37:56+00:00","breadcrumb":{"@id":"https:\/\/kunmedierne.dk\/mors\/venstre-flertal-en-fordel\/#breadcrumb"},"inLanguage":"da-DK","potentialAction":[{"@type":"ReadAction","target":["https:\/\/kunmedierne.dk\/mors\/venstre-flertal-en-fordel\/"]}]},{"@type":"ImageObject","inLanguage":"da-DK","@id":"https:\/\/kunmedierne.dk\/mors\/venstre-flertal-en-fordel\/#primaryimage","url":"https:\/\/kunmedierne.dk\/mors\/wp-content\/uploads\/2021\/01\/thomas-jensen2.jpg","contentUrl":"https:\/\/kunmedierne.dk\/mors\/wp-content\/uploads\/2021\/01\/thomas-jensen2.jpg","width":770,"height":513,"caption":"Thomas Jensen, spidskandidat for De Konservative til Kommunalvalg 2021. Privatfoto"},{"@type":"BreadcrumbList","@id":"https:\/\/kunmedierne.dk\/mors\/venstre-flertal-en-fordel\/#breadcrumb","itemListElement":[{"@type":"ListItem","position":1,"name":"Hjem","item":"https:\/\/kunmedierne.dk\/mors\/"},{"@type":"ListItem","position":2,"name":"Venstre flertal \u2013\u00a0 en fordel?\u00a0"}]},{"@type":"WebSite","@id":"https:\/\/kunmedierne.dk\/mors\/#website","url":"https:\/\/kunmedierne.dk\/mors\/","name":"Mors","description":"et netmedie med journalistik om livet p\u00e5 Mors","publisher":{"@id":"https:\/\/kunmedierne.dk\/mors\/#organization"},"potentialAction":[{"@type":"SearchAction","target":{"@type":"EntryPoint","urlTemplate":"https:\/\/kunmedierne.dk\/mors\/?s={search_term_string}"},"query-input":{"@type":"PropertyValueSpecification","valueRequired":true,"valueName":"search_term_string"}}],"inLanguage":"da-DK"},{"@type":"Organization","@id":"https:\/\/kunmedierne.dk\/mors\/#organization","name":"Mors","url":"https:\/\/kunmedierne.dk\/mors\/","logo":{"@type":"ImageObject","inLanguage":"da-DK","@id":"https:\/\/kunmedierne.dk\/mors\/#\/schema\/logo\/image\/","url":"https:\/\/kunmedierne.dk\/mors\/wp-content\/uploads\/2024\/08\/kunmors-logo.svg","contentUrl":"https:\/\/kunmedierne.dk\/mors\/wp-content\/uploads\/2024\/08\/kunmors-logo.svg","caption":"Mors"},"image":{"@id":"https:\/\/kunmedierne.dk\/mors\/#\/schema\/logo\/image\/"}},{"@type":"Person","@id":"https:\/\/kunmedierne.dk\/mors\/#\/schema\/person\/84c1391bce0b43b9bb3a49736bc0ad78","name":"Debat","image":{"@type":"ImageObject","inLanguage":"da-DK","@id":"https:\/\/kunmedierne.dk\/mors\/#\/schema\/person\/image\/","url":"https:\/\/secure.gravatar.com\/avatar\/b0fb2e221d618f7c65162ab0d49c7e8a0b580c871ca03af90e42b47b4150654c?s=96&d=mm&r=g","contentUrl":"https:\/\/secure.gravatar.com\/avatar\/b0fb2e221d618f7c65162ab0d49c7e8a0b580c871ca03af90e42b47b4150654c?s=96&d=mm&r=g","caption":"Debat"},"url":"https:\/\/kunmedierne.dk\/mors\/author\/debat\/"}]}},"_links":{"self":[{"href":"https:\/\/kunmedierne.dk\/mors\/wp-json\/wp\/v2\/posts\/38739","targetHints":{"allow":["GET"]}}],"collection":[{"href":"https:\/\/kunmedierne.dk\/mors\/wp-json\/wp\/v2\/posts"}],"about":[{"href":"https:\/\/kunmedierne.dk\/mors\/wp-json\/wp\/v2\/types\/post"}],"author":[{"embeddable":true,"href":"https:\/\/kunmedierne.dk\/mors\/wp-json\/wp\/v2\/users\/11"}],"replies":[{"embeddable":true,"href":"https:\/\/kunmedierne.dk\/mors\/wp-json\/wp\/v2\/comments?post=38739"}],"version-history":[{"count":3,"href":"https:\/\/kunmedierne.dk\/mors\/wp-json\/wp\/v2\/posts\/38739\/revisions"}],"predecessor-version":[{"id":38743,"href":"https:\/\/kunmedierne.dk\/mors\/wp-json\/wp\/v2\/posts\/38739\/revisions\/38743"}],"wp:featuredmedia":[{"embeddable":true,"href":"https:\/\/kunmedierne.dk\/mors\/wp-json\/wp\/v2\/media\/38394"}],"wp:attachment":[{"href":"https:\/\/kunmedierne.dk\/mors\/wp-json\/wp\/v2\/media?parent=38739"}],"wp:term":[{"taxonomy":"category","embeddable":true,"href":"https:\/\/kunmedierne.dk\/mors\/wp-json\/wp\/v2\/categories?post=38739"},{"taxonomy":"post_tag","embeddable":true,"href":"https:\/\/kunmedierne.dk\/mors\/wp-json\/wp\/v2\/tags?post=38739"}],"curies":[{"name":"wp","href":"https:\/\/api.w.org\/{rel}","templated":true}]}}