{"id":38713,"date":"2021-01-25T16:49:41","date_gmt":"2021-01-25T15:49:41","guid":{"rendered":"https:\/\/kunmedierne.dk\/mors\/?p=38713"},"modified":"2024-08-12T13:37:56","modified_gmt":"2024-08-12T11:37:56","slug":"mindeord-for-jytte-jarl","status":"publish","type":"post","link":"https:\/\/kunmedierne.dk\/mors\/mindeord-for-jytte-jarl\/","title":{"rendered":"Mindeord for Jytte Jarl"},"content":{"rendered":"<p class=\"v1MsoNormal\" style=\"text-align: left;\"><em>Fra Annette Bruun Jarl har vi modtaget: <\/em><\/p>\n<p class=\"v1MsoNormal\" style=\"text-align: left;\"><em>Mindeord om Jytte Jarl, f\u00f8dt den 21. juni 1929, d\u00f8d den 22. januar 2021.<\/em><\/p>\n<hr \/>\n<p class=\"v1MsoNormal\">Jytte Jarl, Hester\u00f8roddevej 103, \u00d8ster Assels, er stille sovet ind. Hun blev 91 \u00e5r.<\/p>\n<p class=\"v1MsoNormal\">&#8220;Jeg vil bruge mig s\u00e5 l\u00e6nge, jeg har mig&#8221;.<\/p>\n<p class=\"v1MsoNormal\">S\u00e5dan l\u00f8d det fra Jytte, da hun som 80-\u00e5rig sad krumb\u00f8jet over sit jordb\u00e6rbed p\u00e5 Sydmors: Hun var i gang med at befri planterne for kvikgr\u00e6s og skvalderk\u00e5l, da et familiemedlem kom til og ville hj\u00e6lpe og sagde: &#8220;Du skal da ikke sidde og knokle med det, Jyttemor&#8221;.<\/p>\n<p class=\"v1MsoNormal\">&#8221; Jeg vil bruge mig s\u00e5 l\u00e6nge, jeg har mig&#8221;, l\u00f8d det bestemt nede fra jordb\u00e6rbedet.<\/p>\n<p class=\"v1MsoNormal\">Og det var lige det, Jytte gjorde. Hun brugte sig selv og tog for sig af alt det, livet har at byde p\u00e5. Og det var ikke lidt, n\u00e5r det kom til Jytte: Tre b\u00f8rn, b\u00f8rneb\u00f8rn og oldeb\u00f8rn. Venner i alle aldre over hele verden \u2013 og ikke mindst heste.<\/p>\n<p class=\"v1MsoNormal\">Oplevelser var der ogs\u00e5 mange af. Jytte kaldte det selv &#8216;h\u00f8je bjerge og dybe dale.&#8217; I l\u00f8bet af sit lange liv oplevede hun at bo mere forskelligt end de fleste: I en Arne Jacobsen-villa p\u00e5 Kongeh\u00f8jen i Klampenborg, p\u00e5 L\u00f8ndal mellem Horsens og Silkeborg, p\u00e5 g\u00e5rden Kolkj\u00e6r i Hanherred, i en hytte hos bushfolk i Surinam, p\u00e5 sejlb\u00e5den Teni p\u00e5 verdenshavene, p\u00e5 en kokosplantage p\u00e5 Fiji og de sidste 17 \u00e5r p\u00e5 et lille husmandssted p\u00e5 Sydmors.<\/p>\n<p class=\"v1MsoNormal\">Fredag eftermiddag lukkede hun sine \u00f8jne efter at have levet et langt og fantastisk liv.<\/p>\n<p class=\"v1MsoNormal\">Jytte efterlader sine tre b\u00f8rn Jens, Jette og Henrik samt syv b\u00f8rneb\u00f8rn og syv oldeb\u00f8rn og endnu et oldebarn p\u00e5 vej.<\/p>\n<p class=\"v1MsoNormal\">\u00c6ret v\u00e6re hendes minde.<\/p>\n<p class=\"v1MsoNormal\">Jytte bliver begravet fra \u00d8ster Assels Kirke p\u00e5 l\u00f8rdag den 30. januar klokken 13.<\/p>\n<p class=\"v1MsoNormal\">P\u00e5 grund af coronasituationen er begivenheden kun for indbudte.<\/p>\n","protected":false},"excerpt":{"rendered":"<p>Fra Annette Bruun Jarl har vi modtaget: Mindeord om Jytte Jarl, f\u00f8dt den 21. juni 1929, d\u00f8d den 22. januar 2021. Jytte Jarl, Hester\u00f8roddevej 103, \u00d8ster Assels, er stille sovet ind. Hun blev 91 \u00e5r. &#8220;Jeg vil bruge mig s\u00e5 l\u00e6nge, jeg har mig&#8221;. S\u00e5dan l\u00f8d det fra Jytte, da hun som 80-\u00e5rig sad krumb\u00f8jet [&hellip;]<\/p>\n","protected":false},"author":264,"featured_media":38714,"comment_status":"open","ping_status":"open","sticky":false,"template":"","format":"standard","meta":{"_acf_changed":false,"footnotes":""},"categories":[52],"tags":[],"class_list":["post-38713","post","type-post","status-publish","format-standard","has-post-thumbnail","hentry","category-navne"],"acf":[],"yoast_head":"<!-- This site is optimized with the Yoast SEO plugin v26.8 - https:\/\/yoast.com\/product\/yoast-seo-wordpress\/ -->\n<title>Mindeord for Jytte Jarl - Mors<\/title>\n<meta name=\"robots\" content=\"index, follow, max-snippet:-1, max-image-preview:large, max-video-preview:-1\" \/>\n<link rel=\"canonical\" href=\"https:\/\/kunmedierne.dk\/mors\/mindeord-for-jytte-jarl\/\" \/>\n<meta property=\"og:locale\" content=\"da_DK\" \/>\n<meta property=\"og:type\" content=\"article\" \/>\n<meta property=\"og:title\" content=\"Mindeord for Jytte Jarl - Mors\" \/>\n<meta property=\"og:description\" content=\"Fra Annette Bruun Jarl har vi modtaget: Mindeord om Jytte Jarl, f\u00f8dt den 21. juni 1929, d\u00f8d den 22. januar 2021. Jytte Jarl, Hester\u00f8roddevej 103, \u00d8ster Assels, er stille sovet ind. Hun blev 91 \u00e5r. &#8220;Jeg vil bruge mig s\u00e5 l\u00e6nge, jeg har mig&#8221;. S\u00e5dan l\u00f8d det fra Jytte, da hun som 80-\u00e5rig sad krumb\u00f8jet [&hellip;]\" \/>\n<meta property=\"og:url\" content=\"https:\/\/kunmedierne.dk\/mors\/mindeord-for-jytte-jarl\/\" \/>\n<meta property=\"og:site_name\" content=\"Mors\" \/>\n<meta property=\"article:published_time\" content=\"2021-01-25T15:49:41+00:00\" \/>\n<meta property=\"article:modified_time\" content=\"2024-08-12T11:37:56+00:00\" \/>\n<meta property=\"og:image\" content=\"https:\/\/kunmedierne.dk\/mors\/wp-content\/uploads\/2021\/01\/jytte.jpg\" \/>\n\t<meta property=\"og:image:width\" content=\"1630\" \/>\n\t<meta property=\"og:image:height\" content=\"1087\" \/>\n\t<meta property=\"og:image:type\" content=\"image\/jpeg\" \/>\n<meta name=\"author\" content=\"Navne\" \/>\n<meta name=\"twitter:card\" content=\"summary_large_image\" \/>\n<meta name=\"twitter:label1\" content=\"Skrevet af\" \/>\n\t<meta name=\"twitter:data1\" content=\"Navne\" \/>\n\t<meta name=\"twitter:label2\" content=\"Estimeret l\u00e6setid\" \/>\n\t<meta name=\"twitter:data2\" content=\"2 minutter\" \/>\n<script type=\"application\/ld+json\" class=\"yoast-schema-graph\">{\"@context\":\"https:\/\/schema.org\",\"@graph\":[{\"@type\":\"Article\",\"@id\":\"https:\/\/kunmedierne.dk\/mors\/mindeord-for-jytte-jarl\/#article\",\"isPartOf\":{\"@id\":\"https:\/\/kunmedierne.dk\/mors\/mindeord-for-jytte-jarl\/\"},\"author\":{\"name\":\"Navne\",\"@id\":\"https:\/\/kunmedierne.dk\/mors\/#\/schema\/person\/f084885f8161963bb583d8604763a6b7\"},\"headline\":\"Mindeord for Jytte Jarl\",\"datePublished\":\"2021-01-25T15:49:41+00:00\",\"dateModified\":\"2024-08-12T11:37:56+00:00\",\"mainEntityOfPage\":{\"@id\":\"https:\/\/kunmedierne.dk\/mors\/mindeord-for-jytte-jarl\/\"},\"wordCount\":324,\"commentCount\":0,\"publisher\":{\"@id\":\"https:\/\/kunmedierne.dk\/mors\/#organization\"},\"image\":{\"@id\":\"https:\/\/kunmedierne.dk\/mors\/mindeord-for-jytte-jarl\/#primaryimage\"},\"thumbnailUrl\":\"https:\/\/kunmedierne.dk\/mors\/wp-content\/uploads\/2021\/01\/jytte.jpg\",\"articleSection\":[\"Navne\"],\"inLanguage\":\"da-DK\",\"potentialAction\":[{\"@type\":\"CommentAction\",\"name\":\"Comment\",\"target\":[\"https:\/\/kunmedierne.dk\/mors\/mindeord-for-jytte-jarl\/#respond\"]}]},{\"@type\":\"WebPage\",\"@id\":\"https:\/\/kunmedierne.dk\/mors\/mindeord-for-jytte-jarl\/\",\"url\":\"https:\/\/kunmedierne.dk\/mors\/mindeord-for-jytte-jarl\/\",\"name\":\"Mindeord for Jytte Jarl - Mors\",\"isPartOf\":{\"@id\":\"https:\/\/kunmedierne.dk\/mors\/#website\"},\"primaryImageOfPage\":{\"@id\":\"https:\/\/kunmedierne.dk\/mors\/mindeord-for-jytte-jarl\/#primaryimage\"},\"image\":{\"@id\":\"https:\/\/kunmedierne.dk\/mors\/mindeord-for-jytte-jarl\/#primaryimage\"},\"thumbnailUrl\":\"https:\/\/kunmedierne.dk\/mors\/wp-content\/uploads\/2021\/01\/jytte.jpg\",\"datePublished\":\"2021-01-25T15:49:41+00:00\",\"dateModified\":\"2024-08-12T11:37:56+00:00\",\"breadcrumb\":{\"@id\":\"https:\/\/kunmedierne.dk\/mors\/mindeord-for-jytte-jarl\/#breadcrumb\"},\"inLanguage\":\"da-DK\",\"potentialAction\":[{\"@type\":\"ReadAction\",\"target\":[\"https:\/\/kunmedierne.dk\/mors\/mindeord-for-jytte-jarl\/\"]}]},{\"@type\":\"ImageObject\",\"inLanguage\":\"da-DK\",\"@id\":\"https:\/\/kunmedierne.dk\/mors\/mindeord-for-jytte-jarl\/#primaryimage\",\"url\":\"https:\/\/kunmedierne.dk\/mors\/wp-content\/uploads\/2021\/01\/jytte.jpg\",\"contentUrl\":\"https:\/\/kunmedierne.dk\/mors\/wp-content\/uploads\/2021\/01\/jytte.jpg\",\"width\":1630,\"height\":1087},{\"@type\":\"BreadcrumbList\",\"@id\":\"https:\/\/kunmedierne.dk\/mors\/mindeord-for-jytte-jarl\/#breadcrumb\",\"itemListElement\":[{\"@type\":\"ListItem\",\"position\":1,\"name\":\"Hjem\",\"item\":\"https:\/\/kunmedierne.dk\/mors\/\"},{\"@type\":\"ListItem\",\"position\":2,\"name\":\"Mindeord for Jytte Jarl\"}]},{\"@type\":\"WebSite\",\"@id\":\"https:\/\/kunmedierne.dk\/mors\/#website\",\"url\":\"https:\/\/kunmedierne.dk\/mors\/\",\"name\":\"Mors\",\"description\":\"et netmedie med journalistik om livet p\u00e5 Mors\",\"publisher\":{\"@id\":\"https:\/\/kunmedierne.dk\/mors\/#organization\"},\"potentialAction\":[{\"@type\":\"SearchAction\",\"target\":{\"@type\":\"EntryPoint\",\"urlTemplate\":\"https:\/\/kunmedierne.dk\/mors\/?s={search_term_string}\"},\"query-input\":{\"@type\":\"PropertyValueSpecification\",\"valueRequired\":true,\"valueName\":\"search_term_string\"}}],\"inLanguage\":\"da-DK\"},{\"@type\":\"Organization\",\"@id\":\"https:\/\/kunmedierne.dk\/mors\/#organization\",\"name\":\"Mors\",\"url\":\"https:\/\/kunmedierne.dk\/mors\/\",\"logo\":{\"@type\":\"ImageObject\",\"inLanguage\":\"da-DK\",\"@id\":\"https:\/\/kunmedierne.dk\/mors\/#\/schema\/logo\/image\/\",\"url\":\"https:\/\/kunmedierne.dk\/mors\/wp-content\/uploads\/2024\/08\/kunmors-logo.svg\",\"contentUrl\":\"https:\/\/kunmedierne.dk\/mors\/wp-content\/uploads\/2024\/08\/kunmors-logo.svg\",\"caption\":\"Mors\"},\"image\":{\"@id\":\"https:\/\/kunmedierne.dk\/mors\/#\/schema\/logo\/image\/\"}},{\"@type\":\"Person\",\"@id\":\"https:\/\/kunmedierne.dk\/mors\/#\/schema\/person\/f084885f8161963bb583d8604763a6b7\",\"name\":\"Navne\",\"image\":{\"@type\":\"ImageObject\",\"inLanguage\":\"da-DK\",\"@id\":\"https:\/\/kunmedierne.dk\/mors\/#\/schema\/person\/image\/\",\"url\":\"https:\/\/secure.gravatar.com\/avatar\/6f0953307eaee87813e8e3c90223d5589b093e56e7cc66b5575f901f7b5868a5?s=96&d=mm&r=g\",\"contentUrl\":\"https:\/\/secure.gravatar.com\/avatar\/6f0953307eaee87813e8e3c90223d5589b093e56e7cc66b5575f901f7b5868a5?s=96&d=mm&r=g\",\"caption\":\"Navne\"},\"url\":\"https:\/\/kunmedierne.dk\/mors\/author\/navne\/\"}]}<\/script>\n<!-- \/ Yoast SEO plugin. -->","yoast_head_json":{"title":"Mindeord for Jytte Jarl - Mors","robots":{"index":"index","follow":"follow","max-snippet":"max-snippet:-1","max-image-preview":"max-image-preview:large","max-video-preview":"max-video-preview:-1"},"canonical":"https:\/\/kunmedierne.dk\/mors\/mindeord-for-jytte-jarl\/","og_locale":"da_DK","og_type":"article","og_title":"Mindeord for Jytte Jarl - Mors","og_description":"Fra Annette Bruun Jarl har vi modtaget: Mindeord om Jytte Jarl, f\u00f8dt den 21. juni 1929, d\u00f8d den 22. januar 2021. Jytte Jarl, Hester\u00f8roddevej 103, \u00d8ster Assels, er stille sovet ind. Hun blev 91 \u00e5r. &#8220;Jeg vil bruge mig s\u00e5 l\u00e6nge, jeg har mig&#8221;. S\u00e5dan l\u00f8d det fra Jytte, da hun som 80-\u00e5rig sad krumb\u00f8jet [&hellip;]","og_url":"https:\/\/kunmedierne.dk\/mors\/mindeord-for-jytte-jarl\/","og_site_name":"Mors","article_published_time":"2021-01-25T15:49:41+00:00","article_modified_time":"2024-08-12T11:37:56+00:00","og_image":[{"width":1630,"height":1087,"url":"https:\/\/kunmedierne.dk\/mors\/wp-content\/uploads\/2021\/01\/jytte.jpg","type":"image\/jpeg"}],"author":"Navne","twitter_card":"summary_large_image","twitter_misc":{"Skrevet af":"Navne","Estimeret l\u00e6setid":"2 minutter"},"schema":{"@context":"https:\/\/schema.org","@graph":[{"@type":"Article","@id":"https:\/\/kunmedierne.dk\/mors\/mindeord-for-jytte-jarl\/#article","isPartOf":{"@id":"https:\/\/kunmedierne.dk\/mors\/mindeord-for-jytte-jarl\/"},"author":{"name":"Navne","@id":"https:\/\/kunmedierne.dk\/mors\/#\/schema\/person\/f084885f8161963bb583d8604763a6b7"},"headline":"Mindeord for Jytte Jarl","datePublished":"2021-01-25T15:49:41+00:00","dateModified":"2024-08-12T11:37:56+00:00","mainEntityOfPage":{"@id":"https:\/\/kunmedierne.dk\/mors\/mindeord-for-jytte-jarl\/"},"wordCount":324,"commentCount":0,"publisher":{"@id":"https:\/\/kunmedierne.dk\/mors\/#organization"},"image":{"@id":"https:\/\/kunmedierne.dk\/mors\/mindeord-for-jytte-jarl\/#primaryimage"},"thumbnailUrl":"https:\/\/kunmedierne.dk\/mors\/wp-content\/uploads\/2021\/01\/jytte.jpg","articleSection":["Navne"],"inLanguage":"da-DK","potentialAction":[{"@type":"CommentAction","name":"Comment","target":["https:\/\/kunmedierne.dk\/mors\/mindeord-for-jytte-jarl\/#respond"]}]},{"@type":"WebPage","@id":"https:\/\/kunmedierne.dk\/mors\/mindeord-for-jytte-jarl\/","url":"https:\/\/kunmedierne.dk\/mors\/mindeord-for-jytte-jarl\/","name":"Mindeord for Jytte Jarl - Mors","isPartOf":{"@id":"https:\/\/kunmedierne.dk\/mors\/#website"},"primaryImageOfPage":{"@id":"https:\/\/kunmedierne.dk\/mors\/mindeord-for-jytte-jarl\/#primaryimage"},"image":{"@id":"https:\/\/kunmedierne.dk\/mors\/mindeord-for-jytte-jarl\/#primaryimage"},"thumbnailUrl":"https:\/\/kunmedierne.dk\/mors\/wp-content\/uploads\/2021\/01\/jytte.jpg","datePublished":"2021-01-25T15:49:41+00:00","dateModified":"2024-08-12T11:37:56+00:00","breadcrumb":{"@id":"https:\/\/kunmedierne.dk\/mors\/mindeord-for-jytte-jarl\/#breadcrumb"},"inLanguage":"da-DK","potentialAction":[{"@type":"ReadAction","target":["https:\/\/kunmedierne.dk\/mors\/mindeord-for-jytte-jarl\/"]}]},{"@type":"ImageObject","inLanguage":"da-DK","@id":"https:\/\/kunmedierne.dk\/mors\/mindeord-for-jytte-jarl\/#primaryimage","url":"https:\/\/kunmedierne.dk\/mors\/wp-content\/uploads\/2021\/01\/jytte.jpg","contentUrl":"https:\/\/kunmedierne.dk\/mors\/wp-content\/uploads\/2021\/01\/jytte.jpg","width":1630,"height":1087},{"@type":"BreadcrumbList","@id":"https:\/\/kunmedierne.dk\/mors\/mindeord-for-jytte-jarl\/#breadcrumb","itemListElement":[{"@type":"ListItem","position":1,"name":"Hjem","item":"https:\/\/kunmedierne.dk\/mors\/"},{"@type":"ListItem","position":2,"name":"Mindeord for Jytte Jarl"}]},{"@type":"WebSite","@id":"https:\/\/kunmedierne.dk\/mors\/#website","url":"https:\/\/kunmedierne.dk\/mors\/","name":"Mors","description":"et netmedie med journalistik om livet p\u00e5 Mors","publisher":{"@id":"https:\/\/kunmedierne.dk\/mors\/#organization"},"potentialAction":[{"@type":"SearchAction","target":{"@type":"EntryPoint","urlTemplate":"https:\/\/kunmedierne.dk\/mors\/?s={search_term_string}"},"query-input":{"@type":"PropertyValueSpecification","valueRequired":true,"valueName":"search_term_string"}}],"inLanguage":"da-DK"},{"@type":"Organization","@id":"https:\/\/kunmedierne.dk\/mors\/#organization","name":"Mors","url":"https:\/\/kunmedierne.dk\/mors\/","logo":{"@type":"ImageObject","inLanguage":"da-DK","@id":"https:\/\/kunmedierne.dk\/mors\/#\/schema\/logo\/image\/","url":"https:\/\/kunmedierne.dk\/mors\/wp-content\/uploads\/2024\/08\/kunmors-logo.svg","contentUrl":"https:\/\/kunmedierne.dk\/mors\/wp-content\/uploads\/2024\/08\/kunmors-logo.svg","caption":"Mors"},"image":{"@id":"https:\/\/kunmedierne.dk\/mors\/#\/schema\/logo\/image\/"}},{"@type":"Person","@id":"https:\/\/kunmedierne.dk\/mors\/#\/schema\/person\/f084885f8161963bb583d8604763a6b7","name":"Navne","image":{"@type":"ImageObject","inLanguage":"da-DK","@id":"https:\/\/kunmedierne.dk\/mors\/#\/schema\/person\/image\/","url":"https:\/\/secure.gravatar.com\/avatar\/6f0953307eaee87813e8e3c90223d5589b093e56e7cc66b5575f901f7b5868a5?s=96&d=mm&r=g","contentUrl":"https:\/\/secure.gravatar.com\/avatar\/6f0953307eaee87813e8e3c90223d5589b093e56e7cc66b5575f901f7b5868a5?s=96&d=mm&r=g","caption":"Navne"},"url":"https:\/\/kunmedierne.dk\/mors\/author\/navne\/"}]}},"_links":{"self":[{"href":"https:\/\/kunmedierne.dk\/mors\/wp-json\/wp\/v2\/posts\/38713","targetHints":{"allow":["GET"]}}],"collection":[{"href":"https:\/\/kunmedierne.dk\/mors\/wp-json\/wp\/v2\/posts"}],"about":[{"href":"https:\/\/kunmedierne.dk\/mors\/wp-json\/wp\/v2\/types\/post"}],"author":[{"embeddable":true,"href":"https:\/\/kunmedierne.dk\/mors\/wp-json\/wp\/v2\/users\/264"}],"replies":[{"embeddable":true,"href":"https:\/\/kunmedierne.dk\/mors\/wp-json\/wp\/v2\/comments?post=38713"}],"version-history":[{"count":5,"href":"https:\/\/kunmedierne.dk\/mors\/wp-json\/wp\/v2\/posts\/38713\/revisions"}],"predecessor-version":[{"id":38719,"href":"https:\/\/kunmedierne.dk\/mors\/wp-json\/wp\/v2\/posts\/38713\/revisions\/38719"}],"wp:featuredmedia":[{"embeddable":true,"href":"https:\/\/kunmedierne.dk\/mors\/wp-json\/wp\/v2\/media\/38714"}],"wp:attachment":[{"href":"https:\/\/kunmedierne.dk\/mors\/wp-json\/wp\/v2\/media?parent=38713"}],"wp:term":[{"taxonomy":"category","embeddable":true,"href":"https:\/\/kunmedierne.dk\/mors\/wp-json\/wp\/v2\/categories?post=38713"},{"taxonomy":"post_tag","embeddable":true,"href":"https:\/\/kunmedierne.dk\/mors\/wp-json\/wp\/v2\/tags?post=38713"}],"curies":[{"name":"wp","href":"https:\/\/api.w.org\/{rel}","templated":true}]}}