{"id":38600,"date":"2021-01-23T13:18:26","date_gmt":"2021-01-23T12:18:26","guid":{"rendered":"https:\/\/kunmedierne.dk\/mors\/?p=38600"},"modified":"2024-08-12T13:37:57","modified_gmt":"2024-08-12T11:37:57","slug":"elektronisk-legeplads-i-bjergby-og-forskoennelse-af-gaagaden-i-nykoebing","status":"publish","type":"post","link":"https:\/\/kunmedierne.dk\/mors\/elektronisk-legeplads-i-bjergby-og-forskoennelse-af-gaagaden-i-nykoebing\/","title":{"rendered":"Elektronisk legeplads i Bjergby og forsk\u00f8nnelse af g\u00e5gaden i Nyk\u00f8bing"},"content":{"rendered":"<p><em>Fra Meiner N\u00f8rgaard (DF), 2. viceborgmester og formand for udvalget for teknik og milj\u00f8 i Mors\u00f8 Kommune, har vi modtaget:<\/em><\/p>\n<hr \/>\n<p><strong>MORS<\/strong>:\u00a0I onsdags afholdte vi januarm\u00f8det i Udvalget for Teknik og Milj\u00f8. Vi havde intet mindre end 21 punkter p\u00e5 dagsordenen. Jeg vil her n\u00e6vne et par af de nye udviklingstiltag vi behandlede. For god ordens skyld vil jeg n\u00e6vne at pengene der bruges, enten er afsat i kommunens budget eller kommer fra statslige puljer.<\/p>\n<p>En elektronisk legeplads i Bjergby. Det er en del af omr\u00e5defornyelsen i Bjergby og den lokale arbejdsgruppe er fremkommet med ideen og \u00f8nsket til etablering p\u00e5 det gr\u00f8nne areal foran friskolen. Den kan fungere b\u00e5de i forhold til aflevering\/afhentning af b\u00f8rn og samtidig til ophold og aktiviteter.<\/p>\n<p>Legepladsen best\u00e5r af en bane\/et underlag, 12 sensorenheder og et styrepanel, som anvendes i forbindelse med forskellige elektroniske spil. P\u00e5 den m\u00e5de kombineres det elektroniske spil med bev\u00e6gelse, l\u00e6ring og frisk luft.<\/p>\n<p>Legepladsen vil v\u00e6re fuld tilg\u00e6ngelig for b\u00e5de skolens elever, byens borgere og bes\u00f8gende i Bjergby. Dette er noget helt nyt og er et meget sp\u00e6ndende tiltag. <a href=\"https:\/\/vognmand-filtenborg.dk\/\"><img loading=\"lazy\" decoding=\"async\" class=\"alignright size-full wp-image-35525\" src=\"https:\/\/kunmedierne.dk\/mors\/wp-content\/uploads\/2020\/11\/ho1.jpg\" alt=\"\" width=\"1400\" height=\"125\" srcset=\"https:\/\/kunmedierne.dk\/mors\/wp-content\/uploads\/2020\/11\/ho1.jpg 1400w, https:\/\/kunmedierne.dk\/mors\/wp-content\/uploads\/2020\/11\/ho1-300x27.jpg 300w, https:\/\/kunmedierne.dk\/mors\/wp-content\/uploads\/2020\/11\/ho1-1024x91.jpg 1024w, https:\/\/kunmedierne.dk\/mors\/wp-content\/uploads\/2020\/11\/ho1-768x69.jpg 768w, https:\/\/kunmedierne.dk\/mors\/wp-content\/uploads\/2020\/11\/ho1-600x54.jpg 600w\" sizes=\"auto, (max-width: 1400px) 100vw, 1400px\" \/><\/a><\/p>\n<p>Noget vi har snakket om i l\u00e6ngere tid, er en forsk\u00f8nnelse af vores allesammens g\u00e5gade og den kommer nu. Det er efterh\u00e5nden en del \u00e5r siden der er sket noget nyt med g\u00e5gaden. Forslaget er lavet i samarbejde med bla. Handelsstandsforeningen og jeg vil gerne sige tak for alle input der er fremkommet til dette projekt. En del af opgaven har v\u00e6ret at der er et \u00f8nske til mere hygge i g\u00e5gaden og p\u00e5 torvene, alts\u00e5 en forsk\u00f8nnelse af g\u00e5gaden med hyggekroge og beplantning. Ligeledes er der et \u00f8nske om bedre skiltning, herunder vejvisning, oversigtskort og en historisk formidling. Der kommer flere og nye skraldespande, nye b\u00e6nke og plinter p\u00e5 torvene og igennem g\u00e5gaden. Der s\u00f8ges om ekstra puljemidler til en opdatering af legefelter(til de yngste b\u00f8rn) gennem g\u00e5gaden. <a href=\"https:\/\/vester-begr.dk\"><img loading=\"lazy\" decoding=\"async\" class=\"alignright size-full wp-image-35526\" src=\"https:\/\/kunmedierne.dk\/mors\/wp-content\/uploads\/2020\/11\/ho2.jpg\" alt=\"\" width=\"1400\" height=\"125\" srcset=\"https:\/\/kunmedierne.dk\/mors\/wp-content\/uploads\/2020\/11\/ho2.jpg 1400w, https:\/\/kunmedierne.dk\/mors\/wp-content\/uploads\/2020\/11\/ho2-300x27.jpg 300w, https:\/\/kunmedierne.dk\/mors\/wp-content\/uploads\/2020\/11\/ho2-1024x91.jpg 1024w, https:\/\/kunmedierne.dk\/mors\/wp-content\/uploads\/2020\/11\/ho2-768x69.jpg 768w, https:\/\/kunmedierne.dk\/mors\/wp-content\/uploads\/2020\/11\/ho2-600x54.jpg 600w\" sizes=\"auto, (max-width: 1400px) 100vw, 1400px\" \/><\/a><\/p>\n<p>Alt dette vil give mere hygge og smukke farver i forbindelse med beplantningen, alt sammen til gavn for at alle der bes\u00f8ger vores g\u00e5gade, f\u00e5r en god oplevelse. Jeg er sikker p\u00e5 at vi igen f\u00e5r Danmarks hyggeligste g\u00e5gade.<\/p>\n<p>N\u00e5r Danmark engang igen lukkes op, skal vi huske at handle lokalt, ikke kun i g\u00e5gaden, men hos alle de handlende p\u00e5 vores dejlige \u00f8.<\/p>\n<hr \/>\n<p><em>Har du et bidrag til den lokale debat? Send det til os p\u00e5 e-mail: debat@kunmedierne.dk\/mors. Husk at l\u00e6se korrektur inden afsendelse p\u00e5 indl\u00e6gget.<\/em><\/p>\n","protected":false},"excerpt":{"rendered":"<p>Fra Meiner N\u00f8rgaard (DF), 2. viceborgmester og formand for udvalget for teknik og milj\u00f8 i Mors\u00f8 Kommune, har vi modtaget: MORS:\u00a0I onsdags afholdte vi januarm\u00f8det i Udvalget for Teknik og Milj\u00f8. Vi havde intet mindre end 21 punkter p\u00e5 dagsordenen. Jeg vil her n\u00e6vne et par af de nye udviklingstiltag vi behandlede. For god ordens [&hellip;]<\/p>\n","protected":false},"author":11,"featured_media":17024,"comment_status":"open","ping_status":"open","sticky":false,"template":"","format":"standard","meta":{"_acf_changed":false,"footnotes":""},"categories":[56],"tags":[167],"class_list":["post-38600","post","type-post","status-publish","format-standard","has-post-thumbnail","hentry","category-debat","tag-politik"],"acf":[],"yoast_head":"<!-- This site is optimized with the Yoast SEO plugin v26.8 - https:\/\/yoast.com\/product\/yoast-seo-wordpress\/ -->\n<title>Elektronisk legeplads i Bjergby og forsk\u00f8nnelse af g\u00e5gaden i Nyk\u00f8bing - Mors<\/title>\n<meta name=\"robots\" content=\"index, follow, max-snippet:-1, max-image-preview:large, max-video-preview:-1\" \/>\n<link rel=\"canonical\" href=\"https:\/\/kunmedierne.dk\/mors\/elektronisk-legeplads-i-bjergby-og-forskoennelse-af-gaagaden-i-nykoebing\/\" \/>\n<meta property=\"og:locale\" content=\"da_DK\" \/>\n<meta property=\"og:type\" content=\"article\" \/>\n<meta property=\"og:title\" content=\"Elektronisk legeplads i Bjergby og forsk\u00f8nnelse af g\u00e5gaden i Nyk\u00f8bing - Mors\" \/>\n<meta property=\"og:description\" content=\"Fra Meiner N\u00f8rgaard (DF), 2. viceborgmester og formand for udvalget for teknik og milj\u00f8 i Mors\u00f8 Kommune, har vi modtaget: MORS:\u00a0I onsdags afholdte vi januarm\u00f8det i Udvalget for Teknik og Milj\u00f8. Vi havde intet mindre end 21 punkter p\u00e5 dagsordenen. Jeg vil her n\u00e6vne et par af de nye udviklingstiltag vi behandlede. For god ordens [&hellip;]\" \/>\n<meta property=\"og:url\" content=\"https:\/\/kunmedierne.dk\/mors\/elektronisk-legeplads-i-bjergby-og-forskoennelse-af-gaagaden-i-nykoebing\/\" \/>\n<meta property=\"og:site_name\" content=\"Mors\" \/>\n<meta property=\"article:published_time\" content=\"2021-01-23T12:18:26+00:00\" \/>\n<meta property=\"article:modified_time\" content=\"2024-08-12T11:37:57+00:00\" \/>\n<meta property=\"og:image\" content=\"https:\/\/kunmedierne.dk\/mors\/wp-content\/uploads\/2020\/04\/200407-meiner-n\u00f8rgaard.jpg\" \/>\n\t<meta property=\"og:image:width\" content=\"770\" \/>\n\t<meta property=\"og:image:height\" content=\"513\" \/>\n\t<meta property=\"og:image:type\" content=\"image\/jpeg\" \/>\n<meta name=\"author\" content=\"Debat\" \/>\n<meta name=\"twitter:card\" content=\"summary_large_image\" \/>\n<meta name=\"twitter:label1\" content=\"Skrevet af\" \/>\n\t<meta name=\"twitter:data1\" content=\"Debat\" \/>\n\t<meta name=\"twitter:label2\" content=\"Estimeret l\u00e6setid\" \/>\n\t<meta name=\"twitter:data2\" content=\"2 minutter\" \/>\n<script type=\"application\/ld+json\" class=\"yoast-schema-graph\">{\"@context\":\"https:\/\/schema.org\",\"@graph\":[{\"@type\":\"Article\",\"@id\":\"https:\/\/kunmedierne.dk\/mors\/elektronisk-legeplads-i-bjergby-og-forskoennelse-af-gaagaden-i-nykoebing\/#article\",\"isPartOf\":{\"@id\":\"https:\/\/kunmedierne.dk\/mors\/elektronisk-legeplads-i-bjergby-og-forskoennelse-af-gaagaden-i-nykoebing\/\"},\"author\":{\"name\":\"Debat\",\"@id\":\"https:\/\/kunmedierne.dk\/mors\/#\/schema\/person\/84c1391bce0b43b9bb3a49736bc0ad78\"},\"headline\":\"Elektronisk legeplads i Bjergby og forsk\u00f8nnelse af g\u00e5gaden i Nyk\u00f8bing\",\"datePublished\":\"2021-01-23T12:18:26+00:00\",\"dateModified\":\"2024-08-12T11:37:57+00:00\",\"mainEntityOfPage\":{\"@id\":\"https:\/\/kunmedierne.dk\/mors\/elektronisk-legeplads-i-bjergby-og-forskoennelse-af-gaagaden-i-nykoebing\/\"},\"wordCount\":451,\"commentCount\":0,\"publisher\":{\"@id\":\"https:\/\/kunmedierne.dk\/mors\/#organization\"},\"image\":{\"@id\":\"https:\/\/kunmedierne.dk\/mors\/elektronisk-legeplads-i-bjergby-og-forskoennelse-af-gaagaden-i-nykoebing\/#primaryimage\"},\"thumbnailUrl\":\"https:\/\/kunmedierne.dk\/mors\/wp-content\/uploads\/2020\/04\/200407-meiner-n\u00f8rgaard.jpg\",\"keywords\":[\"Politik\"],\"articleSection\":[\"Debat\"],\"inLanguage\":\"da-DK\",\"potentialAction\":[{\"@type\":\"CommentAction\",\"name\":\"Comment\",\"target\":[\"https:\/\/kunmedierne.dk\/mors\/elektronisk-legeplads-i-bjergby-og-forskoennelse-af-gaagaden-i-nykoebing\/#respond\"]}]},{\"@type\":\"WebPage\",\"@id\":\"https:\/\/kunmedierne.dk\/mors\/elektronisk-legeplads-i-bjergby-og-forskoennelse-af-gaagaden-i-nykoebing\/\",\"url\":\"https:\/\/kunmedierne.dk\/mors\/elektronisk-legeplads-i-bjergby-og-forskoennelse-af-gaagaden-i-nykoebing\/\",\"name\":\"Elektronisk legeplads i Bjergby og forsk\u00f8nnelse af g\u00e5gaden i Nyk\u00f8bing - Mors\",\"isPartOf\":{\"@id\":\"https:\/\/kunmedierne.dk\/mors\/#website\"},\"primaryImageOfPage\":{\"@id\":\"https:\/\/kunmedierne.dk\/mors\/elektronisk-legeplads-i-bjergby-og-forskoennelse-af-gaagaden-i-nykoebing\/#primaryimage\"},\"image\":{\"@id\":\"https:\/\/kunmedierne.dk\/mors\/elektronisk-legeplads-i-bjergby-og-forskoennelse-af-gaagaden-i-nykoebing\/#primaryimage\"},\"thumbnailUrl\":\"https:\/\/kunmedierne.dk\/mors\/wp-content\/uploads\/2020\/04\/200407-meiner-n\u00f8rgaard.jpg\",\"datePublished\":\"2021-01-23T12:18:26+00:00\",\"dateModified\":\"2024-08-12T11:37:57+00:00\",\"breadcrumb\":{\"@id\":\"https:\/\/kunmedierne.dk\/mors\/elektronisk-legeplads-i-bjergby-og-forskoennelse-af-gaagaden-i-nykoebing\/#breadcrumb\"},\"inLanguage\":\"da-DK\",\"potentialAction\":[{\"@type\":\"ReadAction\",\"target\":[\"https:\/\/kunmedierne.dk\/mors\/elektronisk-legeplads-i-bjergby-og-forskoennelse-af-gaagaden-i-nykoebing\/\"]}]},{\"@type\":\"ImageObject\",\"inLanguage\":\"da-DK\",\"@id\":\"https:\/\/kunmedierne.dk\/mors\/elektronisk-legeplads-i-bjergby-og-forskoennelse-af-gaagaden-i-nykoebing\/#primaryimage\",\"url\":\"https:\/\/kunmedierne.dk\/mors\/wp-content\/uploads\/2020\/04\/200407-meiner-n\u00f8rgaard.jpg\",\"contentUrl\":\"https:\/\/kunmedierne.dk\/mors\/wp-content\/uploads\/2020\/04\/200407-meiner-n\u00f8rgaard.jpg\",\"width\":770,\"height\":513,\"caption\":\"Meiner N\u00f8rgaard (DF). Foto: Per Bech\/Mors\u00f8 Kommune.\"},{\"@type\":\"BreadcrumbList\",\"@id\":\"https:\/\/kunmedierne.dk\/mors\/elektronisk-legeplads-i-bjergby-og-forskoennelse-af-gaagaden-i-nykoebing\/#breadcrumb\",\"itemListElement\":[{\"@type\":\"ListItem\",\"position\":1,\"name\":\"Hjem\",\"item\":\"https:\/\/kunmedierne.dk\/mors\/\"},{\"@type\":\"ListItem\",\"position\":2,\"name\":\"Elektronisk legeplads i Bjergby og forsk\u00f8nnelse af g\u00e5gaden i Nyk\u00f8bing\"}]},{\"@type\":\"WebSite\",\"@id\":\"https:\/\/kunmedierne.dk\/mors\/#website\",\"url\":\"https:\/\/kunmedierne.dk\/mors\/\",\"name\":\"Mors\",\"description\":\"et netmedie med journalistik om livet p\u00e5 Mors\",\"publisher\":{\"@id\":\"https:\/\/kunmedierne.dk\/mors\/#organization\"},\"potentialAction\":[{\"@type\":\"SearchAction\",\"target\":{\"@type\":\"EntryPoint\",\"urlTemplate\":\"https:\/\/kunmedierne.dk\/mors\/?s={search_term_string}\"},\"query-input\":{\"@type\":\"PropertyValueSpecification\",\"valueRequired\":true,\"valueName\":\"search_term_string\"}}],\"inLanguage\":\"da-DK\"},{\"@type\":\"Organization\",\"@id\":\"https:\/\/kunmedierne.dk\/mors\/#organization\",\"name\":\"Mors\",\"url\":\"https:\/\/kunmedierne.dk\/mors\/\",\"logo\":{\"@type\":\"ImageObject\",\"inLanguage\":\"da-DK\",\"@id\":\"https:\/\/kunmedierne.dk\/mors\/#\/schema\/logo\/image\/\",\"url\":\"https:\/\/kunmedierne.dk\/mors\/wp-content\/uploads\/2024\/08\/kunmors-logo.svg\",\"contentUrl\":\"https:\/\/kunmedierne.dk\/mors\/wp-content\/uploads\/2024\/08\/kunmors-logo.svg\",\"caption\":\"Mors\"},\"image\":{\"@id\":\"https:\/\/kunmedierne.dk\/mors\/#\/schema\/logo\/image\/\"}},{\"@type\":\"Person\",\"@id\":\"https:\/\/kunmedierne.dk\/mors\/#\/schema\/person\/84c1391bce0b43b9bb3a49736bc0ad78\",\"name\":\"Debat\",\"image\":{\"@type\":\"ImageObject\",\"inLanguage\":\"da-DK\",\"@id\":\"https:\/\/kunmedierne.dk\/mors\/#\/schema\/person\/image\/\",\"url\":\"https:\/\/secure.gravatar.com\/avatar\/b0fb2e221d618f7c65162ab0d49c7e8a0b580c871ca03af90e42b47b4150654c?s=96&d=mm&r=g\",\"contentUrl\":\"https:\/\/secure.gravatar.com\/avatar\/b0fb2e221d618f7c65162ab0d49c7e8a0b580c871ca03af90e42b47b4150654c?s=96&d=mm&r=g\",\"caption\":\"Debat\"},\"url\":\"https:\/\/kunmedierne.dk\/mors\/author\/debat\/\"}]}<\/script>\n<!-- \/ Yoast SEO plugin. -->","yoast_head_json":{"title":"Elektronisk legeplads i Bjergby og forsk\u00f8nnelse af g\u00e5gaden i Nyk\u00f8bing - Mors","robots":{"index":"index","follow":"follow","max-snippet":"max-snippet:-1","max-image-preview":"max-image-preview:large","max-video-preview":"max-video-preview:-1"},"canonical":"https:\/\/kunmedierne.dk\/mors\/elektronisk-legeplads-i-bjergby-og-forskoennelse-af-gaagaden-i-nykoebing\/","og_locale":"da_DK","og_type":"article","og_title":"Elektronisk legeplads i Bjergby og forsk\u00f8nnelse af g\u00e5gaden i Nyk\u00f8bing - Mors","og_description":"Fra Meiner N\u00f8rgaard (DF), 2. viceborgmester og formand for udvalget for teknik og milj\u00f8 i Mors\u00f8 Kommune, har vi modtaget: MORS:\u00a0I onsdags afholdte vi januarm\u00f8det i Udvalget for Teknik og Milj\u00f8. Vi havde intet mindre end 21 punkter p\u00e5 dagsordenen. Jeg vil her n\u00e6vne et par af de nye udviklingstiltag vi behandlede. For god ordens [&hellip;]","og_url":"https:\/\/kunmedierne.dk\/mors\/elektronisk-legeplads-i-bjergby-og-forskoennelse-af-gaagaden-i-nykoebing\/","og_site_name":"Mors","article_published_time":"2021-01-23T12:18:26+00:00","article_modified_time":"2024-08-12T11:37:57+00:00","og_image":[{"width":770,"height":513,"url":"https:\/\/kunmedierne.dk\/mors\/wp-content\/uploads\/2020\/04\/200407-meiner-n\u00f8rgaard.jpg","type":"image\/jpeg"}],"author":"Debat","twitter_card":"summary_large_image","twitter_misc":{"Skrevet af":"Debat","Estimeret l\u00e6setid":"2 minutter"},"schema":{"@context":"https:\/\/schema.org","@graph":[{"@type":"Article","@id":"https:\/\/kunmedierne.dk\/mors\/elektronisk-legeplads-i-bjergby-og-forskoennelse-af-gaagaden-i-nykoebing\/#article","isPartOf":{"@id":"https:\/\/kunmedierne.dk\/mors\/elektronisk-legeplads-i-bjergby-og-forskoennelse-af-gaagaden-i-nykoebing\/"},"author":{"name":"Debat","@id":"https:\/\/kunmedierne.dk\/mors\/#\/schema\/person\/84c1391bce0b43b9bb3a49736bc0ad78"},"headline":"Elektronisk legeplads i Bjergby og forsk\u00f8nnelse af g\u00e5gaden i Nyk\u00f8bing","datePublished":"2021-01-23T12:18:26+00:00","dateModified":"2024-08-12T11:37:57+00:00","mainEntityOfPage":{"@id":"https:\/\/kunmedierne.dk\/mors\/elektronisk-legeplads-i-bjergby-og-forskoennelse-af-gaagaden-i-nykoebing\/"},"wordCount":451,"commentCount":0,"publisher":{"@id":"https:\/\/kunmedierne.dk\/mors\/#organization"},"image":{"@id":"https:\/\/kunmedierne.dk\/mors\/elektronisk-legeplads-i-bjergby-og-forskoennelse-af-gaagaden-i-nykoebing\/#primaryimage"},"thumbnailUrl":"https:\/\/kunmedierne.dk\/mors\/wp-content\/uploads\/2020\/04\/200407-meiner-n\u00f8rgaard.jpg","keywords":["Politik"],"articleSection":["Debat"],"inLanguage":"da-DK","potentialAction":[{"@type":"CommentAction","name":"Comment","target":["https:\/\/kunmedierne.dk\/mors\/elektronisk-legeplads-i-bjergby-og-forskoennelse-af-gaagaden-i-nykoebing\/#respond"]}]},{"@type":"WebPage","@id":"https:\/\/kunmedierne.dk\/mors\/elektronisk-legeplads-i-bjergby-og-forskoennelse-af-gaagaden-i-nykoebing\/","url":"https:\/\/kunmedierne.dk\/mors\/elektronisk-legeplads-i-bjergby-og-forskoennelse-af-gaagaden-i-nykoebing\/","name":"Elektronisk legeplads i Bjergby og forsk\u00f8nnelse af g\u00e5gaden i Nyk\u00f8bing - Mors","isPartOf":{"@id":"https:\/\/kunmedierne.dk\/mors\/#website"},"primaryImageOfPage":{"@id":"https:\/\/kunmedierne.dk\/mors\/elektronisk-legeplads-i-bjergby-og-forskoennelse-af-gaagaden-i-nykoebing\/#primaryimage"},"image":{"@id":"https:\/\/kunmedierne.dk\/mors\/elektronisk-legeplads-i-bjergby-og-forskoennelse-af-gaagaden-i-nykoebing\/#primaryimage"},"thumbnailUrl":"https:\/\/kunmedierne.dk\/mors\/wp-content\/uploads\/2020\/04\/200407-meiner-n\u00f8rgaard.jpg","datePublished":"2021-01-23T12:18:26+00:00","dateModified":"2024-08-12T11:37:57+00:00","breadcrumb":{"@id":"https:\/\/kunmedierne.dk\/mors\/elektronisk-legeplads-i-bjergby-og-forskoennelse-af-gaagaden-i-nykoebing\/#breadcrumb"},"inLanguage":"da-DK","potentialAction":[{"@type":"ReadAction","target":["https:\/\/kunmedierne.dk\/mors\/elektronisk-legeplads-i-bjergby-og-forskoennelse-af-gaagaden-i-nykoebing\/"]}]},{"@type":"ImageObject","inLanguage":"da-DK","@id":"https:\/\/kunmedierne.dk\/mors\/elektronisk-legeplads-i-bjergby-og-forskoennelse-af-gaagaden-i-nykoebing\/#primaryimage","url":"https:\/\/kunmedierne.dk\/mors\/wp-content\/uploads\/2020\/04\/200407-meiner-n\u00f8rgaard.jpg","contentUrl":"https:\/\/kunmedierne.dk\/mors\/wp-content\/uploads\/2020\/04\/200407-meiner-n\u00f8rgaard.jpg","width":770,"height":513,"caption":"Meiner N\u00f8rgaard (DF). Foto: Per Bech\/Mors\u00f8 Kommune."},{"@type":"BreadcrumbList","@id":"https:\/\/kunmedierne.dk\/mors\/elektronisk-legeplads-i-bjergby-og-forskoennelse-af-gaagaden-i-nykoebing\/#breadcrumb","itemListElement":[{"@type":"ListItem","position":1,"name":"Hjem","item":"https:\/\/kunmedierne.dk\/mors\/"},{"@type":"ListItem","position":2,"name":"Elektronisk legeplads i Bjergby og forsk\u00f8nnelse af g\u00e5gaden i Nyk\u00f8bing"}]},{"@type":"WebSite","@id":"https:\/\/kunmedierne.dk\/mors\/#website","url":"https:\/\/kunmedierne.dk\/mors\/","name":"Mors","description":"et netmedie med journalistik om livet p\u00e5 Mors","publisher":{"@id":"https:\/\/kunmedierne.dk\/mors\/#organization"},"potentialAction":[{"@type":"SearchAction","target":{"@type":"EntryPoint","urlTemplate":"https:\/\/kunmedierne.dk\/mors\/?s={search_term_string}"},"query-input":{"@type":"PropertyValueSpecification","valueRequired":true,"valueName":"search_term_string"}}],"inLanguage":"da-DK"},{"@type":"Organization","@id":"https:\/\/kunmedierne.dk\/mors\/#organization","name":"Mors","url":"https:\/\/kunmedierne.dk\/mors\/","logo":{"@type":"ImageObject","inLanguage":"da-DK","@id":"https:\/\/kunmedierne.dk\/mors\/#\/schema\/logo\/image\/","url":"https:\/\/kunmedierne.dk\/mors\/wp-content\/uploads\/2024\/08\/kunmors-logo.svg","contentUrl":"https:\/\/kunmedierne.dk\/mors\/wp-content\/uploads\/2024\/08\/kunmors-logo.svg","caption":"Mors"},"image":{"@id":"https:\/\/kunmedierne.dk\/mors\/#\/schema\/logo\/image\/"}},{"@type":"Person","@id":"https:\/\/kunmedierne.dk\/mors\/#\/schema\/person\/84c1391bce0b43b9bb3a49736bc0ad78","name":"Debat","image":{"@type":"ImageObject","inLanguage":"da-DK","@id":"https:\/\/kunmedierne.dk\/mors\/#\/schema\/person\/image\/","url":"https:\/\/secure.gravatar.com\/avatar\/b0fb2e221d618f7c65162ab0d49c7e8a0b580c871ca03af90e42b47b4150654c?s=96&d=mm&r=g","contentUrl":"https:\/\/secure.gravatar.com\/avatar\/b0fb2e221d618f7c65162ab0d49c7e8a0b580c871ca03af90e42b47b4150654c?s=96&d=mm&r=g","caption":"Debat"},"url":"https:\/\/kunmedierne.dk\/mors\/author\/debat\/"}]}},"_links":{"self":[{"href":"https:\/\/kunmedierne.dk\/mors\/wp-json\/wp\/v2\/posts\/38600","targetHints":{"allow":["GET"]}}],"collection":[{"href":"https:\/\/kunmedierne.dk\/mors\/wp-json\/wp\/v2\/posts"}],"about":[{"href":"https:\/\/kunmedierne.dk\/mors\/wp-json\/wp\/v2\/types\/post"}],"author":[{"embeddable":true,"href":"https:\/\/kunmedierne.dk\/mors\/wp-json\/wp\/v2\/users\/11"}],"replies":[{"embeddable":true,"href":"https:\/\/kunmedierne.dk\/mors\/wp-json\/wp\/v2\/comments?post=38600"}],"version-history":[{"count":5,"href":"https:\/\/kunmedierne.dk\/mors\/wp-json\/wp\/v2\/posts\/38600\/revisions"}],"predecessor-version":[{"id":38606,"href":"https:\/\/kunmedierne.dk\/mors\/wp-json\/wp\/v2\/posts\/38600\/revisions\/38606"}],"wp:featuredmedia":[{"embeddable":true,"href":"https:\/\/kunmedierne.dk\/mors\/wp-json\/wp\/v2\/media\/17024"}],"wp:attachment":[{"href":"https:\/\/kunmedierne.dk\/mors\/wp-json\/wp\/v2\/media?parent=38600"}],"wp:term":[{"taxonomy":"category","embeddable":true,"href":"https:\/\/kunmedierne.dk\/mors\/wp-json\/wp\/v2\/categories?post=38600"},{"taxonomy":"post_tag","embeddable":true,"href":"https:\/\/kunmedierne.dk\/mors\/wp-json\/wp\/v2\/tags?post=38600"}],"curies":[{"name":"wp","href":"https:\/\/api.w.org\/{rel}","templated":true}]}}