{"id":38577,"date":"2021-01-22T19:43:43","date_gmt":"2021-01-22T18:43:43","guid":{"rendered":"https:\/\/kunmedierne.dk\/mors\/?p=38577"},"modified":"2024-08-12T13:37:57","modified_gmt":"2024-08-12T11:37:57","slug":"absolut-flertal-er-absolut-flertal","status":"publish","type":"post","link":"https:\/\/kunmedierne.dk\/mors\/absolut-flertal-er-absolut-flertal\/","title":{"rendered":"Absolut flertal er absolut flertal!"},"content":{"rendered":"<p><em>Fra Lars Bo Majgaard, kandidat for Radikale Venstre ved kommunalvalg 2021 p\u00e5 Mors, har vi modtaget:<\/em><\/p>\n<hr \/>\n<p><strong>MORS<\/strong>:\u00a0P\u00e5 Kunmors.dk kan man den 22. januar l\u00e6se et debatindl\u00e6g fra Venstres kommunalbestyrelsesmedlemmer Henrik Jensen og Klaus Hvidtfeldt Larsen, hvor de anf\u00e6gter den m\u00e5ls\u00e6tning som nogle af os kommende kandidater til kommunalvalget til november har om at bryde Venstres absolutte flertal i kommunalbestyrelsen.<\/p>\n<p>De skriver<em>: \u201dVenstregruppens absolutte flertal beskrives som usundt for demokratiet, da gruppen med sit stemmeflertal selv kan bestemme sagers udfald. I Venstregruppen har vi indtil nu ikke reageret p\u00e5 beskyldningen\u201d<\/em> Jeg ved ikke hvad de mener at jeg har beskyldt Venstre for? Fra min side er det blot en simpel konstatering af tingenes tilstand!<\/p>\n<p>Vi er \u00e5benbart nogle m\u00e5ske kommende kommunalbestyrelsesmedlemmer, som godt kunne t\u00e6nke os en anden politisk situation i lokalpolitikken fremadrettet end at vi bare m\u00e5 \u201dspise resterne fra de riges bord\u201d, om man s\u00e5 kan sige. S\u00e5dan har jeg det i hvert fald hvis jeg skulle v\u00e6re s\u00e5 dygtig\/heldig at blive valgt. <a href=\"https:\/\/www.braendselsforeningen.dk\/\"><img loading=\"lazy\" decoding=\"async\" class=\"alignright size-full wp-image-36029\" src=\"https:\/\/kunmedierne.dk\/mors\/wp-content\/uploads\/2020\/11\/Br\u00e6ndselsforeningen.jpg\" alt=\"\" width=\"1425\" height=\"127\" srcset=\"https:\/\/kunmedierne.dk\/mors\/wp-content\/uploads\/2020\/11\/Br\u00e6ndselsforeningen.jpg 1425w, https:\/\/kunmedierne.dk\/mors\/wp-content\/uploads\/2020\/11\/Br\u00e6ndselsforeningen-300x27.jpg 300w, https:\/\/kunmedierne.dk\/mors\/wp-content\/uploads\/2020\/11\/Br\u00e6ndselsforeningen-1024x91.jpg 1024w, https:\/\/kunmedierne.dk\/mors\/wp-content\/uploads\/2020\/11\/Br\u00e6ndselsforeningen-768x68.jpg 768w, https:\/\/kunmedierne.dk\/mors\/wp-content\/uploads\/2020\/11\/Br\u00e6ndselsforeningen-600x53.jpg 600w\" sizes=\"auto, (max-width: 1425px) 100vw, 1425px\" \/><\/a><\/p>\n<p>Jeg har sv\u00e6rt ved at forestille mig, at der har v\u00e6ret plads til den store indflydelse for andre partier n\u00e5r f\u00f8rst den store Venstregruppe, som har flertallet i kommunalbestyrelsen og i fagudvalgene, er blevet f\u00e6rdige med deres <em>\u201dgode og lange diskussioner\u201d!<\/em><\/p>\n<p>Ja. Venstre fik flertal ved sidste kommunalvalg, men forh\u00e5bentligt er der en del v\u00e6lgere p\u00e5 Mors, som har samme holdning som mig i forhold til, at det er bedst hvis man spreder magten p\u00e5 flere partier, og det er vel legitimt at arbejde for at stemmerne ved det kommende valg fordeler sig anderledes?<\/p>\n<p>Jeg er personligt i alle forhold af den opfattelse, at det er mest sundt for demokratiet i vores samfund hvis magten ikke koncentreres p\u00e5 en person eller et parti! Jeg t\u00e6nker at vi i de seneste m\u00e5neder har haft en tilsvarende diskussion landspolitisk! <a href=\"http:\/\/https:\/\/www.sparnord.dk\/filialer\/nykoebing-mors\/\"><img loading=\"lazy\" decoding=\"async\" class=\"alignright size-full wp-image-35699\" src=\"https:\/\/kunmedierne.dk\/mors\/wp-content\/uploads\/2020\/11\/ho6.jpg\" alt=\"\" width=\"1400\" height=\"123\" srcset=\"https:\/\/kunmedierne.dk\/mors\/wp-content\/uploads\/2020\/11\/ho6.jpg 1400w, https:\/\/kunmedierne.dk\/mors\/wp-content\/uploads\/2020\/11\/ho6-300x26.jpg 300w, https:\/\/kunmedierne.dk\/mors\/wp-content\/uploads\/2020\/11\/ho6-1024x90.jpg 1024w, https:\/\/kunmedierne.dk\/mors\/wp-content\/uploads\/2020\/11\/ho6-768x67.jpg 768w, https:\/\/kunmedierne.dk\/mors\/wp-content\/uploads\/2020\/11\/ho6-600x53.jpg 600w\" sizes=\"auto, (max-width: 1400px) 100vw, 1400px\" \/><\/a><\/p>\n<p>For mig handler kommunalvalget om meget andet end at bryde Venstres absolutte flertal, og jeg er helt bevidst om at man ikke kan g\u00f8re alle tilfreds i politik. Derfor kan man jo godt have anderledes tanker og visioner end Venstre! Selvom det nok bliver vanskeligt ved n\u00e6ste valg, da Venstre \u00e5benbart har de samme m\u00e6rkesager som de partier der refereres til i debatindl\u00e6gget &#8211; fra enhedslisten over radikale til de konservative. M\u00e5ske skulle vi alle slutte os sammen p\u00e5 Mors og kalde os \u201dMors\u00f8 Venstre Folkeparti.\u201d<\/p>\n<hr \/>\n<p><em>Har du et bidrag til den lokale debat? Send det til os p\u00e5 e-mail: debat@kunmedierne.dk\/mors. Husk at l\u00e6se korrektur inden afsendelse p\u00e5 indl\u00e6gget.<\/em><\/p>\n<blockquote><p>F\u00f8lg vores serie om kandidater til kommunalvalget i 2021. Seneste afsnit er\u00a0<a href=\"https:\/\/kunmedierne.dk\/mors\/konservative-vil-bryde-venstres-flertal\/\" target=\"_blank\" rel=\"noopener noreferrer\">her<\/a>.<\/p><\/blockquote>\n","protected":false},"excerpt":{"rendered":"<p>Fra Lars Bo Majgaard, kandidat for Radikale Venstre ved kommunalvalg 2021 p\u00e5 Mors, har vi modtaget: MORS:\u00a0P\u00e5 Kunmors.dk kan man den 22. januar l\u00e6se et debatindl\u00e6g fra Venstres kommunalbestyrelsesmedlemmer Henrik Jensen og Klaus Hvidtfeldt Larsen, hvor de anf\u00e6gter den m\u00e5ls\u00e6tning som nogle af os kommende kandidater til kommunalvalget til november har om at bryde Venstres [&hellip;]<\/p>\n","protected":false},"author":11,"featured_media":37685,"comment_status":"open","ping_status":"open","sticky":false,"template":"","format":"standard","meta":{"_acf_changed":false,"footnotes":""},"categories":[56],"tags":[167],"class_list":["post-38577","post","type-post","status-publish","format-standard","has-post-thumbnail","hentry","category-debat","tag-politik"],"acf":[],"yoast_head":"<!-- This site is optimized with the Yoast SEO plugin v26.8 - https:\/\/yoast.com\/product\/yoast-seo-wordpress\/ -->\n<title>Absolut flertal er absolut flertal! - Mors<\/title>\n<meta name=\"robots\" content=\"index, follow, max-snippet:-1, max-image-preview:large, max-video-preview:-1\" \/>\n<link rel=\"canonical\" href=\"https:\/\/kunmedierne.dk\/mors\/absolut-flertal-er-absolut-flertal\/\" \/>\n<meta property=\"og:locale\" content=\"da_DK\" \/>\n<meta property=\"og:type\" content=\"article\" \/>\n<meta property=\"og:title\" content=\"Absolut flertal er absolut flertal! - Mors\" \/>\n<meta property=\"og:description\" content=\"Fra Lars Bo Majgaard, kandidat for Radikale Venstre ved kommunalvalg 2021 p\u00e5 Mors, har vi modtaget: MORS:\u00a0P\u00e5 Kunmors.dk kan man den 22. januar l\u00e6se et debatindl\u00e6g fra Venstres kommunalbestyrelsesmedlemmer Henrik Jensen og Klaus Hvidtfeldt Larsen, hvor de anf\u00e6gter den m\u00e5ls\u00e6tning som nogle af os kommende kandidater til kommunalvalget til november har om at bryde Venstres [&hellip;]\" \/>\n<meta property=\"og:url\" content=\"https:\/\/kunmedierne.dk\/mors\/absolut-flertal-er-absolut-flertal\/\" \/>\n<meta property=\"og:site_name\" content=\"Mors\" \/>\n<meta property=\"article:published_time\" content=\"2021-01-22T18:43:43+00:00\" \/>\n<meta property=\"article:modified_time\" content=\"2024-08-12T11:37:57+00:00\" \/>\n<meta property=\"og:image\" content=\"https:\/\/kunmedierne.dk\/mors\/wp-content\/uploads\/2021\/01\/Lars-Bo-Majgaard.jpg\" \/>\n\t<meta property=\"og:image:width\" content=\"770\" \/>\n\t<meta property=\"og:image:height\" content=\"513\" \/>\n\t<meta property=\"og:image:type\" content=\"image\/jpeg\" \/>\n<meta name=\"author\" content=\"Debat\" \/>\n<meta name=\"twitter:card\" content=\"summary_large_image\" \/>\n<meta name=\"twitter:label1\" content=\"Skrevet af\" \/>\n\t<meta name=\"twitter:data1\" content=\"Debat\" \/>\n\t<meta name=\"twitter:label2\" content=\"Estimeret l\u00e6setid\" \/>\n\t<meta name=\"twitter:data2\" content=\"2 minutter\" \/>\n<script type=\"application\/ld+json\" class=\"yoast-schema-graph\">{\"@context\":\"https:\/\/schema.org\",\"@graph\":[{\"@type\":\"Article\",\"@id\":\"https:\/\/kunmedierne.dk\/mors\/absolut-flertal-er-absolut-flertal\/#article\",\"isPartOf\":{\"@id\":\"https:\/\/kunmedierne.dk\/mors\/absolut-flertal-er-absolut-flertal\/\"},\"author\":{\"name\":\"Debat\",\"@id\":\"https:\/\/kunmedierne.dk\/mors\/#\/schema\/person\/84c1391bce0b43b9bb3a49736bc0ad78\"},\"headline\":\"Absolut flertal er absolut flertal!\",\"datePublished\":\"2021-01-22T18:43:43+00:00\",\"dateModified\":\"2024-08-12T11:37:57+00:00\",\"mainEntityOfPage\":{\"@id\":\"https:\/\/kunmedierne.dk\/mors\/absolut-flertal-er-absolut-flertal\/\"},\"wordCount\":457,\"commentCount\":0,\"publisher\":{\"@id\":\"https:\/\/kunmedierne.dk\/mors\/#organization\"},\"image\":{\"@id\":\"https:\/\/kunmedierne.dk\/mors\/absolut-flertal-er-absolut-flertal\/#primaryimage\"},\"thumbnailUrl\":\"https:\/\/kunmedierne.dk\/mors\/wp-content\/uploads\/2021\/01\/Lars-Bo-Majgaard.jpg\",\"keywords\":[\"Politik\"],\"articleSection\":[\"Debat\"],\"inLanguage\":\"da-DK\",\"potentialAction\":[{\"@type\":\"CommentAction\",\"name\":\"Comment\",\"target\":[\"https:\/\/kunmedierne.dk\/mors\/absolut-flertal-er-absolut-flertal\/#respond\"]}]},{\"@type\":\"WebPage\",\"@id\":\"https:\/\/kunmedierne.dk\/mors\/absolut-flertal-er-absolut-flertal\/\",\"url\":\"https:\/\/kunmedierne.dk\/mors\/absolut-flertal-er-absolut-flertal\/\",\"name\":\"Absolut flertal er absolut flertal! - Mors\",\"isPartOf\":{\"@id\":\"https:\/\/kunmedierne.dk\/mors\/#website\"},\"primaryImageOfPage\":{\"@id\":\"https:\/\/kunmedierne.dk\/mors\/absolut-flertal-er-absolut-flertal\/#primaryimage\"},\"image\":{\"@id\":\"https:\/\/kunmedierne.dk\/mors\/absolut-flertal-er-absolut-flertal\/#primaryimage\"},\"thumbnailUrl\":\"https:\/\/kunmedierne.dk\/mors\/wp-content\/uploads\/2021\/01\/Lars-Bo-Majgaard.jpg\",\"datePublished\":\"2021-01-22T18:43:43+00:00\",\"dateModified\":\"2024-08-12T11:37:57+00:00\",\"breadcrumb\":{\"@id\":\"https:\/\/kunmedierne.dk\/mors\/absolut-flertal-er-absolut-flertal\/#breadcrumb\"},\"inLanguage\":\"da-DK\",\"potentialAction\":[{\"@type\":\"ReadAction\",\"target\":[\"https:\/\/kunmedierne.dk\/mors\/absolut-flertal-er-absolut-flertal\/\"]}]},{\"@type\":\"ImageObject\",\"inLanguage\":\"da-DK\",\"@id\":\"https:\/\/kunmedierne.dk\/mors\/absolut-flertal-er-absolut-flertal\/#primaryimage\",\"url\":\"https:\/\/kunmedierne.dk\/mors\/wp-content\/uploads\/2021\/01\/Lars-Bo-Majgaard.jpg\",\"contentUrl\":\"https:\/\/kunmedierne.dk\/mors\/wp-content\/uploads\/2021\/01\/Lars-Bo-Majgaard.jpg\",\"width\":770,\"height\":513,\"caption\":\"Lars Bo Majgaard, kandidat til kommunalbestyrelsen for Radikale Venstre.\"},{\"@type\":\"BreadcrumbList\",\"@id\":\"https:\/\/kunmedierne.dk\/mors\/absolut-flertal-er-absolut-flertal\/#breadcrumb\",\"itemListElement\":[{\"@type\":\"ListItem\",\"position\":1,\"name\":\"Hjem\",\"item\":\"https:\/\/kunmedierne.dk\/mors\/\"},{\"@type\":\"ListItem\",\"position\":2,\"name\":\"Absolut flertal er absolut flertal!\"}]},{\"@type\":\"WebSite\",\"@id\":\"https:\/\/kunmedierne.dk\/mors\/#website\",\"url\":\"https:\/\/kunmedierne.dk\/mors\/\",\"name\":\"Mors\",\"description\":\"et netmedie med journalistik om livet p\u00e5 Mors\",\"publisher\":{\"@id\":\"https:\/\/kunmedierne.dk\/mors\/#organization\"},\"potentialAction\":[{\"@type\":\"SearchAction\",\"target\":{\"@type\":\"EntryPoint\",\"urlTemplate\":\"https:\/\/kunmedierne.dk\/mors\/?s={search_term_string}\"},\"query-input\":{\"@type\":\"PropertyValueSpecification\",\"valueRequired\":true,\"valueName\":\"search_term_string\"}}],\"inLanguage\":\"da-DK\"},{\"@type\":\"Organization\",\"@id\":\"https:\/\/kunmedierne.dk\/mors\/#organization\",\"name\":\"Mors\",\"url\":\"https:\/\/kunmedierne.dk\/mors\/\",\"logo\":{\"@type\":\"ImageObject\",\"inLanguage\":\"da-DK\",\"@id\":\"https:\/\/kunmedierne.dk\/mors\/#\/schema\/logo\/image\/\",\"url\":\"https:\/\/kunmedierne.dk\/mors\/wp-content\/uploads\/2024\/08\/kunmors-logo.svg\",\"contentUrl\":\"https:\/\/kunmedierne.dk\/mors\/wp-content\/uploads\/2024\/08\/kunmors-logo.svg\",\"caption\":\"Mors\"},\"image\":{\"@id\":\"https:\/\/kunmedierne.dk\/mors\/#\/schema\/logo\/image\/\"}},{\"@type\":\"Person\",\"@id\":\"https:\/\/kunmedierne.dk\/mors\/#\/schema\/person\/84c1391bce0b43b9bb3a49736bc0ad78\",\"name\":\"Debat\",\"image\":{\"@type\":\"ImageObject\",\"inLanguage\":\"da-DK\",\"@id\":\"https:\/\/kunmedierne.dk\/mors\/#\/schema\/person\/image\/\",\"url\":\"https:\/\/secure.gravatar.com\/avatar\/b0fb2e221d618f7c65162ab0d49c7e8a0b580c871ca03af90e42b47b4150654c?s=96&d=mm&r=g\",\"contentUrl\":\"https:\/\/secure.gravatar.com\/avatar\/b0fb2e221d618f7c65162ab0d49c7e8a0b580c871ca03af90e42b47b4150654c?s=96&d=mm&r=g\",\"caption\":\"Debat\"},\"url\":\"https:\/\/kunmedierne.dk\/mors\/author\/debat\/\"}]}<\/script>\n<!-- \/ Yoast SEO plugin. -->","yoast_head_json":{"title":"Absolut flertal er absolut flertal! - Mors","robots":{"index":"index","follow":"follow","max-snippet":"max-snippet:-1","max-image-preview":"max-image-preview:large","max-video-preview":"max-video-preview:-1"},"canonical":"https:\/\/kunmedierne.dk\/mors\/absolut-flertal-er-absolut-flertal\/","og_locale":"da_DK","og_type":"article","og_title":"Absolut flertal er absolut flertal! - Mors","og_description":"Fra Lars Bo Majgaard, kandidat for Radikale Venstre ved kommunalvalg 2021 p\u00e5 Mors, har vi modtaget: MORS:\u00a0P\u00e5 Kunmors.dk kan man den 22. januar l\u00e6se et debatindl\u00e6g fra Venstres kommunalbestyrelsesmedlemmer Henrik Jensen og Klaus Hvidtfeldt Larsen, hvor de anf\u00e6gter den m\u00e5ls\u00e6tning som nogle af os kommende kandidater til kommunalvalget til november har om at bryde Venstres [&hellip;]","og_url":"https:\/\/kunmedierne.dk\/mors\/absolut-flertal-er-absolut-flertal\/","og_site_name":"Mors","article_published_time":"2021-01-22T18:43:43+00:00","article_modified_time":"2024-08-12T11:37:57+00:00","og_image":[{"width":770,"height":513,"url":"https:\/\/kunmedierne.dk\/mors\/wp-content\/uploads\/2021\/01\/Lars-Bo-Majgaard.jpg","type":"image\/jpeg"}],"author":"Debat","twitter_card":"summary_large_image","twitter_misc":{"Skrevet af":"Debat","Estimeret l\u00e6setid":"2 minutter"},"schema":{"@context":"https:\/\/schema.org","@graph":[{"@type":"Article","@id":"https:\/\/kunmedierne.dk\/mors\/absolut-flertal-er-absolut-flertal\/#article","isPartOf":{"@id":"https:\/\/kunmedierne.dk\/mors\/absolut-flertal-er-absolut-flertal\/"},"author":{"name":"Debat","@id":"https:\/\/kunmedierne.dk\/mors\/#\/schema\/person\/84c1391bce0b43b9bb3a49736bc0ad78"},"headline":"Absolut flertal er absolut flertal!","datePublished":"2021-01-22T18:43:43+00:00","dateModified":"2024-08-12T11:37:57+00:00","mainEntityOfPage":{"@id":"https:\/\/kunmedierne.dk\/mors\/absolut-flertal-er-absolut-flertal\/"},"wordCount":457,"commentCount":0,"publisher":{"@id":"https:\/\/kunmedierne.dk\/mors\/#organization"},"image":{"@id":"https:\/\/kunmedierne.dk\/mors\/absolut-flertal-er-absolut-flertal\/#primaryimage"},"thumbnailUrl":"https:\/\/kunmedierne.dk\/mors\/wp-content\/uploads\/2021\/01\/Lars-Bo-Majgaard.jpg","keywords":["Politik"],"articleSection":["Debat"],"inLanguage":"da-DK","potentialAction":[{"@type":"CommentAction","name":"Comment","target":["https:\/\/kunmedierne.dk\/mors\/absolut-flertal-er-absolut-flertal\/#respond"]}]},{"@type":"WebPage","@id":"https:\/\/kunmedierne.dk\/mors\/absolut-flertal-er-absolut-flertal\/","url":"https:\/\/kunmedierne.dk\/mors\/absolut-flertal-er-absolut-flertal\/","name":"Absolut flertal er absolut flertal! - Mors","isPartOf":{"@id":"https:\/\/kunmedierne.dk\/mors\/#website"},"primaryImageOfPage":{"@id":"https:\/\/kunmedierne.dk\/mors\/absolut-flertal-er-absolut-flertal\/#primaryimage"},"image":{"@id":"https:\/\/kunmedierne.dk\/mors\/absolut-flertal-er-absolut-flertal\/#primaryimage"},"thumbnailUrl":"https:\/\/kunmedierne.dk\/mors\/wp-content\/uploads\/2021\/01\/Lars-Bo-Majgaard.jpg","datePublished":"2021-01-22T18:43:43+00:00","dateModified":"2024-08-12T11:37:57+00:00","breadcrumb":{"@id":"https:\/\/kunmedierne.dk\/mors\/absolut-flertal-er-absolut-flertal\/#breadcrumb"},"inLanguage":"da-DK","potentialAction":[{"@type":"ReadAction","target":["https:\/\/kunmedierne.dk\/mors\/absolut-flertal-er-absolut-flertal\/"]}]},{"@type":"ImageObject","inLanguage":"da-DK","@id":"https:\/\/kunmedierne.dk\/mors\/absolut-flertal-er-absolut-flertal\/#primaryimage","url":"https:\/\/kunmedierne.dk\/mors\/wp-content\/uploads\/2021\/01\/Lars-Bo-Majgaard.jpg","contentUrl":"https:\/\/kunmedierne.dk\/mors\/wp-content\/uploads\/2021\/01\/Lars-Bo-Majgaard.jpg","width":770,"height":513,"caption":"Lars Bo Majgaard, kandidat til kommunalbestyrelsen for Radikale Venstre."},{"@type":"BreadcrumbList","@id":"https:\/\/kunmedierne.dk\/mors\/absolut-flertal-er-absolut-flertal\/#breadcrumb","itemListElement":[{"@type":"ListItem","position":1,"name":"Hjem","item":"https:\/\/kunmedierne.dk\/mors\/"},{"@type":"ListItem","position":2,"name":"Absolut flertal er absolut flertal!"}]},{"@type":"WebSite","@id":"https:\/\/kunmedierne.dk\/mors\/#website","url":"https:\/\/kunmedierne.dk\/mors\/","name":"Mors","description":"et netmedie med journalistik om livet p\u00e5 Mors","publisher":{"@id":"https:\/\/kunmedierne.dk\/mors\/#organization"},"potentialAction":[{"@type":"SearchAction","target":{"@type":"EntryPoint","urlTemplate":"https:\/\/kunmedierne.dk\/mors\/?s={search_term_string}"},"query-input":{"@type":"PropertyValueSpecification","valueRequired":true,"valueName":"search_term_string"}}],"inLanguage":"da-DK"},{"@type":"Organization","@id":"https:\/\/kunmedierne.dk\/mors\/#organization","name":"Mors","url":"https:\/\/kunmedierne.dk\/mors\/","logo":{"@type":"ImageObject","inLanguage":"da-DK","@id":"https:\/\/kunmedierne.dk\/mors\/#\/schema\/logo\/image\/","url":"https:\/\/kunmedierne.dk\/mors\/wp-content\/uploads\/2024\/08\/kunmors-logo.svg","contentUrl":"https:\/\/kunmedierne.dk\/mors\/wp-content\/uploads\/2024\/08\/kunmors-logo.svg","caption":"Mors"},"image":{"@id":"https:\/\/kunmedierne.dk\/mors\/#\/schema\/logo\/image\/"}},{"@type":"Person","@id":"https:\/\/kunmedierne.dk\/mors\/#\/schema\/person\/84c1391bce0b43b9bb3a49736bc0ad78","name":"Debat","image":{"@type":"ImageObject","inLanguage":"da-DK","@id":"https:\/\/kunmedierne.dk\/mors\/#\/schema\/person\/image\/","url":"https:\/\/secure.gravatar.com\/avatar\/b0fb2e221d618f7c65162ab0d49c7e8a0b580c871ca03af90e42b47b4150654c?s=96&d=mm&r=g","contentUrl":"https:\/\/secure.gravatar.com\/avatar\/b0fb2e221d618f7c65162ab0d49c7e8a0b580c871ca03af90e42b47b4150654c?s=96&d=mm&r=g","caption":"Debat"},"url":"https:\/\/kunmedierne.dk\/mors\/author\/debat\/"}]}},"_links":{"self":[{"href":"https:\/\/kunmedierne.dk\/mors\/wp-json\/wp\/v2\/posts\/38577","targetHints":{"allow":["GET"]}}],"collection":[{"href":"https:\/\/kunmedierne.dk\/mors\/wp-json\/wp\/v2\/posts"}],"about":[{"href":"https:\/\/kunmedierne.dk\/mors\/wp-json\/wp\/v2\/types\/post"}],"author":[{"embeddable":true,"href":"https:\/\/kunmedierne.dk\/mors\/wp-json\/wp\/v2\/users\/11"}],"replies":[{"embeddable":true,"href":"https:\/\/kunmedierne.dk\/mors\/wp-json\/wp\/v2\/comments?post=38577"}],"version-history":[{"count":2,"href":"https:\/\/kunmedierne.dk\/mors\/wp-json\/wp\/v2\/posts\/38577\/revisions"}],"predecessor-version":[{"id":38583,"href":"https:\/\/kunmedierne.dk\/mors\/wp-json\/wp\/v2\/posts\/38577\/revisions\/38583"}],"wp:featuredmedia":[{"embeddable":true,"href":"https:\/\/kunmedierne.dk\/mors\/wp-json\/wp\/v2\/media\/37685"}],"wp:attachment":[{"href":"https:\/\/kunmedierne.dk\/mors\/wp-json\/wp\/v2\/media?parent=38577"}],"wp:term":[{"taxonomy":"category","embeddable":true,"href":"https:\/\/kunmedierne.dk\/mors\/wp-json\/wp\/v2\/categories?post=38577"},{"taxonomy":"post_tag","embeddable":true,"href":"https:\/\/kunmedierne.dk\/mors\/wp-json\/wp\/v2\/tags?post=38577"}],"curies":[{"name":"wp","href":"https:\/\/api.w.org\/{rel}","templated":true}]}}