{"id":38548,"date":"2021-01-22T10:59:11","date_gmt":"2021-01-22T09:59:11","guid":{"rendered":"https:\/\/kunmedierne.dk\/mors\/?p=38548"},"modified":"2024-08-12T13:37:57","modified_gmt":"2024-08-12T11:37:57","slug":"topstyring-og-absolut-flertal-i-et-valgaar","status":"publish","type":"post","link":"https:\/\/kunmedierne.dk\/mors\/topstyring-og-absolut-flertal-i-et-valgaar\/","title":{"rendered":"Topstyring og absolut flertal i et valg\u00e5r"},"content":{"rendered":"<p><em>Fra Henrik Jensen og Klaus Hvidtfeldt Larsen, medlemmer af kommunalbestyrelsen i Mors\u00f8 Kommune for Venstre, har vi modtaget:<\/em><\/p>\n<hr \/>\n<p>Det er altid sp\u00e6ndende at f\u00f8lge med i medierne op til et forest\u00e5ende kommunalvalg, for her vil man kunne se hvilke m\u00e6rkesager de forskellige partier og kandidater har valgt at f\u00f8re sig frem p\u00e5, for derved at g\u00f8re sig forskellig fra de \u00f8vrige.<\/p>\n<p>Underligt er det dog at se, at der Inden for den seneste tid har v\u00e6ret ikke mindre end 4 kandidater fra 4 forskellige partier, som alle \u00f8nsker at markere sig med samme m\u00e6rkesag til det kommende kommunalvalg.<\/p>\n<p>De \u00f8nsker nemlig alle at bryde venstres flertal ved n\u00e6ste kommunalvalg.<\/p>\n<p>Det skal dog n\u00e6vnes, at ud over at samme hovedform\u00e5l med at bryde Venstres flertal, s\u00e5 har de alle ogs\u00e5 opremset andre m\u00e6rkesager \u2013 m\u00e6rkesager som vi allerede har i Venstre. <a href=\"https:\/\/vognmand-filtenborg.dk\/\"><img loading=\"lazy\" decoding=\"async\" class=\"alignright size-full wp-image-35525\" src=\"https:\/\/kunmedierne.dk\/mors\/wp-content\/uploads\/2020\/11\/ho1.jpg\" alt=\"\" width=\"1400\" height=\"125\" srcset=\"https:\/\/kunmedierne.dk\/mors\/wp-content\/uploads\/2020\/11\/ho1.jpg 1400w, https:\/\/kunmedierne.dk\/mors\/wp-content\/uploads\/2020\/11\/ho1-300x27.jpg 300w, https:\/\/kunmedierne.dk\/mors\/wp-content\/uploads\/2020\/11\/ho1-1024x91.jpg 1024w, https:\/\/kunmedierne.dk\/mors\/wp-content\/uploads\/2020\/11\/ho1-768x69.jpg 768w, https:\/\/kunmedierne.dk\/mors\/wp-content\/uploads\/2020\/11\/ho1-600x54.jpg 600w\" sizes=\"auto, (max-width: 1400px) 100vw, 1400px\" \/><\/a><\/p>\n<p>Som kommunalpolitiker op til et kommunalvalg, er der mange \u00f8nsker fra borgerne man gerne vil tilgodese, og ting man ikke synes fungerer optimalt, som man gerne vil \u00e6ndre p\u00e5.<\/p>\n<p>Alt sammen koster penge, og der er kun de samme midler at drive kommunen for, s\u00e5 \u00f8velsen er hvordan man fordeler pengene til de forskellige omr\u00e5der. Derfor best\u00e5r arbejdet for en kommunalpolitiker mere i at kunne forst\u00e5 hvordan en kommune drives, og i at kunne tr\u00e6ffe de sv\u00e6re beslutninger n\u00e5r \u00f8konomien ikke h\u00e6nger sammen, og som Venstre at v\u00e6re<br \/>\n\u00f8konomisk ansvarlige og udvise rettidig omhu.<\/p>\n<p>Venstregruppens absolutte flertal beskrives som usundt for demokratiet, da gruppen med sit stemmeflertal selv kan bestemme sagers udfald. I Venstregruppen har vi indtil nu ikke reageret p\u00e5 beskyldningen, samt beskyldningen om topstyring i gruppen.<\/p>\n<p>Det absolutte flertal i Venstregruppen \u2013 11 ud af 21 kommunalpolitikere skyldes at borgerne ved det seneste kommunalvalg satte deres kryds ved os, formentlig fordi man mente vi var de bedste til opgaven. Uanset grunden, s\u00e5 kan og vil vi i Venstre gerne p\u00e5tage os tilliden og det givne ansvar b\u00e5de samfundsm\u00e6ssigt og \u00f8konomisk. <a href=\"http:\/\/www.limfjordsteatret.dk\/#front\"><img loading=\"lazy\" decoding=\"async\" class=\"alignright size-full wp-image-35527\" src=\"https:\/\/kunmedierne.dk\/mors\/wp-content\/uploads\/2020\/11\/ho3.jpg\" alt=\"\" width=\"1400\" height=\"125\" srcset=\"https:\/\/kunmedierne.dk\/mors\/wp-content\/uploads\/2020\/11\/ho3.jpg 1400w, https:\/\/kunmedierne.dk\/mors\/wp-content\/uploads\/2020\/11\/ho3-300x27.jpg 300w, https:\/\/kunmedierne.dk\/mors\/wp-content\/uploads\/2020\/11\/ho3-1024x91.jpg 1024w, https:\/\/kunmedierne.dk\/mors\/wp-content\/uploads\/2020\/11\/ho3-768x69.jpg 768w, https:\/\/kunmedierne.dk\/mors\/wp-content\/uploads\/2020\/11\/ho3-600x54.jpg 600w\" sizes=\"auto, (max-width: 1400px) 100vw, 1400px\" \/><\/a><\/p>\n<p>Vi ved godt at der op til et kommunalvalg vil v\u00e6re drillerier fra de politiske modstandere, s\u00e5dan er det, og s\u00e5dan har det altid v\u00e6ret &#8211; men det er vigtigt for os i Venstregruppen at pointere, at der ikke en eneste gang i indev\u00e6rende valgperiode er stemt sager igennem alene med Venstrestemmer, og at vi desuden lige fra konstitueringen, og i alle budgetforl\u00f8bene har s\u00f8gt og fundet gode og brede politiske aftaler. Her er det ogs\u00e5 vigtigt at fort\u00e6lle og anerkende de andres partiers indsats og vilje til dette.<\/p>\n<p>Hvis de politiske kandidaterne ellers har fulgt lidt med i det kommunalpolitiske arbejde igennem de snart 4 \u00e5r hvor Venstre har haft et flertal i kommunalbestyrelsen, s\u00e5 ville de vide at Venstre i perioden ikke har benyttet sig af det absolutte flertal, og derfor klinger det hult i vores \u00f8rer, n\u00e5r andre kandidater siger Venstres flertal er usundt.<\/p>\n<p>Ved flere lejligheder har venstregruppen ogs\u00e5 m\u00e5ttet l\u00e6gge \u00f8re til beskyldninger om at v\u00e6re topstyret. Her m\u00e5 vi desv\u00e6rre give folk ret, men kun n\u00e5r det drejer sig om kaffe og kage-tjansen til vores m\u00f8der, for det styrer Ansgar Nygaard fuldst\u00e6ndigt egenr\u00e5digt, og til topkarakter i \u00f8vrigt.<\/p>\n<p>At Venstregruppen oftest fremst\u00e5r som en enig gruppe, skyldes at vi har mange gode og lange diskussioner, hvor sager og holdninger vendes og drejes \u2013 oftest finder vi en f\u00e6lles l\u00f8sning, eller et kompromis, hvor vi alle kan se os selv i, og i andre tilf\u00e6lde st\u00e5r vi delt.<\/p>\n<p>I Venstregruppen har vi vidt forskellige baggrunde, og den erfaring og viden vi hver is\u00e6r bidrager med, er vi gode til at drage nytte af, s\u00e5 vi sammen finder de bedste l\u00f8sninger for borgere og virksomheder i Mors\u00f8 Kommune. Faktisk synes vi at gruppen i indev\u00e6rende periode har bidraget med mange gode og fornuftige l\u00f8sninger til gavn for borgere, turister og virksomheder i Mors\u00f8 Kommune. Grundlaget for vores beslutninger vil dog altid v\u00e6re at s\u00f8ge den bedste l\u00f8sning, og v\u00e6re klar til at rette op p\u00e5 denne, hvis tingene viser sig anderledes. <a href=\"https:\/\/www.fmspks.dk\/\"><img loading=\"lazy\" decoding=\"async\" class=\"alignright size-full wp-image-35528\" src=\"https:\/\/kunmedierne.dk\/mors\/wp-content\/uploads\/2020\/11\/ho4.jpg\" alt=\"\" width=\"1400\" height=\"125\" srcset=\"https:\/\/kunmedierne.dk\/mors\/wp-content\/uploads\/2020\/11\/ho4.jpg 1400w, https:\/\/kunmedierne.dk\/mors\/wp-content\/uploads\/2020\/11\/ho4-300x27.jpg 300w, https:\/\/kunmedierne.dk\/mors\/wp-content\/uploads\/2020\/11\/ho4-1024x91.jpg 1024w, https:\/\/kunmedierne.dk\/mors\/wp-content\/uploads\/2020\/11\/ho4-768x69.jpg 768w, https:\/\/kunmedierne.dk\/mors\/wp-content\/uploads\/2020\/11\/ho4-600x54.jpg 600w\" sizes=\"auto, (max-width: 1400px) 100vw, 1400px\" \/><\/a><\/p>\n<p>I en lille kommune som Mors\u00f8 Kommune med omkring de 20.000 borgere, vil det uanset hvilket parti man er valgt for, v\u00e6re vanskeligt med den \u00f8konomi der er til r\u00e5dighed, at kunne g\u00f8re alle borgere tilfredse. Det er derfor vigtigt, at de valgte kommunalbestyrelsesmedlemmer er indstillet p\u00e5 at arbejde sammen om at finde de \u00f8konomiske ansvarlige l\u00f8sninger som tilgodeser s\u00e5 mange borgere som muligt i kommunen, og samtidig skaber sikre, trygge og synlige rammer for embedsv\u00e6rket at arbejde indenfor.<\/p>\n<p>S\u00e5 lad os nu f\u00e5 noget lokalpolitik p\u00e5 bordet som kommer os alle til gavn, i stedet for at have en politisk agenda hvor det kun handler om at bryde Venstres flertal \u2013 vi er alle valgt af borgerne, og de f\u00e5r jo mulighed for at stemme igen om et \u00e5rs tid. Uanset er vi f\u00e6lles om Mors.<\/p>\n<hr \/>\n<p><em>Har du et bidrag til den lokale debat? Send det til os p\u00e5 e-mail: debat@kunmedierne.dk\/mors. Husk at l\u00e6se korrektur inden afsendelse p\u00e5 indl\u00e6gget.<\/em><\/p>\n<blockquote><p>F\u00f8lg vores serie om kandidater til kommunalvalget i 2021. Seneste afsnit er <a href=\"https:\/\/kunmedierne.dk\/mors\/konservative-vil-bryde-venstres-flertal\/\" target=\"_blank\" rel=\"noopener noreferrer\">her<\/a>.<\/p><\/blockquote>\n","protected":false},"excerpt":{"rendered":"<p>Fra Henrik Jensen og Klaus Hvidtfeldt Larsen, medlemmer af kommunalbestyrelsen i Mors\u00f8 Kommune for Venstre, har vi modtaget: Det er altid sp\u00e6ndende at f\u00f8lge med i medierne op til et forest\u00e5ende kommunalvalg, for her vil man kunne se hvilke m\u00e6rkesager de forskellige partier og kandidater har valgt at f\u00f8re sig frem p\u00e5, for derved at [&hellip;]<\/p>\n","protected":false},"author":11,"featured_media":38551,"comment_status":"open","ping_status":"open","sticky":false,"template":"","format":"standard","meta":{"_acf_changed":false,"footnotes":""},"categories":[56],"tags":[167],"class_list":["post-38548","post","type-post","status-publish","format-standard","has-post-thumbnail","hentry","category-debat","tag-politik"],"acf":[],"yoast_head":"<!-- This site is optimized with the Yoast SEO plugin v26.8 - https:\/\/yoast.com\/product\/yoast-seo-wordpress\/ -->\n<title>Topstyring og absolut flertal i et valg\u00e5r - Mors<\/title>\n<meta name=\"robots\" content=\"index, follow, max-snippet:-1, max-image-preview:large, max-video-preview:-1\" \/>\n<link rel=\"canonical\" href=\"https:\/\/kunmedierne.dk\/mors\/topstyring-og-absolut-flertal-i-et-valgaar\/\" \/>\n<meta property=\"og:locale\" content=\"da_DK\" \/>\n<meta property=\"og:type\" content=\"article\" \/>\n<meta property=\"og:title\" content=\"Topstyring og absolut flertal i et valg\u00e5r - Mors\" \/>\n<meta property=\"og:description\" content=\"Fra Henrik Jensen og Klaus Hvidtfeldt Larsen, medlemmer af kommunalbestyrelsen i Mors\u00f8 Kommune for Venstre, har vi modtaget: Det er altid sp\u00e6ndende at f\u00f8lge med i medierne op til et forest\u00e5ende kommunalvalg, for her vil man kunne se hvilke m\u00e6rkesager de forskellige partier og kandidater har valgt at f\u00f8re sig frem p\u00e5, for derved at [&hellip;]\" \/>\n<meta property=\"og:url\" content=\"https:\/\/kunmedierne.dk\/mors\/topstyring-og-absolut-flertal-i-et-valgaar\/\" \/>\n<meta property=\"og:site_name\" content=\"Mors\" \/>\n<meta property=\"article:published_time\" content=\"2021-01-22T09:59:11+00:00\" \/>\n<meta property=\"article:modified_time\" content=\"2024-08-12T11:37:57+00:00\" \/>\n<meta property=\"og:image\" content=\"https:\/\/kunmedierne.dk\/mors\/wp-content\/uploads\/2021\/01\/jensen-og-hvidtfeldt.jpg\" \/>\n\t<meta property=\"og:image:width\" content=\"770\" \/>\n\t<meta property=\"og:image:height\" content=\"513\" \/>\n\t<meta property=\"og:image:type\" content=\"image\/jpeg\" \/>\n<meta name=\"author\" content=\"Debat\" \/>\n<meta name=\"twitter:card\" content=\"summary_large_image\" \/>\n<meta name=\"twitter:label1\" content=\"Skrevet af\" \/>\n\t<meta name=\"twitter:data1\" content=\"Debat\" \/>\n\t<meta name=\"twitter:label2\" content=\"Estimeret l\u00e6setid\" \/>\n\t<meta name=\"twitter:data2\" content=\"4 minutter\" \/>\n<script type=\"application\/ld+json\" class=\"yoast-schema-graph\">{\"@context\":\"https:\/\/schema.org\",\"@graph\":[{\"@type\":\"Article\",\"@id\":\"https:\/\/kunmedierne.dk\/mors\/topstyring-og-absolut-flertal-i-et-valgaar\/#article\",\"isPartOf\":{\"@id\":\"https:\/\/kunmedierne.dk\/mors\/topstyring-og-absolut-flertal-i-et-valgaar\/\"},\"author\":{\"name\":\"Debat\",\"@id\":\"https:\/\/kunmedierne.dk\/mors\/#\/schema\/person\/84c1391bce0b43b9bb3a49736bc0ad78\"},\"headline\":\"Topstyring og absolut flertal i et valg\u00e5r\",\"datePublished\":\"2021-01-22T09:59:11+00:00\",\"dateModified\":\"2024-08-12T11:37:57+00:00\",\"mainEntityOfPage\":{\"@id\":\"https:\/\/kunmedierne.dk\/mors\/topstyring-og-absolut-flertal-i-et-valgaar\/\"},\"wordCount\":893,\"commentCount\":0,\"publisher\":{\"@id\":\"https:\/\/kunmedierne.dk\/mors\/#organization\"},\"image\":{\"@id\":\"https:\/\/kunmedierne.dk\/mors\/topstyring-og-absolut-flertal-i-et-valgaar\/#primaryimage\"},\"thumbnailUrl\":\"https:\/\/kunmedierne.dk\/mors\/wp-content\/uploads\/2021\/01\/jensen-og-hvidtfeldt.jpg\",\"keywords\":[\"Politik\"],\"articleSection\":[\"Debat\"],\"inLanguage\":\"da-DK\",\"potentialAction\":[{\"@type\":\"CommentAction\",\"name\":\"Comment\",\"target\":[\"https:\/\/kunmedierne.dk\/mors\/topstyring-og-absolut-flertal-i-et-valgaar\/#respond\"]}]},{\"@type\":\"WebPage\",\"@id\":\"https:\/\/kunmedierne.dk\/mors\/topstyring-og-absolut-flertal-i-et-valgaar\/\",\"url\":\"https:\/\/kunmedierne.dk\/mors\/topstyring-og-absolut-flertal-i-et-valgaar\/\",\"name\":\"Topstyring og absolut flertal i et valg\u00e5r - Mors\",\"isPartOf\":{\"@id\":\"https:\/\/kunmedierne.dk\/mors\/#website\"},\"primaryImageOfPage\":{\"@id\":\"https:\/\/kunmedierne.dk\/mors\/topstyring-og-absolut-flertal-i-et-valgaar\/#primaryimage\"},\"image\":{\"@id\":\"https:\/\/kunmedierne.dk\/mors\/topstyring-og-absolut-flertal-i-et-valgaar\/#primaryimage\"},\"thumbnailUrl\":\"https:\/\/kunmedierne.dk\/mors\/wp-content\/uploads\/2021\/01\/jensen-og-hvidtfeldt.jpg\",\"datePublished\":\"2021-01-22T09:59:11+00:00\",\"dateModified\":\"2024-08-12T11:37:57+00:00\",\"breadcrumb\":{\"@id\":\"https:\/\/kunmedierne.dk\/mors\/topstyring-og-absolut-flertal-i-et-valgaar\/#breadcrumb\"},\"inLanguage\":\"da-DK\",\"potentialAction\":[{\"@type\":\"ReadAction\",\"target\":[\"https:\/\/kunmedierne.dk\/mors\/topstyring-og-absolut-flertal-i-et-valgaar\/\"]}]},{\"@type\":\"ImageObject\",\"inLanguage\":\"da-DK\",\"@id\":\"https:\/\/kunmedierne.dk\/mors\/topstyring-og-absolut-flertal-i-et-valgaar\/#primaryimage\",\"url\":\"https:\/\/kunmedierne.dk\/mors\/wp-content\/uploads\/2021\/01\/jensen-og-hvidtfeldt.jpg\",\"contentUrl\":\"https:\/\/kunmedierne.dk\/mors\/wp-content\/uploads\/2021\/01\/jensen-og-hvidtfeldt.jpg\",\"width\":770,\"height\":513,\"caption\":\"Henrik Jensen (tv.) og Klaus Hvidtfeldt Larsen.\"},{\"@type\":\"BreadcrumbList\",\"@id\":\"https:\/\/kunmedierne.dk\/mors\/topstyring-og-absolut-flertal-i-et-valgaar\/#breadcrumb\",\"itemListElement\":[{\"@type\":\"ListItem\",\"position\":1,\"name\":\"Hjem\",\"item\":\"https:\/\/kunmedierne.dk\/mors\/\"},{\"@type\":\"ListItem\",\"position\":2,\"name\":\"Topstyring og absolut flertal i et valg\u00e5r\"}]},{\"@type\":\"WebSite\",\"@id\":\"https:\/\/kunmedierne.dk\/mors\/#website\",\"url\":\"https:\/\/kunmedierne.dk\/mors\/\",\"name\":\"Mors\",\"description\":\"et netmedie med journalistik om livet p\u00e5 Mors\",\"publisher\":{\"@id\":\"https:\/\/kunmedierne.dk\/mors\/#organization\"},\"potentialAction\":[{\"@type\":\"SearchAction\",\"target\":{\"@type\":\"EntryPoint\",\"urlTemplate\":\"https:\/\/kunmedierne.dk\/mors\/?s={search_term_string}\"},\"query-input\":{\"@type\":\"PropertyValueSpecification\",\"valueRequired\":true,\"valueName\":\"search_term_string\"}}],\"inLanguage\":\"da-DK\"},{\"@type\":\"Organization\",\"@id\":\"https:\/\/kunmedierne.dk\/mors\/#organization\",\"name\":\"Mors\",\"url\":\"https:\/\/kunmedierne.dk\/mors\/\",\"logo\":{\"@type\":\"ImageObject\",\"inLanguage\":\"da-DK\",\"@id\":\"https:\/\/kunmedierne.dk\/mors\/#\/schema\/logo\/image\/\",\"url\":\"https:\/\/kunmedierne.dk\/mors\/wp-content\/uploads\/2024\/08\/kunmors-logo.svg\",\"contentUrl\":\"https:\/\/kunmedierne.dk\/mors\/wp-content\/uploads\/2024\/08\/kunmors-logo.svg\",\"caption\":\"Mors\"},\"image\":{\"@id\":\"https:\/\/kunmedierne.dk\/mors\/#\/schema\/logo\/image\/\"}},{\"@type\":\"Person\",\"@id\":\"https:\/\/kunmedierne.dk\/mors\/#\/schema\/person\/84c1391bce0b43b9bb3a49736bc0ad78\",\"name\":\"Debat\",\"image\":{\"@type\":\"ImageObject\",\"inLanguage\":\"da-DK\",\"@id\":\"https:\/\/kunmedierne.dk\/mors\/#\/schema\/person\/image\/\",\"url\":\"https:\/\/secure.gravatar.com\/avatar\/b0fb2e221d618f7c65162ab0d49c7e8a0b580c871ca03af90e42b47b4150654c?s=96&d=mm&r=g\",\"contentUrl\":\"https:\/\/secure.gravatar.com\/avatar\/b0fb2e221d618f7c65162ab0d49c7e8a0b580c871ca03af90e42b47b4150654c?s=96&d=mm&r=g\",\"caption\":\"Debat\"},\"url\":\"https:\/\/kunmedierne.dk\/mors\/author\/debat\/\"}]}<\/script>\n<!-- \/ Yoast SEO plugin. -->","yoast_head_json":{"title":"Topstyring og absolut flertal i et valg\u00e5r - Mors","robots":{"index":"index","follow":"follow","max-snippet":"max-snippet:-1","max-image-preview":"max-image-preview:large","max-video-preview":"max-video-preview:-1"},"canonical":"https:\/\/kunmedierne.dk\/mors\/topstyring-og-absolut-flertal-i-et-valgaar\/","og_locale":"da_DK","og_type":"article","og_title":"Topstyring og absolut flertal i et valg\u00e5r - Mors","og_description":"Fra Henrik Jensen og Klaus Hvidtfeldt Larsen, medlemmer af kommunalbestyrelsen i Mors\u00f8 Kommune for Venstre, har vi modtaget: Det er altid sp\u00e6ndende at f\u00f8lge med i medierne op til et forest\u00e5ende kommunalvalg, for her vil man kunne se hvilke m\u00e6rkesager de forskellige partier og kandidater har valgt at f\u00f8re sig frem p\u00e5, for derved at [&hellip;]","og_url":"https:\/\/kunmedierne.dk\/mors\/topstyring-og-absolut-flertal-i-et-valgaar\/","og_site_name":"Mors","article_published_time":"2021-01-22T09:59:11+00:00","article_modified_time":"2024-08-12T11:37:57+00:00","og_image":[{"width":770,"height":513,"url":"https:\/\/kunmedierne.dk\/mors\/wp-content\/uploads\/2021\/01\/jensen-og-hvidtfeldt.jpg","type":"image\/jpeg"}],"author":"Debat","twitter_card":"summary_large_image","twitter_misc":{"Skrevet af":"Debat","Estimeret l\u00e6setid":"4 minutter"},"schema":{"@context":"https:\/\/schema.org","@graph":[{"@type":"Article","@id":"https:\/\/kunmedierne.dk\/mors\/topstyring-og-absolut-flertal-i-et-valgaar\/#article","isPartOf":{"@id":"https:\/\/kunmedierne.dk\/mors\/topstyring-og-absolut-flertal-i-et-valgaar\/"},"author":{"name":"Debat","@id":"https:\/\/kunmedierne.dk\/mors\/#\/schema\/person\/84c1391bce0b43b9bb3a49736bc0ad78"},"headline":"Topstyring og absolut flertal i et valg\u00e5r","datePublished":"2021-01-22T09:59:11+00:00","dateModified":"2024-08-12T11:37:57+00:00","mainEntityOfPage":{"@id":"https:\/\/kunmedierne.dk\/mors\/topstyring-og-absolut-flertal-i-et-valgaar\/"},"wordCount":893,"commentCount":0,"publisher":{"@id":"https:\/\/kunmedierne.dk\/mors\/#organization"},"image":{"@id":"https:\/\/kunmedierne.dk\/mors\/topstyring-og-absolut-flertal-i-et-valgaar\/#primaryimage"},"thumbnailUrl":"https:\/\/kunmedierne.dk\/mors\/wp-content\/uploads\/2021\/01\/jensen-og-hvidtfeldt.jpg","keywords":["Politik"],"articleSection":["Debat"],"inLanguage":"da-DK","potentialAction":[{"@type":"CommentAction","name":"Comment","target":["https:\/\/kunmedierne.dk\/mors\/topstyring-og-absolut-flertal-i-et-valgaar\/#respond"]}]},{"@type":"WebPage","@id":"https:\/\/kunmedierne.dk\/mors\/topstyring-og-absolut-flertal-i-et-valgaar\/","url":"https:\/\/kunmedierne.dk\/mors\/topstyring-og-absolut-flertal-i-et-valgaar\/","name":"Topstyring og absolut flertal i et valg\u00e5r - Mors","isPartOf":{"@id":"https:\/\/kunmedierne.dk\/mors\/#website"},"primaryImageOfPage":{"@id":"https:\/\/kunmedierne.dk\/mors\/topstyring-og-absolut-flertal-i-et-valgaar\/#primaryimage"},"image":{"@id":"https:\/\/kunmedierne.dk\/mors\/topstyring-og-absolut-flertal-i-et-valgaar\/#primaryimage"},"thumbnailUrl":"https:\/\/kunmedierne.dk\/mors\/wp-content\/uploads\/2021\/01\/jensen-og-hvidtfeldt.jpg","datePublished":"2021-01-22T09:59:11+00:00","dateModified":"2024-08-12T11:37:57+00:00","breadcrumb":{"@id":"https:\/\/kunmedierne.dk\/mors\/topstyring-og-absolut-flertal-i-et-valgaar\/#breadcrumb"},"inLanguage":"da-DK","potentialAction":[{"@type":"ReadAction","target":["https:\/\/kunmedierne.dk\/mors\/topstyring-og-absolut-flertal-i-et-valgaar\/"]}]},{"@type":"ImageObject","inLanguage":"da-DK","@id":"https:\/\/kunmedierne.dk\/mors\/topstyring-og-absolut-flertal-i-et-valgaar\/#primaryimage","url":"https:\/\/kunmedierne.dk\/mors\/wp-content\/uploads\/2021\/01\/jensen-og-hvidtfeldt.jpg","contentUrl":"https:\/\/kunmedierne.dk\/mors\/wp-content\/uploads\/2021\/01\/jensen-og-hvidtfeldt.jpg","width":770,"height":513,"caption":"Henrik Jensen (tv.) og Klaus Hvidtfeldt Larsen."},{"@type":"BreadcrumbList","@id":"https:\/\/kunmedierne.dk\/mors\/topstyring-og-absolut-flertal-i-et-valgaar\/#breadcrumb","itemListElement":[{"@type":"ListItem","position":1,"name":"Hjem","item":"https:\/\/kunmedierne.dk\/mors\/"},{"@type":"ListItem","position":2,"name":"Topstyring og absolut flertal i et valg\u00e5r"}]},{"@type":"WebSite","@id":"https:\/\/kunmedierne.dk\/mors\/#website","url":"https:\/\/kunmedierne.dk\/mors\/","name":"Mors","description":"et netmedie med journalistik om livet p\u00e5 Mors","publisher":{"@id":"https:\/\/kunmedierne.dk\/mors\/#organization"},"potentialAction":[{"@type":"SearchAction","target":{"@type":"EntryPoint","urlTemplate":"https:\/\/kunmedierne.dk\/mors\/?s={search_term_string}"},"query-input":{"@type":"PropertyValueSpecification","valueRequired":true,"valueName":"search_term_string"}}],"inLanguage":"da-DK"},{"@type":"Organization","@id":"https:\/\/kunmedierne.dk\/mors\/#organization","name":"Mors","url":"https:\/\/kunmedierne.dk\/mors\/","logo":{"@type":"ImageObject","inLanguage":"da-DK","@id":"https:\/\/kunmedierne.dk\/mors\/#\/schema\/logo\/image\/","url":"https:\/\/kunmedierne.dk\/mors\/wp-content\/uploads\/2024\/08\/kunmors-logo.svg","contentUrl":"https:\/\/kunmedierne.dk\/mors\/wp-content\/uploads\/2024\/08\/kunmors-logo.svg","caption":"Mors"},"image":{"@id":"https:\/\/kunmedierne.dk\/mors\/#\/schema\/logo\/image\/"}},{"@type":"Person","@id":"https:\/\/kunmedierne.dk\/mors\/#\/schema\/person\/84c1391bce0b43b9bb3a49736bc0ad78","name":"Debat","image":{"@type":"ImageObject","inLanguage":"da-DK","@id":"https:\/\/kunmedierne.dk\/mors\/#\/schema\/person\/image\/","url":"https:\/\/secure.gravatar.com\/avatar\/b0fb2e221d618f7c65162ab0d49c7e8a0b580c871ca03af90e42b47b4150654c?s=96&d=mm&r=g","contentUrl":"https:\/\/secure.gravatar.com\/avatar\/b0fb2e221d618f7c65162ab0d49c7e8a0b580c871ca03af90e42b47b4150654c?s=96&d=mm&r=g","caption":"Debat"},"url":"https:\/\/kunmedierne.dk\/mors\/author\/debat\/"}]}},"_links":{"self":[{"href":"https:\/\/kunmedierne.dk\/mors\/wp-json\/wp\/v2\/posts\/38548","targetHints":{"allow":["GET"]}}],"collection":[{"href":"https:\/\/kunmedierne.dk\/mors\/wp-json\/wp\/v2\/posts"}],"about":[{"href":"https:\/\/kunmedierne.dk\/mors\/wp-json\/wp\/v2\/types\/post"}],"author":[{"embeddable":true,"href":"https:\/\/kunmedierne.dk\/mors\/wp-json\/wp\/v2\/users\/11"}],"replies":[{"embeddable":true,"href":"https:\/\/kunmedierne.dk\/mors\/wp-json\/wp\/v2\/comments?post=38548"}],"version-history":[{"count":3,"href":"https:\/\/kunmedierne.dk\/mors\/wp-json\/wp\/v2\/posts\/38548\/revisions"}],"predecessor-version":[{"id":38568,"href":"https:\/\/kunmedierne.dk\/mors\/wp-json\/wp\/v2\/posts\/38548\/revisions\/38568"}],"wp:featuredmedia":[{"embeddable":true,"href":"https:\/\/kunmedierne.dk\/mors\/wp-json\/wp\/v2\/media\/38551"}],"wp:attachment":[{"href":"https:\/\/kunmedierne.dk\/mors\/wp-json\/wp\/v2\/media?parent=38548"}],"wp:term":[{"taxonomy":"category","embeddable":true,"href":"https:\/\/kunmedierne.dk\/mors\/wp-json\/wp\/v2\/categories?post=38548"},{"taxonomy":"post_tag","embeddable":true,"href":"https:\/\/kunmedierne.dk\/mors\/wp-json\/wp\/v2\/tags?post=38548"}],"curies":[{"name":"wp","href":"https:\/\/api.w.org\/{rel}","templated":true}]}}