{"id":38278,"date":"2021-01-16T16:22:45","date_gmt":"2021-01-16T15:22:45","guid":{"rendered":"https:\/\/kunmedierne.dk\/mors\/?p=38278"},"modified":"2024-08-12T13:37:58","modified_gmt":"2024-08-12T11:37:58","slug":"galtrup-efterskole-bliver-opsamlingsskole-for-groenlandske-elever","status":"publish","type":"post","link":"https:\/\/kunmedierne.dk\/mors\/galtrup-efterskole-bliver-opsamlingsskole-for-groenlandske-elever\/","title":{"rendered":"Galtrup Efterskole bliver opsamlingsskole for gr\u00f8nlandske elever"},"content":{"rendered":"<p><strong>MORS<\/strong>: De danske efterskoler er ramt af den aktuelle nedlukning &#8211; og is\u00e6r \u00e9n gruppe elever er kommet i en speciel situation.<\/p>\n<p>Det er de mange gr\u00f8nl\u00e6ndere, der g\u00e5r p\u00e5 en danske efterskole &#8211; som for eksempel Galtrup Efterskole.<\/p>\n<p>Her har man lige m\u00e5ttet konstatere, at seks af gr\u00f8nl\u00e6nderne, der har v\u00e6ret hjemme p\u00e5 juleferie, p\u00e5 grund af frygt for coronavirus ikke vender tilbage. Men til geng\u00e6ld er der udsigt til tilgang fra andre efterskoler.<\/p>\n<p>&#8220;Jeg har lavet et samarbejde med det gr\u00f8nlandske selvstyre om, at alle de gr\u00f8nl\u00e6ndere, der er strandet, og ikke har noget sted at v\u00e6re, kan komme til Galtrup i n\u00e6ste uge,&#8221; fort\u00e6ller Jens Hvid Skouboe, forstander p\u00e5 Galtrup Efterskole. <a href=\"https:\/\/www.braendselsforeningen.dk\/\"><img loading=\"lazy\" decoding=\"async\" class=\"alignright size-full wp-image-36029\" src=\"https:\/\/kunmedierne.dk\/mors\/wp-content\/uploads\/2020\/11\/Br\u00e6ndselsforeningen.jpg\" alt=\"\" width=\"1425\" height=\"127\" srcset=\"https:\/\/kunmedierne.dk\/mors\/wp-content\/uploads\/2020\/11\/Br\u00e6ndselsforeningen.jpg 1425w, https:\/\/kunmedierne.dk\/mors\/wp-content\/uploads\/2020\/11\/Br\u00e6ndselsforeningen-300x27.jpg 300w, https:\/\/kunmedierne.dk\/mors\/wp-content\/uploads\/2020\/11\/Br\u00e6ndselsforeningen-1024x91.jpg 1024w, https:\/\/kunmedierne.dk\/mors\/wp-content\/uploads\/2020\/11\/Br\u00e6ndselsforeningen-768x68.jpg 768w, https:\/\/kunmedierne.dk\/mors\/wp-content\/uploads\/2020\/11\/Br\u00e6ndselsforeningen-600x53.jpg 600w\" sizes=\"auto, (max-width: 1425px) 100vw, 1425px\" \/><\/a><\/p>\n<p>Han tilf\u00f8jer, at der er cirka 200 gr\u00f8nlandske elever p\u00e5 efterskoler i Danmark, og dem, der p\u00e5 en eller anden m\u00e5de er strandet, kan nu v\u00e6lge at tage til Mors.<\/p>\n<p>&#8220;For at de ikke g\u00e5r i mistrivsel hos den familie, de nu skulle opholde sig hos, f\u00e5r de mulighed for at opholde sig hos os og blive undervist hos os,&#8221; siger han.<\/p>\n<p>Galtrup Efterskole har i forvejen 30 gr\u00f8nl\u00e6ndere p\u00e5 skolen, og flere er alts\u00e5 p\u00e5 vej.<\/p>\n<p>&#8220;Der er kommet en fra andre efterskoler, s\u00e5 nu er vi 31. Og s\u00e5 m\u00e5 vi se, hvor mange der kommer i n\u00e6ste uge,&#8221; siger Jens Hvid Skouboe, der gl\u00e6der sig over, at skolen p\u00e5 den m\u00e5de ikke har v\u00e6ret n\u00f8dt til at lukke ned.<\/p>\n<p>&#8220;Vi er meget heldige, at vi har mulighed for at drive skole stadigv\u00e6k,&#8221; lyder det.<\/p>\n<p>Ogs\u00e5 rent \u00f8konomisk er aftalen med det gr\u00f8nlandske selvstyre nyttig oven p\u00e5 tabet af de elever, der har valgt at blive i Gr\u00f8nland. <a href=\"https:\/\/vognmand-filtenborg.dk\/\"><img loading=\"lazy\" decoding=\"async\" class=\"alignright size-full wp-image-35525\" src=\"https:\/\/kunmedierne.dk\/mors\/wp-content\/uploads\/2020\/11\/ho1.jpg\" alt=\"\" width=\"1400\" height=\"125\" srcset=\"https:\/\/kunmedierne.dk\/mors\/wp-content\/uploads\/2020\/11\/ho1.jpg 1400w, https:\/\/kunmedierne.dk\/mors\/wp-content\/uploads\/2020\/11\/ho1-300x27.jpg 300w, https:\/\/kunmedierne.dk\/mors\/wp-content\/uploads\/2020\/11\/ho1-1024x91.jpg 1024w, https:\/\/kunmedierne.dk\/mors\/wp-content\/uploads\/2020\/11\/ho1-768x69.jpg 768w, https:\/\/kunmedierne.dk\/mors\/wp-content\/uploads\/2020\/11\/ho1-600x54.jpg 600w\" sizes=\"auto, (max-width: 1400px) 100vw, 1400px\" \/><\/a><\/p>\n<p>&#8220;Men der er heldigvis kommet en hj\u00e6lpepakke, s\u00e5 jeg tror under alle omst\u00e6ndigheder ikke, at vi kommer til at lide et \u00f8konomisk tab,&#8221; siger Jens Hvid Skouboe, der sagtens kan forst\u00e5 de gr\u00f8nlandske elever, som har valgt at blive i Gr\u00f8nland.<\/p>\n<p>&#8220;Nu har vi i Danmark jo levet med det (coronavirus, red.) i snart et \u00e5r og er ved n\u00e6sten at anerkende det som hverdag. Men i Gr\u00f8nland har de kun haft 18 tilf\u00e6lde i alt, tror jeg. S\u00e5 de g\u00f8r rigtig meget for at holde det v\u00e6k,&#8221; siger han.<\/p>\n","protected":false},"excerpt":{"rendered":"<p>MORS: De danske efterskoler er ramt af den aktuelle nedlukning &#8211; og is\u00e6r \u00e9n gruppe elever er kommet i en speciel situation. Det er de mange gr\u00f8nl\u00e6ndere, der g\u00e5r p\u00e5 en danske efterskole &#8211; som for eksempel Galtrup Efterskole. Her har man lige m\u00e5ttet konstatere, at seks af gr\u00f8nl\u00e6nderne, der har v\u00e6ret hjemme p\u00e5 juleferie, [&hellip;]<\/p>\n","protected":false},"author":8,"featured_media":38280,"comment_status":"open","ping_status":"open","sticky":false,"template":"","format":"standard","meta":{"_acf_changed":false,"footnotes":""},"categories":[51],"tags":[170],"class_list":["post-38278","post","type-post","status-publish","format-standard","has-post-thumbnail","hentry","category-lokalt","tag-uddannelse"],"acf":[],"yoast_head":"<!-- This site is optimized with the Yoast SEO plugin v26.8 - https:\/\/yoast.com\/product\/yoast-seo-wordpress\/ -->\n<title>Galtrup Efterskole bliver opsamlingsskole for gr\u00f8nlandske elever - Mors<\/title>\n<meta name=\"robots\" content=\"index, follow, max-snippet:-1, max-image-preview:large, max-video-preview:-1\" \/>\n<link rel=\"canonical\" href=\"https:\/\/kunmedierne.dk\/mors\/galtrup-efterskole-bliver-opsamlingsskole-for-groenlandske-elever\/\" \/>\n<meta property=\"og:locale\" content=\"da_DK\" \/>\n<meta property=\"og:type\" content=\"article\" \/>\n<meta property=\"og:title\" content=\"Galtrup Efterskole bliver opsamlingsskole for gr\u00f8nlandske elever - Mors\" \/>\n<meta property=\"og:description\" content=\"MORS: De danske efterskoler er ramt af den aktuelle nedlukning &#8211; og is\u00e6r \u00e9n gruppe elever er kommet i en speciel situation. Det er de mange gr\u00f8nl\u00e6ndere, der g\u00e5r p\u00e5 en danske efterskole &#8211; som for eksempel Galtrup Efterskole. Her har man lige m\u00e5ttet konstatere, at seks af gr\u00f8nl\u00e6nderne, der har v\u00e6ret hjemme p\u00e5 juleferie, [&hellip;]\" \/>\n<meta property=\"og:url\" content=\"https:\/\/kunmedierne.dk\/mors\/galtrup-efterskole-bliver-opsamlingsskole-for-groenlandske-elever\/\" \/>\n<meta property=\"og:site_name\" content=\"Mors\" \/>\n<meta property=\"article:published_time\" content=\"2021-01-16T15:22:45+00:00\" \/>\n<meta property=\"article:modified_time\" content=\"2024-08-12T11:37:58+00:00\" \/>\n<meta property=\"og:image\" content=\"https:\/\/kunmedierne.dk\/mors\/wp-content\/uploads\/2021\/01\/210115-galtrup-efterskole2.jpg\" \/>\n\t<meta property=\"og:image:width\" content=\"770\" \/>\n\t<meta property=\"og:image:height\" content=\"513\" \/>\n\t<meta property=\"og:image:type\" content=\"image\/jpeg\" \/>\n<meta name=\"author\" content=\"David H\u00f8jmark\" \/>\n<meta name=\"twitter:card\" content=\"summary_large_image\" \/>\n<meta name=\"twitter:label1\" content=\"Skrevet af\" \/>\n\t<meta name=\"twitter:data1\" content=\"David H\u00f8jmark\" \/>\n\t<meta name=\"twitter:label2\" content=\"Estimeret l\u00e6setid\" \/>\n\t<meta name=\"twitter:data2\" content=\"2 minutter\" \/>\n<script type=\"application\/ld+json\" class=\"yoast-schema-graph\">{\"@context\":\"https:\/\/schema.org\",\"@graph\":[{\"@type\":\"Article\",\"@id\":\"https:\/\/kunmedierne.dk\/mors\/galtrup-efterskole-bliver-opsamlingsskole-for-groenlandske-elever\/#article\",\"isPartOf\":{\"@id\":\"https:\/\/kunmedierne.dk\/mors\/galtrup-efterskole-bliver-opsamlingsskole-for-groenlandske-elever\/\"},\"author\":{\"name\":\"David H\u00f8jmark\",\"@id\":\"https:\/\/kunmedierne.dk\/mors\/#\/schema\/person\/5fe23251bf1d0abbcdc6f7896579d548\"},\"headline\":\"Galtrup Efterskole bliver opsamlingsskole for gr\u00f8nlandske elever\",\"datePublished\":\"2021-01-16T15:22:45+00:00\",\"dateModified\":\"2024-08-12T11:37:58+00:00\",\"mainEntityOfPage\":{\"@id\":\"https:\/\/kunmedierne.dk\/mors\/galtrup-efterskole-bliver-opsamlingsskole-for-groenlandske-elever\/\"},\"wordCount\":408,\"commentCount\":0,\"publisher\":{\"@id\":\"https:\/\/kunmedierne.dk\/mors\/#organization\"},\"image\":{\"@id\":\"https:\/\/kunmedierne.dk\/mors\/galtrup-efterskole-bliver-opsamlingsskole-for-groenlandske-elever\/#primaryimage\"},\"thumbnailUrl\":\"https:\/\/kunmedierne.dk\/mors\/wp-content\/uploads\/2021\/01\/210115-galtrup-efterskole2.jpg\",\"keywords\":[\"Skoler og uddannelse\"],\"articleSection\":[\"Lokalt\"],\"inLanguage\":\"da-DK\",\"potentialAction\":[{\"@type\":\"CommentAction\",\"name\":\"Comment\",\"target\":[\"https:\/\/kunmedierne.dk\/mors\/galtrup-efterskole-bliver-opsamlingsskole-for-groenlandske-elever\/#respond\"]}]},{\"@type\":\"WebPage\",\"@id\":\"https:\/\/kunmedierne.dk\/mors\/galtrup-efterskole-bliver-opsamlingsskole-for-groenlandske-elever\/\",\"url\":\"https:\/\/kunmedierne.dk\/mors\/galtrup-efterskole-bliver-opsamlingsskole-for-groenlandske-elever\/\",\"name\":\"Galtrup Efterskole bliver opsamlingsskole for gr\u00f8nlandske elever - Mors\",\"isPartOf\":{\"@id\":\"https:\/\/kunmedierne.dk\/mors\/#website\"},\"primaryImageOfPage\":{\"@id\":\"https:\/\/kunmedierne.dk\/mors\/galtrup-efterskole-bliver-opsamlingsskole-for-groenlandske-elever\/#primaryimage\"},\"image\":{\"@id\":\"https:\/\/kunmedierne.dk\/mors\/galtrup-efterskole-bliver-opsamlingsskole-for-groenlandske-elever\/#primaryimage\"},\"thumbnailUrl\":\"https:\/\/kunmedierne.dk\/mors\/wp-content\/uploads\/2021\/01\/210115-galtrup-efterskole2.jpg\",\"datePublished\":\"2021-01-16T15:22:45+00:00\",\"dateModified\":\"2024-08-12T11:37:58+00:00\",\"breadcrumb\":{\"@id\":\"https:\/\/kunmedierne.dk\/mors\/galtrup-efterskole-bliver-opsamlingsskole-for-groenlandske-elever\/#breadcrumb\"},\"inLanguage\":\"da-DK\",\"potentialAction\":[{\"@type\":\"ReadAction\",\"target\":[\"https:\/\/kunmedierne.dk\/mors\/galtrup-efterskole-bliver-opsamlingsskole-for-groenlandske-elever\/\"]}]},{\"@type\":\"ImageObject\",\"inLanguage\":\"da-DK\",\"@id\":\"https:\/\/kunmedierne.dk\/mors\/galtrup-efterskole-bliver-opsamlingsskole-for-groenlandske-elever\/#primaryimage\",\"url\":\"https:\/\/kunmedierne.dk\/mors\/wp-content\/uploads\/2021\/01\/210115-galtrup-efterskole2.jpg\",\"contentUrl\":\"https:\/\/kunmedierne.dk\/mors\/wp-content\/uploads\/2021\/01\/210115-galtrup-efterskole2.jpg\",\"width\":770,\"height\":513,\"caption\":\"Galtrup Efterskole. Foto: David H\u00f8jmark\"},{\"@type\":\"BreadcrumbList\",\"@id\":\"https:\/\/kunmedierne.dk\/mors\/galtrup-efterskole-bliver-opsamlingsskole-for-groenlandske-elever\/#breadcrumb\",\"itemListElement\":[{\"@type\":\"ListItem\",\"position\":1,\"name\":\"Hjem\",\"item\":\"https:\/\/kunmedierne.dk\/mors\/\"},{\"@type\":\"ListItem\",\"position\":2,\"name\":\"Galtrup Efterskole bliver opsamlingsskole for gr\u00f8nlandske elever\"}]},{\"@type\":\"WebSite\",\"@id\":\"https:\/\/kunmedierne.dk\/mors\/#website\",\"url\":\"https:\/\/kunmedierne.dk\/mors\/\",\"name\":\"Mors\",\"description\":\"et netmedie med journalistik om livet p\u00e5 Mors\",\"publisher\":{\"@id\":\"https:\/\/kunmedierne.dk\/mors\/#organization\"},\"potentialAction\":[{\"@type\":\"SearchAction\",\"target\":{\"@type\":\"EntryPoint\",\"urlTemplate\":\"https:\/\/kunmedierne.dk\/mors\/?s={search_term_string}\"},\"query-input\":{\"@type\":\"PropertyValueSpecification\",\"valueRequired\":true,\"valueName\":\"search_term_string\"}}],\"inLanguage\":\"da-DK\"},{\"@type\":\"Organization\",\"@id\":\"https:\/\/kunmedierne.dk\/mors\/#organization\",\"name\":\"Mors\",\"url\":\"https:\/\/kunmedierne.dk\/mors\/\",\"logo\":{\"@type\":\"ImageObject\",\"inLanguage\":\"da-DK\",\"@id\":\"https:\/\/kunmedierne.dk\/mors\/#\/schema\/logo\/image\/\",\"url\":\"https:\/\/kunmedierne.dk\/mors\/wp-content\/uploads\/2024\/08\/kunmors-logo.svg\",\"contentUrl\":\"https:\/\/kunmedierne.dk\/mors\/wp-content\/uploads\/2024\/08\/kunmors-logo.svg\",\"caption\":\"Mors\"},\"image\":{\"@id\":\"https:\/\/kunmedierne.dk\/mors\/#\/schema\/logo\/image\/\"}},{\"@type\":\"Person\",\"@id\":\"https:\/\/kunmedierne.dk\/mors\/#\/schema\/person\/5fe23251bf1d0abbcdc6f7896579d548\",\"name\":\"David H\u00f8jmark\",\"image\":{\"@type\":\"ImageObject\",\"inLanguage\":\"da-DK\",\"@id\":\"https:\/\/kunmedierne.dk\/mors\/#\/schema\/person\/image\/\",\"url\":\"https:\/\/secure.gravatar.com\/avatar\/4315d6fb9ef244d729989f5f90268eb08d5bf8a3d84402f595fa194bb35784fd?s=96&d=mm&r=g\",\"contentUrl\":\"https:\/\/secure.gravatar.com\/avatar\/4315d6fb9ef244d729989f5f90268eb08d5bf8a3d84402f595fa194bb35784fd?s=96&d=mm&r=g\",\"caption\":\"David H\u00f8jmark\"},\"sameAs\":[\"https:\/\/www.kunmedierne.dk\"],\"url\":\"https:\/\/kunmedierne.dk\/mors\/author\/david\/\"}]}<\/script>\n<!-- \/ Yoast SEO plugin. -->","yoast_head_json":{"title":"Galtrup Efterskole bliver opsamlingsskole for gr\u00f8nlandske elever - Mors","robots":{"index":"index","follow":"follow","max-snippet":"max-snippet:-1","max-image-preview":"max-image-preview:large","max-video-preview":"max-video-preview:-1"},"canonical":"https:\/\/kunmedierne.dk\/mors\/galtrup-efterskole-bliver-opsamlingsskole-for-groenlandske-elever\/","og_locale":"da_DK","og_type":"article","og_title":"Galtrup Efterskole bliver opsamlingsskole for gr\u00f8nlandske elever - Mors","og_description":"MORS: De danske efterskoler er ramt af den aktuelle nedlukning &#8211; og is\u00e6r \u00e9n gruppe elever er kommet i en speciel situation. Det er de mange gr\u00f8nl\u00e6ndere, der g\u00e5r p\u00e5 en danske efterskole &#8211; som for eksempel Galtrup Efterskole. Her har man lige m\u00e5ttet konstatere, at seks af gr\u00f8nl\u00e6nderne, der har v\u00e6ret hjemme p\u00e5 juleferie, [&hellip;]","og_url":"https:\/\/kunmedierne.dk\/mors\/galtrup-efterskole-bliver-opsamlingsskole-for-groenlandske-elever\/","og_site_name":"Mors","article_published_time":"2021-01-16T15:22:45+00:00","article_modified_time":"2024-08-12T11:37:58+00:00","og_image":[{"width":770,"height":513,"url":"https:\/\/kunmedierne.dk\/mors\/wp-content\/uploads\/2021\/01\/210115-galtrup-efterskole2.jpg","type":"image\/jpeg"}],"author":"David H\u00f8jmark","twitter_card":"summary_large_image","twitter_misc":{"Skrevet af":"David H\u00f8jmark","Estimeret l\u00e6setid":"2 minutter"},"schema":{"@context":"https:\/\/schema.org","@graph":[{"@type":"Article","@id":"https:\/\/kunmedierne.dk\/mors\/galtrup-efterskole-bliver-opsamlingsskole-for-groenlandske-elever\/#article","isPartOf":{"@id":"https:\/\/kunmedierne.dk\/mors\/galtrup-efterskole-bliver-opsamlingsskole-for-groenlandske-elever\/"},"author":{"name":"David H\u00f8jmark","@id":"https:\/\/kunmedierne.dk\/mors\/#\/schema\/person\/5fe23251bf1d0abbcdc6f7896579d548"},"headline":"Galtrup Efterskole bliver opsamlingsskole for gr\u00f8nlandske elever","datePublished":"2021-01-16T15:22:45+00:00","dateModified":"2024-08-12T11:37:58+00:00","mainEntityOfPage":{"@id":"https:\/\/kunmedierne.dk\/mors\/galtrup-efterskole-bliver-opsamlingsskole-for-groenlandske-elever\/"},"wordCount":408,"commentCount":0,"publisher":{"@id":"https:\/\/kunmedierne.dk\/mors\/#organization"},"image":{"@id":"https:\/\/kunmedierne.dk\/mors\/galtrup-efterskole-bliver-opsamlingsskole-for-groenlandske-elever\/#primaryimage"},"thumbnailUrl":"https:\/\/kunmedierne.dk\/mors\/wp-content\/uploads\/2021\/01\/210115-galtrup-efterskole2.jpg","keywords":["Skoler og uddannelse"],"articleSection":["Lokalt"],"inLanguage":"da-DK","potentialAction":[{"@type":"CommentAction","name":"Comment","target":["https:\/\/kunmedierne.dk\/mors\/galtrup-efterskole-bliver-opsamlingsskole-for-groenlandske-elever\/#respond"]}]},{"@type":"WebPage","@id":"https:\/\/kunmedierne.dk\/mors\/galtrup-efterskole-bliver-opsamlingsskole-for-groenlandske-elever\/","url":"https:\/\/kunmedierne.dk\/mors\/galtrup-efterskole-bliver-opsamlingsskole-for-groenlandske-elever\/","name":"Galtrup Efterskole bliver opsamlingsskole for gr\u00f8nlandske elever - Mors","isPartOf":{"@id":"https:\/\/kunmedierne.dk\/mors\/#website"},"primaryImageOfPage":{"@id":"https:\/\/kunmedierne.dk\/mors\/galtrup-efterskole-bliver-opsamlingsskole-for-groenlandske-elever\/#primaryimage"},"image":{"@id":"https:\/\/kunmedierne.dk\/mors\/galtrup-efterskole-bliver-opsamlingsskole-for-groenlandske-elever\/#primaryimage"},"thumbnailUrl":"https:\/\/kunmedierne.dk\/mors\/wp-content\/uploads\/2021\/01\/210115-galtrup-efterskole2.jpg","datePublished":"2021-01-16T15:22:45+00:00","dateModified":"2024-08-12T11:37:58+00:00","breadcrumb":{"@id":"https:\/\/kunmedierne.dk\/mors\/galtrup-efterskole-bliver-opsamlingsskole-for-groenlandske-elever\/#breadcrumb"},"inLanguage":"da-DK","potentialAction":[{"@type":"ReadAction","target":["https:\/\/kunmedierne.dk\/mors\/galtrup-efterskole-bliver-opsamlingsskole-for-groenlandske-elever\/"]}]},{"@type":"ImageObject","inLanguage":"da-DK","@id":"https:\/\/kunmedierne.dk\/mors\/galtrup-efterskole-bliver-opsamlingsskole-for-groenlandske-elever\/#primaryimage","url":"https:\/\/kunmedierne.dk\/mors\/wp-content\/uploads\/2021\/01\/210115-galtrup-efterskole2.jpg","contentUrl":"https:\/\/kunmedierne.dk\/mors\/wp-content\/uploads\/2021\/01\/210115-galtrup-efterskole2.jpg","width":770,"height":513,"caption":"Galtrup Efterskole. Foto: David H\u00f8jmark"},{"@type":"BreadcrumbList","@id":"https:\/\/kunmedierne.dk\/mors\/galtrup-efterskole-bliver-opsamlingsskole-for-groenlandske-elever\/#breadcrumb","itemListElement":[{"@type":"ListItem","position":1,"name":"Hjem","item":"https:\/\/kunmedierne.dk\/mors\/"},{"@type":"ListItem","position":2,"name":"Galtrup Efterskole bliver opsamlingsskole for gr\u00f8nlandske elever"}]},{"@type":"WebSite","@id":"https:\/\/kunmedierne.dk\/mors\/#website","url":"https:\/\/kunmedierne.dk\/mors\/","name":"Mors","description":"et netmedie med journalistik om livet p\u00e5 Mors","publisher":{"@id":"https:\/\/kunmedierne.dk\/mors\/#organization"},"potentialAction":[{"@type":"SearchAction","target":{"@type":"EntryPoint","urlTemplate":"https:\/\/kunmedierne.dk\/mors\/?s={search_term_string}"},"query-input":{"@type":"PropertyValueSpecification","valueRequired":true,"valueName":"search_term_string"}}],"inLanguage":"da-DK"},{"@type":"Organization","@id":"https:\/\/kunmedierne.dk\/mors\/#organization","name":"Mors","url":"https:\/\/kunmedierne.dk\/mors\/","logo":{"@type":"ImageObject","inLanguage":"da-DK","@id":"https:\/\/kunmedierne.dk\/mors\/#\/schema\/logo\/image\/","url":"https:\/\/kunmedierne.dk\/mors\/wp-content\/uploads\/2024\/08\/kunmors-logo.svg","contentUrl":"https:\/\/kunmedierne.dk\/mors\/wp-content\/uploads\/2024\/08\/kunmors-logo.svg","caption":"Mors"},"image":{"@id":"https:\/\/kunmedierne.dk\/mors\/#\/schema\/logo\/image\/"}},{"@type":"Person","@id":"https:\/\/kunmedierne.dk\/mors\/#\/schema\/person\/5fe23251bf1d0abbcdc6f7896579d548","name":"David H\u00f8jmark","image":{"@type":"ImageObject","inLanguage":"da-DK","@id":"https:\/\/kunmedierne.dk\/mors\/#\/schema\/person\/image\/","url":"https:\/\/secure.gravatar.com\/avatar\/4315d6fb9ef244d729989f5f90268eb08d5bf8a3d84402f595fa194bb35784fd?s=96&d=mm&r=g","contentUrl":"https:\/\/secure.gravatar.com\/avatar\/4315d6fb9ef244d729989f5f90268eb08d5bf8a3d84402f595fa194bb35784fd?s=96&d=mm&r=g","caption":"David H\u00f8jmark"},"sameAs":["https:\/\/www.kunmedierne.dk"],"url":"https:\/\/kunmedierne.dk\/mors\/author\/david\/"}]}},"_links":{"self":[{"href":"https:\/\/kunmedierne.dk\/mors\/wp-json\/wp\/v2\/posts\/38278","targetHints":{"allow":["GET"]}}],"collection":[{"href":"https:\/\/kunmedierne.dk\/mors\/wp-json\/wp\/v2\/posts"}],"about":[{"href":"https:\/\/kunmedierne.dk\/mors\/wp-json\/wp\/v2\/types\/post"}],"author":[{"embeddable":true,"href":"https:\/\/kunmedierne.dk\/mors\/wp-json\/wp\/v2\/users\/8"}],"replies":[{"embeddable":true,"href":"https:\/\/kunmedierne.dk\/mors\/wp-json\/wp\/v2\/comments?post=38278"}],"version-history":[{"count":3,"href":"https:\/\/kunmedierne.dk\/mors\/wp-json\/wp\/v2\/posts\/38278\/revisions"}],"predecessor-version":[{"id":38282,"href":"https:\/\/kunmedierne.dk\/mors\/wp-json\/wp\/v2\/posts\/38278\/revisions\/38282"}],"wp:featuredmedia":[{"embeddable":true,"href":"https:\/\/kunmedierne.dk\/mors\/wp-json\/wp\/v2\/media\/38280"}],"wp:attachment":[{"href":"https:\/\/kunmedierne.dk\/mors\/wp-json\/wp\/v2\/media?parent=38278"}],"wp:term":[{"taxonomy":"category","embeddable":true,"href":"https:\/\/kunmedierne.dk\/mors\/wp-json\/wp\/v2\/categories?post=38278"},{"taxonomy":"post_tag","embeddable":true,"href":"https:\/\/kunmedierne.dk\/mors\/wp-json\/wp\/v2\/tags?post=38278"}],"curies":[{"name":"wp","href":"https:\/\/api.w.org\/{rel}","templated":true}]}}