{"id":38235,"date":"2021-01-15T14:13:25","date_gmt":"2021-01-15T13:13:25","guid":{"rendered":"https:\/\/kunmedierne.dk\/mors\/?p=38235"},"modified":"2024-08-12T13:37:59","modified_gmt":"2024-08-12T11:37:59","slug":"pia-thorsen-bliver-spidskandidat-for-enhedslisten","status":"publish","type":"post","link":"https:\/\/kunmedierne.dk\/mors\/pia-thorsen-bliver-spidskandidat-for-enhedslisten\/","title":{"rendered":"Pia Thorsen bliver spidskandidat for Enhedslisten"},"content":{"rendered":"<p><strong>MORS<\/strong>: Enhedlisten er klar til kommunalvalget 2021 &#8211; ogs\u00e5 p\u00e5 Mors.<\/p>\n<p>P\u00e5 partiets medlemsm\u00f8de blev Pia Thorsen valgt som partiets spidskandidater, og flere meldes p\u00e5 vej.<\/p>\n<p>&#8220;Valggrundlaget er selvf\u00f8lgelig en r\u00f8d-gr\u00f8n lokal politik med s\u00e6rligt fokus p\u00e5 det sociale omr\u00e5de samt klima og milj\u00f8. Det endelige valgprogram arbejder vi l\u00f8bende p\u00e5. For os er det vigtigt, at vores medlemmer bliver inddraget, og at vores kommende kandidater til valget f\u00e5r mulighed for at komme med deres tanker til partiets vision \u2013 det grundlag, vi g\u00e5r til valg p\u00e5,&#8221; fort\u00e6ller den lokale partiforening i en pressemeddelelse. <a href=\"http:\/\/www.limfjordsteatret.dk\/#front\"><img loading=\"lazy\" decoding=\"async\" class=\"alignright size-full wp-image-35527\" src=\"https:\/\/kunmedierne.dk\/mors\/wp-content\/uploads\/2020\/11\/ho3.jpg\" alt=\"\" width=\"1400\" height=\"125\" srcset=\"https:\/\/kunmedierne.dk\/mors\/wp-content\/uploads\/2020\/11\/ho3.jpg 1400w, https:\/\/kunmedierne.dk\/mors\/wp-content\/uploads\/2020\/11\/ho3-300x27.jpg 300w, https:\/\/kunmedierne.dk\/mors\/wp-content\/uploads\/2020\/11\/ho3-1024x91.jpg 1024w, https:\/\/kunmedierne.dk\/mors\/wp-content\/uploads\/2020\/11\/ho3-768x69.jpg 768w, https:\/\/kunmedierne.dk\/mors\/wp-content\/uploads\/2020\/11\/ho3-600x54.jpg 600w\" sizes=\"auto, (max-width: 1400px) 100vw, 1400px\" \/><\/a><\/p>\n<p>&#8220;Enhedslisten Mors\u00f8 har et stort \u00f8nske om at bryde Venstres absolutte flertal i kommunalbestyrelsen, s\u00e5 den politiske debat styrkes i kommunen.\u00a0Den personlige motivation for at stille op til kommunalvalget er for Pia et \u00f8nske om at g\u00f8re noget godt \u2013 at g\u00f8re ting bedre s\u00e6rligt for de svage grupper og de unge,&#8221; lyder det.<\/p>\n<p>Pia Thorsen er leder af Cirkus Liberty og har ogs\u00e5 tidligere flirtet med tanken om at stille op i et kommunalvalg.<\/p>\n<p>&#8220;Interessen blev vakt tilbage i 2005, hvor Pia meddelte sine dav\u00e6rende kolleger, at hvis formanden for skole- og kulturudvalget blev genvalgt, kunne de stemme p\u00e5 hende n\u00e6ste gang.\u00a0 Han blev genvalgt i 2009, men der skulle s\u00e5 g\u00e5 12 \u00e5r, f\u00f8r Pia fik modet og kr\u00e6fterne til at stille op,&#8221; lyder det i pressemeddelelsen, der slutter:<\/p>\n<p>&#8220;Nu er hun klar!&#8221;<\/p>\n","protected":false},"excerpt":{"rendered":"<p>MORS: Enhedlisten er klar til kommunalvalget 2021 &#8211; ogs\u00e5 p\u00e5 Mors. P\u00e5 partiets medlemsm\u00f8de blev Pia Thorsen valgt som partiets spidskandidater, og flere meldes p\u00e5 vej. &#8220;Valggrundlaget er selvf\u00f8lgelig en r\u00f8d-gr\u00f8n lokal politik med s\u00e6rligt fokus p\u00e5 det sociale omr\u00e5de samt klima og milj\u00f8. Det endelige valgprogram arbejder vi l\u00f8bende p\u00e5. For os er det [&hellip;]<\/p>\n","protected":false},"author":8,"featured_media":38239,"comment_status":"open","ping_status":"open","sticky":false,"template":"","format":"standard","meta":{"_acf_changed":false,"footnotes":""},"categories":[51],"tags":[167],"class_list":["post-38235","post","type-post","status-publish","format-standard","has-post-thumbnail","hentry","category-lokalt","tag-politik"],"acf":[],"yoast_head":"<!-- This site is optimized with the Yoast SEO plugin v26.8 - https:\/\/yoast.com\/product\/yoast-seo-wordpress\/ -->\n<title>Pia Thorsen bliver spidskandidat for Enhedslisten - Mors<\/title>\n<meta name=\"robots\" content=\"index, follow, max-snippet:-1, max-image-preview:large, max-video-preview:-1\" \/>\n<link rel=\"canonical\" href=\"https:\/\/kunmedierne.dk\/mors\/pia-thorsen-bliver-spidskandidat-for-enhedslisten\/\" \/>\n<meta property=\"og:locale\" content=\"da_DK\" \/>\n<meta property=\"og:type\" content=\"article\" \/>\n<meta property=\"og:title\" content=\"Pia Thorsen bliver spidskandidat for Enhedslisten - Mors\" \/>\n<meta property=\"og:description\" content=\"MORS: Enhedlisten er klar til kommunalvalget 2021 &#8211; ogs\u00e5 p\u00e5 Mors. P\u00e5 partiets medlemsm\u00f8de blev Pia Thorsen valgt som partiets spidskandidater, og flere meldes p\u00e5 vej. &#8220;Valggrundlaget er selvf\u00f8lgelig en r\u00f8d-gr\u00f8n lokal politik med s\u00e6rligt fokus p\u00e5 det sociale omr\u00e5de samt klima og milj\u00f8. Det endelige valgprogram arbejder vi l\u00f8bende p\u00e5. For os er det [&hellip;]\" \/>\n<meta property=\"og:url\" content=\"https:\/\/kunmedierne.dk\/mors\/pia-thorsen-bliver-spidskandidat-for-enhedslisten\/\" \/>\n<meta property=\"og:site_name\" content=\"Mors\" \/>\n<meta property=\"article:published_time\" content=\"2021-01-15T13:13:25+00:00\" \/>\n<meta property=\"article:modified_time\" content=\"2024-08-12T11:37:59+00:00\" \/>\n<meta property=\"og:image\" content=\"https:\/\/kunmedierne.dk\/mors\/wp-content\/uploads\/2021\/01\/piathorsen.jpg\" \/>\n\t<meta property=\"og:image:width\" content=\"770\" \/>\n\t<meta property=\"og:image:height\" content=\"513\" \/>\n\t<meta property=\"og:image:type\" content=\"image\/jpeg\" \/>\n<meta name=\"author\" content=\"David H\u00f8jmark\" \/>\n<meta name=\"twitter:card\" content=\"summary_large_image\" \/>\n<meta name=\"twitter:label1\" content=\"Skrevet af\" \/>\n\t<meta name=\"twitter:data1\" content=\"David H\u00f8jmark\" \/>\n\t<meta name=\"twitter:label2\" content=\"Estimeret l\u00e6setid\" \/>\n\t<meta name=\"twitter:data2\" content=\"1 minut\" \/>\n<script type=\"application\/ld+json\" class=\"yoast-schema-graph\">{\"@context\":\"https:\/\/schema.org\",\"@graph\":[{\"@type\":\"Article\",\"@id\":\"https:\/\/kunmedierne.dk\/mors\/pia-thorsen-bliver-spidskandidat-for-enhedslisten\/#article\",\"isPartOf\":{\"@id\":\"https:\/\/kunmedierne.dk\/mors\/pia-thorsen-bliver-spidskandidat-for-enhedslisten\/\"},\"author\":{\"name\":\"David H\u00f8jmark\",\"@id\":\"https:\/\/kunmedierne.dk\/mors\/#\/schema\/person\/5fe23251bf1d0abbcdc6f7896579d548\"},\"headline\":\"Pia Thorsen bliver spidskandidat for Enhedslisten\",\"datePublished\":\"2021-01-15T13:13:25+00:00\",\"dateModified\":\"2024-08-12T11:37:59+00:00\",\"mainEntityOfPage\":{\"@id\":\"https:\/\/kunmedierne.dk\/mors\/pia-thorsen-bliver-spidskandidat-for-enhedslisten\/\"},\"wordCount\":247,\"commentCount\":0,\"publisher\":{\"@id\":\"https:\/\/kunmedierne.dk\/mors\/#organization\"},\"image\":{\"@id\":\"https:\/\/kunmedierne.dk\/mors\/pia-thorsen-bliver-spidskandidat-for-enhedslisten\/#primaryimage\"},\"thumbnailUrl\":\"https:\/\/kunmedierne.dk\/mors\/wp-content\/uploads\/2021\/01\/piathorsen.jpg\",\"keywords\":[\"Politik\"],\"articleSection\":[\"Lokalt\"],\"inLanguage\":\"da-DK\",\"potentialAction\":[{\"@type\":\"CommentAction\",\"name\":\"Comment\",\"target\":[\"https:\/\/kunmedierne.dk\/mors\/pia-thorsen-bliver-spidskandidat-for-enhedslisten\/#respond\"]}]},{\"@type\":\"WebPage\",\"@id\":\"https:\/\/kunmedierne.dk\/mors\/pia-thorsen-bliver-spidskandidat-for-enhedslisten\/\",\"url\":\"https:\/\/kunmedierne.dk\/mors\/pia-thorsen-bliver-spidskandidat-for-enhedslisten\/\",\"name\":\"Pia Thorsen bliver spidskandidat for Enhedslisten - Mors\",\"isPartOf\":{\"@id\":\"https:\/\/kunmedierne.dk\/mors\/#website\"},\"primaryImageOfPage\":{\"@id\":\"https:\/\/kunmedierne.dk\/mors\/pia-thorsen-bliver-spidskandidat-for-enhedslisten\/#primaryimage\"},\"image\":{\"@id\":\"https:\/\/kunmedierne.dk\/mors\/pia-thorsen-bliver-spidskandidat-for-enhedslisten\/#primaryimage\"},\"thumbnailUrl\":\"https:\/\/kunmedierne.dk\/mors\/wp-content\/uploads\/2021\/01\/piathorsen.jpg\",\"datePublished\":\"2021-01-15T13:13:25+00:00\",\"dateModified\":\"2024-08-12T11:37:59+00:00\",\"breadcrumb\":{\"@id\":\"https:\/\/kunmedierne.dk\/mors\/pia-thorsen-bliver-spidskandidat-for-enhedslisten\/#breadcrumb\"},\"inLanguage\":\"da-DK\",\"potentialAction\":[{\"@type\":\"ReadAction\",\"target\":[\"https:\/\/kunmedierne.dk\/mors\/pia-thorsen-bliver-spidskandidat-for-enhedslisten\/\"]}]},{\"@type\":\"ImageObject\",\"inLanguage\":\"da-DK\",\"@id\":\"https:\/\/kunmedierne.dk\/mors\/pia-thorsen-bliver-spidskandidat-for-enhedslisten\/#primaryimage\",\"url\":\"https:\/\/kunmedierne.dk\/mors\/wp-content\/uploads\/2021\/01\/piathorsen.jpg\",\"contentUrl\":\"https:\/\/kunmedierne.dk\/mors\/wp-content\/uploads\/2021\/01\/piathorsen.jpg\",\"width\":770,\"height\":513,\"caption\":\"Pia Thorsen, kandidat for Enhedslisten ved kommunal- og regionsr\u00e5dsvalget 2021. Privatfoto\"},{\"@type\":\"BreadcrumbList\",\"@id\":\"https:\/\/kunmedierne.dk\/mors\/pia-thorsen-bliver-spidskandidat-for-enhedslisten\/#breadcrumb\",\"itemListElement\":[{\"@type\":\"ListItem\",\"position\":1,\"name\":\"Hjem\",\"item\":\"https:\/\/kunmedierne.dk\/mors\/\"},{\"@type\":\"ListItem\",\"position\":2,\"name\":\"Pia Thorsen bliver spidskandidat for Enhedslisten\"}]},{\"@type\":\"WebSite\",\"@id\":\"https:\/\/kunmedierne.dk\/mors\/#website\",\"url\":\"https:\/\/kunmedierne.dk\/mors\/\",\"name\":\"Mors\",\"description\":\"et netmedie med journalistik om livet p\u00e5 Mors\",\"publisher\":{\"@id\":\"https:\/\/kunmedierne.dk\/mors\/#organization\"},\"potentialAction\":[{\"@type\":\"SearchAction\",\"target\":{\"@type\":\"EntryPoint\",\"urlTemplate\":\"https:\/\/kunmedierne.dk\/mors\/?s={search_term_string}\"},\"query-input\":{\"@type\":\"PropertyValueSpecification\",\"valueRequired\":true,\"valueName\":\"search_term_string\"}}],\"inLanguage\":\"da-DK\"},{\"@type\":\"Organization\",\"@id\":\"https:\/\/kunmedierne.dk\/mors\/#organization\",\"name\":\"Mors\",\"url\":\"https:\/\/kunmedierne.dk\/mors\/\",\"logo\":{\"@type\":\"ImageObject\",\"inLanguage\":\"da-DK\",\"@id\":\"https:\/\/kunmedierne.dk\/mors\/#\/schema\/logo\/image\/\",\"url\":\"https:\/\/kunmedierne.dk\/mors\/wp-content\/uploads\/2024\/08\/kunmors-logo.svg\",\"contentUrl\":\"https:\/\/kunmedierne.dk\/mors\/wp-content\/uploads\/2024\/08\/kunmors-logo.svg\",\"caption\":\"Mors\"},\"image\":{\"@id\":\"https:\/\/kunmedierne.dk\/mors\/#\/schema\/logo\/image\/\"}},{\"@type\":\"Person\",\"@id\":\"https:\/\/kunmedierne.dk\/mors\/#\/schema\/person\/5fe23251bf1d0abbcdc6f7896579d548\",\"name\":\"David H\u00f8jmark\",\"image\":{\"@type\":\"ImageObject\",\"inLanguage\":\"da-DK\",\"@id\":\"https:\/\/kunmedierne.dk\/mors\/#\/schema\/person\/image\/\",\"url\":\"https:\/\/secure.gravatar.com\/avatar\/4315d6fb9ef244d729989f5f90268eb08d5bf8a3d84402f595fa194bb35784fd?s=96&d=mm&r=g\",\"contentUrl\":\"https:\/\/secure.gravatar.com\/avatar\/4315d6fb9ef244d729989f5f90268eb08d5bf8a3d84402f595fa194bb35784fd?s=96&d=mm&r=g\",\"caption\":\"David H\u00f8jmark\"},\"sameAs\":[\"https:\/\/www.kunmedierne.dk\"],\"url\":\"https:\/\/kunmedierne.dk\/mors\/author\/david\/\"}]}<\/script>\n<!-- \/ Yoast SEO plugin. -->","yoast_head_json":{"title":"Pia Thorsen bliver spidskandidat for Enhedslisten - Mors","robots":{"index":"index","follow":"follow","max-snippet":"max-snippet:-1","max-image-preview":"max-image-preview:large","max-video-preview":"max-video-preview:-1"},"canonical":"https:\/\/kunmedierne.dk\/mors\/pia-thorsen-bliver-spidskandidat-for-enhedslisten\/","og_locale":"da_DK","og_type":"article","og_title":"Pia Thorsen bliver spidskandidat for Enhedslisten - Mors","og_description":"MORS: Enhedlisten er klar til kommunalvalget 2021 &#8211; ogs\u00e5 p\u00e5 Mors. P\u00e5 partiets medlemsm\u00f8de blev Pia Thorsen valgt som partiets spidskandidater, og flere meldes p\u00e5 vej. &#8220;Valggrundlaget er selvf\u00f8lgelig en r\u00f8d-gr\u00f8n lokal politik med s\u00e6rligt fokus p\u00e5 det sociale omr\u00e5de samt klima og milj\u00f8. Det endelige valgprogram arbejder vi l\u00f8bende p\u00e5. For os er det [&hellip;]","og_url":"https:\/\/kunmedierne.dk\/mors\/pia-thorsen-bliver-spidskandidat-for-enhedslisten\/","og_site_name":"Mors","article_published_time":"2021-01-15T13:13:25+00:00","article_modified_time":"2024-08-12T11:37:59+00:00","og_image":[{"width":770,"height":513,"url":"https:\/\/kunmedierne.dk\/mors\/wp-content\/uploads\/2021\/01\/piathorsen.jpg","type":"image\/jpeg"}],"author":"David H\u00f8jmark","twitter_card":"summary_large_image","twitter_misc":{"Skrevet af":"David H\u00f8jmark","Estimeret l\u00e6setid":"1 minut"},"schema":{"@context":"https:\/\/schema.org","@graph":[{"@type":"Article","@id":"https:\/\/kunmedierne.dk\/mors\/pia-thorsen-bliver-spidskandidat-for-enhedslisten\/#article","isPartOf":{"@id":"https:\/\/kunmedierne.dk\/mors\/pia-thorsen-bliver-spidskandidat-for-enhedslisten\/"},"author":{"name":"David H\u00f8jmark","@id":"https:\/\/kunmedierne.dk\/mors\/#\/schema\/person\/5fe23251bf1d0abbcdc6f7896579d548"},"headline":"Pia Thorsen bliver spidskandidat for Enhedslisten","datePublished":"2021-01-15T13:13:25+00:00","dateModified":"2024-08-12T11:37:59+00:00","mainEntityOfPage":{"@id":"https:\/\/kunmedierne.dk\/mors\/pia-thorsen-bliver-spidskandidat-for-enhedslisten\/"},"wordCount":247,"commentCount":0,"publisher":{"@id":"https:\/\/kunmedierne.dk\/mors\/#organization"},"image":{"@id":"https:\/\/kunmedierne.dk\/mors\/pia-thorsen-bliver-spidskandidat-for-enhedslisten\/#primaryimage"},"thumbnailUrl":"https:\/\/kunmedierne.dk\/mors\/wp-content\/uploads\/2021\/01\/piathorsen.jpg","keywords":["Politik"],"articleSection":["Lokalt"],"inLanguage":"da-DK","potentialAction":[{"@type":"CommentAction","name":"Comment","target":["https:\/\/kunmedierne.dk\/mors\/pia-thorsen-bliver-spidskandidat-for-enhedslisten\/#respond"]}]},{"@type":"WebPage","@id":"https:\/\/kunmedierne.dk\/mors\/pia-thorsen-bliver-spidskandidat-for-enhedslisten\/","url":"https:\/\/kunmedierne.dk\/mors\/pia-thorsen-bliver-spidskandidat-for-enhedslisten\/","name":"Pia Thorsen bliver spidskandidat for Enhedslisten - Mors","isPartOf":{"@id":"https:\/\/kunmedierne.dk\/mors\/#website"},"primaryImageOfPage":{"@id":"https:\/\/kunmedierne.dk\/mors\/pia-thorsen-bliver-spidskandidat-for-enhedslisten\/#primaryimage"},"image":{"@id":"https:\/\/kunmedierne.dk\/mors\/pia-thorsen-bliver-spidskandidat-for-enhedslisten\/#primaryimage"},"thumbnailUrl":"https:\/\/kunmedierne.dk\/mors\/wp-content\/uploads\/2021\/01\/piathorsen.jpg","datePublished":"2021-01-15T13:13:25+00:00","dateModified":"2024-08-12T11:37:59+00:00","breadcrumb":{"@id":"https:\/\/kunmedierne.dk\/mors\/pia-thorsen-bliver-spidskandidat-for-enhedslisten\/#breadcrumb"},"inLanguage":"da-DK","potentialAction":[{"@type":"ReadAction","target":["https:\/\/kunmedierne.dk\/mors\/pia-thorsen-bliver-spidskandidat-for-enhedslisten\/"]}]},{"@type":"ImageObject","inLanguage":"da-DK","@id":"https:\/\/kunmedierne.dk\/mors\/pia-thorsen-bliver-spidskandidat-for-enhedslisten\/#primaryimage","url":"https:\/\/kunmedierne.dk\/mors\/wp-content\/uploads\/2021\/01\/piathorsen.jpg","contentUrl":"https:\/\/kunmedierne.dk\/mors\/wp-content\/uploads\/2021\/01\/piathorsen.jpg","width":770,"height":513,"caption":"Pia Thorsen, kandidat for Enhedslisten ved kommunal- og regionsr\u00e5dsvalget 2021. Privatfoto"},{"@type":"BreadcrumbList","@id":"https:\/\/kunmedierne.dk\/mors\/pia-thorsen-bliver-spidskandidat-for-enhedslisten\/#breadcrumb","itemListElement":[{"@type":"ListItem","position":1,"name":"Hjem","item":"https:\/\/kunmedierne.dk\/mors\/"},{"@type":"ListItem","position":2,"name":"Pia Thorsen bliver spidskandidat for Enhedslisten"}]},{"@type":"WebSite","@id":"https:\/\/kunmedierne.dk\/mors\/#website","url":"https:\/\/kunmedierne.dk\/mors\/","name":"Mors","description":"et netmedie med journalistik om livet p\u00e5 Mors","publisher":{"@id":"https:\/\/kunmedierne.dk\/mors\/#organization"},"potentialAction":[{"@type":"SearchAction","target":{"@type":"EntryPoint","urlTemplate":"https:\/\/kunmedierne.dk\/mors\/?s={search_term_string}"},"query-input":{"@type":"PropertyValueSpecification","valueRequired":true,"valueName":"search_term_string"}}],"inLanguage":"da-DK"},{"@type":"Organization","@id":"https:\/\/kunmedierne.dk\/mors\/#organization","name":"Mors","url":"https:\/\/kunmedierne.dk\/mors\/","logo":{"@type":"ImageObject","inLanguage":"da-DK","@id":"https:\/\/kunmedierne.dk\/mors\/#\/schema\/logo\/image\/","url":"https:\/\/kunmedierne.dk\/mors\/wp-content\/uploads\/2024\/08\/kunmors-logo.svg","contentUrl":"https:\/\/kunmedierne.dk\/mors\/wp-content\/uploads\/2024\/08\/kunmors-logo.svg","caption":"Mors"},"image":{"@id":"https:\/\/kunmedierne.dk\/mors\/#\/schema\/logo\/image\/"}},{"@type":"Person","@id":"https:\/\/kunmedierne.dk\/mors\/#\/schema\/person\/5fe23251bf1d0abbcdc6f7896579d548","name":"David H\u00f8jmark","image":{"@type":"ImageObject","inLanguage":"da-DK","@id":"https:\/\/kunmedierne.dk\/mors\/#\/schema\/person\/image\/","url":"https:\/\/secure.gravatar.com\/avatar\/4315d6fb9ef244d729989f5f90268eb08d5bf8a3d84402f595fa194bb35784fd?s=96&d=mm&r=g","contentUrl":"https:\/\/secure.gravatar.com\/avatar\/4315d6fb9ef244d729989f5f90268eb08d5bf8a3d84402f595fa194bb35784fd?s=96&d=mm&r=g","caption":"David H\u00f8jmark"},"sameAs":["https:\/\/www.kunmedierne.dk"],"url":"https:\/\/kunmedierne.dk\/mors\/author\/david\/"}]}},"_links":{"self":[{"href":"https:\/\/kunmedierne.dk\/mors\/wp-json\/wp\/v2\/posts\/38235","targetHints":{"allow":["GET"]}}],"collection":[{"href":"https:\/\/kunmedierne.dk\/mors\/wp-json\/wp\/v2\/posts"}],"about":[{"href":"https:\/\/kunmedierne.dk\/mors\/wp-json\/wp\/v2\/types\/post"}],"author":[{"embeddable":true,"href":"https:\/\/kunmedierne.dk\/mors\/wp-json\/wp\/v2\/users\/8"}],"replies":[{"embeddable":true,"href":"https:\/\/kunmedierne.dk\/mors\/wp-json\/wp\/v2\/comments?post=38235"}],"version-history":[{"count":2,"href":"https:\/\/kunmedierne.dk\/mors\/wp-json\/wp\/v2\/posts\/38235\/revisions"}],"predecessor-version":[{"id":38240,"href":"https:\/\/kunmedierne.dk\/mors\/wp-json\/wp\/v2\/posts\/38235\/revisions\/38240"}],"wp:featuredmedia":[{"embeddable":true,"href":"https:\/\/kunmedierne.dk\/mors\/wp-json\/wp\/v2\/media\/38239"}],"wp:attachment":[{"href":"https:\/\/kunmedierne.dk\/mors\/wp-json\/wp\/v2\/media?parent=38235"}],"wp:term":[{"taxonomy":"category","embeddable":true,"href":"https:\/\/kunmedierne.dk\/mors\/wp-json\/wp\/v2\/categories?post=38235"},{"taxonomy":"post_tag","embeddable":true,"href":"https:\/\/kunmedierne.dk\/mors\/wp-json\/wp\/v2\/tags?post=38235"}],"curies":[{"name":"wp","href":"https:\/\/api.w.org\/{rel}","templated":true}]}}