{"id":37870,"date":"2021-01-08T13:11:41","date_gmt":"2021-01-08T12:11:41","guid":{"rendered":"https:\/\/kunmedierne.dk\/mors\/?p=37870"},"modified":"2024-08-12T13:38:00","modified_gmt":"2024-08-12T11:38:00","slug":"simon-kollerup-paa-sygeorlov","status":"publish","type":"post","link":"https:\/\/kunmedierne.dk\/mors\/simon-kollerup-paa-sygeorlov\/","title":{"rendered":"Simon Kollerup p\u00e5 sygeorlov"},"content":{"rendered":"<p><strong>MORS<\/strong>: Erhvervsminister Simon Kollerup (S), der er opstillet i Thistedkredsen, g\u00e5r p\u00e5 sygeorlov.<\/p>\n<p>Det oplyser Statsministeriet en pressemeddelelse, der fort\u00e6ller:<\/p>\n<p>&#8220;Som f\u00f8lge af, at erhvervsminister Simon Kollerup p\u00e5 grund af sygdom midlertidigt er forhindret i at varetage ledelsen af Erhvervsministeriet, er ledelsen af de under erhvervsministeren h\u00f8rende opgaver ved kongelig resolution af dags dato overdraget til klima-, energi- og forsyningsminister Dan J\u00f8rgensen, s\u00e5ledes at klima-, energi- og forsyningsministeren fra dags dato og indtil videre tillige vil v\u00e6re fungerende erhvervsminister.&#8221; <a href=\"https:\/\/www.fmspks.dk\/\"><img loading=\"lazy\" decoding=\"async\" class=\"alignright size-full wp-image-35528\" src=\"https:\/\/kunmedierne.dk\/mors\/wp-content\/uploads\/2020\/11\/ho4.jpg\" alt=\"\" width=\"1400\" height=\"125\" srcset=\"https:\/\/kunmedierne.dk\/mors\/wp-content\/uploads\/2020\/11\/ho4.jpg 1400w, https:\/\/kunmedierne.dk\/mors\/wp-content\/uploads\/2020\/11\/ho4-300x27.jpg 300w, https:\/\/kunmedierne.dk\/mors\/wp-content\/uploads\/2020\/11\/ho4-1024x91.jpg 1024w, https:\/\/kunmedierne.dk\/mors\/wp-content\/uploads\/2020\/11\/ho4-768x69.jpg 768w, https:\/\/kunmedierne.dk\/mors\/wp-content\/uploads\/2020\/11\/ho4-600x54.jpg 600w\" sizes=\"auto, (max-width: 1400px) 100vw, 1400px\" \/><\/a><\/p>\n<p>Det lokale folketingsmedlem har siden december v\u00e6ret ramt af sygdom. P\u00e5 Erhvervsministeriets hjemmeside fort\u00e6ller han, at det har vist sig n\u00f8dvendigt\u00a0at tage orlov for at blive helt rask.<\/p>\n<p>\u201dJeg havde h\u00e5bet at tage en bl\u00f8d start og v\u00e6re tilbage p\u00e5 fuld kraft inden l\u00e6nge. Desv\u00e6rre har det vist sig ikke at v\u00e6re muligt. P\u00e5 l\u00e6gens r\u00e5d tr\u00e6kker jeg derfor nu stikket helt, s\u00e5 kroppen kan komme sig,\u201d siger Simon Kollerup.<\/p>\n<p>Erhvervsministeren har under coronakrisen haft en afg\u00f8rende rolle i forhandlinger om kompensation til erhvervslivet &#8211; herunder minkavlere. Disse omr\u00e5der er dog blevet overtaget af fungerende finansminister Morten B\u00f8dskov (S) og besk\u00e6ftigelsesminister Peter Hummelgaard (S).<\/p>\n","protected":false},"excerpt":{"rendered":"<p>MORS: Erhvervsminister Simon Kollerup (S), der er opstillet i Thistedkredsen, g\u00e5r p\u00e5 sygeorlov. Det oplyser Statsministeriet en pressemeddelelse, der fort\u00e6ller: &#8220;Som f\u00f8lge af, at erhvervsminister Simon Kollerup p\u00e5 grund af sygdom midlertidigt er forhindret i at varetage ledelsen af Erhvervsministeriet, er ledelsen af de under erhvervsministeren h\u00f8rende opgaver ved kongelig resolution af dags dato overdraget [&hellip;]<\/p>\n","protected":false},"author":8,"featured_media":28006,"comment_status":"open","ping_status":"open","sticky":false,"template":"","format":"standard","meta":{"_acf_changed":false,"footnotes":""},"categories":[51],"tags":[167],"class_list":["post-37870","post","type-post","status-publish","format-standard","has-post-thumbnail","hentry","category-lokalt","tag-politik"],"acf":[],"yoast_head":"<!-- This site is optimized with the Yoast SEO plugin v26.8 - https:\/\/yoast.com\/product\/yoast-seo-wordpress\/ -->\n<title>Simon Kollerup p\u00e5 sygeorlov - Mors<\/title>\n<meta name=\"robots\" content=\"index, follow, max-snippet:-1, max-image-preview:large, max-video-preview:-1\" \/>\n<link rel=\"canonical\" href=\"https:\/\/kunmedierne.dk\/mors\/simon-kollerup-paa-sygeorlov\/\" \/>\n<meta property=\"og:locale\" content=\"da_DK\" \/>\n<meta property=\"og:type\" content=\"article\" \/>\n<meta property=\"og:title\" content=\"Simon Kollerup p\u00e5 sygeorlov - Mors\" \/>\n<meta property=\"og:description\" content=\"MORS: Erhvervsminister Simon Kollerup (S), der er opstillet i Thistedkredsen, g\u00e5r p\u00e5 sygeorlov. Det oplyser Statsministeriet en pressemeddelelse, der fort\u00e6ller: &#8220;Som f\u00f8lge af, at erhvervsminister Simon Kollerup p\u00e5 grund af sygdom midlertidigt er forhindret i at varetage ledelsen af Erhvervsministeriet, er ledelsen af de under erhvervsministeren h\u00f8rende opgaver ved kongelig resolution af dags dato overdraget [&hellip;]\" \/>\n<meta property=\"og:url\" content=\"https:\/\/kunmedierne.dk\/mors\/simon-kollerup-paa-sygeorlov\/\" \/>\n<meta property=\"og:site_name\" content=\"Mors\" \/>\n<meta property=\"article:published_time\" content=\"2021-01-08T12:11:41+00:00\" \/>\n<meta property=\"article:modified_time\" content=\"2024-08-12T11:38:00+00:00\" \/>\n<meta property=\"og:image\" content=\"https:\/\/kunmedierne.dk\/mors\/wp-content\/uploads\/2020\/07\/simon-kollerup.jpg\" \/>\n\t<meta property=\"og:image:width\" content=\"770\" \/>\n\t<meta property=\"og:image:height\" content=\"513\" \/>\n\t<meta property=\"og:image:type\" content=\"image\/jpeg\" \/>\n<meta name=\"author\" content=\"David H\u00f8jmark\" \/>\n<meta name=\"twitter:card\" content=\"summary_large_image\" \/>\n<meta name=\"twitter:label1\" content=\"Skrevet af\" \/>\n\t<meta name=\"twitter:data1\" content=\"David H\u00f8jmark\" \/>\n\t<meta name=\"twitter:label2\" content=\"Estimeret l\u00e6setid\" \/>\n\t<meta name=\"twitter:data2\" content=\"1 minut\" \/>\n<script type=\"application\/ld+json\" class=\"yoast-schema-graph\">{\"@context\":\"https:\/\/schema.org\",\"@graph\":[{\"@type\":\"Article\",\"@id\":\"https:\/\/kunmedierne.dk\/mors\/simon-kollerup-paa-sygeorlov\/#article\",\"isPartOf\":{\"@id\":\"https:\/\/kunmedierne.dk\/mors\/simon-kollerup-paa-sygeorlov\/\"},\"author\":{\"name\":\"David H\u00f8jmark\",\"@id\":\"https:\/\/kunmedierne.dk\/mors\/#\/schema\/person\/5fe23251bf1d0abbcdc6f7896579d548\"},\"headline\":\"Simon Kollerup p\u00e5 sygeorlov\",\"datePublished\":\"2021-01-08T12:11:41+00:00\",\"dateModified\":\"2024-08-12T11:38:00+00:00\",\"mainEntityOfPage\":{\"@id\":\"https:\/\/kunmedierne.dk\/mors\/simon-kollerup-paa-sygeorlov\/\"},\"wordCount\":211,\"commentCount\":0,\"publisher\":{\"@id\":\"https:\/\/kunmedierne.dk\/mors\/#organization\"},\"image\":{\"@id\":\"https:\/\/kunmedierne.dk\/mors\/simon-kollerup-paa-sygeorlov\/#primaryimage\"},\"thumbnailUrl\":\"https:\/\/kunmedierne.dk\/mors\/wp-content\/uploads\/2020\/07\/simon-kollerup.jpg\",\"keywords\":[\"Politik\"],\"articleSection\":[\"Lokalt\"],\"inLanguage\":\"da-DK\",\"potentialAction\":[{\"@type\":\"CommentAction\",\"name\":\"Comment\",\"target\":[\"https:\/\/kunmedierne.dk\/mors\/simon-kollerup-paa-sygeorlov\/#respond\"]}]},{\"@type\":\"WebPage\",\"@id\":\"https:\/\/kunmedierne.dk\/mors\/simon-kollerup-paa-sygeorlov\/\",\"url\":\"https:\/\/kunmedierne.dk\/mors\/simon-kollerup-paa-sygeorlov\/\",\"name\":\"Simon Kollerup p\u00e5 sygeorlov - Mors\",\"isPartOf\":{\"@id\":\"https:\/\/kunmedierne.dk\/mors\/#website\"},\"primaryImageOfPage\":{\"@id\":\"https:\/\/kunmedierne.dk\/mors\/simon-kollerup-paa-sygeorlov\/#primaryimage\"},\"image\":{\"@id\":\"https:\/\/kunmedierne.dk\/mors\/simon-kollerup-paa-sygeorlov\/#primaryimage\"},\"thumbnailUrl\":\"https:\/\/kunmedierne.dk\/mors\/wp-content\/uploads\/2020\/07\/simon-kollerup.jpg\",\"datePublished\":\"2021-01-08T12:11:41+00:00\",\"dateModified\":\"2024-08-12T11:38:00+00:00\",\"breadcrumb\":{\"@id\":\"https:\/\/kunmedierne.dk\/mors\/simon-kollerup-paa-sygeorlov\/#breadcrumb\"},\"inLanguage\":\"da-DK\",\"potentialAction\":[{\"@type\":\"ReadAction\",\"target\":[\"https:\/\/kunmedierne.dk\/mors\/simon-kollerup-paa-sygeorlov\/\"]}]},{\"@type\":\"ImageObject\",\"inLanguage\":\"da-DK\",\"@id\":\"https:\/\/kunmedierne.dk\/mors\/simon-kollerup-paa-sygeorlov\/#primaryimage\",\"url\":\"https:\/\/kunmedierne.dk\/mors\/wp-content\/uploads\/2020\/07\/simon-kollerup.jpg\",\"contentUrl\":\"https:\/\/kunmedierne.dk\/mors\/wp-content\/uploads\/2020\/07\/simon-kollerup.jpg\",\"width\":770,\"height\":513,\"caption\":\"Simon Kollerup (S). Foto: Steen Brogaard og Christoffer Regild.\"},{\"@type\":\"BreadcrumbList\",\"@id\":\"https:\/\/kunmedierne.dk\/mors\/simon-kollerup-paa-sygeorlov\/#breadcrumb\",\"itemListElement\":[{\"@type\":\"ListItem\",\"position\":1,\"name\":\"Hjem\",\"item\":\"https:\/\/kunmedierne.dk\/mors\/\"},{\"@type\":\"ListItem\",\"position\":2,\"name\":\"Simon Kollerup p\u00e5 sygeorlov\"}]},{\"@type\":\"WebSite\",\"@id\":\"https:\/\/kunmedierne.dk\/mors\/#website\",\"url\":\"https:\/\/kunmedierne.dk\/mors\/\",\"name\":\"Mors\",\"description\":\"et netmedie med journalistik om livet p\u00e5 Mors\",\"publisher\":{\"@id\":\"https:\/\/kunmedierne.dk\/mors\/#organization\"},\"potentialAction\":[{\"@type\":\"SearchAction\",\"target\":{\"@type\":\"EntryPoint\",\"urlTemplate\":\"https:\/\/kunmedierne.dk\/mors\/?s={search_term_string}\"},\"query-input\":{\"@type\":\"PropertyValueSpecification\",\"valueRequired\":true,\"valueName\":\"search_term_string\"}}],\"inLanguage\":\"da-DK\"},{\"@type\":\"Organization\",\"@id\":\"https:\/\/kunmedierne.dk\/mors\/#organization\",\"name\":\"Mors\",\"url\":\"https:\/\/kunmedierne.dk\/mors\/\",\"logo\":{\"@type\":\"ImageObject\",\"inLanguage\":\"da-DK\",\"@id\":\"https:\/\/kunmedierne.dk\/mors\/#\/schema\/logo\/image\/\",\"url\":\"https:\/\/kunmedierne.dk\/mors\/wp-content\/uploads\/2024\/08\/kunmors-logo.svg\",\"contentUrl\":\"https:\/\/kunmedierne.dk\/mors\/wp-content\/uploads\/2024\/08\/kunmors-logo.svg\",\"caption\":\"Mors\"},\"image\":{\"@id\":\"https:\/\/kunmedierne.dk\/mors\/#\/schema\/logo\/image\/\"}},{\"@type\":\"Person\",\"@id\":\"https:\/\/kunmedierne.dk\/mors\/#\/schema\/person\/5fe23251bf1d0abbcdc6f7896579d548\",\"name\":\"David H\u00f8jmark\",\"image\":{\"@type\":\"ImageObject\",\"inLanguage\":\"da-DK\",\"@id\":\"https:\/\/kunmedierne.dk\/mors\/#\/schema\/person\/image\/\",\"url\":\"https:\/\/secure.gravatar.com\/avatar\/4315d6fb9ef244d729989f5f90268eb08d5bf8a3d84402f595fa194bb35784fd?s=96&d=mm&r=g\",\"contentUrl\":\"https:\/\/secure.gravatar.com\/avatar\/4315d6fb9ef244d729989f5f90268eb08d5bf8a3d84402f595fa194bb35784fd?s=96&d=mm&r=g\",\"caption\":\"David H\u00f8jmark\"},\"sameAs\":[\"https:\/\/www.kunmedierne.dk\"],\"url\":\"https:\/\/kunmedierne.dk\/mors\/author\/david\/\"}]}<\/script>\n<!-- \/ Yoast SEO plugin. -->","yoast_head_json":{"title":"Simon Kollerup p\u00e5 sygeorlov - Mors","robots":{"index":"index","follow":"follow","max-snippet":"max-snippet:-1","max-image-preview":"max-image-preview:large","max-video-preview":"max-video-preview:-1"},"canonical":"https:\/\/kunmedierne.dk\/mors\/simon-kollerup-paa-sygeorlov\/","og_locale":"da_DK","og_type":"article","og_title":"Simon Kollerup p\u00e5 sygeorlov - Mors","og_description":"MORS: Erhvervsminister Simon Kollerup (S), der er opstillet i Thistedkredsen, g\u00e5r p\u00e5 sygeorlov. Det oplyser Statsministeriet en pressemeddelelse, der fort\u00e6ller: &#8220;Som f\u00f8lge af, at erhvervsminister Simon Kollerup p\u00e5 grund af sygdom midlertidigt er forhindret i at varetage ledelsen af Erhvervsministeriet, er ledelsen af de under erhvervsministeren h\u00f8rende opgaver ved kongelig resolution af dags dato overdraget [&hellip;]","og_url":"https:\/\/kunmedierne.dk\/mors\/simon-kollerup-paa-sygeorlov\/","og_site_name":"Mors","article_published_time":"2021-01-08T12:11:41+00:00","article_modified_time":"2024-08-12T11:38:00+00:00","og_image":[{"width":770,"height":513,"url":"https:\/\/kunmedierne.dk\/mors\/wp-content\/uploads\/2020\/07\/simon-kollerup.jpg","type":"image\/jpeg"}],"author":"David H\u00f8jmark","twitter_card":"summary_large_image","twitter_misc":{"Skrevet af":"David H\u00f8jmark","Estimeret l\u00e6setid":"1 minut"},"schema":{"@context":"https:\/\/schema.org","@graph":[{"@type":"Article","@id":"https:\/\/kunmedierne.dk\/mors\/simon-kollerup-paa-sygeorlov\/#article","isPartOf":{"@id":"https:\/\/kunmedierne.dk\/mors\/simon-kollerup-paa-sygeorlov\/"},"author":{"name":"David H\u00f8jmark","@id":"https:\/\/kunmedierne.dk\/mors\/#\/schema\/person\/5fe23251bf1d0abbcdc6f7896579d548"},"headline":"Simon Kollerup p\u00e5 sygeorlov","datePublished":"2021-01-08T12:11:41+00:00","dateModified":"2024-08-12T11:38:00+00:00","mainEntityOfPage":{"@id":"https:\/\/kunmedierne.dk\/mors\/simon-kollerup-paa-sygeorlov\/"},"wordCount":211,"commentCount":0,"publisher":{"@id":"https:\/\/kunmedierne.dk\/mors\/#organization"},"image":{"@id":"https:\/\/kunmedierne.dk\/mors\/simon-kollerup-paa-sygeorlov\/#primaryimage"},"thumbnailUrl":"https:\/\/kunmedierne.dk\/mors\/wp-content\/uploads\/2020\/07\/simon-kollerup.jpg","keywords":["Politik"],"articleSection":["Lokalt"],"inLanguage":"da-DK","potentialAction":[{"@type":"CommentAction","name":"Comment","target":["https:\/\/kunmedierne.dk\/mors\/simon-kollerup-paa-sygeorlov\/#respond"]}]},{"@type":"WebPage","@id":"https:\/\/kunmedierne.dk\/mors\/simon-kollerup-paa-sygeorlov\/","url":"https:\/\/kunmedierne.dk\/mors\/simon-kollerup-paa-sygeorlov\/","name":"Simon Kollerup p\u00e5 sygeorlov - Mors","isPartOf":{"@id":"https:\/\/kunmedierne.dk\/mors\/#website"},"primaryImageOfPage":{"@id":"https:\/\/kunmedierne.dk\/mors\/simon-kollerup-paa-sygeorlov\/#primaryimage"},"image":{"@id":"https:\/\/kunmedierne.dk\/mors\/simon-kollerup-paa-sygeorlov\/#primaryimage"},"thumbnailUrl":"https:\/\/kunmedierne.dk\/mors\/wp-content\/uploads\/2020\/07\/simon-kollerup.jpg","datePublished":"2021-01-08T12:11:41+00:00","dateModified":"2024-08-12T11:38:00+00:00","breadcrumb":{"@id":"https:\/\/kunmedierne.dk\/mors\/simon-kollerup-paa-sygeorlov\/#breadcrumb"},"inLanguage":"da-DK","potentialAction":[{"@type":"ReadAction","target":["https:\/\/kunmedierne.dk\/mors\/simon-kollerup-paa-sygeorlov\/"]}]},{"@type":"ImageObject","inLanguage":"da-DK","@id":"https:\/\/kunmedierne.dk\/mors\/simon-kollerup-paa-sygeorlov\/#primaryimage","url":"https:\/\/kunmedierne.dk\/mors\/wp-content\/uploads\/2020\/07\/simon-kollerup.jpg","contentUrl":"https:\/\/kunmedierne.dk\/mors\/wp-content\/uploads\/2020\/07\/simon-kollerup.jpg","width":770,"height":513,"caption":"Simon Kollerup (S). Foto: Steen Brogaard og Christoffer Regild."},{"@type":"BreadcrumbList","@id":"https:\/\/kunmedierne.dk\/mors\/simon-kollerup-paa-sygeorlov\/#breadcrumb","itemListElement":[{"@type":"ListItem","position":1,"name":"Hjem","item":"https:\/\/kunmedierne.dk\/mors\/"},{"@type":"ListItem","position":2,"name":"Simon Kollerup p\u00e5 sygeorlov"}]},{"@type":"WebSite","@id":"https:\/\/kunmedierne.dk\/mors\/#website","url":"https:\/\/kunmedierne.dk\/mors\/","name":"Mors","description":"et netmedie med journalistik om livet p\u00e5 Mors","publisher":{"@id":"https:\/\/kunmedierne.dk\/mors\/#organization"},"potentialAction":[{"@type":"SearchAction","target":{"@type":"EntryPoint","urlTemplate":"https:\/\/kunmedierne.dk\/mors\/?s={search_term_string}"},"query-input":{"@type":"PropertyValueSpecification","valueRequired":true,"valueName":"search_term_string"}}],"inLanguage":"da-DK"},{"@type":"Organization","@id":"https:\/\/kunmedierne.dk\/mors\/#organization","name":"Mors","url":"https:\/\/kunmedierne.dk\/mors\/","logo":{"@type":"ImageObject","inLanguage":"da-DK","@id":"https:\/\/kunmedierne.dk\/mors\/#\/schema\/logo\/image\/","url":"https:\/\/kunmedierne.dk\/mors\/wp-content\/uploads\/2024\/08\/kunmors-logo.svg","contentUrl":"https:\/\/kunmedierne.dk\/mors\/wp-content\/uploads\/2024\/08\/kunmors-logo.svg","caption":"Mors"},"image":{"@id":"https:\/\/kunmedierne.dk\/mors\/#\/schema\/logo\/image\/"}},{"@type":"Person","@id":"https:\/\/kunmedierne.dk\/mors\/#\/schema\/person\/5fe23251bf1d0abbcdc6f7896579d548","name":"David H\u00f8jmark","image":{"@type":"ImageObject","inLanguage":"da-DK","@id":"https:\/\/kunmedierne.dk\/mors\/#\/schema\/person\/image\/","url":"https:\/\/secure.gravatar.com\/avatar\/4315d6fb9ef244d729989f5f90268eb08d5bf8a3d84402f595fa194bb35784fd?s=96&d=mm&r=g","contentUrl":"https:\/\/secure.gravatar.com\/avatar\/4315d6fb9ef244d729989f5f90268eb08d5bf8a3d84402f595fa194bb35784fd?s=96&d=mm&r=g","caption":"David H\u00f8jmark"},"sameAs":["https:\/\/www.kunmedierne.dk"],"url":"https:\/\/kunmedierne.dk\/mors\/author\/david\/"}]}},"_links":{"self":[{"href":"https:\/\/kunmedierne.dk\/mors\/wp-json\/wp\/v2\/posts\/37870","targetHints":{"allow":["GET"]}}],"collection":[{"href":"https:\/\/kunmedierne.dk\/mors\/wp-json\/wp\/v2\/posts"}],"about":[{"href":"https:\/\/kunmedierne.dk\/mors\/wp-json\/wp\/v2\/types\/post"}],"author":[{"embeddable":true,"href":"https:\/\/kunmedierne.dk\/mors\/wp-json\/wp\/v2\/users\/8"}],"replies":[{"embeddable":true,"href":"https:\/\/kunmedierne.dk\/mors\/wp-json\/wp\/v2\/comments?post=37870"}],"version-history":[{"count":3,"href":"https:\/\/kunmedierne.dk\/mors\/wp-json\/wp\/v2\/posts\/37870\/revisions"}],"predecessor-version":[{"id":37875,"href":"https:\/\/kunmedierne.dk\/mors\/wp-json\/wp\/v2\/posts\/37870\/revisions\/37875"}],"wp:featuredmedia":[{"embeddable":true,"href":"https:\/\/kunmedierne.dk\/mors\/wp-json\/wp\/v2\/media\/28006"}],"wp:attachment":[{"href":"https:\/\/kunmedierne.dk\/mors\/wp-json\/wp\/v2\/media?parent=37870"}],"wp:term":[{"taxonomy":"category","embeddable":true,"href":"https:\/\/kunmedierne.dk\/mors\/wp-json\/wp\/v2\/categories?post=37870"},{"taxonomy":"post_tag","embeddable":true,"href":"https:\/\/kunmedierne.dk\/mors\/wp-json\/wp\/v2\/tags?post=37870"}],"curies":[{"name":"wp","href":"https:\/\/api.w.org\/{rel}","templated":true}]}}