{"id":37843,"date":"2021-01-07T18:31:04","date_gmt":"2021-01-07T17:31:04","guid":{"rendered":"https:\/\/kunmedierne.dk\/mors\/?p=37843"},"modified":"2024-08-12T13:38:01","modified_gmt":"2024-08-12T11:38:01","slug":"lokale-haandvaerkere-kan-byde-paa-nye-ungdomsboliger-i-nykoebing","status":"publish","type":"post","link":"https:\/\/kunmedierne.dk\/mors\/lokale-haandvaerkere-kan-byde-paa-nye-ungdomsboliger-i-nykoebing\/","title":{"rendered":"Lokale h\u00e5ndv\u00e6rkere kan byde p\u00e5 nye ungdomsboliger i Nyk\u00f8bing"},"content":{"rendered":"<p><strong>NYK\u00d8BING<\/strong>: Opf\u00f8relsen af 49 nye ungdomsboliger p\u00e5 Tranevej i Nyk\u00f8bing bliver udbudt som fagentreprise.<\/p>\n<p>Det oplyser Anette Svindborg, formand for Boligselskabet Nyk\u00f8bing Mors, der har haft m\u00f8de om sagen.<\/p>\n<p>&#8220;P\u00e5 m\u00f8det var der bred enighed om at bygge med fagentreprise, s\u00e5 vi p\u00e5 den m\u00e5de kan hj\u00e6lpe og st\u00f8tte lokale h\u00e5ndv\u00e6rkere bedst muligt,&#8221; fort\u00e6ller Anette Svindborg.<\/p>\n<p>I slutningen af oktober kom den politiske styregruppe bag projektet med en <a href=\"https:\/\/kunmedierne.dk\/mors\/politisk-styregruppe-vil-have-lokale-haandvaerkere-paa-byggeri-af-ungdomsboliger\/\" target=\"_blank\" rel=\"noopener noreferrer\">direkte opfordring<\/a> til Boligselskabet Nyk\u00f8bing Mors om at v\u00e6lge fagentreprise.<\/p>\n<p>&#8220;Det er Mors\u00f8 Kommune, der bestiller opgaven \u2013 og vi er ogs\u00e5 storsponsor, skal vi sige det s\u00e5dan? Og der er ingen tvivl om, at de lokale h\u00e5ndv\u00e6rkere har st\u00f8rre chancer for at f\u00e5 en bid af kagen, hvis det bliver udsendt i fagentrepriser, frem for at det bliver en stor hovedentreprise,&#8221; l\u00f8d det dengang fra Meiner N\u00f8rgaard, der lige som Anette Svindborg sidder i kommunalbestyrelsen for Dansk Folkeparti. <a href=\"https:\/\/vester-begr.dk\"><img loading=\"lazy\" decoding=\"async\" class=\"alignright size-full wp-image-35526\" src=\"https:\/\/kunmedierne.dk\/mors\/wp-content\/uploads\/2020\/11\/ho2.jpg\" alt=\"\" width=\"1400\" height=\"125\" srcset=\"https:\/\/kunmedierne.dk\/mors\/wp-content\/uploads\/2020\/11\/ho2.jpg 1400w, https:\/\/kunmedierne.dk\/mors\/wp-content\/uploads\/2020\/11\/ho2-300x27.jpg 300w, https:\/\/kunmedierne.dk\/mors\/wp-content\/uploads\/2020\/11\/ho2-1024x91.jpg 1024w, https:\/\/kunmedierne.dk\/mors\/wp-content\/uploads\/2020\/11\/ho2-768x69.jpg 768w, https:\/\/kunmedierne.dk\/mors\/wp-content\/uploads\/2020\/11\/ho2-600x54.jpg 600w\" sizes=\"auto, (max-width: 1400px) 100vw, 1400px\" \/><\/a><\/p>\n<p>Anette Svindborg <a href=\"https:\/\/kunmedierne.dk\/mors\/formand-for-boligforening-jeg-oensker-ogsaa-at-vi-skal-bruge-lokal-arbejdskraft\/\" target=\"_blank\" rel=\"noopener noreferrer\">svarede<\/a>, at det ogs\u00e5 var hendes holdning, og nu er den alts\u00e5 konfirmeret i en beslutning, da boligselskabet netop med begrundelsen om at st\u00f8tte lokale h\u00e5ndv\u00e6rkere v\u00e6lger fagentreprise.<\/p>\n<p>&#8220;Med fagentreprise vil lokale h\u00e5ndv\u00e6rkere kunne byde ind p\u00e5 de opdelte projekter. Hvorimod havde vi valgt totalentreprise ville flere af vores lokale firmaer p\u00e5 \u00f8en ikke v\u00e6ret store nok til at kunne varetage opgaven. Derfor har vi valgt at l\u00e6gge det ud i fagentreprise,&#8221; siger Anette Svindborg.<\/p>\n<p>&#8220;Vi kan ikke garantere, at alle opgaver kommer til at ligge ved lokale h\u00e5ndv\u00e6rkere, men p\u00e5 denne m\u00e5de med fagentreprise er der st\u00f8rst chance for, at arbejdet kan ligge lokalt,&#8221; tilf\u00f8jer hun.<\/p>\n<p>If\u00f8lge Anette Svindborg vil entrepriseopgaverne blive meldt ud i blandt andet lokale medier i februar eller marts. Derfor opfordrer hun \u00f8ens lokale h\u00e5ndv\u00e6rkere til at f\u00f8lge godt med og byde ind, hvor de mener at kunne varetage en opgave med stor interesse og faglighed. <a href=\"https:\/\/www.sparnord.dk\/filialer\/nykoebing-mors\/\"><img loading=\"lazy\" decoding=\"async\" class=\"alignright size-full wp-image-35699\" src=\"https:\/\/kunmedierne.dk\/mors\/wp-content\/uploads\/2020\/11\/ho6.jpg\" alt=\"\" width=\"1400\" height=\"123\" srcset=\"https:\/\/kunmedierne.dk\/mors\/wp-content\/uploads\/2020\/11\/ho6.jpg 1400w, https:\/\/kunmedierne.dk\/mors\/wp-content\/uploads\/2020\/11\/ho6-300x26.jpg 300w, https:\/\/kunmedierne.dk\/mors\/wp-content\/uploads\/2020\/11\/ho6-1024x90.jpg 1024w, https:\/\/kunmedierne.dk\/mors\/wp-content\/uploads\/2020\/11\/ho6-768x67.jpg 768w, https:\/\/kunmedierne.dk\/mors\/wp-content\/uploads\/2020\/11\/ho6-600x53.jpg 600w\" sizes=\"auto, (max-width: 1400px) 100vw, 1400px\" \/><\/a><\/p>\n<p>&#8220;Vi v\u00e6gter et b\u00e6redygtig projekt, hvor alle yder deres bedste, alle er ansvarlige, \u00e5bne og \u00e6rlige,&#8221; siger hun.<\/p>\n<p>Byggeriet af de 49 ungdomsboliger best\u00e5r af i alt 1784 kvadratmeter boliger placeret i n\u00e6r tilknytning til videreg\u00e5ende uddannelser og sportsinstitutioner. Der bliver tale om 43 boliger med \u00e9t v\u00e6relse og seks med to v\u00e6relser. De fordeles p\u00e5 to boenheder, hvor den ene er tilt\u00e6nkt elever fra Sports College Mors og den anden elever fra de \u00f8vrige collegeretninger.<\/p>\n<p>P\u00e5 enheden til Sports College-elever vil der desuden bliver opf\u00f8rt et 70 kvadratmeter stort serviceareal, der indrettes til kontor med tilh\u00f8rende depoter.<\/p>\n<p>Bygningerne bliver opf\u00f8rt i to etager med en b\u00e6rende konstruktion i tr\u00e6. Facader bliver i skiffer og varmebehandlet tr\u00e6, tr\u00e6\/alu-vinduer og fladt tag med tagpap.<\/p>\n<p>P\u00e5 udearealerne, der skal inspirere til ophold og udeaktiviteter, er der planer om at plante vilde blomster for\u00a0at fremme biodiversiteten &#8211; ogs\u00e5 med fokus p\u00e5 den gr\u00f8nne kile, der er fastlagt i lokalplanen for omr\u00e5det.<\/p>\n<p>&#8220;Vi er en lille \u00f8, og sammen er vi bedst. Sammen skal vi skabe nogle gode boliger til vores unge studerende, s\u00e5 de kan f\u00f8le sig hjemme og f\u00f8le ro til en god indl\u00e6ring,&#8221; siger Anette Svindborg.<\/p>\n<p>Boligselskabet Nyk\u00f8bing Mors forventer, at byggeriet kan tages i brug til studiestart 2022. <a href=\"https:\/\/www.braendselsforeningen.dk\/\"><img loading=\"lazy\" decoding=\"async\" class=\"alignright size-full wp-image-36029\" src=\"https:\/\/kunmedierne.dk\/mors\/wp-content\/uploads\/2020\/11\/Br\u00e6ndselsforeningen.jpg\" alt=\"\" width=\"1425\" height=\"127\" srcset=\"https:\/\/kunmedierne.dk\/mors\/wp-content\/uploads\/2020\/11\/Br\u00e6ndselsforeningen.jpg 1425w, https:\/\/kunmedierne.dk\/mors\/wp-content\/uploads\/2020\/11\/Br\u00e6ndselsforeningen-300x27.jpg 300w, https:\/\/kunmedierne.dk\/mors\/wp-content\/uploads\/2020\/11\/Br\u00e6ndselsforeningen-1024x91.jpg 1024w, https:\/\/kunmedierne.dk\/mors\/wp-content\/uploads\/2020\/11\/Br\u00e6ndselsforeningen-768x68.jpg 768w, https:\/\/kunmedierne.dk\/mors\/wp-content\/uploads\/2020\/11\/Br\u00e6ndselsforeningen-600x53.jpg 600w\" sizes=\"auto, (max-width: 1425px) 100vw, 1425px\" \/><\/a><\/p>\n<p>&nbsp;<\/p>\n<blockquote>\n<h2>FAKTA<\/h2>\n<h4>Projektet vil blive delt op i flere sm\u00e5 opgave, med f\u00f8lgende enterpriseopdeling:<\/h4>\n<h3><strong>R\u00e5huseenterprise:<\/strong><\/h3>\n<h4>Jordarbejder<\/h4>\n<h4>Kloakarbejder<\/h4>\n<h4>Beton- murerarbejder<\/h4>\n<h4>Smedearbejder<\/h4>\n<h4><\/h4>\n<h3><strong>T\u00f8mrer- og snedkerenterprise:<\/strong><\/h3>\n<h4>Facadearbejder<\/h4>\n<h4>D\u00f8re, Vinduer og facadepartier<\/h4>\n<h4>Loftsarbejder<\/h4>\n<h4>Indvendige v\u00e6gge<\/h4>\n<h4>Tagarbejder<\/h4>\n<h4><\/h4>\n<h3><strong>Gartner:<\/strong><\/h3>\n<h4>Bef\u00e6stelser incl. Inventar i terr\u00e6n<\/h4>\n<h4>Beplantning<\/h4>\n<h4><\/h4>\n<h3><strong>Gulventreprise<\/strong><\/h3>\n<h3><\/h3>\n<h3><strong>Malerentreprise<\/strong><\/h3>\n<h3><\/h3>\n<h3><strong>Inventarentreprise<\/strong><\/h3>\n<h3><\/h3>\n<h3><strong>El-entreprise<\/strong><\/h3>\n<h3><\/h3>\n<h3><strong>VVS og ventilationsentreprise:<\/strong><\/h3>\n<h4>VVS arbejder<\/h4>\n<h4>Ventilationsarbejder<\/h4>\n<\/blockquote>\n<div id=\"attachment_37845\" style=\"width: 780px\" class=\"wp-caption alignright\"><img loading=\"lazy\" decoding=\"async\" aria-describedby=\"caption-attachment-37845\" class=\"size-full wp-image-37845\" src=\"https:\/\/kunmedierne.dk\/mors\/wp-content\/uploads\/2021\/01\/tranevej1b.jpg\" alt=\"\" width=\"770\" height=\"513\" srcset=\"https:\/\/kunmedierne.dk\/mors\/wp-content\/uploads\/2021\/01\/tranevej1b.jpg 770w, https:\/\/kunmedierne.dk\/mors\/wp-content\/uploads\/2021\/01\/tranevej1b-300x200.jpg 300w, https:\/\/kunmedierne.dk\/mors\/wp-content\/uploads\/2021\/01\/tranevej1b-768x512.jpg 768w, https:\/\/kunmedierne.dk\/mors\/wp-content\/uploads\/2021\/01\/tranevej1b-360x240.jpg 360w, https:\/\/kunmedierne.dk\/mors\/wp-content\/uploads\/2021\/01\/tranevej1b-600x400.jpg 600w\" sizes=\"auto, (max-width: 770px) 100vw, 770px\" \/><p id=\"caption-attachment-37845\" class=\"wp-caption-text\">Illustration: Boligselskabet Nyk\u00f8bing Mors<\/p><\/div>\n","protected":false},"excerpt":{"rendered":"<p>NYK\u00d8BING: Opf\u00f8relsen af 49 nye ungdomsboliger p\u00e5 Tranevej i Nyk\u00f8bing bliver udbudt som fagentreprise. Det oplyser Anette Svindborg, formand for Boligselskabet Nyk\u00f8bing Mors, der har haft m\u00f8de om sagen. &#8220;P\u00e5 m\u00f8det var der bred enighed om at bygge med fagentreprise, s\u00e5 vi p\u00e5 den m\u00e5de kan hj\u00e6lpe og st\u00f8tte lokale h\u00e5ndv\u00e6rkere bedst muligt,&#8221; fort\u00e6ller Anette [&hellip;]<\/p>\n","protected":false},"author":8,"featured_media":37844,"comment_status":"open","ping_status":"open","sticky":false,"template":"","format":"standard","meta":{"_acf_changed":false,"footnotes":""},"categories":[51],"tags":[170],"class_list":["post-37843","post","type-post","status-publish","format-standard","has-post-thumbnail","hentry","category-lokalt","tag-uddannelse"],"acf":[],"yoast_head":"<!-- This site is optimized with the Yoast SEO plugin v26.8 - https:\/\/yoast.com\/product\/yoast-seo-wordpress\/ -->\n<title>Lokale h\u00e5ndv\u00e6rkere kan byde p\u00e5 nye ungdomsboliger i Nyk\u00f8bing - Mors<\/title>\n<meta name=\"robots\" content=\"index, follow, max-snippet:-1, max-image-preview:large, max-video-preview:-1\" \/>\n<link rel=\"canonical\" href=\"https:\/\/kunmedierne.dk\/mors\/lokale-haandvaerkere-kan-byde-paa-nye-ungdomsboliger-i-nykoebing\/\" \/>\n<meta property=\"og:locale\" content=\"da_DK\" \/>\n<meta property=\"og:type\" content=\"article\" \/>\n<meta property=\"og:title\" content=\"Lokale h\u00e5ndv\u00e6rkere kan byde p\u00e5 nye ungdomsboliger i Nyk\u00f8bing - Mors\" \/>\n<meta property=\"og:description\" content=\"NYK\u00d8BING: Opf\u00f8relsen af 49 nye ungdomsboliger p\u00e5 Tranevej i Nyk\u00f8bing bliver udbudt som fagentreprise. Det oplyser Anette Svindborg, formand for Boligselskabet Nyk\u00f8bing Mors, der har haft m\u00f8de om sagen. &#8220;P\u00e5 m\u00f8det var der bred enighed om at bygge med fagentreprise, s\u00e5 vi p\u00e5 den m\u00e5de kan hj\u00e6lpe og st\u00f8tte lokale h\u00e5ndv\u00e6rkere bedst muligt,&#8221; fort\u00e6ller Anette [&hellip;]\" \/>\n<meta property=\"og:url\" content=\"https:\/\/kunmedierne.dk\/mors\/lokale-haandvaerkere-kan-byde-paa-nye-ungdomsboliger-i-nykoebing\/\" \/>\n<meta property=\"og:site_name\" content=\"Mors\" \/>\n<meta property=\"article:published_time\" content=\"2021-01-07T17:31:04+00:00\" \/>\n<meta property=\"article:modified_time\" content=\"2024-08-12T11:38:01+00:00\" \/>\n<meta property=\"og:image\" content=\"https:\/\/kunmedierne.dk\/mors\/wp-content\/uploads\/2021\/01\/tranevej.jpg\" \/>\n\t<meta property=\"og:image:width\" content=\"770\" \/>\n\t<meta property=\"og:image:height\" content=\"513\" \/>\n\t<meta property=\"og:image:type\" content=\"image\/jpeg\" \/>\n<meta name=\"author\" content=\"David H\u00f8jmark\" \/>\n<meta name=\"twitter:card\" content=\"summary_large_image\" \/>\n<meta name=\"twitter:label1\" content=\"Skrevet af\" \/>\n\t<meta name=\"twitter:data1\" content=\"David H\u00f8jmark\" \/>\n\t<meta name=\"twitter:label2\" content=\"Estimeret l\u00e6setid\" \/>\n\t<meta name=\"twitter:data2\" content=\"3 minutter\" \/>\n<script type=\"application\/ld+json\" class=\"yoast-schema-graph\">{\"@context\":\"https:\/\/schema.org\",\"@graph\":[{\"@type\":\"Article\",\"@id\":\"https:\/\/kunmedierne.dk\/mors\/lokale-haandvaerkere-kan-byde-paa-nye-ungdomsboliger-i-nykoebing\/#article\",\"isPartOf\":{\"@id\":\"https:\/\/kunmedierne.dk\/mors\/lokale-haandvaerkere-kan-byde-paa-nye-ungdomsboliger-i-nykoebing\/\"},\"author\":{\"name\":\"David H\u00f8jmark\",\"@id\":\"https:\/\/kunmedierne.dk\/mors\/#\/schema\/person\/5fe23251bf1d0abbcdc6f7896579d548\"},\"headline\":\"Lokale h\u00e5ndv\u00e6rkere kan byde p\u00e5 nye ungdomsboliger i Nyk\u00f8bing\",\"datePublished\":\"2021-01-07T17:31:04+00:00\",\"dateModified\":\"2024-08-12T11:38:01+00:00\",\"mainEntityOfPage\":{\"@id\":\"https:\/\/kunmedierne.dk\/mors\/lokale-haandvaerkere-kan-byde-paa-nye-ungdomsboliger-i-nykoebing\/\"},\"wordCount\":637,\"commentCount\":0,\"publisher\":{\"@id\":\"https:\/\/kunmedierne.dk\/mors\/#organization\"},\"image\":{\"@id\":\"https:\/\/kunmedierne.dk\/mors\/lokale-haandvaerkere-kan-byde-paa-nye-ungdomsboliger-i-nykoebing\/#primaryimage\"},\"thumbnailUrl\":\"https:\/\/kunmedierne.dk\/mors\/wp-content\/uploads\/2021\/01\/tranevej.jpg\",\"keywords\":[\"Skoler og uddannelse\"],\"articleSection\":[\"Lokalt\"],\"inLanguage\":\"da-DK\",\"potentialAction\":[{\"@type\":\"CommentAction\",\"name\":\"Comment\",\"target\":[\"https:\/\/kunmedierne.dk\/mors\/lokale-haandvaerkere-kan-byde-paa-nye-ungdomsboliger-i-nykoebing\/#respond\"]}]},{\"@type\":\"WebPage\",\"@id\":\"https:\/\/kunmedierne.dk\/mors\/lokale-haandvaerkere-kan-byde-paa-nye-ungdomsboliger-i-nykoebing\/\",\"url\":\"https:\/\/kunmedierne.dk\/mors\/lokale-haandvaerkere-kan-byde-paa-nye-ungdomsboliger-i-nykoebing\/\",\"name\":\"Lokale h\u00e5ndv\u00e6rkere kan byde p\u00e5 nye ungdomsboliger i Nyk\u00f8bing - Mors\",\"isPartOf\":{\"@id\":\"https:\/\/kunmedierne.dk\/mors\/#website\"},\"primaryImageOfPage\":{\"@id\":\"https:\/\/kunmedierne.dk\/mors\/lokale-haandvaerkere-kan-byde-paa-nye-ungdomsboliger-i-nykoebing\/#primaryimage\"},\"image\":{\"@id\":\"https:\/\/kunmedierne.dk\/mors\/lokale-haandvaerkere-kan-byde-paa-nye-ungdomsboliger-i-nykoebing\/#primaryimage\"},\"thumbnailUrl\":\"https:\/\/kunmedierne.dk\/mors\/wp-content\/uploads\/2021\/01\/tranevej.jpg\",\"datePublished\":\"2021-01-07T17:31:04+00:00\",\"dateModified\":\"2024-08-12T11:38:01+00:00\",\"breadcrumb\":{\"@id\":\"https:\/\/kunmedierne.dk\/mors\/lokale-haandvaerkere-kan-byde-paa-nye-ungdomsboliger-i-nykoebing\/#breadcrumb\"},\"inLanguage\":\"da-DK\",\"potentialAction\":[{\"@type\":\"ReadAction\",\"target\":[\"https:\/\/kunmedierne.dk\/mors\/lokale-haandvaerkere-kan-byde-paa-nye-ungdomsboliger-i-nykoebing\/\"]}]},{\"@type\":\"ImageObject\",\"inLanguage\":\"da-DK\",\"@id\":\"https:\/\/kunmedierne.dk\/mors\/lokale-haandvaerkere-kan-byde-paa-nye-ungdomsboliger-i-nykoebing\/#primaryimage\",\"url\":\"https:\/\/kunmedierne.dk\/mors\/wp-content\/uploads\/2021\/01\/tranevej.jpg\",\"contentUrl\":\"https:\/\/kunmedierne.dk\/mors\/wp-content\/uploads\/2021\/01\/tranevej.jpg\",\"width\":770,\"height\":513,\"caption\":\"Illustration: Boligselskabet Nyk\u00f8bing Mors\"},{\"@type\":\"BreadcrumbList\",\"@id\":\"https:\/\/kunmedierne.dk\/mors\/lokale-haandvaerkere-kan-byde-paa-nye-ungdomsboliger-i-nykoebing\/#breadcrumb\",\"itemListElement\":[{\"@type\":\"ListItem\",\"position\":1,\"name\":\"Hjem\",\"item\":\"https:\/\/kunmedierne.dk\/mors\/\"},{\"@type\":\"ListItem\",\"position\":2,\"name\":\"Lokale h\u00e5ndv\u00e6rkere kan byde p\u00e5 nye ungdomsboliger i Nyk\u00f8bing\"}]},{\"@type\":\"WebSite\",\"@id\":\"https:\/\/kunmedierne.dk\/mors\/#website\",\"url\":\"https:\/\/kunmedierne.dk\/mors\/\",\"name\":\"Mors\",\"description\":\"et netmedie med journalistik om livet p\u00e5 Mors\",\"publisher\":{\"@id\":\"https:\/\/kunmedierne.dk\/mors\/#organization\"},\"potentialAction\":[{\"@type\":\"SearchAction\",\"target\":{\"@type\":\"EntryPoint\",\"urlTemplate\":\"https:\/\/kunmedierne.dk\/mors\/?s={search_term_string}\"},\"query-input\":{\"@type\":\"PropertyValueSpecification\",\"valueRequired\":true,\"valueName\":\"search_term_string\"}}],\"inLanguage\":\"da-DK\"},{\"@type\":\"Organization\",\"@id\":\"https:\/\/kunmedierne.dk\/mors\/#organization\",\"name\":\"Mors\",\"url\":\"https:\/\/kunmedierne.dk\/mors\/\",\"logo\":{\"@type\":\"ImageObject\",\"inLanguage\":\"da-DK\",\"@id\":\"https:\/\/kunmedierne.dk\/mors\/#\/schema\/logo\/image\/\",\"url\":\"https:\/\/kunmedierne.dk\/mors\/wp-content\/uploads\/2024\/08\/kunmors-logo.svg\",\"contentUrl\":\"https:\/\/kunmedierne.dk\/mors\/wp-content\/uploads\/2024\/08\/kunmors-logo.svg\",\"caption\":\"Mors\"},\"image\":{\"@id\":\"https:\/\/kunmedierne.dk\/mors\/#\/schema\/logo\/image\/\"}},{\"@type\":\"Person\",\"@id\":\"https:\/\/kunmedierne.dk\/mors\/#\/schema\/person\/5fe23251bf1d0abbcdc6f7896579d548\",\"name\":\"David H\u00f8jmark\",\"image\":{\"@type\":\"ImageObject\",\"inLanguage\":\"da-DK\",\"@id\":\"https:\/\/kunmedierne.dk\/mors\/#\/schema\/person\/image\/\",\"url\":\"https:\/\/secure.gravatar.com\/avatar\/4315d6fb9ef244d729989f5f90268eb08d5bf8a3d84402f595fa194bb35784fd?s=96&d=mm&r=g\",\"contentUrl\":\"https:\/\/secure.gravatar.com\/avatar\/4315d6fb9ef244d729989f5f90268eb08d5bf8a3d84402f595fa194bb35784fd?s=96&d=mm&r=g\",\"caption\":\"David H\u00f8jmark\"},\"sameAs\":[\"https:\/\/www.kunmedierne.dk\"],\"url\":\"https:\/\/kunmedierne.dk\/mors\/author\/david\/\"}]}<\/script>\n<!-- \/ Yoast SEO plugin. -->","yoast_head_json":{"title":"Lokale h\u00e5ndv\u00e6rkere kan byde p\u00e5 nye ungdomsboliger i Nyk\u00f8bing - Mors","robots":{"index":"index","follow":"follow","max-snippet":"max-snippet:-1","max-image-preview":"max-image-preview:large","max-video-preview":"max-video-preview:-1"},"canonical":"https:\/\/kunmedierne.dk\/mors\/lokale-haandvaerkere-kan-byde-paa-nye-ungdomsboliger-i-nykoebing\/","og_locale":"da_DK","og_type":"article","og_title":"Lokale h\u00e5ndv\u00e6rkere kan byde p\u00e5 nye ungdomsboliger i Nyk\u00f8bing - Mors","og_description":"NYK\u00d8BING: Opf\u00f8relsen af 49 nye ungdomsboliger p\u00e5 Tranevej i Nyk\u00f8bing bliver udbudt som fagentreprise. Det oplyser Anette Svindborg, formand for Boligselskabet Nyk\u00f8bing Mors, der har haft m\u00f8de om sagen. &#8220;P\u00e5 m\u00f8det var der bred enighed om at bygge med fagentreprise, s\u00e5 vi p\u00e5 den m\u00e5de kan hj\u00e6lpe og st\u00f8tte lokale h\u00e5ndv\u00e6rkere bedst muligt,&#8221; fort\u00e6ller Anette [&hellip;]","og_url":"https:\/\/kunmedierne.dk\/mors\/lokale-haandvaerkere-kan-byde-paa-nye-ungdomsboliger-i-nykoebing\/","og_site_name":"Mors","article_published_time":"2021-01-07T17:31:04+00:00","article_modified_time":"2024-08-12T11:38:01+00:00","og_image":[{"width":770,"height":513,"url":"https:\/\/kunmedierne.dk\/mors\/wp-content\/uploads\/2021\/01\/tranevej.jpg","type":"image\/jpeg"}],"author":"David H\u00f8jmark","twitter_card":"summary_large_image","twitter_misc":{"Skrevet af":"David H\u00f8jmark","Estimeret l\u00e6setid":"3 minutter"},"schema":{"@context":"https:\/\/schema.org","@graph":[{"@type":"Article","@id":"https:\/\/kunmedierne.dk\/mors\/lokale-haandvaerkere-kan-byde-paa-nye-ungdomsboliger-i-nykoebing\/#article","isPartOf":{"@id":"https:\/\/kunmedierne.dk\/mors\/lokale-haandvaerkere-kan-byde-paa-nye-ungdomsboliger-i-nykoebing\/"},"author":{"name":"David H\u00f8jmark","@id":"https:\/\/kunmedierne.dk\/mors\/#\/schema\/person\/5fe23251bf1d0abbcdc6f7896579d548"},"headline":"Lokale h\u00e5ndv\u00e6rkere kan byde p\u00e5 nye ungdomsboliger i Nyk\u00f8bing","datePublished":"2021-01-07T17:31:04+00:00","dateModified":"2024-08-12T11:38:01+00:00","mainEntityOfPage":{"@id":"https:\/\/kunmedierne.dk\/mors\/lokale-haandvaerkere-kan-byde-paa-nye-ungdomsboliger-i-nykoebing\/"},"wordCount":637,"commentCount":0,"publisher":{"@id":"https:\/\/kunmedierne.dk\/mors\/#organization"},"image":{"@id":"https:\/\/kunmedierne.dk\/mors\/lokale-haandvaerkere-kan-byde-paa-nye-ungdomsboliger-i-nykoebing\/#primaryimage"},"thumbnailUrl":"https:\/\/kunmedierne.dk\/mors\/wp-content\/uploads\/2021\/01\/tranevej.jpg","keywords":["Skoler og uddannelse"],"articleSection":["Lokalt"],"inLanguage":"da-DK","potentialAction":[{"@type":"CommentAction","name":"Comment","target":["https:\/\/kunmedierne.dk\/mors\/lokale-haandvaerkere-kan-byde-paa-nye-ungdomsboliger-i-nykoebing\/#respond"]}]},{"@type":"WebPage","@id":"https:\/\/kunmedierne.dk\/mors\/lokale-haandvaerkere-kan-byde-paa-nye-ungdomsboliger-i-nykoebing\/","url":"https:\/\/kunmedierne.dk\/mors\/lokale-haandvaerkere-kan-byde-paa-nye-ungdomsboliger-i-nykoebing\/","name":"Lokale h\u00e5ndv\u00e6rkere kan byde p\u00e5 nye ungdomsboliger i Nyk\u00f8bing - Mors","isPartOf":{"@id":"https:\/\/kunmedierne.dk\/mors\/#website"},"primaryImageOfPage":{"@id":"https:\/\/kunmedierne.dk\/mors\/lokale-haandvaerkere-kan-byde-paa-nye-ungdomsboliger-i-nykoebing\/#primaryimage"},"image":{"@id":"https:\/\/kunmedierne.dk\/mors\/lokale-haandvaerkere-kan-byde-paa-nye-ungdomsboliger-i-nykoebing\/#primaryimage"},"thumbnailUrl":"https:\/\/kunmedierne.dk\/mors\/wp-content\/uploads\/2021\/01\/tranevej.jpg","datePublished":"2021-01-07T17:31:04+00:00","dateModified":"2024-08-12T11:38:01+00:00","breadcrumb":{"@id":"https:\/\/kunmedierne.dk\/mors\/lokale-haandvaerkere-kan-byde-paa-nye-ungdomsboliger-i-nykoebing\/#breadcrumb"},"inLanguage":"da-DK","potentialAction":[{"@type":"ReadAction","target":["https:\/\/kunmedierne.dk\/mors\/lokale-haandvaerkere-kan-byde-paa-nye-ungdomsboliger-i-nykoebing\/"]}]},{"@type":"ImageObject","inLanguage":"da-DK","@id":"https:\/\/kunmedierne.dk\/mors\/lokale-haandvaerkere-kan-byde-paa-nye-ungdomsboliger-i-nykoebing\/#primaryimage","url":"https:\/\/kunmedierne.dk\/mors\/wp-content\/uploads\/2021\/01\/tranevej.jpg","contentUrl":"https:\/\/kunmedierne.dk\/mors\/wp-content\/uploads\/2021\/01\/tranevej.jpg","width":770,"height":513,"caption":"Illustration: Boligselskabet Nyk\u00f8bing Mors"},{"@type":"BreadcrumbList","@id":"https:\/\/kunmedierne.dk\/mors\/lokale-haandvaerkere-kan-byde-paa-nye-ungdomsboliger-i-nykoebing\/#breadcrumb","itemListElement":[{"@type":"ListItem","position":1,"name":"Hjem","item":"https:\/\/kunmedierne.dk\/mors\/"},{"@type":"ListItem","position":2,"name":"Lokale h\u00e5ndv\u00e6rkere kan byde p\u00e5 nye ungdomsboliger i Nyk\u00f8bing"}]},{"@type":"WebSite","@id":"https:\/\/kunmedierne.dk\/mors\/#website","url":"https:\/\/kunmedierne.dk\/mors\/","name":"Mors","description":"et netmedie med journalistik om livet p\u00e5 Mors","publisher":{"@id":"https:\/\/kunmedierne.dk\/mors\/#organization"},"potentialAction":[{"@type":"SearchAction","target":{"@type":"EntryPoint","urlTemplate":"https:\/\/kunmedierne.dk\/mors\/?s={search_term_string}"},"query-input":{"@type":"PropertyValueSpecification","valueRequired":true,"valueName":"search_term_string"}}],"inLanguage":"da-DK"},{"@type":"Organization","@id":"https:\/\/kunmedierne.dk\/mors\/#organization","name":"Mors","url":"https:\/\/kunmedierne.dk\/mors\/","logo":{"@type":"ImageObject","inLanguage":"da-DK","@id":"https:\/\/kunmedierne.dk\/mors\/#\/schema\/logo\/image\/","url":"https:\/\/kunmedierne.dk\/mors\/wp-content\/uploads\/2024\/08\/kunmors-logo.svg","contentUrl":"https:\/\/kunmedierne.dk\/mors\/wp-content\/uploads\/2024\/08\/kunmors-logo.svg","caption":"Mors"},"image":{"@id":"https:\/\/kunmedierne.dk\/mors\/#\/schema\/logo\/image\/"}},{"@type":"Person","@id":"https:\/\/kunmedierne.dk\/mors\/#\/schema\/person\/5fe23251bf1d0abbcdc6f7896579d548","name":"David H\u00f8jmark","image":{"@type":"ImageObject","inLanguage":"da-DK","@id":"https:\/\/kunmedierne.dk\/mors\/#\/schema\/person\/image\/","url":"https:\/\/secure.gravatar.com\/avatar\/4315d6fb9ef244d729989f5f90268eb08d5bf8a3d84402f595fa194bb35784fd?s=96&d=mm&r=g","contentUrl":"https:\/\/secure.gravatar.com\/avatar\/4315d6fb9ef244d729989f5f90268eb08d5bf8a3d84402f595fa194bb35784fd?s=96&d=mm&r=g","caption":"David H\u00f8jmark"},"sameAs":["https:\/\/www.kunmedierne.dk"],"url":"https:\/\/kunmedierne.dk\/mors\/author\/david\/"}]}},"_links":{"self":[{"href":"https:\/\/kunmedierne.dk\/mors\/wp-json\/wp\/v2\/posts\/37843","targetHints":{"allow":["GET"]}}],"collection":[{"href":"https:\/\/kunmedierne.dk\/mors\/wp-json\/wp\/v2\/posts"}],"about":[{"href":"https:\/\/kunmedierne.dk\/mors\/wp-json\/wp\/v2\/types\/post"}],"author":[{"embeddable":true,"href":"https:\/\/kunmedierne.dk\/mors\/wp-json\/wp\/v2\/users\/8"}],"replies":[{"embeddable":true,"href":"https:\/\/kunmedierne.dk\/mors\/wp-json\/wp\/v2\/comments?post=37843"}],"version-history":[{"count":3,"href":"https:\/\/kunmedierne.dk\/mors\/wp-json\/wp\/v2\/posts\/37843\/revisions"}],"predecessor-version":[{"id":37852,"href":"https:\/\/kunmedierne.dk\/mors\/wp-json\/wp\/v2\/posts\/37843\/revisions\/37852"}],"wp:featuredmedia":[{"embeddable":true,"href":"https:\/\/kunmedierne.dk\/mors\/wp-json\/wp\/v2\/media\/37844"}],"wp:attachment":[{"href":"https:\/\/kunmedierne.dk\/mors\/wp-json\/wp\/v2\/media?parent=37843"}],"wp:term":[{"taxonomy":"category","embeddable":true,"href":"https:\/\/kunmedierne.dk\/mors\/wp-json\/wp\/v2\/categories?post=37843"},{"taxonomy":"post_tag","embeddable":true,"href":"https:\/\/kunmedierne.dk\/mors\/wp-json\/wp\/v2\/tags?post=37843"}],"curies":[{"name":"wp","href":"https:\/\/api.w.org\/{rel}","templated":true}]}}