{"id":37719,"date":"2021-01-04T22:22:39","date_gmt":"2021-01-04T21:22:39","guid":{"rendered":"https:\/\/kunmedierne.dk\/mors\/?p=37719"},"modified":"2024-08-12T13:38:01","modified_gmt":"2024-08-12T11:38:01","slug":"en-ualmindelig-smuk-gave-nu-med-skaar-i-glaeden","status":"publish","type":"post","link":"https:\/\/kunmedierne.dk\/mors\/en-ualmindelig-smuk-gave-nu-med-skaar-i-glaeden\/","title":{"rendered":"&#8211; En ualmindelig smuk gave, nu med sk\u00e5r i gl\u00e6den!"},"content":{"rendered":"<p><em>Fra Tage Andersen, medlem af kommunalbestyrelsen for Venstre, har vi modtaget:<\/em><\/p>\n<hr \/>\n<p><strong>NORDMORS<\/strong>: I 1978 modtog Mors\u00f8 Kommune en gave fra en Landmand og hans s\u00f8ster p\u00e5 Nordmors. Endda en ualmindelig smuk gave.<\/p>\n<p>Landmanden og s\u00f8steren havde testamenteret Skarreg\u00e5rd til Mors\u00f8 Kommune.<\/p>\n<p>En g\u00e5rd p\u00e5 209 ha jord inkl. 26 ha skov, strandslette og 2 flotte s\u00f8er. Kort sagt: En ren perle p\u00e5 Nordmors.<\/p>\n<p>P\u00e5 det tidspunkt var der rimelig h\u00f8j arbejdsl\u00f8shed, s\u00e5 stedet blev brugt som besk\u00e6ftigelsesprojekt til nogle ledige. Et fint projekt, hvor man samtidig v\u00e6rnede om den gamle fine g\u00e5rd. <a href=\"https:\/\/vester-begr.dk\"><img loading=\"lazy\" decoding=\"async\" class=\"alignright size-full wp-image-35526\" src=\"https:\/\/kunmedierne.dk\/mors\/wp-content\/uploads\/2020\/11\/ho2.jpg\" alt=\"\" width=\"1400\" height=\"125\" srcset=\"https:\/\/kunmedierne.dk\/mors\/wp-content\/uploads\/2020\/11\/ho2.jpg 1400w, https:\/\/kunmedierne.dk\/mors\/wp-content\/uploads\/2020\/11\/ho2-300x27.jpg 300w, https:\/\/kunmedierne.dk\/mors\/wp-content\/uploads\/2020\/11\/ho2-1024x91.jpg 1024w, https:\/\/kunmedierne.dk\/mors\/wp-content\/uploads\/2020\/11\/ho2-768x69.jpg 768w, https:\/\/kunmedierne.dk\/mors\/wp-content\/uploads\/2020\/11\/ho2-600x54.jpg 600w\" sizes=\"auto, (max-width: 1400px) 100vw, 1400px\" \/><\/a><\/p>\n<p>I 1992 begyndte besk\u00e6ftigelsesprojektet at mangle og folk og det gik lidt i st\u00e5. Der m\u00e5tte derfor t\u00e6nkes nyt fra kommunens side. Hvad skulle man nu med det smukke sted? Det endte med, at man spurgte Museet, om de ville overtage driften af g\u00e5rden og evt. lave landbrugsmuseum.<\/p>\n<p>Der blev lavet en driftsaftale mellem Museet og Mors\u00f8 Kommune.<\/p>\n<p>Det fungerede rigtig godt i mange \u00e5r. Indenfor de sidste par \u00e5r, er det desv\u00e6rre g\u00e5et den forkerte vej.<\/p>\n<p>Jeg er her p\u00e5 det sidste blevet kontaktet af mange, der sp\u00f8rger \u201dHvad er det dog der sker p\u00e5 Skarreg\u00e5rd? \u2013 Det er som om alt er g\u00e5et i st\u00e5!\u201d<\/p>\n<p>De siger n\u00e6sten i kor \u201dF\u00e5 arrangementer\u201d, \u201dIngen eller ringe vedligeholdelse\u201d, og jeg er enig! Det ser simpelthen forf\u00e6rdeligt ud p\u00e5 stedet.<\/p>\n<p>Nu er man s\u00e5 derforuden, uden at kontakte ejeren, Mors\u00f8 Kommune, uh\u00e6mmet begyndt at f\u00e6lde en del skov omkring Skarreg\u00e5rd. Jeg tillader mig at sp\u00f8rge: Med hvilket form\u00e5l?<\/p>\n<p>Med stedets herlighedsv\u00e6rdi, synes jeg i stedet, man n\u00e6nsomt b\u00f8r passe og pleje beplantningen\/tr\u00e6erne, s\u00e5 det fortsat kan v\u00e6re et yndet udflugtsm\u00e5l og en god naturoplevelse for b\u00e5de lokale nordmors-folk, morsingboere og g\u00e6ster\/turister. <a href=\"https:\/\/www.braendselsforeningen.dk\/\"><img loading=\"lazy\" decoding=\"async\" class=\"alignright size-full wp-image-36029\" src=\"https:\/\/kunmedierne.dk\/mors\/wp-content\/uploads\/2020\/11\/Br\u00e6ndselsforeningen.jpg\" alt=\"\" width=\"1425\" height=\"127\" srcset=\"https:\/\/kunmedierne.dk\/mors\/wp-content\/uploads\/2020\/11\/Br\u00e6ndselsforeningen.jpg 1425w, https:\/\/kunmedierne.dk\/mors\/wp-content\/uploads\/2020\/11\/Br\u00e6ndselsforeningen-300x27.jpg 300w, https:\/\/kunmedierne.dk\/mors\/wp-content\/uploads\/2020\/11\/Br\u00e6ndselsforeningen-1024x91.jpg 1024w, https:\/\/kunmedierne.dk\/mors\/wp-content\/uploads\/2020\/11\/Br\u00e6ndselsforeningen-768x68.jpg 768w, https:\/\/kunmedierne.dk\/mors\/wp-content\/uploads\/2020\/11\/Br\u00e6ndselsforeningen-600x53.jpg 600w\" sizes=\"auto, (max-width: 1425px) 100vw, 1425px\" \/><\/a><\/p>\n<p>Som Nordmors-mand og medlem af kommunalbestyrelsen er jeg n\u00f8d til at reagere, n\u00e5r befolkningen henvender sig til mig om dette.<\/p>\n<p>M\u00e5ske skulle der sadles om, s\u00e5 det drives p\u00e5 en anden m\u00e5de fremover; M\u00e5ske skal stedet drives af en forening\/frivillige, m\u00e5ske skal stedet igen v\u00e6re et besk\u00e6ftigelsesprojekt!<\/p>\n<p>En ting er i hvert fald sikkert: Et eller andet m\u00e5 der g\u00f8res!<\/p>\n<hr \/>\n<p><em>Har du et bidrag til den lokale debat? Send det til os p\u00e5 e-mail: debat@kunmedierne.dk\/mors. Husk at l\u00e6se korrektur inden afsendelse p\u00e5 indl\u00e6gget.<\/em><\/p>\n","protected":false},"excerpt":{"rendered":"<p>Fra Tage Andersen, medlem af kommunalbestyrelsen for Venstre, har vi modtaget: NORDMORS: I 1978 modtog Mors\u00f8 Kommune en gave fra en Landmand og hans s\u00f8ster p\u00e5 Nordmors. Endda en ualmindelig smuk gave. Landmanden og s\u00f8steren havde testamenteret Skarreg\u00e5rd til Mors\u00f8 Kommune. En g\u00e5rd p\u00e5 209 ha jord inkl. 26 ha skov, strandslette og 2 flotte [&hellip;]<\/p>\n","protected":false},"author":11,"featured_media":37722,"comment_status":"open","ping_status":"open","sticky":false,"template":"","format":"standard","meta":{"_acf_changed":false,"footnotes":""},"categories":[56],"tags":[167,171],"class_list":["post-37719","post","type-post","status-publish","format-standard","has-post-thumbnail","hentry","category-debat","tag-politik","tag-turisme"],"acf":[],"yoast_head":"<!-- This site is optimized with the Yoast SEO plugin v26.8 - https:\/\/yoast.com\/product\/yoast-seo-wordpress\/ -->\n<title>- En ualmindelig smuk gave, nu med sk\u00e5r i gl\u00e6den! - Mors<\/title>\n<meta name=\"robots\" content=\"index, follow, max-snippet:-1, max-image-preview:large, max-video-preview:-1\" \/>\n<link rel=\"canonical\" href=\"https:\/\/kunmedierne.dk\/mors\/en-ualmindelig-smuk-gave-nu-med-skaar-i-glaeden\/\" \/>\n<meta property=\"og:locale\" content=\"da_DK\" \/>\n<meta property=\"og:type\" content=\"article\" \/>\n<meta property=\"og:title\" content=\"- En ualmindelig smuk gave, nu med sk\u00e5r i gl\u00e6den! - Mors\" \/>\n<meta property=\"og:description\" content=\"Fra Tage Andersen, medlem af kommunalbestyrelsen for Venstre, har vi modtaget: NORDMORS: I 1978 modtog Mors\u00f8 Kommune en gave fra en Landmand og hans s\u00f8ster p\u00e5 Nordmors. Endda en ualmindelig smuk gave. Landmanden og s\u00f8steren havde testamenteret Skarreg\u00e5rd til Mors\u00f8 Kommune. En g\u00e5rd p\u00e5 209 ha jord inkl. 26 ha skov, strandslette og 2 flotte [&hellip;]\" \/>\n<meta property=\"og:url\" content=\"https:\/\/kunmedierne.dk\/mors\/en-ualmindelig-smuk-gave-nu-med-skaar-i-glaeden\/\" \/>\n<meta property=\"og:site_name\" content=\"Mors\" \/>\n<meta property=\"article:published_time\" content=\"2021-01-04T21:22:39+00:00\" \/>\n<meta property=\"article:modified_time\" content=\"2024-08-12T11:38:01+00:00\" \/>\n<meta property=\"og:image\" content=\"https:\/\/kunmedierne.dk\/mors\/wp-content\/uploads\/2021\/01\/Tage-Andersen.jpg\" \/>\n\t<meta property=\"og:image:width\" content=\"770\" \/>\n\t<meta property=\"og:image:height\" content=\"513\" \/>\n\t<meta property=\"og:image:type\" content=\"image\/jpeg\" \/>\n<meta name=\"author\" content=\"Debat\" \/>\n<meta name=\"twitter:card\" content=\"summary_large_image\" \/>\n<meta name=\"twitter:label1\" content=\"Skrevet af\" \/>\n\t<meta name=\"twitter:data1\" content=\"Debat\" \/>\n\t<meta name=\"twitter:label2\" content=\"Estimeret l\u00e6setid\" \/>\n\t<meta name=\"twitter:data2\" content=\"2 minutter\" \/>\n<script type=\"application\/ld+json\" class=\"yoast-schema-graph\">{\"@context\":\"https:\/\/schema.org\",\"@graph\":[{\"@type\":\"Article\",\"@id\":\"https:\/\/kunmedierne.dk\/mors\/en-ualmindelig-smuk-gave-nu-med-skaar-i-glaeden\/#article\",\"isPartOf\":{\"@id\":\"https:\/\/kunmedierne.dk\/mors\/en-ualmindelig-smuk-gave-nu-med-skaar-i-glaeden\/\"},\"author\":{\"name\":\"Debat\",\"@id\":\"https:\/\/kunmedierne.dk\/mors\/#\/schema\/person\/84c1391bce0b43b9bb3a49736bc0ad78\"},\"headline\":\"&#8211; En ualmindelig smuk gave, nu med sk\u00e5r i gl\u00e6den!\",\"datePublished\":\"2021-01-04T21:22:39+00:00\",\"dateModified\":\"2024-08-12T11:38:01+00:00\",\"mainEntityOfPage\":{\"@id\":\"https:\/\/kunmedierne.dk\/mors\/en-ualmindelig-smuk-gave-nu-med-skaar-i-glaeden\/\"},\"wordCount\":421,\"commentCount\":0,\"publisher\":{\"@id\":\"https:\/\/kunmedierne.dk\/mors\/#organization\"},\"image\":{\"@id\":\"https:\/\/kunmedierne.dk\/mors\/en-ualmindelig-smuk-gave-nu-med-skaar-i-glaeden\/#primaryimage\"},\"thumbnailUrl\":\"https:\/\/kunmedierne.dk\/mors\/wp-content\/uploads\/2021\/01\/Tage-Andersen.jpg\",\"keywords\":[\"Politik\",\"Turisme\"],\"articleSection\":[\"Debat\"],\"inLanguage\":\"da-DK\",\"potentialAction\":[{\"@type\":\"CommentAction\",\"name\":\"Comment\",\"target\":[\"https:\/\/kunmedierne.dk\/mors\/en-ualmindelig-smuk-gave-nu-med-skaar-i-glaeden\/#respond\"]}]},{\"@type\":\"WebPage\",\"@id\":\"https:\/\/kunmedierne.dk\/mors\/en-ualmindelig-smuk-gave-nu-med-skaar-i-glaeden\/\",\"url\":\"https:\/\/kunmedierne.dk\/mors\/en-ualmindelig-smuk-gave-nu-med-skaar-i-glaeden\/\",\"name\":\"- En ualmindelig smuk gave, nu med sk\u00e5r i gl\u00e6den! - Mors\",\"isPartOf\":{\"@id\":\"https:\/\/kunmedierne.dk\/mors\/#website\"},\"primaryImageOfPage\":{\"@id\":\"https:\/\/kunmedierne.dk\/mors\/en-ualmindelig-smuk-gave-nu-med-skaar-i-glaeden\/#primaryimage\"},\"image\":{\"@id\":\"https:\/\/kunmedierne.dk\/mors\/en-ualmindelig-smuk-gave-nu-med-skaar-i-glaeden\/#primaryimage\"},\"thumbnailUrl\":\"https:\/\/kunmedierne.dk\/mors\/wp-content\/uploads\/2021\/01\/Tage-Andersen.jpg\",\"datePublished\":\"2021-01-04T21:22:39+00:00\",\"dateModified\":\"2024-08-12T11:38:01+00:00\",\"breadcrumb\":{\"@id\":\"https:\/\/kunmedierne.dk\/mors\/en-ualmindelig-smuk-gave-nu-med-skaar-i-glaeden\/#breadcrumb\"},\"inLanguage\":\"da-DK\",\"potentialAction\":[{\"@type\":\"ReadAction\",\"target\":[\"https:\/\/kunmedierne.dk\/mors\/en-ualmindelig-smuk-gave-nu-med-skaar-i-glaeden\/\"]}]},{\"@type\":\"ImageObject\",\"inLanguage\":\"da-DK\",\"@id\":\"https:\/\/kunmedierne.dk\/mors\/en-ualmindelig-smuk-gave-nu-med-skaar-i-glaeden\/#primaryimage\",\"url\":\"https:\/\/kunmedierne.dk\/mors\/wp-content\/uploads\/2021\/01\/Tage-Andersen.jpg\",\"contentUrl\":\"https:\/\/kunmedierne.dk\/mors\/wp-content\/uploads\/2021\/01\/Tage-Andersen.jpg\",\"width\":770,\"height\":513,\"caption\":\"Tage Andersen ved de f\u00e6ldede tr\u00e6er p\u00e5 Skarregaard. Privatfoto\"},{\"@type\":\"BreadcrumbList\",\"@id\":\"https:\/\/kunmedierne.dk\/mors\/en-ualmindelig-smuk-gave-nu-med-skaar-i-glaeden\/#breadcrumb\",\"itemListElement\":[{\"@type\":\"ListItem\",\"position\":1,\"name\":\"Hjem\",\"item\":\"https:\/\/kunmedierne.dk\/mors\/\"},{\"@type\":\"ListItem\",\"position\":2,\"name\":\"&#8211; En ualmindelig smuk gave, nu med sk\u00e5r i gl\u00e6den!\"}]},{\"@type\":\"WebSite\",\"@id\":\"https:\/\/kunmedierne.dk\/mors\/#website\",\"url\":\"https:\/\/kunmedierne.dk\/mors\/\",\"name\":\"Mors\",\"description\":\"et netmedie med journalistik om livet p\u00e5 Mors\",\"publisher\":{\"@id\":\"https:\/\/kunmedierne.dk\/mors\/#organization\"},\"potentialAction\":[{\"@type\":\"SearchAction\",\"target\":{\"@type\":\"EntryPoint\",\"urlTemplate\":\"https:\/\/kunmedierne.dk\/mors\/?s={search_term_string}\"},\"query-input\":{\"@type\":\"PropertyValueSpecification\",\"valueRequired\":true,\"valueName\":\"search_term_string\"}}],\"inLanguage\":\"da-DK\"},{\"@type\":\"Organization\",\"@id\":\"https:\/\/kunmedierne.dk\/mors\/#organization\",\"name\":\"Mors\",\"url\":\"https:\/\/kunmedierne.dk\/mors\/\",\"logo\":{\"@type\":\"ImageObject\",\"inLanguage\":\"da-DK\",\"@id\":\"https:\/\/kunmedierne.dk\/mors\/#\/schema\/logo\/image\/\",\"url\":\"https:\/\/kunmedierne.dk\/mors\/wp-content\/uploads\/2024\/08\/kunmors-logo.svg\",\"contentUrl\":\"https:\/\/kunmedierne.dk\/mors\/wp-content\/uploads\/2024\/08\/kunmors-logo.svg\",\"caption\":\"Mors\"},\"image\":{\"@id\":\"https:\/\/kunmedierne.dk\/mors\/#\/schema\/logo\/image\/\"}},{\"@type\":\"Person\",\"@id\":\"https:\/\/kunmedierne.dk\/mors\/#\/schema\/person\/84c1391bce0b43b9bb3a49736bc0ad78\",\"name\":\"Debat\",\"image\":{\"@type\":\"ImageObject\",\"inLanguage\":\"da-DK\",\"@id\":\"https:\/\/kunmedierne.dk\/mors\/#\/schema\/person\/image\/\",\"url\":\"https:\/\/secure.gravatar.com\/avatar\/b0fb2e221d618f7c65162ab0d49c7e8a0b580c871ca03af90e42b47b4150654c?s=96&d=mm&r=g\",\"contentUrl\":\"https:\/\/secure.gravatar.com\/avatar\/b0fb2e221d618f7c65162ab0d49c7e8a0b580c871ca03af90e42b47b4150654c?s=96&d=mm&r=g\",\"caption\":\"Debat\"},\"url\":\"https:\/\/kunmedierne.dk\/mors\/author\/debat\/\"}]}<\/script>\n<!-- \/ Yoast SEO plugin. -->","yoast_head_json":{"title":"- En ualmindelig smuk gave, nu med sk\u00e5r i gl\u00e6den! - Mors","robots":{"index":"index","follow":"follow","max-snippet":"max-snippet:-1","max-image-preview":"max-image-preview:large","max-video-preview":"max-video-preview:-1"},"canonical":"https:\/\/kunmedierne.dk\/mors\/en-ualmindelig-smuk-gave-nu-med-skaar-i-glaeden\/","og_locale":"da_DK","og_type":"article","og_title":"- En ualmindelig smuk gave, nu med sk\u00e5r i gl\u00e6den! - Mors","og_description":"Fra Tage Andersen, medlem af kommunalbestyrelsen for Venstre, har vi modtaget: NORDMORS: I 1978 modtog Mors\u00f8 Kommune en gave fra en Landmand og hans s\u00f8ster p\u00e5 Nordmors. Endda en ualmindelig smuk gave. Landmanden og s\u00f8steren havde testamenteret Skarreg\u00e5rd til Mors\u00f8 Kommune. En g\u00e5rd p\u00e5 209 ha jord inkl. 26 ha skov, strandslette og 2 flotte [&hellip;]","og_url":"https:\/\/kunmedierne.dk\/mors\/en-ualmindelig-smuk-gave-nu-med-skaar-i-glaeden\/","og_site_name":"Mors","article_published_time":"2021-01-04T21:22:39+00:00","article_modified_time":"2024-08-12T11:38:01+00:00","og_image":[{"width":770,"height":513,"url":"https:\/\/kunmedierne.dk\/mors\/wp-content\/uploads\/2021\/01\/Tage-Andersen.jpg","type":"image\/jpeg"}],"author":"Debat","twitter_card":"summary_large_image","twitter_misc":{"Skrevet af":"Debat","Estimeret l\u00e6setid":"2 minutter"},"schema":{"@context":"https:\/\/schema.org","@graph":[{"@type":"Article","@id":"https:\/\/kunmedierne.dk\/mors\/en-ualmindelig-smuk-gave-nu-med-skaar-i-glaeden\/#article","isPartOf":{"@id":"https:\/\/kunmedierne.dk\/mors\/en-ualmindelig-smuk-gave-nu-med-skaar-i-glaeden\/"},"author":{"name":"Debat","@id":"https:\/\/kunmedierne.dk\/mors\/#\/schema\/person\/84c1391bce0b43b9bb3a49736bc0ad78"},"headline":"&#8211; En ualmindelig smuk gave, nu med sk\u00e5r i gl\u00e6den!","datePublished":"2021-01-04T21:22:39+00:00","dateModified":"2024-08-12T11:38:01+00:00","mainEntityOfPage":{"@id":"https:\/\/kunmedierne.dk\/mors\/en-ualmindelig-smuk-gave-nu-med-skaar-i-glaeden\/"},"wordCount":421,"commentCount":0,"publisher":{"@id":"https:\/\/kunmedierne.dk\/mors\/#organization"},"image":{"@id":"https:\/\/kunmedierne.dk\/mors\/en-ualmindelig-smuk-gave-nu-med-skaar-i-glaeden\/#primaryimage"},"thumbnailUrl":"https:\/\/kunmedierne.dk\/mors\/wp-content\/uploads\/2021\/01\/Tage-Andersen.jpg","keywords":["Politik","Turisme"],"articleSection":["Debat"],"inLanguage":"da-DK","potentialAction":[{"@type":"CommentAction","name":"Comment","target":["https:\/\/kunmedierne.dk\/mors\/en-ualmindelig-smuk-gave-nu-med-skaar-i-glaeden\/#respond"]}]},{"@type":"WebPage","@id":"https:\/\/kunmedierne.dk\/mors\/en-ualmindelig-smuk-gave-nu-med-skaar-i-glaeden\/","url":"https:\/\/kunmedierne.dk\/mors\/en-ualmindelig-smuk-gave-nu-med-skaar-i-glaeden\/","name":"- En ualmindelig smuk gave, nu med sk\u00e5r i gl\u00e6den! - Mors","isPartOf":{"@id":"https:\/\/kunmedierne.dk\/mors\/#website"},"primaryImageOfPage":{"@id":"https:\/\/kunmedierne.dk\/mors\/en-ualmindelig-smuk-gave-nu-med-skaar-i-glaeden\/#primaryimage"},"image":{"@id":"https:\/\/kunmedierne.dk\/mors\/en-ualmindelig-smuk-gave-nu-med-skaar-i-glaeden\/#primaryimage"},"thumbnailUrl":"https:\/\/kunmedierne.dk\/mors\/wp-content\/uploads\/2021\/01\/Tage-Andersen.jpg","datePublished":"2021-01-04T21:22:39+00:00","dateModified":"2024-08-12T11:38:01+00:00","breadcrumb":{"@id":"https:\/\/kunmedierne.dk\/mors\/en-ualmindelig-smuk-gave-nu-med-skaar-i-glaeden\/#breadcrumb"},"inLanguage":"da-DK","potentialAction":[{"@type":"ReadAction","target":["https:\/\/kunmedierne.dk\/mors\/en-ualmindelig-smuk-gave-nu-med-skaar-i-glaeden\/"]}]},{"@type":"ImageObject","inLanguage":"da-DK","@id":"https:\/\/kunmedierne.dk\/mors\/en-ualmindelig-smuk-gave-nu-med-skaar-i-glaeden\/#primaryimage","url":"https:\/\/kunmedierne.dk\/mors\/wp-content\/uploads\/2021\/01\/Tage-Andersen.jpg","contentUrl":"https:\/\/kunmedierne.dk\/mors\/wp-content\/uploads\/2021\/01\/Tage-Andersen.jpg","width":770,"height":513,"caption":"Tage Andersen ved de f\u00e6ldede tr\u00e6er p\u00e5 Skarregaard. Privatfoto"},{"@type":"BreadcrumbList","@id":"https:\/\/kunmedierne.dk\/mors\/en-ualmindelig-smuk-gave-nu-med-skaar-i-glaeden\/#breadcrumb","itemListElement":[{"@type":"ListItem","position":1,"name":"Hjem","item":"https:\/\/kunmedierne.dk\/mors\/"},{"@type":"ListItem","position":2,"name":"&#8211; En ualmindelig smuk gave, nu med sk\u00e5r i gl\u00e6den!"}]},{"@type":"WebSite","@id":"https:\/\/kunmedierne.dk\/mors\/#website","url":"https:\/\/kunmedierne.dk\/mors\/","name":"Mors","description":"et netmedie med journalistik om livet p\u00e5 Mors","publisher":{"@id":"https:\/\/kunmedierne.dk\/mors\/#organization"},"potentialAction":[{"@type":"SearchAction","target":{"@type":"EntryPoint","urlTemplate":"https:\/\/kunmedierne.dk\/mors\/?s={search_term_string}"},"query-input":{"@type":"PropertyValueSpecification","valueRequired":true,"valueName":"search_term_string"}}],"inLanguage":"da-DK"},{"@type":"Organization","@id":"https:\/\/kunmedierne.dk\/mors\/#organization","name":"Mors","url":"https:\/\/kunmedierne.dk\/mors\/","logo":{"@type":"ImageObject","inLanguage":"da-DK","@id":"https:\/\/kunmedierne.dk\/mors\/#\/schema\/logo\/image\/","url":"https:\/\/kunmedierne.dk\/mors\/wp-content\/uploads\/2024\/08\/kunmors-logo.svg","contentUrl":"https:\/\/kunmedierne.dk\/mors\/wp-content\/uploads\/2024\/08\/kunmors-logo.svg","caption":"Mors"},"image":{"@id":"https:\/\/kunmedierne.dk\/mors\/#\/schema\/logo\/image\/"}},{"@type":"Person","@id":"https:\/\/kunmedierne.dk\/mors\/#\/schema\/person\/84c1391bce0b43b9bb3a49736bc0ad78","name":"Debat","image":{"@type":"ImageObject","inLanguage":"da-DK","@id":"https:\/\/kunmedierne.dk\/mors\/#\/schema\/person\/image\/","url":"https:\/\/secure.gravatar.com\/avatar\/b0fb2e221d618f7c65162ab0d49c7e8a0b580c871ca03af90e42b47b4150654c?s=96&d=mm&r=g","contentUrl":"https:\/\/secure.gravatar.com\/avatar\/b0fb2e221d618f7c65162ab0d49c7e8a0b580c871ca03af90e42b47b4150654c?s=96&d=mm&r=g","caption":"Debat"},"url":"https:\/\/kunmedierne.dk\/mors\/author\/debat\/"}]}},"_links":{"self":[{"href":"https:\/\/kunmedierne.dk\/mors\/wp-json\/wp\/v2\/posts\/37719","targetHints":{"allow":["GET"]}}],"collection":[{"href":"https:\/\/kunmedierne.dk\/mors\/wp-json\/wp\/v2\/posts"}],"about":[{"href":"https:\/\/kunmedierne.dk\/mors\/wp-json\/wp\/v2\/types\/post"}],"author":[{"embeddable":true,"href":"https:\/\/kunmedierne.dk\/mors\/wp-json\/wp\/v2\/users\/11"}],"replies":[{"embeddable":true,"href":"https:\/\/kunmedierne.dk\/mors\/wp-json\/wp\/v2\/comments?post=37719"}],"version-history":[{"count":3,"href":"https:\/\/kunmedierne.dk\/mors\/wp-json\/wp\/v2\/posts\/37719\/revisions"}],"predecessor-version":[{"id":37723,"href":"https:\/\/kunmedierne.dk\/mors\/wp-json\/wp\/v2\/posts\/37719\/revisions\/37723"}],"wp:featuredmedia":[{"embeddable":true,"href":"https:\/\/kunmedierne.dk\/mors\/wp-json\/wp\/v2\/media\/37722"}],"wp:attachment":[{"href":"https:\/\/kunmedierne.dk\/mors\/wp-json\/wp\/v2\/media?parent=37719"}],"wp:term":[{"taxonomy":"category","embeddable":true,"href":"https:\/\/kunmedierne.dk\/mors\/wp-json\/wp\/v2\/categories?post=37719"},{"taxonomy":"post_tag","embeddable":true,"href":"https:\/\/kunmedierne.dk\/mors\/wp-json\/wp\/v2\/tags?post=37719"}],"curies":[{"name":"wp","href":"https:\/\/api.w.org\/{rel}","templated":true}]}}