{"id":37671,"date":"2021-01-04T13:20:55","date_gmt":"2021-01-04T12:20:55","guid":{"rendered":"https:\/\/kunmedierne.dk\/mors\/?p=37671"},"modified":"2024-08-12T13:38:02","modified_gmt":"2024-08-12T11:38:02","slug":"vi-skal-have-brudt-venstres-absolutte-flertal","status":"publish","type":"post","link":"https:\/\/kunmedierne.dk\/mors\/vi-skal-have-brudt-venstres-absolutte-flertal\/","title":{"rendered":"&#8211; Vi skal have brudt Venstres absolutte flertal"},"content":{"rendered":"<p><strong>MORS<\/strong>: Der skal mere milj\u00f8 og klimapolitik p\u00e5 dagsordenen i kommunalbestyrelsen. Og beslutningerne i det lokale parlament skal i h\u00f8jere grad tages hen over midten.<\/p>\n<p>Det mener en af dem, der til november fors\u00f8ger at blive valgt. Og rent faktisk tog Lars Bo Majgaard, ny kandidat for Radikale Venstre, beslutningen om at stille op som en direkte konsekvens af Venstres jordskredssejr ved valget i 2016 &#8211; og kommunalbestyrelsens sammens\u00e6tning derefter.<\/p>\n<p>&#8220;Jeg t\u00e6nkte, at det simpelthen ikke kunne passe, at der kun var et parti til venstre for Socialdemokratiet &#8211; dengang Enhedslisten &#8211; der ville stille op til kommunalvalget. S\u00e5 allerede dengang tog jeg s\u00e5dan set beslutningen om, at jeg i 2020 ville melde mig ind i Radikale Venstre og stille op,&#8221; siger han.<\/p>\n<p>Ved valget i 2017 besatte Venstre 12 af de 21 pladser i kommunalbestyrelsen. Siden bragte Jette Jepsen antallet ned p\u00e5 11, da hun i 2019 forlod Venstre for i stedet at repr\u00e6sentere Radikale Venstre. Men Lars Bo Majgaard ser gerne antallet af Venstre-mandater ned p\u00e5 10 for at bryde det, han beskriver som et magtmonopol. <a href=\"https:\/\/morsoe-begravelsesforretning.dk\/\"><img loading=\"lazy\" decoding=\"async\" class=\"alignright size-full wp-image-35519\" src=\"https:\/\/kunmedierne.dk\/mors\/wp-content\/uploads\/2020\/11\/ho5.jpg\" alt=\"\" width=\"1425\" height=\"127\" srcset=\"https:\/\/kunmedierne.dk\/mors\/wp-content\/uploads\/2020\/11\/ho5.jpg 1425w, https:\/\/kunmedierne.dk\/mors\/wp-content\/uploads\/2020\/11\/ho5-300x27.jpg 300w, https:\/\/kunmedierne.dk\/mors\/wp-content\/uploads\/2020\/11\/ho5-1024x91.jpg 1024w, https:\/\/kunmedierne.dk\/mors\/wp-content\/uploads\/2020\/11\/ho5-768x68.jpg 768w, https:\/\/kunmedierne.dk\/mors\/wp-content\/uploads\/2020\/11\/ho5-600x53.jpg 600w\" sizes=\"auto, (max-width: 1425px) 100vw, 1425px\" \/><\/a><\/p>\n<p>&#8220;Nogle vil sige, at man bare skal kigge p\u00e5 vores egen statsminister og hvad der sker, n\u00e5r man f\u00e5r for meget magt. Det er ikke godt. S\u00e5 for mig vil det allerst\u00f8rste m\u00e5l v\u00e6re at f\u00e5 brudt det absolutte flertal, som Venstre har i kommunalbestyrelsen i \u00f8jeblikket. For det er ikke sundt, at magten er koncentreret,&#8221; siger han.<\/p>\n<p>&nbsp;<\/p>\n<p><strong>Klimaet skal i fokus p\u00e5 Mors<\/strong><\/p>\n<p>Lige som Jette Jepsen har Lars Bo Majgaard v\u00e6ret p\u00e5 en politisk rejse ind mod midten i dansk politik.<\/p>\n<p>Det var dog fra den venstre side som udgangspunkt.<\/p>\n<p>&#8220;Jeg har v\u00e6ret mere r\u00f8d, end jeg er i dag. Jeg har stemt p\u00e5 SF og Socialdemokratiet,&#8221; fort\u00e6ller han om sine yngre \u00e5r i stemmeboksene.<\/p>\n<p>Og nogle af v\u00e6rdierne har han stadig, understreger han.<\/p>\n<p>&#8220;Nu bliver det lidt teknisk, for der er jo noget, der hedder v\u00e6rdipolitik, og der er noget, der hedder fordelingspolitik. P\u00e5 fordelingspolitikken startede jeg l\u00e6ngere til venstre og er m\u00e5ske blevet en lille smule mere socialliberal. Men p\u00e5 v\u00e6rdipolitikken &#8211; og det er der, jeg t\u00e6nker, at de radikale har noget at byde ind p\u00e5 &#8211; vil mange nok stadig kalde mig venstreorienteret,&#8221; siger Lars Bo Majgaard og n\u00e6vner strafferammer for kriminalitet, indvandringspolitik og EU som omr\u00e5der, hvor han stadig er til venstre for midten.<\/p>\n<p>&#8220;Og milj\u00f8 ikke at forglemme,&#8221; understreger han.<\/p>\n<p>Det er nemlig et omr\u00e5de, han forestiller sig at arbejde h\u00e5rdt for, hvis han bliver valgt ind i den lokale kommunalbestyrelse.<\/p>\n<p>&#8220;Vi skal have gjort Mors\u00f8 Kommune mere klimavenlig. Hvis jeg f\u00e5r noget at skulle have sagt i forhold til, hvad der skal p\u00e5 dagsordenen og diskuteres, er klima et af punkterne,&#8221; siger Lars Bo Majgaard og s\u00e6tter ord p\u00e5 betydning af en lokal indsats for klimaet.<\/p>\n<p>&#8220;Jeg er godt klar over, at i det store billede er det sm\u00e5ting. Men det handler om, at man skal arbejde med det b\u00e5de p\u00e5 det personlige plan og i familierne &#8211; og lokalt, regionalt, nationalt og internationalt, hvis vi skal have det til at lykkes,&#8221; lyder det, inden han runder klimasp\u00f8rgsm\u00e5let af med:<\/p>\n<p>&#8220;Jeg vil gerne v\u00e6re klimatossen p\u00e5 Mors ved kommunalvalget i 2021.&#8221;<\/p>\n<p>&nbsp;<\/p>\n<p><strong>Skal k\u00e6mpe for uddannelserne<\/strong><\/p>\n<p>Den 51-\u00e5rige samfundsfagsl\u00e6rer ved Thy-Mors HF &amp; VUC har ogs\u00e5 uddannelse i tankerne i sin mulige rolle som lokalpolitiker. Og helt konkret er det s\u00e6rligt omr\u00e5det omkring de uddannelsestilbuddene p\u00e5 Limfjordsvej i Nyk\u00f8bing, han har fokus p\u00e5.<\/p>\n<p>&#8220;Vi er n\u00f8dt til som kommune at sikre, at det bevarer sin eksistens. Ellers ser det sort ud for Mors\u00f8 Kommune i forhold til at tiltr\u00e6kke nye indbyggere i fremtiden,&#8221; siger han og udtrykker en reel frygt p\u00e5 vegne af eksempelvis Mors\u00f8 Gymnasium.<\/p>\n<p>&#8220;Hvis du kigger p\u00e5 ans\u00f8gningstallet til gymnasiet, m\u00e5 man sige, at hvis det skal v\u00e6re et selvst\u00e6ndigt fungerende gymnasium, tror jeg, at det er p\u00e5 et minimum allerede nu i forhold til at kunne eksistere,&#8221; siger han og formulerer overvejelser om et t\u00e6ttere samarbejde mellem tilbuddene i omr\u00e5det. <a href=\"https:\/\/www.braendselsforeningen.dk\/\"><img loading=\"lazy\" decoding=\"async\" class=\"alignright size-full wp-image-36029\" src=\"https:\/\/kunmedierne.dk\/mors\/wp-content\/uploads\/2020\/11\/Br\u00e6ndselsforeningen.jpg\" alt=\"\" width=\"1425\" height=\"127\" srcset=\"https:\/\/kunmedierne.dk\/mors\/wp-content\/uploads\/2020\/11\/Br\u00e6ndselsforeningen.jpg 1425w, https:\/\/kunmedierne.dk\/mors\/wp-content\/uploads\/2020\/11\/Br\u00e6ndselsforeningen-300x27.jpg 300w, https:\/\/kunmedierne.dk\/mors\/wp-content\/uploads\/2020\/11\/Br\u00e6ndselsforeningen-1024x91.jpg 1024w, https:\/\/kunmedierne.dk\/mors\/wp-content\/uploads\/2020\/11\/Br\u00e6ndselsforeningen-768x68.jpg 768w, https:\/\/kunmedierne.dk\/mors\/wp-content\/uploads\/2020\/11\/Br\u00e6ndselsforeningen-600x53.jpg 600w\" sizes=\"auto, (max-width: 1425px) 100vw, 1425px\" \/><\/a><\/p>\n<p>&#8220;Om man fra kommunens side kan g\u00f8re noget for at f\u00e5 lavet et samarbejde og g\u00f8re det til et decideret campus eller hvad pokker, man kunne g\u00f8re, ved jeg ikke. Men det er i hvert fald noget, man for mig at se har et ansvar i forhold til at fastholde,&#8221; siger Lars Bo Majgaard.<\/p>\n<p>&#8220;Jeg er godt klar over, at det er selvejende institutioner, der bor p\u00e5 Limfjordsvej, men jeg tror, at man kunne hj\u00e6lpe dem mere, end man g\u00f8r i \u00f8jeblikket. Det er mit indtryk,&#8221; siger han.<\/p>\n<p>Det g\u00f8r han ogs\u00e5 med befolkningstallet p\u00e5 Mors i tankerne.<\/p>\n<p>&#8220;Jeg er jo ikke naiv. Jeg ved godt, at det formentlig kun forts\u00e6tter \u00e9n vej, og at det bliver en udfordring at bevare de ting. Det bliver sv\u00e6rt. Det er jo ikke bare en lokal udvikling, at befolkningstallet i udkantsomr\u00e5derne falder &#8211; det vil det sikkert forts\u00e6tte med. S\u00e5 det kr\u00e6ver, at vi bruger alle de sk\u00e6ve hjerner og al den kreativitet, vi overhovedet kan m\u00f8nstre, og at vi samarbejder p\u00e5 alle niveauer for at im\u00f8deg\u00e5 udviklingen,&#8221; siger han.<\/p>\n<p>&nbsp;<\/p>\n<p><strong>Driller sin svoger i Venstre<\/strong><\/p>\n<p>Om det s\u00e5 bliver med ham som en af de politiske beslutningstagere, vil vise sig til november. Skulle det ske, l\u00e6gger Lars Bo Majgaard i \u00f8vrigt ikke skjul p\u00e5, at han har et pensum at terpe i.<\/p>\n<p>&#8220;Jeg kommer helt sikkert til at skulle l\u00e6se op p\u00e5 nogle ting. Og hvis jeg skal ud og sidde til v\u00e6lgerm\u00f8der, vil der givet v\u00e6re sp\u00f8rgsm\u00e5l, jeg ikke vil kunne svare p\u00e5 og ikke vil kunne forholde mig til &#8211; s\u00e5dan lige umiddelbart. Jeg har ikke v\u00e6ret en del af gamet og er helt ny. Men jeg synes ogs\u00e5, at der skal nye ind og ruske lidt op i det en gang imellem,&#8221; siger han &#8211; og lyder p\u00e5 den m\u00e5de lidt som sin svoger, Venstre-kandidaten Henrik &#8216;Sivert&#8217; Kristensen, der i et af denne series tidligere afsnit ogs\u00e5 har givet udtryk for at v\u00e6re gr\u00f8n p\u00e5 omr\u00e5det som politisk kandidat.<\/p>\n<p>De to har desuden h\u00e5ndboldinteressen til f\u00e6lles. Og begge har gearet ned p\u00e5 tidsforbruget og ogs\u00e5 p\u00e5 den m\u00e5de skabt plads til en ny tilv\u00e6relse som politiker. <a href=\"https:\/\/vognmand-filtenborg.dk\/\"><img loading=\"lazy\" decoding=\"async\" class=\"alignright size-full wp-image-35525\" src=\"https:\/\/kunmedierne.dk\/mors\/wp-content\/uploads\/2020\/11\/ho1.jpg\" alt=\"\" width=\"1400\" height=\"125\" srcset=\"https:\/\/kunmedierne.dk\/mors\/wp-content\/uploads\/2020\/11\/ho1.jpg 1400w, https:\/\/kunmedierne.dk\/mors\/wp-content\/uploads\/2020\/11\/ho1-300x27.jpg 300w, https:\/\/kunmedierne.dk\/mors\/wp-content\/uploads\/2020\/11\/ho1-1024x91.jpg 1024w, https:\/\/kunmedierne.dk\/mors\/wp-content\/uploads\/2020\/11\/ho1-768x69.jpg 768w, https:\/\/kunmedierne.dk\/mors\/wp-content\/uploads\/2020\/11\/ho1-600x54.jpg 600w\" sizes=\"auto, (max-width: 1400px) 100vw, 1400px\" \/><\/a><\/p>\n<p>Men der er tilsyneladende stadig plads til godmodige stikpiller.<\/p>\n<p>&#8220;Sivert har jo valgt den nemme l\u00f8sning. Han har valgt et parti, som han ved f\u00e5r 10-11 pladser i kommunalbestyrelsen. Jeg har jo s\u00e5 valgt et, hvor vi formodentlig skal k\u00e6mpe om nul, en eller to pladser. S\u00e5 det bliver lidt vanskeligere, og det har jeg ogs\u00e5 sagt til ham,&#8221; lyder det med et grin fra Lars Bo Majgaard.<\/p>\n<p>Knap s\u00e5 meget at more sig over var der, da Radikale Venstre for nylig var i en MeToo-krise, som kostede Morten \u00d8stergaard formandsposten og skabte voldsom uro i folketingsgruppen.<\/p>\n<p>Lars Bo Majgaard lyder dog ikke som en, der frygter, at balladen f\u00e5r betydning for den lokale v\u00e6lgeropbakning.<\/p>\n<p>&#8220;Det er overst\u00e5et. Hvis du kigger p\u00e5 de seneste meningsm\u00e5linger, ser det jo allerede fint ud igen,&#8221; siger han.<\/p>\n<p>Der er kommunalvalg 16. november. I <a href=\"https:\/\/kunmedierne.dk\/mors\/tilbage-paa-stemmesedlen-efter-en-pause-paa-16-aar\/\" target=\"_blank\" rel=\"noopener noreferrer\">august<\/a> pr\u00e6senterede Radikale Venstre sit hold, der udover Lars Bo Majgaard og Jette Jepsen best\u00e5r af Bo Fink, Gyrithe Stilling og Steen Asgeir Petersen.<\/p>\n<blockquote>\n<h2>FAKTA<\/h2>\n<h5>Navn: Lars Bo Majgaard.<\/h5>\n<h5>Parti: Radikale Venstre.<\/h5>\n<h5>F\u00f8dt: 31. maj 1969 i Aalborg.<\/h5>\n<h5>Bop\u00e6l: Nyk\u00f8bing.<\/h5>\n<h5>Flyttede til Mors som fem\u00e5rig og tilbragte hele sin skoletid p\u00e5 \u00f8en. Student fra Mors\u00f8 Gymnasium. Vendte tilbage til Mors efter uddannelsen som cand.mag. i historie og samfundsfag ved Aalborg Universitet.<\/h5>\n<h5>Lektor p\u00e5 Thy-Mors HF og VUC i Thisted.<\/h5>\n<\/blockquote>\n<p><a href=\"https:\/\/www.fmspks.dk\/\"><img loading=\"lazy\" decoding=\"async\" class=\"alignright size-full wp-image-35528\" src=\"https:\/\/kunmedierne.dk\/mors\/wp-content\/uploads\/2020\/11\/ho4.jpg\" alt=\"\" width=\"1400\" height=\"125\" srcset=\"https:\/\/kunmedierne.dk\/mors\/wp-content\/uploads\/2020\/11\/ho4.jpg 1400w, https:\/\/kunmedierne.dk\/mors\/wp-content\/uploads\/2020\/11\/ho4-300x27.jpg 300w, https:\/\/kunmedierne.dk\/mors\/wp-content\/uploads\/2020\/11\/ho4-1024x91.jpg 1024w, https:\/\/kunmedierne.dk\/mors\/wp-content\/uploads\/2020\/11\/ho4-768x69.jpg 768w, https:\/\/kunmedierne.dk\/mors\/wp-content\/uploads\/2020\/11\/ho4-600x54.jpg 600w\" sizes=\"auto, (max-width: 1400px) 100vw, 1400px\" \/><\/a><\/p>\n<blockquote>\n<h2>Kandidater til KV2021 fra denne serie:<\/h2>\n<h5><a href=\"https:\/\/kunmedierne.dk\/mors\/roed-paa-fodboldbanen-blaa-udenfor\/\" target=\"_blank\" rel=\"noopener noreferrer\">Henrik \u2018Sivert\u2019 Kristensen (Venstre)<\/a><\/h5>\n<h5><a href=\"https:\/\/kunmedierne.dk\/mors\/man-bliver-jo-spurgt-hvert-fjerde-aar\/\" target=\"_blank\" rel=\"noopener noreferrer\">Jens Hvid Skouboe (Demokratisk Balance)<\/a><\/h5>\n<h5>Lars Bo Majgaard (Radikale Venstre)<\/h5>\n<h5>Stiller du op til kommunalvalget, og \u00f8nsker du at blive en del af serien, kan du skrive til os p\u00e5 e-mail: redaktion@kunmedierne.dk\/mors<\/h5>\n<h5>Find alle vores artikler om politik <a href=\"https:\/\/kunmedierne.dk\/mors\/tag\/politik\/\" target=\"_blank\" rel=\"noopener\">her<\/a>.<\/h5>\n<\/blockquote>\n","protected":false},"excerpt":{"rendered":"<p>MORS: Der skal mere milj\u00f8 og klimapolitik p\u00e5 dagsordenen i kommunalbestyrelsen. Og beslutningerne i det lokale parlament skal i h\u00f8jere grad tages hen over midten. Det mener en af dem, der til november fors\u00f8ger at blive valgt. Og rent faktisk tog Lars Bo Majgaard, ny kandidat for Radikale Venstre, beslutningen om at stille op som [&hellip;]<\/p>\n","protected":false},"author":8,"featured_media":37685,"comment_status":"open","ping_status":"open","sticky":false,"template":"","format":"standard","meta":{"_acf_changed":false,"footnotes":""},"categories":[51],"tags":[167],"class_list":["post-37671","post","type-post","status-publish","format-standard","has-post-thumbnail","hentry","category-lokalt","tag-politik"],"acf":[],"yoast_head":"<!-- This site is optimized with the Yoast SEO plugin v26.8 - https:\/\/yoast.com\/product\/yoast-seo-wordpress\/ -->\n<title>- Vi skal have brudt Venstres absolutte flertal - Mors<\/title>\n<meta name=\"robots\" content=\"index, follow, max-snippet:-1, max-image-preview:large, max-video-preview:-1\" \/>\n<link rel=\"canonical\" href=\"https:\/\/kunmedierne.dk\/mors\/vi-skal-have-brudt-venstres-absolutte-flertal\/\" \/>\n<meta property=\"og:locale\" content=\"da_DK\" \/>\n<meta property=\"og:type\" content=\"article\" \/>\n<meta property=\"og:title\" content=\"- Vi skal have brudt Venstres absolutte flertal - Mors\" \/>\n<meta property=\"og:description\" content=\"MORS: Der skal mere milj\u00f8 og klimapolitik p\u00e5 dagsordenen i kommunalbestyrelsen. Og beslutningerne i det lokale parlament skal i h\u00f8jere grad tages hen over midten. Det mener en af dem, der til november fors\u00f8ger at blive valgt. Og rent faktisk tog Lars Bo Majgaard, ny kandidat for Radikale Venstre, beslutningen om at stille op som [&hellip;]\" \/>\n<meta property=\"og:url\" content=\"https:\/\/kunmedierne.dk\/mors\/vi-skal-have-brudt-venstres-absolutte-flertal\/\" \/>\n<meta property=\"og:site_name\" content=\"Mors\" \/>\n<meta property=\"article:published_time\" content=\"2021-01-04T12:20:55+00:00\" \/>\n<meta property=\"article:modified_time\" content=\"2024-08-12T11:38:02+00:00\" \/>\n<meta property=\"og:image\" content=\"https:\/\/kunmedierne.dk\/mors\/wp-content\/uploads\/2021\/01\/Lars-Bo-Majgaard.jpg\" \/>\n\t<meta property=\"og:image:width\" content=\"770\" \/>\n\t<meta property=\"og:image:height\" content=\"513\" \/>\n\t<meta property=\"og:image:type\" content=\"image\/jpeg\" \/>\n<meta name=\"author\" content=\"David H\u00f8jmark\" \/>\n<meta name=\"twitter:card\" content=\"summary_large_image\" \/>\n<meta name=\"twitter:label1\" content=\"Skrevet af\" \/>\n\t<meta name=\"twitter:data1\" content=\"David H\u00f8jmark\" \/>\n\t<meta name=\"twitter:label2\" content=\"Estimeret l\u00e6setid\" \/>\n\t<meta name=\"twitter:data2\" content=\"7 minutter\" \/>\n<script type=\"application\/ld+json\" class=\"yoast-schema-graph\">{\"@context\":\"https:\/\/schema.org\",\"@graph\":[{\"@type\":\"Article\",\"@id\":\"https:\/\/kunmedierne.dk\/mors\/vi-skal-have-brudt-venstres-absolutte-flertal\/#article\",\"isPartOf\":{\"@id\":\"https:\/\/kunmedierne.dk\/mors\/vi-skal-have-brudt-venstres-absolutte-flertal\/\"},\"author\":{\"name\":\"David H\u00f8jmark\",\"@id\":\"https:\/\/kunmedierne.dk\/mors\/#\/schema\/person\/5fe23251bf1d0abbcdc6f7896579d548\"},\"headline\":\"&#8211; Vi skal have brudt Venstres absolutte flertal\",\"datePublished\":\"2021-01-04T12:20:55+00:00\",\"dateModified\":\"2024-08-12T11:38:02+00:00\",\"mainEntityOfPage\":{\"@id\":\"https:\/\/kunmedierne.dk\/mors\/vi-skal-have-brudt-venstres-absolutte-flertal\/\"},\"wordCount\":1375,\"commentCount\":0,\"publisher\":{\"@id\":\"https:\/\/kunmedierne.dk\/mors\/#organization\"},\"image\":{\"@id\":\"https:\/\/kunmedierne.dk\/mors\/vi-skal-have-brudt-venstres-absolutte-flertal\/#primaryimage\"},\"thumbnailUrl\":\"https:\/\/kunmedierne.dk\/mors\/wp-content\/uploads\/2021\/01\/Lars-Bo-Majgaard.jpg\",\"keywords\":[\"Politik\"],\"articleSection\":[\"Lokalt\"],\"inLanguage\":\"da-DK\",\"potentialAction\":[{\"@type\":\"CommentAction\",\"name\":\"Comment\",\"target\":[\"https:\/\/kunmedierne.dk\/mors\/vi-skal-have-brudt-venstres-absolutte-flertal\/#respond\"]}]},{\"@type\":\"WebPage\",\"@id\":\"https:\/\/kunmedierne.dk\/mors\/vi-skal-have-brudt-venstres-absolutte-flertal\/\",\"url\":\"https:\/\/kunmedierne.dk\/mors\/vi-skal-have-brudt-venstres-absolutte-flertal\/\",\"name\":\"- Vi skal have brudt Venstres absolutte flertal - Mors\",\"isPartOf\":{\"@id\":\"https:\/\/kunmedierne.dk\/mors\/#website\"},\"primaryImageOfPage\":{\"@id\":\"https:\/\/kunmedierne.dk\/mors\/vi-skal-have-brudt-venstres-absolutte-flertal\/#primaryimage\"},\"image\":{\"@id\":\"https:\/\/kunmedierne.dk\/mors\/vi-skal-have-brudt-venstres-absolutte-flertal\/#primaryimage\"},\"thumbnailUrl\":\"https:\/\/kunmedierne.dk\/mors\/wp-content\/uploads\/2021\/01\/Lars-Bo-Majgaard.jpg\",\"datePublished\":\"2021-01-04T12:20:55+00:00\",\"dateModified\":\"2024-08-12T11:38:02+00:00\",\"breadcrumb\":{\"@id\":\"https:\/\/kunmedierne.dk\/mors\/vi-skal-have-brudt-venstres-absolutte-flertal\/#breadcrumb\"},\"inLanguage\":\"da-DK\",\"potentialAction\":[{\"@type\":\"ReadAction\",\"target\":[\"https:\/\/kunmedierne.dk\/mors\/vi-skal-have-brudt-venstres-absolutte-flertal\/\"]}]},{\"@type\":\"ImageObject\",\"inLanguage\":\"da-DK\",\"@id\":\"https:\/\/kunmedierne.dk\/mors\/vi-skal-have-brudt-venstres-absolutte-flertal\/#primaryimage\",\"url\":\"https:\/\/kunmedierne.dk\/mors\/wp-content\/uploads\/2021\/01\/Lars-Bo-Majgaard.jpg\",\"contentUrl\":\"https:\/\/kunmedierne.dk\/mors\/wp-content\/uploads\/2021\/01\/Lars-Bo-Majgaard.jpg\",\"width\":770,\"height\":513,\"caption\":\"Lars Bo Majgaard, kandidat til kommunalbestyrelsen for Radikale Venstre.\"},{\"@type\":\"BreadcrumbList\",\"@id\":\"https:\/\/kunmedierne.dk\/mors\/vi-skal-have-brudt-venstres-absolutte-flertal\/#breadcrumb\",\"itemListElement\":[{\"@type\":\"ListItem\",\"position\":1,\"name\":\"Hjem\",\"item\":\"https:\/\/kunmedierne.dk\/mors\/\"},{\"@type\":\"ListItem\",\"position\":2,\"name\":\"&#8211; Vi skal have brudt Venstres absolutte flertal\"}]},{\"@type\":\"WebSite\",\"@id\":\"https:\/\/kunmedierne.dk\/mors\/#website\",\"url\":\"https:\/\/kunmedierne.dk\/mors\/\",\"name\":\"Mors\",\"description\":\"et netmedie med journalistik om livet p\u00e5 Mors\",\"publisher\":{\"@id\":\"https:\/\/kunmedierne.dk\/mors\/#organization\"},\"potentialAction\":[{\"@type\":\"SearchAction\",\"target\":{\"@type\":\"EntryPoint\",\"urlTemplate\":\"https:\/\/kunmedierne.dk\/mors\/?s={search_term_string}\"},\"query-input\":{\"@type\":\"PropertyValueSpecification\",\"valueRequired\":true,\"valueName\":\"search_term_string\"}}],\"inLanguage\":\"da-DK\"},{\"@type\":\"Organization\",\"@id\":\"https:\/\/kunmedierne.dk\/mors\/#organization\",\"name\":\"Mors\",\"url\":\"https:\/\/kunmedierne.dk\/mors\/\",\"logo\":{\"@type\":\"ImageObject\",\"inLanguage\":\"da-DK\",\"@id\":\"https:\/\/kunmedierne.dk\/mors\/#\/schema\/logo\/image\/\",\"url\":\"https:\/\/kunmedierne.dk\/mors\/wp-content\/uploads\/2024\/08\/kunmors-logo.svg\",\"contentUrl\":\"https:\/\/kunmedierne.dk\/mors\/wp-content\/uploads\/2024\/08\/kunmors-logo.svg\",\"caption\":\"Mors\"},\"image\":{\"@id\":\"https:\/\/kunmedierne.dk\/mors\/#\/schema\/logo\/image\/\"}},{\"@type\":\"Person\",\"@id\":\"https:\/\/kunmedierne.dk\/mors\/#\/schema\/person\/5fe23251bf1d0abbcdc6f7896579d548\",\"name\":\"David H\u00f8jmark\",\"image\":{\"@type\":\"ImageObject\",\"inLanguage\":\"da-DK\",\"@id\":\"https:\/\/kunmedierne.dk\/mors\/#\/schema\/person\/image\/\",\"url\":\"https:\/\/secure.gravatar.com\/avatar\/4315d6fb9ef244d729989f5f90268eb08d5bf8a3d84402f595fa194bb35784fd?s=96&d=mm&r=g\",\"contentUrl\":\"https:\/\/secure.gravatar.com\/avatar\/4315d6fb9ef244d729989f5f90268eb08d5bf8a3d84402f595fa194bb35784fd?s=96&d=mm&r=g\",\"caption\":\"David H\u00f8jmark\"},\"sameAs\":[\"https:\/\/www.kunmedierne.dk\"],\"url\":\"https:\/\/kunmedierne.dk\/mors\/author\/david\/\"}]}<\/script>\n<!-- \/ Yoast SEO plugin. -->","yoast_head_json":{"title":"- Vi skal have brudt Venstres absolutte flertal - Mors","robots":{"index":"index","follow":"follow","max-snippet":"max-snippet:-1","max-image-preview":"max-image-preview:large","max-video-preview":"max-video-preview:-1"},"canonical":"https:\/\/kunmedierne.dk\/mors\/vi-skal-have-brudt-venstres-absolutte-flertal\/","og_locale":"da_DK","og_type":"article","og_title":"- Vi skal have brudt Venstres absolutte flertal - Mors","og_description":"MORS: Der skal mere milj\u00f8 og klimapolitik p\u00e5 dagsordenen i kommunalbestyrelsen. Og beslutningerne i det lokale parlament skal i h\u00f8jere grad tages hen over midten. Det mener en af dem, der til november fors\u00f8ger at blive valgt. Og rent faktisk tog Lars Bo Majgaard, ny kandidat for Radikale Venstre, beslutningen om at stille op som [&hellip;]","og_url":"https:\/\/kunmedierne.dk\/mors\/vi-skal-have-brudt-venstres-absolutte-flertal\/","og_site_name":"Mors","article_published_time":"2021-01-04T12:20:55+00:00","article_modified_time":"2024-08-12T11:38:02+00:00","og_image":[{"width":770,"height":513,"url":"https:\/\/kunmedierne.dk\/mors\/wp-content\/uploads\/2021\/01\/Lars-Bo-Majgaard.jpg","type":"image\/jpeg"}],"author":"David H\u00f8jmark","twitter_card":"summary_large_image","twitter_misc":{"Skrevet af":"David H\u00f8jmark","Estimeret l\u00e6setid":"7 minutter"},"schema":{"@context":"https:\/\/schema.org","@graph":[{"@type":"Article","@id":"https:\/\/kunmedierne.dk\/mors\/vi-skal-have-brudt-venstres-absolutte-flertal\/#article","isPartOf":{"@id":"https:\/\/kunmedierne.dk\/mors\/vi-skal-have-brudt-venstres-absolutte-flertal\/"},"author":{"name":"David H\u00f8jmark","@id":"https:\/\/kunmedierne.dk\/mors\/#\/schema\/person\/5fe23251bf1d0abbcdc6f7896579d548"},"headline":"&#8211; Vi skal have brudt Venstres absolutte flertal","datePublished":"2021-01-04T12:20:55+00:00","dateModified":"2024-08-12T11:38:02+00:00","mainEntityOfPage":{"@id":"https:\/\/kunmedierne.dk\/mors\/vi-skal-have-brudt-venstres-absolutte-flertal\/"},"wordCount":1375,"commentCount":0,"publisher":{"@id":"https:\/\/kunmedierne.dk\/mors\/#organization"},"image":{"@id":"https:\/\/kunmedierne.dk\/mors\/vi-skal-have-brudt-venstres-absolutte-flertal\/#primaryimage"},"thumbnailUrl":"https:\/\/kunmedierne.dk\/mors\/wp-content\/uploads\/2021\/01\/Lars-Bo-Majgaard.jpg","keywords":["Politik"],"articleSection":["Lokalt"],"inLanguage":"da-DK","potentialAction":[{"@type":"CommentAction","name":"Comment","target":["https:\/\/kunmedierne.dk\/mors\/vi-skal-have-brudt-venstres-absolutte-flertal\/#respond"]}]},{"@type":"WebPage","@id":"https:\/\/kunmedierne.dk\/mors\/vi-skal-have-brudt-venstres-absolutte-flertal\/","url":"https:\/\/kunmedierne.dk\/mors\/vi-skal-have-brudt-venstres-absolutte-flertal\/","name":"- Vi skal have brudt Venstres absolutte flertal - Mors","isPartOf":{"@id":"https:\/\/kunmedierne.dk\/mors\/#website"},"primaryImageOfPage":{"@id":"https:\/\/kunmedierne.dk\/mors\/vi-skal-have-brudt-venstres-absolutte-flertal\/#primaryimage"},"image":{"@id":"https:\/\/kunmedierne.dk\/mors\/vi-skal-have-brudt-venstres-absolutte-flertal\/#primaryimage"},"thumbnailUrl":"https:\/\/kunmedierne.dk\/mors\/wp-content\/uploads\/2021\/01\/Lars-Bo-Majgaard.jpg","datePublished":"2021-01-04T12:20:55+00:00","dateModified":"2024-08-12T11:38:02+00:00","breadcrumb":{"@id":"https:\/\/kunmedierne.dk\/mors\/vi-skal-have-brudt-venstres-absolutte-flertal\/#breadcrumb"},"inLanguage":"da-DK","potentialAction":[{"@type":"ReadAction","target":["https:\/\/kunmedierne.dk\/mors\/vi-skal-have-brudt-venstres-absolutte-flertal\/"]}]},{"@type":"ImageObject","inLanguage":"da-DK","@id":"https:\/\/kunmedierne.dk\/mors\/vi-skal-have-brudt-venstres-absolutte-flertal\/#primaryimage","url":"https:\/\/kunmedierne.dk\/mors\/wp-content\/uploads\/2021\/01\/Lars-Bo-Majgaard.jpg","contentUrl":"https:\/\/kunmedierne.dk\/mors\/wp-content\/uploads\/2021\/01\/Lars-Bo-Majgaard.jpg","width":770,"height":513,"caption":"Lars Bo Majgaard, kandidat til kommunalbestyrelsen for Radikale Venstre."},{"@type":"BreadcrumbList","@id":"https:\/\/kunmedierne.dk\/mors\/vi-skal-have-brudt-venstres-absolutte-flertal\/#breadcrumb","itemListElement":[{"@type":"ListItem","position":1,"name":"Hjem","item":"https:\/\/kunmedierne.dk\/mors\/"},{"@type":"ListItem","position":2,"name":"&#8211; Vi skal have brudt Venstres absolutte flertal"}]},{"@type":"WebSite","@id":"https:\/\/kunmedierne.dk\/mors\/#website","url":"https:\/\/kunmedierne.dk\/mors\/","name":"Mors","description":"et netmedie med journalistik om livet p\u00e5 Mors","publisher":{"@id":"https:\/\/kunmedierne.dk\/mors\/#organization"},"potentialAction":[{"@type":"SearchAction","target":{"@type":"EntryPoint","urlTemplate":"https:\/\/kunmedierne.dk\/mors\/?s={search_term_string}"},"query-input":{"@type":"PropertyValueSpecification","valueRequired":true,"valueName":"search_term_string"}}],"inLanguage":"da-DK"},{"@type":"Organization","@id":"https:\/\/kunmedierne.dk\/mors\/#organization","name":"Mors","url":"https:\/\/kunmedierne.dk\/mors\/","logo":{"@type":"ImageObject","inLanguage":"da-DK","@id":"https:\/\/kunmedierne.dk\/mors\/#\/schema\/logo\/image\/","url":"https:\/\/kunmedierne.dk\/mors\/wp-content\/uploads\/2024\/08\/kunmors-logo.svg","contentUrl":"https:\/\/kunmedierne.dk\/mors\/wp-content\/uploads\/2024\/08\/kunmors-logo.svg","caption":"Mors"},"image":{"@id":"https:\/\/kunmedierne.dk\/mors\/#\/schema\/logo\/image\/"}},{"@type":"Person","@id":"https:\/\/kunmedierne.dk\/mors\/#\/schema\/person\/5fe23251bf1d0abbcdc6f7896579d548","name":"David H\u00f8jmark","image":{"@type":"ImageObject","inLanguage":"da-DK","@id":"https:\/\/kunmedierne.dk\/mors\/#\/schema\/person\/image\/","url":"https:\/\/secure.gravatar.com\/avatar\/4315d6fb9ef244d729989f5f90268eb08d5bf8a3d84402f595fa194bb35784fd?s=96&d=mm&r=g","contentUrl":"https:\/\/secure.gravatar.com\/avatar\/4315d6fb9ef244d729989f5f90268eb08d5bf8a3d84402f595fa194bb35784fd?s=96&d=mm&r=g","caption":"David H\u00f8jmark"},"sameAs":["https:\/\/www.kunmedierne.dk"],"url":"https:\/\/kunmedierne.dk\/mors\/author\/david\/"}]}},"_links":{"self":[{"href":"https:\/\/kunmedierne.dk\/mors\/wp-json\/wp\/v2\/posts\/37671","targetHints":{"allow":["GET"]}}],"collection":[{"href":"https:\/\/kunmedierne.dk\/mors\/wp-json\/wp\/v2\/posts"}],"about":[{"href":"https:\/\/kunmedierne.dk\/mors\/wp-json\/wp\/v2\/types\/post"}],"author":[{"embeddable":true,"href":"https:\/\/kunmedierne.dk\/mors\/wp-json\/wp\/v2\/users\/8"}],"replies":[{"embeddable":true,"href":"https:\/\/kunmedierne.dk\/mors\/wp-json\/wp\/v2\/comments?post=37671"}],"version-history":[{"count":15,"href":"https:\/\/kunmedierne.dk\/mors\/wp-json\/wp\/v2\/posts\/37671\/revisions"}],"predecessor-version":[{"id":49035,"href":"https:\/\/kunmedierne.dk\/mors\/wp-json\/wp\/v2\/posts\/37671\/revisions\/49035"}],"wp:featuredmedia":[{"embeddable":true,"href":"https:\/\/kunmedierne.dk\/mors\/wp-json\/wp\/v2\/media\/37685"}],"wp:attachment":[{"href":"https:\/\/kunmedierne.dk\/mors\/wp-json\/wp\/v2\/media?parent=37671"}],"wp:term":[{"taxonomy":"category","embeddable":true,"href":"https:\/\/kunmedierne.dk\/mors\/wp-json\/wp\/v2\/categories?post=37671"},{"taxonomy":"post_tag","embeddable":true,"href":"https:\/\/kunmedierne.dk\/mors\/wp-json\/wp\/v2\/tags?post=37671"}],"curies":[{"name":"wp","href":"https:\/\/api.w.org\/{rel}","templated":true}]}}