{"id":37634,"date":"2021-01-08T11:47:58","date_gmt":"2021-01-08T10:47:58","guid":{"rendered":"https:\/\/kunmedierne.dk\/mors\/?p=37634"},"modified":"2024-08-12T13:38:00","modified_gmt":"2024-08-12T11:38:00","slug":"tilbage-til-udgangspunktet-det-er-her-jeg-hoerer-til","status":"publish","type":"post","link":"https:\/\/kunmedierne.dk\/mors\/tilbage-til-udgangspunktet-det-er-her-jeg-hoerer-til\/","title":{"rendered":"Tilbage til udgangspunktet: &#8211; Det er her, jeg h\u00f8rer til"},"content":{"rendered":"<p><strong>KARBY:\u00a0<\/strong>Lige f\u00f8r nyt\u00e5r var han den ene hovedperson i en nyhed, der blev en af de mest omtalte i lokalomr\u00e5det i de sidste m\u00e5neder af 2020.<\/p>\n<p>Rasmus Christensen fra Karby blev sammen med Henrik &#8216;Sivert&#8217; Kristensen pr\u00e6senteret som <a href=\"https:\/\/kunmedierne.dk\/mors\/venstre-mors-klar-med-to-nye-kandidater\/\" target=\"_blank\" rel=\"noopener noreferrer\">nye kandidater<\/a> for Venstre under kommunalvalget til november.<\/p>\n<p>At den 36-\u00e5rige morsingbo stiller op, er ikke us\u00e6dvanligt i sig selv. Heller ikke at han g\u00f8r det for Venstre. Men det sidste kr\u00e6ver alligevel en forklaring.<\/p>\n<p>Ved valget i 2017 var han nemlig konservativ.<\/p>\n<p>&#8220;I sidste valgkamp k\u00f8rte jeg meget p\u00e5, at man skulle have hele \u00f8en med. Og det synes jeg bare, at man er blevet bedre til. Jeg har tidligere identificeret mig som Venstre-mand, og sidste gang var der s\u00e5 nogle ting, jeg var lidt utilfreds med &#8211; mest, at man ikke fik hele \u00f8en med. Det f\u00e5r man nu, og der kan jeg s\u00e5 forh\u00e5bentlig v\u00e6re med til at g\u00f8re endnu mere,&#8221; forklarer han sit partihop. <a href=\"https:\/\/morsoe-begravelsesforretning.dk\/\"><img loading=\"lazy\" decoding=\"async\" class=\"alignright size-full wp-image-35519\" src=\"https:\/\/kunmedierne.dk\/mors\/wp-content\/uploads\/2020\/11\/ho5.jpg\" alt=\"\" width=\"1425\" height=\"127\" srcset=\"https:\/\/kunmedierne.dk\/mors\/wp-content\/uploads\/2020\/11\/ho5.jpg 1425w, https:\/\/kunmedierne.dk\/mors\/wp-content\/uploads\/2020\/11\/ho5-300x27.jpg 300w, https:\/\/kunmedierne.dk\/mors\/wp-content\/uploads\/2020\/11\/ho5-1024x91.jpg 1024w, https:\/\/kunmedierne.dk\/mors\/wp-content\/uploads\/2020\/11\/ho5-768x68.jpg 768w, https:\/\/kunmedierne.dk\/mors\/wp-content\/uploads\/2020\/11\/ho5-600x53.jpg 600w\" sizes=\"auto, (max-width: 1425px) 100vw, 1425px\" \/><\/a><\/p>\n<p>Det blev definitivt efter en m\u00e5nedlang overvejelse op til afsl\u00f8ringen 28. december. Og efter et par samtaler med borgmester Hans Ejner Bertelsen (V) var beslutningen taget.<\/p>\n<p>&#8220;S\u00e5 var jeg overhovedet ikke i tvivl. Jeg er ogs\u00e5 n\u00e5et frem til, at jeg er mest enig med Venstre p\u00e5 landsplan, og efter at jeg fik snakket med Hans Ejner, gik det hele op i en h\u00f8jere enhed &#8211; og s\u00e5 valgte jeg at stille op,&#8221; siger Rasmus Christensen.<\/p>\n<p><em>Og det er ikke bare, fordi der er st\u00f8rre chancer for at blive valgt ind for Venstre end for Konservative?<\/em><\/p>\n<p>&#8220;Nej, det er det ikke. Men selvf\u00f8lgelig vil jeg ogs\u00e5 gerne ind, og det vil v\u00e6re utopi at tro, at chancerne ikke er st\u00f8rre med Venstre. Men det er der, jeg er mest enig &#8211; og jeg synes egentlig, at det g\u00e5r ganske godt for vores \u00f8. Og hvis jeg s\u00e5 kan v\u00e6re med til at s\u00e6tte mit pr\u00e6g p\u00e5 det, vil det v\u00e6re rigtig fedt,&#8221; siger han.<\/p>\n<p>Rasmus Christensen afviser, at det er bestemte dele af Venstres politik, der tr\u00e6kker ham tilbage til udgangspunktet.<\/p>\n<p>&#8220;P\u00e5 landsplan synes jeg bare, at Venstre f\u00f8rer den rigtige politik. Og nu begynder man ogs\u00e5 lige s\u00e5 stille at v\u00e5gne lidt op. Selvf\u00f8lgelig er jeg enig i, at der skal g\u00f8res noget mod corona, men der skal ogs\u00e5 f\u00f8res noget politik igen,&#8221; siger han, inden han lokalpolitisk fremh\u00e6ver sit fokus p\u00e5, at kommunalbestyrelsen skal huske byerne og de sm\u00e5 samfund ude p\u00e5 \u00f8en. <a href=\"https:\/\/www.sparnord.dk\/filialer\/nykoebing-mors\/\"><img loading=\"lazy\" decoding=\"async\" class=\"alignright size-full wp-image-35699\" src=\"https:\/\/kunmedierne.dk\/mors\/wp-content\/uploads\/2020\/11\/ho6.jpg\" alt=\"\" width=\"1400\" height=\"123\" srcset=\"https:\/\/kunmedierne.dk\/mors\/wp-content\/uploads\/2020\/11\/ho6.jpg 1400w, https:\/\/kunmedierne.dk\/mors\/wp-content\/uploads\/2020\/11\/ho6-300x26.jpg 300w, https:\/\/kunmedierne.dk\/mors\/wp-content\/uploads\/2020\/11\/ho6-1024x90.jpg 1024w, https:\/\/kunmedierne.dk\/mors\/wp-content\/uploads\/2020\/11\/ho6-768x67.jpg 768w, https:\/\/kunmedierne.dk\/mors\/wp-content\/uploads\/2020\/11\/ho6-600x53.jpg 600w\" sizes=\"auto, (max-width: 1400px) 100vw, 1400px\" \/><\/a><\/p>\n<p>&#8220;Der er ingen by uden land, og der er ingen land uden by. Vi er afh\u00e6ngig af hinanden alle sammen og skal gerne have det hele til at fungere,&#8221; siger Rasmus Christensen med tilf\u00f8jelsen:<\/p>\n<p>&#8220;Men samtidig bor halvdelen af menneskerne p\u00e5 \u00f8en jo ogs\u00e5 i Nyk\u00f8bing, s\u00e5 jeg har ikke en eller anden rosenr\u00f8d id\u00e9 om, at vi skal have alt flyttet til Karby eller Sydvestmors. Men det er vigtigt, at vi bliver repr\u00e6senteret herude &#8211; ogs\u00e5 i Venstres gruppe,&#8221; siger han.<\/p>\n<p>&nbsp;<\/p>\n<p><strong>Jette Jepsens stemmer i spil<\/strong><\/p>\n<p>Det var partiet for fire \u00e5r siden med blandt andre Jette Jepsen. Hun var sit partis n\u00e6stst\u00f8rste stemmesluger p\u00e5 Mors kun overg\u00e5et af borgmesteren. Og hun var p\u00e5 den m\u00e5de st\u00e6rkt medvirkende til, at Venstre fik ekstraordin\u00e6rt mange stemmer p\u00e5 Sydvestmors &#8211; med 55 procent af stemmerne i Karby og 61 procent af dem i Redsted til sammenligning med de 48 procent p\u00e5 hele \u00f8en.<\/p>\n<p>Rasmus Christensen h\u00e5ber da ogs\u00e5 at kunne v\u00e6re med til at hente nogle af de stemmer, der dengang faldt p\u00e5 Jette Jepsen, som nu stiller op for Radikale Venstre.<\/p>\n<p>&#8220;Der er jo nogle stemmer, der skal g\u00e5 til en, og det m\u00e5 gerne v\u00e6re til en ude ved os,&#8221; siger han.<\/p>\n<p>&#8220;Og jeg fik selv 127 stemmer sidste gang. Det kan godt v\u00e6re, at jeg mister nogle af dem, men det kan ogs\u00e5 v\u00e6re, at jeg f\u00e5r nogle andre. Jeg er jo stadig Rasmus, uanset om jeg stiller op for det ene eller andet,&#8221; siger han.<\/p>\n<p>&nbsp;<\/p>\n<p><strong>H\u00e5ber p\u00e5 det sociale udvalg<\/strong><\/p>\n<p>Hvis Rasmus Christensen bliver valgt ind, bliver det med et mandat, han meget gerne vil bruge p\u00e5 at hj\u00e6lpe nogle af \u00f8ens udsatte. Eller i det hele taget bare borgere, der har brug for hj\u00e6lp.<\/p>\n<p>S\u00e5 en post i det sociale udvalg er dr\u00f8mmescenariet hos ham.<\/p>\n<p>&#8220;Jeg arbejder selv i teknik og milj\u00f8, s\u00e5 hvis jeg kommer ind, tror jeg ikke, at jeg skal sidde der. Men jeg kan rigtig godt lidt at arbejde med udsatte familier. Det, synes jeg virkelig, er vigtigt,&#8221; siger Rasmus Christensen. <a href=\"https:\/\/vognmand-filtenborg.dk\/\"><img loading=\"lazy\" decoding=\"async\" class=\"alignright size-full wp-image-35525\" src=\"https:\/\/kunmedierne.dk\/mors\/wp-content\/uploads\/2020\/11\/ho1.jpg\" alt=\"\" width=\"1400\" height=\"125\" srcset=\"https:\/\/kunmedierne.dk\/mors\/wp-content\/uploads\/2020\/11\/ho1.jpg 1400w, https:\/\/kunmedierne.dk\/mors\/wp-content\/uploads\/2020\/11\/ho1-300x27.jpg 300w, https:\/\/kunmedierne.dk\/mors\/wp-content\/uploads\/2020\/11\/ho1-1024x91.jpg 1024w, https:\/\/kunmedierne.dk\/mors\/wp-content\/uploads\/2020\/11\/ho1-768x69.jpg 768w, https:\/\/kunmedierne.dk\/mors\/wp-content\/uploads\/2020\/11\/ho1-600x54.jpg 600w\" sizes=\"auto, (max-width: 1400px) 100vw, 1400px\" \/><\/a><\/p>\n<p>&#8220;Min familie har altid haft plejeb\u00f8rn, og mine svigerfor\u00e6ldre har plejeb\u00f8rn. Jeg synes, det er et vigtigt, vigtigt omr\u00e5de. S\u00e5 det vil jeg gerne arbejde med,&#8221; tilf\u00f8jer han.<\/p>\n<p>Og det g\u00f8r han alts\u00e5 tilbage i den politiske rede. Efter en konservativ afstikker.<\/p>\n<p>&#8220;Jeg har altid stemt Venstre ved folketingsvalg. Og inden jeg selv stillede op, stemte jeg ogs\u00e5 p\u00e5 Venstre til kommunalvalg. Det er her, jeg h\u00f8rer til,&#8221; siger Rasmus Christensen.<\/p>\n<p>&nbsp;<\/p>\n<blockquote>\n<h2>FAKTA<\/h2>\n<h3>Navn: Rasmus Christensen<\/h3>\n<h5>Parti: Venstre.<\/h5>\n<h5>F\u00f8dt: 12. februar 1984.<\/h5>\n<h5>Bop\u00e6l: Karby.<\/h5>\n<h5>Skolegang p\u00e5 Karby Friskole, Blidstrup Efterskole og Nordvestjysk Handelsgymnasium. Derefter v\u00e6rnepligtig i Livgarden.<\/h5>\n<h5>Har i mange \u00e5r v\u00e6ret aktiv i foreningslivet &#8211; blandt andet som h\u00e5ndboldtr\u00e6ner i VIF. Tidligere ansat som centerleder i Sydvestmors Kultur- og Fritidscenter. Er nu reng\u00f8ringskoordinator i Mors\u00f8 Kommune.<\/h5>\n<h5>Gift med Kirstine Bavnsgaard og far til to b\u00f8rn.<\/h5>\n<\/blockquote>\n<p><a href=\"http:\/\/www.limfjordsteatret.dk\/#front\"><img loading=\"lazy\" decoding=\"async\" class=\"alignright size-full wp-image-35527\" src=\"https:\/\/kunmedierne.dk\/mors\/wp-content\/uploads\/2020\/11\/ho3.jpg\" alt=\"\" width=\"1400\" height=\"125\" srcset=\"https:\/\/kunmedierne.dk\/mors\/wp-content\/uploads\/2020\/11\/ho3.jpg 1400w, https:\/\/kunmedierne.dk\/mors\/wp-content\/uploads\/2020\/11\/ho3-300x27.jpg 300w, https:\/\/kunmedierne.dk\/mors\/wp-content\/uploads\/2020\/11\/ho3-1024x91.jpg 1024w, https:\/\/kunmedierne.dk\/mors\/wp-content\/uploads\/2020\/11\/ho3-768x69.jpg 768w, https:\/\/kunmedierne.dk\/mors\/wp-content\/uploads\/2020\/11\/ho3-600x54.jpg 600w\" sizes=\"auto, (max-width: 1400px) 100vw, 1400px\" \/><\/a><\/p>\n<blockquote>\n<h2>Kandidater til KV2021 fra denne serie:<\/h2>\n<h5><a href=\"https:\/\/kunmedierne.dk\/mors\/roed-paa-fodboldbanen-blaa-udenfor\/\" target=\"_blank\" rel=\"noopener noreferrer\">Henrik \u2018Sivert\u2019 Kristensen (Venstre)<\/a><\/h5>\n<h5><a href=\"https:\/\/kunmedierne.dk\/mors\/man-bliver-jo-spurgt-hvert-fjerde-aar\/\" target=\"_blank\" rel=\"noopener noreferrer\">Jens Hvid Skouboe (Demokratisk Balance)<\/a><\/h5>\n<h5><a href=\"https:\/\/kunmedierne.dk\/mors\/vi-skal-have-brudt-venstres-absolutte-flertal\/\" target=\"_blank\" rel=\"noopener noreferrer\">Lars Bo Majgaard (Radikale Venstre)<\/a><\/h5>\n<h4>Rasmus Christensen (Venstre)<\/h4>\n<p>Stiller du op til kommunalvalget, og \u00f8nsker du at blive en del af serien, kan du skrive til os p\u00e5 e-mail: redaktion@kunmedierne.dk\/mors.<\/p>\n<p>&nbsp;<\/p>\n<p>Find alle vores artikler om politik\u00a0<a href=\"https:\/\/kunmedierne.dk\/mors\/tag\/politik\/\" target=\"_blank\" rel=\"noopener noreferrer\">her<\/a>.<\/p><\/blockquote>\n<p>&nbsp;<\/p>\n","protected":false},"excerpt":{"rendered":"<p>KARBY:\u00a0Lige f\u00f8r nyt\u00e5r var han den ene hovedperson i en nyhed, der blev en af de mest omtalte i lokalomr\u00e5det i de sidste m\u00e5neder af 2020. Rasmus Christensen fra Karby blev sammen med Henrik &#8216;Sivert&#8217; Kristensen pr\u00e6senteret som nye kandidater for Venstre under kommunalvalget til november. At den 36-\u00e5rige morsingbo stiller op, er ikke us\u00e6dvanligt [&hellip;]<\/p>\n","protected":false},"author":8,"featured_media":37865,"comment_status":"open","ping_status":"open","sticky":false,"template":"","format":"standard","meta":{"_acf_changed":false,"footnotes":""},"categories":[51],"tags":[167],"class_list":["post-37634","post","type-post","status-publish","format-standard","has-post-thumbnail","hentry","category-lokalt","tag-politik"],"acf":[],"yoast_head":"<!-- This site is optimized with the Yoast SEO plugin v26.8 - https:\/\/yoast.com\/product\/yoast-seo-wordpress\/ -->\n<title>Tilbage til udgangspunktet: - Det er her, jeg h\u00f8rer til - Mors<\/title>\n<meta name=\"robots\" content=\"index, follow, max-snippet:-1, max-image-preview:large, max-video-preview:-1\" \/>\n<link rel=\"canonical\" href=\"https:\/\/kunmedierne.dk\/mors\/tilbage-til-udgangspunktet-det-er-her-jeg-hoerer-til\/\" \/>\n<meta property=\"og:locale\" content=\"da_DK\" \/>\n<meta property=\"og:type\" content=\"article\" \/>\n<meta property=\"og:title\" content=\"Tilbage til udgangspunktet: - Det er her, jeg h\u00f8rer til - Mors\" \/>\n<meta property=\"og:description\" content=\"KARBY:\u00a0Lige f\u00f8r nyt\u00e5r var han den ene hovedperson i en nyhed, der blev en af de mest omtalte i lokalomr\u00e5det i de sidste m\u00e5neder af 2020. Rasmus Christensen fra Karby blev sammen med Henrik &#8216;Sivert&#8217; Kristensen pr\u00e6senteret som nye kandidater for Venstre under kommunalvalget til november. At den 36-\u00e5rige morsingbo stiller op, er ikke us\u00e6dvanligt [&hellip;]\" \/>\n<meta property=\"og:url\" content=\"https:\/\/kunmedierne.dk\/mors\/tilbage-til-udgangspunktet-det-er-her-jeg-hoerer-til\/\" \/>\n<meta property=\"og:site_name\" content=\"Mors\" \/>\n<meta property=\"article:published_time\" content=\"2021-01-08T10:47:58+00:00\" \/>\n<meta property=\"article:modified_time\" content=\"2024-08-12T11:38:00+00:00\" \/>\n<meta property=\"og:image\" content=\"https:\/\/kunmedierne.dk\/mors\/wp-content\/uploads\/2021\/01\/rasmus-christensen.jpg\" \/>\n\t<meta property=\"og:image:width\" content=\"770\" \/>\n\t<meta property=\"og:image:height\" content=\"513\" \/>\n\t<meta property=\"og:image:type\" content=\"image\/jpeg\" \/>\n<meta name=\"author\" content=\"David H\u00f8jmark\" \/>\n<meta name=\"twitter:card\" content=\"summary_large_image\" \/>\n<meta name=\"twitter:label1\" content=\"Skrevet af\" \/>\n\t<meta name=\"twitter:data1\" content=\"David H\u00f8jmark\" \/>\n\t<meta name=\"twitter:label2\" content=\"Estimeret l\u00e6setid\" \/>\n\t<meta name=\"twitter:data2\" content=\"5 minutter\" \/>\n<script type=\"application\/ld+json\" class=\"yoast-schema-graph\">{\"@context\":\"https:\/\/schema.org\",\"@graph\":[{\"@type\":\"Article\",\"@id\":\"https:\/\/kunmedierne.dk\/mors\/tilbage-til-udgangspunktet-det-er-her-jeg-hoerer-til\/#article\",\"isPartOf\":{\"@id\":\"https:\/\/kunmedierne.dk\/mors\/tilbage-til-udgangspunktet-det-er-her-jeg-hoerer-til\/\"},\"author\":{\"name\":\"David H\u00f8jmark\",\"@id\":\"https:\/\/kunmedierne.dk\/mors\/#\/schema\/person\/5fe23251bf1d0abbcdc6f7896579d548\"},\"headline\":\"Tilbage til udgangspunktet: &#8211; Det er her, jeg h\u00f8rer til\",\"datePublished\":\"2021-01-08T10:47:58+00:00\",\"dateModified\":\"2024-08-12T11:38:00+00:00\",\"mainEntityOfPage\":{\"@id\":\"https:\/\/kunmedierne.dk\/mors\/tilbage-til-udgangspunktet-det-er-her-jeg-hoerer-til\/\"},\"wordCount\":1007,\"commentCount\":0,\"publisher\":{\"@id\":\"https:\/\/kunmedierne.dk\/mors\/#organization\"},\"image\":{\"@id\":\"https:\/\/kunmedierne.dk\/mors\/tilbage-til-udgangspunktet-det-er-her-jeg-hoerer-til\/#primaryimage\"},\"thumbnailUrl\":\"https:\/\/kunmedierne.dk\/mors\/wp-content\/uploads\/2021\/01\/rasmus-christensen.jpg\",\"keywords\":[\"Politik\"],\"articleSection\":[\"Lokalt\"],\"inLanguage\":\"da-DK\",\"potentialAction\":[{\"@type\":\"CommentAction\",\"name\":\"Comment\",\"target\":[\"https:\/\/kunmedierne.dk\/mors\/tilbage-til-udgangspunktet-det-er-her-jeg-hoerer-til\/#respond\"]}]},{\"@type\":\"WebPage\",\"@id\":\"https:\/\/kunmedierne.dk\/mors\/tilbage-til-udgangspunktet-det-er-her-jeg-hoerer-til\/\",\"url\":\"https:\/\/kunmedierne.dk\/mors\/tilbage-til-udgangspunktet-det-er-her-jeg-hoerer-til\/\",\"name\":\"Tilbage til udgangspunktet: - Det er her, jeg h\u00f8rer til - Mors\",\"isPartOf\":{\"@id\":\"https:\/\/kunmedierne.dk\/mors\/#website\"},\"primaryImageOfPage\":{\"@id\":\"https:\/\/kunmedierne.dk\/mors\/tilbage-til-udgangspunktet-det-er-her-jeg-hoerer-til\/#primaryimage\"},\"image\":{\"@id\":\"https:\/\/kunmedierne.dk\/mors\/tilbage-til-udgangspunktet-det-er-her-jeg-hoerer-til\/#primaryimage\"},\"thumbnailUrl\":\"https:\/\/kunmedierne.dk\/mors\/wp-content\/uploads\/2021\/01\/rasmus-christensen.jpg\",\"datePublished\":\"2021-01-08T10:47:58+00:00\",\"dateModified\":\"2024-08-12T11:38:00+00:00\",\"breadcrumb\":{\"@id\":\"https:\/\/kunmedierne.dk\/mors\/tilbage-til-udgangspunktet-det-er-her-jeg-hoerer-til\/#breadcrumb\"},\"inLanguage\":\"da-DK\",\"potentialAction\":[{\"@type\":\"ReadAction\",\"target\":[\"https:\/\/kunmedierne.dk\/mors\/tilbage-til-udgangspunktet-det-er-her-jeg-hoerer-til\/\"]}]},{\"@type\":\"ImageObject\",\"inLanguage\":\"da-DK\",\"@id\":\"https:\/\/kunmedierne.dk\/mors\/tilbage-til-udgangspunktet-det-er-her-jeg-hoerer-til\/#primaryimage\",\"url\":\"https:\/\/kunmedierne.dk\/mors\/wp-content\/uploads\/2021\/01\/rasmus-christensen.jpg\",\"contentUrl\":\"https:\/\/kunmedierne.dk\/mors\/wp-content\/uploads\/2021\/01\/rasmus-christensen.jpg\",\"width\":770,\"height\":513,\"caption\":\"Rasmus Christensen, kandidat for Venstre ved Kommunalvalg 2021.\"},{\"@type\":\"BreadcrumbList\",\"@id\":\"https:\/\/kunmedierne.dk\/mors\/tilbage-til-udgangspunktet-det-er-her-jeg-hoerer-til\/#breadcrumb\",\"itemListElement\":[{\"@type\":\"ListItem\",\"position\":1,\"name\":\"Hjem\",\"item\":\"https:\/\/kunmedierne.dk\/mors\/\"},{\"@type\":\"ListItem\",\"position\":2,\"name\":\"Tilbage til udgangspunktet: &#8211; Det er her, jeg h\u00f8rer til\"}]},{\"@type\":\"WebSite\",\"@id\":\"https:\/\/kunmedierne.dk\/mors\/#website\",\"url\":\"https:\/\/kunmedierne.dk\/mors\/\",\"name\":\"Mors\",\"description\":\"et netmedie med journalistik om livet p\u00e5 Mors\",\"publisher\":{\"@id\":\"https:\/\/kunmedierne.dk\/mors\/#organization\"},\"potentialAction\":[{\"@type\":\"SearchAction\",\"target\":{\"@type\":\"EntryPoint\",\"urlTemplate\":\"https:\/\/kunmedierne.dk\/mors\/?s={search_term_string}\"},\"query-input\":{\"@type\":\"PropertyValueSpecification\",\"valueRequired\":true,\"valueName\":\"search_term_string\"}}],\"inLanguage\":\"da-DK\"},{\"@type\":\"Organization\",\"@id\":\"https:\/\/kunmedierne.dk\/mors\/#organization\",\"name\":\"Mors\",\"url\":\"https:\/\/kunmedierne.dk\/mors\/\",\"logo\":{\"@type\":\"ImageObject\",\"inLanguage\":\"da-DK\",\"@id\":\"https:\/\/kunmedierne.dk\/mors\/#\/schema\/logo\/image\/\",\"url\":\"https:\/\/kunmedierne.dk\/mors\/wp-content\/uploads\/2024\/08\/kunmors-logo.svg\",\"contentUrl\":\"https:\/\/kunmedierne.dk\/mors\/wp-content\/uploads\/2024\/08\/kunmors-logo.svg\",\"caption\":\"Mors\"},\"image\":{\"@id\":\"https:\/\/kunmedierne.dk\/mors\/#\/schema\/logo\/image\/\"}},{\"@type\":\"Person\",\"@id\":\"https:\/\/kunmedierne.dk\/mors\/#\/schema\/person\/5fe23251bf1d0abbcdc6f7896579d548\",\"name\":\"David H\u00f8jmark\",\"image\":{\"@type\":\"ImageObject\",\"inLanguage\":\"da-DK\",\"@id\":\"https:\/\/kunmedierne.dk\/mors\/#\/schema\/person\/image\/\",\"url\":\"https:\/\/secure.gravatar.com\/avatar\/4315d6fb9ef244d729989f5f90268eb08d5bf8a3d84402f595fa194bb35784fd?s=96&d=mm&r=g\",\"contentUrl\":\"https:\/\/secure.gravatar.com\/avatar\/4315d6fb9ef244d729989f5f90268eb08d5bf8a3d84402f595fa194bb35784fd?s=96&d=mm&r=g\",\"caption\":\"David H\u00f8jmark\"},\"sameAs\":[\"https:\/\/www.kunmedierne.dk\"],\"url\":\"https:\/\/kunmedierne.dk\/mors\/author\/david\/\"}]}<\/script>\n<!-- \/ Yoast SEO plugin. -->","yoast_head_json":{"title":"Tilbage til udgangspunktet: - Det er her, jeg h\u00f8rer til - Mors","robots":{"index":"index","follow":"follow","max-snippet":"max-snippet:-1","max-image-preview":"max-image-preview:large","max-video-preview":"max-video-preview:-1"},"canonical":"https:\/\/kunmedierne.dk\/mors\/tilbage-til-udgangspunktet-det-er-her-jeg-hoerer-til\/","og_locale":"da_DK","og_type":"article","og_title":"Tilbage til udgangspunktet: - Det er her, jeg h\u00f8rer til - Mors","og_description":"KARBY:\u00a0Lige f\u00f8r nyt\u00e5r var han den ene hovedperson i en nyhed, der blev en af de mest omtalte i lokalomr\u00e5det i de sidste m\u00e5neder af 2020. Rasmus Christensen fra Karby blev sammen med Henrik &#8216;Sivert&#8217; Kristensen pr\u00e6senteret som nye kandidater for Venstre under kommunalvalget til november. At den 36-\u00e5rige morsingbo stiller op, er ikke us\u00e6dvanligt [&hellip;]","og_url":"https:\/\/kunmedierne.dk\/mors\/tilbage-til-udgangspunktet-det-er-her-jeg-hoerer-til\/","og_site_name":"Mors","article_published_time":"2021-01-08T10:47:58+00:00","article_modified_time":"2024-08-12T11:38:00+00:00","og_image":[{"width":770,"height":513,"url":"https:\/\/kunmedierne.dk\/mors\/wp-content\/uploads\/2021\/01\/rasmus-christensen.jpg","type":"image\/jpeg"}],"author":"David H\u00f8jmark","twitter_card":"summary_large_image","twitter_misc":{"Skrevet af":"David H\u00f8jmark","Estimeret l\u00e6setid":"5 minutter"},"schema":{"@context":"https:\/\/schema.org","@graph":[{"@type":"Article","@id":"https:\/\/kunmedierne.dk\/mors\/tilbage-til-udgangspunktet-det-er-her-jeg-hoerer-til\/#article","isPartOf":{"@id":"https:\/\/kunmedierne.dk\/mors\/tilbage-til-udgangspunktet-det-er-her-jeg-hoerer-til\/"},"author":{"name":"David H\u00f8jmark","@id":"https:\/\/kunmedierne.dk\/mors\/#\/schema\/person\/5fe23251bf1d0abbcdc6f7896579d548"},"headline":"Tilbage til udgangspunktet: &#8211; Det er her, jeg h\u00f8rer til","datePublished":"2021-01-08T10:47:58+00:00","dateModified":"2024-08-12T11:38:00+00:00","mainEntityOfPage":{"@id":"https:\/\/kunmedierne.dk\/mors\/tilbage-til-udgangspunktet-det-er-her-jeg-hoerer-til\/"},"wordCount":1007,"commentCount":0,"publisher":{"@id":"https:\/\/kunmedierne.dk\/mors\/#organization"},"image":{"@id":"https:\/\/kunmedierne.dk\/mors\/tilbage-til-udgangspunktet-det-er-her-jeg-hoerer-til\/#primaryimage"},"thumbnailUrl":"https:\/\/kunmedierne.dk\/mors\/wp-content\/uploads\/2021\/01\/rasmus-christensen.jpg","keywords":["Politik"],"articleSection":["Lokalt"],"inLanguage":"da-DK","potentialAction":[{"@type":"CommentAction","name":"Comment","target":["https:\/\/kunmedierne.dk\/mors\/tilbage-til-udgangspunktet-det-er-her-jeg-hoerer-til\/#respond"]}]},{"@type":"WebPage","@id":"https:\/\/kunmedierne.dk\/mors\/tilbage-til-udgangspunktet-det-er-her-jeg-hoerer-til\/","url":"https:\/\/kunmedierne.dk\/mors\/tilbage-til-udgangspunktet-det-er-her-jeg-hoerer-til\/","name":"Tilbage til udgangspunktet: - Det er her, jeg h\u00f8rer til - Mors","isPartOf":{"@id":"https:\/\/kunmedierne.dk\/mors\/#website"},"primaryImageOfPage":{"@id":"https:\/\/kunmedierne.dk\/mors\/tilbage-til-udgangspunktet-det-er-her-jeg-hoerer-til\/#primaryimage"},"image":{"@id":"https:\/\/kunmedierne.dk\/mors\/tilbage-til-udgangspunktet-det-er-her-jeg-hoerer-til\/#primaryimage"},"thumbnailUrl":"https:\/\/kunmedierne.dk\/mors\/wp-content\/uploads\/2021\/01\/rasmus-christensen.jpg","datePublished":"2021-01-08T10:47:58+00:00","dateModified":"2024-08-12T11:38:00+00:00","breadcrumb":{"@id":"https:\/\/kunmedierne.dk\/mors\/tilbage-til-udgangspunktet-det-er-her-jeg-hoerer-til\/#breadcrumb"},"inLanguage":"da-DK","potentialAction":[{"@type":"ReadAction","target":["https:\/\/kunmedierne.dk\/mors\/tilbage-til-udgangspunktet-det-er-her-jeg-hoerer-til\/"]}]},{"@type":"ImageObject","inLanguage":"da-DK","@id":"https:\/\/kunmedierne.dk\/mors\/tilbage-til-udgangspunktet-det-er-her-jeg-hoerer-til\/#primaryimage","url":"https:\/\/kunmedierne.dk\/mors\/wp-content\/uploads\/2021\/01\/rasmus-christensen.jpg","contentUrl":"https:\/\/kunmedierne.dk\/mors\/wp-content\/uploads\/2021\/01\/rasmus-christensen.jpg","width":770,"height":513,"caption":"Rasmus Christensen, kandidat for Venstre ved Kommunalvalg 2021."},{"@type":"BreadcrumbList","@id":"https:\/\/kunmedierne.dk\/mors\/tilbage-til-udgangspunktet-det-er-her-jeg-hoerer-til\/#breadcrumb","itemListElement":[{"@type":"ListItem","position":1,"name":"Hjem","item":"https:\/\/kunmedierne.dk\/mors\/"},{"@type":"ListItem","position":2,"name":"Tilbage til udgangspunktet: &#8211; Det er her, jeg h\u00f8rer til"}]},{"@type":"WebSite","@id":"https:\/\/kunmedierne.dk\/mors\/#website","url":"https:\/\/kunmedierne.dk\/mors\/","name":"Mors","description":"et netmedie med journalistik om livet p\u00e5 Mors","publisher":{"@id":"https:\/\/kunmedierne.dk\/mors\/#organization"},"potentialAction":[{"@type":"SearchAction","target":{"@type":"EntryPoint","urlTemplate":"https:\/\/kunmedierne.dk\/mors\/?s={search_term_string}"},"query-input":{"@type":"PropertyValueSpecification","valueRequired":true,"valueName":"search_term_string"}}],"inLanguage":"da-DK"},{"@type":"Organization","@id":"https:\/\/kunmedierne.dk\/mors\/#organization","name":"Mors","url":"https:\/\/kunmedierne.dk\/mors\/","logo":{"@type":"ImageObject","inLanguage":"da-DK","@id":"https:\/\/kunmedierne.dk\/mors\/#\/schema\/logo\/image\/","url":"https:\/\/kunmedierne.dk\/mors\/wp-content\/uploads\/2024\/08\/kunmors-logo.svg","contentUrl":"https:\/\/kunmedierne.dk\/mors\/wp-content\/uploads\/2024\/08\/kunmors-logo.svg","caption":"Mors"},"image":{"@id":"https:\/\/kunmedierne.dk\/mors\/#\/schema\/logo\/image\/"}},{"@type":"Person","@id":"https:\/\/kunmedierne.dk\/mors\/#\/schema\/person\/5fe23251bf1d0abbcdc6f7896579d548","name":"David H\u00f8jmark","image":{"@type":"ImageObject","inLanguage":"da-DK","@id":"https:\/\/kunmedierne.dk\/mors\/#\/schema\/person\/image\/","url":"https:\/\/secure.gravatar.com\/avatar\/4315d6fb9ef244d729989f5f90268eb08d5bf8a3d84402f595fa194bb35784fd?s=96&d=mm&r=g","contentUrl":"https:\/\/secure.gravatar.com\/avatar\/4315d6fb9ef244d729989f5f90268eb08d5bf8a3d84402f595fa194bb35784fd?s=96&d=mm&r=g","caption":"David H\u00f8jmark"},"sameAs":["https:\/\/www.kunmedierne.dk"],"url":"https:\/\/kunmedierne.dk\/mors\/author\/david\/"}]}},"_links":{"self":[{"href":"https:\/\/kunmedierne.dk\/mors\/wp-json\/wp\/v2\/posts\/37634","targetHints":{"allow":["GET"]}}],"collection":[{"href":"https:\/\/kunmedierne.dk\/mors\/wp-json\/wp\/v2\/posts"}],"about":[{"href":"https:\/\/kunmedierne.dk\/mors\/wp-json\/wp\/v2\/types\/post"}],"author":[{"embeddable":true,"href":"https:\/\/kunmedierne.dk\/mors\/wp-json\/wp\/v2\/users\/8"}],"replies":[{"embeddable":true,"href":"https:\/\/kunmedierne.dk\/mors\/wp-json\/wp\/v2\/comments?post=37634"}],"version-history":[{"count":5,"href":"https:\/\/kunmedierne.dk\/mors\/wp-json\/wp\/v2\/posts\/37634\/revisions"}],"predecessor-version":[{"id":38277,"href":"https:\/\/kunmedierne.dk\/mors\/wp-json\/wp\/v2\/posts\/37634\/revisions\/38277"}],"wp:featuredmedia":[{"embeddable":true,"href":"https:\/\/kunmedierne.dk\/mors\/wp-json\/wp\/v2\/media\/37865"}],"wp:attachment":[{"href":"https:\/\/kunmedierne.dk\/mors\/wp-json\/wp\/v2\/media?parent=37634"}],"wp:term":[{"taxonomy":"category","embeddable":true,"href":"https:\/\/kunmedierne.dk\/mors\/wp-json\/wp\/v2\/categories?post=37634"},{"taxonomy":"post_tag","embeddable":true,"href":"https:\/\/kunmedierne.dk\/mors\/wp-json\/wp\/v2\/tags?post=37634"}],"curies":[{"name":"wp","href":"https:\/\/api.w.org\/{rel}","templated":true}]}}