{"id":37551,"date":"2021-01-01T11:37:13","date_gmt":"2021-01-01T10:37:13","guid":{"rendered":"https:\/\/kunmedierne.dk\/mors\/?p=37551"},"modified":"2024-08-12T13:38:02","modified_gmt":"2024-08-12T11:38:02","slug":"lad-os-faa-vaccination-paa-sundhedscentret","status":"publish","type":"post","link":"https:\/\/kunmedierne.dk\/mors\/lad-os-faa-vaccination-paa-sundhedscentret\/","title":{"rendered":"&#8211; Lad os f\u00e5 vaccination p\u00e5 sundhedscentret"},"content":{"rendered":"<p><em>Fra Henning S\u00f8rensen (V), formand for det sociale udvalg i Mors\u00f8 Kommune, har vi modtaget:<\/em><\/p>\n<hr \/>\n<p><strong>MORS<\/strong>: Det er rigtig godt, at der er lys forude med hensyn til, at vi alle f\u00e5r mulighed for at blive vaccineret mod Covid-19. Det er rigtig dejligt, at der bliver udf\u00f8rt vaccinationer p\u00e5 de enkelte plejehjem, s\u00e5 beboerne ikke skal fragtes til n\u00e6rmeste sygehus. Derfor h\u00e5ber jeg, at vores regionspolitikere viser s\u00e5 meget <strong>styrke\/handlekraft<\/strong> overfor det administrative i Region Nord, at det bliver muligt at blive vaccineret p\u00e5 vores Sundhedscenter i Nyk\u00f8bing.<\/p>\n<p>Der skal v\u00e6re en l\u00e6ge til r\u00e5dighed, hvis der er borgere, som f\u00e5r en voldsom allergisk reaktion i forbindelse med vaccinationen. P\u00e5 Sundhedscentret er der flere l\u00e6ger i huset, som m\u00e5 kunne benyttes i denne situation.<\/p>\n<p>Testning for Covid-19 har foreg\u00e5et p\u00e5 Fr\u00f8slev skole, men kun med mulighed for testning hvert 14. dag. Det synes jeg er for lille en mulighed for testning p\u00e5 Mors. Det kunne regionen have gjort bedre. <a href=\"https:\/\/www.fmspks.dk\/\"><img loading=\"lazy\" decoding=\"async\" class=\"alignright size-full wp-image-35528\" src=\"https:\/\/kunmedierne.dk\/mors\/wp-content\/uploads\/2020\/11\/ho4.jpg\" alt=\"\" width=\"1400\" height=\"125\" srcset=\"https:\/\/kunmedierne.dk\/mors\/wp-content\/uploads\/2020\/11\/ho4.jpg 1400w, https:\/\/kunmedierne.dk\/mors\/wp-content\/uploads\/2020\/11\/ho4-300x27.jpg 300w, https:\/\/kunmedierne.dk\/mors\/wp-content\/uploads\/2020\/11\/ho4-1024x91.jpg 1024w, https:\/\/kunmedierne.dk\/mors\/wp-content\/uploads\/2020\/11\/ho4-768x69.jpg 768w, https:\/\/kunmedierne.dk\/mors\/wp-content\/uploads\/2020\/11\/ho4-600x54.jpg 600w\" sizes=\"auto, (max-width: 1400px) 100vw, 1400px\" \/><\/a><\/p>\n<p>Man havde muligheden for, at Falck kunne have etableret sig p\u00e5 Mors med lyntests i stedet for Thisted.<\/p>\n<p>Det har jo altid v\u00e6ret s\u00e5dan, at dem som betalte for musikken ogs\u00e5 bestemte, hvorfra der skulle spilles. I dette tilf\u00e6lde er det staten eller regionen, som betaler. Derfor kunne de have besluttet, at lyntests skulle placeres p\u00e5 Mors. Det skete ikke!<\/p>\n<p>Jeg h\u00e5ber nu, at det bliver muligt at blive vaccineret mod Covid-19 p\u00e5 Sundhedscentret, s\u00e5 vi giver hurtig og let adgang til vaccination &#8211; ogs\u00e5 for Morsingboer.<\/p>\n<hr \/>\n<p><em>Har du et bidrag til den lokale debat? Send det til os p\u00e5 e-mail: debat@kunmedierne.dk\/mors. Husk at l\u00e6se korrektur inden afsendelse p\u00e5 indl\u00e6gget.<\/em><\/p>\n","protected":false},"excerpt":{"rendered":"<p>Fra Henning S\u00f8rensen (V), formand for det sociale udvalg i Mors\u00f8 Kommune, har vi modtaget: MORS: Det er rigtig godt, at der er lys forude med hensyn til, at vi alle f\u00e5r mulighed for at blive vaccineret mod Covid-19. Det er rigtig dejligt, at der bliver udf\u00f8rt vaccinationer p\u00e5 de enkelte plejehjem, s\u00e5 beboerne ikke [&hellip;]<\/p>\n","protected":false},"author":11,"featured_media":15114,"comment_status":"open","ping_status":"open","sticky":false,"template":"","format":"standard","meta":{"_acf_changed":false,"footnotes":""},"categories":[56],"tags":[167],"class_list":["post-37551","post","type-post","status-publish","format-standard","has-post-thumbnail","hentry","category-debat","tag-politik"],"acf":[],"yoast_head":"<!-- This site is optimized with the Yoast SEO plugin v26.8 - https:\/\/yoast.com\/product\/yoast-seo-wordpress\/ -->\n<title>- Lad os f\u00e5 vaccination p\u00e5 sundhedscentret - Mors<\/title>\n<meta name=\"robots\" content=\"index, follow, max-snippet:-1, max-image-preview:large, max-video-preview:-1\" \/>\n<link rel=\"canonical\" href=\"https:\/\/kunmedierne.dk\/mors\/lad-os-faa-vaccination-paa-sundhedscentret\/\" \/>\n<meta property=\"og:locale\" content=\"da_DK\" \/>\n<meta property=\"og:type\" content=\"article\" \/>\n<meta property=\"og:title\" content=\"- Lad os f\u00e5 vaccination p\u00e5 sundhedscentret - Mors\" \/>\n<meta property=\"og:description\" content=\"Fra Henning S\u00f8rensen (V), formand for det sociale udvalg i Mors\u00f8 Kommune, har vi modtaget: MORS: Det er rigtig godt, at der er lys forude med hensyn til, at vi alle f\u00e5r mulighed for at blive vaccineret mod Covid-19. Det er rigtig dejligt, at der bliver udf\u00f8rt vaccinationer p\u00e5 de enkelte plejehjem, s\u00e5 beboerne ikke [&hellip;]\" \/>\n<meta property=\"og:url\" content=\"https:\/\/kunmedierne.dk\/mors\/lad-os-faa-vaccination-paa-sundhedscentret\/\" \/>\n<meta property=\"og:site_name\" content=\"Mors\" \/>\n<meta property=\"article:published_time\" content=\"2021-01-01T10:37:13+00:00\" \/>\n<meta property=\"article:modified_time\" content=\"2024-08-12T11:38:02+00:00\" \/>\n<meta property=\"og:image\" content=\"https:\/\/kunmedierne.dk\/mors\/wp-content\/uploads\/2020\/03\/200401-henning-s\u00f8rensen-V.jpg\" \/>\n\t<meta property=\"og:image:width\" content=\"770\" \/>\n\t<meta property=\"og:image:height\" content=\"513\" \/>\n\t<meta property=\"og:image:type\" content=\"image\/jpeg\" \/>\n<meta name=\"author\" content=\"Debat\" \/>\n<meta name=\"twitter:card\" content=\"summary_large_image\" \/>\n<meta name=\"twitter:label1\" content=\"Skrevet af\" \/>\n\t<meta name=\"twitter:data1\" content=\"Debat\" \/>\n\t<meta name=\"twitter:label2\" content=\"Estimeret l\u00e6setid\" \/>\n\t<meta name=\"twitter:data2\" content=\"1 minut\" \/>\n<script type=\"application\/ld+json\" class=\"yoast-schema-graph\">{\"@context\":\"https:\/\/schema.org\",\"@graph\":[{\"@type\":\"Article\",\"@id\":\"https:\/\/kunmedierne.dk\/mors\/lad-os-faa-vaccination-paa-sundhedscentret\/#article\",\"isPartOf\":{\"@id\":\"https:\/\/kunmedierne.dk\/mors\/lad-os-faa-vaccination-paa-sundhedscentret\/\"},\"author\":{\"name\":\"Debat\",\"@id\":\"https:\/\/kunmedierne.dk\/mors\/#\/schema\/person\/84c1391bce0b43b9bb3a49736bc0ad78\"},\"headline\":\"&#8211; Lad os f\u00e5 vaccination p\u00e5 sundhedscentret\",\"datePublished\":\"2021-01-01T10:37:13+00:00\",\"dateModified\":\"2024-08-12T11:38:02+00:00\",\"mainEntityOfPage\":{\"@id\":\"https:\/\/kunmedierne.dk\/mors\/lad-os-faa-vaccination-paa-sundhedscentret\/\"},\"wordCount\":297,\"commentCount\":0,\"publisher\":{\"@id\":\"https:\/\/kunmedierne.dk\/mors\/#organization\"},\"image\":{\"@id\":\"https:\/\/kunmedierne.dk\/mors\/lad-os-faa-vaccination-paa-sundhedscentret\/#primaryimage\"},\"thumbnailUrl\":\"https:\/\/kunmedierne.dk\/mors\/wp-content\/uploads\/2020\/03\/200401-henning-s\u00f8rensen-V.jpg\",\"keywords\":[\"Politik\"],\"articleSection\":[\"Debat\"],\"inLanguage\":\"da-DK\",\"potentialAction\":[{\"@type\":\"CommentAction\",\"name\":\"Comment\",\"target\":[\"https:\/\/kunmedierne.dk\/mors\/lad-os-faa-vaccination-paa-sundhedscentret\/#respond\"]}]},{\"@type\":\"WebPage\",\"@id\":\"https:\/\/kunmedierne.dk\/mors\/lad-os-faa-vaccination-paa-sundhedscentret\/\",\"url\":\"https:\/\/kunmedierne.dk\/mors\/lad-os-faa-vaccination-paa-sundhedscentret\/\",\"name\":\"- Lad os f\u00e5 vaccination p\u00e5 sundhedscentret - Mors\",\"isPartOf\":{\"@id\":\"https:\/\/kunmedierne.dk\/mors\/#website\"},\"primaryImageOfPage\":{\"@id\":\"https:\/\/kunmedierne.dk\/mors\/lad-os-faa-vaccination-paa-sundhedscentret\/#primaryimage\"},\"image\":{\"@id\":\"https:\/\/kunmedierne.dk\/mors\/lad-os-faa-vaccination-paa-sundhedscentret\/#primaryimage\"},\"thumbnailUrl\":\"https:\/\/kunmedierne.dk\/mors\/wp-content\/uploads\/2020\/03\/200401-henning-s\u00f8rensen-V.jpg\",\"datePublished\":\"2021-01-01T10:37:13+00:00\",\"dateModified\":\"2024-08-12T11:38:02+00:00\",\"breadcrumb\":{\"@id\":\"https:\/\/kunmedierne.dk\/mors\/lad-os-faa-vaccination-paa-sundhedscentret\/#breadcrumb\"},\"inLanguage\":\"da-DK\",\"potentialAction\":[{\"@type\":\"ReadAction\",\"target\":[\"https:\/\/kunmedierne.dk\/mors\/lad-os-faa-vaccination-paa-sundhedscentret\/\"]}]},{\"@type\":\"ImageObject\",\"inLanguage\":\"da-DK\",\"@id\":\"https:\/\/kunmedierne.dk\/mors\/lad-os-faa-vaccination-paa-sundhedscentret\/#primaryimage\",\"url\":\"https:\/\/kunmedierne.dk\/mors\/wp-content\/uploads\/2020\/03\/200401-henning-s\u00f8rensen-V.jpg\",\"contentUrl\":\"https:\/\/kunmedierne.dk\/mors\/wp-content\/uploads\/2020\/03\/200401-henning-s\u00f8rensen-V.jpg\",\"width\":770,\"height\":513,\"caption\":\"Henning S\u00f8rensen (V). Foto: Per Bech\/Mors\u00f8 Kommune.\"},{\"@type\":\"BreadcrumbList\",\"@id\":\"https:\/\/kunmedierne.dk\/mors\/lad-os-faa-vaccination-paa-sundhedscentret\/#breadcrumb\",\"itemListElement\":[{\"@type\":\"ListItem\",\"position\":1,\"name\":\"Hjem\",\"item\":\"https:\/\/kunmedierne.dk\/mors\/\"},{\"@type\":\"ListItem\",\"position\":2,\"name\":\"&#8211; Lad os f\u00e5 vaccination p\u00e5 sundhedscentret\"}]},{\"@type\":\"WebSite\",\"@id\":\"https:\/\/kunmedierne.dk\/mors\/#website\",\"url\":\"https:\/\/kunmedierne.dk\/mors\/\",\"name\":\"Mors\",\"description\":\"et netmedie med journalistik om livet p\u00e5 Mors\",\"publisher\":{\"@id\":\"https:\/\/kunmedierne.dk\/mors\/#organization\"},\"potentialAction\":[{\"@type\":\"SearchAction\",\"target\":{\"@type\":\"EntryPoint\",\"urlTemplate\":\"https:\/\/kunmedierne.dk\/mors\/?s={search_term_string}\"},\"query-input\":{\"@type\":\"PropertyValueSpecification\",\"valueRequired\":true,\"valueName\":\"search_term_string\"}}],\"inLanguage\":\"da-DK\"},{\"@type\":\"Organization\",\"@id\":\"https:\/\/kunmedierne.dk\/mors\/#organization\",\"name\":\"Mors\",\"url\":\"https:\/\/kunmedierne.dk\/mors\/\",\"logo\":{\"@type\":\"ImageObject\",\"inLanguage\":\"da-DK\",\"@id\":\"https:\/\/kunmedierne.dk\/mors\/#\/schema\/logo\/image\/\",\"url\":\"https:\/\/kunmedierne.dk\/mors\/wp-content\/uploads\/2024\/08\/kunmors-logo.svg\",\"contentUrl\":\"https:\/\/kunmedierne.dk\/mors\/wp-content\/uploads\/2024\/08\/kunmors-logo.svg\",\"caption\":\"Mors\"},\"image\":{\"@id\":\"https:\/\/kunmedierne.dk\/mors\/#\/schema\/logo\/image\/\"}},{\"@type\":\"Person\",\"@id\":\"https:\/\/kunmedierne.dk\/mors\/#\/schema\/person\/84c1391bce0b43b9bb3a49736bc0ad78\",\"name\":\"Debat\",\"image\":{\"@type\":\"ImageObject\",\"inLanguage\":\"da-DK\",\"@id\":\"https:\/\/kunmedierne.dk\/mors\/#\/schema\/person\/image\/\",\"url\":\"https:\/\/secure.gravatar.com\/avatar\/b0fb2e221d618f7c65162ab0d49c7e8a0b580c871ca03af90e42b47b4150654c?s=96&d=mm&r=g\",\"contentUrl\":\"https:\/\/secure.gravatar.com\/avatar\/b0fb2e221d618f7c65162ab0d49c7e8a0b580c871ca03af90e42b47b4150654c?s=96&d=mm&r=g\",\"caption\":\"Debat\"},\"url\":\"https:\/\/kunmedierne.dk\/mors\/author\/debat\/\"}]}<\/script>\n<!-- \/ Yoast SEO plugin. -->","yoast_head_json":{"title":"- Lad os f\u00e5 vaccination p\u00e5 sundhedscentret - Mors","robots":{"index":"index","follow":"follow","max-snippet":"max-snippet:-1","max-image-preview":"max-image-preview:large","max-video-preview":"max-video-preview:-1"},"canonical":"https:\/\/kunmedierne.dk\/mors\/lad-os-faa-vaccination-paa-sundhedscentret\/","og_locale":"da_DK","og_type":"article","og_title":"- Lad os f\u00e5 vaccination p\u00e5 sundhedscentret - Mors","og_description":"Fra Henning S\u00f8rensen (V), formand for det sociale udvalg i Mors\u00f8 Kommune, har vi modtaget: MORS: Det er rigtig godt, at der er lys forude med hensyn til, at vi alle f\u00e5r mulighed for at blive vaccineret mod Covid-19. Det er rigtig dejligt, at der bliver udf\u00f8rt vaccinationer p\u00e5 de enkelte plejehjem, s\u00e5 beboerne ikke [&hellip;]","og_url":"https:\/\/kunmedierne.dk\/mors\/lad-os-faa-vaccination-paa-sundhedscentret\/","og_site_name":"Mors","article_published_time":"2021-01-01T10:37:13+00:00","article_modified_time":"2024-08-12T11:38:02+00:00","og_image":[{"width":770,"height":513,"url":"https:\/\/kunmedierne.dk\/mors\/wp-content\/uploads\/2020\/03\/200401-henning-s\u00f8rensen-V.jpg","type":"image\/jpeg"}],"author":"Debat","twitter_card":"summary_large_image","twitter_misc":{"Skrevet af":"Debat","Estimeret l\u00e6setid":"1 minut"},"schema":{"@context":"https:\/\/schema.org","@graph":[{"@type":"Article","@id":"https:\/\/kunmedierne.dk\/mors\/lad-os-faa-vaccination-paa-sundhedscentret\/#article","isPartOf":{"@id":"https:\/\/kunmedierne.dk\/mors\/lad-os-faa-vaccination-paa-sundhedscentret\/"},"author":{"name":"Debat","@id":"https:\/\/kunmedierne.dk\/mors\/#\/schema\/person\/84c1391bce0b43b9bb3a49736bc0ad78"},"headline":"&#8211; Lad os f\u00e5 vaccination p\u00e5 sundhedscentret","datePublished":"2021-01-01T10:37:13+00:00","dateModified":"2024-08-12T11:38:02+00:00","mainEntityOfPage":{"@id":"https:\/\/kunmedierne.dk\/mors\/lad-os-faa-vaccination-paa-sundhedscentret\/"},"wordCount":297,"commentCount":0,"publisher":{"@id":"https:\/\/kunmedierne.dk\/mors\/#organization"},"image":{"@id":"https:\/\/kunmedierne.dk\/mors\/lad-os-faa-vaccination-paa-sundhedscentret\/#primaryimage"},"thumbnailUrl":"https:\/\/kunmedierne.dk\/mors\/wp-content\/uploads\/2020\/03\/200401-henning-s\u00f8rensen-V.jpg","keywords":["Politik"],"articleSection":["Debat"],"inLanguage":"da-DK","potentialAction":[{"@type":"CommentAction","name":"Comment","target":["https:\/\/kunmedierne.dk\/mors\/lad-os-faa-vaccination-paa-sundhedscentret\/#respond"]}]},{"@type":"WebPage","@id":"https:\/\/kunmedierne.dk\/mors\/lad-os-faa-vaccination-paa-sundhedscentret\/","url":"https:\/\/kunmedierne.dk\/mors\/lad-os-faa-vaccination-paa-sundhedscentret\/","name":"- Lad os f\u00e5 vaccination p\u00e5 sundhedscentret - Mors","isPartOf":{"@id":"https:\/\/kunmedierne.dk\/mors\/#website"},"primaryImageOfPage":{"@id":"https:\/\/kunmedierne.dk\/mors\/lad-os-faa-vaccination-paa-sundhedscentret\/#primaryimage"},"image":{"@id":"https:\/\/kunmedierne.dk\/mors\/lad-os-faa-vaccination-paa-sundhedscentret\/#primaryimage"},"thumbnailUrl":"https:\/\/kunmedierne.dk\/mors\/wp-content\/uploads\/2020\/03\/200401-henning-s\u00f8rensen-V.jpg","datePublished":"2021-01-01T10:37:13+00:00","dateModified":"2024-08-12T11:38:02+00:00","breadcrumb":{"@id":"https:\/\/kunmedierne.dk\/mors\/lad-os-faa-vaccination-paa-sundhedscentret\/#breadcrumb"},"inLanguage":"da-DK","potentialAction":[{"@type":"ReadAction","target":["https:\/\/kunmedierne.dk\/mors\/lad-os-faa-vaccination-paa-sundhedscentret\/"]}]},{"@type":"ImageObject","inLanguage":"da-DK","@id":"https:\/\/kunmedierne.dk\/mors\/lad-os-faa-vaccination-paa-sundhedscentret\/#primaryimage","url":"https:\/\/kunmedierne.dk\/mors\/wp-content\/uploads\/2020\/03\/200401-henning-s\u00f8rensen-V.jpg","contentUrl":"https:\/\/kunmedierne.dk\/mors\/wp-content\/uploads\/2020\/03\/200401-henning-s\u00f8rensen-V.jpg","width":770,"height":513,"caption":"Henning S\u00f8rensen (V). Foto: Per Bech\/Mors\u00f8 Kommune."},{"@type":"BreadcrumbList","@id":"https:\/\/kunmedierne.dk\/mors\/lad-os-faa-vaccination-paa-sundhedscentret\/#breadcrumb","itemListElement":[{"@type":"ListItem","position":1,"name":"Hjem","item":"https:\/\/kunmedierne.dk\/mors\/"},{"@type":"ListItem","position":2,"name":"&#8211; Lad os f\u00e5 vaccination p\u00e5 sundhedscentret"}]},{"@type":"WebSite","@id":"https:\/\/kunmedierne.dk\/mors\/#website","url":"https:\/\/kunmedierne.dk\/mors\/","name":"Mors","description":"et netmedie med journalistik om livet p\u00e5 Mors","publisher":{"@id":"https:\/\/kunmedierne.dk\/mors\/#organization"},"potentialAction":[{"@type":"SearchAction","target":{"@type":"EntryPoint","urlTemplate":"https:\/\/kunmedierne.dk\/mors\/?s={search_term_string}"},"query-input":{"@type":"PropertyValueSpecification","valueRequired":true,"valueName":"search_term_string"}}],"inLanguage":"da-DK"},{"@type":"Organization","@id":"https:\/\/kunmedierne.dk\/mors\/#organization","name":"Mors","url":"https:\/\/kunmedierne.dk\/mors\/","logo":{"@type":"ImageObject","inLanguage":"da-DK","@id":"https:\/\/kunmedierne.dk\/mors\/#\/schema\/logo\/image\/","url":"https:\/\/kunmedierne.dk\/mors\/wp-content\/uploads\/2024\/08\/kunmors-logo.svg","contentUrl":"https:\/\/kunmedierne.dk\/mors\/wp-content\/uploads\/2024\/08\/kunmors-logo.svg","caption":"Mors"},"image":{"@id":"https:\/\/kunmedierne.dk\/mors\/#\/schema\/logo\/image\/"}},{"@type":"Person","@id":"https:\/\/kunmedierne.dk\/mors\/#\/schema\/person\/84c1391bce0b43b9bb3a49736bc0ad78","name":"Debat","image":{"@type":"ImageObject","inLanguage":"da-DK","@id":"https:\/\/kunmedierne.dk\/mors\/#\/schema\/person\/image\/","url":"https:\/\/secure.gravatar.com\/avatar\/b0fb2e221d618f7c65162ab0d49c7e8a0b580c871ca03af90e42b47b4150654c?s=96&d=mm&r=g","contentUrl":"https:\/\/secure.gravatar.com\/avatar\/b0fb2e221d618f7c65162ab0d49c7e8a0b580c871ca03af90e42b47b4150654c?s=96&d=mm&r=g","caption":"Debat"},"url":"https:\/\/kunmedierne.dk\/mors\/author\/debat\/"}]}},"_links":{"self":[{"href":"https:\/\/kunmedierne.dk\/mors\/wp-json\/wp\/v2\/posts\/37551","targetHints":{"allow":["GET"]}}],"collection":[{"href":"https:\/\/kunmedierne.dk\/mors\/wp-json\/wp\/v2\/posts"}],"about":[{"href":"https:\/\/kunmedierne.dk\/mors\/wp-json\/wp\/v2\/types\/post"}],"author":[{"embeddable":true,"href":"https:\/\/kunmedierne.dk\/mors\/wp-json\/wp\/v2\/users\/11"}],"replies":[{"embeddable":true,"href":"https:\/\/kunmedierne.dk\/mors\/wp-json\/wp\/v2\/comments?post=37551"}],"version-history":[{"count":1,"href":"https:\/\/kunmedierne.dk\/mors\/wp-json\/wp\/v2\/posts\/37551\/revisions"}],"predecessor-version":[{"id":37555,"href":"https:\/\/kunmedierne.dk\/mors\/wp-json\/wp\/v2\/posts\/37551\/revisions\/37555"}],"wp:featuredmedia":[{"embeddable":true,"href":"https:\/\/kunmedierne.dk\/mors\/wp-json\/wp\/v2\/media\/15114"}],"wp:attachment":[{"href":"https:\/\/kunmedierne.dk\/mors\/wp-json\/wp\/v2\/media?parent=37551"}],"wp:term":[{"taxonomy":"category","embeddable":true,"href":"https:\/\/kunmedierne.dk\/mors\/wp-json\/wp\/v2\/categories?post=37551"},{"taxonomy":"post_tag","embeddable":true,"href":"https:\/\/kunmedierne.dk\/mors\/wp-json\/wp\/v2\/tags?post=37551"}],"curies":[{"name":"wp","href":"https:\/\/api.w.org\/{rel}","templated":true}]}}