{"id":37503,"date":"2020-12-31T12:03:43","date_gmt":"2020-12-31T11:03:43","guid":{"rendered":"https:\/\/kunmedierne.dk\/mors\/?p=37503"},"modified":"2024-08-12T13:38:02","modified_gmt":"2024-08-12T11:38:02","slug":"roed-paa-fodboldbanen-blaa-udenfor","status":"publish","type":"post","link":"https:\/\/kunmedierne.dk\/mors\/roed-paa-fodboldbanen-blaa-udenfor\/","title":{"rendered":"R\u00f8d p\u00e5 fodboldbanen &#8211; bl\u00e5 udenfor"},"content":{"rendered":"<p><strong>HVIDBJERG<\/strong>: Hvis Henrik &#8216;Sivert&#8217; Kristensen om 11 m\u00e5neder bliver valgt ind i kommunalbestyrelsen, og tager sine kvikke bem\u00e6rkninger fra h\u00e5ndboldhallerne med sig, bliver de f\u00f8lgende \u00e5rs lokalpolitik p\u00e5 Mors ikke kedelig.<\/p>\n<p>Den 48-\u00e5rige ildsj\u00e6l fra Hvidbjerg meldte i mandags ud, at han stiller op for Venstre. Dermed har \u00f8ens aktuelle regeringsparti sikret sig et kort, der er kendt af de fleste p\u00e5 Mors. Og som med sit s\u00e6dvanligvis gode hum\u00f8r nyder udbredt popularitet hos morsingboer b\u00e5de med og uden stemmeret.<\/p>\n<p>Men det bliver ikke en spasmager, der tr\u00e6der ind i kommunalbestyrelsen, hvis han bliver valgt. Det demonstrerer Henrik &#8216;Sivert&#8217; Kristensen flere gange i en samtale med KunMors. For selv om han understreger, at han har meget at l\u00e6re om det lokalpolitiske arbejde, sl\u00e5r han ogs\u00e5 fast, at han kender udgangspunktet: Som politiker kan man ikke v\u00e6re ven med alle.<\/p>\n<p>Der skal nemlig tr\u00e6ffes beslutninger, ikke alle synes om, betoner han &#8211; og drager en klar parallel til de 23 \u00e5r i VIF Mors.\u00a0 <a href=\"https:\/\/vognmand-filtenborg.dk\/\"><img loading=\"lazy\" decoding=\"async\" class=\"alignright size-full wp-image-35525\" src=\"https:\/\/kunmedierne.dk\/mors\/wp-content\/uploads\/2020\/11\/ho1.jpg\" alt=\"\" width=\"1400\" height=\"125\" srcset=\"https:\/\/kunmedierne.dk\/mors\/wp-content\/uploads\/2020\/11\/ho1.jpg 1400w, https:\/\/kunmedierne.dk\/mors\/wp-content\/uploads\/2020\/11\/ho1-300x27.jpg 300w, https:\/\/kunmedierne.dk\/mors\/wp-content\/uploads\/2020\/11\/ho1-1024x91.jpg 1024w, https:\/\/kunmedierne.dk\/mors\/wp-content\/uploads\/2020\/11\/ho1-768x69.jpg 768w, https:\/\/kunmedierne.dk\/mors\/wp-content\/uploads\/2020\/11\/ho1-600x54.jpg 600w\" sizes=\"auto, (max-width: 1400px) 100vw, 1400px\" \/><\/a><\/p>\n<p>&#8220;S\u00e5dan var det ogs\u00e5, da jeg var formand i h\u00e5ndboldafdelingen. Man kan ikke g\u00f8re alle tilfredse. Det var heller ikke alle, der syntes, at det var den rigtige m\u00e5de, jeg var formand p\u00e5,&#8221; siger han og tilf\u00f8jer:<\/p>\n<p>&#8220;Hvis man vil g\u00f8re alle tilfredse, g\u00f8r man ingen tilfredse. Men hvis man kan st\u00e5 inde for det, man beslutter sig for, og hvis man tror p\u00e5, at det er det rigtige, m\u00e5 det v\u00e6re s\u00e5dan, det skal v\u00e6re.&#8221;<\/p>\n<p>&nbsp;<\/p>\n<p><strong>Vil v\u00e6re \u00e6rgerligt at fortryde<\/strong><\/p>\n<p>Udsagnet kommer med et helt anderledes alvorligt toneleje, end n\u00e5r han fra tidtagerbordet i Sydvestmors Kultur- og Fritidscenter forvirrer en h\u00e5ndbolddommer eller to med den evige traver om, at et sted mellem 12 og 1300 tilskuere nok vil m\u00f8de op til kampen.<\/p>\n<p>Og det er da ogs\u00e5 en anden og mere alvorlig udgave af Henrik &#8216;Sivert&#8217; Kristensen, der s\u00e6tter ord p\u00e5 sig selv som politiker end den, de fleste kender fra h\u00e5ndboldhallerne.<\/p>\n<p>For eksempel viser han i samtalen ogs\u00e5, at han allerede allerede har l\u00e6rt at markere sig strategisk, da han afleverer et budskab, som helt tydeligt ogs\u00e5 er t\u00e6nkt til andre v\u00e6lgere end dem p\u00e5 Sydvestmors.<\/p>\n<p>&#8220;Jeg har altid godt kunnet lide Mors og synes, at det er en fantastisk \u00f8. Og jeg vil gerne v\u00e6re med til at videreudvikle den,&#8221; lyder det &#8211; n\u00e6sten som talt ud af munden p\u00e5 en spindoktor.<\/p>\n<p>Det var dog ikke en spindoktor, men en borgmester, der fik Henrik &#8216;Sivert&#8217; Kristensen ind i politik.<\/p>\n<p>&#8220;Allerede i sommer sidste \u00e5r spurgte Hans Ejner (Mors\u00f8-borgmester Hans Ejner Bertelsen, red.), om jeg kunne t\u00e6nke mig det. Og s\u00e5 ringede han her i starten af december. S\u00e5 har jeg v\u00e6ret til m\u00f8de med ham, hvor han har fortalt om det, og det lyder sgu sp\u00e6ndende, det m\u00e5 jeg sige,&#8221; fort\u00e6ller Henrik &#8216;Sivert&#8217; Kristensen. <a href=\"https:\/\/vester-begr.dk\"><img loading=\"lazy\" decoding=\"async\" class=\"alignright size-full wp-image-35526\" src=\"https:\/\/kunmedierne.dk\/mors\/wp-content\/uploads\/2020\/11\/ho2.jpg\" alt=\"\" width=\"1400\" height=\"125\" srcset=\"https:\/\/kunmedierne.dk\/mors\/wp-content\/uploads\/2020\/11\/ho2.jpg 1400w, https:\/\/kunmedierne.dk\/mors\/wp-content\/uploads\/2020\/11\/ho2-300x27.jpg 300w, https:\/\/kunmedierne.dk\/mors\/wp-content\/uploads\/2020\/11\/ho2-1024x91.jpg 1024w, https:\/\/kunmedierne.dk\/mors\/wp-content\/uploads\/2020\/11\/ho2-768x69.jpg 768w, https:\/\/kunmedierne.dk\/mors\/wp-content\/uploads\/2020\/11\/ho2-600x54.jpg 600w\" sizes=\"auto, (max-width: 1400px) 100vw, 1400px\" \/><\/a><\/p>\n<p>Han tilf\u00f8jer, at han ikke tidligere har overvejet at stille op, men nu skulle det alts\u00e5 v\u00e6re.<\/p>\n<p>&#8220;Jeg bliver jo heller ikke yngre, og man ved jo ikke, om det er noget for en, f\u00f8r man har pr\u00f8vet det. Og det vil da v\u00e6re \u00e6rgerligt, hvis man fortryder om et \u00e5r og gerne ville have pr\u00f8vet,&#8221; siger han og sl\u00e5r fast, at han nu er helt klar til det nye kapitel i sit liv.<\/p>\n<p>&#8220;Hvis jeg siger ja til noget, br\u00e6nder jeg for det. Og det g\u00f8r jeg ogs\u00e5 for det her,&#8221; lyder det.<\/p>\n<p>&nbsp;<\/p>\n<p><strong>M\u00e5ske b\u00f8rn og kultur<\/strong><\/p>\n<p>Henrik &#8216;Sivert&#8217; Kristensen er reservedelsekspedient hos Semler Agro i Redsted. Men udover tiden som h\u00e5ndboldleder er han nok mest kendt som gl\u00f8dende fan af fodboldklubben Liverpool FC.<\/p>\n<p>Det er dog kun p\u00e5 fodboldbanen, at han er r\u00f8d. Politisk har han altid v\u00e6ret bl\u00e5, og han har altid set sig selv som Venstre-mand, fort\u00e6ller han.<\/p>\n<p>Men hvordan han helst ser sig selv i kommunalbestyrelsen, har han endnu ikke gjort op. Om det skal v\u00e6re besk\u00e6ftigelse og erhverv, det sociale omr\u00e5de eller noget helt tredje udvalgsarbejde, han skal fordybe sig i, vil tiden vise.<\/p>\n<p>&#8220;Det har jeg slet ikke t\u00e6nkt over endnu,&#8221; siger han, men n\u00e6vner s\u00e5 alligevel b\u00f8rne- og kulturudvalget som et udvalg med arbejde, der ligger t\u00e6t p\u00e5 det, han har haft med at g\u00f8re i sit foreningsliv. <a href=\"http:\/\/www.limfjordsteatret.dk\/#front\"><img loading=\"lazy\" decoding=\"async\" class=\"alignright size-full wp-image-35527\" src=\"https:\/\/kunmedierne.dk\/mors\/wp-content\/uploads\/2020\/11\/ho3.jpg\" alt=\"\" width=\"1400\" height=\"125\" srcset=\"https:\/\/kunmedierne.dk\/mors\/wp-content\/uploads\/2020\/11\/ho3.jpg 1400w, https:\/\/kunmedierne.dk\/mors\/wp-content\/uploads\/2020\/11\/ho3-300x27.jpg 300w, https:\/\/kunmedierne.dk\/mors\/wp-content\/uploads\/2020\/11\/ho3-1024x91.jpg 1024w, https:\/\/kunmedierne.dk\/mors\/wp-content\/uploads\/2020\/11\/ho3-768x69.jpg 768w, https:\/\/kunmedierne.dk\/mors\/wp-content\/uploads\/2020\/11\/ho3-600x54.jpg 600w\" sizes=\"auto, (max-width: 1400px) 100vw, 1400px\" \/><\/a><\/p>\n<p>&#8220;Men jeg indr\u00f8mmer blankt, at jeg er fuldst\u00e6ndig gr\u00f8n i det. I det n\u00e6ste \u00e5rs tid skal jeg l\u00e6se en hel masse for at s\u00e6tte mig ind i sagerne. Og skulle jeg blive valgt, bliver der ogs\u00e5 meget at l\u00e6se. S\u00e5dan er det jo,&#8221; siger han.<\/p>\n<p>I det hele taget melder han sig bevidst om arbejdsbyrden. Ogs\u00e5 efter at have forh\u00f8rt sig hos andre lokale politikere.<\/p>\n<p>&#8220;Dem, jeg har snakket med, siger, at valgkampe simpelthen er s\u00e5 sp\u00e6ndende &#8211; men ogs\u00e5 h\u00e5rdt,&#8221; siger han og tilf\u00f8jer, at han ogs\u00e5 har dr\u00f8ftet beslutningen om at stille op med sin arbejdsgiver.<\/p>\n<p>&#8220;Man skal jo nok regne med, at hvis man bliver valgt ind, er der m\u00f8der cirka en gang om ugen. Og det er jo ikke altid, at det er klokken 17 eller 19. Det er ogs\u00e5 somme tider om formiddagen, s\u00e5 det kr\u00e6ver jo ogs\u00e5, at arbejdsgiveren er indstillet p\u00e5, at man holder en halv feriedag &#8211; eller hvad man g\u00f8r,&#8221; siger han.<\/p>\n<p>&nbsp;<\/p>\n<p><strong>Ikke hypotetiske sp\u00f8rgsm\u00e5l<\/strong><\/p>\n<p>I det hele taget lader Henrik &#8216;Sivert&#8217; Kristensen forst\u00e5, at der ligger grundige tanker bag beslutningen om at stille op.<\/p>\n<p>&#8220;Det har da kr\u00e6vet nogle overvejelser, men nu er beslutningen truffet, og den har jeg ikke fortrudt,&#8221; siger han og melder sig p\u00e5 det punkt et anderledes sted i tilv\u00e6relsen end tidligere.<\/p>\n<p>&#8220;For et \u00e5r eller to havde jeg nok ikke forestillet mig selv stille op i s\u00e5dan noget,&#8221; lyder det fra det m\u00e5ske kommende byr\u00e5dsmedlem.<\/p>\n<p>Det er igen med den alvorlige udgave af sig selv som leverand\u00f8r af svar p\u00e5 sp\u00f8rgsm\u00e5l. Men at den muntre side ikke er lagt til side, viser han, da snakken falder p\u00e5 potentialet for stemmeh\u00f8st og han bliver spurgt, hvad han g\u00f8r, hvis han f\u00e5r dobbelt s\u00e5 mange stemmer som borgmesteren.<\/p>\n<p>Henrik &#8216;Sivert&#8217; Kristensen sl\u00e5r en h\u00f8j latter op og afviser med:<\/p>\n<p>&#8220;Jeg svarer ikke p\u00e5 hypotetiske sp\u00f8rgsm\u00e5l!&#8221; <a href=\"https:\/\/www.fmspks.dk\/\"><img loading=\"lazy\" decoding=\"async\" class=\"alignright size-full wp-image-35528\" src=\"https:\/\/kunmedierne.dk\/mors\/wp-content\/uploads\/2020\/11\/ho4.jpg\" alt=\"\" width=\"1400\" height=\"125\" srcset=\"https:\/\/kunmedierne.dk\/mors\/wp-content\/uploads\/2020\/11\/ho4.jpg 1400w, https:\/\/kunmedierne.dk\/mors\/wp-content\/uploads\/2020\/11\/ho4-300x27.jpg 300w, https:\/\/kunmedierne.dk\/mors\/wp-content\/uploads\/2020\/11\/ho4-1024x91.jpg 1024w, https:\/\/kunmedierne.dk\/mors\/wp-content\/uploads\/2020\/11\/ho4-768x69.jpg 768w, https:\/\/kunmedierne.dk\/mors\/wp-content\/uploads\/2020\/11\/ho4-600x54.jpg 600w\" sizes=\"auto, (max-width: 1400px) 100vw, 1400px\" \/><\/a><\/p>\n<p>&nbsp;<\/p>\n<blockquote>\n<h2>FAKTA<\/h2>\n<h5>Navn: Henrik &#8216;Sivert&#8217; Kristensen.<\/h5>\n<h5>F\u00f8dt: 30. december 1972.<\/h5>\n<h5>Bop\u00e6l: Hvidbjerg.<\/h5>\n<h5>Reservedelsekspedient hos Semler Agro i Redsted.<\/h5>\n<h5>Sidder i bestyrelsen i Sportscollege Mors og bestyrelsen i FFUM (Fr\u00f8slev bal).<\/h5>\n<h5>Tidligere formand for h\u00e5ndboldafdelingen i VIF i 23 \u00e5r.<\/h5>\n<\/blockquote>\n<h5><\/h5>\n","protected":false},"excerpt":{"rendered":"<p>HVIDBJERG: Hvis Henrik &#8216;Sivert&#8217; Kristensen om 11 m\u00e5neder bliver valgt ind i kommunalbestyrelsen, og tager sine kvikke bem\u00e6rkninger fra h\u00e5ndboldhallerne med sig, bliver de f\u00f8lgende \u00e5rs lokalpolitik p\u00e5 Mors ikke kedelig. Den 48-\u00e5rige ildsj\u00e6l fra Hvidbjerg meldte i mandags ud, at han stiller op for Venstre. Dermed har \u00f8ens aktuelle regeringsparti sikret sig et kort, [&hellip;]<\/p>\n","protected":false},"author":8,"featured_media":37504,"comment_status":"open","ping_status":"open","sticky":false,"template":"","format":"standard","meta":{"_acf_changed":false,"footnotes":""},"categories":[51],"tags":[167],"class_list":["post-37503","post","type-post","status-publish","format-standard","has-post-thumbnail","hentry","category-lokalt","tag-politik"],"acf":[],"yoast_head":"<!-- This site is optimized with the Yoast SEO plugin v26.8 - https:\/\/yoast.com\/product\/yoast-seo-wordpress\/ -->\n<title>R\u00f8d p\u00e5 fodboldbanen - bl\u00e5 udenfor - Mors<\/title>\n<meta name=\"robots\" content=\"index, follow, max-snippet:-1, max-image-preview:large, max-video-preview:-1\" \/>\n<link rel=\"canonical\" href=\"https:\/\/kunmedierne.dk\/mors\/roed-paa-fodboldbanen-blaa-udenfor\/\" \/>\n<meta property=\"og:locale\" content=\"da_DK\" \/>\n<meta property=\"og:type\" content=\"article\" \/>\n<meta property=\"og:title\" content=\"R\u00f8d p\u00e5 fodboldbanen - bl\u00e5 udenfor - Mors\" \/>\n<meta property=\"og:description\" content=\"HVIDBJERG: Hvis Henrik &#8216;Sivert&#8217; Kristensen om 11 m\u00e5neder bliver valgt ind i kommunalbestyrelsen, og tager sine kvikke bem\u00e6rkninger fra h\u00e5ndboldhallerne med sig, bliver de f\u00f8lgende \u00e5rs lokalpolitik p\u00e5 Mors ikke kedelig. Den 48-\u00e5rige ildsj\u00e6l fra Hvidbjerg meldte i mandags ud, at han stiller op for Venstre. Dermed har \u00f8ens aktuelle regeringsparti sikret sig et kort, [&hellip;]\" \/>\n<meta property=\"og:url\" content=\"https:\/\/kunmedierne.dk\/mors\/roed-paa-fodboldbanen-blaa-udenfor\/\" \/>\n<meta property=\"og:site_name\" content=\"Mors\" \/>\n<meta property=\"article:published_time\" content=\"2020-12-31T11:03:43+00:00\" \/>\n<meta property=\"article:modified_time\" content=\"2024-08-12T11:38:02+00:00\" \/>\n<meta property=\"og:image\" content=\"https:\/\/kunmedierne.dk\/mors\/wp-content\/uploads\/2020\/12\/henrik-sivert-kristensen.jpg\" \/>\n\t<meta property=\"og:image:width\" content=\"770\" \/>\n\t<meta property=\"og:image:height\" content=\"513\" \/>\n\t<meta property=\"og:image:type\" content=\"image\/jpeg\" \/>\n<meta name=\"author\" content=\"David H\u00f8jmark\" \/>\n<meta name=\"twitter:card\" content=\"summary_large_image\" \/>\n<meta name=\"twitter:label1\" content=\"Skrevet af\" \/>\n\t<meta name=\"twitter:data1\" content=\"David H\u00f8jmark\" \/>\n\t<meta name=\"twitter:label2\" content=\"Estimeret l\u00e6setid\" \/>\n\t<meta name=\"twitter:data2\" content=\"6 minutter\" \/>\n<script type=\"application\/ld+json\" class=\"yoast-schema-graph\">{\"@context\":\"https:\/\/schema.org\",\"@graph\":[{\"@type\":\"Article\",\"@id\":\"https:\/\/kunmedierne.dk\/mors\/roed-paa-fodboldbanen-blaa-udenfor\/#article\",\"isPartOf\":{\"@id\":\"https:\/\/kunmedierne.dk\/mors\/roed-paa-fodboldbanen-blaa-udenfor\/\"},\"author\":{\"name\":\"David H\u00f8jmark\",\"@id\":\"https:\/\/kunmedierne.dk\/mors\/#\/schema\/person\/5fe23251bf1d0abbcdc6f7896579d548\"},\"headline\":\"R\u00f8d p\u00e5 fodboldbanen &#8211; bl\u00e5 udenfor\",\"datePublished\":\"2020-12-31T11:03:43+00:00\",\"dateModified\":\"2024-08-12T11:38:02+00:00\",\"mainEntityOfPage\":{\"@id\":\"https:\/\/kunmedierne.dk\/mors\/roed-paa-fodboldbanen-blaa-udenfor\/\"},\"wordCount\":1136,\"commentCount\":0,\"publisher\":{\"@id\":\"https:\/\/kunmedierne.dk\/mors\/#organization\"},\"image\":{\"@id\":\"https:\/\/kunmedierne.dk\/mors\/roed-paa-fodboldbanen-blaa-udenfor\/#primaryimage\"},\"thumbnailUrl\":\"https:\/\/kunmedierne.dk\/mors\/wp-content\/uploads\/2020\/12\/henrik-sivert-kristensen.jpg\",\"keywords\":[\"Politik\"],\"articleSection\":[\"Lokalt\"],\"inLanguage\":\"da-DK\",\"potentialAction\":[{\"@type\":\"CommentAction\",\"name\":\"Comment\",\"target\":[\"https:\/\/kunmedierne.dk\/mors\/roed-paa-fodboldbanen-blaa-udenfor\/#respond\"]}]},{\"@type\":\"WebPage\",\"@id\":\"https:\/\/kunmedierne.dk\/mors\/roed-paa-fodboldbanen-blaa-udenfor\/\",\"url\":\"https:\/\/kunmedierne.dk\/mors\/roed-paa-fodboldbanen-blaa-udenfor\/\",\"name\":\"R\u00f8d p\u00e5 fodboldbanen - bl\u00e5 udenfor - Mors\",\"isPartOf\":{\"@id\":\"https:\/\/kunmedierne.dk\/mors\/#website\"},\"primaryImageOfPage\":{\"@id\":\"https:\/\/kunmedierne.dk\/mors\/roed-paa-fodboldbanen-blaa-udenfor\/#primaryimage\"},\"image\":{\"@id\":\"https:\/\/kunmedierne.dk\/mors\/roed-paa-fodboldbanen-blaa-udenfor\/#primaryimage\"},\"thumbnailUrl\":\"https:\/\/kunmedierne.dk\/mors\/wp-content\/uploads\/2020\/12\/henrik-sivert-kristensen.jpg\",\"datePublished\":\"2020-12-31T11:03:43+00:00\",\"dateModified\":\"2024-08-12T11:38:02+00:00\",\"breadcrumb\":{\"@id\":\"https:\/\/kunmedierne.dk\/mors\/roed-paa-fodboldbanen-blaa-udenfor\/#breadcrumb\"},\"inLanguage\":\"da-DK\",\"potentialAction\":[{\"@type\":\"ReadAction\",\"target\":[\"https:\/\/kunmedierne.dk\/mors\/roed-paa-fodboldbanen-blaa-udenfor\/\"]}]},{\"@type\":\"ImageObject\",\"inLanguage\":\"da-DK\",\"@id\":\"https:\/\/kunmedierne.dk\/mors\/roed-paa-fodboldbanen-blaa-udenfor\/#primaryimage\",\"url\":\"https:\/\/kunmedierne.dk\/mors\/wp-content\/uploads\/2020\/12\/henrik-sivert-kristensen.jpg\",\"contentUrl\":\"https:\/\/kunmedierne.dk\/mors\/wp-content\/uploads\/2020\/12\/henrik-sivert-kristensen.jpg\",\"width\":770,\"height\":513,\"caption\":\"Henrik 'Sivert' Kristensen, kandidat for Venstre ved Kommunalvalg 2021.\"},{\"@type\":\"BreadcrumbList\",\"@id\":\"https:\/\/kunmedierne.dk\/mors\/roed-paa-fodboldbanen-blaa-udenfor\/#breadcrumb\",\"itemListElement\":[{\"@type\":\"ListItem\",\"position\":1,\"name\":\"Hjem\",\"item\":\"https:\/\/kunmedierne.dk\/mors\/\"},{\"@type\":\"ListItem\",\"position\":2,\"name\":\"R\u00f8d p\u00e5 fodboldbanen &#8211; bl\u00e5 udenfor\"}]},{\"@type\":\"WebSite\",\"@id\":\"https:\/\/kunmedierne.dk\/mors\/#website\",\"url\":\"https:\/\/kunmedierne.dk\/mors\/\",\"name\":\"Mors\",\"description\":\"et netmedie med journalistik om livet p\u00e5 Mors\",\"publisher\":{\"@id\":\"https:\/\/kunmedierne.dk\/mors\/#organization\"},\"potentialAction\":[{\"@type\":\"SearchAction\",\"target\":{\"@type\":\"EntryPoint\",\"urlTemplate\":\"https:\/\/kunmedierne.dk\/mors\/?s={search_term_string}\"},\"query-input\":{\"@type\":\"PropertyValueSpecification\",\"valueRequired\":true,\"valueName\":\"search_term_string\"}}],\"inLanguage\":\"da-DK\"},{\"@type\":\"Organization\",\"@id\":\"https:\/\/kunmedierne.dk\/mors\/#organization\",\"name\":\"Mors\",\"url\":\"https:\/\/kunmedierne.dk\/mors\/\",\"logo\":{\"@type\":\"ImageObject\",\"inLanguage\":\"da-DK\",\"@id\":\"https:\/\/kunmedierne.dk\/mors\/#\/schema\/logo\/image\/\",\"url\":\"https:\/\/kunmedierne.dk\/mors\/wp-content\/uploads\/2024\/08\/kunmors-logo.svg\",\"contentUrl\":\"https:\/\/kunmedierne.dk\/mors\/wp-content\/uploads\/2024\/08\/kunmors-logo.svg\",\"caption\":\"Mors\"},\"image\":{\"@id\":\"https:\/\/kunmedierne.dk\/mors\/#\/schema\/logo\/image\/\"}},{\"@type\":\"Person\",\"@id\":\"https:\/\/kunmedierne.dk\/mors\/#\/schema\/person\/5fe23251bf1d0abbcdc6f7896579d548\",\"name\":\"David H\u00f8jmark\",\"image\":{\"@type\":\"ImageObject\",\"inLanguage\":\"da-DK\",\"@id\":\"https:\/\/kunmedierne.dk\/mors\/#\/schema\/person\/image\/\",\"url\":\"https:\/\/secure.gravatar.com\/avatar\/4315d6fb9ef244d729989f5f90268eb08d5bf8a3d84402f595fa194bb35784fd?s=96&d=mm&r=g\",\"contentUrl\":\"https:\/\/secure.gravatar.com\/avatar\/4315d6fb9ef244d729989f5f90268eb08d5bf8a3d84402f595fa194bb35784fd?s=96&d=mm&r=g\",\"caption\":\"David H\u00f8jmark\"},\"sameAs\":[\"https:\/\/www.kunmedierne.dk\"],\"url\":\"https:\/\/kunmedierne.dk\/mors\/author\/david\/\"}]}<\/script>\n<!-- \/ Yoast SEO plugin. -->","yoast_head_json":{"title":"R\u00f8d p\u00e5 fodboldbanen - bl\u00e5 udenfor - Mors","robots":{"index":"index","follow":"follow","max-snippet":"max-snippet:-1","max-image-preview":"max-image-preview:large","max-video-preview":"max-video-preview:-1"},"canonical":"https:\/\/kunmedierne.dk\/mors\/roed-paa-fodboldbanen-blaa-udenfor\/","og_locale":"da_DK","og_type":"article","og_title":"R\u00f8d p\u00e5 fodboldbanen - bl\u00e5 udenfor - Mors","og_description":"HVIDBJERG: Hvis Henrik &#8216;Sivert&#8217; Kristensen om 11 m\u00e5neder bliver valgt ind i kommunalbestyrelsen, og tager sine kvikke bem\u00e6rkninger fra h\u00e5ndboldhallerne med sig, bliver de f\u00f8lgende \u00e5rs lokalpolitik p\u00e5 Mors ikke kedelig. Den 48-\u00e5rige ildsj\u00e6l fra Hvidbjerg meldte i mandags ud, at han stiller op for Venstre. Dermed har \u00f8ens aktuelle regeringsparti sikret sig et kort, [&hellip;]","og_url":"https:\/\/kunmedierne.dk\/mors\/roed-paa-fodboldbanen-blaa-udenfor\/","og_site_name":"Mors","article_published_time":"2020-12-31T11:03:43+00:00","article_modified_time":"2024-08-12T11:38:02+00:00","og_image":[{"width":770,"height":513,"url":"https:\/\/kunmedierne.dk\/mors\/wp-content\/uploads\/2020\/12\/henrik-sivert-kristensen.jpg","type":"image\/jpeg"}],"author":"David H\u00f8jmark","twitter_card":"summary_large_image","twitter_misc":{"Skrevet af":"David H\u00f8jmark","Estimeret l\u00e6setid":"6 minutter"},"schema":{"@context":"https:\/\/schema.org","@graph":[{"@type":"Article","@id":"https:\/\/kunmedierne.dk\/mors\/roed-paa-fodboldbanen-blaa-udenfor\/#article","isPartOf":{"@id":"https:\/\/kunmedierne.dk\/mors\/roed-paa-fodboldbanen-blaa-udenfor\/"},"author":{"name":"David H\u00f8jmark","@id":"https:\/\/kunmedierne.dk\/mors\/#\/schema\/person\/5fe23251bf1d0abbcdc6f7896579d548"},"headline":"R\u00f8d p\u00e5 fodboldbanen &#8211; bl\u00e5 udenfor","datePublished":"2020-12-31T11:03:43+00:00","dateModified":"2024-08-12T11:38:02+00:00","mainEntityOfPage":{"@id":"https:\/\/kunmedierne.dk\/mors\/roed-paa-fodboldbanen-blaa-udenfor\/"},"wordCount":1136,"commentCount":0,"publisher":{"@id":"https:\/\/kunmedierne.dk\/mors\/#organization"},"image":{"@id":"https:\/\/kunmedierne.dk\/mors\/roed-paa-fodboldbanen-blaa-udenfor\/#primaryimage"},"thumbnailUrl":"https:\/\/kunmedierne.dk\/mors\/wp-content\/uploads\/2020\/12\/henrik-sivert-kristensen.jpg","keywords":["Politik"],"articleSection":["Lokalt"],"inLanguage":"da-DK","potentialAction":[{"@type":"CommentAction","name":"Comment","target":["https:\/\/kunmedierne.dk\/mors\/roed-paa-fodboldbanen-blaa-udenfor\/#respond"]}]},{"@type":"WebPage","@id":"https:\/\/kunmedierne.dk\/mors\/roed-paa-fodboldbanen-blaa-udenfor\/","url":"https:\/\/kunmedierne.dk\/mors\/roed-paa-fodboldbanen-blaa-udenfor\/","name":"R\u00f8d p\u00e5 fodboldbanen - bl\u00e5 udenfor - Mors","isPartOf":{"@id":"https:\/\/kunmedierne.dk\/mors\/#website"},"primaryImageOfPage":{"@id":"https:\/\/kunmedierne.dk\/mors\/roed-paa-fodboldbanen-blaa-udenfor\/#primaryimage"},"image":{"@id":"https:\/\/kunmedierne.dk\/mors\/roed-paa-fodboldbanen-blaa-udenfor\/#primaryimage"},"thumbnailUrl":"https:\/\/kunmedierne.dk\/mors\/wp-content\/uploads\/2020\/12\/henrik-sivert-kristensen.jpg","datePublished":"2020-12-31T11:03:43+00:00","dateModified":"2024-08-12T11:38:02+00:00","breadcrumb":{"@id":"https:\/\/kunmedierne.dk\/mors\/roed-paa-fodboldbanen-blaa-udenfor\/#breadcrumb"},"inLanguage":"da-DK","potentialAction":[{"@type":"ReadAction","target":["https:\/\/kunmedierne.dk\/mors\/roed-paa-fodboldbanen-blaa-udenfor\/"]}]},{"@type":"ImageObject","inLanguage":"da-DK","@id":"https:\/\/kunmedierne.dk\/mors\/roed-paa-fodboldbanen-blaa-udenfor\/#primaryimage","url":"https:\/\/kunmedierne.dk\/mors\/wp-content\/uploads\/2020\/12\/henrik-sivert-kristensen.jpg","contentUrl":"https:\/\/kunmedierne.dk\/mors\/wp-content\/uploads\/2020\/12\/henrik-sivert-kristensen.jpg","width":770,"height":513,"caption":"Henrik 'Sivert' Kristensen, kandidat for Venstre ved Kommunalvalg 2021."},{"@type":"BreadcrumbList","@id":"https:\/\/kunmedierne.dk\/mors\/roed-paa-fodboldbanen-blaa-udenfor\/#breadcrumb","itemListElement":[{"@type":"ListItem","position":1,"name":"Hjem","item":"https:\/\/kunmedierne.dk\/mors\/"},{"@type":"ListItem","position":2,"name":"R\u00f8d p\u00e5 fodboldbanen &#8211; bl\u00e5 udenfor"}]},{"@type":"WebSite","@id":"https:\/\/kunmedierne.dk\/mors\/#website","url":"https:\/\/kunmedierne.dk\/mors\/","name":"Mors","description":"et netmedie med journalistik om livet p\u00e5 Mors","publisher":{"@id":"https:\/\/kunmedierne.dk\/mors\/#organization"},"potentialAction":[{"@type":"SearchAction","target":{"@type":"EntryPoint","urlTemplate":"https:\/\/kunmedierne.dk\/mors\/?s={search_term_string}"},"query-input":{"@type":"PropertyValueSpecification","valueRequired":true,"valueName":"search_term_string"}}],"inLanguage":"da-DK"},{"@type":"Organization","@id":"https:\/\/kunmedierne.dk\/mors\/#organization","name":"Mors","url":"https:\/\/kunmedierne.dk\/mors\/","logo":{"@type":"ImageObject","inLanguage":"da-DK","@id":"https:\/\/kunmedierne.dk\/mors\/#\/schema\/logo\/image\/","url":"https:\/\/kunmedierne.dk\/mors\/wp-content\/uploads\/2024\/08\/kunmors-logo.svg","contentUrl":"https:\/\/kunmedierne.dk\/mors\/wp-content\/uploads\/2024\/08\/kunmors-logo.svg","caption":"Mors"},"image":{"@id":"https:\/\/kunmedierne.dk\/mors\/#\/schema\/logo\/image\/"}},{"@type":"Person","@id":"https:\/\/kunmedierne.dk\/mors\/#\/schema\/person\/5fe23251bf1d0abbcdc6f7896579d548","name":"David H\u00f8jmark","image":{"@type":"ImageObject","inLanguage":"da-DK","@id":"https:\/\/kunmedierne.dk\/mors\/#\/schema\/person\/image\/","url":"https:\/\/secure.gravatar.com\/avatar\/4315d6fb9ef244d729989f5f90268eb08d5bf8a3d84402f595fa194bb35784fd?s=96&d=mm&r=g","contentUrl":"https:\/\/secure.gravatar.com\/avatar\/4315d6fb9ef244d729989f5f90268eb08d5bf8a3d84402f595fa194bb35784fd?s=96&d=mm&r=g","caption":"David H\u00f8jmark"},"sameAs":["https:\/\/www.kunmedierne.dk"],"url":"https:\/\/kunmedierne.dk\/mors\/author\/david\/"}]}},"_links":{"self":[{"href":"https:\/\/kunmedierne.dk\/mors\/wp-json\/wp\/v2\/posts\/37503","targetHints":{"allow":["GET"]}}],"collection":[{"href":"https:\/\/kunmedierne.dk\/mors\/wp-json\/wp\/v2\/posts"}],"about":[{"href":"https:\/\/kunmedierne.dk\/mors\/wp-json\/wp\/v2\/types\/post"}],"author":[{"embeddable":true,"href":"https:\/\/kunmedierne.dk\/mors\/wp-json\/wp\/v2\/users\/8"}],"replies":[{"embeddable":true,"href":"https:\/\/kunmedierne.dk\/mors\/wp-json\/wp\/v2\/comments?post=37503"}],"version-history":[{"count":3,"href":"https:\/\/kunmedierne.dk\/mors\/wp-json\/wp\/v2\/posts\/37503\/revisions"}],"predecessor-version":[{"id":37676,"href":"https:\/\/kunmedierne.dk\/mors\/wp-json\/wp\/v2\/posts\/37503\/revisions\/37676"}],"wp:featuredmedia":[{"embeddable":true,"href":"https:\/\/kunmedierne.dk\/mors\/wp-json\/wp\/v2\/media\/37504"}],"wp:attachment":[{"href":"https:\/\/kunmedierne.dk\/mors\/wp-json\/wp\/v2\/media?parent=37503"}],"wp:term":[{"taxonomy":"category","embeddable":true,"href":"https:\/\/kunmedierne.dk\/mors\/wp-json\/wp\/v2\/categories?post=37503"},{"taxonomy":"post_tag","embeddable":true,"href":"https:\/\/kunmedierne.dk\/mors\/wp-json\/wp\/v2\/tags?post=37503"}],"curies":[{"name":"wp","href":"https:\/\/api.w.org\/{rel}","templated":true}]}}