{"id":37420,"date":"2020-12-28T21:45:03","date_gmt":"2020-12-28T20:45:03","guid":{"rendered":"https:\/\/kunmedierne.dk\/mors\/?p=37420"},"modified":"2024-08-12T13:38:03","modified_gmt":"2024-08-12T11:38:03","slug":"morsoe-borgmester-bakker-op-om-ellemann-jensen-i-stoejberg-sag","status":"publish","type":"post","link":"https:\/\/kunmedierne.dk\/mors\/morsoe-borgmester-bakker-op-om-ellemann-jensen-i-stoejberg-sag\/","title":{"rendered":"Mors\u00f8-borgmester bakker op om Ellemann-Jensen i St\u00f8jberg-sag"},"content":{"rendered":"<p><strong>MORS<\/strong>: Dagens store politiske drama i Venstre har ogs\u00e5 en lokal dimension.<\/p>\n<p>Til flere medier har partiformand Jakob Ellemann-Jensen fortalt, at Venstre kan ende med at bakke op om en rigsretssag mod partiets n\u00e6stformand, tidligere udl\u00e6ndinge- og integrationsminister Inger St\u00f8jberg, hvis den aktuelle advokatunders\u00f8gelse af instrukskommissionens beretning f\u00f8rer til en anbefaling om det.<\/p>\n<p>Inger St\u00f8jberg her endnu ikke udtalt sig til medier om formandens udmelding, men melder sig p\u00e5 Facebook helt uenig med formanden og overrasket over hans udtalelser. Dermed er\u00a0partitoppen i det st\u00f8rste oppositionsparti s\u00e5 meget p\u00e5 kollisionskurs, at politiske kommentatorer i l\u00f8bet af dagen har talt om det endelige opg\u00f8r mellem formand og n\u00e6stformand.<\/p>\n<p>Og det er i s\u00e5 fald med opbakning til formanden fra Hans Ejner Bertelsen, Venstre-borgmester p\u00e5 Mors.<\/p>\n<p>I DR TV-Avisen mandag aften er han en af flere Venstre-borgmestre, der erkl\u00e6rer enighed med Jakob Elleman-Jensens i accepten af en potentiel rigsretssag.<\/p>\n<p>&#8220;Jeg synes, det er vigtigt at f\u00e5 meldt ud, at alle er lige for loven &#8211; og det g\u00e6lder uanset, om man er socialdemokratisk statsminister, eller om man er tidligere Venstre-minister,&#8221; siger Hans Ejner Bertelsen i tv-indslaget, der kan ses <a href=\"https:\/\/www.dr.dk\/drtv\/se\/tv-avisen-21_00_-aaben-strid-i-venstres-top_229341\" target=\"_blank\" rel=\"noopener noreferrer\">her<\/a>. <a href=\"https:\/\/www.sparnord.dk\/filialer\/nykoebing-mors\/\"><img loading=\"lazy\" decoding=\"async\" class=\"alignright size-full wp-image-35699\" src=\"https:\/\/kunmedierne.dk\/mors\/wp-content\/uploads\/2020\/11\/ho6.jpg\" alt=\"\" width=\"1400\" height=\"123\" srcset=\"https:\/\/kunmedierne.dk\/mors\/wp-content\/uploads\/2020\/11\/ho6.jpg 1400w, https:\/\/kunmedierne.dk\/mors\/wp-content\/uploads\/2020\/11\/ho6-300x26.jpg 300w, https:\/\/kunmedierne.dk\/mors\/wp-content\/uploads\/2020\/11\/ho6-1024x90.jpg 1024w, https:\/\/kunmedierne.dk\/mors\/wp-content\/uploads\/2020\/11\/ho6-768x67.jpg 768w, https:\/\/kunmedierne.dk\/mors\/wp-content\/uploads\/2020\/11\/ho6-600x53.jpg 600w\" sizes=\"auto, (max-width: 1400px) 100vw, 1400px\" \/><\/a><\/p>\n<p>Med &#8220;socialdemokratisk statsminister&#8221; henviser han til den s\u00e5kaldte minksag og sp\u00f8rgsm\u00e5let om et muligt grundlovsbrud fra regeringen. Og i forhold til Inger St\u00f8jberg g\u00e5r han skridtet videre, end da KunMors <a href=\"https:\/\/kunmedierne.dk\/mors\/skal-inger-stoejberg-for-en-rigsret\/\" target=\"_blank\" rel=\"noopener noreferrer\">for 11 dage siden<\/a> bad ham og to andre lokale Venstre-politikere give deres syn p\u00e5 Inger St\u00f8jberg-sagen.<\/p>\n<p>Dengang var instrukskommissionen lige kommet med sin beretning og en meget h\u00e5rd kritik af Inger St\u00f8jberg &#8211; og sp\u00f8rgsm\u00e5let var derfor, om den skulle f\u00f8re til en rigsretssag for den tidligere udl\u00e6ndinge- og integrationsminister.<\/p>\n<p>For Hans Ejner Bertelsen var det p\u00e5 dav\u00e6rende tidspunkt et \u00e5bent sp\u00f8rgsm\u00e5l.<\/p>\n<p>\u201cNu skal det behandles ordentligt i Venstres gruppe, og bagefter skal det have en ordentlig behandling i Folketinget. Og jeg synes egentlig, at det er der, vi er lige nu. S\u00e5 m\u00e5 vi se, n\u00e5r den unders\u00f8gelse, som tilsyneladende rigtig mange partier bakker op om, kommer \u2013 om der s\u00e5 skal v\u00e6re en rigsretssag eller ej. Det m\u00e5 v\u00e6re p\u00e5 det tidspunkt, vi kan have en holdning til det,\u201d sagde Hans Ejner Bertelsen 17. december.<\/p>\n<p>Mors\u00f8-borgmesteren ville p\u00e5 det tidspunkt ikke konkludere p\u00e5, om den uvildige advokatunders\u00f8gelse skulle f\u00f8re til en rigsretssag, hvis det blev anbefalingen fra den. <a href=\"https:\/\/vognmand-filtenborg.dk\/\"><img loading=\"lazy\" decoding=\"async\" class=\"alignright size-full wp-image-35525\" src=\"https:\/\/kunmedierne.dk\/mors\/wp-content\/uploads\/2020\/11\/ho1.jpg\" alt=\"\" width=\"1400\" height=\"125\" srcset=\"https:\/\/kunmedierne.dk\/mors\/wp-content\/uploads\/2020\/11\/ho1.jpg 1400w, https:\/\/kunmedierne.dk\/mors\/wp-content\/uploads\/2020\/11\/ho1-300x27.jpg 300w, https:\/\/kunmedierne.dk\/mors\/wp-content\/uploads\/2020\/11\/ho1-1024x91.jpg 1024w, https:\/\/kunmedierne.dk\/mors\/wp-content\/uploads\/2020\/11\/ho1-768x69.jpg 768w, https:\/\/kunmedierne.dk\/mors\/wp-content\/uploads\/2020\/11\/ho1-600x54.jpg 600w\" sizes=\"auto, (max-width: 1400px) 100vw, 1400px\" \/><\/a><\/p>\n<p>\u201cDet synes jeg ikke, at jeg kan udtale mig om lige nu og her. Der vil jeg gerne have lov at se, hvilke konklusioner den kommer med. Man lukker ikke nogle muligheder \u2013 tv\u00e6rtimod siger man, at vi skal kigge p\u00e5, hvad der st\u00e5r i rapporten. S\u00e5 tager vi stilling derefter. Og det er jo prim\u00e6rt folketingsgruppen, der skal g\u00f8re det, og det har jeg tillid til, at den g\u00f8r,\u201d siger Hans Ejner Bertelsen.<\/p>\n<p>Det samme var i midten af december anbefalingen fra Jakob Ellemann-Jensen, som Mors\u00f8-borgmesteren ogs\u00e5 dengang gav sin fulde opbakning &#8211; ogs\u00e5 p\u00e5 det generelle plan. Samtidig afviste han dog pr\u00e6missen om, at Inger St\u00f8jberg var ved at splitte partiet indefra.<\/p>\n<p>\u201cDet er ikke min opfattelse, n\u00e5r vi er sammen. Jeg synes egentlig, at Venstre st\u00e5r st\u00e6rkt \u2013 ogs\u00e5 internt,&#8221; sagde Hans Ejner Bertelsen.<\/p>\n","protected":false},"excerpt":{"rendered":"<p>MORS: Dagens store politiske drama i Venstre har ogs\u00e5 en lokal dimension. Til flere medier har partiformand Jakob Ellemann-Jensen fortalt, at Venstre kan ende med at bakke op om en rigsretssag mod partiets n\u00e6stformand, tidligere udl\u00e6ndinge- og integrationsminister Inger St\u00f8jberg, hvis den aktuelle advokatunders\u00f8gelse af instrukskommissionens beretning f\u00f8rer til en anbefaling om det. Inger St\u00f8jberg [&hellip;]<\/p>\n","protected":false},"author":8,"featured_media":13995,"comment_status":"open","ping_status":"open","sticky":false,"template":"","format":"standard","meta":{"_acf_changed":false,"footnotes":""},"categories":[51],"tags":[167],"class_list":["post-37420","post","type-post","status-publish","format-standard","has-post-thumbnail","hentry","category-lokalt","tag-politik"],"acf":[],"yoast_head":"<!-- This site is optimized with the Yoast SEO plugin v26.8 - https:\/\/yoast.com\/product\/yoast-seo-wordpress\/ -->\n<title>Mors\u00f8-borgmester bakker op om Ellemann-Jensen i St\u00f8jberg-sag - Mors<\/title>\n<meta name=\"robots\" content=\"index, follow, max-snippet:-1, max-image-preview:large, max-video-preview:-1\" \/>\n<link rel=\"canonical\" href=\"https:\/\/kunmedierne.dk\/mors\/morsoe-borgmester-bakker-op-om-ellemann-jensen-i-stoejberg-sag\/\" \/>\n<meta property=\"og:locale\" content=\"da_DK\" \/>\n<meta property=\"og:type\" content=\"article\" \/>\n<meta property=\"og:title\" content=\"Mors\u00f8-borgmester bakker op om Ellemann-Jensen i St\u00f8jberg-sag - Mors\" \/>\n<meta property=\"og:description\" content=\"MORS: Dagens store politiske drama i Venstre har ogs\u00e5 en lokal dimension. Til flere medier har partiformand Jakob Ellemann-Jensen fortalt, at Venstre kan ende med at bakke op om en rigsretssag mod partiets n\u00e6stformand, tidligere udl\u00e6ndinge- og integrationsminister Inger St\u00f8jberg, hvis den aktuelle advokatunders\u00f8gelse af instrukskommissionens beretning f\u00f8rer til en anbefaling om det. Inger St\u00f8jberg [&hellip;]\" \/>\n<meta property=\"og:url\" content=\"https:\/\/kunmedierne.dk\/mors\/morsoe-borgmester-bakker-op-om-ellemann-jensen-i-stoejberg-sag\/\" \/>\n<meta property=\"og:site_name\" content=\"Mors\" \/>\n<meta property=\"article:published_time\" content=\"2020-12-28T20:45:03+00:00\" \/>\n<meta property=\"article:modified_time\" content=\"2024-08-12T11:38:03+00:00\" \/>\n<meta property=\"og:image\" content=\"https:\/\/kunmedierne.dk\/mors\/wp-content\/uploads\/2020\/03\/200101-hans-ejner-bertelsen-V.jpg\" \/>\n\t<meta property=\"og:image:width\" content=\"770\" \/>\n\t<meta property=\"og:image:height\" content=\"513\" \/>\n\t<meta property=\"og:image:type\" content=\"image\/jpeg\" \/>\n<meta name=\"author\" content=\"David H\u00f8jmark\" \/>\n<meta name=\"twitter:card\" content=\"summary_large_image\" \/>\n<meta name=\"twitter:label1\" content=\"Skrevet af\" \/>\n\t<meta name=\"twitter:data1\" content=\"David H\u00f8jmark\" \/>\n\t<meta name=\"twitter:label2\" content=\"Estimeret l\u00e6setid\" \/>\n\t<meta name=\"twitter:data2\" content=\"3 minutter\" \/>\n<script type=\"application\/ld+json\" class=\"yoast-schema-graph\">{\"@context\":\"https:\/\/schema.org\",\"@graph\":[{\"@type\":\"Article\",\"@id\":\"https:\/\/kunmedierne.dk\/mors\/morsoe-borgmester-bakker-op-om-ellemann-jensen-i-stoejberg-sag\/#article\",\"isPartOf\":{\"@id\":\"https:\/\/kunmedierne.dk\/mors\/morsoe-borgmester-bakker-op-om-ellemann-jensen-i-stoejberg-sag\/\"},\"author\":{\"name\":\"David H\u00f8jmark\",\"@id\":\"https:\/\/kunmedierne.dk\/mors\/#\/schema\/person\/5fe23251bf1d0abbcdc6f7896579d548\"},\"headline\":\"Mors\u00f8-borgmester bakker op om Ellemann-Jensen i St\u00f8jberg-sag\",\"datePublished\":\"2020-12-28T20:45:03+00:00\",\"dateModified\":\"2024-08-12T11:38:03+00:00\",\"mainEntityOfPage\":{\"@id\":\"https:\/\/kunmedierne.dk\/mors\/morsoe-borgmester-bakker-op-om-ellemann-jensen-i-stoejberg-sag\/\"},\"wordCount\":565,\"commentCount\":0,\"publisher\":{\"@id\":\"https:\/\/kunmedierne.dk\/mors\/#organization\"},\"image\":{\"@id\":\"https:\/\/kunmedierne.dk\/mors\/morsoe-borgmester-bakker-op-om-ellemann-jensen-i-stoejberg-sag\/#primaryimage\"},\"thumbnailUrl\":\"https:\/\/kunmedierne.dk\/mors\/wp-content\/uploads\/2020\/03\/200101-hans-ejner-bertelsen-V.jpg\",\"keywords\":[\"Politik\"],\"articleSection\":[\"Lokalt\"],\"inLanguage\":\"da-DK\",\"potentialAction\":[{\"@type\":\"CommentAction\",\"name\":\"Comment\",\"target\":[\"https:\/\/kunmedierne.dk\/mors\/morsoe-borgmester-bakker-op-om-ellemann-jensen-i-stoejberg-sag\/#respond\"]}]},{\"@type\":\"WebPage\",\"@id\":\"https:\/\/kunmedierne.dk\/mors\/morsoe-borgmester-bakker-op-om-ellemann-jensen-i-stoejberg-sag\/\",\"url\":\"https:\/\/kunmedierne.dk\/mors\/morsoe-borgmester-bakker-op-om-ellemann-jensen-i-stoejberg-sag\/\",\"name\":\"Mors\u00f8-borgmester bakker op om Ellemann-Jensen i St\u00f8jberg-sag - Mors\",\"isPartOf\":{\"@id\":\"https:\/\/kunmedierne.dk\/mors\/#website\"},\"primaryImageOfPage\":{\"@id\":\"https:\/\/kunmedierne.dk\/mors\/morsoe-borgmester-bakker-op-om-ellemann-jensen-i-stoejberg-sag\/#primaryimage\"},\"image\":{\"@id\":\"https:\/\/kunmedierne.dk\/mors\/morsoe-borgmester-bakker-op-om-ellemann-jensen-i-stoejberg-sag\/#primaryimage\"},\"thumbnailUrl\":\"https:\/\/kunmedierne.dk\/mors\/wp-content\/uploads\/2020\/03\/200101-hans-ejner-bertelsen-V.jpg\",\"datePublished\":\"2020-12-28T20:45:03+00:00\",\"dateModified\":\"2024-08-12T11:38:03+00:00\",\"breadcrumb\":{\"@id\":\"https:\/\/kunmedierne.dk\/mors\/morsoe-borgmester-bakker-op-om-ellemann-jensen-i-stoejberg-sag\/#breadcrumb\"},\"inLanguage\":\"da-DK\",\"potentialAction\":[{\"@type\":\"ReadAction\",\"target\":[\"https:\/\/kunmedierne.dk\/mors\/morsoe-borgmester-bakker-op-om-ellemann-jensen-i-stoejberg-sag\/\"]}]},{\"@type\":\"ImageObject\",\"inLanguage\":\"da-DK\",\"@id\":\"https:\/\/kunmedierne.dk\/mors\/morsoe-borgmester-bakker-op-om-ellemann-jensen-i-stoejberg-sag\/#primaryimage\",\"url\":\"https:\/\/kunmedierne.dk\/mors\/wp-content\/uploads\/2020\/03\/200101-hans-ejner-bertelsen-V.jpg\",\"contentUrl\":\"https:\/\/kunmedierne.dk\/mors\/wp-content\/uploads\/2020\/03\/200101-hans-ejner-bertelsen-V.jpg\",\"width\":770,\"height\":513,\"caption\":\"Borgmester Hans Ejner Bertelsen (V). Foto: Per Bech\/Mors\u00f8 Kommune.\"},{\"@type\":\"BreadcrumbList\",\"@id\":\"https:\/\/kunmedierne.dk\/mors\/morsoe-borgmester-bakker-op-om-ellemann-jensen-i-stoejberg-sag\/#breadcrumb\",\"itemListElement\":[{\"@type\":\"ListItem\",\"position\":1,\"name\":\"Hjem\",\"item\":\"https:\/\/kunmedierne.dk\/mors\/\"},{\"@type\":\"ListItem\",\"position\":2,\"name\":\"Mors\u00f8-borgmester bakker op om Ellemann-Jensen i St\u00f8jberg-sag\"}]},{\"@type\":\"WebSite\",\"@id\":\"https:\/\/kunmedierne.dk\/mors\/#website\",\"url\":\"https:\/\/kunmedierne.dk\/mors\/\",\"name\":\"Mors\",\"description\":\"et netmedie med journalistik om livet p\u00e5 Mors\",\"publisher\":{\"@id\":\"https:\/\/kunmedierne.dk\/mors\/#organization\"},\"potentialAction\":[{\"@type\":\"SearchAction\",\"target\":{\"@type\":\"EntryPoint\",\"urlTemplate\":\"https:\/\/kunmedierne.dk\/mors\/?s={search_term_string}\"},\"query-input\":{\"@type\":\"PropertyValueSpecification\",\"valueRequired\":true,\"valueName\":\"search_term_string\"}}],\"inLanguage\":\"da-DK\"},{\"@type\":\"Organization\",\"@id\":\"https:\/\/kunmedierne.dk\/mors\/#organization\",\"name\":\"Mors\",\"url\":\"https:\/\/kunmedierne.dk\/mors\/\",\"logo\":{\"@type\":\"ImageObject\",\"inLanguage\":\"da-DK\",\"@id\":\"https:\/\/kunmedierne.dk\/mors\/#\/schema\/logo\/image\/\",\"url\":\"https:\/\/kunmedierne.dk\/mors\/wp-content\/uploads\/2024\/08\/kunmors-logo.svg\",\"contentUrl\":\"https:\/\/kunmedierne.dk\/mors\/wp-content\/uploads\/2024\/08\/kunmors-logo.svg\",\"caption\":\"Mors\"},\"image\":{\"@id\":\"https:\/\/kunmedierne.dk\/mors\/#\/schema\/logo\/image\/\"}},{\"@type\":\"Person\",\"@id\":\"https:\/\/kunmedierne.dk\/mors\/#\/schema\/person\/5fe23251bf1d0abbcdc6f7896579d548\",\"name\":\"David H\u00f8jmark\",\"image\":{\"@type\":\"ImageObject\",\"inLanguage\":\"da-DK\",\"@id\":\"https:\/\/kunmedierne.dk\/mors\/#\/schema\/person\/image\/\",\"url\":\"https:\/\/secure.gravatar.com\/avatar\/4315d6fb9ef244d729989f5f90268eb08d5bf8a3d84402f595fa194bb35784fd?s=96&d=mm&r=g\",\"contentUrl\":\"https:\/\/secure.gravatar.com\/avatar\/4315d6fb9ef244d729989f5f90268eb08d5bf8a3d84402f595fa194bb35784fd?s=96&d=mm&r=g\",\"caption\":\"David H\u00f8jmark\"},\"sameAs\":[\"https:\/\/www.kunmedierne.dk\"],\"url\":\"https:\/\/kunmedierne.dk\/mors\/author\/david\/\"}]}<\/script>\n<!-- \/ Yoast SEO plugin. -->","yoast_head_json":{"title":"Mors\u00f8-borgmester bakker op om Ellemann-Jensen i St\u00f8jberg-sag - Mors","robots":{"index":"index","follow":"follow","max-snippet":"max-snippet:-1","max-image-preview":"max-image-preview:large","max-video-preview":"max-video-preview:-1"},"canonical":"https:\/\/kunmedierne.dk\/mors\/morsoe-borgmester-bakker-op-om-ellemann-jensen-i-stoejberg-sag\/","og_locale":"da_DK","og_type":"article","og_title":"Mors\u00f8-borgmester bakker op om Ellemann-Jensen i St\u00f8jberg-sag - Mors","og_description":"MORS: Dagens store politiske drama i Venstre har ogs\u00e5 en lokal dimension. Til flere medier har partiformand Jakob Ellemann-Jensen fortalt, at Venstre kan ende med at bakke op om en rigsretssag mod partiets n\u00e6stformand, tidligere udl\u00e6ndinge- og integrationsminister Inger St\u00f8jberg, hvis den aktuelle advokatunders\u00f8gelse af instrukskommissionens beretning f\u00f8rer til en anbefaling om det. Inger St\u00f8jberg [&hellip;]","og_url":"https:\/\/kunmedierne.dk\/mors\/morsoe-borgmester-bakker-op-om-ellemann-jensen-i-stoejberg-sag\/","og_site_name":"Mors","article_published_time":"2020-12-28T20:45:03+00:00","article_modified_time":"2024-08-12T11:38:03+00:00","og_image":[{"width":770,"height":513,"url":"https:\/\/kunmedierne.dk\/mors\/wp-content\/uploads\/2020\/03\/200101-hans-ejner-bertelsen-V.jpg","type":"image\/jpeg"}],"author":"David H\u00f8jmark","twitter_card":"summary_large_image","twitter_misc":{"Skrevet af":"David H\u00f8jmark","Estimeret l\u00e6setid":"3 minutter"},"schema":{"@context":"https:\/\/schema.org","@graph":[{"@type":"Article","@id":"https:\/\/kunmedierne.dk\/mors\/morsoe-borgmester-bakker-op-om-ellemann-jensen-i-stoejberg-sag\/#article","isPartOf":{"@id":"https:\/\/kunmedierne.dk\/mors\/morsoe-borgmester-bakker-op-om-ellemann-jensen-i-stoejberg-sag\/"},"author":{"name":"David H\u00f8jmark","@id":"https:\/\/kunmedierne.dk\/mors\/#\/schema\/person\/5fe23251bf1d0abbcdc6f7896579d548"},"headline":"Mors\u00f8-borgmester bakker op om Ellemann-Jensen i St\u00f8jberg-sag","datePublished":"2020-12-28T20:45:03+00:00","dateModified":"2024-08-12T11:38:03+00:00","mainEntityOfPage":{"@id":"https:\/\/kunmedierne.dk\/mors\/morsoe-borgmester-bakker-op-om-ellemann-jensen-i-stoejberg-sag\/"},"wordCount":565,"commentCount":0,"publisher":{"@id":"https:\/\/kunmedierne.dk\/mors\/#organization"},"image":{"@id":"https:\/\/kunmedierne.dk\/mors\/morsoe-borgmester-bakker-op-om-ellemann-jensen-i-stoejberg-sag\/#primaryimage"},"thumbnailUrl":"https:\/\/kunmedierne.dk\/mors\/wp-content\/uploads\/2020\/03\/200101-hans-ejner-bertelsen-V.jpg","keywords":["Politik"],"articleSection":["Lokalt"],"inLanguage":"da-DK","potentialAction":[{"@type":"CommentAction","name":"Comment","target":["https:\/\/kunmedierne.dk\/mors\/morsoe-borgmester-bakker-op-om-ellemann-jensen-i-stoejberg-sag\/#respond"]}]},{"@type":"WebPage","@id":"https:\/\/kunmedierne.dk\/mors\/morsoe-borgmester-bakker-op-om-ellemann-jensen-i-stoejberg-sag\/","url":"https:\/\/kunmedierne.dk\/mors\/morsoe-borgmester-bakker-op-om-ellemann-jensen-i-stoejberg-sag\/","name":"Mors\u00f8-borgmester bakker op om Ellemann-Jensen i St\u00f8jberg-sag - Mors","isPartOf":{"@id":"https:\/\/kunmedierne.dk\/mors\/#website"},"primaryImageOfPage":{"@id":"https:\/\/kunmedierne.dk\/mors\/morsoe-borgmester-bakker-op-om-ellemann-jensen-i-stoejberg-sag\/#primaryimage"},"image":{"@id":"https:\/\/kunmedierne.dk\/mors\/morsoe-borgmester-bakker-op-om-ellemann-jensen-i-stoejberg-sag\/#primaryimage"},"thumbnailUrl":"https:\/\/kunmedierne.dk\/mors\/wp-content\/uploads\/2020\/03\/200101-hans-ejner-bertelsen-V.jpg","datePublished":"2020-12-28T20:45:03+00:00","dateModified":"2024-08-12T11:38:03+00:00","breadcrumb":{"@id":"https:\/\/kunmedierne.dk\/mors\/morsoe-borgmester-bakker-op-om-ellemann-jensen-i-stoejberg-sag\/#breadcrumb"},"inLanguage":"da-DK","potentialAction":[{"@type":"ReadAction","target":["https:\/\/kunmedierne.dk\/mors\/morsoe-borgmester-bakker-op-om-ellemann-jensen-i-stoejberg-sag\/"]}]},{"@type":"ImageObject","inLanguage":"da-DK","@id":"https:\/\/kunmedierne.dk\/mors\/morsoe-borgmester-bakker-op-om-ellemann-jensen-i-stoejberg-sag\/#primaryimage","url":"https:\/\/kunmedierne.dk\/mors\/wp-content\/uploads\/2020\/03\/200101-hans-ejner-bertelsen-V.jpg","contentUrl":"https:\/\/kunmedierne.dk\/mors\/wp-content\/uploads\/2020\/03\/200101-hans-ejner-bertelsen-V.jpg","width":770,"height":513,"caption":"Borgmester Hans Ejner Bertelsen (V). Foto: Per Bech\/Mors\u00f8 Kommune."},{"@type":"BreadcrumbList","@id":"https:\/\/kunmedierne.dk\/mors\/morsoe-borgmester-bakker-op-om-ellemann-jensen-i-stoejberg-sag\/#breadcrumb","itemListElement":[{"@type":"ListItem","position":1,"name":"Hjem","item":"https:\/\/kunmedierne.dk\/mors\/"},{"@type":"ListItem","position":2,"name":"Mors\u00f8-borgmester bakker op om Ellemann-Jensen i St\u00f8jberg-sag"}]},{"@type":"WebSite","@id":"https:\/\/kunmedierne.dk\/mors\/#website","url":"https:\/\/kunmedierne.dk\/mors\/","name":"Mors","description":"et netmedie med journalistik om livet p\u00e5 Mors","publisher":{"@id":"https:\/\/kunmedierne.dk\/mors\/#organization"},"potentialAction":[{"@type":"SearchAction","target":{"@type":"EntryPoint","urlTemplate":"https:\/\/kunmedierne.dk\/mors\/?s={search_term_string}"},"query-input":{"@type":"PropertyValueSpecification","valueRequired":true,"valueName":"search_term_string"}}],"inLanguage":"da-DK"},{"@type":"Organization","@id":"https:\/\/kunmedierne.dk\/mors\/#organization","name":"Mors","url":"https:\/\/kunmedierne.dk\/mors\/","logo":{"@type":"ImageObject","inLanguage":"da-DK","@id":"https:\/\/kunmedierne.dk\/mors\/#\/schema\/logo\/image\/","url":"https:\/\/kunmedierne.dk\/mors\/wp-content\/uploads\/2024\/08\/kunmors-logo.svg","contentUrl":"https:\/\/kunmedierne.dk\/mors\/wp-content\/uploads\/2024\/08\/kunmors-logo.svg","caption":"Mors"},"image":{"@id":"https:\/\/kunmedierne.dk\/mors\/#\/schema\/logo\/image\/"}},{"@type":"Person","@id":"https:\/\/kunmedierne.dk\/mors\/#\/schema\/person\/5fe23251bf1d0abbcdc6f7896579d548","name":"David H\u00f8jmark","image":{"@type":"ImageObject","inLanguage":"da-DK","@id":"https:\/\/kunmedierne.dk\/mors\/#\/schema\/person\/image\/","url":"https:\/\/secure.gravatar.com\/avatar\/4315d6fb9ef244d729989f5f90268eb08d5bf8a3d84402f595fa194bb35784fd?s=96&d=mm&r=g","contentUrl":"https:\/\/secure.gravatar.com\/avatar\/4315d6fb9ef244d729989f5f90268eb08d5bf8a3d84402f595fa194bb35784fd?s=96&d=mm&r=g","caption":"David H\u00f8jmark"},"sameAs":["https:\/\/www.kunmedierne.dk"],"url":"https:\/\/kunmedierne.dk\/mors\/author\/david\/"}]}},"_links":{"self":[{"href":"https:\/\/kunmedierne.dk\/mors\/wp-json\/wp\/v2\/posts\/37420","targetHints":{"allow":["GET"]}}],"collection":[{"href":"https:\/\/kunmedierne.dk\/mors\/wp-json\/wp\/v2\/posts"}],"about":[{"href":"https:\/\/kunmedierne.dk\/mors\/wp-json\/wp\/v2\/types\/post"}],"author":[{"embeddable":true,"href":"https:\/\/kunmedierne.dk\/mors\/wp-json\/wp\/v2\/users\/8"}],"replies":[{"embeddable":true,"href":"https:\/\/kunmedierne.dk\/mors\/wp-json\/wp\/v2\/comments?post=37420"}],"version-history":[{"count":3,"href":"https:\/\/kunmedierne.dk\/mors\/wp-json\/wp\/v2\/posts\/37420\/revisions"}],"predecessor-version":[{"id":37424,"href":"https:\/\/kunmedierne.dk\/mors\/wp-json\/wp\/v2\/posts\/37420\/revisions\/37424"}],"wp:featuredmedia":[{"embeddable":true,"href":"https:\/\/kunmedierne.dk\/mors\/wp-json\/wp\/v2\/media\/13995"}],"wp:attachment":[{"href":"https:\/\/kunmedierne.dk\/mors\/wp-json\/wp\/v2\/media?parent=37420"}],"wp:term":[{"taxonomy":"category","embeddable":true,"href":"https:\/\/kunmedierne.dk\/mors\/wp-json\/wp\/v2\/categories?post=37420"},{"taxonomy":"post_tag","embeddable":true,"href":"https:\/\/kunmedierne.dk\/mors\/wp-json\/wp\/v2\/tags?post=37420"}],"curies":[{"name":"wp","href":"https:\/\/api.w.org\/{rel}","templated":true}]}}