{"id":37372,"date":"2020-12-28T09:39:19","date_gmt":"2020-12-28T08:39:19","guid":{"rendered":"https:\/\/kunmedierne.dk\/mors\/?p=37372"},"modified":"2024-08-12T13:38:03","modified_gmt":"2024-08-12T11:38:03","slug":"venstre-mors-klar-med-to-nye-kandidater","status":"publish","type":"post","link":"https:\/\/kunmedierne.dk\/mors\/venstre-mors-klar-med-to-nye-kandidater\/","title":{"rendered":"Venstre Mors klar med to nye kandidater"},"content":{"rendered":"<p><strong>MORS<\/strong>: T\u00e6t p\u00e5 nyt\u00e5r og t\u00e6t p\u00e5 et \u00e5r, der kommer til at st\u00e5 i kommunalvalgets tegn, har Venstre p\u00e5 Mors de f\u00f8rste to nye kandidater klar. Rasmus Christensen fra Karby og Henrik &#8216;Sivert&#8217; Kristensen fra Hvidbjerg har begge sagt ja tak til at stille op for Venstre til kommunalvalget n\u00e6ste \u00e5r.<\/p>\n<p>Det fort\u00e6ller Venstre Mors i en pressemeddelelse.<\/p>\n<p>&#8220;Det er to gode kandidater med et godt lokalt fodf\u00e6ste, vi f\u00e5r med p\u00e5 holdet,&#8221; siger Hans Ejner Bertelsen, borgmester i Mors\u00f8 Kommune og en af de 11 Venstre-politikere i den nuv\u00e6rende kommunalbestyrelse.<\/p>\n<p>&#8220;Det er vigtigt, at vi f\u00e5r kandidater der repr\u00e6senterer b\u00e5de viden og holdninger fra de enkelte lokalsamfund. At de s\u00e5 begge to ogs\u00e5 br\u00e6nder for Mors g\u00f8r jo ikke noget&#8221;, tilf\u00f8jer han. <a href=\"https:\/\/www.sparnord.dk\/filialer\/nykoebing-mors\/\"><img loading=\"lazy\" decoding=\"async\" class=\"alignright size-full wp-image-35699\" src=\"https:\/\/kunmedierne.dk\/mors\/wp-content\/uploads\/2020\/11\/ho6.jpg\" alt=\"\" width=\"1400\" height=\"123\" srcset=\"https:\/\/kunmedierne.dk\/mors\/wp-content\/uploads\/2020\/11\/ho6.jpg 1400w, https:\/\/kunmedierne.dk\/mors\/wp-content\/uploads\/2020\/11\/ho6-300x26.jpg 300w, https:\/\/kunmedierne.dk\/mors\/wp-content\/uploads\/2020\/11\/ho6-1024x90.jpg 1024w, https:\/\/kunmedierne.dk\/mors\/wp-content\/uploads\/2020\/11\/ho6-768x67.jpg 768w, https:\/\/kunmedierne.dk\/mors\/wp-content\/uploads\/2020\/11\/ho6-600x53.jpg 600w\" sizes=\"auto, (max-width: 1400px) 100vw, 1400px\" \/><\/a><\/p>\n<p>Kommunalvalget afholdes hvert fjerde \u00e5r og altid den tredje tirsdag i november. Tirsdag den 16. november afg\u00f8res det, hvem der bliver valgt til kommunalbestyrelsen i Mors\u00f8 Kommune for de efterf\u00f8lgende fire \u00e5r.<\/p>\n<p>De to nye kandidater m\u00e5 derfor vente et lille \u00e5rs tid med at f\u00e5 udl\u00f8st sp\u00e6ndingen, om de bliver valgt eller ej.<\/p>\n<p>&nbsp;<\/p>\n<blockquote>\n<h2>FAKTA<\/h2>\n<h3>Rasmus Christensen<\/h3>\n<h5>36 \u00e5r og fra Karby.<\/h5>\n<h5>Er reng\u00f8ringskoordinator i Mors\u00f8 Kommune. Var tidligere ansat som Centerleder i Sydvestmors Kultur- Og Fritidscenter.<\/h5>\n<h5>I fritiden aktiv i Karby Borgerforening og formand for bestyrelsen i Sydvestmors B\u00f8rnehave og Vuggestue.<\/h5>\n<h5>Fort\u00e6ller i pressemeddelelsen, at han gerne vil i kommunalbestyrelsen for at v\u00e6re med til at s\u00e6tte kursen for \u00f8ens fremtid og gl\u00e6der sig til at bidrage til Venstres politik p\u00e5 Mors. Det g\u00e6lder i lokalomr\u00e5det og for hele \u00f8en.<\/h5>\n<\/blockquote>\n<p><a href=\"https:\/\/www.braendselsforeningen.dk\/\"><img loading=\"lazy\" decoding=\"async\" class=\"alignright size-full wp-image-36029\" src=\"https:\/\/kunmedierne.dk\/mors\/wp-content\/uploads\/2020\/11\/Br\u00e6ndselsforeningen.jpg\" alt=\"\" width=\"1425\" height=\"127\" srcset=\"https:\/\/kunmedierne.dk\/mors\/wp-content\/uploads\/2020\/11\/Br\u00e6ndselsforeningen.jpg 1425w, https:\/\/kunmedierne.dk\/mors\/wp-content\/uploads\/2020\/11\/Br\u00e6ndselsforeningen-300x27.jpg 300w, https:\/\/kunmedierne.dk\/mors\/wp-content\/uploads\/2020\/11\/Br\u00e6ndselsforeningen-1024x91.jpg 1024w, https:\/\/kunmedierne.dk\/mors\/wp-content\/uploads\/2020\/11\/Br\u00e6ndselsforeningen-768x68.jpg 768w, https:\/\/kunmedierne.dk\/mors\/wp-content\/uploads\/2020\/11\/Br\u00e6ndselsforeningen-600x53.jpg 600w\" sizes=\"auto, (max-width: 1425px) 100vw, 1425px\" \/><\/a><\/p>\n<blockquote>\n<h2>FAKTA<\/h2>\n<h3>Henrik \u201dSivert\u201d Kristensen<\/h3>\n<h5>47 \u00e5r og fra Hvidbjerg.<\/h5>\n<h5>Reservedelsekspedient hos Semler Agro i Redsted.<\/h5>\n<h5>Sidder i bestyrelsen i Sportscollege Mors og bestyrelsen i FFUM (Fr\u00f8slev bal).<\/h5>\n<h5>Tidligere formand for h\u00e5ndboldafdelingen i VIF i 23 \u00e5r.<\/h5>\n<h5>Fort\u00e6ller i pressemeddelelsen, at han gerne vil v\u00e6re med til, at s\u00e6tte sit pr\u00e6g p\u00e5 udviklingen p\u00e5 Mors \u2013 Han har altid fulgt med i politik p\u00e5 sidelinjen, nu h\u00e5ber han at han kan komme \u201cp\u00e5 banen\u201d.<\/h5>\n<\/blockquote>\n<p>&nbsp;<\/p>\n","protected":false},"excerpt":{"rendered":"<p>MORS: T\u00e6t p\u00e5 nyt\u00e5r og t\u00e6t p\u00e5 et \u00e5r, der kommer til at st\u00e5 i kommunalvalgets tegn, har Venstre p\u00e5 Mors de f\u00f8rste to nye kandidater klar. Rasmus Christensen fra Karby og Henrik &#8216;Sivert&#8217; Kristensen fra Hvidbjerg har begge sagt ja tak til at stille op for Venstre til kommunalvalget n\u00e6ste \u00e5r. Det fort\u00e6ller Venstre [&hellip;]<\/p>\n","protected":false},"author":8,"featured_media":37373,"comment_status":"open","ping_status":"open","sticky":false,"template":"","format":"standard","meta":{"_acf_changed":false,"footnotes":""},"categories":[51],"tags":[167],"class_list":["post-37372","post","type-post","status-publish","format-standard","has-post-thumbnail","hentry","category-lokalt","tag-politik"],"acf":[],"yoast_head":"<!-- This site is optimized with the Yoast SEO plugin v26.8 - https:\/\/yoast.com\/product\/yoast-seo-wordpress\/ -->\n<title>Venstre Mors klar med to nye kandidater - Mors<\/title>\n<meta name=\"robots\" content=\"index, follow, max-snippet:-1, max-image-preview:large, max-video-preview:-1\" \/>\n<link rel=\"canonical\" href=\"https:\/\/kunmedierne.dk\/mors\/venstre-mors-klar-med-to-nye-kandidater\/\" \/>\n<meta property=\"og:locale\" content=\"da_DK\" \/>\n<meta property=\"og:type\" content=\"article\" \/>\n<meta property=\"og:title\" content=\"Venstre Mors klar med to nye kandidater - Mors\" \/>\n<meta property=\"og:description\" content=\"MORS: T\u00e6t p\u00e5 nyt\u00e5r og t\u00e6t p\u00e5 et \u00e5r, der kommer til at st\u00e5 i kommunalvalgets tegn, har Venstre p\u00e5 Mors de f\u00f8rste to nye kandidater klar. Rasmus Christensen fra Karby og Henrik &#8216;Sivert&#8217; Kristensen fra Hvidbjerg har begge sagt ja tak til at stille op for Venstre til kommunalvalget n\u00e6ste \u00e5r. Det fort\u00e6ller Venstre [&hellip;]\" \/>\n<meta property=\"og:url\" content=\"https:\/\/kunmedierne.dk\/mors\/venstre-mors-klar-med-to-nye-kandidater\/\" \/>\n<meta property=\"og:site_name\" content=\"Mors\" \/>\n<meta property=\"article:published_time\" content=\"2020-12-28T08:39:19+00:00\" \/>\n<meta property=\"article:modified_time\" content=\"2024-08-12T11:38:03+00:00\" \/>\n<meta property=\"og:image\" content=\"https:\/\/kunmedierne.dk\/mors\/wp-content\/uploads\/2020\/12\/venstre-kv-kandidater.jpg\" \/>\n\t<meta property=\"og:image:width\" content=\"770\" \/>\n\t<meta property=\"og:image:height\" content=\"512\" \/>\n\t<meta property=\"og:image:type\" content=\"image\/jpeg\" \/>\n<meta name=\"author\" content=\"David H\u00f8jmark\" \/>\n<meta name=\"twitter:card\" content=\"summary_large_image\" \/>\n<meta name=\"twitter:label1\" content=\"Skrevet af\" \/>\n\t<meta name=\"twitter:data1\" content=\"David H\u00f8jmark\" \/>\n\t<meta name=\"twitter:label2\" content=\"Estimeret l\u00e6setid\" \/>\n\t<meta name=\"twitter:data2\" content=\"2 minutter\" \/>\n<script type=\"application\/ld+json\" class=\"yoast-schema-graph\">{\"@context\":\"https:\/\/schema.org\",\"@graph\":[{\"@type\":\"Article\",\"@id\":\"https:\/\/kunmedierne.dk\/mors\/venstre-mors-klar-med-to-nye-kandidater\/#article\",\"isPartOf\":{\"@id\":\"https:\/\/kunmedierne.dk\/mors\/venstre-mors-klar-med-to-nye-kandidater\/\"},\"author\":{\"name\":\"David H\u00f8jmark\",\"@id\":\"https:\/\/kunmedierne.dk\/mors\/#\/schema\/person\/5fe23251bf1d0abbcdc6f7896579d548\"},\"headline\":\"Venstre Mors klar med to nye kandidater\",\"datePublished\":\"2020-12-28T08:39:19+00:00\",\"dateModified\":\"2024-08-12T11:38:03+00:00\",\"mainEntityOfPage\":{\"@id\":\"https:\/\/kunmedierne.dk\/mors\/venstre-mors-klar-med-to-nye-kandidater\/\"},\"wordCount\":365,\"commentCount\":0,\"publisher\":{\"@id\":\"https:\/\/kunmedierne.dk\/mors\/#organization\"},\"image\":{\"@id\":\"https:\/\/kunmedierne.dk\/mors\/venstre-mors-klar-med-to-nye-kandidater\/#primaryimage\"},\"thumbnailUrl\":\"https:\/\/kunmedierne.dk\/mors\/wp-content\/uploads\/2020\/12\/venstre-kv-kandidater.jpg\",\"keywords\":[\"Politik\"],\"articleSection\":[\"Lokalt\"],\"inLanguage\":\"da-DK\",\"potentialAction\":[{\"@type\":\"CommentAction\",\"name\":\"Comment\",\"target\":[\"https:\/\/kunmedierne.dk\/mors\/venstre-mors-klar-med-to-nye-kandidater\/#respond\"]}]},{\"@type\":\"WebPage\",\"@id\":\"https:\/\/kunmedierne.dk\/mors\/venstre-mors-klar-med-to-nye-kandidater\/\",\"url\":\"https:\/\/kunmedierne.dk\/mors\/venstre-mors-klar-med-to-nye-kandidater\/\",\"name\":\"Venstre Mors klar med to nye kandidater - Mors\",\"isPartOf\":{\"@id\":\"https:\/\/kunmedierne.dk\/mors\/#website\"},\"primaryImageOfPage\":{\"@id\":\"https:\/\/kunmedierne.dk\/mors\/venstre-mors-klar-med-to-nye-kandidater\/#primaryimage\"},\"image\":{\"@id\":\"https:\/\/kunmedierne.dk\/mors\/venstre-mors-klar-med-to-nye-kandidater\/#primaryimage\"},\"thumbnailUrl\":\"https:\/\/kunmedierne.dk\/mors\/wp-content\/uploads\/2020\/12\/venstre-kv-kandidater.jpg\",\"datePublished\":\"2020-12-28T08:39:19+00:00\",\"dateModified\":\"2024-08-12T11:38:03+00:00\",\"breadcrumb\":{\"@id\":\"https:\/\/kunmedierne.dk\/mors\/venstre-mors-klar-med-to-nye-kandidater\/#breadcrumb\"},\"inLanguage\":\"da-DK\",\"potentialAction\":[{\"@type\":\"ReadAction\",\"target\":[\"https:\/\/kunmedierne.dk\/mors\/venstre-mors-klar-med-to-nye-kandidater\/\"]}]},{\"@type\":\"ImageObject\",\"inLanguage\":\"da-DK\",\"@id\":\"https:\/\/kunmedierne.dk\/mors\/venstre-mors-klar-med-to-nye-kandidater\/#primaryimage\",\"url\":\"https:\/\/kunmedierne.dk\/mors\/wp-content\/uploads\/2020\/12\/venstre-kv-kandidater.jpg\",\"contentUrl\":\"https:\/\/kunmedierne.dk\/mors\/wp-content\/uploads\/2020\/12\/venstre-kv-kandidater.jpg\",\"width\":770,\"height\":512,\"caption\":\"Fra venstre: Henrik 'Sivert' Kristensen, Hans Ejner Bertelsen og Rasmus Christensen. Privatfoto\"},{\"@type\":\"BreadcrumbList\",\"@id\":\"https:\/\/kunmedierne.dk\/mors\/venstre-mors-klar-med-to-nye-kandidater\/#breadcrumb\",\"itemListElement\":[{\"@type\":\"ListItem\",\"position\":1,\"name\":\"Hjem\",\"item\":\"https:\/\/kunmedierne.dk\/mors\/\"},{\"@type\":\"ListItem\",\"position\":2,\"name\":\"Venstre Mors klar med to nye kandidater\"}]},{\"@type\":\"WebSite\",\"@id\":\"https:\/\/kunmedierne.dk\/mors\/#website\",\"url\":\"https:\/\/kunmedierne.dk\/mors\/\",\"name\":\"Mors\",\"description\":\"et netmedie med journalistik om livet p\u00e5 Mors\",\"publisher\":{\"@id\":\"https:\/\/kunmedierne.dk\/mors\/#organization\"},\"potentialAction\":[{\"@type\":\"SearchAction\",\"target\":{\"@type\":\"EntryPoint\",\"urlTemplate\":\"https:\/\/kunmedierne.dk\/mors\/?s={search_term_string}\"},\"query-input\":{\"@type\":\"PropertyValueSpecification\",\"valueRequired\":true,\"valueName\":\"search_term_string\"}}],\"inLanguage\":\"da-DK\"},{\"@type\":\"Organization\",\"@id\":\"https:\/\/kunmedierne.dk\/mors\/#organization\",\"name\":\"Mors\",\"url\":\"https:\/\/kunmedierne.dk\/mors\/\",\"logo\":{\"@type\":\"ImageObject\",\"inLanguage\":\"da-DK\",\"@id\":\"https:\/\/kunmedierne.dk\/mors\/#\/schema\/logo\/image\/\",\"url\":\"https:\/\/kunmedierne.dk\/mors\/wp-content\/uploads\/2024\/08\/kunmors-logo.svg\",\"contentUrl\":\"https:\/\/kunmedierne.dk\/mors\/wp-content\/uploads\/2024\/08\/kunmors-logo.svg\",\"caption\":\"Mors\"},\"image\":{\"@id\":\"https:\/\/kunmedierne.dk\/mors\/#\/schema\/logo\/image\/\"}},{\"@type\":\"Person\",\"@id\":\"https:\/\/kunmedierne.dk\/mors\/#\/schema\/person\/5fe23251bf1d0abbcdc6f7896579d548\",\"name\":\"David H\u00f8jmark\",\"image\":{\"@type\":\"ImageObject\",\"inLanguage\":\"da-DK\",\"@id\":\"https:\/\/kunmedierne.dk\/mors\/#\/schema\/person\/image\/\",\"url\":\"https:\/\/secure.gravatar.com\/avatar\/4315d6fb9ef244d729989f5f90268eb08d5bf8a3d84402f595fa194bb35784fd?s=96&d=mm&r=g\",\"contentUrl\":\"https:\/\/secure.gravatar.com\/avatar\/4315d6fb9ef244d729989f5f90268eb08d5bf8a3d84402f595fa194bb35784fd?s=96&d=mm&r=g\",\"caption\":\"David H\u00f8jmark\"},\"sameAs\":[\"https:\/\/www.kunmedierne.dk\"],\"url\":\"https:\/\/kunmedierne.dk\/mors\/author\/david\/\"}]}<\/script>\n<!-- \/ Yoast SEO plugin. -->","yoast_head_json":{"title":"Venstre Mors klar med to nye kandidater - Mors","robots":{"index":"index","follow":"follow","max-snippet":"max-snippet:-1","max-image-preview":"max-image-preview:large","max-video-preview":"max-video-preview:-1"},"canonical":"https:\/\/kunmedierne.dk\/mors\/venstre-mors-klar-med-to-nye-kandidater\/","og_locale":"da_DK","og_type":"article","og_title":"Venstre Mors klar med to nye kandidater - Mors","og_description":"MORS: T\u00e6t p\u00e5 nyt\u00e5r og t\u00e6t p\u00e5 et \u00e5r, der kommer til at st\u00e5 i kommunalvalgets tegn, har Venstre p\u00e5 Mors de f\u00f8rste to nye kandidater klar. Rasmus Christensen fra Karby og Henrik &#8216;Sivert&#8217; Kristensen fra Hvidbjerg har begge sagt ja tak til at stille op for Venstre til kommunalvalget n\u00e6ste \u00e5r. Det fort\u00e6ller Venstre [&hellip;]","og_url":"https:\/\/kunmedierne.dk\/mors\/venstre-mors-klar-med-to-nye-kandidater\/","og_site_name":"Mors","article_published_time":"2020-12-28T08:39:19+00:00","article_modified_time":"2024-08-12T11:38:03+00:00","og_image":[{"width":770,"height":512,"url":"https:\/\/kunmedierne.dk\/mors\/wp-content\/uploads\/2020\/12\/venstre-kv-kandidater.jpg","type":"image\/jpeg"}],"author":"David H\u00f8jmark","twitter_card":"summary_large_image","twitter_misc":{"Skrevet af":"David H\u00f8jmark","Estimeret l\u00e6setid":"2 minutter"},"schema":{"@context":"https:\/\/schema.org","@graph":[{"@type":"Article","@id":"https:\/\/kunmedierne.dk\/mors\/venstre-mors-klar-med-to-nye-kandidater\/#article","isPartOf":{"@id":"https:\/\/kunmedierne.dk\/mors\/venstre-mors-klar-med-to-nye-kandidater\/"},"author":{"name":"David H\u00f8jmark","@id":"https:\/\/kunmedierne.dk\/mors\/#\/schema\/person\/5fe23251bf1d0abbcdc6f7896579d548"},"headline":"Venstre Mors klar med to nye kandidater","datePublished":"2020-12-28T08:39:19+00:00","dateModified":"2024-08-12T11:38:03+00:00","mainEntityOfPage":{"@id":"https:\/\/kunmedierne.dk\/mors\/venstre-mors-klar-med-to-nye-kandidater\/"},"wordCount":365,"commentCount":0,"publisher":{"@id":"https:\/\/kunmedierne.dk\/mors\/#organization"},"image":{"@id":"https:\/\/kunmedierne.dk\/mors\/venstre-mors-klar-med-to-nye-kandidater\/#primaryimage"},"thumbnailUrl":"https:\/\/kunmedierne.dk\/mors\/wp-content\/uploads\/2020\/12\/venstre-kv-kandidater.jpg","keywords":["Politik"],"articleSection":["Lokalt"],"inLanguage":"da-DK","potentialAction":[{"@type":"CommentAction","name":"Comment","target":["https:\/\/kunmedierne.dk\/mors\/venstre-mors-klar-med-to-nye-kandidater\/#respond"]}]},{"@type":"WebPage","@id":"https:\/\/kunmedierne.dk\/mors\/venstre-mors-klar-med-to-nye-kandidater\/","url":"https:\/\/kunmedierne.dk\/mors\/venstre-mors-klar-med-to-nye-kandidater\/","name":"Venstre Mors klar med to nye kandidater - Mors","isPartOf":{"@id":"https:\/\/kunmedierne.dk\/mors\/#website"},"primaryImageOfPage":{"@id":"https:\/\/kunmedierne.dk\/mors\/venstre-mors-klar-med-to-nye-kandidater\/#primaryimage"},"image":{"@id":"https:\/\/kunmedierne.dk\/mors\/venstre-mors-klar-med-to-nye-kandidater\/#primaryimage"},"thumbnailUrl":"https:\/\/kunmedierne.dk\/mors\/wp-content\/uploads\/2020\/12\/venstre-kv-kandidater.jpg","datePublished":"2020-12-28T08:39:19+00:00","dateModified":"2024-08-12T11:38:03+00:00","breadcrumb":{"@id":"https:\/\/kunmedierne.dk\/mors\/venstre-mors-klar-med-to-nye-kandidater\/#breadcrumb"},"inLanguage":"da-DK","potentialAction":[{"@type":"ReadAction","target":["https:\/\/kunmedierne.dk\/mors\/venstre-mors-klar-med-to-nye-kandidater\/"]}]},{"@type":"ImageObject","inLanguage":"da-DK","@id":"https:\/\/kunmedierne.dk\/mors\/venstre-mors-klar-med-to-nye-kandidater\/#primaryimage","url":"https:\/\/kunmedierne.dk\/mors\/wp-content\/uploads\/2020\/12\/venstre-kv-kandidater.jpg","contentUrl":"https:\/\/kunmedierne.dk\/mors\/wp-content\/uploads\/2020\/12\/venstre-kv-kandidater.jpg","width":770,"height":512,"caption":"Fra venstre: Henrik 'Sivert' Kristensen, Hans Ejner Bertelsen og Rasmus Christensen. Privatfoto"},{"@type":"BreadcrumbList","@id":"https:\/\/kunmedierne.dk\/mors\/venstre-mors-klar-med-to-nye-kandidater\/#breadcrumb","itemListElement":[{"@type":"ListItem","position":1,"name":"Hjem","item":"https:\/\/kunmedierne.dk\/mors\/"},{"@type":"ListItem","position":2,"name":"Venstre Mors klar med to nye kandidater"}]},{"@type":"WebSite","@id":"https:\/\/kunmedierne.dk\/mors\/#website","url":"https:\/\/kunmedierne.dk\/mors\/","name":"Mors","description":"et netmedie med journalistik om livet p\u00e5 Mors","publisher":{"@id":"https:\/\/kunmedierne.dk\/mors\/#organization"},"potentialAction":[{"@type":"SearchAction","target":{"@type":"EntryPoint","urlTemplate":"https:\/\/kunmedierne.dk\/mors\/?s={search_term_string}"},"query-input":{"@type":"PropertyValueSpecification","valueRequired":true,"valueName":"search_term_string"}}],"inLanguage":"da-DK"},{"@type":"Organization","@id":"https:\/\/kunmedierne.dk\/mors\/#organization","name":"Mors","url":"https:\/\/kunmedierne.dk\/mors\/","logo":{"@type":"ImageObject","inLanguage":"da-DK","@id":"https:\/\/kunmedierne.dk\/mors\/#\/schema\/logo\/image\/","url":"https:\/\/kunmedierne.dk\/mors\/wp-content\/uploads\/2024\/08\/kunmors-logo.svg","contentUrl":"https:\/\/kunmedierne.dk\/mors\/wp-content\/uploads\/2024\/08\/kunmors-logo.svg","caption":"Mors"},"image":{"@id":"https:\/\/kunmedierne.dk\/mors\/#\/schema\/logo\/image\/"}},{"@type":"Person","@id":"https:\/\/kunmedierne.dk\/mors\/#\/schema\/person\/5fe23251bf1d0abbcdc6f7896579d548","name":"David H\u00f8jmark","image":{"@type":"ImageObject","inLanguage":"da-DK","@id":"https:\/\/kunmedierne.dk\/mors\/#\/schema\/person\/image\/","url":"https:\/\/secure.gravatar.com\/avatar\/4315d6fb9ef244d729989f5f90268eb08d5bf8a3d84402f595fa194bb35784fd?s=96&d=mm&r=g","contentUrl":"https:\/\/secure.gravatar.com\/avatar\/4315d6fb9ef244d729989f5f90268eb08d5bf8a3d84402f595fa194bb35784fd?s=96&d=mm&r=g","caption":"David H\u00f8jmark"},"sameAs":["https:\/\/www.kunmedierne.dk"],"url":"https:\/\/kunmedierne.dk\/mors\/author\/david\/"}]}},"_links":{"self":[{"href":"https:\/\/kunmedierne.dk\/mors\/wp-json\/wp\/v2\/posts\/37372","targetHints":{"allow":["GET"]}}],"collection":[{"href":"https:\/\/kunmedierne.dk\/mors\/wp-json\/wp\/v2\/posts"}],"about":[{"href":"https:\/\/kunmedierne.dk\/mors\/wp-json\/wp\/v2\/types\/post"}],"author":[{"embeddable":true,"href":"https:\/\/kunmedierne.dk\/mors\/wp-json\/wp\/v2\/users\/8"}],"replies":[{"embeddable":true,"href":"https:\/\/kunmedierne.dk\/mors\/wp-json\/wp\/v2\/comments?post=37372"}],"version-history":[{"count":3,"href":"https:\/\/kunmedierne.dk\/mors\/wp-json\/wp\/v2\/posts\/37372\/revisions"}],"predecessor-version":[{"id":37376,"href":"https:\/\/kunmedierne.dk\/mors\/wp-json\/wp\/v2\/posts\/37372\/revisions\/37376"}],"wp:featuredmedia":[{"embeddable":true,"href":"https:\/\/kunmedierne.dk\/mors\/wp-json\/wp\/v2\/media\/37373"}],"wp:attachment":[{"href":"https:\/\/kunmedierne.dk\/mors\/wp-json\/wp\/v2\/media?parent=37372"}],"wp:term":[{"taxonomy":"category","embeddable":true,"href":"https:\/\/kunmedierne.dk\/mors\/wp-json\/wp\/v2\/categories?post=37372"},{"taxonomy":"post_tag","embeddable":true,"href":"https:\/\/kunmedierne.dk\/mors\/wp-json\/wp\/v2\/tags?post=37372"}],"curies":[{"name":"wp","href":"https:\/\/api.w.org\/{rel}","templated":true}]}}