{"id":37361,"date":"2020-12-27T18:57:37","date_gmt":"2020-12-27T17:57:37","guid":{"rendered":"https:\/\/kunmedierne.dk\/mors\/?p=37361"},"modified":"2024-08-12T13:38:03","modified_gmt":"2024-08-12T11:38:03","slug":"foerste-kommunalbestyrelsesmoede-i-2021-bliver-ogsaa-en-virtuel-udgave","status":"publish","type":"post","link":"https:\/\/kunmedierne.dk\/mors\/foerste-kommunalbestyrelsesmoede-i-2021-bliver-ogsaa-en-virtuel-udgave\/","title":{"rendered":"F\u00f8rste kommunalbestyrelsesm\u00f8de i 2021 bliver ogs\u00e5 en virtuel udgave"},"content":{"rendered":"<p><strong>MORS<\/strong>: Det bliver heller ikke ved det f\u00f8rste m\u00f8de i 2021, at medlemmerne af kommunalbestyrelsen f\u00e5r lov til at sidde i samme rum, n\u00e5r de dr\u00f8fter dagsordenen.<\/p>\n<p>P\u00e5 grund af coronasituationen er der igen truffet beslutning om at holde det som et teams-m\u00f8de &#8211; det vil sige virtuelt med borgmester Hans Ejner Bertelsen (V) som eneste politiker i byr\u00e5dssalen, mens de \u00f8vrige 20 logger p\u00e5 fra en forbindelse via internet.<\/p>\n<p>Det var ogs\u00e5 tilf\u00e6ldet ved det sidste m\u00f8de i 2020, lige som den praksis ogs\u00e5 blev anvendt under for\u00e5rets f\u00f8rste coronab\u00f8lge &#8211; og i mellemtiden har kommunalbestyrelsesm\u00f8derne i en periode v\u00e6ret afholdt i Sparekassen Thy Arena Mors. <a href=\"https:\/\/morsoe-begravelsesforretning.dk\/\"><img loading=\"lazy\" decoding=\"async\" class=\"alignright size-full wp-image-35519\" src=\"https:\/\/kunmedierne.dk\/mors\/wp-content\/uploads\/2020\/11\/ho5.jpg\" alt=\"\" width=\"1425\" height=\"127\" srcset=\"https:\/\/kunmedierne.dk\/mors\/wp-content\/uploads\/2020\/11\/ho5.jpg 1425w, https:\/\/kunmedierne.dk\/mors\/wp-content\/uploads\/2020\/11\/ho5-300x27.jpg 300w, https:\/\/kunmedierne.dk\/mors\/wp-content\/uploads\/2020\/11\/ho5-1024x91.jpg 1024w, https:\/\/kunmedierne.dk\/mors\/wp-content\/uploads\/2020\/11\/ho5-768x68.jpg 768w, https:\/\/kunmedierne.dk\/mors\/wp-content\/uploads\/2020\/11\/ho5-600x53.jpg 600w\" sizes=\"auto, (max-width: 1425px) 100vw, 1425px\" \/><\/a><\/p>\n<p>Dagsordenen til m\u00f8det 5. januar kan allerede nu tilg\u00e5s via Mors\u00f8 Kommunes hjemmeside, og det bliver med et helt nyt site. Kommunen har l\u00e6nge anvendt Politikerweb, som nu udfases. Fremover vil b\u00e5de dagsordener og referater bliver offentliggjort via Ditmer Publication, og det er nu muligt at tegne abonnement p\u00e5 dagsordener og referater fra de politiske udvalg, man \u00f8nsker at f\u00f8lge.<\/p>\n<p>Mors\u00f8 Kommune oplyser, at referater fra tidligere \u00e5r ikke vil v\u00e6re at finde via Publication. I en overgangsperiode vil de dog fortsat kunne findes via Politikerweb, og n\u00e5r det lukkes helt, kan referater fra f\u00f8r 2021 rekvireres ved henvendelse til Mors\u00f8 Kommunes sekretariat.<\/p>\n<p>Abonnementer p\u00e5 Politikerweb overf\u00f8res ikke automatisk til Publication, som man alts\u00e5 skal oprette sig som bruger af.<\/p>\n","protected":false},"excerpt":{"rendered":"<p>MORS: Det bliver heller ikke ved det f\u00f8rste m\u00f8de i 2021, at medlemmerne af kommunalbestyrelsen f\u00e5r lov til at sidde i samme rum, n\u00e5r de dr\u00f8fter dagsordenen. P\u00e5 grund af coronasituationen er der igen truffet beslutning om at holde det som et teams-m\u00f8de &#8211; det vil sige virtuelt med borgmester Hans Ejner Bertelsen (V) som [&hellip;]<\/p>\n","protected":false},"author":8,"featured_media":20393,"comment_status":"open","ping_status":"open","sticky":false,"template":"","format":"standard","meta":{"_acf_changed":false,"footnotes":""},"categories":[51],"tags":[167],"class_list":["post-37361","post","type-post","status-publish","format-standard","has-post-thumbnail","hentry","category-lokalt","tag-politik"],"acf":[],"yoast_head":"<!-- This site is optimized with the Yoast SEO plugin v26.8 - https:\/\/yoast.com\/product\/yoast-seo-wordpress\/ -->\n<title>F\u00f8rste kommunalbestyrelsesm\u00f8de i 2021 bliver ogs\u00e5 en virtuel udgave - Mors<\/title>\n<meta name=\"robots\" content=\"index, follow, max-snippet:-1, max-image-preview:large, max-video-preview:-1\" \/>\n<link rel=\"canonical\" href=\"https:\/\/kunmedierne.dk\/mors\/foerste-kommunalbestyrelsesmoede-i-2021-bliver-ogsaa-en-virtuel-udgave\/\" \/>\n<meta property=\"og:locale\" content=\"da_DK\" \/>\n<meta property=\"og:type\" content=\"article\" \/>\n<meta property=\"og:title\" content=\"F\u00f8rste kommunalbestyrelsesm\u00f8de i 2021 bliver ogs\u00e5 en virtuel udgave - Mors\" \/>\n<meta property=\"og:description\" content=\"MORS: Det bliver heller ikke ved det f\u00f8rste m\u00f8de i 2021, at medlemmerne af kommunalbestyrelsen f\u00e5r lov til at sidde i samme rum, n\u00e5r de dr\u00f8fter dagsordenen. P\u00e5 grund af coronasituationen er der igen truffet beslutning om at holde det som et teams-m\u00f8de &#8211; det vil sige virtuelt med borgmester Hans Ejner Bertelsen (V) som [&hellip;]\" \/>\n<meta property=\"og:url\" content=\"https:\/\/kunmedierne.dk\/mors\/foerste-kommunalbestyrelsesmoede-i-2021-bliver-ogsaa-en-virtuel-udgave\/\" \/>\n<meta property=\"og:site_name\" content=\"Mors\" \/>\n<meta property=\"article:published_time\" content=\"2020-12-27T17:57:37+00:00\" \/>\n<meta property=\"article:modified_time\" content=\"2024-08-12T11:38:03+00:00\" \/>\n<meta property=\"og:image\" content=\"https:\/\/kunmedierne.dk\/mors\/wp-content\/uploads\/2020\/05\/0-byr\u00e5dssalen.jpg\" \/>\n\t<meta property=\"og:image:width\" content=\"770\" \/>\n\t<meta property=\"og:image:height\" content=\"513\" \/>\n\t<meta property=\"og:image:type\" content=\"image\/jpeg\" \/>\n<meta name=\"author\" content=\"David H\u00f8jmark\" \/>\n<meta name=\"twitter:card\" content=\"summary_large_image\" \/>\n<meta name=\"twitter:label1\" content=\"Skrevet af\" \/>\n\t<meta name=\"twitter:data1\" content=\"David H\u00f8jmark\" \/>\n\t<meta name=\"twitter:label2\" content=\"Estimeret l\u00e6setid\" \/>\n\t<meta name=\"twitter:data2\" content=\"1 minut\" \/>\n<script type=\"application\/ld+json\" class=\"yoast-schema-graph\">{\"@context\":\"https:\/\/schema.org\",\"@graph\":[{\"@type\":\"Article\",\"@id\":\"https:\/\/kunmedierne.dk\/mors\/foerste-kommunalbestyrelsesmoede-i-2021-bliver-ogsaa-en-virtuel-udgave\/#article\",\"isPartOf\":{\"@id\":\"https:\/\/kunmedierne.dk\/mors\/foerste-kommunalbestyrelsesmoede-i-2021-bliver-ogsaa-en-virtuel-udgave\/\"},\"author\":{\"name\":\"David H\u00f8jmark\",\"@id\":\"https:\/\/kunmedierne.dk\/mors\/#\/schema\/person\/5fe23251bf1d0abbcdc6f7896579d548\"},\"headline\":\"F\u00f8rste kommunalbestyrelsesm\u00f8de i 2021 bliver ogs\u00e5 en virtuel udgave\",\"datePublished\":\"2020-12-27T17:57:37+00:00\",\"dateModified\":\"2024-08-12T11:38:03+00:00\",\"mainEntityOfPage\":{\"@id\":\"https:\/\/kunmedierne.dk\/mors\/foerste-kommunalbestyrelsesmoede-i-2021-bliver-ogsaa-en-virtuel-udgave\/\"},\"wordCount\":255,\"commentCount\":0,\"publisher\":{\"@id\":\"https:\/\/kunmedierne.dk\/mors\/#organization\"},\"image\":{\"@id\":\"https:\/\/kunmedierne.dk\/mors\/foerste-kommunalbestyrelsesmoede-i-2021-bliver-ogsaa-en-virtuel-udgave\/#primaryimage\"},\"thumbnailUrl\":\"https:\/\/kunmedierne.dk\/mors\/wp-content\/uploads\/2020\/05\/0-byr\u00e5dssalen.jpg\",\"keywords\":[\"Politik\"],\"articleSection\":[\"Lokalt\"],\"inLanguage\":\"da-DK\",\"potentialAction\":[{\"@type\":\"CommentAction\",\"name\":\"Comment\",\"target\":[\"https:\/\/kunmedierne.dk\/mors\/foerste-kommunalbestyrelsesmoede-i-2021-bliver-ogsaa-en-virtuel-udgave\/#respond\"]}]},{\"@type\":\"WebPage\",\"@id\":\"https:\/\/kunmedierne.dk\/mors\/foerste-kommunalbestyrelsesmoede-i-2021-bliver-ogsaa-en-virtuel-udgave\/\",\"url\":\"https:\/\/kunmedierne.dk\/mors\/foerste-kommunalbestyrelsesmoede-i-2021-bliver-ogsaa-en-virtuel-udgave\/\",\"name\":\"F\u00f8rste kommunalbestyrelsesm\u00f8de i 2021 bliver ogs\u00e5 en virtuel udgave - Mors\",\"isPartOf\":{\"@id\":\"https:\/\/kunmedierne.dk\/mors\/#website\"},\"primaryImageOfPage\":{\"@id\":\"https:\/\/kunmedierne.dk\/mors\/foerste-kommunalbestyrelsesmoede-i-2021-bliver-ogsaa-en-virtuel-udgave\/#primaryimage\"},\"image\":{\"@id\":\"https:\/\/kunmedierne.dk\/mors\/foerste-kommunalbestyrelsesmoede-i-2021-bliver-ogsaa-en-virtuel-udgave\/#primaryimage\"},\"thumbnailUrl\":\"https:\/\/kunmedierne.dk\/mors\/wp-content\/uploads\/2020\/05\/0-byr\u00e5dssalen.jpg\",\"datePublished\":\"2020-12-27T17:57:37+00:00\",\"dateModified\":\"2024-08-12T11:38:03+00:00\",\"breadcrumb\":{\"@id\":\"https:\/\/kunmedierne.dk\/mors\/foerste-kommunalbestyrelsesmoede-i-2021-bliver-ogsaa-en-virtuel-udgave\/#breadcrumb\"},\"inLanguage\":\"da-DK\",\"potentialAction\":[{\"@type\":\"ReadAction\",\"target\":[\"https:\/\/kunmedierne.dk\/mors\/foerste-kommunalbestyrelsesmoede-i-2021-bliver-ogsaa-en-virtuel-udgave\/\"]}]},{\"@type\":\"ImageObject\",\"inLanguage\":\"da-DK\",\"@id\":\"https:\/\/kunmedierne.dk\/mors\/foerste-kommunalbestyrelsesmoede-i-2021-bliver-ogsaa-en-virtuel-udgave\/#primaryimage\",\"url\":\"https:\/\/kunmedierne.dk\/mors\/wp-content\/uploads\/2020\/05\/0-byr\u00e5dssalen.jpg\",\"contentUrl\":\"https:\/\/kunmedierne.dk\/mors\/wp-content\/uploads\/2020\/05\/0-byr\u00e5dssalen.jpg\",\"width\":770,\"height\":513,\"caption\":\"Byr\u00e5dssalen. Foto: Mors\u00f8 Kommune.\"},{\"@type\":\"BreadcrumbList\",\"@id\":\"https:\/\/kunmedierne.dk\/mors\/foerste-kommunalbestyrelsesmoede-i-2021-bliver-ogsaa-en-virtuel-udgave\/#breadcrumb\",\"itemListElement\":[{\"@type\":\"ListItem\",\"position\":1,\"name\":\"Hjem\",\"item\":\"https:\/\/kunmedierne.dk\/mors\/\"},{\"@type\":\"ListItem\",\"position\":2,\"name\":\"F\u00f8rste kommunalbestyrelsesm\u00f8de i 2021 bliver ogs\u00e5 en virtuel udgave\"}]},{\"@type\":\"WebSite\",\"@id\":\"https:\/\/kunmedierne.dk\/mors\/#website\",\"url\":\"https:\/\/kunmedierne.dk\/mors\/\",\"name\":\"Mors\",\"description\":\"et netmedie med journalistik om livet p\u00e5 Mors\",\"publisher\":{\"@id\":\"https:\/\/kunmedierne.dk\/mors\/#organization\"},\"potentialAction\":[{\"@type\":\"SearchAction\",\"target\":{\"@type\":\"EntryPoint\",\"urlTemplate\":\"https:\/\/kunmedierne.dk\/mors\/?s={search_term_string}\"},\"query-input\":{\"@type\":\"PropertyValueSpecification\",\"valueRequired\":true,\"valueName\":\"search_term_string\"}}],\"inLanguage\":\"da-DK\"},{\"@type\":\"Organization\",\"@id\":\"https:\/\/kunmedierne.dk\/mors\/#organization\",\"name\":\"Mors\",\"url\":\"https:\/\/kunmedierne.dk\/mors\/\",\"logo\":{\"@type\":\"ImageObject\",\"inLanguage\":\"da-DK\",\"@id\":\"https:\/\/kunmedierne.dk\/mors\/#\/schema\/logo\/image\/\",\"url\":\"https:\/\/kunmedierne.dk\/mors\/wp-content\/uploads\/2024\/08\/kunmors-logo.svg\",\"contentUrl\":\"https:\/\/kunmedierne.dk\/mors\/wp-content\/uploads\/2024\/08\/kunmors-logo.svg\",\"caption\":\"Mors\"},\"image\":{\"@id\":\"https:\/\/kunmedierne.dk\/mors\/#\/schema\/logo\/image\/\"}},{\"@type\":\"Person\",\"@id\":\"https:\/\/kunmedierne.dk\/mors\/#\/schema\/person\/5fe23251bf1d0abbcdc6f7896579d548\",\"name\":\"David H\u00f8jmark\",\"image\":{\"@type\":\"ImageObject\",\"inLanguage\":\"da-DK\",\"@id\":\"https:\/\/kunmedierne.dk\/mors\/#\/schema\/person\/image\/\",\"url\":\"https:\/\/secure.gravatar.com\/avatar\/4315d6fb9ef244d729989f5f90268eb08d5bf8a3d84402f595fa194bb35784fd?s=96&d=mm&r=g\",\"contentUrl\":\"https:\/\/secure.gravatar.com\/avatar\/4315d6fb9ef244d729989f5f90268eb08d5bf8a3d84402f595fa194bb35784fd?s=96&d=mm&r=g\",\"caption\":\"David H\u00f8jmark\"},\"sameAs\":[\"https:\/\/www.kunmedierne.dk\"],\"url\":\"https:\/\/kunmedierne.dk\/mors\/author\/david\/\"}]}<\/script>\n<!-- \/ Yoast SEO plugin. -->","yoast_head_json":{"title":"F\u00f8rste kommunalbestyrelsesm\u00f8de i 2021 bliver ogs\u00e5 en virtuel udgave - Mors","robots":{"index":"index","follow":"follow","max-snippet":"max-snippet:-1","max-image-preview":"max-image-preview:large","max-video-preview":"max-video-preview:-1"},"canonical":"https:\/\/kunmedierne.dk\/mors\/foerste-kommunalbestyrelsesmoede-i-2021-bliver-ogsaa-en-virtuel-udgave\/","og_locale":"da_DK","og_type":"article","og_title":"F\u00f8rste kommunalbestyrelsesm\u00f8de i 2021 bliver ogs\u00e5 en virtuel udgave - Mors","og_description":"MORS: Det bliver heller ikke ved det f\u00f8rste m\u00f8de i 2021, at medlemmerne af kommunalbestyrelsen f\u00e5r lov til at sidde i samme rum, n\u00e5r de dr\u00f8fter dagsordenen. P\u00e5 grund af coronasituationen er der igen truffet beslutning om at holde det som et teams-m\u00f8de &#8211; det vil sige virtuelt med borgmester Hans Ejner Bertelsen (V) som [&hellip;]","og_url":"https:\/\/kunmedierne.dk\/mors\/foerste-kommunalbestyrelsesmoede-i-2021-bliver-ogsaa-en-virtuel-udgave\/","og_site_name":"Mors","article_published_time":"2020-12-27T17:57:37+00:00","article_modified_time":"2024-08-12T11:38:03+00:00","og_image":[{"width":770,"height":513,"url":"https:\/\/kunmedierne.dk\/mors\/wp-content\/uploads\/2020\/05\/0-byr\u00e5dssalen.jpg","type":"image\/jpeg"}],"author":"David H\u00f8jmark","twitter_card":"summary_large_image","twitter_misc":{"Skrevet af":"David H\u00f8jmark","Estimeret l\u00e6setid":"1 minut"},"schema":{"@context":"https:\/\/schema.org","@graph":[{"@type":"Article","@id":"https:\/\/kunmedierne.dk\/mors\/foerste-kommunalbestyrelsesmoede-i-2021-bliver-ogsaa-en-virtuel-udgave\/#article","isPartOf":{"@id":"https:\/\/kunmedierne.dk\/mors\/foerste-kommunalbestyrelsesmoede-i-2021-bliver-ogsaa-en-virtuel-udgave\/"},"author":{"name":"David H\u00f8jmark","@id":"https:\/\/kunmedierne.dk\/mors\/#\/schema\/person\/5fe23251bf1d0abbcdc6f7896579d548"},"headline":"F\u00f8rste kommunalbestyrelsesm\u00f8de i 2021 bliver ogs\u00e5 en virtuel udgave","datePublished":"2020-12-27T17:57:37+00:00","dateModified":"2024-08-12T11:38:03+00:00","mainEntityOfPage":{"@id":"https:\/\/kunmedierne.dk\/mors\/foerste-kommunalbestyrelsesmoede-i-2021-bliver-ogsaa-en-virtuel-udgave\/"},"wordCount":255,"commentCount":0,"publisher":{"@id":"https:\/\/kunmedierne.dk\/mors\/#organization"},"image":{"@id":"https:\/\/kunmedierne.dk\/mors\/foerste-kommunalbestyrelsesmoede-i-2021-bliver-ogsaa-en-virtuel-udgave\/#primaryimage"},"thumbnailUrl":"https:\/\/kunmedierne.dk\/mors\/wp-content\/uploads\/2020\/05\/0-byr\u00e5dssalen.jpg","keywords":["Politik"],"articleSection":["Lokalt"],"inLanguage":"da-DK","potentialAction":[{"@type":"CommentAction","name":"Comment","target":["https:\/\/kunmedierne.dk\/mors\/foerste-kommunalbestyrelsesmoede-i-2021-bliver-ogsaa-en-virtuel-udgave\/#respond"]}]},{"@type":"WebPage","@id":"https:\/\/kunmedierne.dk\/mors\/foerste-kommunalbestyrelsesmoede-i-2021-bliver-ogsaa-en-virtuel-udgave\/","url":"https:\/\/kunmedierne.dk\/mors\/foerste-kommunalbestyrelsesmoede-i-2021-bliver-ogsaa-en-virtuel-udgave\/","name":"F\u00f8rste kommunalbestyrelsesm\u00f8de i 2021 bliver ogs\u00e5 en virtuel udgave - Mors","isPartOf":{"@id":"https:\/\/kunmedierne.dk\/mors\/#website"},"primaryImageOfPage":{"@id":"https:\/\/kunmedierne.dk\/mors\/foerste-kommunalbestyrelsesmoede-i-2021-bliver-ogsaa-en-virtuel-udgave\/#primaryimage"},"image":{"@id":"https:\/\/kunmedierne.dk\/mors\/foerste-kommunalbestyrelsesmoede-i-2021-bliver-ogsaa-en-virtuel-udgave\/#primaryimage"},"thumbnailUrl":"https:\/\/kunmedierne.dk\/mors\/wp-content\/uploads\/2020\/05\/0-byr\u00e5dssalen.jpg","datePublished":"2020-12-27T17:57:37+00:00","dateModified":"2024-08-12T11:38:03+00:00","breadcrumb":{"@id":"https:\/\/kunmedierne.dk\/mors\/foerste-kommunalbestyrelsesmoede-i-2021-bliver-ogsaa-en-virtuel-udgave\/#breadcrumb"},"inLanguage":"da-DK","potentialAction":[{"@type":"ReadAction","target":["https:\/\/kunmedierne.dk\/mors\/foerste-kommunalbestyrelsesmoede-i-2021-bliver-ogsaa-en-virtuel-udgave\/"]}]},{"@type":"ImageObject","inLanguage":"da-DK","@id":"https:\/\/kunmedierne.dk\/mors\/foerste-kommunalbestyrelsesmoede-i-2021-bliver-ogsaa-en-virtuel-udgave\/#primaryimage","url":"https:\/\/kunmedierne.dk\/mors\/wp-content\/uploads\/2020\/05\/0-byr\u00e5dssalen.jpg","contentUrl":"https:\/\/kunmedierne.dk\/mors\/wp-content\/uploads\/2020\/05\/0-byr\u00e5dssalen.jpg","width":770,"height":513,"caption":"Byr\u00e5dssalen. Foto: Mors\u00f8 Kommune."},{"@type":"BreadcrumbList","@id":"https:\/\/kunmedierne.dk\/mors\/foerste-kommunalbestyrelsesmoede-i-2021-bliver-ogsaa-en-virtuel-udgave\/#breadcrumb","itemListElement":[{"@type":"ListItem","position":1,"name":"Hjem","item":"https:\/\/kunmedierne.dk\/mors\/"},{"@type":"ListItem","position":2,"name":"F\u00f8rste kommunalbestyrelsesm\u00f8de i 2021 bliver ogs\u00e5 en virtuel udgave"}]},{"@type":"WebSite","@id":"https:\/\/kunmedierne.dk\/mors\/#website","url":"https:\/\/kunmedierne.dk\/mors\/","name":"Mors","description":"et netmedie med journalistik om livet p\u00e5 Mors","publisher":{"@id":"https:\/\/kunmedierne.dk\/mors\/#organization"},"potentialAction":[{"@type":"SearchAction","target":{"@type":"EntryPoint","urlTemplate":"https:\/\/kunmedierne.dk\/mors\/?s={search_term_string}"},"query-input":{"@type":"PropertyValueSpecification","valueRequired":true,"valueName":"search_term_string"}}],"inLanguage":"da-DK"},{"@type":"Organization","@id":"https:\/\/kunmedierne.dk\/mors\/#organization","name":"Mors","url":"https:\/\/kunmedierne.dk\/mors\/","logo":{"@type":"ImageObject","inLanguage":"da-DK","@id":"https:\/\/kunmedierne.dk\/mors\/#\/schema\/logo\/image\/","url":"https:\/\/kunmedierne.dk\/mors\/wp-content\/uploads\/2024\/08\/kunmors-logo.svg","contentUrl":"https:\/\/kunmedierne.dk\/mors\/wp-content\/uploads\/2024\/08\/kunmors-logo.svg","caption":"Mors"},"image":{"@id":"https:\/\/kunmedierne.dk\/mors\/#\/schema\/logo\/image\/"}},{"@type":"Person","@id":"https:\/\/kunmedierne.dk\/mors\/#\/schema\/person\/5fe23251bf1d0abbcdc6f7896579d548","name":"David H\u00f8jmark","image":{"@type":"ImageObject","inLanguage":"da-DK","@id":"https:\/\/kunmedierne.dk\/mors\/#\/schema\/person\/image\/","url":"https:\/\/secure.gravatar.com\/avatar\/4315d6fb9ef244d729989f5f90268eb08d5bf8a3d84402f595fa194bb35784fd?s=96&d=mm&r=g","contentUrl":"https:\/\/secure.gravatar.com\/avatar\/4315d6fb9ef244d729989f5f90268eb08d5bf8a3d84402f595fa194bb35784fd?s=96&d=mm&r=g","caption":"David H\u00f8jmark"},"sameAs":["https:\/\/www.kunmedierne.dk"],"url":"https:\/\/kunmedierne.dk\/mors\/author\/david\/"}]}},"_links":{"self":[{"href":"https:\/\/kunmedierne.dk\/mors\/wp-json\/wp\/v2\/posts\/37361","targetHints":{"allow":["GET"]}}],"collection":[{"href":"https:\/\/kunmedierne.dk\/mors\/wp-json\/wp\/v2\/posts"}],"about":[{"href":"https:\/\/kunmedierne.dk\/mors\/wp-json\/wp\/v2\/types\/post"}],"author":[{"embeddable":true,"href":"https:\/\/kunmedierne.dk\/mors\/wp-json\/wp\/v2\/users\/8"}],"replies":[{"embeddable":true,"href":"https:\/\/kunmedierne.dk\/mors\/wp-json\/wp\/v2\/comments?post=37361"}],"version-history":[{"count":2,"href":"https:\/\/kunmedierne.dk\/mors\/wp-json\/wp\/v2\/posts\/37361\/revisions"}],"predecessor-version":[{"id":37363,"href":"https:\/\/kunmedierne.dk\/mors\/wp-json\/wp\/v2\/posts\/37361\/revisions\/37363"}],"wp:featuredmedia":[{"embeddable":true,"href":"https:\/\/kunmedierne.dk\/mors\/wp-json\/wp\/v2\/media\/20393"}],"wp:attachment":[{"href":"https:\/\/kunmedierne.dk\/mors\/wp-json\/wp\/v2\/media?parent=37361"}],"wp:term":[{"taxonomy":"category","embeddable":true,"href":"https:\/\/kunmedierne.dk\/mors\/wp-json\/wp\/v2\/categories?post=37361"},{"taxonomy":"post_tag","embeddable":true,"href":"https:\/\/kunmedierne.dk\/mors\/wp-json\/wp\/v2\/tags?post=37361"}],"curies":[{"name":"wp","href":"https:\/\/api.w.org\/{rel}","templated":true}]}}