{"id":36914,"date":"2020-12-16T13:26:46","date_gmt":"2020-12-16T12:26:46","guid":{"rendered":"https:\/\/kunmedierne.dk\/mors\/?p=36914"},"modified":"2024-08-12T13:38:06","modified_gmt":"2024-08-12T11:38:06","slug":"borgmester-politiaftalen-er-en-skuffelse","status":"publish","type":"post","link":"https:\/\/kunmedierne.dk\/mors\/borgmester-politiaftalen-er-en-skuffelse\/","title":{"rendered":"Borgmester: Politiaftalen er en skuffelse"},"content":{"rendered":"<p><strong>MORS<\/strong>: 20 nye n\u00e6rpolitistationer fordelt over hele landet.<\/p>\n<p>Det er en del af indholdet i den politiaftale, som regeringen pr\u00e6senterede sent onsdag aften. Et bredt flertal i Folketinget st\u00e5r bag aftalen, som dog er uden Venstre, Liberal Alliance og Alternativet.<\/p>\n<p>Og den er ogs\u00e5 uden klapsalver fra borgmesterkontoret p\u00e5 Mors.<\/p>\n<p>&#8220;Jeg har ikke n\u00e5et at l\u00e6se det hele af den, men jeg plukket lidt hist og pist og kigget p\u00e5 Justitsministeriets hjemmeside. Og jeg er skuffet,&#8221; lyder det fra Hans Ejner Bertelsen (V), der m\u00e5 konstatere, at de to n\u00e6rpolitistationer under Midt- og Vestjyllands Politi bliver placeret i Struer Kommune og Ikast-Brande Kommune. <a href=\"http:\/\/www.limfjordsteatret.dk\/#front\"><img loading=\"lazy\" decoding=\"async\" class=\"alignright size-full wp-image-35527\" src=\"https:\/\/kunmedierne.dk\/mors\/wp-content\/uploads\/2020\/11\/ho3.jpg\" alt=\"\" width=\"1400\" height=\"125\" srcset=\"https:\/\/kunmedierne.dk\/mors\/wp-content\/uploads\/2020\/11\/ho3.jpg 1400w, https:\/\/kunmedierne.dk\/mors\/wp-content\/uploads\/2020\/11\/ho3-300x27.jpg 300w, https:\/\/kunmedierne.dk\/mors\/wp-content\/uploads\/2020\/11\/ho3-1024x91.jpg 1024w, https:\/\/kunmedierne.dk\/mors\/wp-content\/uploads\/2020\/11\/ho3-768x69.jpg 768w, https:\/\/kunmedierne.dk\/mors\/wp-content\/uploads\/2020\/11\/ho3-600x54.jpg 600w\" sizes=\"auto, (max-width: 1400px) 100vw, 1400px\" \/><\/a><\/p>\n<p>Hans Ejner Bertelsen understreger, at han ikke ved, hvordan de ekstra ressourcer til Midt- og Vestjyllands Politi kommer til at p\u00e5virke politid\u00e6kningen af Mors, men han er skeptisk over for konsekvensen og havde gerne set, at fokus i udarbejdelsen af aftalen var lagt p\u00e5 noget konkret og m\u00e5lbart.<\/p>\n<p>&#8220;Jeg synes, det er \u00e6rgerligt, at man ikke har v\u00e6ret inde og kigge p\u00e5 responstiderne og sagt, at man skal have flere patruljer ud, hvor der er en lang responstid. Det vil v\u00e6re med til at skabe tryghed,&#8221; siger Hans Ejner Bertelsen, der i et tidligere <a href=\"https:\/\/kunmedierne.dk\/mors\/mere-politi-paa-gaden-ikke-paa-kontoret\/\" target=\"_blank\" rel=\"noopener noreferrer\">debatindl\u00e6g<\/a> har p\u00e5peget, at responstiderne p\u00e5 Mors i perioder har v\u00e6ret dobbelt s\u00e5 h\u00f8je som gennemsnittet for den midt- og vestjyske politikreds.<\/p>\n<p>&#8220;Jeg kan sagtens se, at der er omr\u00e5der, hvor en n\u00e6rpolitistation giver mening. Men hos os mener jeg, at der er \u00e9t punkt, der giver mening &#8211; og det er responstiden,&#8221; siger Mors\u00f8-borgmesteren.<\/p>\n<p>Han er tilfreds med, at Midt- og Vestjyllands Politi bliver tilgodeset med flere ressourcer, men havde hellere set dem prioriteret p\u00e5 politiarbejde, der ville kunne ses i gadebilledet.\u00a0 <a href=\"https:\/\/www.fmspks.dk\/\"><img loading=\"lazy\" decoding=\"async\" class=\"alignright size-full wp-image-35528\" src=\"https:\/\/kunmedierne.dk\/mors\/wp-content\/uploads\/2020\/11\/ho4.jpg\" alt=\"\" width=\"1400\" height=\"125\" srcset=\"https:\/\/kunmedierne.dk\/mors\/wp-content\/uploads\/2020\/11\/ho4.jpg 1400w, https:\/\/kunmedierne.dk\/mors\/wp-content\/uploads\/2020\/11\/ho4-300x27.jpg 300w, https:\/\/kunmedierne.dk\/mors\/wp-content\/uploads\/2020\/11\/ho4-1024x91.jpg 1024w, https:\/\/kunmedierne.dk\/mors\/wp-content\/uploads\/2020\/11\/ho4-768x69.jpg 768w, https:\/\/kunmedierne.dk\/mors\/wp-content\/uploads\/2020\/11\/ho4-600x54.jpg 600w\" sizes=\"auto, (max-width: 1400px) 100vw, 1400px\" \/><\/a><\/p>\n<p>&#8220;Nu ser det s\u00e5 ud til, at der bliver knyttet fem \u00e5rsv\u00e6rk op p\u00e5 en n\u00e6rpolitistation. Havde man s\u00e5 opgraderet Nyk\u00f8bing til en n\u00e6rpolitistation, og det s\u00e5 havde aff\u00f8dt fem ekstra betjente, ville det da v\u00e6re en god l\u00f8sning for os. S\u00e5 ville der v\u00e6re mere politi. Men jeg synes ikke, at det er dem, der sidder 15 timer om ugen p\u00e5 en politistation, der giver \u00f8get tryghed,&#8221; siger Hans Ejner Bertelsen.<\/p>\n","protected":false},"excerpt":{"rendered":"<p>MORS: 20 nye n\u00e6rpolitistationer fordelt over hele landet. Det er en del af indholdet i den politiaftale, som regeringen pr\u00e6senterede sent onsdag aften. Et bredt flertal i Folketinget st\u00e5r bag aftalen, som dog er uden Venstre, Liberal Alliance og Alternativet. Og den er ogs\u00e5 uden klapsalver fra borgmesterkontoret p\u00e5 Mors. &#8220;Jeg har ikke n\u00e5et at [&hellip;]<\/p>\n","protected":false},"author":8,"featured_media":13995,"comment_status":"open","ping_status":"open","sticky":false,"template":"","format":"standard","meta":{"_acf_changed":false,"footnotes":""},"categories":[54,51],"tags":[167],"class_list":["post-36914","post","type-post","status-publish","format-standard","has-post-thumbnail","hentry","category-54","category-lokalt","tag-politik"],"acf":[],"yoast_head":"<!-- This site is optimized with the Yoast SEO plugin v26.8 - https:\/\/yoast.com\/product\/yoast-seo-wordpress\/ -->\n<title>Borgmester: Politiaftalen er en skuffelse - Mors<\/title>\n<meta name=\"robots\" content=\"index, follow, max-snippet:-1, max-image-preview:large, max-video-preview:-1\" \/>\n<link rel=\"canonical\" href=\"https:\/\/kunmedierne.dk\/mors\/borgmester-politiaftalen-er-en-skuffelse\/\" \/>\n<meta property=\"og:locale\" content=\"da_DK\" \/>\n<meta property=\"og:type\" content=\"article\" \/>\n<meta property=\"og:title\" content=\"Borgmester: Politiaftalen er en skuffelse - Mors\" \/>\n<meta property=\"og:description\" content=\"MORS: 20 nye n\u00e6rpolitistationer fordelt over hele landet. Det er en del af indholdet i den politiaftale, som regeringen pr\u00e6senterede sent onsdag aften. Et bredt flertal i Folketinget st\u00e5r bag aftalen, som dog er uden Venstre, Liberal Alliance og Alternativet. Og den er ogs\u00e5 uden klapsalver fra borgmesterkontoret p\u00e5 Mors. &#8220;Jeg har ikke n\u00e5et at [&hellip;]\" \/>\n<meta property=\"og:url\" content=\"https:\/\/kunmedierne.dk\/mors\/borgmester-politiaftalen-er-en-skuffelse\/\" \/>\n<meta property=\"og:site_name\" content=\"Mors\" \/>\n<meta property=\"article:published_time\" content=\"2020-12-16T12:26:46+00:00\" \/>\n<meta property=\"article:modified_time\" content=\"2024-08-12T11:38:06+00:00\" \/>\n<meta property=\"og:image\" content=\"https:\/\/kunmedierne.dk\/mors\/wp-content\/uploads\/2020\/03\/200101-hans-ejner-bertelsen-V.jpg\" \/>\n\t<meta property=\"og:image:width\" content=\"770\" \/>\n\t<meta property=\"og:image:height\" content=\"513\" \/>\n\t<meta property=\"og:image:type\" content=\"image\/jpeg\" \/>\n<meta name=\"author\" content=\"David H\u00f8jmark\" \/>\n<meta name=\"twitter:card\" content=\"summary_large_image\" \/>\n<meta name=\"twitter:label1\" content=\"Skrevet af\" \/>\n\t<meta name=\"twitter:data1\" content=\"David H\u00f8jmark\" \/>\n\t<meta name=\"twitter:label2\" content=\"Estimeret l\u00e6setid\" \/>\n\t<meta name=\"twitter:data2\" content=\"2 minutter\" \/>\n<script type=\"application\/ld+json\" class=\"yoast-schema-graph\">{\"@context\":\"https:\/\/schema.org\",\"@graph\":[{\"@type\":\"Article\",\"@id\":\"https:\/\/kunmedierne.dk\/mors\/borgmester-politiaftalen-er-en-skuffelse\/#article\",\"isPartOf\":{\"@id\":\"https:\/\/kunmedierne.dk\/mors\/borgmester-politiaftalen-er-en-skuffelse\/\"},\"author\":{\"name\":\"David H\u00f8jmark\",\"@id\":\"https:\/\/kunmedierne.dk\/mors\/#\/schema\/person\/5fe23251bf1d0abbcdc6f7896579d548\"},\"headline\":\"Borgmester: Politiaftalen er en skuffelse\",\"datePublished\":\"2020-12-16T12:26:46+00:00\",\"dateModified\":\"2024-08-12T11:38:06+00:00\",\"mainEntityOfPage\":{\"@id\":\"https:\/\/kunmedierne.dk\/mors\/borgmester-politiaftalen-er-en-skuffelse\/\"},\"wordCount\":381,\"commentCount\":0,\"publisher\":{\"@id\":\"https:\/\/kunmedierne.dk\/mors\/#organization\"},\"image\":{\"@id\":\"https:\/\/kunmedierne.dk\/mors\/borgmester-politiaftalen-er-en-skuffelse\/#primaryimage\"},\"thumbnailUrl\":\"https:\/\/kunmedierne.dk\/mors\/wp-content\/uploads\/2020\/03\/200101-hans-ejner-bertelsen-V.jpg\",\"keywords\":[\"Politik\"],\"articleSection\":[\"112\",\"Lokalt\"],\"inLanguage\":\"da-DK\",\"potentialAction\":[{\"@type\":\"CommentAction\",\"name\":\"Comment\",\"target\":[\"https:\/\/kunmedierne.dk\/mors\/borgmester-politiaftalen-er-en-skuffelse\/#respond\"]}]},{\"@type\":\"WebPage\",\"@id\":\"https:\/\/kunmedierne.dk\/mors\/borgmester-politiaftalen-er-en-skuffelse\/\",\"url\":\"https:\/\/kunmedierne.dk\/mors\/borgmester-politiaftalen-er-en-skuffelse\/\",\"name\":\"Borgmester: Politiaftalen er en skuffelse - Mors\",\"isPartOf\":{\"@id\":\"https:\/\/kunmedierne.dk\/mors\/#website\"},\"primaryImageOfPage\":{\"@id\":\"https:\/\/kunmedierne.dk\/mors\/borgmester-politiaftalen-er-en-skuffelse\/#primaryimage\"},\"image\":{\"@id\":\"https:\/\/kunmedierne.dk\/mors\/borgmester-politiaftalen-er-en-skuffelse\/#primaryimage\"},\"thumbnailUrl\":\"https:\/\/kunmedierne.dk\/mors\/wp-content\/uploads\/2020\/03\/200101-hans-ejner-bertelsen-V.jpg\",\"datePublished\":\"2020-12-16T12:26:46+00:00\",\"dateModified\":\"2024-08-12T11:38:06+00:00\",\"breadcrumb\":{\"@id\":\"https:\/\/kunmedierne.dk\/mors\/borgmester-politiaftalen-er-en-skuffelse\/#breadcrumb\"},\"inLanguage\":\"da-DK\",\"potentialAction\":[{\"@type\":\"ReadAction\",\"target\":[\"https:\/\/kunmedierne.dk\/mors\/borgmester-politiaftalen-er-en-skuffelse\/\"]}]},{\"@type\":\"ImageObject\",\"inLanguage\":\"da-DK\",\"@id\":\"https:\/\/kunmedierne.dk\/mors\/borgmester-politiaftalen-er-en-skuffelse\/#primaryimage\",\"url\":\"https:\/\/kunmedierne.dk\/mors\/wp-content\/uploads\/2020\/03\/200101-hans-ejner-bertelsen-V.jpg\",\"contentUrl\":\"https:\/\/kunmedierne.dk\/mors\/wp-content\/uploads\/2020\/03\/200101-hans-ejner-bertelsen-V.jpg\",\"width\":770,\"height\":513,\"caption\":\"Borgmester Hans Ejner Bertelsen (V). Foto: Per Bech\/Mors\u00f8 Kommune.\"},{\"@type\":\"BreadcrumbList\",\"@id\":\"https:\/\/kunmedierne.dk\/mors\/borgmester-politiaftalen-er-en-skuffelse\/#breadcrumb\",\"itemListElement\":[{\"@type\":\"ListItem\",\"position\":1,\"name\":\"Hjem\",\"item\":\"https:\/\/kunmedierne.dk\/mors\/\"},{\"@type\":\"ListItem\",\"position\":2,\"name\":\"Borgmester: Politiaftalen er en skuffelse\"}]},{\"@type\":\"WebSite\",\"@id\":\"https:\/\/kunmedierne.dk\/mors\/#website\",\"url\":\"https:\/\/kunmedierne.dk\/mors\/\",\"name\":\"Mors\",\"description\":\"et netmedie med journalistik om livet p\u00e5 Mors\",\"publisher\":{\"@id\":\"https:\/\/kunmedierne.dk\/mors\/#organization\"},\"potentialAction\":[{\"@type\":\"SearchAction\",\"target\":{\"@type\":\"EntryPoint\",\"urlTemplate\":\"https:\/\/kunmedierne.dk\/mors\/?s={search_term_string}\"},\"query-input\":{\"@type\":\"PropertyValueSpecification\",\"valueRequired\":true,\"valueName\":\"search_term_string\"}}],\"inLanguage\":\"da-DK\"},{\"@type\":\"Organization\",\"@id\":\"https:\/\/kunmedierne.dk\/mors\/#organization\",\"name\":\"Mors\",\"url\":\"https:\/\/kunmedierne.dk\/mors\/\",\"logo\":{\"@type\":\"ImageObject\",\"inLanguage\":\"da-DK\",\"@id\":\"https:\/\/kunmedierne.dk\/mors\/#\/schema\/logo\/image\/\",\"url\":\"https:\/\/kunmedierne.dk\/mors\/wp-content\/uploads\/2024\/08\/kunmors-logo.svg\",\"contentUrl\":\"https:\/\/kunmedierne.dk\/mors\/wp-content\/uploads\/2024\/08\/kunmors-logo.svg\",\"caption\":\"Mors\"},\"image\":{\"@id\":\"https:\/\/kunmedierne.dk\/mors\/#\/schema\/logo\/image\/\"}},{\"@type\":\"Person\",\"@id\":\"https:\/\/kunmedierne.dk\/mors\/#\/schema\/person\/5fe23251bf1d0abbcdc6f7896579d548\",\"name\":\"David H\u00f8jmark\",\"image\":{\"@type\":\"ImageObject\",\"inLanguage\":\"da-DK\",\"@id\":\"https:\/\/kunmedierne.dk\/mors\/#\/schema\/person\/image\/\",\"url\":\"https:\/\/secure.gravatar.com\/avatar\/4315d6fb9ef244d729989f5f90268eb08d5bf8a3d84402f595fa194bb35784fd?s=96&d=mm&r=g\",\"contentUrl\":\"https:\/\/secure.gravatar.com\/avatar\/4315d6fb9ef244d729989f5f90268eb08d5bf8a3d84402f595fa194bb35784fd?s=96&d=mm&r=g\",\"caption\":\"David H\u00f8jmark\"},\"sameAs\":[\"https:\/\/www.kunmedierne.dk\"],\"url\":\"https:\/\/kunmedierne.dk\/mors\/author\/david\/\"}]}<\/script>\n<!-- \/ Yoast SEO plugin. -->","yoast_head_json":{"title":"Borgmester: Politiaftalen er en skuffelse - Mors","robots":{"index":"index","follow":"follow","max-snippet":"max-snippet:-1","max-image-preview":"max-image-preview:large","max-video-preview":"max-video-preview:-1"},"canonical":"https:\/\/kunmedierne.dk\/mors\/borgmester-politiaftalen-er-en-skuffelse\/","og_locale":"da_DK","og_type":"article","og_title":"Borgmester: Politiaftalen er en skuffelse - Mors","og_description":"MORS: 20 nye n\u00e6rpolitistationer fordelt over hele landet. Det er en del af indholdet i den politiaftale, som regeringen pr\u00e6senterede sent onsdag aften. Et bredt flertal i Folketinget st\u00e5r bag aftalen, som dog er uden Venstre, Liberal Alliance og Alternativet. Og den er ogs\u00e5 uden klapsalver fra borgmesterkontoret p\u00e5 Mors. &#8220;Jeg har ikke n\u00e5et at [&hellip;]","og_url":"https:\/\/kunmedierne.dk\/mors\/borgmester-politiaftalen-er-en-skuffelse\/","og_site_name":"Mors","article_published_time":"2020-12-16T12:26:46+00:00","article_modified_time":"2024-08-12T11:38:06+00:00","og_image":[{"width":770,"height":513,"url":"https:\/\/kunmedierne.dk\/mors\/wp-content\/uploads\/2020\/03\/200101-hans-ejner-bertelsen-V.jpg","type":"image\/jpeg"}],"author":"David H\u00f8jmark","twitter_card":"summary_large_image","twitter_misc":{"Skrevet af":"David H\u00f8jmark","Estimeret l\u00e6setid":"2 minutter"},"schema":{"@context":"https:\/\/schema.org","@graph":[{"@type":"Article","@id":"https:\/\/kunmedierne.dk\/mors\/borgmester-politiaftalen-er-en-skuffelse\/#article","isPartOf":{"@id":"https:\/\/kunmedierne.dk\/mors\/borgmester-politiaftalen-er-en-skuffelse\/"},"author":{"name":"David H\u00f8jmark","@id":"https:\/\/kunmedierne.dk\/mors\/#\/schema\/person\/5fe23251bf1d0abbcdc6f7896579d548"},"headline":"Borgmester: Politiaftalen er en skuffelse","datePublished":"2020-12-16T12:26:46+00:00","dateModified":"2024-08-12T11:38:06+00:00","mainEntityOfPage":{"@id":"https:\/\/kunmedierne.dk\/mors\/borgmester-politiaftalen-er-en-skuffelse\/"},"wordCount":381,"commentCount":0,"publisher":{"@id":"https:\/\/kunmedierne.dk\/mors\/#organization"},"image":{"@id":"https:\/\/kunmedierne.dk\/mors\/borgmester-politiaftalen-er-en-skuffelse\/#primaryimage"},"thumbnailUrl":"https:\/\/kunmedierne.dk\/mors\/wp-content\/uploads\/2020\/03\/200101-hans-ejner-bertelsen-V.jpg","keywords":["Politik"],"articleSection":["112","Lokalt"],"inLanguage":"da-DK","potentialAction":[{"@type":"CommentAction","name":"Comment","target":["https:\/\/kunmedierne.dk\/mors\/borgmester-politiaftalen-er-en-skuffelse\/#respond"]}]},{"@type":"WebPage","@id":"https:\/\/kunmedierne.dk\/mors\/borgmester-politiaftalen-er-en-skuffelse\/","url":"https:\/\/kunmedierne.dk\/mors\/borgmester-politiaftalen-er-en-skuffelse\/","name":"Borgmester: Politiaftalen er en skuffelse - Mors","isPartOf":{"@id":"https:\/\/kunmedierne.dk\/mors\/#website"},"primaryImageOfPage":{"@id":"https:\/\/kunmedierne.dk\/mors\/borgmester-politiaftalen-er-en-skuffelse\/#primaryimage"},"image":{"@id":"https:\/\/kunmedierne.dk\/mors\/borgmester-politiaftalen-er-en-skuffelse\/#primaryimage"},"thumbnailUrl":"https:\/\/kunmedierne.dk\/mors\/wp-content\/uploads\/2020\/03\/200101-hans-ejner-bertelsen-V.jpg","datePublished":"2020-12-16T12:26:46+00:00","dateModified":"2024-08-12T11:38:06+00:00","breadcrumb":{"@id":"https:\/\/kunmedierne.dk\/mors\/borgmester-politiaftalen-er-en-skuffelse\/#breadcrumb"},"inLanguage":"da-DK","potentialAction":[{"@type":"ReadAction","target":["https:\/\/kunmedierne.dk\/mors\/borgmester-politiaftalen-er-en-skuffelse\/"]}]},{"@type":"ImageObject","inLanguage":"da-DK","@id":"https:\/\/kunmedierne.dk\/mors\/borgmester-politiaftalen-er-en-skuffelse\/#primaryimage","url":"https:\/\/kunmedierne.dk\/mors\/wp-content\/uploads\/2020\/03\/200101-hans-ejner-bertelsen-V.jpg","contentUrl":"https:\/\/kunmedierne.dk\/mors\/wp-content\/uploads\/2020\/03\/200101-hans-ejner-bertelsen-V.jpg","width":770,"height":513,"caption":"Borgmester Hans Ejner Bertelsen (V). Foto: Per Bech\/Mors\u00f8 Kommune."},{"@type":"BreadcrumbList","@id":"https:\/\/kunmedierne.dk\/mors\/borgmester-politiaftalen-er-en-skuffelse\/#breadcrumb","itemListElement":[{"@type":"ListItem","position":1,"name":"Hjem","item":"https:\/\/kunmedierne.dk\/mors\/"},{"@type":"ListItem","position":2,"name":"Borgmester: Politiaftalen er en skuffelse"}]},{"@type":"WebSite","@id":"https:\/\/kunmedierne.dk\/mors\/#website","url":"https:\/\/kunmedierne.dk\/mors\/","name":"Mors","description":"et netmedie med journalistik om livet p\u00e5 Mors","publisher":{"@id":"https:\/\/kunmedierne.dk\/mors\/#organization"},"potentialAction":[{"@type":"SearchAction","target":{"@type":"EntryPoint","urlTemplate":"https:\/\/kunmedierne.dk\/mors\/?s={search_term_string}"},"query-input":{"@type":"PropertyValueSpecification","valueRequired":true,"valueName":"search_term_string"}}],"inLanguage":"da-DK"},{"@type":"Organization","@id":"https:\/\/kunmedierne.dk\/mors\/#organization","name":"Mors","url":"https:\/\/kunmedierne.dk\/mors\/","logo":{"@type":"ImageObject","inLanguage":"da-DK","@id":"https:\/\/kunmedierne.dk\/mors\/#\/schema\/logo\/image\/","url":"https:\/\/kunmedierne.dk\/mors\/wp-content\/uploads\/2024\/08\/kunmors-logo.svg","contentUrl":"https:\/\/kunmedierne.dk\/mors\/wp-content\/uploads\/2024\/08\/kunmors-logo.svg","caption":"Mors"},"image":{"@id":"https:\/\/kunmedierne.dk\/mors\/#\/schema\/logo\/image\/"}},{"@type":"Person","@id":"https:\/\/kunmedierne.dk\/mors\/#\/schema\/person\/5fe23251bf1d0abbcdc6f7896579d548","name":"David H\u00f8jmark","image":{"@type":"ImageObject","inLanguage":"da-DK","@id":"https:\/\/kunmedierne.dk\/mors\/#\/schema\/person\/image\/","url":"https:\/\/secure.gravatar.com\/avatar\/4315d6fb9ef244d729989f5f90268eb08d5bf8a3d84402f595fa194bb35784fd?s=96&d=mm&r=g","contentUrl":"https:\/\/secure.gravatar.com\/avatar\/4315d6fb9ef244d729989f5f90268eb08d5bf8a3d84402f595fa194bb35784fd?s=96&d=mm&r=g","caption":"David H\u00f8jmark"},"sameAs":["https:\/\/www.kunmedierne.dk"],"url":"https:\/\/kunmedierne.dk\/mors\/author\/david\/"}]}},"_links":{"self":[{"href":"https:\/\/kunmedierne.dk\/mors\/wp-json\/wp\/v2\/posts\/36914","targetHints":{"allow":["GET"]}}],"collection":[{"href":"https:\/\/kunmedierne.dk\/mors\/wp-json\/wp\/v2\/posts"}],"about":[{"href":"https:\/\/kunmedierne.dk\/mors\/wp-json\/wp\/v2\/types\/post"}],"author":[{"embeddable":true,"href":"https:\/\/kunmedierne.dk\/mors\/wp-json\/wp\/v2\/users\/8"}],"replies":[{"embeddable":true,"href":"https:\/\/kunmedierne.dk\/mors\/wp-json\/wp\/v2\/comments?post=36914"}],"version-history":[{"count":2,"href":"https:\/\/kunmedierne.dk\/mors\/wp-json\/wp\/v2\/posts\/36914\/revisions"}],"predecessor-version":[{"id":36916,"href":"https:\/\/kunmedierne.dk\/mors\/wp-json\/wp\/v2\/posts\/36914\/revisions\/36916"}],"wp:featuredmedia":[{"embeddable":true,"href":"https:\/\/kunmedierne.dk\/mors\/wp-json\/wp\/v2\/media\/13995"}],"wp:attachment":[{"href":"https:\/\/kunmedierne.dk\/mors\/wp-json\/wp\/v2\/media?parent=36914"}],"wp:term":[{"taxonomy":"category","embeddable":true,"href":"https:\/\/kunmedierne.dk\/mors\/wp-json\/wp\/v2\/categories?post=36914"},{"taxonomy":"post_tag","embeddable":true,"href":"https:\/\/kunmedierne.dk\/mors\/wp-json\/wp\/v2\/tags?post=36914"}],"curies":[{"name":"wp","href":"https:\/\/api.w.org\/{rel}","templated":true}]}}