{"id":36906,"date":"2020-12-17T18:37:47","date_gmt":"2020-12-17T17:37:47","guid":{"rendered":"https:\/\/kunmedierne.dk\/mors\/?p=36906"},"modified":"2024-08-12T13:38:06","modified_gmt":"2024-08-12T11:38:06","slug":"skal-inger-stoejberg-for-en-rigsret","status":"publish","type":"post","link":"https:\/\/kunmedierne.dk\/mors\/skal-inger-stoejberg-for-en-rigsret\/","title":{"rendered":"Skal Inger St\u00f8jberg for en rigsret?"},"content":{"rendered":"<p><strong>MORS<\/strong>: Kan man tr\u00e6kke en sag fra Christiansborg ned over hovedet p\u00e5 kommunalpolitikere fra Mors for at f\u00e5 deres holdning til en partikollega, der deler vandene?<\/p>\n<p>Det sidste g\u00f8r Inger St\u00f8jberg &#8211; i befolkningen s\u00e5vel som i partiet Venstre. S\u00e5 KunMors gjorde fors\u00f8get og spurgte tre Venstre-politikere i kommunalbestyrelsen for at f\u00e5 deres syn p\u00e5 et af ugens helt store emner: Skal tidligere udl\u00e6ndinge- og integrationsminister Inger St\u00f8jbjerg stilles for en rigsret, efter at en kommission har konkluderet, at hun gav ulovlig instruks i sag om adskillelse af asylpar?<\/p>\n<p>Borgmester Hans Ejner Bertelsen l\u00e6gger i f\u00f8rste omgang op til, at sagen skal dr\u00f8ftes internt i Venstre &#8211; og p\u00e5 Christiansborg. Og han tilslutter sig sin partiformand Jakob Ellemann-Jensens holdning om, at en advokatunders\u00f8gelse af instrukskommissionens rapport m\u00e5 v\u00e6re f\u00f8rste skridt.<\/p>\n<p>&#8220;Nu skal det behandles ordentligt i Venstres gruppe, og bagefter skal det have en ordentlig behandling i Folketinget. Og jeg synes egentlig, at det er der, vi er lige nu. S\u00e5 m\u00e5 vi se, n\u00e5r den unders\u00f8gelse, som tilsyneladende rigtig mange partier bakker op om, kommer &#8211; om der s\u00e5 skal v\u00e6re en rigsretssag eller ej. Det m\u00e5 v\u00e6re p\u00e5 det tidspunkt, vi kan have en holdning til det,&#8221; siger han.<\/p>\n<p><em>Hvis den uvildige advokatunders\u00f8gelse n\u00e5r frem til, at der skal v\u00e6re en rigsretssag, er der vel ikke nogen vej udenom?<\/em><\/p>\n<p>&#8220;Det synes jeg ikke, at jeg kan udtale mig om lige nu og her. Der vil jeg gerne have lov at se, hvilke konklusioner den kommer med. Man lukker ikke nogle muligheder &#8211; tv\u00e6rtimod siger man, at vi skal kigge p\u00e5, hvad der st\u00e5r i rapporten. S\u00e5 tager vi stilling derefter. Og det er jo prim\u00e6rt folketingsgruppen, der skal g\u00f8re det, og det har jeg tillid til, at den g\u00f8r,&#8221; siger Hans Ejner Bertelsen.<\/p>\n<p><em>Inger St\u00f8jberg er jo ogs\u00e5 en politiker, der deler vandene. Og nu snakker man om, at hun g\u00f8r det mere og mere inden for selve partiet, som bliver delt op i to lejre. Hvordan har du det med det?<\/em><\/p>\n<p>&#8220;Det er ikke min opfattelse, n\u00e5r vi er sammen. Jeg synes egentlig, at Venstre st\u00e5r st\u00e6rkt &#8211; ogs\u00e5 internt. Det har v\u00e6ret en utrolig sv\u00e6r tid for en ny formand at markere sig i, men jeg synes, at Jakob Ellemann st\u00e5r for en liberal linje med ordentlighed,&#8221; siger Venstre-borgmesteren og tilf\u00f8jer, at partiet markerer sig p\u00e5 de samme omr\u00e5der, som det gjorde med regeringsmagten &#8211; blandt andet i forhold til skat og udl\u00e6ndingepolitikken. <a href=\"https:\/\/morsoe-begravelsesforretning.dk\/\"><img loading=\"lazy\" decoding=\"async\" class=\"alignright size-full wp-image-35519\" src=\"https:\/\/kunmedierne.dk\/mors\/wp-content\/uploads\/2020\/11\/ho5.jpg\" alt=\"\" width=\"1425\" height=\"127\" srcset=\"https:\/\/kunmedierne.dk\/mors\/wp-content\/uploads\/2020\/11\/ho5.jpg 1425w, https:\/\/kunmedierne.dk\/mors\/wp-content\/uploads\/2020\/11\/ho5-300x27.jpg 300w, https:\/\/kunmedierne.dk\/mors\/wp-content\/uploads\/2020\/11\/ho5-1024x91.jpg 1024w, https:\/\/kunmedierne.dk\/mors\/wp-content\/uploads\/2020\/11\/ho5-768x68.jpg 768w, https:\/\/kunmedierne.dk\/mors\/wp-content\/uploads\/2020\/11\/ho5-600x53.jpg 600w\" sizes=\"auto, (max-width: 1425px) 100vw, 1425px\" \/><\/a><\/p>\n<p>&#8220;S\u00e5 er det da rigtigt, at meningsm\u00e5linger ikke altid g\u00e5r, som man gerne vil, men jeg synes, at vi har sat en rigtig kurs &#8211; og jeg har fuldt og helt tillid til Jakob Ellemann,&#8221; siger han.<\/p>\n<p><em>Men du tror ikke, at Inger St\u00f8jberg er en del af grunden til, at meningsm\u00e5lingerne har det sv\u00e6rt?<\/em><\/p>\n<p>&#8220;Nej, jeg tror, det er coronasituationen, der g\u00f8r det sv\u00e6rt at v\u00e6re opposition i \u00f8jeblikket,&#8221; siger Hans Ejner Bertelsen.<\/p>\n<p>&nbsp;<\/p>\n<p><strong>Ikke ubetinget begejstret <\/strong><\/p>\n<p>Hanne Haldrup, gruppeformand for Venstre i kommunalbestyrelsen p\u00e5 Mors, beskriver det som meget sv\u00e6rt at svare p\u00e5, om Inger St\u00f8jberg b\u00f8r stilles for en rigsret.<\/p>\n<p>&#8220;Det vil jeg lade andre afg\u00f8re. Jeg synes, det er sv\u00e6rt. Hun har jo tilsyneladende gjort noget, hun ikke skulle have gjort, og det er der jo s\u00e5 mange udl\u00e6gninger af &#8211; ogs\u00e5 hendes eget forsvar. S\u00e5 jeg f\u00f8ler faktisk ikke, at jeg er kompetent til at tage en endelig beslutning,&#8221; siger hun.<\/p>\n<p><em>Men du synes ikke, at der er noget principielt forkert i, at minister g\u00f8r noget ulovligt?<\/em><\/p>\n<p>&#8220;Jo, det synes jeg &#8211; og nu man vil jo ogs\u00e5 lave en uvildig unders\u00f8gelse. Og kan det dokumenteres, at hun har gjort noget, hun ikke skulle, er min grundl\u00e6ggende holdning, at det m\u00e5 blive til en rigsretssag,&#8221; lyder svaret.<\/p>\n<p>Hanne Haldrup er helt p\u00e5 det rene med, at Inger St\u00f8jberg m\u00f8der modstand hos mange &#8211; ogs\u00e5 internt i partiet. Og p\u00e5 sp\u00f8rgsm\u00e5let, om hun selv er begejstret for stilen hos partiets n\u00e6stformand, lyder det: <a href=\"https:\/\/vognmand-filtenborg.dk\/\"><img loading=\"lazy\" decoding=\"async\" class=\"alignright size-full wp-image-35525\" src=\"https:\/\/kunmedierne.dk\/mors\/wp-content\/uploads\/2020\/11\/ho1.jpg\" alt=\"\" width=\"1400\" height=\"125\" srcset=\"https:\/\/kunmedierne.dk\/mors\/wp-content\/uploads\/2020\/11\/ho1.jpg 1400w, https:\/\/kunmedierne.dk\/mors\/wp-content\/uploads\/2020\/11\/ho1-300x27.jpg 300w, https:\/\/kunmedierne.dk\/mors\/wp-content\/uploads\/2020\/11\/ho1-1024x91.jpg 1024w, https:\/\/kunmedierne.dk\/mors\/wp-content\/uploads\/2020\/11\/ho1-768x69.jpg 768w, https:\/\/kunmedierne.dk\/mors\/wp-content\/uploads\/2020\/11\/ho1-600x54.jpg 600w\" sizes=\"auto, (max-width: 1400px) 100vw, 1400px\" \/><\/a><\/p>\n<p>&#8220;Hun er kontroversiel, og jeg kan ikke sige, at jeg er ubetinget begejstret. Men du stiller ogs\u00e5 nogle direkte sp\u00f8rgsm\u00e5l, som ikke er nemme entydigt at give et ja eller nej til, for hun har jo bestemt ogs\u00e5 nogle kvaliteter. Men n\u00e5r du stiller sp\u00f8rgsm\u00e5let, som du g\u00f8r, har du ogs\u00e5 f\u00e5et mit svar.&#8221;<\/p>\n<p><em>Men det er jo en p\u00e6n m\u00e5de at sige, at du bestemt ikke er tilh\u00e6nger af hendes stil, kan man vel sige?<\/em><\/p>\n<p>&#8220;Nu giver du mig ordene i munden. Jeg sagde det lidt anderledes, og det er det, jeg gerne vil citeres for,&#8221; siger Hanne Haldrup.<\/p>\n<p>Hun anerkender, at hun som lokal Venstre-politiker bliver spurgt om et landspolitisk emne, men p\u00e5peger ogs\u00e5, at der er forskel p\u00e5 lokalpolitik og landspolitik.<\/p>\n<p>&#8220;Du vil sikkert f\u00e5 mange forskellige svar, for jeg synes ikke, at det bare er ja eller nej. Jeg synes ogs\u00e5, at andre er mere kvalificeret til at tage beslutningen &#8211; og det er jo heller ikke mig, der tager den,&#8221; siger Hanne Haldrup.<\/p>\n<p>&nbsp;<\/p>\n<p><strong>En n\u00e6se er ikke nok, hvis&#8230;<\/strong><\/p>\n<p>Klaus Hvidtfeldt Larsen er inde p\u00e5 noget af det samme. Ogs\u00e5 han l\u00e6gger v\u00e6gt p\u00e5, at det er en anden sag at v\u00e6re kommunalpolitiker og forholde sig til lokalpolitiske emner, end det er at vurdere sager fra Christiansborg, der optager hele nationen.<\/p>\n<p>Han sender dog gerne Inger St\u00f8jberg for en rigsret, hvis omst\u00e6ndighederne taler for det.<\/p>\n<p>&#8220;Jeg har ikke sat mig ind i det hele, men der er ingen tvivl om, at hvis der er sagt noget usandt eller gjort noget forkert, er det jo s\u00e5dan, det er. S\u00e5 er en n\u00e6se ikke nok. Man kan ikke f\u00e5 lov til at bryde loven og slippe af sted med en n\u00e6se. Det g\u00f8r vi andre jo heller ikke i en fartkontrol,&#8221; siger han. <a href=\"http:\/\/www.limfjordsteatret.dk\/#front\"><img loading=\"lazy\" decoding=\"async\" class=\"alignright size-full wp-image-35527\" src=\"https:\/\/kunmedierne.dk\/mors\/wp-content\/uploads\/2020\/11\/ho3.jpg\" alt=\"\" width=\"1400\" height=\"125\" srcset=\"https:\/\/kunmedierne.dk\/mors\/wp-content\/uploads\/2020\/11\/ho3.jpg 1400w, https:\/\/kunmedierne.dk\/mors\/wp-content\/uploads\/2020\/11\/ho3-300x27.jpg 300w, https:\/\/kunmedierne.dk\/mors\/wp-content\/uploads\/2020\/11\/ho3-1024x91.jpg 1024w, https:\/\/kunmedierne.dk\/mors\/wp-content\/uploads\/2020\/11\/ho3-768x69.jpg 768w, https:\/\/kunmedierne.dk\/mors\/wp-content\/uploads\/2020\/11\/ho3-600x54.jpg 600w\" sizes=\"auto, (max-width: 1400px) 100vw, 1400px\" \/><\/a><\/p>\n<p>&#8220;S\u00e5 hvis det er det, de finder frem til, at hun har gjort, er det bare s\u00e5dan, det er. S\u00e5 uanset, om hun er fra Venstre eller ej, ryger vi ud over egentlig politik,&#8221; siger han og kalder det for et principielt sp\u00f8rgsm\u00e5l.<\/p>\n<p>&#8220;Hvis vi f\u00f8rst begynder at k\u00f8re sk\u00e6vt p\u00e5 den og siger, at det her kan vi godt se igennem fingre med, er vi ude p\u00e5 et skr\u00e5plan,&#8221; siger Klaus Hvidtfeldt Larsen.<\/p>\n","protected":false},"excerpt":{"rendered":"<p>MORS: Kan man tr\u00e6kke en sag fra Christiansborg ned over hovedet p\u00e5 kommunalpolitikere fra Mors for at f\u00e5 deres holdning til en partikollega, der deler vandene? Det sidste g\u00f8r Inger St\u00f8jberg &#8211; i befolkningen s\u00e5vel som i partiet Venstre. S\u00e5 KunMors gjorde fors\u00f8get og spurgte tre Venstre-politikere i kommunalbestyrelsen for at f\u00e5 deres syn p\u00e5 [&hellip;]<\/p>\n","protected":false},"author":8,"featured_media":36959,"comment_status":"open","ping_status":"open","sticky":false,"template":"","format":"standard","meta":{"_acf_changed":false,"footnotes":""},"categories":[51],"tags":[167],"class_list":["post-36906","post","type-post","status-publish","format-standard","has-post-thumbnail","hentry","category-lokalt","tag-politik"],"acf":[],"yoast_head":"<!-- This site is optimized with the Yoast SEO plugin v26.8 - https:\/\/yoast.com\/product\/yoast-seo-wordpress\/ -->\n<title>Skal Inger St\u00f8jberg for en rigsret? - Mors<\/title>\n<meta name=\"robots\" content=\"index, follow, max-snippet:-1, max-image-preview:large, max-video-preview:-1\" \/>\n<link rel=\"canonical\" href=\"https:\/\/kunmedierne.dk\/mors\/skal-inger-stoejberg-for-en-rigsret\/\" \/>\n<meta property=\"og:locale\" content=\"da_DK\" \/>\n<meta property=\"og:type\" content=\"article\" \/>\n<meta property=\"og:title\" content=\"Skal Inger St\u00f8jberg for en rigsret? - Mors\" \/>\n<meta property=\"og:description\" content=\"MORS: Kan man tr\u00e6kke en sag fra Christiansborg ned over hovedet p\u00e5 kommunalpolitikere fra Mors for at f\u00e5 deres holdning til en partikollega, der deler vandene? Det sidste g\u00f8r Inger St\u00f8jberg &#8211; i befolkningen s\u00e5vel som i partiet Venstre. S\u00e5 KunMors gjorde fors\u00f8get og spurgte tre Venstre-politikere i kommunalbestyrelsen for at f\u00e5 deres syn p\u00e5 [&hellip;]\" \/>\n<meta property=\"og:url\" content=\"https:\/\/kunmedierne.dk\/mors\/skal-inger-stoejberg-for-en-rigsret\/\" \/>\n<meta property=\"og:site_name\" content=\"Mors\" \/>\n<meta property=\"article:published_time\" content=\"2020-12-17T17:37:47+00:00\" \/>\n<meta property=\"article:modified_time\" content=\"2024-08-12T11:38:06+00:00\" \/>\n<meta property=\"og:image\" content=\"https:\/\/kunmedierne.dk\/mors\/wp-content\/uploads\/2020\/12\/inger-st\u00f8jberg.jpg\" \/>\n\t<meta property=\"og:image:width\" content=\"770\" \/>\n\t<meta property=\"og:image:height\" content=\"513\" \/>\n\t<meta property=\"og:image:type\" content=\"image\/jpeg\" \/>\n<meta name=\"author\" content=\"David H\u00f8jmark\" \/>\n<meta name=\"twitter:card\" content=\"summary_large_image\" \/>\n<meta name=\"twitter:label1\" content=\"Skrevet af\" \/>\n\t<meta name=\"twitter:data1\" content=\"David H\u00f8jmark\" \/>\n\t<meta name=\"twitter:label2\" content=\"Estimeret l\u00e6setid\" \/>\n\t<meta name=\"twitter:data2\" content=\"6 minutter\" \/>\n<script type=\"application\/ld+json\" class=\"yoast-schema-graph\">{\"@context\":\"https:\/\/schema.org\",\"@graph\":[{\"@type\":\"Article\",\"@id\":\"https:\/\/kunmedierne.dk\/mors\/skal-inger-stoejberg-for-en-rigsret\/#article\",\"isPartOf\":{\"@id\":\"https:\/\/kunmedierne.dk\/mors\/skal-inger-stoejberg-for-en-rigsret\/\"},\"author\":{\"name\":\"David H\u00f8jmark\",\"@id\":\"https:\/\/kunmedierne.dk\/mors\/#\/schema\/person\/5fe23251bf1d0abbcdc6f7896579d548\"},\"headline\":\"Skal Inger St\u00f8jberg for en rigsret?\",\"datePublished\":\"2020-12-17T17:37:47+00:00\",\"dateModified\":\"2024-08-12T11:38:06+00:00\",\"mainEntityOfPage\":{\"@id\":\"https:\/\/kunmedierne.dk\/mors\/skal-inger-stoejberg-for-en-rigsret\/\"},\"wordCount\":1119,\"commentCount\":0,\"publisher\":{\"@id\":\"https:\/\/kunmedierne.dk\/mors\/#organization\"},\"image\":{\"@id\":\"https:\/\/kunmedierne.dk\/mors\/skal-inger-stoejberg-for-en-rigsret\/#primaryimage\"},\"thumbnailUrl\":\"https:\/\/kunmedierne.dk\/mors\/wp-content\/uploads\/2020\/12\/inger-st\u00f8jberg.jpg\",\"keywords\":[\"Politik\"],\"articleSection\":[\"Lokalt\"],\"inLanguage\":\"da-DK\",\"potentialAction\":[{\"@type\":\"CommentAction\",\"name\":\"Comment\",\"target\":[\"https:\/\/kunmedierne.dk\/mors\/skal-inger-stoejberg-for-en-rigsret\/#respond\"]}]},{\"@type\":\"WebPage\",\"@id\":\"https:\/\/kunmedierne.dk\/mors\/skal-inger-stoejberg-for-en-rigsret\/\",\"url\":\"https:\/\/kunmedierne.dk\/mors\/skal-inger-stoejberg-for-en-rigsret\/\",\"name\":\"Skal Inger St\u00f8jberg for en rigsret? - Mors\",\"isPartOf\":{\"@id\":\"https:\/\/kunmedierne.dk\/mors\/#website\"},\"primaryImageOfPage\":{\"@id\":\"https:\/\/kunmedierne.dk\/mors\/skal-inger-stoejberg-for-en-rigsret\/#primaryimage\"},\"image\":{\"@id\":\"https:\/\/kunmedierne.dk\/mors\/skal-inger-stoejberg-for-en-rigsret\/#primaryimage\"},\"thumbnailUrl\":\"https:\/\/kunmedierne.dk\/mors\/wp-content\/uploads\/2020\/12\/inger-st\u00f8jberg.jpg\",\"datePublished\":\"2020-12-17T17:37:47+00:00\",\"dateModified\":\"2024-08-12T11:38:06+00:00\",\"breadcrumb\":{\"@id\":\"https:\/\/kunmedierne.dk\/mors\/skal-inger-stoejberg-for-en-rigsret\/#breadcrumb\"},\"inLanguage\":\"da-DK\",\"potentialAction\":[{\"@type\":\"ReadAction\",\"target\":[\"https:\/\/kunmedierne.dk\/mors\/skal-inger-stoejberg-for-en-rigsret\/\"]}]},{\"@type\":\"ImageObject\",\"inLanguage\":\"da-DK\",\"@id\":\"https:\/\/kunmedierne.dk\/mors\/skal-inger-stoejberg-for-en-rigsret\/#primaryimage\",\"url\":\"https:\/\/kunmedierne.dk\/mors\/wp-content\/uploads\/2020\/12\/inger-st\u00f8jberg.jpg\",\"contentUrl\":\"https:\/\/kunmedierne.dk\/mors\/wp-content\/uploads\/2020\/12\/inger-st\u00f8jberg.jpg\",\"width\":770,\"height\":513,\"caption\":\"For 27 \u00e5r siden blev sallingboen Inger St\u00f8jberg student fra Mors\u00f8 Gymnasium. Nu er hun n\u00e6stformand i Venstre, tidligere minister og m\u00e5ske p\u00e5 vej til at blive stillet for en rigsret. Foto: Christoffer Regild og (indsat foto) Steen Brogaard.\"},{\"@type\":\"BreadcrumbList\",\"@id\":\"https:\/\/kunmedierne.dk\/mors\/skal-inger-stoejberg-for-en-rigsret\/#breadcrumb\",\"itemListElement\":[{\"@type\":\"ListItem\",\"position\":1,\"name\":\"Hjem\",\"item\":\"https:\/\/kunmedierne.dk\/mors\/\"},{\"@type\":\"ListItem\",\"position\":2,\"name\":\"Skal Inger St\u00f8jberg for en rigsret?\"}]},{\"@type\":\"WebSite\",\"@id\":\"https:\/\/kunmedierne.dk\/mors\/#website\",\"url\":\"https:\/\/kunmedierne.dk\/mors\/\",\"name\":\"Mors\",\"description\":\"et netmedie med journalistik om livet p\u00e5 Mors\",\"publisher\":{\"@id\":\"https:\/\/kunmedierne.dk\/mors\/#organization\"},\"potentialAction\":[{\"@type\":\"SearchAction\",\"target\":{\"@type\":\"EntryPoint\",\"urlTemplate\":\"https:\/\/kunmedierne.dk\/mors\/?s={search_term_string}\"},\"query-input\":{\"@type\":\"PropertyValueSpecification\",\"valueRequired\":true,\"valueName\":\"search_term_string\"}}],\"inLanguage\":\"da-DK\"},{\"@type\":\"Organization\",\"@id\":\"https:\/\/kunmedierne.dk\/mors\/#organization\",\"name\":\"Mors\",\"url\":\"https:\/\/kunmedierne.dk\/mors\/\",\"logo\":{\"@type\":\"ImageObject\",\"inLanguage\":\"da-DK\",\"@id\":\"https:\/\/kunmedierne.dk\/mors\/#\/schema\/logo\/image\/\",\"url\":\"https:\/\/kunmedierne.dk\/mors\/wp-content\/uploads\/2024\/08\/kunmors-logo.svg\",\"contentUrl\":\"https:\/\/kunmedierne.dk\/mors\/wp-content\/uploads\/2024\/08\/kunmors-logo.svg\",\"caption\":\"Mors\"},\"image\":{\"@id\":\"https:\/\/kunmedierne.dk\/mors\/#\/schema\/logo\/image\/\"}},{\"@type\":\"Person\",\"@id\":\"https:\/\/kunmedierne.dk\/mors\/#\/schema\/person\/5fe23251bf1d0abbcdc6f7896579d548\",\"name\":\"David H\u00f8jmark\",\"image\":{\"@type\":\"ImageObject\",\"inLanguage\":\"da-DK\",\"@id\":\"https:\/\/kunmedierne.dk\/mors\/#\/schema\/person\/image\/\",\"url\":\"https:\/\/secure.gravatar.com\/avatar\/4315d6fb9ef244d729989f5f90268eb08d5bf8a3d84402f595fa194bb35784fd?s=96&d=mm&r=g\",\"contentUrl\":\"https:\/\/secure.gravatar.com\/avatar\/4315d6fb9ef244d729989f5f90268eb08d5bf8a3d84402f595fa194bb35784fd?s=96&d=mm&r=g\",\"caption\":\"David H\u00f8jmark\"},\"sameAs\":[\"https:\/\/www.kunmedierne.dk\"],\"url\":\"https:\/\/kunmedierne.dk\/mors\/author\/david\/\"}]}<\/script>\n<!-- \/ Yoast SEO plugin. -->","yoast_head_json":{"title":"Skal Inger St\u00f8jberg for en rigsret? - Mors","robots":{"index":"index","follow":"follow","max-snippet":"max-snippet:-1","max-image-preview":"max-image-preview:large","max-video-preview":"max-video-preview:-1"},"canonical":"https:\/\/kunmedierne.dk\/mors\/skal-inger-stoejberg-for-en-rigsret\/","og_locale":"da_DK","og_type":"article","og_title":"Skal Inger St\u00f8jberg for en rigsret? - Mors","og_description":"MORS: Kan man tr\u00e6kke en sag fra Christiansborg ned over hovedet p\u00e5 kommunalpolitikere fra Mors for at f\u00e5 deres holdning til en partikollega, der deler vandene? Det sidste g\u00f8r Inger St\u00f8jberg &#8211; i befolkningen s\u00e5vel som i partiet Venstre. S\u00e5 KunMors gjorde fors\u00f8get og spurgte tre Venstre-politikere i kommunalbestyrelsen for at f\u00e5 deres syn p\u00e5 [&hellip;]","og_url":"https:\/\/kunmedierne.dk\/mors\/skal-inger-stoejberg-for-en-rigsret\/","og_site_name":"Mors","article_published_time":"2020-12-17T17:37:47+00:00","article_modified_time":"2024-08-12T11:38:06+00:00","og_image":[{"width":770,"height":513,"url":"https:\/\/kunmedierne.dk\/mors\/wp-content\/uploads\/2020\/12\/inger-st\u00f8jberg.jpg","type":"image\/jpeg"}],"author":"David H\u00f8jmark","twitter_card":"summary_large_image","twitter_misc":{"Skrevet af":"David H\u00f8jmark","Estimeret l\u00e6setid":"6 minutter"},"schema":{"@context":"https:\/\/schema.org","@graph":[{"@type":"Article","@id":"https:\/\/kunmedierne.dk\/mors\/skal-inger-stoejberg-for-en-rigsret\/#article","isPartOf":{"@id":"https:\/\/kunmedierne.dk\/mors\/skal-inger-stoejberg-for-en-rigsret\/"},"author":{"name":"David H\u00f8jmark","@id":"https:\/\/kunmedierne.dk\/mors\/#\/schema\/person\/5fe23251bf1d0abbcdc6f7896579d548"},"headline":"Skal Inger St\u00f8jberg for en rigsret?","datePublished":"2020-12-17T17:37:47+00:00","dateModified":"2024-08-12T11:38:06+00:00","mainEntityOfPage":{"@id":"https:\/\/kunmedierne.dk\/mors\/skal-inger-stoejberg-for-en-rigsret\/"},"wordCount":1119,"commentCount":0,"publisher":{"@id":"https:\/\/kunmedierne.dk\/mors\/#organization"},"image":{"@id":"https:\/\/kunmedierne.dk\/mors\/skal-inger-stoejberg-for-en-rigsret\/#primaryimage"},"thumbnailUrl":"https:\/\/kunmedierne.dk\/mors\/wp-content\/uploads\/2020\/12\/inger-st\u00f8jberg.jpg","keywords":["Politik"],"articleSection":["Lokalt"],"inLanguage":"da-DK","potentialAction":[{"@type":"CommentAction","name":"Comment","target":["https:\/\/kunmedierne.dk\/mors\/skal-inger-stoejberg-for-en-rigsret\/#respond"]}]},{"@type":"WebPage","@id":"https:\/\/kunmedierne.dk\/mors\/skal-inger-stoejberg-for-en-rigsret\/","url":"https:\/\/kunmedierne.dk\/mors\/skal-inger-stoejberg-for-en-rigsret\/","name":"Skal Inger St\u00f8jberg for en rigsret? - Mors","isPartOf":{"@id":"https:\/\/kunmedierne.dk\/mors\/#website"},"primaryImageOfPage":{"@id":"https:\/\/kunmedierne.dk\/mors\/skal-inger-stoejberg-for-en-rigsret\/#primaryimage"},"image":{"@id":"https:\/\/kunmedierne.dk\/mors\/skal-inger-stoejberg-for-en-rigsret\/#primaryimage"},"thumbnailUrl":"https:\/\/kunmedierne.dk\/mors\/wp-content\/uploads\/2020\/12\/inger-st\u00f8jberg.jpg","datePublished":"2020-12-17T17:37:47+00:00","dateModified":"2024-08-12T11:38:06+00:00","breadcrumb":{"@id":"https:\/\/kunmedierne.dk\/mors\/skal-inger-stoejberg-for-en-rigsret\/#breadcrumb"},"inLanguage":"da-DK","potentialAction":[{"@type":"ReadAction","target":["https:\/\/kunmedierne.dk\/mors\/skal-inger-stoejberg-for-en-rigsret\/"]}]},{"@type":"ImageObject","inLanguage":"da-DK","@id":"https:\/\/kunmedierne.dk\/mors\/skal-inger-stoejberg-for-en-rigsret\/#primaryimage","url":"https:\/\/kunmedierne.dk\/mors\/wp-content\/uploads\/2020\/12\/inger-st\u00f8jberg.jpg","contentUrl":"https:\/\/kunmedierne.dk\/mors\/wp-content\/uploads\/2020\/12\/inger-st\u00f8jberg.jpg","width":770,"height":513,"caption":"For 27 \u00e5r siden blev sallingboen Inger St\u00f8jberg student fra Mors\u00f8 Gymnasium. Nu er hun n\u00e6stformand i Venstre, tidligere minister og m\u00e5ske p\u00e5 vej til at blive stillet for en rigsret. Foto: Christoffer Regild og (indsat foto) Steen Brogaard."},{"@type":"BreadcrumbList","@id":"https:\/\/kunmedierne.dk\/mors\/skal-inger-stoejberg-for-en-rigsret\/#breadcrumb","itemListElement":[{"@type":"ListItem","position":1,"name":"Hjem","item":"https:\/\/kunmedierne.dk\/mors\/"},{"@type":"ListItem","position":2,"name":"Skal Inger St\u00f8jberg for en rigsret?"}]},{"@type":"WebSite","@id":"https:\/\/kunmedierne.dk\/mors\/#website","url":"https:\/\/kunmedierne.dk\/mors\/","name":"Mors","description":"et netmedie med journalistik om livet p\u00e5 Mors","publisher":{"@id":"https:\/\/kunmedierne.dk\/mors\/#organization"},"potentialAction":[{"@type":"SearchAction","target":{"@type":"EntryPoint","urlTemplate":"https:\/\/kunmedierne.dk\/mors\/?s={search_term_string}"},"query-input":{"@type":"PropertyValueSpecification","valueRequired":true,"valueName":"search_term_string"}}],"inLanguage":"da-DK"},{"@type":"Organization","@id":"https:\/\/kunmedierne.dk\/mors\/#organization","name":"Mors","url":"https:\/\/kunmedierne.dk\/mors\/","logo":{"@type":"ImageObject","inLanguage":"da-DK","@id":"https:\/\/kunmedierne.dk\/mors\/#\/schema\/logo\/image\/","url":"https:\/\/kunmedierne.dk\/mors\/wp-content\/uploads\/2024\/08\/kunmors-logo.svg","contentUrl":"https:\/\/kunmedierne.dk\/mors\/wp-content\/uploads\/2024\/08\/kunmors-logo.svg","caption":"Mors"},"image":{"@id":"https:\/\/kunmedierne.dk\/mors\/#\/schema\/logo\/image\/"}},{"@type":"Person","@id":"https:\/\/kunmedierne.dk\/mors\/#\/schema\/person\/5fe23251bf1d0abbcdc6f7896579d548","name":"David H\u00f8jmark","image":{"@type":"ImageObject","inLanguage":"da-DK","@id":"https:\/\/kunmedierne.dk\/mors\/#\/schema\/person\/image\/","url":"https:\/\/secure.gravatar.com\/avatar\/4315d6fb9ef244d729989f5f90268eb08d5bf8a3d84402f595fa194bb35784fd?s=96&d=mm&r=g","contentUrl":"https:\/\/secure.gravatar.com\/avatar\/4315d6fb9ef244d729989f5f90268eb08d5bf8a3d84402f595fa194bb35784fd?s=96&d=mm&r=g","caption":"David H\u00f8jmark"},"sameAs":["https:\/\/www.kunmedierne.dk"],"url":"https:\/\/kunmedierne.dk\/mors\/author\/david\/"}]}},"_links":{"self":[{"href":"https:\/\/kunmedierne.dk\/mors\/wp-json\/wp\/v2\/posts\/36906","targetHints":{"allow":["GET"]}}],"collection":[{"href":"https:\/\/kunmedierne.dk\/mors\/wp-json\/wp\/v2\/posts"}],"about":[{"href":"https:\/\/kunmedierne.dk\/mors\/wp-json\/wp\/v2\/types\/post"}],"author":[{"embeddable":true,"href":"https:\/\/kunmedierne.dk\/mors\/wp-json\/wp\/v2\/users\/8"}],"replies":[{"embeddable":true,"href":"https:\/\/kunmedierne.dk\/mors\/wp-json\/wp\/v2\/comments?post=36906"}],"version-history":[{"count":6,"href":"https:\/\/kunmedierne.dk\/mors\/wp-json\/wp\/v2\/posts\/36906\/revisions"}],"predecessor-version":[{"id":36965,"href":"https:\/\/kunmedierne.dk\/mors\/wp-json\/wp\/v2\/posts\/36906\/revisions\/36965"}],"wp:featuredmedia":[{"embeddable":true,"href":"https:\/\/kunmedierne.dk\/mors\/wp-json\/wp\/v2\/media\/36959"}],"wp:attachment":[{"href":"https:\/\/kunmedierne.dk\/mors\/wp-json\/wp\/v2\/media?parent=36906"}],"wp:term":[{"taxonomy":"category","embeddable":true,"href":"https:\/\/kunmedierne.dk\/mors\/wp-json\/wp\/v2\/categories?post=36906"},{"taxonomy":"post_tag","embeddable":true,"href":"https:\/\/kunmedierne.dk\/mors\/wp-json\/wp\/v2\/tags?post=36906"}],"curies":[{"name":"wp","href":"https:\/\/api.w.org\/{rel}","templated":true}]}}