{"id":36828,"date":"2020-12-15T05:13:42","date_gmt":"2020-12-15T04:13:42","guid":{"rendered":"https:\/\/kunmedierne.dk\/mors\/?p=36828"},"modified":"2024-08-12T13:38:07","modified_gmt":"2024-08-12T11:38:07","slug":"ikke-planer-om-at-lukke-flere-skoler","status":"publish","type":"post","link":"https:\/\/kunmedierne.dk\/mors\/ikke-planer-om-at-lukke-flere-skoler\/","title":{"rendered":"Ikke planer om at lukke flere skoler"},"content":{"rendered":"<p><strong>MORS<\/strong>: Mandagens beslutning om at lukke M.C. Holms Skole for resten af 2020 skal ikke ses som et udtryk for, at Mors\u00f8 Kommune helt aktuelt overvejer det samme med \u00f8ens \u00f8vrige skoler.<\/p>\n<p>Det oplyser Rasmus Andreassen, faglig leder af kommunikation i Mors\u00f8 Kommune, til KunMors. Han p\u00e5peger, at smittetilf\u00e6lde p\u00e5 M.C. Holms Skole adskiller sig fra covid-19 p\u00e5 eksempelvis Dueholmskolen, da M.C. Holms Skole har elever fra 0. til 3. klasse. <a href=\"https:\/\/www.fmspks.dk\/\"><img loading=\"lazy\" decoding=\"async\" class=\"alignright size-full wp-image-35528\" src=\"https:\/\/kunmedierne.dk\/mors\/wp-content\/uploads\/2020\/11\/ho4.jpg\" alt=\"\" width=\"1400\" height=\"125\" srcset=\"https:\/\/kunmedierne.dk\/mors\/wp-content\/uploads\/2020\/11\/ho4.jpg 1400w, https:\/\/kunmedierne.dk\/mors\/wp-content\/uploads\/2020\/11\/ho4-300x27.jpg 300w, https:\/\/kunmedierne.dk\/mors\/wp-content\/uploads\/2020\/11\/ho4-1024x91.jpg 1024w, https:\/\/kunmedierne.dk\/mors\/wp-content\/uploads\/2020\/11\/ho4-768x69.jpg 768w, https:\/\/kunmedierne.dk\/mors\/wp-content\/uploads\/2020\/11\/ho4-600x54.jpg 600w\" sizes=\"auto, (max-width: 1400px) 100vw, 1400px\" \/><\/a><\/p>\n<p>&#8220;P\u00e5 de \u00e5rgange er det meget sv\u00e6rere at smitteopspore. Det er de sm\u00e5 \u00e5rgange, og de er ogs\u00e5 sammen i SFO og s\u00e5 videre, s\u00e5 det er rigtig sv\u00e6rt,&#8221; siger han og tilf\u00f8jer, at hvis der opst\u00e5r et smittetilf\u00e6lde p\u00e5 en skole med \u00e6ldre elever, er det nemmere at sende bestemte klasser hjem, fordi eleverne ikke har samme kontakt p\u00e5 tv\u00e6rs af klasser som p\u00e5 M.C. Holms Skole.<\/p>\n<p>&#8220;Og nu var det b\u00e5de p\u00e5 0. og 2. \u00e5rgang. Hvis det nu kun var 2. \u00e5rgang, kunne man sige, at det ville g\u00e5, men det havde spredt sig lidt mere,&#8221; siger Rasmus Andreassen.<\/p>\n","protected":false},"excerpt":{"rendered":"<p>MORS: Mandagens beslutning om at lukke M.C. Holms Skole for resten af 2020 skal ikke ses som et udtryk for, at Mors\u00f8 Kommune helt aktuelt overvejer det samme med \u00f8ens \u00f8vrige skoler. Det oplyser Rasmus Andreassen, faglig leder af kommunikation i Mors\u00f8 Kommune, til KunMors. Han p\u00e5peger, at smittetilf\u00e6lde p\u00e5 M.C. Holms Skole adskiller sig [&hellip;]<\/p>\n","protected":false},"author":8,"featured_media":32411,"comment_status":"open","ping_status":"open","sticky":false,"template":"","format":"standard","meta":{"_acf_changed":false,"footnotes":""},"categories":[51],"tags":[170],"class_list":["post-36828","post","type-post","status-publish","format-standard","has-post-thumbnail","hentry","category-lokalt","tag-uddannelse"],"acf":[],"yoast_head":"<!-- This site is optimized with the Yoast SEO plugin v26.8 - https:\/\/yoast.com\/product\/yoast-seo-wordpress\/ -->\n<title>Ikke planer om at lukke flere skoler - Mors<\/title>\n<meta name=\"robots\" content=\"index, follow, max-snippet:-1, max-image-preview:large, max-video-preview:-1\" \/>\n<link rel=\"canonical\" href=\"https:\/\/kunmedierne.dk\/mors\/ikke-planer-om-at-lukke-flere-skoler\/\" \/>\n<meta property=\"og:locale\" content=\"da_DK\" \/>\n<meta property=\"og:type\" content=\"article\" \/>\n<meta property=\"og:title\" content=\"Ikke planer om at lukke flere skoler - Mors\" \/>\n<meta property=\"og:description\" content=\"MORS: Mandagens beslutning om at lukke M.C. Holms Skole for resten af 2020 skal ikke ses som et udtryk for, at Mors\u00f8 Kommune helt aktuelt overvejer det samme med \u00f8ens \u00f8vrige skoler. Det oplyser Rasmus Andreassen, faglig leder af kommunikation i Mors\u00f8 Kommune, til KunMors. Han p\u00e5peger, at smittetilf\u00e6lde p\u00e5 M.C. Holms Skole adskiller sig [&hellip;]\" \/>\n<meta property=\"og:url\" content=\"https:\/\/kunmedierne.dk\/mors\/ikke-planer-om-at-lukke-flere-skoler\/\" \/>\n<meta property=\"og:site_name\" content=\"Mors\" \/>\n<meta property=\"article:published_time\" content=\"2020-12-15T04:13:42+00:00\" \/>\n<meta property=\"article:modified_time\" content=\"2024-08-12T11:38:07+00:00\" \/>\n<meta property=\"og:image\" content=\"https:\/\/kunmedierne.dk\/mors\/wp-content\/uploads\/2020\/09\/200529-dueholmskolen2.jpg\" \/>\n\t<meta property=\"og:image:width\" content=\"770\" \/>\n\t<meta property=\"og:image:height\" content=\"513\" \/>\n\t<meta property=\"og:image:type\" content=\"image\/jpeg\" \/>\n<meta name=\"author\" content=\"David H\u00f8jmark\" \/>\n<meta name=\"twitter:card\" content=\"summary_large_image\" \/>\n<meta name=\"twitter:label1\" content=\"Skrevet af\" \/>\n\t<meta name=\"twitter:data1\" content=\"David H\u00f8jmark\" \/>\n\t<meta name=\"twitter:label2\" content=\"Estimeret l\u00e6setid\" \/>\n\t<meta name=\"twitter:data2\" content=\"1 minut\" \/>\n<script type=\"application\/ld+json\" class=\"yoast-schema-graph\">{\"@context\":\"https:\/\/schema.org\",\"@graph\":[{\"@type\":\"Article\",\"@id\":\"https:\/\/kunmedierne.dk\/mors\/ikke-planer-om-at-lukke-flere-skoler\/#article\",\"isPartOf\":{\"@id\":\"https:\/\/kunmedierne.dk\/mors\/ikke-planer-om-at-lukke-flere-skoler\/\"},\"author\":{\"name\":\"David H\u00f8jmark\",\"@id\":\"https:\/\/kunmedierne.dk\/mors\/#\/schema\/person\/5fe23251bf1d0abbcdc6f7896579d548\"},\"headline\":\"Ikke planer om at lukke flere skoler\",\"datePublished\":\"2020-12-15T04:13:42+00:00\",\"dateModified\":\"2024-08-12T11:38:07+00:00\",\"mainEntityOfPage\":{\"@id\":\"https:\/\/kunmedierne.dk\/mors\/ikke-planer-om-at-lukke-flere-skoler\/\"},\"wordCount\":187,\"commentCount\":0,\"publisher\":{\"@id\":\"https:\/\/kunmedierne.dk\/mors\/#organization\"},\"image\":{\"@id\":\"https:\/\/kunmedierne.dk\/mors\/ikke-planer-om-at-lukke-flere-skoler\/#primaryimage\"},\"thumbnailUrl\":\"https:\/\/kunmedierne.dk\/mors\/wp-content\/uploads\/2020\/09\/200529-dueholmskolen2.jpg\",\"keywords\":[\"Skoler og uddannelse\"],\"articleSection\":[\"Lokalt\"],\"inLanguage\":\"da-DK\",\"potentialAction\":[{\"@type\":\"CommentAction\",\"name\":\"Comment\",\"target\":[\"https:\/\/kunmedierne.dk\/mors\/ikke-planer-om-at-lukke-flere-skoler\/#respond\"]}]},{\"@type\":\"WebPage\",\"@id\":\"https:\/\/kunmedierne.dk\/mors\/ikke-planer-om-at-lukke-flere-skoler\/\",\"url\":\"https:\/\/kunmedierne.dk\/mors\/ikke-planer-om-at-lukke-flere-skoler\/\",\"name\":\"Ikke planer om at lukke flere skoler - Mors\",\"isPartOf\":{\"@id\":\"https:\/\/kunmedierne.dk\/mors\/#website\"},\"primaryImageOfPage\":{\"@id\":\"https:\/\/kunmedierne.dk\/mors\/ikke-planer-om-at-lukke-flere-skoler\/#primaryimage\"},\"image\":{\"@id\":\"https:\/\/kunmedierne.dk\/mors\/ikke-planer-om-at-lukke-flere-skoler\/#primaryimage\"},\"thumbnailUrl\":\"https:\/\/kunmedierne.dk\/mors\/wp-content\/uploads\/2020\/09\/200529-dueholmskolen2.jpg\",\"datePublished\":\"2020-12-15T04:13:42+00:00\",\"dateModified\":\"2024-08-12T11:38:07+00:00\",\"breadcrumb\":{\"@id\":\"https:\/\/kunmedierne.dk\/mors\/ikke-planer-om-at-lukke-flere-skoler\/#breadcrumb\"},\"inLanguage\":\"da-DK\",\"potentialAction\":[{\"@type\":\"ReadAction\",\"target\":[\"https:\/\/kunmedierne.dk\/mors\/ikke-planer-om-at-lukke-flere-skoler\/\"]}]},{\"@type\":\"ImageObject\",\"inLanguage\":\"da-DK\",\"@id\":\"https:\/\/kunmedierne.dk\/mors\/ikke-planer-om-at-lukke-flere-skoler\/#primaryimage\",\"url\":\"https:\/\/kunmedierne.dk\/mors\/wp-content\/uploads\/2020\/09\/200529-dueholmskolen2.jpg\",\"contentUrl\":\"https:\/\/kunmedierne.dk\/mors\/wp-content\/uploads\/2020\/09\/200529-dueholmskolen2.jpg\",\"width\":770,\"height\":513,\"caption\":\"Dueholmskolen. Foto: David H\u00f8jmark\"},{\"@type\":\"BreadcrumbList\",\"@id\":\"https:\/\/kunmedierne.dk\/mors\/ikke-planer-om-at-lukke-flere-skoler\/#breadcrumb\",\"itemListElement\":[{\"@type\":\"ListItem\",\"position\":1,\"name\":\"Hjem\",\"item\":\"https:\/\/kunmedierne.dk\/mors\/\"},{\"@type\":\"ListItem\",\"position\":2,\"name\":\"Ikke planer om at lukke flere skoler\"}]},{\"@type\":\"WebSite\",\"@id\":\"https:\/\/kunmedierne.dk\/mors\/#website\",\"url\":\"https:\/\/kunmedierne.dk\/mors\/\",\"name\":\"Mors\",\"description\":\"et netmedie med journalistik om livet p\u00e5 Mors\",\"publisher\":{\"@id\":\"https:\/\/kunmedierne.dk\/mors\/#organization\"},\"potentialAction\":[{\"@type\":\"SearchAction\",\"target\":{\"@type\":\"EntryPoint\",\"urlTemplate\":\"https:\/\/kunmedierne.dk\/mors\/?s={search_term_string}\"},\"query-input\":{\"@type\":\"PropertyValueSpecification\",\"valueRequired\":true,\"valueName\":\"search_term_string\"}}],\"inLanguage\":\"da-DK\"},{\"@type\":\"Organization\",\"@id\":\"https:\/\/kunmedierne.dk\/mors\/#organization\",\"name\":\"Mors\",\"url\":\"https:\/\/kunmedierne.dk\/mors\/\",\"logo\":{\"@type\":\"ImageObject\",\"inLanguage\":\"da-DK\",\"@id\":\"https:\/\/kunmedierne.dk\/mors\/#\/schema\/logo\/image\/\",\"url\":\"https:\/\/kunmedierne.dk\/mors\/wp-content\/uploads\/2024\/08\/kunmors-logo.svg\",\"contentUrl\":\"https:\/\/kunmedierne.dk\/mors\/wp-content\/uploads\/2024\/08\/kunmors-logo.svg\",\"caption\":\"Mors\"},\"image\":{\"@id\":\"https:\/\/kunmedierne.dk\/mors\/#\/schema\/logo\/image\/\"}},{\"@type\":\"Person\",\"@id\":\"https:\/\/kunmedierne.dk\/mors\/#\/schema\/person\/5fe23251bf1d0abbcdc6f7896579d548\",\"name\":\"David H\u00f8jmark\",\"image\":{\"@type\":\"ImageObject\",\"inLanguage\":\"da-DK\",\"@id\":\"https:\/\/kunmedierne.dk\/mors\/#\/schema\/person\/image\/\",\"url\":\"https:\/\/secure.gravatar.com\/avatar\/4315d6fb9ef244d729989f5f90268eb08d5bf8a3d84402f595fa194bb35784fd?s=96&d=mm&r=g\",\"contentUrl\":\"https:\/\/secure.gravatar.com\/avatar\/4315d6fb9ef244d729989f5f90268eb08d5bf8a3d84402f595fa194bb35784fd?s=96&d=mm&r=g\",\"caption\":\"David H\u00f8jmark\"},\"sameAs\":[\"https:\/\/www.kunmedierne.dk\"],\"url\":\"https:\/\/kunmedierne.dk\/mors\/author\/david\/\"}]}<\/script>\n<!-- \/ Yoast SEO plugin. -->","yoast_head_json":{"title":"Ikke planer om at lukke flere skoler - Mors","robots":{"index":"index","follow":"follow","max-snippet":"max-snippet:-1","max-image-preview":"max-image-preview:large","max-video-preview":"max-video-preview:-1"},"canonical":"https:\/\/kunmedierne.dk\/mors\/ikke-planer-om-at-lukke-flere-skoler\/","og_locale":"da_DK","og_type":"article","og_title":"Ikke planer om at lukke flere skoler - Mors","og_description":"MORS: Mandagens beslutning om at lukke M.C. Holms Skole for resten af 2020 skal ikke ses som et udtryk for, at Mors\u00f8 Kommune helt aktuelt overvejer det samme med \u00f8ens \u00f8vrige skoler. Det oplyser Rasmus Andreassen, faglig leder af kommunikation i Mors\u00f8 Kommune, til KunMors. Han p\u00e5peger, at smittetilf\u00e6lde p\u00e5 M.C. Holms Skole adskiller sig [&hellip;]","og_url":"https:\/\/kunmedierne.dk\/mors\/ikke-planer-om-at-lukke-flere-skoler\/","og_site_name":"Mors","article_published_time":"2020-12-15T04:13:42+00:00","article_modified_time":"2024-08-12T11:38:07+00:00","og_image":[{"width":770,"height":513,"url":"https:\/\/kunmedierne.dk\/mors\/wp-content\/uploads\/2020\/09\/200529-dueholmskolen2.jpg","type":"image\/jpeg"}],"author":"David H\u00f8jmark","twitter_card":"summary_large_image","twitter_misc":{"Skrevet af":"David H\u00f8jmark","Estimeret l\u00e6setid":"1 minut"},"schema":{"@context":"https:\/\/schema.org","@graph":[{"@type":"Article","@id":"https:\/\/kunmedierne.dk\/mors\/ikke-planer-om-at-lukke-flere-skoler\/#article","isPartOf":{"@id":"https:\/\/kunmedierne.dk\/mors\/ikke-planer-om-at-lukke-flere-skoler\/"},"author":{"name":"David H\u00f8jmark","@id":"https:\/\/kunmedierne.dk\/mors\/#\/schema\/person\/5fe23251bf1d0abbcdc6f7896579d548"},"headline":"Ikke planer om at lukke flere skoler","datePublished":"2020-12-15T04:13:42+00:00","dateModified":"2024-08-12T11:38:07+00:00","mainEntityOfPage":{"@id":"https:\/\/kunmedierne.dk\/mors\/ikke-planer-om-at-lukke-flere-skoler\/"},"wordCount":187,"commentCount":0,"publisher":{"@id":"https:\/\/kunmedierne.dk\/mors\/#organization"},"image":{"@id":"https:\/\/kunmedierne.dk\/mors\/ikke-planer-om-at-lukke-flere-skoler\/#primaryimage"},"thumbnailUrl":"https:\/\/kunmedierne.dk\/mors\/wp-content\/uploads\/2020\/09\/200529-dueholmskolen2.jpg","keywords":["Skoler og uddannelse"],"articleSection":["Lokalt"],"inLanguage":"da-DK","potentialAction":[{"@type":"CommentAction","name":"Comment","target":["https:\/\/kunmedierne.dk\/mors\/ikke-planer-om-at-lukke-flere-skoler\/#respond"]}]},{"@type":"WebPage","@id":"https:\/\/kunmedierne.dk\/mors\/ikke-planer-om-at-lukke-flere-skoler\/","url":"https:\/\/kunmedierne.dk\/mors\/ikke-planer-om-at-lukke-flere-skoler\/","name":"Ikke planer om at lukke flere skoler - Mors","isPartOf":{"@id":"https:\/\/kunmedierne.dk\/mors\/#website"},"primaryImageOfPage":{"@id":"https:\/\/kunmedierne.dk\/mors\/ikke-planer-om-at-lukke-flere-skoler\/#primaryimage"},"image":{"@id":"https:\/\/kunmedierne.dk\/mors\/ikke-planer-om-at-lukke-flere-skoler\/#primaryimage"},"thumbnailUrl":"https:\/\/kunmedierne.dk\/mors\/wp-content\/uploads\/2020\/09\/200529-dueholmskolen2.jpg","datePublished":"2020-12-15T04:13:42+00:00","dateModified":"2024-08-12T11:38:07+00:00","breadcrumb":{"@id":"https:\/\/kunmedierne.dk\/mors\/ikke-planer-om-at-lukke-flere-skoler\/#breadcrumb"},"inLanguage":"da-DK","potentialAction":[{"@type":"ReadAction","target":["https:\/\/kunmedierne.dk\/mors\/ikke-planer-om-at-lukke-flere-skoler\/"]}]},{"@type":"ImageObject","inLanguage":"da-DK","@id":"https:\/\/kunmedierne.dk\/mors\/ikke-planer-om-at-lukke-flere-skoler\/#primaryimage","url":"https:\/\/kunmedierne.dk\/mors\/wp-content\/uploads\/2020\/09\/200529-dueholmskolen2.jpg","contentUrl":"https:\/\/kunmedierne.dk\/mors\/wp-content\/uploads\/2020\/09\/200529-dueholmskolen2.jpg","width":770,"height":513,"caption":"Dueholmskolen. Foto: David H\u00f8jmark"},{"@type":"BreadcrumbList","@id":"https:\/\/kunmedierne.dk\/mors\/ikke-planer-om-at-lukke-flere-skoler\/#breadcrumb","itemListElement":[{"@type":"ListItem","position":1,"name":"Hjem","item":"https:\/\/kunmedierne.dk\/mors\/"},{"@type":"ListItem","position":2,"name":"Ikke planer om at lukke flere skoler"}]},{"@type":"WebSite","@id":"https:\/\/kunmedierne.dk\/mors\/#website","url":"https:\/\/kunmedierne.dk\/mors\/","name":"Mors","description":"et netmedie med journalistik om livet p\u00e5 Mors","publisher":{"@id":"https:\/\/kunmedierne.dk\/mors\/#organization"},"potentialAction":[{"@type":"SearchAction","target":{"@type":"EntryPoint","urlTemplate":"https:\/\/kunmedierne.dk\/mors\/?s={search_term_string}"},"query-input":{"@type":"PropertyValueSpecification","valueRequired":true,"valueName":"search_term_string"}}],"inLanguage":"da-DK"},{"@type":"Organization","@id":"https:\/\/kunmedierne.dk\/mors\/#organization","name":"Mors","url":"https:\/\/kunmedierne.dk\/mors\/","logo":{"@type":"ImageObject","inLanguage":"da-DK","@id":"https:\/\/kunmedierne.dk\/mors\/#\/schema\/logo\/image\/","url":"https:\/\/kunmedierne.dk\/mors\/wp-content\/uploads\/2024\/08\/kunmors-logo.svg","contentUrl":"https:\/\/kunmedierne.dk\/mors\/wp-content\/uploads\/2024\/08\/kunmors-logo.svg","caption":"Mors"},"image":{"@id":"https:\/\/kunmedierne.dk\/mors\/#\/schema\/logo\/image\/"}},{"@type":"Person","@id":"https:\/\/kunmedierne.dk\/mors\/#\/schema\/person\/5fe23251bf1d0abbcdc6f7896579d548","name":"David H\u00f8jmark","image":{"@type":"ImageObject","inLanguage":"da-DK","@id":"https:\/\/kunmedierne.dk\/mors\/#\/schema\/person\/image\/","url":"https:\/\/secure.gravatar.com\/avatar\/4315d6fb9ef244d729989f5f90268eb08d5bf8a3d84402f595fa194bb35784fd?s=96&d=mm&r=g","contentUrl":"https:\/\/secure.gravatar.com\/avatar\/4315d6fb9ef244d729989f5f90268eb08d5bf8a3d84402f595fa194bb35784fd?s=96&d=mm&r=g","caption":"David H\u00f8jmark"},"sameAs":["https:\/\/www.kunmedierne.dk"],"url":"https:\/\/kunmedierne.dk\/mors\/author\/david\/"}]}},"_links":{"self":[{"href":"https:\/\/kunmedierne.dk\/mors\/wp-json\/wp\/v2\/posts\/36828","targetHints":{"allow":["GET"]}}],"collection":[{"href":"https:\/\/kunmedierne.dk\/mors\/wp-json\/wp\/v2\/posts"}],"about":[{"href":"https:\/\/kunmedierne.dk\/mors\/wp-json\/wp\/v2\/types\/post"}],"author":[{"embeddable":true,"href":"https:\/\/kunmedierne.dk\/mors\/wp-json\/wp\/v2\/users\/8"}],"replies":[{"embeddable":true,"href":"https:\/\/kunmedierne.dk\/mors\/wp-json\/wp\/v2\/comments?post=36828"}],"version-history":[{"count":2,"href":"https:\/\/kunmedierne.dk\/mors\/wp-json\/wp\/v2\/posts\/36828\/revisions"}],"predecessor-version":[{"id":36833,"href":"https:\/\/kunmedierne.dk\/mors\/wp-json\/wp\/v2\/posts\/36828\/revisions\/36833"}],"wp:featuredmedia":[{"embeddable":true,"href":"https:\/\/kunmedierne.dk\/mors\/wp-json\/wp\/v2\/media\/32411"}],"wp:attachment":[{"href":"https:\/\/kunmedierne.dk\/mors\/wp-json\/wp\/v2\/media?parent=36828"}],"wp:term":[{"taxonomy":"category","embeddable":true,"href":"https:\/\/kunmedierne.dk\/mors\/wp-json\/wp\/v2\/categories?post=36828"},{"taxonomy":"post_tag","embeddable":true,"href":"https:\/\/kunmedierne.dk\/mors\/wp-json\/wp\/v2\/tags?post=36828"}],"curies":[{"name":"wp","href":"https:\/\/api.w.org\/{rel}","templated":true}]}}