{"id":36777,"date":"2020-12-20T06:16:07","date_gmt":"2020-12-20T05:16:07","guid":{"rendered":"https:\/\/kunmedierne.dk\/mors\/?p=36777"},"modified":"2024-08-12T13:38:05","modified_gmt":"2024-08-12T11:38:05","slug":"seniorraadet-goer-klar-til-naeste-valg","status":"publish","type":"post","link":"https:\/\/kunmedierne.dk\/mors\/seniorraadet-goer-klar-til-naeste-valg\/","title":{"rendered":"Seniorr\u00e5det skal have ny formand"},"content":{"rendered":"<p><strong>MORS<\/strong>: Seniorr\u00e5det i Mors\u00f8 Kommune er s\u00e5 sm\u00e5t ved at se frem imod n\u00e6ste valg &#8211; og det er med udsigt til et skifte p\u00e5 formandsposten.<\/p>\n<p>Mejner Nielsen har efter tre perioder valgt at tr\u00e6de tilbage, og da ogs\u00e5 Gunnar Mogensen takker af, skal der findes nye til to af de fem pladser i seniorr\u00e5det.<\/p>\n<p>&#8220;S\u00e5 vi vil allerede nu opfordre folk til at spekulere p\u00e5, om de vil stille op. Og det er lige lidt nok med to. Der skulle jo gerne v\u00e6re nogle at v\u00e6lge imellem,&#8221; siger Mejner Nielsen.<\/p>\n<p>Valget til seniorr\u00e5det afholdes simultant med kommunalvalget &#8211; i samme lokale og p\u00e5 samme dato, nemlig 16. november 2021. <a href=\"https:\/\/vognmand-filtenborg.dk\/\"><img loading=\"lazy\" decoding=\"async\" class=\"alignright size-full wp-image-35525\" src=\"https:\/\/kunmedierne.dk\/mors\/wp-content\/uploads\/2020\/11\/ho1.jpg\" alt=\"\" width=\"1400\" height=\"125\" srcset=\"https:\/\/kunmedierne.dk\/mors\/wp-content\/uploads\/2020\/11\/ho1.jpg 1400w, https:\/\/kunmedierne.dk\/mors\/wp-content\/uploads\/2020\/11\/ho1-300x27.jpg 300w, https:\/\/kunmedierne.dk\/mors\/wp-content\/uploads\/2020\/11\/ho1-1024x91.jpg 1024w, https:\/\/kunmedierne.dk\/mors\/wp-content\/uploads\/2020\/11\/ho1-768x69.jpg 768w, https:\/\/kunmedierne.dk\/mors\/wp-content\/uploads\/2020\/11\/ho1-600x54.jpg 600w\" sizes=\"auto, (max-width: 1400px) 100vw, 1400px\" \/><\/a><\/p>\n<p>Og det bliver alts\u00e5 uden Mejner Nielsen p\u00e5 stemmesedlen.<\/p>\n<p>&#8220;N\u00e5r jeg forh\u00e5bentlig bliver 80 til efter\u00e5ret, har jeg v\u00e6ret med i 12 \u00e5r. Der skal nogle nye til &#8211; og det ville v\u00e6re at foretr\u00e6kke at finde nogen, der er 10 \u00e5r yngre, s\u00e5 de kan tage et par perioder. Det tager jo lidt tid at komme ind i det,&#8221; siger han og tilf\u00f8jer, at seniorr\u00e5det snart vil skrue op for oplysninger om, hvad seniorr\u00e5det st\u00e5r for.<\/p>\n<p>Hverken han eller Gunnar Mogensen vil dog ud og pege p\u00e5 deres efterf\u00f8lgere.<\/p>\n<p>&#8220;Men alle er velkomne til at ringe til en af os og sp\u00f8rge om, hvad det g\u00e5r ud p\u00e5,&#8221; siger han om arbejdet, der byder p\u00e5 nogen m\u00f8deaktivitet, men uden at man skal lade sig afskr\u00e6kke fra at stille op til valget.<\/p>\n<p>&#8220;S\u00e5 l\u00e6nge man er menigt medlem, kan man godt klare sig med et par timer seks-otte gange om \u00e5ret &#8211; og s\u00e5 et par gange, hvor det tager en hel dag,&#8221; vurderer Mejner Nielsen. <a href=\"http:\/\/www.limfjordsteatret.dk\/#front\"><img loading=\"lazy\" decoding=\"async\" class=\"alignright size-full wp-image-35527\" src=\"https:\/\/kunmedierne.dk\/mors\/wp-content\/uploads\/2020\/11\/ho3.jpg\" alt=\"\" width=\"1400\" height=\"125\" srcset=\"https:\/\/kunmedierne.dk\/mors\/wp-content\/uploads\/2020\/11\/ho3.jpg 1400w, https:\/\/kunmedierne.dk\/mors\/wp-content\/uploads\/2020\/11\/ho3-300x27.jpg 300w, https:\/\/kunmedierne.dk\/mors\/wp-content\/uploads\/2020\/11\/ho3-1024x91.jpg 1024w, https:\/\/kunmedierne.dk\/mors\/wp-content\/uploads\/2020\/11\/ho3-768x69.jpg 768w, https:\/\/kunmedierne.dk\/mors\/wp-content\/uploads\/2020\/11\/ho3-600x54.jpg 600w\" sizes=\"auto, (max-width: 1400px) 100vw, 1400px\" \/><\/a><\/p>\n<blockquote>\n<h2>FAKTA<\/h2>\n<h4>Seniorr\u00e5dets form\u00e5l er at medvirke til at \u00f8ge \u00e6ldre borgernes indflydelse p\u00e5 kommunens \u00e6ldrepolitik og varetage deres interesser.<\/h4>\n<h4>Seniorr\u00e5det fungerer b\u00e5de som \u00e6ldre borgeres taler\u00f8r og som r\u00e5dgiver for kommunens politikere p\u00e5 omr\u00e5der, som vedr\u00f8rer \u00e6ldre. Det kan v\u00e6re i forhold til hjemmehj\u00e6lp, forebyggelse, genoptr\u00e6ning, velf\u00e6rdsteknologi, boliger til \u00e6ldre, offentlig transport og meget andet.<\/h4>\n<h4>Seniorr\u00e5det r\u00e5dgiver kommunalbestyrelsen i \u00e6ldrepolitiske sp\u00f8rgsm\u00e5l og formidler synspunkter mellem borgerne og kommunalbestyrelsen om lokalpolitiske sp\u00f8rgsm\u00e5l, der vedr\u00f8rer de \u00e6ldre, jf. retssikkerhedslovens \u00a7 30.<\/h4>\n<h4>Er man fyldt 60 \u00e5r p\u00e5 valgdagen 16. november, har man stemmeret til valget af medlemmer til seniorr\u00e5det i Mors\u00f8 Kommune.<\/h4>\n<h4>Seniorr\u00e5det i Mors\u00f8 Kommune best\u00e5r lige nu af Mejner Nielsen (formand), Gunnar Mogensen, Kirsten Nielsen, Erik Fuglsang og Hanne Haaning.<\/h4>\n<\/blockquote>\n<div dir=\"ltr\">\n<div><\/div>\n<\/div>\n","protected":false},"excerpt":{"rendered":"<p>MORS: Seniorr\u00e5det i Mors\u00f8 Kommune er s\u00e5 sm\u00e5t ved at se frem imod n\u00e6ste valg &#8211; og det er med udsigt til et skifte p\u00e5 formandsposten. Mejner Nielsen har efter tre perioder valgt at tr\u00e6de tilbage, og da ogs\u00e5 Gunnar Mogensen takker af, skal der findes nye til to af de fem pladser i seniorr\u00e5det. [&hellip;]<\/p>\n","protected":false},"author":8,"featured_media":37043,"comment_status":"open","ping_status":"open","sticky":false,"template":"","format":"standard","meta":{"_acf_changed":false,"footnotes":""},"categories":[51],"tags":[167],"class_list":["post-36777","post","type-post","status-publish","format-standard","has-post-thumbnail","hentry","category-lokalt","tag-politik"],"acf":[],"yoast_head":"<!-- This site is optimized with the Yoast SEO plugin v26.8 - https:\/\/yoast.com\/product\/yoast-seo-wordpress\/ -->\n<title>Seniorr\u00e5det skal have ny formand - Mors<\/title>\n<meta name=\"robots\" content=\"index, follow, max-snippet:-1, max-image-preview:large, max-video-preview:-1\" \/>\n<link rel=\"canonical\" href=\"https:\/\/kunmedierne.dk\/mors\/seniorraadet-goer-klar-til-naeste-valg\/\" \/>\n<meta property=\"og:locale\" content=\"da_DK\" \/>\n<meta property=\"og:type\" content=\"article\" \/>\n<meta property=\"og:title\" content=\"Seniorr\u00e5det skal have ny formand - Mors\" \/>\n<meta property=\"og:description\" content=\"MORS: Seniorr\u00e5det i Mors\u00f8 Kommune er s\u00e5 sm\u00e5t ved at se frem imod n\u00e6ste valg &#8211; og det er med udsigt til et skifte p\u00e5 formandsposten. Mejner Nielsen har efter tre perioder valgt at tr\u00e6de tilbage, og da ogs\u00e5 Gunnar Mogensen takker af, skal der findes nye til to af de fem pladser i seniorr\u00e5det. [&hellip;]\" \/>\n<meta property=\"og:url\" content=\"https:\/\/kunmedierne.dk\/mors\/seniorraadet-goer-klar-til-naeste-valg\/\" \/>\n<meta property=\"og:site_name\" content=\"Mors\" \/>\n<meta property=\"article:published_time\" content=\"2020-12-20T05:16:07+00:00\" \/>\n<meta property=\"article:modified_time\" content=\"2024-08-12T11:38:05+00:00\" \/>\n<meta property=\"og:image\" content=\"https:\/\/kunmedierne.dk\/mors\/wp-content\/uploads\/2020\/12\/201219-mejner-nielsen.jpg\" \/>\n\t<meta property=\"og:image:width\" content=\"770\" \/>\n\t<meta property=\"og:image:height\" content=\"513\" \/>\n\t<meta property=\"og:image:type\" content=\"image\/jpeg\" \/>\n<meta name=\"author\" content=\"David H\u00f8jmark\" \/>\n<meta name=\"twitter:card\" content=\"summary_large_image\" \/>\n<meta name=\"twitter:label1\" content=\"Skrevet af\" \/>\n\t<meta name=\"twitter:data1\" content=\"David H\u00f8jmark\" \/>\n\t<meta name=\"twitter:label2\" content=\"Estimeret l\u00e6setid\" \/>\n\t<meta name=\"twitter:data2\" content=\"2 minutter\" \/>\n<script type=\"application\/ld+json\" class=\"yoast-schema-graph\">{\"@context\":\"https:\/\/schema.org\",\"@graph\":[{\"@type\":\"Article\",\"@id\":\"https:\/\/kunmedierne.dk\/mors\/seniorraadet-goer-klar-til-naeste-valg\/#article\",\"isPartOf\":{\"@id\":\"https:\/\/kunmedierne.dk\/mors\/seniorraadet-goer-klar-til-naeste-valg\/\"},\"author\":{\"name\":\"David H\u00f8jmark\",\"@id\":\"https:\/\/kunmedierne.dk\/mors\/#\/schema\/person\/5fe23251bf1d0abbcdc6f7896579d548\"},\"headline\":\"Seniorr\u00e5det skal have ny formand\",\"datePublished\":\"2020-12-20T05:16:07+00:00\",\"dateModified\":\"2024-08-12T11:38:05+00:00\",\"mainEntityOfPage\":{\"@id\":\"https:\/\/kunmedierne.dk\/mors\/seniorraadet-goer-klar-til-naeste-valg\/\"},\"wordCount\":439,\"commentCount\":0,\"publisher\":{\"@id\":\"https:\/\/kunmedierne.dk\/mors\/#organization\"},\"image\":{\"@id\":\"https:\/\/kunmedierne.dk\/mors\/seniorraadet-goer-klar-til-naeste-valg\/#primaryimage\"},\"thumbnailUrl\":\"https:\/\/kunmedierne.dk\/mors\/wp-content\/uploads\/2020\/12\/201219-mejner-nielsen.jpg\",\"keywords\":[\"Politik\"],\"articleSection\":[\"Lokalt\"],\"inLanguage\":\"da-DK\",\"potentialAction\":[{\"@type\":\"CommentAction\",\"name\":\"Comment\",\"target\":[\"https:\/\/kunmedierne.dk\/mors\/seniorraadet-goer-klar-til-naeste-valg\/#respond\"]}]},{\"@type\":\"WebPage\",\"@id\":\"https:\/\/kunmedierne.dk\/mors\/seniorraadet-goer-klar-til-naeste-valg\/\",\"url\":\"https:\/\/kunmedierne.dk\/mors\/seniorraadet-goer-klar-til-naeste-valg\/\",\"name\":\"Seniorr\u00e5det skal have ny formand - Mors\",\"isPartOf\":{\"@id\":\"https:\/\/kunmedierne.dk\/mors\/#website\"},\"primaryImageOfPage\":{\"@id\":\"https:\/\/kunmedierne.dk\/mors\/seniorraadet-goer-klar-til-naeste-valg\/#primaryimage\"},\"image\":{\"@id\":\"https:\/\/kunmedierne.dk\/mors\/seniorraadet-goer-klar-til-naeste-valg\/#primaryimage\"},\"thumbnailUrl\":\"https:\/\/kunmedierne.dk\/mors\/wp-content\/uploads\/2020\/12\/201219-mejner-nielsen.jpg\",\"datePublished\":\"2020-12-20T05:16:07+00:00\",\"dateModified\":\"2024-08-12T11:38:05+00:00\",\"breadcrumb\":{\"@id\":\"https:\/\/kunmedierne.dk\/mors\/seniorraadet-goer-klar-til-naeste-valg\/#breadcrumb\"},\"inLanguage\":\"da-DK\",\"potentialAction\":[{\"@type\":\"ReadAction\",\"target\":[\"https:\/\/kunmedierne.dk\/mors\/seniorraadet-goer-klar-til-naeste-valg\/\"]}]},{\"@type\":\"ImageObject\",\"inLanguage\":\"da-DK\",\"@id\":\"https:\/\/kunmedierne.dk\/mors\/seniorraadet-goer-klar-til-naeste-valg\/#primaryimage\",\"url\":\"https:\/\/kunmedierne.dk\/mors\/wp-content\/uploads\/2020\/12\/201219-mejner-nielsen.jpg\",\"contentUrl\":\"https:\/\/kunmedierne.dk\/mors\/wp-content\/uploads\/2020\/12\/201219-mejner-nielsen.jpg\",\"width\":770,\"height\":513,\"caption\":\"Formand Mejner Nielsen er i gang med sin sidste periode i det lokale seniorr\u00e5d. Foto: Mors\u00f8 Kommune\"},{\"@type\":\"BreadcrumbList\",\"@id\":\"https:\/\/kunmedierne.dk\/mors\/seniorraadet-goer-klar-til-naeste-valg\/#breadcrumb\",\"itemListElement\":[{\"@type\":\"ListItem\",\"position\":1,\"name\":\"Hjem\",\"item\":\"https:\/\/kunmedierne.dk\/mors\/\"},{\"@type\":\"ListItem\",\"position\":2,\"name\":\"Seniorr\u00e5det skal have ny formand\"}]},{\"@type\":\"WebSite\",\"@id\":\"https:\/\/kunmedierne.dk\/mors\/#website\",\"url\":\"https:\/\/kunmedierne.dk\/mors\/\",\"name\":\"Mors\",\"description\":\"et netmedie med journalistik om livet p\u00e5 Mors\",\"publisher\":{\"@id\":\"https:\/\/kunmedierne.dk\/mors\/#organization\"},\"potentialAction\":[{\"@type\":\"SearchAction\",\"target\":{\"@type\":\"EntryPoint\",\"urlTemplate\":\"https:\/\/kunmedierne.dk\/mors\/?s={search_term_string}\"},\"query-input\":{\"@type\":\"PropertyValueSpecification\",\"valueRequired\":true,\"valueName\":\"search_term_string\"}}],\"inLanguage\":\"da-DK\"},{\"@type\":\"Organization\",\"@id\":\"https:\/\/kunmedierne.dk\/mors\/#organization\",\"name\":\"Mors\",\"url\":\"https:\/\/kunmedierne.dk\/mors\/\",\"logo\":{\"@type\":\"ImageObject\",\"inLanguage\":\"da-DK\",\"@id\":\"https:\/\/kunmedierne.dk\/mors\/#\/schema\/logo\/image\/\",\"url\":\"https:\/\/kunmedierne.dk\/mors\/wp-content\/uploads\/2024\/08\/kunmors-logo.svg\",\"contentUrl\":\"https:\/\/kunmedierne.dk\/mors\/wp-content\/uploads\/2024\/08\/kunmors-logo.svg\",\"caption\":\"Mors\"},\"image\":{\"@id\":\"https:\/\/kunmedierne.dk\/mors\/#\/schema\/logo\/image\/\"}},{\"@type\":\"Person\",\"@id\":\"https:\/\/kunmedierne.dk\/mors\/#\/schema\/person\/5fe23251bf1d0abbcdc6f7896579d548\",\"name\":\"David H\u00f8jmark\",\"image\":{\"@type\":\"ImageObject\",\"inLanguage\":\"da-DK\",\"@id\":\"https:\/\/kunmedierne.dk\/mors\/#\/schema\/person\/image\/\",\"url\":\"https:\/\/secure.gravatar.com\/avatar\/4315d6fb9ef244d729989f5f90268eb08d5bf8a3d84402f595fa194bb35784fd?s=96&d=mm&r=g\",\"contentUrl\":\"https:\/\/secure.gravatar.com\/avatar\/4315d6fb9ef244d729989f5f90268eb08d5bf8a3d84402f595fa194bb35784fd?s=96&d=mm&r=g\",\"caption\":\"David H\u00f8jmark\"},\"sameAs\":[\"https:\/\/www.kunmedierne.dk\"],\"url\":\"https:\/\/kunmedierne.dk\/mors\/author\/david\/\"}]}<\/script>\n<!-- \/ Yoast SEO plugin. -->","yoast_head_json":{"title":"Seniorr\u00e5det skal have ny formand - Mors","robots":{"index":"index","follow":"follow","max-snippet":"max-snippet:-1","max-image-preview":"max-image-preview:large","max-video-preview":"max-video-preview:-1"},"canonical":"https:\/\/kunmedierne.dk\/mors\/seniorraadet-goer-klar-til-naeste-valg\/","og_locale":"da_DK","og_type":"article","og_title":"Seniorr\u00e5det skal have ny formand - Mors","og_description":"MORS: Seniorr\u00e5det i Mors\u00f8 Kommune er s\u00e5 sm\u00e5t ved at se frem imod n\u00e6ste valg &#8211; og det er med udsigt til et skifte p\u00e5 formandsposten. Mejner Nielsen har efter tre perioder valgt at tr\u00e6de tilbage, og da ogs\u00e5 Gunnar Mogensen takker af, skal der findes nye til to af de fem pladser i seniorr\u00e5det. [&hellip;]","og_url":"https:\/\/kunmedierne.dk\/mors\/seniorraadet-goer-klar-til-naeste-valg\/","og_site_name":"Mors","article_published_time":"2020-12-20T05:16:07+00:00","article_modified_time":"2024-08-12T11:38:05+00:00","og_image":[{"width":770,"height":513,"url":"https:\/\/kunmedierne.dk\/mors\/wp-content\/uploads\/2020\/12\/201219-mejner-nielsen.jpg","type":"image\/jpeg"}],"author":"David H\u00f8jmark","twitter_card":"summary_large_image","twitter_misc":{"Skrevet af":"David H\u00f8jmark","Estimeret l\u00e6setid":"2 minutter"},"schema":{"@context":"https:\/\/schema.org","@graph":[{"@type":"Article","@id":"https:\/\/kunmedierne.dk\/mors\/seniorraadet-goer-klar-til-naeste-valg\/#article","isPartOf":{"@id":"https:\/\/kunmedierne.dk\/mors\/seniorraadet-goer-klar-til-naeste-valg\/"},"author":{"name":"David H\u00f8jmark","@id":"https:\/\/kunmedierne.dk\/mors\/#\/schema\/person\/5fe23251bf1d0abbcdc6f7896579d548"},"headline":"Seniorr\u00e5det skal have ny formand","datePublished":"2020-12-20T05:16:07+00:00","dateModified":"2024-08-12T11:38:05+00:00","mainEntityOfPage":{"@id":"https:\/\/kunmedierne.dk\/mors\/seniorraadet-goer-klar-til-naeste-valg\/"},"wordCount":439,"commentCount":0,"publisher":{"@id":"https:\/\/kunmedierne.dk\/mors\/#organization"},"image":{"@id":"https:\/\/kunmedierne.dk\/mors\/seniorraadet-goer-klar-til-naeste-valg\/#primaryimage"},"thumbnailUrl":"https:\/\/kunmedierne.dk\/mors\/wp-content\/uploads\/2020\/12\/201219-mejner-nielsen.jpg","keywords":["Politik"],"articleSection":["Lokalt"],"inLanguage":"da-DK","potentialAction":[{"@type":"CommentAction","name":"Comment","target":["https:\/\/kunmedierne.dk\/mors\/seniorraadet-goer-klar-til-naeste-valg\/#respond"]}]},{"@type":"WebPage","@id":"https:\/\/kunmedierne.dk\/mors\/seniorraadet-goer-klar-til-naeste-valg\/","url":"https:\/\/kunmedierne.dk\/mors\/seniorraadet-goer-klar-til-naeste-valg\/","name":"Seniorr\u00e5det skal have ny formand - Mors","isPartOf":{"@id":"https:\/\/kunmedierne.dk\/mors\/#website"},"primaryImageOfPage":{"@id":"https:\/\/kunmedierne.dk\/mors\/seniorraadet-goer-klar-til-naeste-valg\/#primaryimage"},"image":{"@id":"https:\/\/kunmedierne.dk\/mors\/seniorraadet-goer-klar-til-naeste-valg\/#primaryimage"},"thumbnailUrl":"https:\/\/kunmedierne.dk\/mors\/wp-content\/uploads\/2020\/12\/201219-mejner-nielsen.jpg","datePublished":"2020-12-20T05:16:07+00:00","dateModified":"2024-08-12T11:38:05+00:00","breadcrumb":{"@id":"https:\/\/kunmedierne.dk\/mors\/seniorraadet-goer-klar-til-naeste-valg\/#breadcrumb"},"inLanguage":"da-DK","potentialAction":[{"@type":"ReadAction","target":["https:\/\/kunmedierne.dk\/mors\/seniorraadet-goer-klar-til-naeste-valg\/"]}]},{"@type":"ImageObject","inLanguage":"da-DK","@id":"https:\/\/kunmedierne.dk\/mors\/seniorraadet-goer-klar-til-naeste-valg\/#primaryimage","url":"https:\/\/kunmedierne.dk\/mors\/wp-content\/uploads\/2020\/12\/201219-mejner-nielsen.jpg","contentUrl":"https:\/\/kunmedierne.dk\/mors\/wp-content\/uploads\/2020\/12\/201219-mejner-nielsen.jpg","width":770,"height":513,"caption":"Formand Mejner Nielsen er i gang med sin sidste periode i det lokale seniorr\u00e5d. Foto: Mors\u00f8 Kommune"},{"@type":"BreadcrumbList","@id":"https:\/\/kunmedierne.dk\/mors\/seniorraadet-goer-klar-til-naeste-valg\/#breadcrumb","itemListElement":[{"@type":"ListItem","position":1,"name":"Hjem","item":"https:\/\/kunmedierne.dk\/mors\/"},{"@type":"ListItem","position":2,"name":"Seniorr\u00e5det skal have ny formand"}]},{"@type":"WebSite","@id":"https:\/\/kunmedierne.dk\/mors\/#website","url":"https:\/\/kunmedierne.dk\/mors\/","name":"Mors","description":"et netmedie med journalistik om livet p\u00e5 Mors","publisher":{"@id":"https:\/\/kunmedierne.dk\/mors\/#organization"},"potentialAction":[{"@type":"SearchAction","target":{"@type":"EntryPoint","urlTemplate":"https:\/\/kunmedierne.dk\/mors\/?s={search_term_string}"},"query-input":{"@type":"PropertyValueSpecification","valueRequired":true,"valueName":"search_term_string"}}],"inLanguage":"da-DK"},{"@type":"Organization","@id":"https:\/\/kunmedierne.dk\/mors\/#organization","name":"Mors","url":"https:\/\/kunmedierne.dk\/mors\/","logo":{"@type":"ImageObject","inLanguage":"da-DK","@id":"https:\/\/kunmedierne.dk\/mors\/#\/schema\/logo\/image\/","url":"https:\/\/kunmedierne.dk\/mors\/wp-content\/uploads\/2024\/08\/kunmors-logo.svg","contentUrl":"https:\/\/kunmedierne.dk\/mors\/wp-content\/uploads\/2024\/08\/kunmors-logo.svg","caption":"Mors"},"image":{"@id":"https:\/\/kunmedierne.dk\/mors\/#\/schema\/logo\/image\/"}},{"@type":"Person","@id":"https:\/\/kunmedierne.dk\/mors\/#\/schema\/person\/5fe23251bf1d0abbcdc6f7896579d548","name":"David H\u00f8jmark","image":{"@type":"ImageObject","inLanguage":"da-DK","@id":"https:\/\/kunmedierne.dk\/mors\/#\/schema\/person\/image\/","url":"https:\/\/secure.gravatar.com\/avatar\/4315d6fb9ef244d729989f5f90268eb08d5bf8a3d84402f595fa194bb35784fd?s=96&d=mm&r=g","contentUrl":"https:\/\/secure.gravatar.com\/avatar\/4315d6fb9ef244d729989f5f90268eb08d5bf8a3d84402f595fa194bb35784fd?s=96&d=mm&r=g","caption":"David H\u00f8jmark"},"sameAs":["https:\/\/www.kunmedierne.dk"],"url":"https:\/\/kunmedierne.dk\/mors\/author\/david\/"}]}},"_links":{"self":[{"href":"https:\/\/kunmedierne.dk\/mors\/wp-json\/wp\/v2\/posts\/36777","targetHints":{"allow":["GET"]}}],"collection":[{"href":"https:\/\/kunmedierne.dk\/mors\/wp-json\/wp\/v2\/posts"}],"about":[{"href":"https:\/\/kunmedierne.dk\/mors\/wp-json\/wp\/v2\/types\/post"}],"author":[{"embeddable":true,"href":"https:\/\/kunmedierne.dk\/mors\/wp-json\/wp\/v2\/users\/8"}],"replies":[{"embeddable":true,"href":"https:\/\/kunmedierne.dk\/mors\/wp-json\/wp\/v2\/comments?post=36777"}],"version-history":[{"count":8,"href":"https:\/\/kunmedierne.dk\/mors\/wp-json\/wp\/v2\/posts\/36777\/revisions"}],"predecessor-version":[{"id":37059,"href":"https:\/\/kunmedierne.dk\/mors\/wp-json\/wp\/v2\/posts\/36777\/revisions\/37059"}],"wp:featuredmedia":[{"embeddable":true,"href":"https:\/\/kunmedierne.dk\/mors\/wp-json\/wp\/v2\/media\/37043"}],"wp:attachment":[{"href":"https:\/\/kunmedierne.dk\/mors\/wp-json\/wp\/v2\/media?parent=36777"}],"wp:term":[{"taxonomy":"category","embeddable":true,"href":"https:\/\/kunmedierne.dk\/mors\/wp-json\/wp\/v2\/categories?post=36777"},{"taxonomy":"post_tag","embeddable":true,"href":"https:\/\/kunmedierne.dk\/mors\/wp-json\/wp\/v2\/tags?post=36777"}],"curies":[{"name":"wp","href":"https:\/\/api.w.org\/{rel}","templated":true}]}}