{"id":36707,"date":"2020-12-12T13:47:28","date_gmt":"2020-12-12T12:47:28","guid":{"rendered":"https:\/\/kunmedierne.dk\/mors\/?p=36707"},"modified":"2024-08-12T13:38:07","modified_gmt":"2024-08-12T11:38:07","slug":"ny-erhvervskonsulent-i-morsoe-erhvervsraad","status":"publish","type":"post","link":"https:\/\/kunmedierne.dk\/mors\/ny-erhvervskonsulent-i-morsoe-erhvervsraad\/","title":{"rendered":"Ny erhvervskonsulent i Mors\u00f8 Erhvervsr\u00e5d"},"content":{"rendered":"<p style=\"text-align: center;\"><em>Fra Mors\u00f8 Erhvervsr\u00e5d har vi modtaget:<\/em><\/p>\n<hr \/>\n<p><strong>MORS<\/strong>: Erhvervsr\u00e5det har per 1. januar ansat Flemming Moeslund S\u00f8rensen som ny erhvervskonsulent.<\/p>\n<p class=\"v1MsoNormal\">Flemming er 58 \u00e5r, bosat i Viborg og bringer mange \u00e5rs erfaring fra erhvervsfremme med ind i det nye job. Siden 2011 har han arbejdet med lokal erhvervsudvikling hos henholdsvis Viborgegnens Erhvervsr\u00e5d og Erhvervsr\u00e5det Herning &amp; Ikast\/Brande.<\/p>\n<p class=\"v1MsoNormal\">&#8220;Jeg gl\u00e6der mig rigtig meget til at blive en aktiv del af erhvervsudviklingen p\u00e5 Mors. Mere end 700 virksomhedsbes\u00f8g og 200 iv\u00e6rks\u00e6ttervejledninger har givet mig stor indsigt i behovene hos virksomhederne og iv\u00e6rks\u00e6tterne samt deres m\u00e5de at t\u00e6nke og arbejde med udvikling p\u00e5. Og jeg ser nu frem til at give mit bidrag til dagligdagens opgaver og udfordringer hos den enkelte virksomhed og iv\u00e6rks\u00e6tter p\u00e5 Mors,&#8221; fort\u00e6ller han. <a href=\"https:\/\/vognmand-filtenborg.dk\/\"><img loading=\"lazy\" decoding=\"async\" class=\"alignright size-full wp-image-35525\" src=\"https:\/\/kunmedierne.dk\/mors\/wp-content\/uploads\/2020\/11\/ho1.jpg\" alt=\"\" width=\"1400\" height=\"125\" srcset=\"https:\/\/kunmedierne.dk\/mors\/wp-content\/uploads\/2020\/11\/ho1.jpg 1400w, https:\/\/kunmedierne.dk\/mors\/wp-content\/uploads\/2020\/11\/ho1-300x27.jpg 300w, https:\/\/kunmedierne.dk\/mors\/wp-content\/uploads\/2020\/11\/ho1-1024x91.jpg 1024w, https:\/\/kunmedierne.dk\/mors\/wp-content\/uploads\/2020\/11\/ho1-768x69.jpg 768w, https:\/\/kunmedierne.dk\/mors\/wp-content\/uploads\/2020\/11\/ho1-600x54.jpg 600w\" sizes=\"auto, (max-width: 1400px) 100vw, 1400px\" \/><\/a><\/p>\n<p class=\"v1MsoNormal\">Ogs\u00e5 direkt\u00f8r Tinna Malmborg er glad for at have f\u00e5et Flemming Moeslund S\u00f8rensen med p\u00e5 holdet:<\/p>\n<p class=\"v1MsoNormal\">&#8220;Vi er meget glade for at have en s\u00e5 erfaren erhvervsprofil med p\u00e5 holdet. Flemming vil udover erfaring og viden fra tidligere job, blandt andet kunne bidrage med vejledning indenfor Industri 4.0, gr\u00f8n forretningsudvikling samt eksport. Det vil klart styrke Erhvervsr\u00e5dets indsats over for det lokale erhvervsliv,&#8221; siger hun.<\/p>\n<p class=\"v1MsoNormal\">Med Flemmings ans\u00e6ttelse best\u00e5r holdet hos Mors\u00f8 Erhvervsr\u00e5d fremover af fire ansatte.<\/p>\n<hr \/>\n<p class=\"v1MsoNormal\"><em>Har du eller din virksomhed bidrag til navnesiden p\u00e5 KunMors. Send en e-mail til os p\u00e5: navne@kunmedierne.dk\/mors<\/em><\/p>\n","protected":false},"excerpt":{"rendered":"<p>Fra Mors\u00f8 Erhvervsr\u00e5d har vi modtaget: MORS: Erhvervsr\u00e5det har per 1. januar ansat Flemming Moeslund S\u00f8rensen som ny erhvervskonsulent. Flemming er 58 \u00e5r, bosat i Viborg og bringer mange \u00e5rs erfaring fra erhvervsfremme med ind i det nye job. Siden 2011 har han arbejdet med lokal erhvervsudvikling hos henholdsvis Viborgegnens Erhvervsr\u00e5d og Erhvervsr\u00e5det Herning &amp; [&hellip;]<\/p>\n","protected":false},"author":8,"featured_media":36708,"comment_status":"open","ping_status":"open","sticky":false,"template":"","format":"standard","meta":{"_acf_changed":false,"footnotes":""},"categories":[52],"tags":[159],"class_list":["post-36707","post","type-post","status-publish","format-standard","has-post-thumbnail","hentry","category-navne","tag-erhverv"],"acf":[],"yoast_head":"<!-- This site is optimized with the Yoast SEO plugin v26.8 - https:\/\/yoast.com\/product\/yoast-seo-wordpress\/ -->\n<title>Ny erhvervskonsulent i Mors\u00f8 Erhvervsr\u00e5d - Mors<\/title>\n<meta name=\"robots\" content=\"index, follow, max-snippet:-1, max-image-preview:large, max-video-preview:-1\" \/>\n<link rel=\"canonical\" href=\"https:\/\/kunmedierne.dk\/mors\/ny-erhvervskonsulent-i-morsoe-erhvervsraad\/\" \/>\n<meta property=\"og:locale\" content=\"da_DK\" \/>\n<meta property=\"og:type\" content=\"article\" \/>\n<meta property=\"og:title\" content=\"Ny erhvervskonsulent i Mors\u00f8 Erhvervsr\u00e5d - Mors\" \/>\n<meta property=\"og:description\" content=\"Fra Mors\u00f8 Erhvervsr\u00e5d har vi modtaget: MORS: Erhvervsr\u00e5det har per 1. januar ansat Flemming Moeslund S\u00f8rensen som ny erhvervskonsulent. Flemming er 58 \u00e5r, bosat i Viborg og bringer mange \u00e5rs erfaring fra erhvervsfremme med ind i det nye job. Siden 2011 har han arbejdet med lokal erhvervsudvikling hos henholdsvis Viborgegnens Erhvervsr\u00e5d og Erhvervsr\u00e5det Herning &amp; [&hellip;]\" \/>\n<meta property=\"og:url\" content=\"https:\/\/kunmedierne.dk\/mors\/ny-erhvervskonsulent-i-morsoe-erhvervsraad\/\" \/>\n<meta property=\"og:site_name\" content=\"Mors\" \/>\n<meta property=\"article:published_time\" content=\"2020-12-12T12:47:28+00:00\" \/>\n<meta property=\"article:modified_time\" content=\"2024-08-12T11:38:07+00:00\" \/>\n<meta property=\"og:image\" content=\"https:\/\/kunmedierne.dk\/mors\/wp-content\/uploads\/2020\/12\/Flemming-Moeslund-S\u00f8rensen.jpg\" \/>\n\t<meta property=\"og:image:width\" content=\"770\" \/>\n\t<meta property=\"og:image:height\" content=\"513\" \/>\n\t<meta property=\"og:image:type\" content=\"image\/jpeg\" \/>\n<meta name=\"author\" content=\"David H\u00f8jmark\" \/>\n<meta name=\"twitter:card\" content=\"summary_large_image\" \/>\n<meta name=\"twitter:label1\" content=\"Skrevet af\" \/>\n\t<meta name=\"twitter:data1\" content=\"David H\u00f8jmark\" \/>\n\t<meta name=\"twitter:label2\" content=\"Estimeret l\u00e6setid\" \/>\n\t<meta name=\"twitter:data2\" content=\"1 minut\" \/>\n<script type=\"application\/ld+json\" class=\"yoast-schema-graph\">{\"@context\":\"https:\/\/schema.org\",\"@graph\":[{\"@type\":\"Article\",\"@id\":\"https:\/\/kunmedierne.dk\/mors\/ny-erhvervskonsulent-i-morsoe-erhvervsraad\/#article\",\"isPartOf\":{\"@id\":\"https:\/\/kunmedierne.dk\/mors\/ny-erhvervskonsulent-i-morsoe-erhvervsraad\/\"},\"author\":{\"name\":\"David H\u00f8jmark\",\"@id\":\"https:\/\/kunmedierne.dk\/mors\/#\/schema\/person\/5fe23251bf1d0abbcdc6f7896579d548\"},\"headline\":\"Ny erhvervskonsulent i Mors\u00f8 Erhvervsr\u00e5d\",\"datePublished\":\"2020-12-12T12:47:28+00:00\",\"dateModified\":\"2024-08-12T11:38:07+00:00\",\"mainEntityOfPage\":{\"@id\":\"https:\/\/kunmedierne.dk\/mors\/ny-erhvervskonsulent-i-morsoe-erhvervsraad\/\"},\"wordCount\":246,\"commentCount\":0,\"publisher\":{\"@id\":\"https:\/\/kunmedierne.dk\/mors\/#organization\"},\"image\":{\"@id\":\"https:\/\/kunmedierne.dk\/mors\/ny-erhvervskonsulent-i-morsoe-erhvervsraad\/#primaryimage\"},\"thumbnailUrl\":\"https:\/\/kunmedierne.dk\/mors\/wp-content\/uploads\/2020\/12\/Flemming-Moeslund-S\u00f8rensen.jpg\",\"keywords\":[\"Erhverv\"],\"articleSection\":[\"Navne\"],\"inLanguage\":\"da-DK\",\"potentialAction\":[{\"@type\":\"CommentAction\",\"name\":\"Comment\",\"target\":[\"https:\/\/kunmedierne.dk\/mors\/ny-erhvervskonsulent-i-morsoe-erhvervsraad\/#respond\"]}]},{\"@type\":\"WebPage\",\"@id\":\"https:\/\/kunmedierne.dk\/mors\/ny-erhvervskonsulent-i-morsoe-erhvervsraad\/\",\"url\":\"https:\/\/kunmedierne.dk\/mors\/ny-erhvervskonsulent-i-morsoe-erhvervsraad\/\",\"name\":\"Ny erhvervskonsulent i Mors\u00f8 Erhvervsr\u00e5d - Mors\",\"isPartOf\":{\"@id\":\"https:\/\/kunmedierne.dk\/mors\/#website\"},\"primaryImageOfPage\":{\"@id\":\"https:\/\/kunmedierne.dk\/mors\/ny-erhvervskonsulent-i-morsoe-erhvervsraad\/#primaryimage\"},\"image\":{\"@id\":\"https:\/\/kunmedierne.dk\/mors\/ny-erhvervskonsulent-i-morsoe-erhvervsraad\/#primaryimage\"},\"thumbnailUrl\":\"https:\/\/kunmedierne.dk\/mors\/wp-content\/uploads\/2020\/12\/Flemming-Moeslund-S\u00f8rensen.jpg\",\"datePublished\":\"2020-12-12T12:47:28+00:00\",\"dateModified\":\"2024-08-12T11:38:07+00:00\",\"breadcrumb\":{\"@id\":\"https:\/\/kunmedierne.dk\/mors\/ny-erhvervskonsulent-i-morsoe-erhvervsraad\/#breadcrumb\"},\"inLanguage\":\"da-DK\",\"potentialAction\":[{\"@type\":\"ReadAction\",\"target\":[\"https:\/\/kunmedierne.dk\/mors\/ny-erhvervskonsulent-i-morsoe-erhvervsraad\/\"]}]},{\"@type\":\"ImageObject\",\"inLanguage\":\"da-DK\",\"@id\":\"https:\/\/kunmedierne.dk\/mors\/ny-erhvervskonsulent-i-morsoe-erhvervsraad\/#primaryimage\",\"url\":\"https:\/\/kunmedierne.dk\/mors\/wp-content\/uploads\/2020\/12\/Flemming-Moeslund-S\u00f8rensen.jpg\",\"contentUrl\":\"https:\/\/kunmedierne.dk\/mors\/wp-content\/uploads\/2020\/12\/Flemming-Moeslund-S\u00f8rensen.jpg\",\"width\":770,\"height\":513,\"caption\":\"Flemming Moeslund S\u00f8rensen. Foto: Mors\u00f8 Erhvervsr\u00e5d\"},{\"@type\":\"BreadcrumbList\",\"@id\":\"https:\/\/kunmedierne.dk\/mors\/ny-erhvervskonsulent-i-morsoe-erhvervsraad\/#breadcrumb\",\"itemListElement\":[{\"@type\":\"ListItem\",\"position\":1,\"name\":\"Hjem\",\"item\":\"https:\/\/kunmedierne.dk\/mors\/\"},{\"@type\":\"ListItem\",\"position\":2,\"name\":\"Ny erhvervskonsulent i Mors\u00f8 Erhvervsr\u00e5d\"}]},{\"@type\":\"WebSite\",\"@id\":\"https:\/\/kunmedierne.dk\/mors\/#website\",\"url\":\"https:\/\/kunmedierne.dk\/mors\/\",\"name\":\"Mors\",\"description\":\"et netmedie med journalistik om livet p\u00e5 Mors\",\"publisher\":{\"@id\":\"https:\/\/kunmedierne.dk\/mors\/#organization\"},\"potentialAction\":[{\"@type\":\"SearchAction\",\"target\":{\"@type\":\"EntryPoint\",\"urlTemplate\":\"https:\/\/kunmedierne.dk\/mors\/?s={search_term_string}\"},\"query-input\":{\"@type\":\"PropertyValueSpecification\",\"valueRequired\":true,\"valueName\":\"search_term_string\"}}],\"inLanguage\":\"da-DK\"},{\"@type\":\"Organization\",\"@id\":\"https:\/\/kunmedierne.dk\/mors\/#organization\",\"name\":\"Mors\",\"url\":\"https:\/\/kunmedierne.dk\/mors\/\",\"logo\":{\"@type\":\"ImageObject\",\"inLanguage\":\"da-DK\",\"@id\":\"https:\/\/kunmedierne.dk\/mors\/#\/schema\/logo\/image\/\",\"url\":\"https:\/\/kunmedierne.dk\/mors\/wp-content\/uploads\/2024\/08\/kunmors-logo.svg\",\"contentUrl\":\"https:\/\/kunmedierne.dk\/mors\/wp-content\/uploads\/2024\/08\/kunmors-logo.svg\",\"caption\":\"Mors\"},\"image\":{\"@id\":\"https:\/\/kunmedierne.dk\/mors\/#\/schema\/logo\/image\/\"}},{\"@type\":\"Person\",\"@id\":\"https:\/\/kunmedierne.dk\/mors\/#\/schema\/person\/5fe23251bf1d0abbcdc6f7896579d548\",\"name\":\"David H\u00f8jmark\",\"image\":{\"@type\":\"ImageObject\",\"inLanguage\":\"da-DK\",\"@id\":\"https:\/\/kunmedierne.dk\/mors\/#\/schema\/person\/image\/\",\"url\":\"https:\/\/secure.gravatar.com\/avatar\/4315d6fb9ef244d729989f5f90268eb08d5bf8a3d84402f595fa194bb35784fd?s=96&d=mm&r=g\",\"contentUrl\":\"https:\/\/secure.gravatar.com\/avatar\/4315d6fb9ef244d729989f5f90268eb08d5bf8a3d84402f595fa194bb35784fd?s=96&d=mm&r=g\",\"caption\":\"David H\u00f8jmark\"},\"sameAs\":[\"https:\/\/www.kunmedierne.dk\"],\"url\":\"https:\/\/kunmedierne.dk\/mors\/author\/david\/\"}]}<\/script>\n<!-- \/ Yoast SEO plugin. -->","yoast_head_json":{"title":"Ny erhvervskonsulent i Mors\u00f8 Erhvervsr\u00e5d - Mors","robots":{"index":"index","follow":"follow","max-snippet":"max-snippet:-1","max-image-preview":"max-image-preview:large","max-video-preview":"max-video-preview:-1"},"canonical":"https:\/\/kunmedierne.dk\/mors\/ny-erhvervskonsulent-i-morsoe-erhvervsraad\/","og_locale":"da_DK","og_type":"article","og_title":"Ny erhvervskonsulent i Mors\u00f8 Erhvervsr\u00e5d - Mors","og_description":"Fra Mors\u00f8 Erhvervsr\u00e5d har vi modtaget: MORS: Erhvervsr\u00e5det har per 1. januar ansat Flemming Moeslund S\u00f8rensen som ny erhvervskonsulent. Flemming er 58 \u00e5r, bosat i Viborg og bringer mange \u00e5rs erfaring fra erhvervsfremme med ind i det nye job. Siden 2011 har han arbejdet med lokal erhvervsudvikling hos henholdsvis Viborgegnens Erhvervsr\u00e5d og Erhvervsr\u00e5det Herning &amp; [&hellip;]","og_url":"https:\/\/kunmedierne.dk\/mors\/ny-erhvervskonsulent-i-morsoe-erhvervsraad\/","og_site_name":"Mors","article_published_time":"2020-12-12T12:47:28+00:00","article_modified_time":"2024-08-12T11:38:07+00:00","og_image":[{"width":770,"height":513,"url":"https:\/\/kunmedierne.dk\/mors\/wp-content\/uploads\/2020\/12\/Flemming-Moeslund-S\u00f8rensen.jpg","type":"image\/jpeg"}],"author":"David H\u00f8jmark","twitter_card":"summary_large_image","twitter_misc":{"Skrevet af":"David H\u00f8jmark","Estimeret l\u00e6setid":"1 minut"},"schema":{"@context":"https:\/\/schema.org","@graph":[{"@type":"Article","@id":"https:\/\/kunmedierne.dk\/mors\/ny-erhvervskonsulent-i-morsoe-erhvervsraad\/#article","isPartOf":{"@id":"https:\/\/kunmedierne.dk\/mors\/ny-erhvervskonsulent-i-morsoe-erhvervsraad\/"},"author":{"name":"David H\u00f8jmark","@id":"https:\/\/kunmedierne.dk\/mors\/#\/schema\/person\/5fe23251bf1d0abbcdc6f7896579d548"},"headline":"Ny erhvervskonsulent i Mors\u00f8 Erhvervsr\u00e5d","datePublished":"2020-12-12T12:47:28+00:00","dateModified":"2024-08-12T11:38:07+00:00","mainEntityOfPage":{"@id":"https:\/\/kunmedierne.dk\/mors\/ny-erhvervskonsulent-i-morsoe-erhvervsraad\/"},"wordCount":246,"commentCount":0,"publisher":{"@id":"https:\/\/kunmedierne.dk\/mors\/#organization"},"image":{"@id":"https:\/\/kunmedierne.dk\/mors\/ny-erhvervskonsulent-i-morsoe-erhvervsraad\/#primaryimage"},"thumbnailUrl":"https:\/\/kunmedierne.dk\/mors\/wp-content\/uploads\/2020\/12\/Flemming-Moeslund-S\u00f8rensen.jpg","keywords":["Erhverv"],"articleSection":["Navne"],"inLanguage":"da-DK","potentialAction":[{"@type":"CommentAction","name":"Comment","target":["https:\/\/kunmedierne.dk\/mors\/ny-erhvervskonsulent-i-morsoe-erhvervsraad\/#respond"]}]},{"@type":"WebPage","@id":"https:\/\/kunmedierne.dk\/mors\/ny-erhvervskonsulent-i-morsoe-erhvervsraad\/","url":"https:\/\/kunmedierne.dk\/mors\/ny-erhvervskonsulent-i-morsoe-erhvervsraad\/","name":"Ny erhvervskonsulent i Mors\u00f8 Erhvervsr\u00e5d - Mors","isPartOf":{"@id":"https:\/\/kunmedierne.dk\/mors\/#website"},"primaryImageOfPage":{"@id":"https:\/\/kunmedierne.dk\/mors\/ny-erhvervskonsulent-i-morsoe-erhvervsraad\/#primaryimage"},"image":{"@id":"https:\/\/kunmedierne.dk\/mors\/ny-erhvervskonsulent-i-morsoe-erhvervsraad\/#primaryimage"},"thumbnailUrl":"https:\/\/kunmedierne.dk\/mors\/wp-content\/uploads\/2020\/12\/Flemming-Moeslund-S\u00f8rensen.jpg","datePublished":"2020-12-12T12:47:28+00:00","dateModified":"2024-08-12T11:38:07+00:00","breadcrumb":{"@id":"https:\/\/kunmedierne.dk\/mors\/ny-erhvervskonsulent-i-morsoe-erhvervsraad\/#breadcrumb"},"inLanguage":"da-DK","potentialAction":[{"@type":"ReadAction","target":["https:\/\/kunmedierne.dk\/mors\/ny-erhvervskonsulent-i-morsoe-erhvervsraad\/"]}]},{"@type":"ImageObject","inLanguage":"da-DK","@id":"https:\/\/kunmedierne.dk\/mors\/ny-erhvervskonsulent-i-morsoe-erhvervsraad\/#primaryimage","url":"https:\/\/kunmedierne.dk\/mors\/wp-content\/uploads\/2020\/12\/Flemming-Moeslund-S\u00f8rensen.jpg","contentUrl":"https:\/\/kunmedierne.dk\/mors\/wp-content\/uploads\/2020\/12\/Flemming-Moeslund-S\u00f8rensen.jpg","width":770,"height":513,"caption":"Flemming Moeslund S\u00f8rensen. Foto: Mors\u00f8 Erhvervsr\u00e5d"},{"@type":"BreadcrumbList","@id":"https:\/\/kunmedierne.dk\/mors\/ny-erhvervskonsulent-i-morsoe-erhvervsraad\/#breadcrumb","itemListElement":[{"@type":"ListItem","position":1,"name":"Hjem","item":"https:\/\/kunmedierne.dk\/mors\/"},{"@type":"ListItem","position":2,"name":"Ny erhvervskonsulent i Mors\u00f8 Erhvervsr\u00e5d"}]},{"@type":"WebSite","@id":"https:\/\/kunmedierne.dk\/mors\/#website","url":"https:\/\/kunmedierne.dk\/mors\/","name":"Mors","description":"et netmedie med journalistik om livet p\u00e5 Mors","publisher":{"@id":"https:\/\/kunmedierne.dk\/mors\/#organization"},"potentialAction":[{"@type":"SearchAction","target":{"@type":"EntryPoint","urlTemplate":"https:\/\/kunmedierne.dk\/mors\/?s={search_term_string}"},"query-input":{"@type":"PropertyValueSpecification","valueRequired":true,"valueName":"search_term_string"}}],"inLanguage":"da-DK"},{"@type":"Organization","@id":"https:\/\/kunmedierne.dk\/mors\/#organization","name":"Mors","url":"https:\/\/kunmedierne.dk\/mors\/","logo":{"@type":"ImageObject","inLanguage":"da-DK","@id":"https:\/\/kunmedierne.dk\/mors\/#\/schema\/logo\/image\/","url":"https:\/\/kunmedierne.dk\/mors\/wp-content\/uploads\/2024\/08\/kunmors-logo.svg","contentUrl":"https:\/\/kunmedierne.dk\/mors\/wp-content\/uploads\/2024\/08\/kunmors-logo.svg","caption":"Mors"},"image":{"@id":"https:\/\/kunmedierne.dk\/mors\/#\/schema\/logo\/image\/"}},{"@type":"Person","@id":"https:\/\/kunmedierne.dk\/mors\/#\/schema\/person\/5fe23251bf1d0abbcdc6f7896579d548","name":"David H\u00f8jmark","image":{"@type":"ImageObject","inLanguage":"da-DK","@id":"https:\/\/kunmedierne.dk\/mors\/#\/schema\/person\/image\/","url":"https:\/\/secure.gravatar.com\/avatar\/4315d6fb9ef244d729989f5f90268eb08d5bf8a3d84402f595fa194bb35784fd?s=96&d=mm&r=g","contentUrl":"https:\/\/secure.gravatar.com\/avatar\/4315d6fb9ef244d729989f5f90268eb08d5bf8a3d84402f595fa194bb35784fd?s=96&d=mm&r=g","caption":"David H\u00f8jmark"},"sameAs":["https:\/\/www.kunmedierne.dk"],"url":"https:\/\/kunmedierne.dk\/mors\/author\/david\/"}]}},"_links":{"self":[{"href":"https:\/\/kunmedierne.dk\/mors\/wp-json\/wp\/v2\/posts\/36707","targetHints":{"allow":["GET"]}}],"collection":[{"href":"https:\/\/kunmedierne.dk\/mors\/wp-json\/wp\/v2\/posts"}],"about":[{"href":"https:\/\/kunmedierne.dk\/mors\/wp-json\/wp\/v2\/types\/post"}],"author":[{"embeddable":true,"href":"https:\/\/kunmedierne.dk\/mors\/wp-json\/wp\/v2\/users\/8"}],"replies":[{"embeddable":true,"href":"https:\/\/kunmedierne.dk\/mors\/wp-json\/wp\/v2\/comments?post=36707"}],"version-history":[{"count":2,"href":"https:\/\/kunmedierne.dk\/mors\/wp-json\/wp\/v2\/posts\/36707\/revisions"}],"predecessor-version":[{"id":36710,"href":"https:\/\/kunmedierne.dk\/mors\/wp-json\/wp\/v2\/posts\/36707\/revisions\/36710"}],"wp:featuredmedia":[{"embeddable":true,"href":"https:\/\/kunmedierne.dk\/mors\/wp-json\/wp\/v2\/media\/36708"}],"wp:attachment":[{"href":"https:\/\/kunmedierne.dk\/mors\/wp-json\/wp\/v2\/media?parent=36707"}],"wp:term":[{"taxonomy":"category","embeddable":true,"href":"https:\/\/kunmedierne.dk\/mors\/wp-json\/wp\/v2\/categories?post=36707"},{"taxonomy":"post_tag","embeddable":true,"href":"https:\/\/kunmedierne.dk\/mors\/wp-json\/wp\/v2\/tags?post=36707"}],"curies":[{"name":"wp","href":"https:\/\/api.w.org\/{rel}","templated":true}]}}