{"id":36220,"date":"2020-12-03T10:30:34","date_gmt":"2020-12-03T09:30:34","guid":{"rendered":"https:\/\/kunmedierne.dk\/mors\/?p=36220"},"modified":"2024-08-12T13:38:10","modified_gmt":"2024-08-12T11:38:10","slug":"nye-medarbejdere-ansat-hos-destination-limfjorden","status":"publish","type":"post","link":"https:\/\/kunmedierne.dk\/mors\/nye-medarbejdere-ansat-hos-destination-limfjorden\/","title":{"rendered":"Nye medarbejdere ansat hos Destination Limfjorden"},"content":{"rendered":"<p style=\"text-align: center;\"><em>Fra Destination Limfjorden har vi modtaget:<\/em><\/p>\n<hr \/>\n<p><strong>MORS<\/strong>:\u00a0Destination Limfjorden, som er turismesamarbejdet mellem Struer, Skive og Mors\u00f8 kommuner, har nu ansat destinationens fjerde og femte medarbejder.<\/p>\n<p class=\"v1MsoNormal\">Der har v\u00e6ret stor interesse for at arbejde med udvikling i Destination Limfjorden, og for at styrke teamet har vi udvidet med to nye sp\u00e6ndende kompetencer.<\/p>\n<p class=\"v1MsoNormal\">Bo Bredal Immersen, der har erfaringer med sig fra bl.a. Visit Nordjylland og Nationalpark Thy. Bo startede hos Destination Limfjorden den 5. oktober, og har ved siden af jobbet hos Destination Limfjorden virksomheden Thybo &amp; co., der hj\u00e6lper virksomheder med at mindske deres klimaaftryk og milj\u00f8belastning.<\/p>\n<p class=\"v1MsoNormal\">&#8220;Bos store viden om b\u00e6redygtighed og turisme vil v\u00e6re en rigtig stor og vigtig kompetence for Destination Limfjorden. Udover hans viden om b\u00e6redygtighed har han stor erfaring med projektledelse og -styring, fundraising og netv\u00e6rkskoordinering,&#8221; fort\u00e6ller Kristina Lehmann Schj\u00f8tt, direkt\u00f8r for Destination Limfjorden. <a href=\"http:\/\/www.limfjordsteatret.dk\/#front\"><img loading=\"lazy\" decoding=\"async\" class=\"alignright size-full wp-image-35527\" src=\"https:\/\/kunmedierne.dk\/mors\/wp-content\/uploads\/2020\/11\/ho3.jpg\" alt=\"\" width=\"1400\" height=\"125\" srcset=\"https:\/\/kunmedierne.dk\/mors\/wp-content\/uploads\/2020\/11\/ho3.jpg 1400w, https:\/\/kunmedierne.dk\/mors\/wp-content\/uploads\/2020\/11\/ho3-300x27.jpg 300w, https:\/\/kunmedierne.dk\/mors\/wp-content\/uploads\/2020\/11\/ho3-1024x91.jpg 1024w, https:\/\/kunmedierne.dk\/mors\/wp-content\/uploads\/2020\/11\/ho3-768x69.jpg 768w, https:\/\/kunmedierne.dk\/mors\/wp-content\/uploads\/2020\/11\/ho3-600x54.jpg 600w\" sizes=\"auto, (max-width: 1400px) 100vw, 1400px\" \/><\/a><\/p>\n<p class=\"v1MsoNormal\">Som projektleder skal Bo v\u00e6re med til at fremme v\u00e6ksten hos Destination Limfjordens turismeerhverv samt videreudvikle allerede s\u00f8satte projekter.<\/p>\n<p class=\"v1MsoNormal\">&#8220;Limfjorden er noget s\u00e6rligt for mig. Jeg nyder den hver dag fra mit k\u00f8kkenvindue, hvor jeg ogs\u00e5 kan se Hanklit, som konstant \u00e6ndrer udtryk alt efter vejr og \u00e5rstid. Jeg gl\u00e6der mig til at komme i gang med at bidrage til Destination Limfjordens udvikling inden for is\u00e6r outdoor og b\u00e6redygtighed, hvor jeg har nogle s\u00e6rlige styrker&#8221;, fort\u00e6ller Bo Bredel Immersen.<\/p>\n<p class=\"v1MsoNormal\">Seneste skud p\u00e5 stammen er Charlotte Danefeld, der netop er tiltr\u00e5dt Destination Limfjorden. Charlotte kommer med en bred erfaring fra arbejdet i sp\u00e6ndingsfeltet imellem kultur- og oplevelsesindustrien. Derudover har Charlotte en stor erfaring med bl.a. f\u00f8devarenetv\u00e6rk, som er en af Destination Limfjordens indsatsomr\u00e5der.<\/p>\n<p class=\"v1MsoNormal\">&#8220;Charlotte er et kendt ansigt p\u00e5 is\u00e6r Skiveegnen, og kan udover lokal viden ogs\u00e5 bidrage med stor erfaring inden for kommunikation, projektledelse, markedsf\u00f8ring og udvikling. Med de seneste to ans\u00e6ttelser har vi nu et st\u00e6rkt team, der skal bidrage til udviklingen af turismeerhvervet i de tre kommuner. Charlotte skal sidde med udviklingsdelen af turismeindsatsen, herunder til en start udviklingen af Destination Limfjords g\u00e6steservicekoncept&#8221;, fort\u00e6ller Kristina Lehmann Schj\u00f8tt. <a href=\"https:\/\/www.fmspks.dk\/\"><img loading=\"lazy\" decoding=\"async\" class=\"alignright size-full wp-image-35528\" src=\"https:\/\/kunmedierne.dk\/mors\/wp-content\/uploads\/2020\/11\/ho4.jpg\" alt=\"\" width=\"1400\" height=\"125\" srcset=\"https:\/\/kunmedierne.dk\/mors\/wp-content\/uploads\/2020\/11\/ho4.jpg 1400w, https:\/\/kunmedierne.dk\/mors\/wp-content\/uploads\/2020\/11\/ho4-300x27.jpg 300w, https:\/\/kunmedierne.dk\/mors\/wp-content\/uploads\/2020\/11\/ho4-1024x91.jpg 1024w, https:\/\/kunmedierne.dk\/mors\/wp-content\/uploads\/2020\/11\/ho4-768x69.jpg 768w, https:\/\/kunmedierne.dk\/mors\/wp-content\/uploads\/2020\/11\/ho4-600x54.jpg 600w\" sizes=\"auto, (max-width: 1400px) 100vw, 1400px\" \/><\/a><\/p>\n<p class=\"v1MsoNormal\">&#8220;Jeg har v\u00e6ret turist p\u00e5 min egen egn altid og elsker den helt unikke natur, vi har, is\u00e6r langs vores lange kyststr\u00e6kning. Vi har mange skjulte perler, som selv for os lokale kan v\u00e6re hemmelige og gemte. Jeg gl\u00e6der mig utroligt meget til at v\u00e6re med til at l\u00f8fte vores perler frem i lyset, s\u00e5 alle, b\u00e5de lokale og nationale g\u00e6ster, f\u00e5r det fulde overblik over unikke oplevelser i Destination Limfjorden. Det er ogs\u00e5 en personlig gl\u00e6de fortsat at kunne byde ind med mine kompetencer til egnens udvikling, som har v\u00e6ret omdrejningspunktet for mit engagement i mit arbejdsliv de sidste 10 \u00e5r,&#8221; siger Charlotte Danefeld.<\/p>\n<hr \/>\n<p class=\"v1MsoNormal\"><em>Har du eller din virksomhed bidrag til navnesiden p\u00e5 KunMors. Send en e-mail til os p\u00e5: navne@kunmedierne.dk\/mors<\/em><\/p>\n","protected":false},"excerpt":{"rendered":"<p>Fra Destination Limfjorden har vi modtaget: MORS:\u00a0Destination Limfjorden, som er turismesamarbejdet mellem Struer, Skive og Mors\u00f8 kommuner, har nu ansat destinationens fjerde og femte medarbejder. Der har v\u00e6ret stor interesse for at arbejde med udvikling i Destination Limfjorden, og for at styrke teamet har vi udvidet med to nye sp\u00e6ndende kompetencer. Bo Bredal Immersen, der [&hellip;]<\/p>\n","protected":false},"author":264,"featured_media":36223,"comment_status":"open","ping_status":"open","sticky":false,"template":"","format":"standard","meta":{"_acf_changed":false,"footnotes":""},"categories":[52],"tags":[171],"class_list":["post-36220","post","type-post","status-publish","format-standard","has-post-thumbnail","hentry","category-navne","tag-turisme"],"acf":[],"yoast_head":"<!-- This site is optimized with the Yoast SEO plugin v26.8 - https:\/\/yoast.com\/product\/yoast-seo-wordpress\/ -->\n<title>Nye medarbejdere ansat hos Destination Limfjorden - Mors<\/title>\n<meta name=\"robots\" content=\"index, follow, max-snippet:-1, max-image-preview:large, max-video-preview:-1\" \/>\n<link rel=\"canonical\" href=\"https:\/\/kunmedierne.dk\/mors\/nye-medarbejdere-ansat-hos-destination-limfjorden\/\" \/>\n<meta property=\"og:locale\" content=\"da_DK\" \/>\n<meta property=\"og:type\" content=\"article\" \/>\n<meta property=\"og:title\" content=\"Nye medarbejdere ansat hos Destination Limfjorden - Mors\" \/>\n<meta property=\"og:description\" content=\"Fra Destination Limfjorden har vi modtaget: MORS:\u00a0Destination Limfjorden, som er turismesamarbejdet mellem Struer, Skive og Mors\u00f8 kommuner, har nu ansat destinationens fjerde og femte medarbejder. Der har v\u00e6ret stor interesse for at arbejde med udvikling i Destination Limfjorden, og for at styrke teamet har vi udvidet med to nye sp\u00e6ndende kompetencer. Bo Bredal Immersen, der [&hellip;]\" \/>\n<meta property=\"og:url\" content=\"https:\/\/kunmedierne.dk\/mors\/nye-medarbejdere-ansat-hos-destination-limfjorden\/\" \/>\n<meta property=\"og:site_name\" content=\"Mors\" \/>\n<meta property=\"article:published_time\" content=\"2020-12-03T09:30:34+00:00\" \/>\n<meta property=\"article:modified_time\" content=\"2024-08-12T11:38:10+00:00\" \/>\n<meta property=\"og:image\" content=\"https:\/\/kunmedierne.dk\/mors\/wp-content\/uploads\/2020\/12\/dest-limfjorden-navne.png\" \/>\n\t<meta property=\"og:image:width\" content=\"770\" \/>\n\t<meta property=\"og:image:height\" content=\"513\" \/>\n\t<meta property=\"og:image:type\" content=\"image\/png\" \/>\n<meta name=\"author\" content=\"Navne\" \/>\n<meta name=\"twitter:card\" content=\"summary_large_image\" \/>\n<meta name=\"twitter:label1\" content=\"Skrevet af\" \/>\n\t<meta name=\"twitter:data1\" content=\"Navne\" \/>\n\t<meta name=\"twitter:label2\" content=\"Estimeret l\u00e6setid\" \/>\n\t<meta name=\"twitter:data2\" content=\"2 minutter\" \/>\n<script type=\"application\/ld+json\" class=\"yoast-schema-graph\">{\"@context\":\"https:\/\/schema.org\",\"@graph\":[{\"@type\":\"Article\",\"@id\":\"https:\/\/kunmedierne.dk\/mors\/nye-medarbejdere-ansat-hos-destination-limfjorden\/#article\",\"isPartOf\":{\"@id\":\"https:\/\/kunmedierne.dk\/mors\/nye-medarbejdere-ansat-hos-destination-limfjorden\/\"},\"author\":{\"name\":\"Navne\",\"@id\":\"https:\/\/kunmedierne.dk\/mors\/#\/schema\/person\/f084885f8161963bb583d8604763a6b7\"},\"headline\":\"Nye medarbejdere ansat hos Destination Limfjorden\",\"datePublished\":\"2020-12-03T09:30:34+00:00\",\"dateModified\":\"2024-08-12T11:38:10+00:00\",\"mainEntityOfPage\":{\"@id\":\"https:\/\/kunmedierne.dk\/mors\/nye-medarbejdere-ansat-hos-destination-limfjorden\/\"},\"wordCount\":505,\"commentCount\":0,\"publisher\":{\"@id\":\"https:\/\/kunmedierne.dk\/mors\/#organization\"},\"image\":{\"@id\":\"https:\/\/kunmedierne.dk\/mors\/nye-medarbejdere-ansat-hos-destination-limfjorden\/#primaryimage\"},\"thumbnailUrl\":\"https:\/\/kunmedierne.dk\/mors\/wp-content\/uploads\/2020\/12\/dest-limfjorden-navne.png\",\"keywords\":[\"Turisme\"],\"articleSection\":[\"Navne\"],\"inLanguage\":\"da-DK\",\"potentialAction\":[{\"@type\":\"CommentAction\",\"name\":\"Comment\",\"target\":[\"https:\/\/kunmedierne.dk\/mors\/nye-medarbejdere-ansat-hos-destination-limfjorden\/#respond\"]}]},{\"@type\":\"WebPage\",\"@id\":\"https:\/\/kunmedierne.dk\/mors\/nye-medarbejdere-ansat-hos-destination-limfjorden\/\",\"url\":\"https:\/\/kunmedierne.dk\/mors\/nye-medarbejdere-ansat-hos-destination-limfjorden\/\",\"name\":\"Nye medarbejdere ansat hos Destination Limfjorden - Mors\",\"isPartOf\":{\"@id\":\"https:\/\/kunmedierne.dk\/mors\/#website\"},\"primaryImageOfPage\":{\"@id\":\"https:\/\/kunmedierne.dk\/mors\/nye-medarbejdere-ansat-hos-destination-limfjorden\/#primaryimage\"},\"image\":{\"@id\":\"https:\/\/kunmedierne.dk\/mors\/nye-medarbejdere-ansat-hos-destination-limfjorden\/#primaryimage\"},\"thumbnailUrl\":\"https:\/\/kunmedierne.dk\/mors\/wp-content\/uploads\/2020\/12\/dest-limfjorden-navne.png\",\"datePublished\":\"2020-12-03T09:30:34+00:00\",\"dateModified\":\"2024-08-12T11:38:10+00:00\",\"breadcrumb\":{\"@id\":\"https:\/\/kunmedierne.dk\/mors\/nye-medarbejdere-ansat-hos-destination-limfjorden\/#breadcrumb\"},\"inLanguage\":\"da-DK\",\"potentialAction\":[{\"@type\":\"ReadAction\",\"target\":[\"https:\/\/kunmedierne.dk\/mors\/nye-medarbejdere-ansat-hos-destination-limfjorden\/\"]}]},{\"@type\":\"ImageObject\",\"inLanguage\":\"da-DK\",\"@id\":\"https:\/\/kunmedierne.dk\/mors\/nye-medarbejdere-ansat-hos-destination-limfjorden\/#primaryimage\",\"url\":\"https:\/\/kunmedierne.dk\/mors\/wp-content\/uploads\/2020\/12\/dest-limfjorden-navne.png\",\"contentUrl\":\"https:\/\/kunmedierne.dk\/mors\/wp-content\/uploads\/2020\/12\/dest-limfjorden-navne.png\",\"width\":770,\"height\":513,\"caption\":\"Bo Bredal Immersen og Charlotte Danefeld er nye hos Destination Limfjorden. Foto: Destination Limfjorden\"},{\"@type\":\"BreadcrumbList\",\"@id\":\"https:\/\/kunmedierne.dk\/mors\/nye-medarbejdere-ansat-hos-destination-limfjorden\/#breadcrumb\",\"itemListElement\":[{\"@type\":\"ListItem\",\"position\":1,\"name\":\"Hjem\",\"item\":\"https:\/\/kunmedierne.dk\/mors\/\"},{\"@type\":\"ListItem\",\"position\":2,\"name\":\"Nye medarbejdere ansat hos Destination Limfjorden\"}]},{\"@type\":\"WebSite\",\"@id\":\"https:\/\/kunmedierne.dk\/mors\/#website\",\"url\":\"https:\/\/kunmedierne.dk\/mors\/\",\"name\":\"Mors\",\"description\":\"et netmedie med journalistik om livet p\u00e5 Mors\",\"publisher\":{\"@id\":\"https:\/\/kunmedierne.dk\/mors\/#organization\"},\"potentialAction\":[{\"@type\":\"SearchAction\",\"target\":{\"@type\":\"EntryPoint\",\"urlTemplate\":\"https:\/\/kunmedierne.dk\/mors\/?s={search_term_string}\"},\"query-input\":{\"@type\":\"PropertyValueSpecification\",\"valueRequired\":true,\"valueName\":\"search_term_string\"}}],\"inLanguage\":\"da-DK\"},{\"@type\":\"Organization\",\"@id\":\"https:\/\/kunmedierne.dk\/mors\/#organization\",\"name\":\"Mors\",\"url\":\"https:\/\/kunmedierne.dk\/mors\/\",\"logo\":{\"@type\":\"ImageObject\",\"inLanguage\":\"da-DK\",\"@id\":\"https:\/\/kunmedierne.dk\/mors\/#\/schema\/logo\/image\/\",\"url\":\"https:\/\/kunmedierne.dk\/mors\/wp-content\/uploads\/2024\/08\/kunmors-logo.svg\",\"contentUrl\":\"https:\/\/kunmedierne.dk\/mors\/wp-content\/uploads\/2024\/08\/kunmors-logo.svg\",\"caption\":\"Mors\"},\"image\":{\"@id\":\"https:\/\/kunmedierne.dk\/mors\/#\/schema\/logo\/image\/\"}},{\"@type\":\"Person\",\"@id\":\"https:\/\/kunmedierne.dk\/mors\/#\/schema\/person\/f084885f8161963bb583d8604763a6b7\",\"name\":\"Navne\",\"image\":{\"@type\":\"ImageObject\",\"inLanguage\":\"da-DK\",\"@id\":\"https:\/\/kunmedierne.dk\/mors\/#\/schema\/person\/image\/\",\"url\":\"https:\/\/secure.gravatar.com\/avatar\/6f0953307eaee87813e8e3c90223d5589b093e56e7cc66b5575f901f7b5868a5?s=96&d=mm&r=g\",\"contentUrl\":\"https:\/\/secure.gravatar.com\/avatar\/6f0953307eaee87813e8e3c90223d5589b093e56e7cc66b5575f901f7b5868a5?s=96&d=mm&r=g\",\"caption\":\"Navne\"},\"url\":\"https:\/\/kunmedierne.dk\/mors\/author\/navne\/\"}]}<\/script>\n<!-- \/ Yoast SEO plugin. -->","yoast_head_json":{"title":"Nye medarbejdere ansat hos Destination Limfjorden - Mors","robots":{"index":"index","follow":"follow","max-snippet":"max-snippet:-1","max-image-preview":"max-image-preview:large","max-video-preview":"max-video-preview:-1"},"canonical":"https:\/\/kunmedierne.dk\/mors\/nye-medarbejdere-ansat-hos-destination-limfjorden\/","og_locale":"da_DK","og_type":"article","og_title":"Nye medarbejdere ansat hos Destination Limfjorden - Mors","og_description":"Fra Destination Limfjorden har vi modtaget: MORS:\u00a0Destination Limfjorden, som er turismesamarbejdet mellem Struer, Skive og Mors\u00f8 kommuner, har nu ansat destinationens fjerde og femte medarbejder. Der har v\u00e6ret stor interesse for at arbejde med udvikling i Destination Limfjorden, og for at styrke teamet har vi udvidet med to nye sp\u00e6ndende kompetencer. Bo Bredal Immersen, der [&hellip;]","og_url":"https:\/\/kunmedierne.dk\/mors\/nye-medarbejdere-ansat-hos-destination-limfjorden\/","og_site_name":"Mors","article_published_time":"2020-12-03T09:30:34+00:00","article_modified_time":"2024-08-12T11:38:10+00:00","og_image":[{"width":770,"height":513,"url":"https:\/\/kunmedierne.dk\/mors\/wp-content\/uploads\/2020\/12\/dest-limfjorden-navne.png","type":"image\/png"}],"author":"Navne","twitter_card":"summary_large_image","twitter_misc":{"Skrevet af":"Navne","Estimeret l\u00e6setid":"2 minutter"},"schema":{"@context":"https:\/\/schema.org","@graph":[{"@type":"Article","@id":"https:\/\/kunmedierne.dk\/mors\/nye-medarbejdere-ansat-hos-destination-limfjorden\/#article","isPartOf":{"@id":"https:\/\/kunmedierne.dk\/mors\/nye-medarbejdere-ansat-hos-destination-limfjorden\/"},"author":{"name":"Navne","@id":"https:\/\/kunmedierne.dk\/mors\/#\/schema\/person\/f084885f8161963bb583d8604763a6b7"},"headline":"Nye medarbejdere ansat hos Destination Limfjorden","datePublished":"2020-12-03T09:30:34+00:00","dateModified":"2024-08-12T11:38:10+00:00","mainEntityOfPage":{"@id":"https:\/\/kunmedierne.dk\/mors\/nye-medarbejdere-ansat-hos-destination-limfjorden\/"},"wordCount":505,"commentCount":0,"publisher":{"@id":"https:\/\/kunmedierne.dk\/mors\/#organization"},"image":{"@id":"https:\/\/kunmedierne.dk\/mors\/nye-medarbejdere-ansat-hos-destination-limfjorden\/#primaryimage"},"thumbnailUrl":"https:\/\/kunmedierne.dk\/mors\/wp-content\/uploads\/2020\/12\/dest-limfjorden-navne.png","keywords":["Turisme"],"articleSection":["Navne"],"inLanguage":"da-DK","potentialAction":[{"@type":"CommentAction","name":"Comment","target":["https:\/\/kunmedierne.dk\/mors\/nye-medarbejdere-ansat-hos-destination-limfjorden\/#respond"]}]},{"@type":"WebPage","@id":"https:\/\/kunmedierne.dk\/mors\/nye-medarbejdere-ansat-hos-destination-limfjorden\/","url":"https:\/\/kunmedierne.dk\/mors\/nye-medarbejdere-ansat-hos-destination-limfjorden\/","name":"Nye medarbejdere ansat hos Destination Limfjorden - Mors","isPartOf":{"@id":"https:\/\/kunmedierne.dk\/mors\/#website"},"primaryImageOfPage":{"@id":"https:\/\/kunmedierne.dk\/mors\/nye-medarbejdere-ansat-hos-destination-limfjorden\/#primaryimage"},"image":{"@id":"https:\/\/kunmedierne.dk\/mors\/nye-medarbejdere-ansat-hos-destination-limfjorden\/#primaryimage"},"thumbnailUrl":"https:\/\/kunmedierne.dk\/mors\/wp-content\/uploads\/2020\/12\/dest-limfjorden-navne.png","datePublished":"2020-12-03T09:30:34+00:00","dateModified":"2024-08-12T11:38:10+00:00","breadcrumb":{"@id":"https:\/\/kunmedierne.dk\/mors\/nye-medarbejdere-ansat-hos-destination-limfjorden\/#breadcrumb"},"inLanguage":"da-DK","potentialAction":[{"@type":"ReadAction","target":["https:\/\/kunmedierne.dk\/mors\/nye-medarbejdere-ansat-hos-destination-limfjorden\/"]}]},{"@type":"ImageObject","inLanguage":"da-DK","@id":"https:\/\/kunmedierne.dk\/mors\/nye-medarbejdere-ansat-hos-destination-limfjorden\/#primaryimage","url":"https:\/\/kunmedierne.dk\/mors\/wp-content\/uploads\/2020\/12\/dest-limfjorden-navne.png","contentUrl":"https:\/\/kunmedierne.dk\/mors\/wp-content\/uploads\/2020\/12\/dest-limfjorden-navne.png","width":770,"height":513,"caption":"Bo Bredal Immersen og Charlotte Danefeld er nye hos Destination Limfjorden. Foto: Destination Limfjorden"},{"@type":"BreadcrumbList","@id":"https:\/\/kunmedierne.dk\/mors\/nye-medarbejdere-ansat-hos-destination-limfjorden\/#breadcrumb","itemListElement":[{"@type":"ListItem","position":1,"name":"Hjem","item":"https:\/\/kunmedierne.dk\/mors\/"},{"@type":"ListItem","position":2,"name":"Nye medarbejdere ansat hos Destination Limfjorden"}]},{"@type":"WebSite","@id":"https:\/\/kunmedierne.dk\/mors\/#website","url":"https:\/\/kunmedierne.dk\/mors\/","name":"Mors","description":"et netmedie med journalistik om livet p\u00e5 Mors","publisher":{"@id":"https:\/\/kunmedierne.dk\/mors\/#organization"},"potentialAction":[{"@type":"SearchAction","target":{"@type":"EntryPoint","urlTemplate":"https:\/\/kunmedierne.dk\/mors\/?s={search_term_string}"},"query-input":{"@type":"PropertyValueSpecification","valueRequired":true,"valueName":"search_term_string"}}],"inLanguage":"da-DK"},{"@type":"Organization","@id":"https:\/\/kunmedierne.dk\/mors\/#organization","name":"Mors","url":"https:\/\/kunmedierne.dk\/mors\/","logo":{"@type":"ImageObject","inLanguage":"da-DK","@id":"https:\/\/kunmedierne.dk\/mors\/#\/schema\/logo\/image\/","url":"https:\/\/kunmedierne.dk\/mors\/wp-content\/uploads\/2024\/08\/kunmors-logo.svg","contentUrl":"https:\/\/kunmedierne.dk\/mors\/wp-content\/uploads\/2024\/08\/kunmors-logo.svg","caption":"Mors"},"image":{"@id":"https:\/\/kunmedierne.dk\/mors\/#\/schema\/logo\/image\/"}},{"@type":"Person","@id":"https:\/\/kunmedierne.dk\/mors\/#\/schema\/person\/f084885f8161963bb583d8604763a6b7","name":"Navne","image":{"@type":"ImageObject","inLanguage":"da-DK","@id":"https:\/\/kunmedierne.dk\/mors\/#\/schema\/person\/image\/","url":"https:\/\/secure.gravatar.com\/avatar\/6f0953307eaee87813e8e3c90223d5589b093e56e7cc66b5575f901f7b5868a5?s=96&d=mm&r=g","contentUrl":"https:\/\/secure.gravatar.com\/avatar\/6f0953307eaee87813e8e3c90223d5589b093e56e7cc66b5575f901f7b5868a5?s=96&d=mm&r=g","caption":"Navne"},"url":"https:\/\/kunmedierne.dk\/mors\/author\/navne\/"}]}},"_links":{"self":[{"href":"https:\/\/kunmedierne.dk\/mors\/wp-json\/wp\/v2\/posts\/36220","targetHints":{"allow":["GET"]}}],"collection":[{"href":"https:\/\/kunmedierne.dk\/mors\/wp-json\/wp\/v2\/posts"}],"about":[{"href":"https:\/\/kunmedierne.dk\/mors\/wp-json\/wp\/v2\/types\/post"}],"author":[{"embeddable":true,"href":"https:\/\/kunmedierne.dk\/mors\/wp-json\/wp\/v2\/users\/264"}],"replies":[{"embeddable":true,"href":"https:\/\/kunmedierne.dk\/mors\/wp-json\/wp\/v2\/comments?post=36220"}],"version-history":[{"count":3,"href":"https:\/\/kunmedierne.dk\/mors\/wp-json\/wp\/v2\/posts\/36220\/revisions"}],"predecessor-version":[{"id":36230,"href":"https:\/\/kunmedierne.dk\/mors\/wp-json\/wp\/v2\/posts\/36220\/revisions\/36230"}],"wp:featuredmedia":[{"embeddable":true,"href":"https:\/\/kunmedierne.dk\/mors\/wp-json\/wp\/v2\/media\/36223"}],"wp:attachment":[{"href":"https:\/\/kunmedierne.dk\/mors\/wp-json\/wp\/v2\/media?parent=36220"}],"wp:term":[{"taxonomy":"category","embeddable":true,"href":"https:\/\/kunmedierne.dk\/mors\/wp-json\/wp\/v2\/categories?post=36220"},{"taxonomy":"post_tag","embeddable":true,"href":"https:\/\/kunmedierne.dk\/mors\/wp-json\/wp\/v2\/tags?post=36220"}],"curies":[{"name":"wp","href":"https:\/\/api.w.org\/{rel}","templated":true}]}}