{"id":36174,"date":"2020-12-02T13:45:10","date_gmt":"2020-12-02T12:45:10","guid":{"rendered":"https:\/\/kunmedierne.dk\/mors\/?p=36174"},"modified":"2024-08-12T13:38:10","modified_gmt":"2024-08-12T11:38:10","slug":"venstre-politiker-skabte-debat-om-beskaeftigelsesplan","status":"publish","type":"post","link":"https:\/\/kunmedierne.dk\/mors\/venstre-politiker-skabte-debat-om-beskaeftigelsesplan\/","title":{"rendered":"Venstre-politiker skabte debat om besk\u00e6ftigelsesplan"},"content":{"rendered":"<p><strong>MORS<\/strong>: Hvordan forbedrer man besk\u00e6ftigelsen p\u00e5 Mors i fremtiden?<\/p>\n<p>Det sp\u00f8rgsm\u00e5l var p\u00e5 kommunalbestyrelsens dagsorden tirsdag aften &#8211; og det blev en Venstre-politiker, der kom n\u00e6rmest at skabe en debat om det.<\/p>\n<p>Besk\u00e6ftigelsesplan 2021 indeholder fem m\u00e5l udpeget af besk\u00e6ftigelsesminister Peter Hummelgaard (S) foruden to lokale m\u00e5l, som er videref\u00f8rt i besk\u00e6ftigelsesplanen fra 2020.<\/p>\n<p>Peter Therkildsen (V) savnede dog en mere konkret formulering af m\u00e5lene.<\/p>\n<p>&#8220;Den bedste socialpolitik, man kan t\u00e6nke sig, er simpelthen at f\u00e5 folk i besk\u00e6ftigelse. Derfor synes jeg egentlig, at besk\u00e6ftigelsesplanen kunne indeholde nogle m\u00e5ls\u00e6tninger om at f\u00e5 nogle af de mennesker, vi har p\u00e5 overf\u00f8rselsindkomster, ud p\u00e5 det almene arbejdsmarked,&#8221; sagde han.<\/p>\n<p>&#8220;Selv om man siger det, og der er mange p\u00e6ne ord omkring det, ved vi\u00a0 jo godt, at hvis man ikke har nogle m\u00e5ls\u00e6tninger om at f\u00e5 et antal ud i ordin\u00e6r besk\u00e6ftigelse, kan man ikke rigtigt se, hvor langt man n\u00e5r,&#8221; sagde han med tilf\u00f8jelsen, at han godt var klar over, at man hver dag bestr\u00e6ber sig p\u00e5 at f\u00e5 flere p\u00e5 arbejdsmarkedet.<\/p>\n<p>Det var ogs\u00e5 svaret fra Ellen Philipsen Dahl (DB), formand for besk\u00e6ftigelses- og erhvervsudvalget i Mors\u00f8 Kommune.<\/p>\n<p>Hun indledte, at der er et konstant fokus p\u00e5 at f\u00e5 flere i besk\u00e6ftigelse.<\/p>\n<p>&#8220;Det gennemg\u00e5r forvaltningen og politikerne hver eneste gang &#8211; og har st\u00e6rkt fokus p\u00e5 det hele tiden. Det er jo ogs\u00e5 implementeret i besk\u00e6ftigelsesplanen,&#8221; sagde hun, mens Lene Svenningsen (V), n\u00e6stformand i samme udvalg, nikkede ivrigt.<\/p>\n<p>&#8220;Den besk\u00e6ftigelsesplan, vi laver her, er jo ikke bare et stykke d\u00f8dt papir. Det er jo rent faktisk noget, vi arbejder ud fra. Det kan vi ogs\u00e5 se p\u00e5 nogle af de resultater, vi kommer ud med,&#8221; sagde Ellen Philipsen Dahl. <a href=\"https:\/\/www.fmspks.dk\/\"><img loading=\"lazy\" decoding=\"async\" class=\"alignright size-full wp-image-35528\" src=\"https:\/\/kunmedierne.dk\/mors\/wp-content\/uploads\/2020\/11\/ho4.jpg\" alt=\"\" width=\"1400\" height=\"125\" srcset=\"https:\/\/kunmedierne.dk\/mors\/wp-content\/uploads\/2020\/11\/ho4.jpg 1400w, https:\/\/kunmedierne.dk\/mors\/wp-content\/uploads\/2020\/11\/ho4-300x27.jpg 300w, https:\/\/kunmedierne.dk\/mors\/wp-content\/uploads\/2020\/11\/ho4-1024x91.jpg 1024w, https:\/\/kunmedierne.dk\/mors\/wp-content\/uploads\/2020\/11\/ho4-768x69.jpg 768w, https:\/\/kunmedierne.dk\/mors\/wp-content\/uploads\/2020\/11\/ho4-600x54.jpg 600w\" sizes=\"auto, (max-width: 1400px) 100vw, 1400px\" \/><\/a><\/p>\n<p>Meiner N\u00f8rgaard (DF) kom p\u00e5 banen med en bem\u00e6rkning om, at det i nogle tilf\u00e6lde kr\u00e6ver et forarbejde at f\u00e5 folk ind p\u00e5 arbejdsmarkedet.<\/p>\n<p>&#8220;N\u00e5r man skal have personer p\u00e5 passiv fors\u00f8rgelse over p\u00e5 det rigtige arbejdsmarked, g\u00e6lder det om at f\u00e5 dem gjort klar til det. Hvis ikke de er klar til det, er det ogs\u00e5 sv\u00e6rt for vores virksomheder at modtage dem &#8211; plus, at de kan lide et kn\u00e6k,&#8221; sagde han.<\/p>\n<p>I den forbindelse roste han arbejdsmarkedets parter for at g\u00f8re en god indsats for morsingboer p\u00e5 overf\u00f8rselsindkomster.<\/p>\n<p>&#8220;Der skal omsorg, guidning til og hj\u00e6lp til. Ellers kommer vi ingen vegne. Men Peter Therkildsen har ret i, at vi skal have s\u00e5 mange over p\u00e5 det ordin\u00e6re arbejdsmarked som overhovedet muligt &#8211; det tror jeg ikke, vi kan rage uklar over,&#8221; sagde Meiner N\u00f8rgaarrd.<\/p>\n<p>&#8220;Men m\u00e5den skal v\u00e6re rigtig, og jeg tror faktisk, at man er rigtig god til det p\u00e5 Mors,&#8221; tilf\u00f8jede han. <a href=\"https:\/\/morsoe-begravelsesforretning.dk\/\"><img loading=\"lazy\" decoding=\"async\" class=\"alignright size-full wp-image-35519\" src=\"https:\/\/kunmedierne.dk\/mors\/wp-content\/uploads\/2020\/11\/ho5.jpg\" alt=\"\" width=\"1425\" height=\"127\" srcset=\"https:\/\/kunmedierne.dk\/mors\/wp-content\/uploads\/2020\/11\/ho5.jpg 1425w, https:\/\/kunmedierne.dk\/mors\/wp-content\/uploads\/2020\/11\/ho5-300x27.jpg 300w, https:\/\/kunmedierne.dk\/mors\/wp-content\/uploads\/2020\/11\/ho5-1024x91.jpg 1024w, https:\/\/kunmedierne.dk\/mors\/wp-content\/uploads\/2020\/11\/ho5-768x68.jpg 768w, https:\/\/kunmedierne.dk\/mors\/wp-content\/uploads\/2020\/11\/ho5-600x53.jpg 600w\" sizes=\"auto, (max-width: 1425px) 100vw, 1425px\" \/><\/a><\/p>\n<p>Lene Svenningsen tog derefter ordet.<\/p>\n<p>&#8220;Selvf\u00f8lgelig skal f\u00e6rrest mulige modtage passiv fors\u00f8rgelse, og det har vi netop ogs\u00e5 f\u00e5et indskrevet i vores besk\u00e6ftigelsesplan,&#8221; sagde hun og tilf\u00f8jede, at projektet &#8216;Flere skal med&#8217; fra 2017 til 2020 er blevet forl\u00e6nget til 2021.<\/p>\n<p>Det omhandler borgere p\u00e5\u00a0kontanthj\u00e6lp, uddannelseshj\u00e6lp og integrationsydelser.<\/p>\n<p>&#8220;S\u00e5 tidligt i deres forl\u00f8b som muligt skal alle, der b\u00e5de kan og skal, i en virksomhedsrettet indsats. Det tilpasses efter den enkelte, og det har faktisk vist sig, at vi har f\u00e5et flere i besk\u00e6ftigelse efterf\u00f8lgende,&#8221; sagde hun.<\/p>\n<p>Hverken Socialdemokratiet, Radikale Venstre eller SF havde bem\u00e6rkninger til debatten om Besk\u00e6ftigelsesplan 2021, der blev rundet af ham, der startede den. Det var fra hjemmefronten, for af hensyn til coronasituationen blev kommunalbestyrelsesm\u00f8det afviklet virtuelt. I byr\u00e5dssalen var s\u00e5ledes kun borgmester Hans Ejner Bertelsen (V), kommunaldirekt\u00f8r Rikke W\u00fcrtz og pressen repr\u00e6senteret ved Nordjyske Stiftstidende og KunMors.<\/p>\n<p>Peter Therkildsen satte punktum for det milde politiske brydetag, debatten om Besk\u00e6ftigelsesplan 2021 havde budt p\u00e5.<\/p>\n<p>&#8220;Vi skylder altid hinanden at f\u00e5 en god debat om det. Vi skylder ogs\u00e5 hinanden at v\u00e6re rolige omkring, at vi g\u00f8r, hvad vi kan,&#8221; sagde Peter Therkildsen, som anderkendte, at b\u00e5de arbejdsmarkedets parter og det politiske system viser opm\u00e6rksomhed om opgaven. Men som supplement til festtalerne om resultaterne kunne han godt \u00f8nske sig en mere m\u00e5lbar formulering af ambitionerne.<\/p>\n<p>&#8220;Det giver en lidt mere stringent, mere anskuelig og transparent gang i forl\u00f8bet. Men jeg helt enig med alle dem, der nu siger, at vi har politisk fokus p\u00e5 det og er dygtige til at forberede til arbejdsmarkedet,&#8221; sagde Peter Therkildsen. <a href=\"https:\/\/www.sparnord.dk\/filialer\/nykoebing-mors\"><img loading=\"lazy\" decoding=\"async\" class=\"alignright size-full wp-image-35699\" src=\"https:\/\/kunmedierne.dk\/mors\/wp-content\/uploads\/2020\/11\/ho6.jpg\" alt=\"\" width=\"1400\" height=\"123\" srcset=\"https:\/\/kunmedierne.dk\/mors\/wp-content\/uploads\/2020\/11\/ho6.jpg 1400w, https:\/\/kunmedierne.dk\/mors\/wp-content\/uploads\/2020\/11\/ho6-300x26.jpg 300w, https:\/\/kunmedierne.dk\/mors\/wp-content\/uploads\/2020\/11\/ho6-1024x90.jpg 1024w, https:\/\/kunmedierne.dk\/mors\/wp-content\/uploads\/2020\/11\/ho6-768x67.jpg 768w, https:\/\/kunmedierne.dk\/mors\/wp-content\/uploads\/2020\/11\/ho6-600x53.jpg 600w\" sizes=\"auto, (max-width: 1400px) 100vw, 1400px\" \/><\/a><\/p>\n<p>&nbsp;<\/p>\n<blockquote>\n<h2>FAKTA<\/h2>\n<h5>Besk\u00e6ftigelsesministeren har udpeget f\u00f8lgende m\u00e5l, som skal indg\u00e5 i Besk\u00e6ftigelsesplan 2021:<\/h5>\n<h5>1: Alle ledige skal have en v\u00e6rdig sagsbehandling<\/h5>\n<h5>2: Flere ledige skal opkvalificeres<\/h5>\n<h5>3: Flere flygtninge og familiesammenf\u00f8rte skal v\u00e6re selvfors\u00f8rgende<\/h5>\n<h5>4: Flere personer med handicap skal i besk\u00e6ftigelse<\/h5>\n<h5>5: Virksomhederne skal sikres den n\u00f8dvendige og kvalificerede arbejdskraft.<\/h5>\n<h5><\/h5>\n<h5>Herudover er f\u00f8lgende to lokale m\u00e5l videref\u00f8rt i besk\u00e6ftigelsesplanen fra 2020 til 2021:<\/h5>\n<h5>6: Bek\u00e6mpelsen af socialt bedrageri og fejludbetalinger skal styrkes.<\/h5>\n<h5>7: Udsatte ledige skal have en indsats<\/h5>\n<\/blockquote>\n<p><a href=\"https:\/\/www.braendselsforeningen.dk\/\"><img loading=\"lazy\" decoding=\"async\" class=\"alignright size-full wp-image-36029\" src=\"https:\/\/kunmedierne.dk\/mors\/wp-content\/uploads\/2020\/11\/Br\u00e6ndselsforeningen.jpg\" alt=\"\" width=\"1425\" height=\"127\" srcset=\"https:\/\/kunmedierne.dk\/mors\/wp-content\/uploads\/2020\/11\/Br\u00e6ndselsforeningen.jpg 1425w, https:\/\/kunmedierne.dk\/mors\/wp-content\/uploads\/2020\/11\/Br\u00e6ndselsforeningen-300x27.jpg 300w, https:\/\/kunmedierne.dk\/mors\/wp-content\/uploads\/2020\/11\/Br\u00e6ndselsforeningen-1024x91.jpg 1024w, https:\/\/kunmedierne.dk\/mors\/wp-content\/uploads\/2020\/11\/Br\u00e6ndselsforeningen-768x68.jpg 768w, https:\/\/kunmedierne.dk\/mors\/wp-content\/uploads\/2020\/11\/Br\u00e6ndselsforeningen-600x53.jpg 600w\" sizes=\"auto, (max-width: 1425px) 100vw, 1425px\" \/><\/a><\/p>\n<blockquote>\n<h2 style=\"font-weight: 400;\"><b>FAKTA<\/b><\/h2>\n<h3>Kommunalbestyrelsen i Mors\u00f8 Kommune best\u00e5r af:<\/h3>\n<h5>Venstre (11): Borgmester Hans Ejner Bertelsen, Henning S\u00f8rensen, Lene Svenningsen, Ansgar Nygaard, Henrik Jensen, Klaus Hvidtfeldt Larsen, Peter Therkildsen, Peter Lilleb\u00e6k, Hanne Haldrup, Anja Birch Als\u00f8er og Tage Andersen.<\/h5>\n<h5>Socialdemokratiet (5): Tore M\u00fcller, Pia Storm, Jens Dahlgaard, Jakob Kortb\u00e6k og John Christiansen.<\/h5>\n<h5>Dansk Folkeparti (2): Meiner N\u00f8rgaard og Anette Svindborg.<\/h5>\n<h5>Demokratisk Balance (1): Ellen Philipsen Dahl.<\/h5>\n<h5>Radikale Venstre (1): Jette Jepsen.<\/h5>\n<h5>Socialistisk Folkeparti (1): Viggo Vangsgaard.<\/h5>\n<p>&nbsp;<\/p><\/blockquote>\n<p style=\"font-weight: 400;\">\n","protected":false},"excerpt":{"rendered":"<p>MORS: Hvordan forbedrer man besk\u00e6ftigelsen p\u00e5 Mors i fremtiden? Det sp\u00f8rgsm\u00e5l var p\u00e5 kommunalbestyrelsens dagsorden tirsdag aften &#8211; og det blev en Venstre-politiker, der kom n\u00e6rmest at skabe en debat om det. Besk\u00e6ftigelsesplan 2021 indeholder fem m\u00e5l udpeget af besk\u00e6ftigelsesminister Peter Hummelgaard (S) foruden to lokale m\u00e5l, som er videref\u00f8rt i besk\u00e6ftigelsesplanen fra 2020. Peter [&hellip;]<\/p>\n","protected":false},"author":8,"featured_media":36178,"comment_status":"open","ping_status":"open","sticky":false,"template":"","format":"standard","meta":{"_acf_changed":false,"footnotes":""},"categories":[51],"tags":[167],"class_list":["post-36174","post","type-post","status-publish","format-standard","has-post-thumbnail","hentry","category-lokalt","tag-politik"],"acf":[],"yoast_head":"<!-- This site is optimized with the Yoast SEO plugin v26.8 - https:\/\/yoast.com\/product\/yoast-seo-wordpress\/ -->\n<title>Venstre-politiker skabte debat om besk\u00e6ftigelsesplan - Mors<\/title>\n<meta name=\"robots\" content=\"index, follow, max-snippet:-1, max-image-preview:large, max-video-preview:-1\" \/>\n<link rel=\"canonical\" href=\"https:\/\/kunmedierne.dk\/mors\/venstre-politiker-skabte-debat-om-beskaeftigelsesplan\/\" \/>\n<meta property=\"og:locale\" content=\"da_DK\" \/>\n<meta property=\"og:type\" content=\"article\" \/>\n<meta property=\"og:title\" content=\"Venstre-politiker skabte debat om besk\u00e6ftigelsesplan - Mors\" \/>\n<meta property=\"og:description\" content=\"MORS: Hvordan forbedrer man besk\u00e6ftigelsen p\u00e5 Mors i fremtiden? Det sp\u00f8rgsm\u00e5l var p\u00e5 kommunalbestyrelsens dagsorden tirsdag aften &#8211; og det blev en Venstre-politiker, der kom n\u00e6rmest at skabe en debat om det. Besk\u00e6ftigelsesplan 2021 indeholder fem m\u00e5l udpeget af besk\u00e6ftigelsesminister Peter Hummelgaard (S) foruden to lokale m\u00e5l, som er videref\u00f8rt i besk\u00e6ftigelsesplanen fra 2020. Peter [&hellip;]\" \/>\n<meta property=\"og:url\" content=\"https:\/\/kunmedierne.dk\/mors\/venstre-politiker-skabte-debat-om-beskaeftigelsesplan\/\" \/>\n<meta property=\"og:site_name\" content=\"Mors\" \/>\n<meta property=\"article:published_time\" content=\"2020-12-02T12:45:10+00:00\" \/>\n<meta property=\"article:modified_time\" content=\"2024-08-12T11:38:10+00:00\" \/>\n<meta property=\"og:image\" content=\"https:\/\/kunmedierne.dk\/mors\/wp-content\/uploads\/2020\/12\/0-debat-peter-therkildsen.jpg\" \/>\n\t<meta property=\"og:image:width\" content=\"770\" \/>\n\t<meta property=\"og:image:height\" content=\"513\" \/>\n\t<meta property=\"og:image:type\" content=\"image\/jpeg\" \/>\n<meta name=\"author\" content=\"David H\u00f8jmark\" \/>\n<meta name=\"twitter:card\" content=\"summary_large_image\" \/>\n<meta name=\"twitter:label1\" content=\"Skrevet af\" \/>\n\t<meta name=\"twitter:data1\" content=\"David H\u00f8jmark\" \/>\n\t<meta name=\"twitter:label2\" content=\"Estimeret l\u00e6setid\" \/>\n\t<meta name=\"twitter:data2\" content=\"5 minutter\" \/>\n<script type=\"application\/ld+json\" class=\"yoast-schema-graph\">{\"@context\":\"https:\/\/schema.org\",\"@graph\":[{\"@type\":\"Article\",\"@id\":\"https:\/\/kunmedierne.dk\/mors\/venstre-politiker-skabte-debat-om-beskaeftigelsesplan\/#article\",\"isPartOf\":{\"@id\":\"https:\/\/kunmedierne.dk\/mors\/venstre-politiker-skabte-debat-om-beskaeftigelsesplan\/\"},\"author\":{\"name\":\"David H\u00f8jmark\",\"@id\":\"https:\/\/kunmedierne.dk\/mors\/#\/schema\/person\/5fe23251bf1d0abbcdc6f7896579d548\"},\"headline\":\"Venstre-politiker skabte debat om besk\u00e6ftigelsesplan\",\"datePublished\":\"2020-12-02T12:45:10+00:00\",\"dateModified\":\"2024-08-12T11:38:10+00:00\",\"mainEntityOfPage\":{\"@id\":\"https:\/\/kunmedierne.dk\/mors\/venstre-politiker-skabte-debat-om-beskaeftigelsesplan\/\"},\"wordCount\":934,\"commentCount\":0,\"publisher\":{\"@id\":\"https:\/\/kunmedierne.dk\/mors\/#organization\"},\"image\":{\"@id\":\"https:\/\/kunmedierne.dk\/mors\/venstre-politiker-skabte-debat-om-beskaeftigelsesplan\/#primaryimage\"},\"thumbnailUrl\":\"https:\/\/kunmedierne.dk\/mors\/wp-content\/uploads\/2020\/12\/0-debat-peter-therkildsen.jpg\",\"keywords\":[\"Politik\"],\"articleSection\":[\"Lokalt\"],\"inLanguage\":\"da-DK\",\"potentialAction\":[{\"@type\":\"CommentAction\",\"name\":\"Comment\",\"target\":[\"https:\/\/kunmedierne.dk\/mors\/venstre-politiker-skabte-debat-om-beskaeftigelsesplan\/#respond\"]}]},{\"@type\":\"WebPage\",\"@id\":\"https:\/\/kunmedierne.dk\/mors\/venstre-politiker-skabte-debat-om-beskaeftigelsesplan\/\",\"url\":\"https:\/\/kunmedierne.dk\/mors\/venstre-politiker-skabte-debat-om-beskaeftigelsesplan\/\",\"name\":\"Venstre-politiker skabte debat om besk\u00e6ftigelsesplan - Mors\",\"isPartOf\":{\"@id\":\"https:\/\/kunmedierne.dk\/mors\/#website\"},\"primaryImageOfPage\":{\"@id\":\"https:\/\/kunmedierne.dk\/mors\/venstre-politiker-skabte-debat-om-beskaeftigelsesplan\/#primaryimage\"},\"image\":{\"@id\":\"https:\/\/kunmedierne.dk\/mors\/venstre-politiker-skabte-debat-om-beskaeftigelsesplan\/#primaryimage\"},\"thumbnailUrl\":\"https:\/\/kunmedierne.dk\/mors\/wp-content\/uploads\/2020\/12\/0-debat-peter-therkildsen.jpg\",\"datePublished\":\"2020-12-02T12:45:10+00:00\",\"dateModified\":\"2024-08-12T11:38:10+00:00\",\"breadcrumb\":{\"@id\":\"https:\/\/kunmedierne.dk\/mors\/venstre-politiker-skabte-debat-om-beskaeftigelsesplan\/#breadcrumb\"},\"inLanguage\":\"da-DK\",\"potentialAction\":[{\"@type\":\"ReadAction\",\"target\":[\"https:\/\/kunmedierne.dk\/mors\/venstre-politiker-skabte-debat-om-beskaeftigelsesplan\/\"]}]},{\"@type\":\"ImageObject\",\"inLanguage\":\"da-DK\",\"@id\":\"https:\/\/kunmedierne.dk\/mors\/venstre-politiker-skabte-debat-om-beskaeftigelsesplan\/#primaryimage\",\"url\":\"https:\/\/kunmedierne.dk\/mors\/wp-content\/uploads\/2020\/12\/0-debat-peter-therkildsen.jpg\",\"contentUrl\":\"https:\/\/kunmedierne.dk\/mors\/wp-content\/uploads\/2020\/12\/0-debat-peter-therkildsen.jpg\",\"width\":770,\"height\":513,\"caption\":\"Peter Therkildsen (V) var ene om at skabe debat om Besk\u00e6ftigelsesplan 2021. Foto: Per Bech\/Mors\u00f8 Kommune.\"},{\"@type\":\"BreadcrumbList\",\"@id\":\"https:\/\/kunmedierne.dk\/mors\/venstre-politiker-skabte-debat-om-beskaeftigelsesplan\/#breadcrumb\",\"itemListElement\":[{\"@type\":\"ListItem\",\"position\":1,\"name\":\"Hjem\",\"item\":\"https:\/\/kunmedierne.dk\/mors\/\"},{\"@type\":\"ListItem\",\"position\":2,\"name\":\"Venstre-politiker skabte debat om besk\u00e6ftigelsesplan\"}]},{\"@type\":\"WebSite\",\"@id\":\"https:\/\/kunmedierne.dk\/mors\/#website\",\"url\":\"https:\/\/kunmedierne.dk\/mors\/\",\"name\":\"Mors\",\"description\":\"et netmedie med journalistik om livet p\u00e5 Mors\",\"publisher\":{\"@id\":\"https:\/\/kunmedierne.dk\/mors\/#organization\"},\"potentialAction\":[{\"@type\":\"SearchAction\",\"target\":{\"@type\":\"EntryPoint\",\"urlTemplate\":\"https:\/\/kunmedierne.dk\/mors\/?s={search_term_string}\"},\"query-input\":{\"@type\":\"PropertyValueSpecification\",\"valueRequired\":true,\"valueName\":\"search_term_string\"}}],\"inLanguage\":\"da-DK\"},{\"@type\":\"Organization\",\"@id\":\"https:\/\/kunmedierne.dk\/mors\/#organization\",\"name\":\"Mors\",\"url\":\"https:\/\/kunmedierne.dk\/mors\/\",\"logo\":{\"@type\":\"ImageObject\",\"inLanguage\":\"da-DK\",\"@id\":\"https:\/\/kunmedierne.dk\/mors\/#\/schema\/logo\/image\/\",\"url\":\"https:\/\/kunmedierne.dk\/mors\/wp-content\/uploads\/2024\/08\/kunmors-logo.svg\",\"contentUrl\":\"https:\/\/kunmedierne.dk\/mors\/wp-content\/uploads\/2024\/08\/kunmors-logo.svg\",\"caption\":\"Mors\"},\"image\":{\"@id\":\"https:\/\/kunmedierne.dk\/mors\/#\/schema\/logo\/image\/\"}},{\"@type\":\"Person\",\"@id\":\"https:\/\/kunmedierne.dk\/mors\/#\/schema\/person\/5fe23251bf1d0abbcdc6f7896579d548\",\"name\":\"David H\u00f8jmark\",\"image\":{\"@type\":\"ImageObject\",\"inLanguage\":\"da-DK\",\"@id\":\"https:\/\/kunmedierne.dk\/mors\/#\/schema\/person\/image\/\",\"url\":\"https:\/\/secure.gravatar.com\/avatar\/4315d6fb9ef244d729989f5f90268eb08d5bf8a3d84402f595fa194bb35784fd?s=96&d=mm&r=g\",\"contentUrl\":\"https:\/\/secure.gravatar.com\/avatar\/4315d6fb9ef244d729989f5f90268eb08d5bf8a3d84402f595fa194bb35784fd?s=96&d=mm&r=g\",\"caption\":\"David H\u00f8jmark\"},\"sameAs\":[\"https:\/\/www.kunmedierne.dk\"],\"url\":\"https:\/\/kunmedierne.dk\/mors\/author\/david\/\"}]}<\/script>\n<!-- \/ Yoast SEO plugin. -->","yoast_head_json":{"title":"Venstre-politiker skabte debat om besk\u00e6ftigelsesplan - Mors","robots":{"index":"index","follow":"follow","max-snippet":"max-snippet:-1","max-image-preview":"max-image-preview:large","max-video-preview":"max-video-preview:-1"},"canonical":"https:\/\/kunmedierne.dk\/mors\/venstre-politiker-skabte-debat-om-beskaeftigelsesplan\/","og_locale":"da_DK","og_type":"article","og_title":"Venstre-politiker skabte debat om besk\u00e6ftigelsesplan - Mors","og_description":"MORS: Hvordan forbedrer man besk\u00e6ftigelsen p\u00e5 Mors i fremtiden? Det sp\u00f8rgsm\u00e5l var p\u00e5 kommunalbestyrelsens dagsorden tirsdag aften &#8211; og det blev en Venstre-politiker, der kom n\u00e6rmest at skabe en debat om det. Besk\u00e6ftigelsesplan 2021 indeholder fem m\u00e5l udpeget af besk\u00e6ftigelsesminister Peter Hummelgaard (S) foruden to lokale m\u00e5l, som er videref\u00f8rt i besk\u00e6ftigelsesplanen fra 2020. Peter [&hellip;]","og_url":"https:\/\/kunmedierne.dk\/mors\/venstre-politiker-skabte-debat-om-beskaeftigelsesplan\/","og_site_name":"Mors","article_published_time":"2020-12-02T12:45:10+00:00","article_modified_time":"2024-08-12T11:38:10+00:00","og_image":[{"width":770,"height":513,"url":"https:\/\/kunmedierne.dk\/mors\/wp-content\/uploads\/2020\/12\/0-debat-peter-therkildsen.jpg","type":"image\/jpeg"}],"author":"David H\u00f8jmark","twitter_card":"summary_large_image","twitter_misc":{"Skrevet af":"David H\u00f8jmark","Estimeret l\u00e6setid":"5 minutter"},"schema":{"@context":"https:\/\/schema.org","@graph":[{"@type":"Article","@id":"https:\/\/kunmedierne.dk\/mors\/venstre-politiker-skabte-debat-om-beskaeftigelsesplan\/#article","isPartOf":{"@id":"https:\/\/kunmedierne.dk\/mors\/venstre-politiker-skabte-debat-om-beskaeftigelsesplan\/"},"author":{"name":"David H\u00f8jmark","@id":"https:\/\/kunmedierne.dk\/mors\/#\/schema\/person\/5fe23251bf1d0abbcdc6f7896579d548"},"headline":"Venstre-politiker skabte debat om besk\u00e6ftigelsesplan","datePublished":"2020-12-02T12:45:10+00:00","dateModified":"2024-08-12T11:38:10+00:00","mainEntityOfPage":{"@id":"https:\/\/kunmedierne.dk\/mors\/venstre-politiker-skabte-debat-om-beskaeftigelsesplan\/"},"wordCount":934,"commentCount":0,"publisher":{"@id":"https:\/\/kunmedierne.dk\/mors\/#organization"},"image":{"@id":"https:\/\/kunmedierne.dk\/mors\/venstre-politiker-skabte-debat-om-beskaeftigelsesplan\/#primaryimage"},"thumbnailUrl":"https:\/\/kunmedierne.dk\/mors\/wp-content\/uploads\/2020\/12\/0-debat-peter-therkildsen.jpg","keywords":["Politik"],"articleSection":["Lokalt"],"inLanguage":"da-DK","potentialAction":[{"@type":"CommentAction","name":"Comment","target":["https:\/\/kunmedierne.dk\/mors\/venstre-politiker-skabte-debat-om-beskaeftigelsesplan\/#respond"]}]},{"@type":"WebPage","@id":"https:\/\/kunmedierne.dk\/mors\/venstre-politiker-skabte-debat-om-beskaeftigelsesplan\/","url":"https:\/\/kunmedierne.dk\/mors\/venstre-politiker-skabte-debat-om-beskaeftigelsesplan\/","name":"Venstre-politiker skabte debat om besk\u00e6ftigelsesplan - Mors","isPartOf":{"@id":"https:\/\/kunmedierne.dk\/mors\/#website"},"primaryImageOfPage":{"@id":"https:\/\/kunmedierne.dk\/mors\/venstre-politiker-skabte-debat-om-beskaeftigelsesplan\/#primaryimage"},"image":{"@id":"https:\/\/kunmedierne.dk\/mors\/venstre-politiker-skabte-debat-om-beskaeftigelsesplan\/#primaryimage"},"thumbnailUrl":"https:\/\/kunmedierne.dk\/mors\/wp-content\/uploads\/2020\/12\/0-debat-peter-therkildsen.jpg","datePublished":"2020-12-02T12:45:10+00:00","dateModified":"2024-08-12T11:38:10+00:00","breadcrumb":{"@id":"https:\/\/kunmedierne.dk\/mors\/venstre-politiker-skabte-debat-om-beskaeftigelsesplan\/#breadcrumb"},"inLanguage":"da-DK","potentialAction":[{"@type":"ReadAction","target":["https:\/\/kunmedierne.dk\/mors\/venstre-politiker-skabte-debat-om-beskaeftigelsesplan\/"]}]},{"@type":"ImageObject","inLanguage":"da-DK","@id":"https:\/\/kunmedierne.dk\/mors\/venstre-politiker-skabte-debat-om-beskaeftigelsesplan\/#primaryimage","url":"https:\/\/kunmedierne.dk\/mors\/wp-content\/uploads\/2020\/12\/0-debat-peter-therkildsen.jpg","contentUrl":"https:\/\/kunmedierne.dk\/mors\/wp-content\/uploads\/2020\/12\/0-debat-peter-therkildsen.jpg","width":770,"height":513,"caption":"Peter Therkildsen (V) var ene om at skabe debat om Besk\u00e6ftigelsesplan 2021. Foto: Per Bech\/Mors\u00f8 Kommune."},{"@type":"BreadcrumbList","@id":"https:\/\/kunmedierne.dk\/mors\/venstre-politiker-skabte-debat-om-beskaeftigelsesplan\/#breadcrumb","itemListElement":[{"@type":"ListItem","position":1,"name":"Hjem","item":"https:\/\/kunmedierne.dk\/mors\/"},{"@type":"ListItem","position":2,"name":"Venstre-politiker skabte debat om besk\u00e6ftigelsesplan"}]},{"@type":"WebSite","@id":"https:\/\/kunmedierne.dk\/mors\/#website","url":"https:\/\/kunmedierne.dk\/mors\/","name":"Mors","description":"et netmedie med journalistik om livet p\u00e5 Mors","publisher":{"@id":"https:\/\/kunmedierne.dk\/mors\/#organization"},"potentialAction":[{"@type":"SearchAction","target":{"@type":"EntryPoint","urlTemplate":"https:\/\/kunmedierne.dk\/mors\/?s={search_term_string}"},"query-input":{"@type":"PropertyValueSpecification","valueRequired":true,"valueName":"search_term_string"}}],"inLanguage":"da-DK"},{"@type":"Organization","@id":"https:\/\/kunmedierne.dk\/mors\/#organization","name":"Mors","url":"https:\/\/kunmedierne.dk\/mors\/","logo":{"@type":"ImageObject","inLanguage":"da-DK","@id":"https:\/\/kunmedierne.dk\/mors\/#\/schema\/logo\/image\/","url":"https:\/\/kunmedierne.dk\/mors\/wp-content\/uploads\/2024\/08\/kunmors-logo.svg","contentUrl":"https:\/\/kunmedierne.dk\/mors\/wp-content\/uploads\/2024\/08\/kunmors-logo.svg","caption":"Mors"},"image":{"@id":"https:\/\/kunmedierne.dk\/mors\/#\/schema\/logo\/image\/"}},{"@type":"Person","@id":"https:\/\/kunmedierne.dk\/mors\/#\/schema\/person\/5fe23251bf1d0abbcdc6f7896579d548","name":"David H\u00f8jmark","image":{"@type":"ImageObject","inLanguage":"da-DK","@id":"https:\/\/kunmedierne.dk\/mors\/#\/schema\/person\/image\/","url":"https:\/\/secure.gravatar.com\/avatar\/4315d6fb9ef244d729989f5f90268eb08d5bf8a3d84402f595fa194bb35784fd?s=96&d=mm&r=g","contentUrl":"https:\/\/secure.gravatar.com\/avatar\/4315d6fb9ef244d729989f5f90268eb08d5bf8a3d84402f595fa194bb35784fd?s=96&d=mm&r=g","caption":"David H\u00f8jmark"},"sameAs":["https:\/\/www.kunmedierne.dk"],"url":"https:\/\/kunmedierne.dk\/mors\/author\/david\/"}]}},"_links":{"self":[{"href":"https:\/\/kunmedierne.dk\/mors\/wp-json\/wp\/v2\/posts\/36174","targetHints":{"allow":["GET"]}}],"collection":[{"href":"https:\/\/kunmedierne.dk\/mors\/wp-json\/wp\/v2\/posts"}],"about":[{"href":"https:\/\/kunmedierne.dk\/mors\/wp-json\/wp\/v2\/types\/post"}],"author":[{"embeddable":true,"href":"https:\/\/kunmedierne.dk\/mors\/wp-json\/wp\/v2\/users\/8"}],"replies":[{"embeddable":true,"href":"https:\/\/kunmedierne.dk\/mors\/wp-json\/wp\/v2\/comments?post=36174"}],"version-history":[{"count":7,"href":"https:\/\/kunmedierne.dk\/mors\/wp-json\/wp\/v2\/posts\/36174\/revisions"}],"predecessor-version":[{"id":36184,"href":"https:\/\/kunmedierne.dk\/mors\/wp-json\/wp\/v2\/posts\/36174\/revisions\/36184"}],"wp:featuredmedia":[{"embeddable":true,"href":"https:\/\/kunmedierne.dk\/mors\/wp-json\/wp\/v2\/media\/36178"}],"wp:attachment":[{"href":"https:\/\/kunmedierne.dk\/mors\/wp-json\/wp\/v2\/media?parent=36174"}],"wp:term":[{"taxonomy":"category","embeddable":true,"href":"https:\/\/kunmedierne.dk\/mors\/wp-json\/wp\/v2\/categories?post=36174"},{"taxonomy":"post_tag","embeddable":true,"href":"https:\/\/kunmedierne.dk\/mors\/wp-json\/wp\/v2\/tags?post=36174"}],"curies":[{"name":"wp","href":"https:\/\/api.w.org\/{rel}","templated":true}]}}