{"id":35783,"date":"2020-11-25T17:32:44","date_gmt":"2020-11-25T16:32:44","guid":{"rendered":"https:\/\/kunmedierne.dk\/mors\/?p=35783"},"modified":"2024-08-12T13:43:51","modified_gmt":"2024-08-12T11:43:51","slug":"kommunalbestyrelsesmoede-uden-fysisk-adgang-for-borgere","status":"publish","type":"post","link":"https:\/\/kunmedierne.dk\/mors\/kommunalbestyrelsesmoede-uden-fysisk-adgang-for-borgere\/","title":{"rendered":"Kommunalbestyrelsesm\u00f8de uden fysisk adgang for borgere"},"content":{"rendered":"<p><strong>MORS<\/strong>: De pr\u00f8vede det b\u00e5de i <a href=\"https:\/\/kunmedierne.dk\/mors\/henning-du-har-da-faaet-ny-skjorte-igen\/\" target=\"_blank\" rel=\"noopener noreferrer\">marts<\/a> og <a href=\"https:\/\/kunmedierne.dk\/mors\/forskelsbehandler-morsoe-kommune-oeens-haandvaerkere\/\" target=\"_blank\" rel=\"noopener noreferrer\">april<\/a> &#8211; og nu skal kommunalbestyrelsens medlemmer igen gennemg\u00e5 en dagsorden uden at v\u00e6re i samme rum.<\/p>\n<p>Det bliver p\u00e5 tirsdag p\u00e5 foranledning af borgmester Hans Ejner Bertelsen (V), der p\u00e5 grund af situationen med covid-19 har besluttet at holde kommunalbestyrelsesm\u00f8det som et virtuelt m\u00f8de. Det betyder, at kun pressen har adgang til byr\u00e5dssalen, hvor borgmester og kommunaldirekt\u00f8r samt en jurist og en tekniker vil v\u00e6re de eneste fra kommunal side til stede.<\/p>\n<p><a href=\"https:\/\/www.fmspks.dk\/\"><img loading=\"lazy\" decoding=\"async\" class=\"alignright size-full wp-image-35528\" src=\"https:\/\/kunmedierne.dk\/mors\/wp-content\/uploads\/2020\/11\/ho4.jpg\" alt=\"\" width=\"1400\" height=\"125\" srcset=\"https:\/\/kunmedierne.dk\/mors\/wp-content\/uploads\/2020\/11\/ho4.jpg 1400w, https:\/\/kunmedierne.dk\/mors\/wp-content\/uploads\/2020\/11\/ho4-300x27.jpg 300w, https:\/\/kunmedierne.dk\/mors\/wp-content\/uploads\/2020\/11\/ho4-1024x91.jpg 1024w, https:\/\/kunmedierne.dk\/mors\/wp-content\/uploads\/2020\/11\/ho4-768x69.jpg 768w, https:\/\/kunmedierne.dk\/mors\/wp-content\/uploads\/2020\/11\/ho4-600x54.jpg 600w\" sizes=\"auto, (max-width: 1400px) 100vw, 1400px\" \/><\/a>De \u00f8vrige 20 politikere vil logge p\u00e5 m\u00f8det via en internetforbindelse, og det vil ogs\u00e5 v\u00e6re p\u00e5 den m\u00e5de, kommunens borgere vil kunne v\u00e6re til stede. Ikke mens det sker, men n\u00e5r de via kommunens hjemmeside efterf\u00f8lgende vil kunne se optagelsen af m\u00f8det.<\/p>\n<p>Det er dog med forbehold for eventuelle tekniske problemer, lige som behandlingen af lukkede punkter ikke bliver offentliggjort som videooptagelse.<\/p>\n","protected":false},"excerpt":{"rendered":"<p>MORS: De pr\u00f8vede det b\u00e5de i marts og april &#8211; og nu skal kommunalbestyrelsens medlemmer igen gennemg\u00e5 en dagsorden uden at v\u00e6re i samme rum. Det bliver p\u00e5 tirsdag p\u00e5 foranledning af borgmester Hans Ejner Bertelsen (V), der p\u00e5 grund af situationen med covid-19 har besluttet at holde kommunalbestyrelsesm\u00f8det som et virtuelt m\u00f8de. Det betyder, [&hellip;]<\/p>\n","protected":false},"author":8,"featured_media":20393,"comment_status":"open","ping_status":"open","sticky":false,"template":"","format":"standard","meta":{"_acf_changed":false,"footnotes":""},"categories":[51],"tags":[167],"class_list":["post-35783","post","type-post","status-publish","format-standard","has-post-thumbnail","hentry","category-lokalt","tag-politik"],"acf":[],"yoast_head":"<!-- This site is optimized with the Yoast SEO plugin v26.8 - https:\/\/yoast.com\/product\/yoast-seo-wordpress\/ -->\n<title>Kommunalbestyrelsesm\u00f8de uden fysisk adgang for borgere - Mors<\/title>\n<meta name=\"robots\" content=\"index, follow, max-snippet:-1, max-image-preview:large, max-video-preview:-1\" \/>\n<link rel=\"canonical\" href=\"https:\/\/kunmedierne.dk\/mors\/kommunalbestyrelsesmoede-uden-fysisk-adgang-for-borgere\/\" \/>\n<meta property=\"og:locale\" content=\"da_DK\" \/>\n<meta property=\"og:type\" content=\"article\" \/>\n<meta property=\"og:title\" content=\"Kommunalbestyrelsesm\u00f8de uden fysisk adgang for borgere - Mors\" \/>\n<meta property=\"og:description\" content=\"MORS: De pr\u00f8vede det b\u00e5de i marts og april &#8211; og nu skal kommunalbestyrelsens medlemmer igen gennemg\u00e5 en dagsorden uden at v\u00e6re i samme rum. Det bliver p\u00e5 tirsdag p\u00e5 foranledning af borgmester Hans Ejner Bertelsen (V), der p\u00e5 grund af situationen med covid-19 har besluttet at holde kommunalbestyrelsesm\u00f8det som et virtuelt m\u00f8de. Det betyder, [&hellip;]\" \/>\n<meta property=\"og:url\" content=\"https:\/\/kunmedierne.dk\/mors\/kommunalbestyrelsesmoede-uden-fysisk-adgang-for-borgere\/\" \/>\n<meta property=\"og:site_name\" content=\"Mors\" \/>\n<meta property=\"article:published_time\" content=\"2020-11-25T16:32:44+00:00\" \/>\n<meta property=\"article:modified_time\" content=\"2024-08-12T11:43:51+00:00\" \/>\n<meta property=\"og:image\" content=\"https:\/\/kunmedierne.dk\/mors\/wp-content\/uploads\/2020\/05\/0-byr\u00e5dssalen.jpg\" \/>\n\t<meta property=\"og:image:width\" content=\"770\" \/>\n\t<meta property=\"og:image:height\" content=\"513\" \/>\n\t<meta property=\"og:image:type\" content=\"image\/jpeg\" \/>\n<meta name=\"author\" content=\"David H\u00f8jmark\" \/>\n<meta name=\"twitter:card\" content=\"summary_large_image\" \/>\n<meta name=\"twitter:label1\" content=\"Skrevet af\" \/>\n\t<meta name=\"twitter:data1\" content=\"David H\u00f8jmark\" \/>\n\t<meta name=\"twitter:label2\" content=\"Estimeret l\u00e6setid\" \/>\n\t<meta name=\"twitter:data2\" content=\"1 minut\" \/>\n<script type=\"application\/ld+json\" class=\"yoast-schema-graph\">{\"@context\":\"https:\/\/schema.org\",\"@graph\":[{\"@type\":\"Article\",\"@id\":\"https:\/\/kunmedierne.dk\/mors\/kommunalbestyrelsesmoede-uden-fysisk-adgang-for-borgere\/#article\",\"isPartOf\":{\"@id\":\"https:\/\/kunmedierne.dk\/mors\/kommunalbestyrelsesmoede-uden-fysisk-adgang-for-borgere\/\"},\"author\":{\"name\":\"David H\u00f8jmark\",\"@id\":\"https:\/\/kunmedierne.dk\/mors\/#\/schema\/person\/5fe23251bf1d0abbcdc6f7896579d548\"},\"headline\":\"Kommunalbestyrelsesm\u00f8de uden fysisk adgang for borgere\",\"datePublished\":\"2020-11-25T16:32:44+00:00\",\"dateModified\":\"2024-08-12T11:43:51+00:00\",\"mainEntityOfPage\":{\"@id\":\"https:\/\/kunmedierne.dk\/mors\/kommunalbestyrelsesmoede-uden-fysisk-adgang-for-borgere\/\"},\"wordCount\":165,\"commentCount\":0,\"publisher\":{\"@id\":\"https:\/\/kunmedierne.dk\/mors\/#organization\"},\"image\":{\"@id\":\"https:\/\/kunmedierne.dk\/mors\/kommunalbestyrelsesmoede-uden-fysisk-adgang-for-borgere\/#primaryimage\"},\"thumbnailUrl\":\"https:\/\/kunmedierne.dk\/mors\/wp-content\/uploads\/2020\/05\/0-byr\u00e5dssalen.jpg\",\"keywords\":[\"Politik\"],\"articleSection\":[\"Lokalt\"],\"inLanguage\":\"da-DK\",\"potentialAction\":[{\"@type\":\"CommentAction\",\"name\":\"Comment\",\"target\":[\"https:\/\/kunmedierne.dk\/mors\/kommunalbestyrelsesmoede-uden-fysisk-adgang-for-borgere\/#respond\"]}]},{\"@type\":\"WebPage\",\"@id\":\"https:\/\/kunmedierne.dk\/mors\/kommunalbestyrelsesmoede-uden-fysisk-adgang-for-borgere\/\",\"url\":\"https:\/\/kunmedierne.dk\/mors\/kommunalbestyrelsesmoede-uden-fysisk-adgang-for-borgere\/\",\"name\":\"Kommunalbestyrelsesm\u00f8de uden fysisk adgang for borgere - Mors\",\"isPartOf\":{\"@id\":\"https:\/\/kunmedierne.dk\/mors\/#website\"},\"primaryImageOfPage\":{\"@id\":\"https:\/\/kunmedierne.dk\/mors\/kommunalbestyrelsesmoede-uden-fysisk-adgang-for-borgere\/#primaryimage\"},\"image\":{\"@id\":\"https:\/\/kunmedierne.dk\/mors\/kommunalbestyrelsesmoede-uden-fysisk-adgang-for-borgere\/#primaryimage\"},\"thumbnailUrl\":\"https:\/\/kunmedierne.dk\/mors\/wp-content\/uploads\/2020\/05\/0-byr\u00e5dssalen.jpg\",\"datePublished\":\"2020-11-25T16:32:44+00:00\",\"dateModified\":\"2024-08-12T11:43:51+00:00\",\"breadcrumb\":{\"@id\":\"https:\/\/kunmedierne.dk\/mors\/kommunalbestyrelsesmoede-uden-fysisk-adgang-for-borgere\/#breadcrumb\"},\"inLanguage\":\"da-DK\",\"potentialAction\":[{\"@type\":\"ReadAction\",\"target\":[\"https:\/\/kunmedierne.dk\/mors\/kommunalbestyrelsesmoede-uden-fysisk-adgang-for-borgere\/\"]}]},{\"@type\":\"ImageObject\",\"inLanguage\":\"da-DK\",\"@id\":\"https:\/\/kunmedierne.dk\/mors\/kommunalbestyrelsesmoede-uden-fysisk-adgang-for-borgere\/#primaryimage\",\"url\":\"https:\/\/kunmedierne.dk\/mors\/wp-content\/uploads\/2020\/05\/0-byr\u00e5dssalen.jpg\",\"contentUrl\":\"https:\/\/kunmedierne.dk\/mors\/wp-content\/uploads\/2020\/05\/0-byr\u00e5dssalen.jpg\",\"width\":770,\"height\":513,\"caption\":\"Byr\u00e5dssalen. Foto: Mors\u00f8 Kommune.\"},{\"@type\":\"BreadcrumbList\",\"@id\":\"https:\/\/kunmedierne.dk\/mors\/kommunalbestyrelsesmoede-uden-fysisk-adgang-for-borgere\/#breadcrumb\",\"itemListElement\":[{\"@type\":\"ListItem\",\"position\":1,\"name\":\"Hjem\",\"item\":\"https:\/\/kunmedierne.dk\/mors\/\"},{\"@type\":\"ListItem\",\"position\":2,\"name\":\"Kommunalbestyrelsesm\u00f8de uden fysisk adgang for borgere\"}]},{\"@type\":\"WebSite\",\"@id\":\"https:\/\/kunmedierne.dk\/mors\/#website\",\"url\":\"https:\/\/kunmedierne.dk\/mors\/\",\"name\":\"Mors\",\"description\":\"et netmedie med journalistik om livet p\u00e5 Mors\",\"publisher\":{\"@id\":\"https:\/\/kunmedierne.dk\/mors\/#organization\"},\"potentialAction\":[{\"@type\":\"SearchAction\",\"target\":{\"@type\":\"EntryPoint\",\"urlTemplate\":\"https:\/\/kunmedierne.dk\/mors\/?s={search_term_string}\"},\"query-input\":{\"@type\":\"PropertyValueSpecification\",\"valueRequired\":true,\"valueName\":\"search_term_string\"}}],\"inLanguage\":\"da-DK\"},{\"@type\":\"Organization\",\"@id\":\"https:\/\/kunmedierne.dk\/mors\/#organization\",\"name\":\"Mors\",\"url\":\"https:\/\/kunmedierne.dk\/mors\/\",\"logo\":{\"@type\":\"ImageObject\",\"inLanguage\":\"da-DK\",\"@id\":\"https:\/\/kunmedierne.dk\/mors\/#\/schema\/logo\/image\/\",\"url\":\"https:\/\/kunmedierne.dk\/mors\/wp-content\/uploads\/2024\/08\/kunmors-logo.svg\",\"contentUrl\":\"https:\/\/kunmedierne.dk\/mors\/wp-content\/uploads\/2024\/08\/kunmors-logo.svg\",\"caption\":\"Mors\"},\"image\":{\"@id\":\"https:\/\/kunmedierne.dk\/mors\/#\/schema\/logo\/image\/\"}},{\"@type\":\"Person\",\"@id\":\"https:\/\/kunmedierne.dk\/mors\/#\/schema\/person\/5fe23251bf1d0abbcdc6f7896579d548\",\"name\":\"David H\u00f8jmark\",\"image\":{\"@type\":\"ImageObject\",\"inLanguage\":\"da-DK\",\"@id\":\"https:\/\/kunmedierne.dk\/mors\/#\/schema\/person\/image\/\",\"url\":\"https:\/\/secure.gravatar.com\/avatar\/4315d6fb9ef244d729989f5f90268eb08d5bf8a3d84402f595fa194bb35784fd?s=96&d=mm&r=g\",\"contentUrl\":\"https:\/\/secure.gravatar.com\/avatar\/4315d6fb9ef244d729989f5f90268eb08d5bf8a3d84402f595fa194bb35784fd?s=96&d=mm&r=g\",\"caption\":\"David H\u00f8jmark\"},\"sameAs\":[\"https:\/\/www.kunmedierne.dk\"],\"url\":\"https:\/\/kunmedierne.dk\/mors\/author\/david\/\"}]}<\/script>\n<!-- \/ Yoast SEO plugin. -->","yoast_head_json":{"title":"Kommunalbestyrelsesm\u00f8de uden fysisk adgang for borgere - Mors","robots":{"index":"index","follow":"follow","max-snippet":"max-snippet:-1","max-image-preview":"max-image-preview:large","max-video-preview":"max-video-preview:-1"},"canonical":"https:\/\/kunmedierne.dk\/mors\/kommunalbestyrelsesmoede-uden-fysisk-adgang-for-borgere\/","og_locale":"da_DK","og_type":"article","og_title":"Kommunalbestyrelsesm\u00f8de uden fysisk adgang for borgere - Mors","og_description":"MORS: De pr\u00f8vede det b\u00e5de i marts og april &#8211; og nu skal kommunalbestyrelsens medlemmer igen gennemg\u00e5 en dagsorden uden at v\u00e6re i samme rum. Det bliver p\u00e5 tirsdag p\u00e5 foranledning af borgmester Hans Ejner Bertelsen (V), der p\u00e5 grund af situationen med covid-19 har besluttet at holde kommunalbestyrelsesm\u00f8det som et virtuelt m\u00f8de. Det betyder, [&hellip;]","og_url":"https:\/\/kunmedierne.dk\/mors\/kommunalbestyrelsesmoede-uden-fysisk-adgang-for-borgere\/","og_site_name":"Mors","article_published_time":"2020-11-25T16:32:44+00:00","article_modified_time":"2024-08-12T11:43:51+00:00","og_image":[{"width":770,"height":513,"url":"https:\/\/kunmedierne.dk\/mors\/wp-content\/uploads\/2020\/05\/0-byr\u00e5dssalen.jpg","type":"image\/jpeg"}],"author":"David H\u00f8jmark","twitter_card":"summary_large_image","twitter_misc":{"Skrevet af":"David H\u00f8jmark","Estimeret l\u00e6setid":"1 minut"},"schema":{"@context":"https:\/\/schema.org","@graph":[{"@type":"Article","@id":"https:\/\/kunmedierne.dk\/mors\/kommunalbestyrelsesmoede-uden-fysisk-adgang-for-borgere\/#article","isPartOf":{"@id":"https:\/\/kunmedierne.dk\/mors\/kommunalbestyrelsesmoede-uden-fysisk-adgang-for-borgere\/"},"author":{"name":"David H\u00f8jmark","@id":"https:\/\/kunmedierne.dk\/mors\/#\/schema\/person\/5fe23251bf1d0abbcdc6f7896579d548"},"headline":"Kommunalbestyrelsesm\u00f8de uden fysisk adgang for borgere","datePublished":"2020-11-25T16:32:44+00:00","dateModified":"2024-08-12T11:43:51+00:00","mainEntityOfPage":{"@id":"https:\/\/kunmedierne.dk\/mors\/kommunalbestyrelsesmoede-uden-fysisk-adgang-for-borgere\/"},"wordCount":165,"commentCount":0,"publisher":{"@id":"https:\/\/kunmedierne.dk\/mors\/#organization"},"image":{"@id":"https:\/\/kunmedierne.dk\/mors\/kommunalbestyrelsesmoede-uden-fysisk-adgang-for-borgere\/#primaryimage"},"thumbnailUrl":"https:\/\/kunmedierne.dk\/mors\/wp-content\/uploads\/2020\/05\/0-byr\u00e5dssalen.jpg","keywords":["Politik"],"articleSection":["Lokalt"],"inLanguage":"da-DK","potentialAction":[{"@type":"CommentAction","name":"Comment","target":["https:\/\/kunmedierne.dk\/mors\/kommunalbestyrelsesmoede-uden-fysisk-adgang-for-borgere\/#respond"]}]},{"@type":"WebPage","@id":"https:\/\/kunmedierne.dk\/mors\/kommunalbestyrelsesmoede-uden-fysisk-adgang-for-borgere\/","url":"https:\/\/kunmedierne.dk\/mors\/kommunalbestyrelsesmoede-uden-fysisk-adgang-for-borgere\/","name":"Kommunalbestyrelsesm\u00f8de uden fysisk adgang for borgere - Mors","isPartOf":{"@id":"https:\/\/kunmedierne.dk\/mors\/#website"},"primaryImageOfPage":{"@id":"https:\/\/kunmedierne.dk\/mors\/kommunalbestyrelsesmoede-uden-fysisk-adgang-for-borgere\/#primaryimage"},"image":{"@id":"https:\/\/kunmedierne.dk\/mors\/kommunalbestyrelsesmoede-uden-fysisk-adgang-for-borgere\/#primaryimage"},"thumbnailUrl":"https:\/\/kunmedierne.dk\/mors\/wp-content\/uploads\/2020\/05\/0-byr\u00e5dssalen.jpg","datePublished":"2020-11-25T16:32:44+00:00","dateModified":"2024-08-12T11:43:51+00:00","breadcrumb":{"@id":"https:\/\/kunmedierne.dk\/mors\/kommunalbestyrelsesmoede-uden-fysisk-adgang-for-borgere\/#breadcrumb"},"inLanguage":"da-DK","potentialAction":[{"@type":"ReadAction","target":["https:\/\/kunmedierne.dk\/mors\/kommunalbestyrelsesmoede-uden-fysisk-adgang-for-borgere\/"]}]},{"@type":"ImageObject","inLanguage":"da-DK","@id":"https:\/\/kunmedierne.dk\/mors\/kommunalbestyrelsesmoede-uden-fysisk-adgang-for-borgere\/#primaryimage","url":"https:\/\/kunmedierne.dk\/mors\/wp-content\/uploads\/2020\/05\/0-byr\u00e5dssalen.jpg","contentUrl":"https:\/\/kunmedierne.dk\/mors\/wp-content\/uploads\/2020\/05\/0-byr\u00e5dssalen.jpg","width":770,"height":513,"caption":"Byr\u00e5dssalen. Foto: Mors\u00f8 Kommune."},{"@type":"BreadcrumbList","@id":"https:\/\/kunmedierne.dk\/mors\/kommunalbestyrelsesmoede-uden-fysisk-adgang-for-borgere\/#breadcrumb","itemListElement":[{"@type":"ListItem","position":1,"name":"Hjem","item":"https:\/\/kunmedierne.dk\/mors\/"},{"@type":"ListItem","position":2,"name":"Kommunalbestyrelsesm\u00f8de uden fysisk adgang for borgere"}]},{"@type":"WebSite","@id":"https:\/\/kunmedierne.dk\/mors\/#website","url":"https:\/\/kunmedierne.dk\/mors\/","name":"Mors","description":"et netmedie med journalistik om livet p\u00e5 Mors","publisher":{"@id":"https:\/\/kunmedierne.dk\/mors\/#organization"},"potentialAction":[{"@type":"SearchAction","target":{"@type":"EntryPoint","urlTemplate":"https:\/\/kunmedierne.dk\/mors\/?s={search_term_string}"},"query-input":{"@type":"PropertyValueSpecification","valueRequired":true,"valueName":"search_term_string"}}],"inLanguage":"da-DK"},{"@type":"Organization","@id":"https:\/\/kunmedierne.dk\/mors\/#organization","name":"Mors","url":"https:\/\/kunmedierne.dk\/mors\/","logo":{"@type":"ImageObject","inLanguage":"da-DK","@id":"https:\/\/kunmedierne.dk\/mors\/#\/schema\/logo\/image\/","url":"https:\/\/kunmedierne.dk\/mors\/wp-content\/uploads\/2024\/08\/kunmors-logo.svg","contentUrl":"https:\/\/kunmedierne.dk\/mors\/wp-content\/uploads\/2024\/08\/kunmors-logo.svg","caption":"Mors"},"image":{"@id":"https:\/\/kunmedierne.dk\/mors\/#\/schema\/logo\/image\/"}},{"@type":"Person","@id":"https:\/\/kunmedierne.dk\/mors\/#\/schema\/person\/5fe23251bf1d0abbcdc6f7896579d548","name":"David H\u00f8jmark","image":{"@type":"ImageObject","inLanguage":"da-DK","@id":"https:\/\/kunmedierne.dk\/mors\/#\/schema\/person\/image\/","url":"https:\/\/secure.gravatar.com\/avatar\/4315d6fb9ef244d729989f5f90268eb08d5bf8a3d84402f595fa194bb35784fd?s=96&d=mm&r=g","contentUrl":"https:\/\/secure.gravatar.com\/avatar\/4315d6fb9ef244d729989f5f90268eb08d5bf8a3d84402f595fa194bb35784fd?s=96&d=mm&r=g","caption":"David H\u00f8jmark"},"sameAs":["https:\/\/www.kunmedierne.dk"],"url":"https:\/\/kunmedierne.dk\/mors\/author\/david\/"}]}},"_links":{"self":[{"href":"https:\/\/kunmedierne.dk\/mors\/wp-json\/wp\/v2\/posts\/35783","targetHints":{"allow":["GET"]}}],"collection":[{"href":"https:\/\/kunmedierne.dk\/mors\/wp-json\/wp\/v2\/posts"}],"about":[{"href":"https:\/\/kunmedierne.dk\/mors\/wp-json\/wp\/v2\/types\/post"}],"author":[{"embeddable":true,"href":"https:\/\/kunmedierne.dk\/mors\/wp-json\/wp\/v2\/users\/8"}],"replies":[{"embeddable":true,"href":"https:\/\/kunmedierne.dk\/mors\/wp-json\/wp\/v2\/comments?post=35783"}],"version-history":[{"count":1,"href":"https:\/\/kunmedierne.dk\/mors\/wp-json\/wp\/v2\/posts\/35783\/revisions"}],"predecessor-version":[{"id":35784,"href":"https:\/\/kunmedierne.dk\/mors\/wp-json\/wp\/v2\/posts\/35783\/revisions\/35784"}],"wp:featuredmedia":[{"embeddable":true,"href":"https:\/\/kunmedierne.dk\/mors\/wp-json\/wp\/v2\/media\/20393"}],"wp:attachment":[{"href":"https:\/\/kunmedierne.dk\/mors\/wp-json\/wp\/v2\/media?parent=35783"}],"wp:term":[{"taxonomy":"category","embeddable":true,"href":"https:\/\/kunmedierne.dk\/mors\/wp-json\/wp\/v2\/categories?post=35783"},{"taxonomy":"post_tag","embeddable":true,"href":"https:\/\/kunmedierne.dk\/mors\/wp-json\/wp\/v2\/tags?post=35783"}],"curies":[{"name":"wp","href":"https:\/\/api.w.org\/{rel}","templated":true}]}}