{"id":35764,"date":"2020-11-25T11:58:07","date_gmt":"2020-11-25T10:58:07","guid":{"rendered":"https:\/\/kunmedierne.dk\/mors\/?p=35764"},"modified":"2024-08-12T13:43:51","modified_gmt":"2024-08-12T11:43:51","slug":"total-politisk-enighed-om-den-lokale-kamp-mod-coronaen","status":"publish","type":"post","link":"https:\/\/kunmedierne.dk\/mors\/total-politisk-enighed-om-den-lokale-kamp-mod-coronaen\/","title":{"rendered":"Total politisk enighed om den lokale kamp mod coronaen"},"content":{"rendered":"<p><strong>MORS<\/strong>: Smittetallene er ubehageligt h\u00f8je p\u00e5 Mors, og restriktioner og hjemsendelser har i den seneste uge v\u00e6ret dagens orden.<\/p>\n<p>Men flere gange har det v\u00e6ret n\u00e5lestiksoperationer. N\u00e5r en skoleklasse er blevet ramt, er d\u00e9n blevet sendt hjem, mens de \u00f8vrige har fortsat skolegangen. I mods\u00e6tning til i for\u00e5ret, da samfundet lukkede ned, og bland andet skoler og institutioner var lukkede i ugevis.<\/p>\n<p>S\u00e5 m\u00e5ske burde man lige nu g\u00f8re det samme p\u00e5 Mors, hvor covid-19 breder sig dag for dag?<\/p>\n<p>Ikke if\u00f8lge sundhedsmyndighederne, som anbefaler den nuv\u00e6rende kurs. Den gav borgmester Hans Ejner Bertelsen (V) forleden udtryk for, at Mors\u00f8 Kommune <a href=\"https:\/\/kunmedierne.dk\/mors\/borgmester-vi-skal-nok-faa-styr-paa-det\/\" target=\"_blank\" rel=\"noopener noreferrer\">vil f\u00f8lge slavisk<\/a> &#8211; og den holdning har han fuld opbakning til i kommunalbestyrelsen.<\/p>\n<p>KunMors har forh\u00f8rt sig hos Socialdemokratiet, Radikale Venstre, SF, Demokratisk Balance og Dansk Folkeparti &#8211; og meldingen lyder n\u00e6rmest i kor: Mors skal f\u00f8lge r\u00e5dene fra sundhedsmyndighederne.<\/p>\n<p>&#8220;Det er ret vigtigt, at det er dem, vi lytter til. Og s\u00e5 synes jeg, at vi i forvejen har v\u00e6ret st\u00e6rke til at reagere rigtig hurtigt,&#8221; siger Tore M\u00fcller (S).<\/p>\n<p>&#8220;Bare se p\u00e5 vores skoler og institutioner, hvor vi fors\u00f8ger at indd\u00e6mme s\u00e5 hurtigt som muligt &#8211; og s\u00e5 kraftigt som muligt. Det, synes jeg, m\u00e5 v\u00e6re nok lige nu,&#8221; siger han med tilf\u00f8jelsen:<\/p>\n<p>&#8220;Men vi holder da n\u00f8je \u00f8je med det.&#8221;<\/p>\n<p><a href=\"https:\/\/morsoe-begravelsesforretning.dk\/\"><img loading=\"lazy\" decoding=\"async\" class=\"alignright size-full wp-image-35519\" src=\"https:\/\/kunmedierne.dk\/mors\/wp-content\/uploads\/2020\/11\/ho5.jpg\" alt=\"\" width=\"1425\" height=\"127\" srcset=\"https:\/\/kunmedierne.dk\/mors\/wp-content\/uploads\/2020\/11\/ho5.jpg 1425w, https:\/\/kunmedierne.dk\/mors\/wp-content\/uploads\/2020\/11\/ho5-300x27.jpg 300w, https:\/\/kunmedierne.dk\/mors\/wp-content\/uploads\/2020\/11\/ho5-1024x91.jpg 1024w, https:\/\/kunmedierne.dk\/mors\/wp-content\/uploads\/2020\/11\/ho5-768x68.jpg 768w, https:\/\/kunmedierne.dk\/mors\/wp-content\/uploads\/2020\/11\/ho5-600x53.jpg 600w\" sizes=\"auto, (max-width: 1425px) 100vw, 1425px\" \/><\/a>Viggo Vangsgaard (SF) er enig i, at kommunen skal f\u00f8lge myndighedernes anbefalinger.<\/p>\n<p>&#8220;Selvf\u00f8lgelig skal det f\u00f8lges n\u00f8je lokalt, og det g\u00f8r vi ogs\u00e5. Og s\u00e5 m\u00e5 vi simpelthen vurdere fra dag til dag. Det, synes jeg faktisk, er en rimelig god strategi,&#8221; siger han og tilf\u00f8jer, at det ogs\u00e5 er vigtigt ikke at g\u00e5 i panik.<\/p>\n<p>&#8220;Der skal v\u00e6re r\u00e6son i det, man foretager sig, og de restriktioner, man stikker ud. Det skal v\u00e6re forst\u00e5elige restriktioner. Man skal ikke g\u00f8re noget bare for at g\u00f8re noget,&#8221; siger Viggo Vangsgaard.<\/p>\n<p>Jette Jepsen (RV) bakker ogs\u00e5 op om kursen med at lade sundhedsmyndighederne anbefale retningen lokalt.<\/p>\n<p>&#8220;Jeg t\u00e6nker, at de har samlet nogle erfaringer. Det burde de have. Og derudfra kan vi f\u00f8lge deres r\u00e5d og vejledning og den anbefaling, de giver,&#8221; siger hun og maner ogs\u00e5 til ro i forhold til de aktuelt meget h\u00f8je smittetal.<\/p>\n<p>&#8220;Jeg kan godt forst\u00e5, at man kan overveje at g\u00f8re noget mere, men jeg t\u00e6nker, at den her stigning i smitte kommer af, at man har pelset minkene ned. S\u00e5 jeg tror ogs\u00e5, at det peaker og snart g\u00e5r den anden vej, n\u00e5r minkene er v\u00e6k,&#8221; siger hun.<\/p>\n<p>Ellen Philipsen Dahl (DB) er lidt n\u00e6rmere end de \u00f8vrige en formulering om, at Mors\u00f8 Kommune b\u00f8r gribe ind p\u00e5 egen h\u00e5nd.<\/p>\n<p>&#8220;Hvis vi f\u00e5r nogle meldinger om, at vi ikke kan styre det &#8211; at det stiger kraftigt og hurtigt &#8211; s\u00e5 synes jeg helt klart, at vi i kommunen skal dr\u00f8fte det. Men det er jeg ret sikker p\u00e5, at Sundhedsmyndighederne er helt med p\u00e5. Det har de jo v\u00e6ret andre steder. Man har v\u00e6ret p\u00e5 forkant med at lukke ned, og jeg er tryg ved, at man har den samme holdning,&#8221; siger hun.<\/p>\n<p>&#8220;Men det er klart, at vi skal f\u00f8lge det og vurdere selvst\u00e6ndigt. Vi skal ikke bare blindt f\u00f8lge, hvad sundhedsmyndighederne siger. Vi skal ogs\u00e5 f\u00f8lge den udvikling, der er lokalt,&#8221; tilf\u00f8jer Ellen Philipsen Dahl.<\/p>\n<p><a href=\"https:\/\/www.sparnord.dk\/filialer\/nykoebing-mors\"><img loading=\"lazy\" decoding=\"async\" class=\"alignright size-full wp-image-35699\" src=\"https:\/\/kunmedierne.dk\/mors\/wp-content\/uploads\/2020\/11\/ho6.jpg\" alt=\"\" width=\"1400\" height=\"123\" srcset=\"https:\/\/kunmedierne.dk\/mors\/wp-content\/uploads\/2020\/11\/ho6.jpg 1400w, https:\/\/kunmedierne.dk\/mors\/wp-content\/uploads\/2020\/11\/ho6-300x26.jpg 300w, https:\/\/kunmedierne.dk\/mors\/wp-content\/uploads\/2020\/11\/ho6-1024x90.jpg 1024w, https:\/\/kunmedierne.dk\/mors\/wp-content\/uploads\/2020\/11\/ho6-768x67.jpg 768w, https:\/\/kunmedierne.dk\/mors\/wp-content\/uploads\/2020\/11\/ho6-600x53.jpg 600w\" sizes=\"auto, (max-width: 1400px) 100vw, 1400px\" \/><\/a>Meiner N\u00f8rgaard (DF) kalder det en selvf\u00f8lge, at kommunen alene f\u00f8lger anbefalingerne fra sundhedsmyndighederne. Og han advarer imod en nedlukning p\u00e5 niveau med den fra for\u00e5ret.<\/p>\n<p>&#8220;Vi skal for alt i verden undg\u00e5 at f\u00e5 vores erhvervsliv lukker ned en gang mere. For vi kan jo lige s\u00e5 tydeligt se, at det ikke er der, smitten er. S\u00e5 vi skal tage fat om problemet, hvor problemet er. S\u00e5 er jeg sikker p\u00e5, at vi f\u00e5r det l\u00f8st,&#8221; siger han og tilf\u00f8jer en forventning om snarligt fald i det lokale smittetal.<\/p>\n<p>&#8220;Alle de steder, der er konstateret smitte, bliver der lukket. Og der foreg\u00e5r en uhyggelig effektiv smittesporing. Hvad har folk lavet, og hvem har de v\u00e6ret sammen med? Det system virker,&#8221; siger han med tilf\u00f8jelsen, at det allervigtigste er borgernes eget fokus p\u00e5 at g\u00f8re det rigtige.<\/p>\n<p>&#8220;Det er grundsten nummer et i, at vi kommer sikkert videre,&#8221; siger Meiner N\u00f8rgaard.<\/p>\n","protected":false},"excerpt":{"rendered":"<p>MORS: Smittetallene er ubehageligt h\u00f8je p\u00e5 Mors, og restriktioner og hjemsendelser har i den seneste uge v\u00e6ret dagens orden. Men flere gange har det v\u00e6ret n\u00e5lestiksoperationer. N\u00e5r en skoleklasse er blevet ramt, er d\u00e9n blevet sendt hjem, mens de \u00f8vrige har fortsat skolegangen. I mods\u00e6tning til i for\u00e5ret, da samfundet lukkede ned, og bland andet [&hellip;]<\/p>\n","protected":false},"author":8,"featured_media":35765,"comment_status":"open","ping_status":"open","sticky":false,"template":"","format":"standard","meta":{"_acf_changed":false,"footnotes":""},"categories":[51],"tags":[167],"class_list":["post-35764","post","type-post","status-publish","format-standard","has-post-thumbnail","hentry","category-lokalt","tag-politik"],"acf":[],"yoast_head":"<!-- This site is optimized with the Yoast SEO plugin v26.8 - https:\/\/yoast.com\/product\/yoast-seo-wordpress\/ -->\n<title>Total politisk enighed om den lokale kamp mod coronaen - Mors<\/title>\n<meta name=\"robots\" content=\"index, follow, max-snippet:-1, max-image-preview:large, max-video-preview:-1\" \/>\n<link rel=\"canonical\" href=\"https:\/\/kunmedierne.dk\/mors\/total-politisk-enighed-om-den-lokale-kamp-mod-coronaen\/\" \/>\n<meta property=\"og:locale\" content=\"da_DK\" \/>\n<meta property=\"og:type\" content=\"article\" \/>\n<meta property=\"og:title\" content=\"Total politisk enighed om den lokale kamp mod coronaen - Mors\" \/>\n<meta property=\"og:description\" content=\"MORS: Smittetallene er ubehageligt h\u00f8je p\u00e5 Mors, og restriktioner og hjemsendelser har i den seneste uge v\u00e6ret dagens orden. Men flere gange har det v\u00e6ret n\u00e5lestiksoperationer. N\u00e5r en skoleklasse er blevet ramt, er d\u00e9n blevet sendt hjem, mens de \u00f8vrige har fortsat skolegangen. I mods\u00e6tning til i for\u00e5ret, da samfundet lukkede ned, og bland andet [&hellip;]\" \/>\n<meta property=\"og:url\" content=\"https:\/\/kunmedierne.dk\/mors\/total-politisk-enighed-om-den-lokale-kamp-mod-coronaen\/\" \/>\n<meta property=\"og:site_name\" content=\"Mors\" \/>\n<meta property=\"article:published_time\" content=\"2020-11-25T10:58:07+00:00\" \/>\n<meta property=\"article:modified_time\" content=\"2024-08-12T11:43:51+00:00\" \/>\n<meta property=\"og:image\" content=\"https:\/\/kunmedierne.dk\/mors\/wp-content\/uploads\/2020\/11\/morscorona.jpg\" \/>\n\t<meta property=\"og:image:width\" content=\"770\" \/>\n\t<meta property=\"og:image:height\" content=\"512\" \/>\n\t<meta property=\"og:image:type\" content=\"image\/jpeg\" \/>\n<meta name=\"author\" content=\"David H\u00f8jmark\" \/>\n<meta name=\"twitter:card\" content=\"summary_large_image\" \/>\n<meta name=\"twitter:label1\" content=\"Skrevet af\" \/>\n\t<meta name=\"twitter:data1\" content=\"David H\u00f8jmark\" \/>\n\t<meta name=\"twitter:label2\" content=\"Estimeret l\u00e6setid\" \/>\n\t<meta name=\"twitter:data2\" content=\"4 minutter\" \/>\n<script type=\"application\/ld+json\" class=\"yoast-schema-graph\">{\"@context\":\"https:\/\/schema.org\",\"@graph\":[{\"@type\":\"Article\",\"@id\":\"https:\/\/kunmedierne.dk\/mors\/total-politisk-enighed-om-den-lokale-kamp-mod-coronaen\/#article\",\"isPartOf\":{\"@id\":\"https:\/\/kunmedierne.dk\/mors\/total-politisk-enighed-om-den-lokale-kamp-mod-coronaen\/\"},\"author\":{\"name\":\"David H\u00f8jmark\",\"@id\":\"https:\/\/kunmedierne.dk\/mors\/#\/schema\/person\/5fe23251bf1d0abbcdc6f7896579d548\"},\"headline\":\"Total politisk enighed om den lokale kamp mod coronaen\",\"datePublished\":\"2020-11-25T10:58:07+00:00\",\"dateModified\":\"2024-08-12T11:43:51+00:00\",\"mainEntityOfPage\":{\"@id\":\"https:\/\/kunmedierne.dk\/mors\/total-politisk-enighed-om-den-lokale-kamp-mod-coronaen\/\"},\"wordCount\":768,\"commentCount\":0,\"publisher\":{\"@id\":\"https:\/\/kunmedierne.dk\/mors\/#organization\"},\"image\":{\"@id\":\"https:\/\/kunmedierne.dk\/mors\/total-politisk-enighed-om-den-lokale-kamp-mod-coronaen\/#primaryimage\"},\"thumbnailUrl\":\"https:\/\/kunmedierne.dk\/mors\/wp-content\/uploads\/2020\/11\/morscorona.jpg\",\"keywords\":[\"Politik\"],\"articleSection\":[\"Lokalt\"],\"inLanguage\":\"da-DK\",\"potentialAction\":[{\"@type\":\"CommentAction\",\"name\":\"Comment\",\"target\":[\"https:\/\/kunmedierne.dk\/mors\/total-politisk-enighed-om-den-lokale-kamp-mod-coronaen\/#respond\"]}]},{\"@type\":\"WebPage\",\"@id\":\"https:\/\/kunmedierne.dk\/mors\/total-politisk-enighed-om-den-lokale-kamp-mod-coronaen\/\",\"url\":\"https:\/\/kunmedierne.dk\/mors\/total-politisk-enighed-om-den-lokale-kamp-mod-coronaen\/\",\"name\":\"Total politisk enighed om den lokale kamp mod coronaen - Mors\",\"isPartOf\":{\"@id\":\"https:\/\/kunmedierne.dk\/mors\/#website\"},\"primaryImageOfPage\":{\"@id\":\"https:\/\/kunmedierne.dk\/mors\/total-politisk-enighed-om-den-lokale-kamp-mod-coronaen\/#primaryimage\"},\"image\":{\"@id\":\"https:\/\/kunmedierne.dk\/mors\/total-politisk-enighed-om-den-lokale-kamp-mod-coronaen\/#primaryimage\"},\"thumbnailUrl\":\"https:\/\/kunmedierne.dk\/mors\/wp-content\/uploads\/2020\/11\/morscorona.jpg\",\"datePublished\":\"2020-11-25T10:58:07+00:00\",\"dateModified\":\"2024-08-12T11:43:51+00:00\",\"breadcrumb\":{\"@id\":\"https:\/\/kunmedierne.dk\/mors\/total-politisk-enighed-om-den-lokale-kamp-mod-coronaen\/#breadcrumb\"},\"inLanguage\":\"da-DK\",\"potentialAction\":[{\"@type\":\"ReadAction\",\"target\":[\"https:\/\/kunmedierne.dk\/mors\/total-politisk-enighed-om-den-lokale-kamp-mod-coronaen\/\"]}]},{\"@type\":\"ImageObject\",\"inLanguage\":\"da-DK\",\"@id\":\"https:\/\/kunmedierne.dk\/mors\/total-politisk-enighed-om-den-lokale-kamp-mod-coronaen\/#primaryimage\",\"url\":\"https:\/\/kunmedierne.dk\/mors\/wp-content\/uploads\/2020\/11\/morscorona.jpg\",\"contentUrl\":\"https:\/\/kunmedierne.dk\/mors\/wp-content\/uploads\/2020\/11\/morscorona.jpg\",\"width\":770,\"height\":512,\"caption\":\"Screendump med Statens Serum Instituts kort over smitteramte kommuner.\"},{\"@type\":\"BreadcrumbList\",\"@id\":\"https:\/\/kunmedierne.dk\/mors\/total-politisk-enighed-om-den-lokale-kamp-mod-coronaen\/#breadcrumb\",\"itemListElement\":[{\"@type\":\"ListItem\",\"position\":1,\"name\":\"Hjem\",\"item\":\"https:\/\/kunmedierne.dk\/mors\/\"},{\"@type\":\"ListItem\",\"position\":2,\"name\":\"Total politisk enighed om den lokale kamp mod coronaen\"}]},{\"@type\":\"WebSite\",\"@id\":\"https:\/\/kunmedierne.dk\/mors\/#website\",\"url\":\"https:\/\/kunmedierne.dk\/mors\/\",\"name\":\"Mors\",\"description\":\"et netmedie med journalistik om livet p\u00e5 Mors\",\"publisher\":{\"@id\":\"https:\/\/kunmedierne.dk\/mors\/#organization\"},\"potentialAction\":[{\"@type\":\"SearchAction\",\"target\":{\"@type\":\"EntryPoint\",\"urlTemplate\":\"https:\/\/kunmedierne.dk\/mors\/?s={search_term_string}\"},\"query-input\":{\"@type\":\"PropertyValueSpecification\",\"valueRequired\":true,\"valueName\":\"search_term_string\"}}],\"inLanguage\":\"da-DK\"},{\"@type\":\"Organization\",\"@id\":\"https:\/\/kunmedierne.dk\/mors\/#organization\",\"name\":\"Mors\",\"url\":\"https:\/\/kunmedierne.dk\/mors\/\",\"logo\":{\"@type\":\"ImageObject\",\"inLanguage\":\"da-DK\",\"@id\":\"https:\/\/kunmedierne.dk\/mors\/#\/schema\/logo\/image\/\",\"url\":\"https:\/\/kunmedierne.dk\/mors\/wp-content\/uploads\/2024\/08\/kunmors-logo.svg\",\"contentUrl\":\"https:\/\/kunmedierne.dk\/mors\/wp-content\/uploads\/2024\/08\/kunmors-logo.svg\",\"caption\":\"Mors\"},\"image\":{\"@id\":\"https:\/\/kunmedierne.dk\/mors\/#\/schema\/logo\/image\/\"}},{\"@type\":\"Person\",\"@id\":\"https:\/\/kunmedierne.dk\/mors\/#\/schema\/person\/5fe23251bf1d0abbcdc6f7896579d548\",\"name\":\"David H\u00f8jmark\",\"image\":{\"@type\":\"ImageObject\",\"inLanguage\":\"da-DK\",\"@id\":\"https:\/\/kunmedierne.dk\/mors\/#\/schema\/person\/image\/\",\"url\":\"https:\/\/secure.gravatar.com\/avatar\/4315d6fb9ef244d729989f5f90268eb08d5bf8a3d84402f595fa194bb35784fd?s=96&d=mm&r=g\",\"contentUrl\":\"https:\/\/secure.gravatar.com\/avatar\/4315d6fb9ef244d729989f5f90268eb08d5bf8a3d84402f595fa194bb35784fd?s=96&d=mm&r=g\",\"caption\":\"David H\u00f8jmark\"},\"sameAs\":[\"https:\/\/www.kunmedierne.dk\"],\"url\":\"https:\/\/kunmedierne.dk\/mors\/author\/david\/\"}]}<\/script>\n<!-- \/ Yoast SEO plugin. -->","yoast_head_json":{"title":"Total politisk enighed om den lokale kamp mod coronaen - Mors","robots":{"index":"index","follow":"follow","max-snippet":"max-snippet:-1","max-image-preview":"max-image-preview:large","max-video-preview":"max-video-preview:-1"},"canonical":"https:\/\/kunmedierne.dk\/mors\/total-politisk-enighed-om-den-lokale-kamp-mod-coronaen\/","og_locale":"da_DK","og_type":"article","og_title":"Total politisk enighed om den lokale kamp mod coronaen - Mors","og_description":"MORS: Smittetallene er ubehageligt h\u00f8je p\u00e5 Mors, og restriktioner og hjemsendelser har i den seneste uge v\u00e6ret dagens orden. Men flere gange har det v\u00e6ret n\u00e5lestiksoperationer. N\u00e5r en skoleklasse er blevet ramt, er d\u00e9n blevet sendt hjem, mens de \u00f8vrige har fortsat skolegangen. I mods\u00e6tning til i for\u00e5ret, da samfundet lukkede ned, og bland andet [&hellip;]","og_url":"https:\/\/kunmedierne.dk\/mors\/total-politisk-enighed-om-den-lokale-kamp-mod-coronaen\/","og_site_name":"Mors","article_published_time":"2020-11-25T10:58:07+00:00","article_modified_time":"2024-08-12T11:43:51+00:00","og_image":[{"width":770,"height":512,"url":"https:\/\/kunmedierne.dk\/mors\/wp-content\/uploads\/2020\/11\/morscorona.jpg","type":"image\/jpeg"}],"author":"David H\u00f8jmark","twitter_card":"summary_large_image","twitter_misc":{"Skrevet af":"David H\u00f8jmark","Estimeret l\u00e6setid":"4 minutter"},"schema":{"@context":"https:\/\/schema.org","@graph":[{"@type":"Article","@id":"https:\/\/kunmedierne.dk\/mors\/total-politisk-enighed-om-den-lokale-kamp-mod-coronaen\/#article","isPartOf":{"@id":"https:\/\/kunmedierne.dk\/mors\/total-politisk-enighed-om-den-lokale-kamp-mod-coronaen\/"},"author":{"name":"David H\u00f8jmark","@id":"https:\/\/kunmedierne.dk\/mors\/#\/schema\/person\/5fe23251bf1d0abbcdc6f7896579d548"},"headline":"Total politisk enighed om den lokale kamp mod coronaen","datePublished":"2020-11-25T10:58:07+00:00","dateModified":"2024-08-12T11:43:51+00:00","mainEntityOfPage":{"@id":"https:\/\/kunmedierne.dk\/mors\/total-politisk-enighed-om-den-lokale-kamp-mod-coronaen\/"},"wordCount":768,"commentCount":0,"publisher":{"@id":"https:\/\/kunmedierne.dk\/mors\/#organization"},"image":{"@id":"https:\/\/kunmedierne.dk\/mors\/total-politisk-enighed-om-den-lokale-kamp-mod-coronaen\/#primaryimage"},"thumbnailUrl":"https:\/\/kunmedierne.dk\/mors\/wp-content\/uploads\/2020\/11\/morscorona.jpg","keywords":["Politik"],"articleSection":["Lokalt"],"inLanguage":"da-DK","potentialAction":[{"@type":"CommentAction","name":"Comment","target":["https:\/\/kunmedierne.dk\/mors\/total-politisk-enighed-om-den-lokale-kamp-mod-coronaen\/#respond"]}]},{"@type":"WebPage","@id":"https:\/\/kunmedierne.dk\/mors\/total-politisk-enighed-om-den-lokale-kamp-mod-coronaen\/","url":"https:\/\/kunmedierne.dk\/mors\/total-politisk-enighed-om-den-lokale-kamp-mod-coronaen\/","name":"Total politisk enighed om den lokale kamp mod coronaen - Mors","isPartOf":{"@id":"https:\/\/kunmedierne.dk\/mors\/#website"},"primaryImageOfPage":{"@id":"https:\/\/kunmedierne.dk\/mors\/total-politisk-enighed-om-den-lokale-kamp-mod-coronaen\/#primaryimage"},"image":{"@id":"https:\/\/kunmedierne.dk\/mors\/total-politisk-enighed-om-den-lokale-kamp-mod-coronaen\/#primaryimage"},"thumbnailUrl":"https:\/\/kunmedierne.dk\/mors\/wp-content\/uploads\/2020\/11\/morscorona.jpg","datePublished":"2020-11-25T10:58:07+00:00","dateModified":"2024-08-12T11:43:51+00:00","breadcrumb":{"@id":"https:\/\/kunmedierne.dk\/mors\/total-politisk-enighed-om-den-lokale-kamp-mod-coronaen\/#breadcrumb"},"inLanguage":"da-DK","potentialAction":[{"@type":"ReadAction","target":["https:\/\/kunmedierne.dk\/mors\/total-politisk-enighed-om-den-lokale-kamp-mod-coronaen\/"]}]},{"@type":"ImageObject","inLanguage":"da-DK","@id":"https:\/\/kunmedierne.dk\/mors\/total-politisk-enighed-om-den-lokale-kamp-mod-coronaen\/#primaryimage","url":"https:\/\/kunmedierne.dk\/mors\/wp-content\/uploads\/2020\/11\/morscorona.jpg","contentUrl":"https:\/\/kunmedierne.dk\/mors\/wp-content\/uploads\/2020\/11\/morscorona.jpg","width":770,"height":512,"caption":"Screendump med Statens Serum Instituts kort over smitteramte kommuner."},{"@type":"BreadcrumbList","@id":"https:\/\/kunmedierne.dk\/mors\/total-politisk-enighed-om-den-lokale-kamp-mod-coronaen\/#breadcrumb","itemListElement":[{"@type":"ListItem","position":1,"name":"Hjem","item":"https:\/\/kunmedierne.dk\/mors\/"},{"@type":"ListItem","position":2,"name":"Total politisk enighed om den lokale kamp mod coronaen"}]},{"@type":"WebSite","@id":"https:\/\/kunmedierne.dk\/mors\/#website","url":"https:\/\/kunmedierne.dk\/mors\/","name":"Mors","description":"et netmedie med journalistik om livet p\u00e5 Mors","publisher":{"@id":"https:\/\/kunmedierne.dk\/mors\/#organization"},"potentialAction":[{"@type":"SearchAction","target":{"@type":"EntryPoint","urlTemplate":"https:\/\/kunmedierne.dk\/mors\/?s={search_term_string}"},"query-input":{"@type":"PropertyValueSpecification","valueRequired":true,"valueName":"search_term_string"}}],"inLanguage":"da-DK"},{"@type":"Organization","@id":"https:\/\/kunmedierne.dk\/mors\/#organization","name":"Mors","url":"https:\/\/kunmedierne.dk\/mors\/","logo":{"@type":"ImageObject","inLanguage":"da-DK","@id":"https:\/\/kunmedierne.dk\/mors\/#\/schema\/logo\/image\/","url":"https:\/\/kunmedierne.dk\/mors\/wp-content\/uploads\/2024\/08\/kunmors-logo.svg","contentUrl":"https:\/\/kunmedierne.dk\/mors\/wp-content\/uploads\/2024\/08\/kunmors-logo.svg","caption":"Mors"},"image":{"@id":"https:\/\/kunmedierne.dk\/mors\/#\/schema\/logo\/image\/"}},{"@type":"Person","@id":"https:\/\/kunmedierne.dk\/mors\/#\/schema\/person\/5fe23251bf1d0abbcdc6f7896579d548","name":"David H\u00f8jmark","image":{"@type":"ImageObject","inLanguage":"da-DK","@id":"https:\/\/kunmedierne.dk\/mors\/#\/schema\/person\/image\/","url":"https:\/\/secure.gravatar.com\/avatar\/4315d6fb9ef244d729989f5f90268eb08d5bf8a3d84402f595fa194bb35784fd?s=96&d=mm&r=g","contentUrl":"https:\/\/secure.gravatar.com\/avatar\/4315d6fb9ef244d729989f5f90268eb08d5bf8a3d84402f595fa194bb35784fd?s=96&d=mm&r=g","caption":"David H\u00f8jmark"},"sameAs":["https:\/\/www.kunmedierne.dk"],"url":"https:\/\/kunmedierne.dk\/mors\/author\/david\/"}]}},"_links":{"self":[{"href":"https:\/\/kunmedierne.dk\/mors\/wp-json\/wp\/v2\/posts\/35764","targetHints":{"allow":["GET"]}}],"collection":[{"href":"https:\/\/kunmedierne.dk\/mors\/wp-json\/wp\/v2\/posts"}],"about":[{"href":"https:\/\/kunmedierne.dk\/mors\/wp-json\/wp\/v2\/types\/post"}],"author":[{"embeddable":true,"href":"https:\/\/kunmedierne.dk\/mors\/wp-json\/wp\/v2\/users\/8"}],"replies":[{"embeddable":true,"href":"https:\/\/kunmedierne.dk\/mors\/wp-json\/wp\/v2\/comments?post=35764"}],"version-history":[{"count":2,"href":"https:\/\/kunmedierne.dk\/mors\/wp-json\/wp\/v2\/posts\/35764\/revisions"}],"predecessor-version":[{"id":35767,"href":"https:\/\/kunmedierne.dk\/mors\/wp-json\/wp\/v2\/posts\/35764\/revisions\/35767"}],"wp:featuredmedia":[{"embeddable":true,"href":"https:\/\/kunmedierne.dk\/mors\/wp-json\/wp\/v2\/media\/35765"}],"wp:attachment":[{"href":"https:\/\/kunmedierne.dk\/mors\/wp-json\/wp\/v2\/media?parent=35764"}],"wp:term":[{"taxonomy":"category","embeddable":true,"href":"https:\/\/kunmedierne.dk\/mors\/wp-json\/wp\/v2\/categories?post=35764"},{"taxonomy":"post_tag","embeddable":true,"href":"https:\/\/kunmedierne.dk\/mors\/wp-json\/wp\/v2\/tags?post=35764"}],"curies":[{"name":"wp","href":"https:\/\/api.w.org\/{rel}","templated":true}]}}