{"id":35687,"date":"2020-11-24T05:17:34","date_gmt":"2020-11-24T04:17:34","guid":{"rendered":"https:\/\/kunmedierne.dk\/mors\/?p=35687"},"modified":"2024-08-12T13:43:51","modified_gmt":"2024-08-12T11:43:51","slug":"coronaramt-familiefar-alt-er-foregaaet-helt-efter-bogen","status":"publish","type":"post","link":"https:\/\/kunmedierne.dk\/mors\/coronaramt-familiefar-alt-er-foregaaet-helt-efter-bogen\/","title":{"rendered":"Coronaramt familiefar: &#8211; Alt er foreg\u00e5et helt efter bogen"},"content":{"rendered":"<p><strong>MORS<\/strong>: Det er foreg\u00e5et helt efter bogen. Proceduren i forbindelse med coronasmitte er lige s\u00e5 stringent p\u00e5 \u00d8ster J\u00f8lby Skole som p\u00e5 \u00f8ens \u00f8vrige skoler.<\/p>\n<p>S\u00e5dan lyder det fra Martin Haar Josefsen, far til den pige i skolens 2. klasse, der er ramt af coronavirus. Han er nemlig godt tr\u00e6t af rygter om, at hun allerede mandag i sidste uge var testet positiv, hvorefter kommunen og skolen alligevel valgte at lade klassen forts\u00e6tte med at m\u00f8de i resten af ugen.<\/p>\n<p>&#8220;Jeg gider ikke, at der bliver peget fingre. Det er bedre, at man f\u00e5r det ud,&#8221; siger han om \u00e5rsagen til at st\u00e5 frem.<\/p>\n<p>Sagen er, forklarer Martin Haar Josefsen, at det er ham, der var \u00e5rsagen til, at datteren mandag i sidste uge blev taget ud af skolen. Da havde han nemlig selv f\u00e5et konstateret covid-19.<\/p>\n<p>Som driftsleder ved Mors\u00f8 Taxi- og Turisttrafik havde han s\u00f8ndag f\u00e5et at vide, at en af selskabets chauff\u00f8rer havde f\u00e5et p\u00e5vist sygdommen. Derfor ringede han til myndighederne og forh\u00f8rte sig om proceduren, s\u00e5 mandag morgen blev alle i selskabet massetestet.<\/p>\n<p>Mandag eftermiddag kom svarene. Alle var negative &#8211; bortset fra en.<\/p>\n<p><a href=\"https:\/\/www.sparnord.dk\/filialer\/nykoebing-mors\"><img loading=\"lazy\" decoding=\"async\" class=\"alignright size-full wp-image-35699\" src=\"https:\/\/kunmedierne.dk\/mors\/wp-content\/uploads\/2020\/11\/ho6.jpg\" alt=\"\" width=\"1400\" height=\"123\" srcset=\"https:\/\/kunmedierne.dk\/mors\/wp-content\/uploads\/2020\/11\/ho6.jpg 1400w, https:\/\/kunmedierne.dk\/mors\/wp-content\/uploads\/2020\/11\/ho6-300x26.jpg 300w, https:\/\/kunmedierne.dk\/mors\/wp-content\/uploads\/2020\/11\/ho6-1024x90.jpg 1024w, https:\/\/kunmedierne.dk\/mors\/wp-content\/uploads\/2020\/11\/ho6-768x67.jpg 768w, https:\/\/kunmedierne.dk\/mors\/wp-content\/uploads\/2020\/11\/ho6-600x53.jpg 600w\" sizes=\"auto, (max-width: 1400px) 100vw, 1400px\" \/><\/a>&#8220;Min test var den eneste, der var positiv. S\u00e5 jeg tog selvf\u00f8lgelig hjem fra arbejde og ringede til min kone, som k\u00f8rte til \u00d8ster J\u00f8lby og ringede ind til SFO for at bede dem om at sende vores datter ud, fordi vi havde f\u00e5et konstateret corona,&#8221; fort\u00e6ller han.<\/p>\n<p>Og siden har hele familien med to voksne og to b\u00f8rn v\u00e6ret i selvisolation &#8211; men alts\u00e5 de f\u00f8rste mange dage med kun Martin Haar Josefsen som bekr\u00e6ftet smittet.<\/p>\n<p>Alle blev testet onsdag, og da svarene kom torsdag, var det stadig kun ham, der var positiv. Dog undrede det, at hans kone havde f\u00e5et to negative testsvar i sundhed.dk, mens der ikke var kommet noget resultat p\u00e5 testen af deres datter.<\/p>\n<p>&#8220;S\u00e5 ringede vi til l\u00e6gerne. De undrede sig ogs\u00e5, og de kunne ikke se, at testen var taget i Thisted. Men det kan m\u00e5ske v\u00e6re den, der er kommet to gange til min kone,&#8221; siger Martin Haar Josefsen.<\/p>\n<p>&nbsp;<\/p>\n<p><strong>Ny test var positiv<\/strong><\/p>\n<p>P\u00e5 sin vis er det heldigt, at der ikke kom svar p\u00e5 datterens test onsdag. For hvis den var kommet retur som negativ, havde det ikke v\u00e6ret n\u00f8dvendigt at sende skoleklassen hjem. Heller ikke selv om den senere test, der blev taget fredag, viste sig positiv.<\/p>\n<p>Og det gjorde den.<\/p>\n<p>&#8220;S\u00f8ndag eftermiddag fik vi svar p\u00e5 test nummer to, og den var s\u00e5 positiv,&#8221; siger Martin Haar Josefsen og fort\u00e6ller, at for\u00e6ldrene straks ringede til skolen, hvorefter proceduren gik i gang.<\/p>\n<p>Skolens for\u00e6ldre er siden blevet orienteret, og det er blevet forklaret, at pigen, der s\u00f8ndag blev konstateret smittet, allerede var taget ud af klassen i mandags. Og undervejs i forl\u00f8bet opstod der s\u00e5 en misforst\u00e5else om, at hun allerede mandag ogs\u00e5 var konstateret smittet.<\/p>\n<p>&#8220;Men hun blev taget ud af klassen, fordi jeg var smittet &#8211; ikke fordi hun selv var smittet,&#8221; understreger Martin Haar Josefsen.<\/p>\n<p>&nbsp;<\/p>\n<p><strong>M\u00e5 gerne stille sp\u00f8rgsm\u00e5l<\/strong><\/p>\n<p>Han h\u00e5ber, at han ved at st\u00e5 frem kan aflive misforst\u00e5elsen en gang for alle.<\/p>\n<p>&#8220;Der skal ikke ses ned p\u00e5 hende p\u00e5 grund af noget, vi har gjort. Og vi har gjort alt efter retningslinjerne,&#8221; siger han.<\/p>\n<p><a href=\"https:\/\/vognmand-filtenborg.dk\/\"><img loading=\"lazy\" decoding=\"async\" class=\"alignright size-full wp-image-35525\" src=\"https:\/\/kunmedierne.dk\/mors\/wp-content\/uploads\/2020\/11\/ho1.jpg\" alt=\"\" width=\"1400\" height=\"125\" srcset=\"https:\/\/kunmedierne.dk\/mors\/wp-content\/uploads\/2020\/11\/ho1.jpg 1400w, https:\/\/kunmedierne.dk\/mors\/wp-content\/uploads\/2020\/11\/ho1-300x27.jpg 300w, https:\/\/kunmedierne.dk\/mors\/wp-content\/uploads\/2020\/11\/ho1-1024x91.jpg 1024w, https:\/\/kunmedierne.dk\/mors\/wp-content\/uploads\/2020\/11\/ho1-768x69.jpg 768w, https:\/\/kunmedierne.dk\/mors\/wp-content\/uploads\/2020\/11\/ho1-600x54.jpg 600w\" sizes=\"auto, (max-width: 1400px) 100vw, 1400px\" \/><\/a>&#8220;Min kone er i hjemmeplejen, og jeg er i busbranchen, og der skal ikke k\u00f8re nogle rygter om, at vi ikke har h\u00e5ndteret det korrekt,&#8221; tilf\u00f8jer han og opfordrer i \u00f8vrigt folk med sp\u00f8rgsm\u00e5l til at kontakte Line Abildgaard, skoleleder p\u00e5 \u00d8ster J\u00f8lby Skole, for at h\u00f8re til forl\u00f8bet.<\/p>\n<p>&#8220;Folk m\u00e5 gerne stille sp\u00f8rgsm\u00e5l, og der er ogs\u00e5 flere, der har skrevet. Det er bare tr\u00e6ls, at nogen tror, at man p\u00e5 \u00d8ster J\u00f8lby Skole ikke har gjort som p\u00e5 andre skoler. For det har man alts\u00e5,&#8221; siger han.<\/p>\n<p>Han melder i \u00f8vrigt om stabil, men noget tr\u00e6t tilstand hos sig selv, mens datteren er i bedring.<\/p>\n<p>&#8220;I g\u00e5r var hun noget sl\u00f8j, men i dag er hun rimelig kvik,&#8221; lyder det.<\/p>\n","protected":false},"excerpt":{"rendered":"<p>MORS: Det er foreg\u00e5et helt efter bogen. Proceduren i forbindelse med coronasmitte er lige s\u00e5 stringent p\u00e5 \u00d8ster J\u00f8lby Skole som p\u00e5 \u00f8ens \u00f8vrige skoler. S\u00e5dan lyder det fra Martin Haar Josefsen, far til den pige i skolens 2. klasse, der er ramt af coronavirus. Han er nemlig godt tr\u00e6t af rygter om, at hun [&hellip;]<\/p>\n","protected":false},"author":8,"featured_media":35697,"comment_status":"open","ping_status":"open","sticky":false,"template":"","format":"standard","meta":{"_acf_changed":false,"footnotes":""},"categories":[51],"tags":[170],"class_list":["post-35687","post","type-post","status-publish","format-standard","has-post-thumbnail","hentry","category-lokalt","tag-uddannelse"],"acf":[],"yoast_head":"<!-- This site is optimized with the Yoast SEO plugin v26.8 - https:\/\/yoast.com\/product\/yoast-seo-wordpress\/ -->\n<title>Coronaramt familiefar: - Alt er foreg\u00e5et helt efter bogen - Mors<\/title>\n<meta name=\"robots\" content=\"index, follow, max-snippet:-1, max-image-preview:large, max-video-preview:-1\" \/>\n<link rel=\"canonical\" href=\"https:\/\/kunmedierne.dk\/mors\/coronaramt-familiefar-alt-er-foregaaet-helt-efter-bogen\/\" \/>\n<meta property=\"og:locale\" content=\"da_DK\" \/>\n<meta property=\"og:type\" content=\"article\" \/>\n<meta property=\"og:title\" content=\"Coronaramt familiefar: - Alt er foreg\u00e5et helt efter bogen - Mors\" \/>\n<meta property=\"og:description\" content=\"MORS: Det er foreg\u00e5et helt efter bogen. Proceduren i forbindelse med coronasmitte er lige s\u00e5 stringent p\u00e5 \u00d8ster J\u00f8lby Skole som p\u00e5 \u00f8ens \u00f8vrige skoler. S\u00e5dan lyder det fra Martin Haar Josefsen, far til den pige i skolens 2. klasse, der er ramt af coronavirus. Han er nemlig godt tr\u00e6t af rygter om, at hun [&hellip;]\" \/>\n<meta property=\"og:url\" content=\"https:\/\/kunmedierne.dk\/mors\/coronaramt-familiefar-alt-er-foregaaet-helt-efter-bogen\/\" \/>\n<meta property=\"og:site_name\" content=\"Mors\" \/>\n<meta property=\"article:published_time\" content=\"2020-11-24T04:17:34+00:00\" \/>\n<meta property=\"article:modified_time\" content=\"2024-08-12T11:43:51+00:00\" \/>\n<meta property=\"og:image\" content=\"https:\/\/kunmedierne.dk\/mors\/wp-content\/uploads\/2020\/11\/martin-j.jpg\" \/>\n\t<meta property=\"og:image:width\" content=\"770\" \/>\n\t<meta property=\"og:image:height\" content=\"513\" \/>\n\t<meta property=\"og:image:type\" content=\"image\/jpeg\" \/>\n<meta name=\"author\" content=\"David H\u00f8jmark\" \/>\n<meta name=\"twitter:card\" content=\"summary_large_image\" \/>\n<meta name=\"twitter:label1\" content=\"Skrevet af\" \/>\n\t<meta name=\"twitter:data1\" content=\"David H\u00f8jmark\" \/>\n\t<meta name=\"twitter:label2\" content=\"Estimeret l\u00e6setid\" \/>\n\t<meta name=\"twitter:data2\" content=\"4 minutter\" \/>\n<script type=\"application\/ld+json\" class=\"yoast-schema-graph\">{\"@context\":\"https:\/\/schema.org\",\"@graph\":[{\"@type\":\"Article\",\"@id\":\"https:\/\/kunmedierne.dk\/mors\/coronaramt-familiefar-alt-er-foregaaet-helt-efter-bogen\/#article\",\"isPartOf\":{\"@id\":\"https:\/\/kunmedierne.dk\/mors\/coronaramt-familiefar-alt-er-foregaaet-helt-efter-bogen\/\"},\"author\":{\"name\":\"David H\u00f8jmark\",\"@id\":\"https:\/\/kunmedierne.dk\/mors\/#\/schema\/person\/5fe23251bf1d0abbcdc6f7896579d548\"},\"headline\":\"Coronaramt familiefar: &#8211; Alt er foreg\u00e5et helt efter bogen\",\"datePublished\":\"2020-11-24T04:17:34+00:00\",\"dateModified\":\"2024-08-12T11:43:51+00:00\",\"mainEntityOfPage\":{\"@id\":\"https:\/\/kunmedierne.dk\/mors\/coronaramt-familiefar-alt-er-foregaaet-helt-efter-bogen\/\"},\"wordCount\":727,\"commentCount\":0,\"publisher\":{\"@id\":\"https:\/\/kunmedierne.dk\/mors\/#organization\"},\"image\":{\"@id\":\"https:\/\/kunmedierne.dk\/mors\/coronaramt-familiefar-alt-er-foregaaet-helt-efter-bogen\/#primaryimage\"},\"thumbnailUrl\":\"https:\/\/kunmedierne.dk\/mors\/wp-content\/uploads\/2020\/11\/martin-j.jpg\",\"keywords\":[\"Skoler og uddannelse\"],\"articleSection\":[\"Lokalt\"],\"inLanguage\":\"da-DK\",\"potentialAction\":[{\"@type\":\"CommentAction\",\"name\":\"Comment\",\"target\":[\"https:\/\/kunmedierne.dk\/mors\/coronaramt-familiefar-alt-er-foregaaet-helt-efter-bogen\/#respond\"]}]},{\"@type\":\"WebPage\",\"@id\":\"https:\/\/kunmedierne.dk\/mors\/coronaramt-familiefar-alt-er-foregaaet-helt-efter-bogen\/\",\"url\":\"https:\/\/kunmedierne.dk\/mors\/coronaramt-familiefar-alt-er-foregaaet-helt-efter-bogen\/\",\"name\":\"Coronaramt familiefar: - Alt er foreg\u00e5et helt efter bogen - Mors\",\"isPartOf\":{\"@id\":\"https:\/\/kunmedierne.dk\/mors\/#website\"},\"primaryImageOfPage\":{\"@id\":\"https:\/\/kunmedierne.dk\/mors\/coronaramt-familiefar-alt-er-foregaaet-helt-efter-bogen\/#primaryimage\"},\"image\":{\"@id\":\"https:\/\/kunmedierne.dk\/mors\/coronaramt-familiefar-alt-er-foregaaet-helt-efter-bogen\/#primaryimage\"},\"thumbnailUrl\":\"https:\/\/kunmedierne.dk\/mors\/wp-content\/uploads\/2020\/11\/martin-j.jpg\",\"datePublished\":\"2020-11-24T04:17:34+00:00\",\"dateModified\":\"2024-08-12T11:43:51+00:00\",\"breadcrumb\":{\"@id\":\"https:\/\/kunmedierne.dk\/mors\/coronaramt-familiefar-alt-er-foregaaet-helt-efter-bogen\/#breadcrumb\"},\"inLanguage\":\"da-DK\",\"potentialAction\":[{\"@type\":\"ReadAction\",\"target\":[\"https:\/\/kunmedierne.dk\/mors\/coronaramt-familiefar-alt-er-foregaaet-helt-efter-bogen\/\"]}]},{\"@type\":\"ImageObject\",\"inLanguage\":\"da-DK\",\"@id\":\"https:\/\/kunmedierne.dk\/mors\/coronaramt-familiefar-alt-er-foregaaet-helt-efter-bogen\/#primaryimage\",\"url\":\"https:\/\/kunmedierne.dk\/mors\/wp-content\/uploads\/2020\/11\/martin-j.jpg\",\"contentUrl\":\"https:\/\/kunmedierne.dk\/mors\/wp-content\/uploads\/2020\/11\/martin-j.jpg\",\"width\":770,\"height\":513,\"caption\":\"Martin Haar Josefsen og datteren Josefine. Privatfoto\"},{\"@type\":\"BreadcrumbList\",\"@id\":\"https:\/\/kunmedierne.dk\/mors\/coronaramt-familiefar-alt-er-foregaaet-helt-efter-bogen\/#breadcrumb\",\"itemListElement\":[{\"@type\":\"ListItem\",\"position\":1,\"name\":\"Hjem\",\"item\":\"https:\/\/kunmedierne.dk\/mors\/\"},{\"@type\":\"ListItem\",\"position\":2,\"name\":\"Coronaramt familiefar: &#8211; Alt er foreg\u00e5et helt efter bogen\"}]},{\"@type\":\"WebSite\",\"@id\":\"https:\/\/kunmedierne.dk\/mors\/#website\",\"url\":\"https:\/\/kunmedierne.dk\/mors\/\",\"name\":\"Mors\",\"description\":\"et netmedie med journalistik om livet p\u00e5 Mors\",\"publisher\":{\"@id\":\"https:\/\/kunmedierne.dk\/mors\/#organization\"},\"potentialAction\":[{\"@type\":\"SearchAction\",\"target\":{\"@type\":\"EntryPoint\",\"urlTemplate\":\"https:\/\/kunmedierne.dk\/mors\/?s={search_term_string}\"},\"query-input\":{\"@type\":\"PropertyValueSpecification\",\"valueRequired\":true,\"valueName\":\"search_term_string\"}}],\"inLanguage\":\"da-DK\"},{\"@type\":\"Organization\",\"@id\":\"https:\/\/kunmedierne.dk\/mors\/#organization\",\"name\":\"Mors\",\"url\":\"https:\/\/kunmedierne.dk\/mors\/\",\"logo\":{\"@type\":\"ImageObject\",\"inLanguage\":\"da-DK\",\"@id\":\"https:\/\/kunmedierne.dk\/mors\/#\/schema\/logo\/image\/\",\"url\":\"https:\/\/kunmedierne.dk\/mors\/wp-content\/uploads\/2024\/08\/kunmors-logo.svg\",\"contentUrl\":\"https:\/\/kunmedierne.dk\/mors\/wp-content\/uploads\/2024\/08\/kunmors-logo.svg\",\"caption\":\"Mors\"},\"image\":{\"@id\":\"https:\/\/kunmedierne.dk\/mors\/#\/schema\/logo\/image\/\"}},{\"@type\":\"Person\",\"@id\":\"https:\/\/kunmedierne.dk\/mors\/#\/schema\/person\/5fe23251bf1d0abbcdc6f7896579d548\",\"name\":\"David H\u00f8jmark\",\"image\":{\"@type\":\"ImageObject\",\"inLanguage\":\"da-DK\",\"@id\":\"https:\/\/kunmedierne.dk\/mors\/#\/schema\/person\/image\/\",\"url\":\"https:\/\/secure.gravatar.com\/avatar\/4315d6fb9ef244d729989f5f90268eb08d5bf8a3d84402f595fa194bb35784fd?s=96&d=mm&r=g\",\"contentUrl\":\"https:\/\/secure.gravatar.com\/avatar\/4315d6fb9ef244d729989f5f90268eb08d5bf8a3d84402f595fa194bb35784fd?s=96&d=mm&r=g\",\"caption\":\"David H\u00f8jmark\"},\"sameAs\":[\"https:\/\/www.kunmedierne.dk\"],\"url\":\"https:\/\/kunmedierne.dk\/mors\/author\/david\/\"}]}<\/script>\n<!-- \/ Yoast SEO plugin. -->","yoast_head_json":{"title":"Coronaramt familiefar: - Alt er foreg\u00e5et helt efter bogen - Mors","robots":{"index":"index","follow":"follow","max-snippet":"max-snippet:-1","max-image-preview":"max-image-preview:large","max-video-preview":"max-video-preview:-1"},"canonical":"https:\/\/kunmedierne.dk\/mors\/coronaramt-familiefar-alt-er-foregaaet-helt-efter-bogen\/","og_locale":"da_DK","og_type":"article","og_title":"Coronaramt familiefar: - Alt er foreg\u00e5et helt efter bogen - Mors","og_description":"MORS: Det er foreg\u00e5et helt efter bogen. Proceduren i forbindelse med coronasmitte er lige s\u00e5 stringent p\u00e5 \u00d8ster J\u00f8lby Skole som p\u00e5 \u00f8ens \u00f8vrige skoler. S\u00e5dan lyder det fra Martin Haar Josefsen, far til den pige i skolens 2. klasse, der er ramt af coronavirus. Han er nemlig godt tr\u00e6t af rygter om, at hun [&hellip;]","og_url":"https:\/\/kunmedierne.dk\/mors\/coronaramt-familiefar-alt-er-foregaaet-helt-efter-bogen\/","og_site_name":"Mors","article_published_time":"2020-11-24T04:17:34+00:00","article_modified_time":"2024-08-12T11:43:51+00:00","og_image":[{"width":770,"height":513,"url":"https:\/\/kunmedierne.dk\/mors\/wp-content\/uploads\/2020\/11\/martin-j.jpg","type":"image\/jpeg"}],"author":"David H\u00f8jmark","twitter_card":"summary_large_image","twitter_misc":{"Skrevet af":"David H\u00f8jmark","Estimeret l\u00e6setid":"4 minutter"},"schema":{"@context":"https:\/\/schema.org","@graph":[{"@type":"Article","@id":"https:\/\/kunmedierne.dk\/mors\/coronaramt-familiefar-alt-er-foregaaet-helt-efter-bogen\/#article","isPartOf":{"@id":"https:\/\/kunmedierne.dk\/mors\/coronaramt-familiefar-alt-er-foregaaet-helt-efter-bogen\/"},"author":{"name":"David H\u00f8jmark","@id":"https:\/\/kunmedierne.dk\/mors\/#\/schema\/person\/5fe23251bf1d0abbcdc6f7896579d548"},"headline":"Coronaramt familiefar: &#8211; Alt er foreg\u00e5et helt efter bogen","datePublished":"2020-11-24T04:17:34+00:00","dateModified":"2024-08-12T11:43:51+00:00","mainEntityOfPage":{"@id":"https:\/\/kunmedierne.dk\/mors\/coronaramt-familiefar-alt-er-foregaaet-helt-efter-bogen\/"},"wordCount":727,"commentCount":0,"publisher":{"@id":"https:\/\/kunmedierne.dk\/mors\/#organization"},"image":{"@id":"https:\/\/kunmedierne.dk\/mors\/coronaramt-familiefar-alt-er-foregaaet-helt-efter-bogen\/#primaryimage"},"thumbnailUrl":"https:\/\/kunmedierne.dk\/mors\/wp-content\/uploads\/2020\/11\/martin-j.jpg","keywords":["Skoler og uddannelse"],"articleSection":["Lokalt"],"inLanguage":"da-DK","potentialAction":[{"@type":"CommentAction","name":"Comment","target":["https:\/\/kunmedierne.dk\/mors\/coronaramt-familiefar-alt-er-foregaaet-helt-efter-bogen\/#respond"]}]},{"@type":"WebPage","@id":"https:\/\/kunmedierne.dk\/mors\/coronaramt-familiefar-alt-er-foregaaet-helt-efter-bogen\/","url":"https:\/\/kunmedierne.dk\/mors\/coronaramt-familiefar-alt-er-foregaaet-helt-efter-bogen\/","name":"Coronaramt familiefar: - Alt er foreg\u00e5et helt efter bogen - Mors","isPartOf":{"@id":"https:\/\/kunmedierne.dk\/mors\/#website"},"primaryImageOfPage":{"@id":"https:\/\/kunmedierne.dk\/mors\/coronaramt-familiefar-alt-er-foregaaet-helt-efter-bogen\/#primaryimage"},"image":{"@id":"https:\/\/kunmedierne.dk\/mors\/coronaramt-familiefar-alt-er-foregaaet-helt-efter-bogen\/#primaryimage"},"thumbnailUrl":"https:\/\/kunmedierne.dk\/mors\/wp-content\/uploads\/2020\/11\/martin-j.jpg","datePublished":"2020-11-24T04:17:34+00:00","dateModified":"2024-08-12T11:43:51+00:00","breadcrumb":{"@id":"https:\/\/kunmedierne.dk\/mors\/coronaramt-familiefar-alt-er-foregaaet-helt-efter-bogen\/#breadcrumb"},"inLanguage":"da-DK","potentialAction":[{"@type":"ReadAction","target":["https:\/\/kunmedierne.dk\/mors\/coronaramt-familiefar-alt-er-foregaaet-helt-efter-bogen\/"]}]},{"@type":"ImageObject","inLanguage":"da-DK","@id":"https:\/\/kunmedierne.dk\/mors\/coronaramt-familiefar-alt-er-foregaaet-helt-efter-bogen\/#primaryimage","url":"https:\/\/kunmedierne.dk\/mors\/wp-content\/uploads\/2020\/11\/martin-j.jpg","contentUrl":"https:\/\/kunmedierne.dk\/mors\/wp-content\/uploads\/2020\/11\/martin-j.jpg","width":770,"height":513,"caption":"Martin Haar Josefsen og datteren Josefine. Privatfoto"},{"@type":"BreadcrumbList","@id":"https:\/\/kunmedierne.dk\/mors\/coronaramt-familiefar-alt-er-foregaaet-helt-efter-bogen\/#breadcrumb","itemListElement":[{"@type":"ListItem","position":1,"name":"Hjem","item":"https:\/\/kunmedierne.dk\/mors\/"},{"@type":"ListItem","position":2,"name":"Coronaramt familiefar: &#8211; Alt er foreg\u00e5et helt efter bogen"}]},{"@type":"WebSite","@id":"https:\/\/kunmedierne.dk\/mors\/#website","url":"https:\/\/kunmedierne.dk\/mors\/","name":"Mors","description":"et netmedie med journalistik om livet p\u00e5 Mors","publisher":{"@id":"https:\/\/kunmedierne.dk\/mors\/#organization"},"potentialAction":[{"@type":"SearchAction","target":{"@type":"EntryPoint","urlTemplate":"https:\/\/kunmedierne.dk\/mors\/?s={search_term_string}"},"query-input":{"@type":"PropertyValueSpecification","valueRequired":true,"valueName":"search_term_string"}}],"inLanguage":"da-DK"},{"@type":"Organization","@id":"https:\/\/kunmedierne.dk\/mors\/#organization","name":"Mors","url":"https:\/\/kunmedierne.dk\/mors\/","logo":{"@type":"ImageObject","inLanguage":"da-DK","@id":"https:\/\/kunmedierne.dk\/mors\/#\/schema\/logo\/image\/","url":"https:\/\/kunmedierne.dk\/mors\/wp-content\/uploads\/2024\/08\/kunmors-logo.svg","contentUrl":"https:\/\/kunmedierne.dk\/mors\/wp-content\/uploads\/2024\/08\/kunmors-logo.svg","caption":"Mors"},"image":{"@id":"https:\/\/kunmedierne.dk\/mors\/#\/schema\/logo\/image\/"}},{"@type":"Person","@id":"https:\/\/kunmedierne.dk\/mors\/#\/schema\/person\/5fe23251bf1d0abbcdc6f7896579d548","name":"David H\u00f8jmark","image":{"@type":"ImageObject","inLanguage":"da-DK","@id":"https:\/\/kunmedierne.dk\/mors\/#\/schema\/person\/image\/","url":"https:\/\/secure.gravatar.com\/avatar\/4315d6fb9ef244d729989f5f90268eb08d5bf8a3d84402f595fa194bb35784fd?s=96&d=mm&r=g","contentUrl":"https:\/\/secure.gravatar.com\/avatar\/4315d6fb9ef244d729989f5f90268eb08d5bf8a3d84402f595fa194bb35784fd?s=96&d=mm&r=g","caption":"David H\u00f8jmark"},"sameAs":["https:\/\/www.kunmedierne.dk"],"url":"https:\/\/kunmedierne.dk\/mors\/author\/david\/"}]}},"_links":{"self":[{"href":"https:\/\/kunmedierne.dk\/mors\/wp-json\/wp\/v2\/posts\/35687","targetHints":{"allow":["GET"]}}],"collection":[{"href":"https:\/\/kunmedierne.dk\/mors\/wp-json\/wp\/v2\/posts"}],"about":[{"href":"https:\/\/kunmedierne.dk\/mors\/wp-json\/wp\/v2\/types\/post"}],"author":[{"embeddable":true,"href":"https:\/\/kunmedierne.dk\/mors\/wp-json\/wp\/v2\/users\/8"}],"replies":[{"embeddable":true,"href":"https:\/\/kunmedierne.dk\/mors\/wp-json\/wp\/v2\/comments?post=35687"}],"version-history":[{"count":12,"href":"https:\/\/kunmedierne.dk\/mors\/wp-json\/wp\/v2\/posts\/35687\/revisions"}],"predecessor-version":[{"id":35704,"href":"https:\/\/kunmedierne.dk\/mors\/wp-json\/wp\/v2\/posts\/35687\/revisions\/35704"}],"wp:featuredmedia":[{"embeddable":true,"href":"https:\/\/kunmedierne.dk\/mors\/wp-json\/wp\/v2\/media\/35697"}],"wp:attachment":[{"href":"https:\/\/kunmedierne.dk\/mors\/wp-json\/wp\/v2\/media?parent=35687"}],"wp:term":[{"taxonomy":"category","embeddable":true,"href":"https:\/\/kunmedierne.dk\/mors\/wp-json\/wp\/v2\/categories?post=35687"},{"taxonomy":"post_tag","embeddable":true,"href":"https:\/\/kunmedierne.dk\/mors\/wp-json\/wp\/v2\/tags?post=35687"}],"curies":[{"name":"wp","href":"https:\/\/api.w.org\/{rel}","templated":true}]}}