{"id":35677,"date":"2020-11-23T18:23:29","date_gmt":"2020-11-23T17:23:29","guid":{"rendered":"https:\/\/kunmedierne.dk\/mors\/?p=35677"},"modified":"2024-08-12T13:43:51","modified_gmt":"2024-08-12T11:43:51","slug":"borgmester-vi-skal-nok-faa-styr-paa-det","status":"publish","type":"post","link":"https:\/\/kunmedierne.dk\/mors\/borgmester-vi-skal-nok-faa-styr-paa-det\/","title":{"rendered":"Borgmester: &#8211; Vi skal nok f\u00e5 styr p\u00e5 det"},"content":{"rendered":"<p><strong>MORS<\/strong>: Et kig p\u00e5 den daglige opdatering af smittetal fra Statens Serum Institut er lige nu bekymrende l\u00e6sning for morsingboer.<\/p>\n<p>N\u00e5r det kommer til det s\u00e5kaldte incidenstal, der viser antallet af smittede p\u00e5 et sammenligneligt grundlag, er kun to af landets 98 kommuner h\u00e5rdere ramt end Mors\u00f8 Kommune. Og inden for de seneste syv dage er 70 morsingboer registreret med covid-19 &#8211; det er n\u00e6sten hver femte af alle tilf\u00e6lde i hele Region Nordjylland.<\/p>\n<p>Hans Ejner Bertelsen (V), borgmester i Mors\u00f8 Kommune, p\u00e5peger dog, at stigningen ogs\u00e5 skal ses i det lys, at testkapaciteten p\u00e5 Mors i fredags blev \u00f8get markant. Og han forventer, at man i Mors\u00f8 Kommune nu vil se samme billede, som man tidligere har set i andre nordjyske kommuner.<\/p>\n<p>&#8220;Jeg tror, at det, vi ser nu, er en stigning &#8211; og hvis vi ellers t\u00e6nker os godt om og f\u00f8lger de retningslinjer, der kommer, vil vi ogs\u00e5 se et fald igen,&#8221; siger han og forventer, at tallene, blandt andet i kraft af effektiv sporing, allerede fra n\u00e6ste uge vil udvikle sig i den rigtige retning.<\/p>\n<p>&#8220;Jeg havde forberedt mig selv p\u00e5, at vi ville se de her tal, n\u00e5r vi fik de mange test,&#8221; siger han.<\/p>\n<p>&nbsp;<\/p>\n<p><strong>Forventer ikke h\u00e5rd nedlukning<\/strong><\/p>\n<p>Da coronakrisen br\u00f8d ud i for\u00e5ret, foretog regeringen som bekendt en meget omfattende nedlukning af det danske samfund. Og for nylig blev syv nordjyske kommuner ramt af en s\u00e6rlig nedlukning for at stoppe mutation af coronavirus fra mink.<\/p>\n<p><a href=\"https:\/\/www.fmspks.dk\/\"><img loading=\"lazy\" decoding=\"async\" class=\"alignright size-full wp-image-35528\" src=\"https:\/\/kunmedierne.dk\/mors\/wp-content\/uploads\/2020\/11\/ho4.jpg\" alt=\"\" width=\"1400\" height=\"125\" srcset=\"https:\/\/kunmedierne.dk\/mors\/wp-content\/uploads\/2020\/11\/ho4.jpg 1400w, https:\/\/kunmedierne.dk\/mors\/wp-content\/uploads\/2020\/11\/ho4-300x27.jpg 300w, https:\/\/kunmedierne.dk\/mors\/wp-content\/uploads\/2020\/11\/ho4-1024x91.jpg 1024w, https:\/\/kunmedierne.dk\/mors\/wp-content\/uploads\/2020\/11\/ho4-768x69.jpg 768w, https:\/\/kunmedierne.dk\/mors\/wp-content\/uploads\/2020\/11\/ho4-600x54.jpg 600w\" sizes=\"auto, (max-width: 1400px) 100vw, 1400px\" \/><\/a>Hans Ejner Bertelsen er dog ikke nerv\u00f8s for, at Mors st\u00e5r for tur med en h\u00e5rd nedlukning.<\/p>\n<p>&#8220;Vi f\u00f8lger slavisk de retningslinjer, der kommer fra sundhedsmyndighederne. Det har vi gjort hele tiden. Vi skal v\u00e6re forsigtige, men vi skal ogs\u00e5 huske, at alle de funktioner, der kan fungere, de skal fungere. Og lige nu er jeg ikke bekendt med, at vi f\u00e5r nogle forst\u00e6rkede restriktioner fra sundhedsmyndighederne,&#8221; siger han.<\/p>\n<p>Borgmesteren afviser samtidig, at Mors\u00f8 Kommune p\u00e5 eget initiativ kunne finde p\u00e5 at lukke skolerne helt ned eller foretage andre drastiske skridt.<\/p>\n<p>&#8220;Vi har hele tiden haft den holdning, at n\u00e5r der kommer udmeldinger fra sundhedsmyndighederne, tager vi det for p\u00e5lydende. Og s\u00e5 retter vi ind. S\u00e5 kan det godt v\u00e6re, at vi nogle gange har v\u00e6ret lidt forsigtige, men det har hele tiden v\u00e6ret holdningen, n\u00e5r vi har truffet beslutninger,&#8221; siger han.<\/p>\n<p>&#8220;Vi stoler p\u00e5 udmeldingerne, der kommer, og s\u00e5 agerer vi ud fra det. Og det har jo egentlig holdt os p\u00e5 sikker kurs, indtil den opblusning, vi ser nu. Den kan der v\u00e6re mange grunde til, men jeg er sikker p\u00e5, at vi kan styre den hjem igen med omtanke,&#8221; siger Hans Ejner Bertelsen.<\/p>\n<p>&nbsp;<\/p>\n<p><strong>Skal n\u00e5 det inden jul<\/strong><\/p>\n<p>Han s\u00e6tter ogs\u00e5 sin lid til, at Mors\u00f8 Kommune indtil nu har haft held med at h\u00e5ndtere smittetilf\u00e6lde lokalt med hurtige hjemsendelser af eksempelvis skoleklasser.<\/p>\n<p>&#8220;Der vil jeg gerne rose morsingboerne for at tage det alvorligt. Og det er vi alts\u00e5 n\u00f8dt til at g\u00f8re, for vi skal simpelthen have det her bremset s\u00e5 hurtigt som muligt,&#8221; siger han.<\/p>\n<p><a href=\"https:\/\/vognmand-filtenborg.dk\/\"><img loading=\"lazy\" decoding=\"async\" class=\"alignright size-full wp-image-35525\" src=\"https:\/\/kunmedierne.dk\/mors\/wp-content\/uploads\/2020\/11\/ho1.jpg\" alt=\"\" width=\"1400\" height=\"125\" srcset=\"https:\/\/kunmedierne.dk\/mors\/wp-content\/uploads\/2020\/11\/ho1.jpg 1400w, https:\/\/kunmedierne.dk\/mors\/wp-content\/uploads\/2020\/11\/ho1-300x27.jpg 300w, https:\/\/kunmedierne.dk\/mors\/wp-content\/uploads\/2020\/11\/ho1-1024x91.jpg 1024w, https:\/\/kunmedierne.dk\/mors\/wp-content\/uploads\/2020\/11\/ho1-768x69.jpg 768w, https:\/\/kunmedierne.dk\/mors\/wp-content\/uploads\/2020\/11\/ho1-600x54.jpg 600w\" sizes=\"auto, (max-width: 1400px) 100vw, 1400px\" \/><\/a>Samtidig roser han idr\u00e6tsforeningerne for at v\u00e6re med til at begr\u00e6nse smitteudbredelsen ved at lukke ned for aktiviteter. Og han opfordrer til, at man som borger undg\u00e5r at se sk\u00e6vt til smittede &#8211; for eksempel ved at bebrejde deres adf\u00e6rd i forbindelse med smittekonstateringen.<\/p>\n<p>&#8220;Det med, at man skal finde syndebukke og udskamme nogen, er situationen alt for alvorlig til. Der er jo ingen, der p\u00e5f\u00f8rer sig corona, fordi man synes, det er sjovt,&#8221; siger han og erkl\u00e6rer sig igen optimistisk i forhold til at f\u00e5 vendt de aktuelle tal forholdsvist hurtigt.<\/p>\n<p>&#8220;Det her er ikke i m\u00e5nedsvis. Det er m\u00e5ske en uge eller 10-12-14 dage. S\u00e5 f\u00e5r vi styr p\u00e5 det igen, det er jeg helt sikker p\u00e5,&#8221; siger Hans Ejner Bertelsen, som forventer anderledes tal inden jul.<\/p>\n<p>&#8220;Det er et must, og det n\u00e5r vi ogs\u00e5,&#8221; lyder det.<\/p>\n","protected":false},"excerpt":{"rendered":"<p>MORS: Et kig p\u00e5 den daglige opdatering af smittetal fra Statens Serum Institut er lige nu bekymrende l\u00e6sning for morsingboer. N\u00e5r det kommer til det s\u00e5kaldte incidenstal, der viser antallet af smittede p\u00e5 et sammenligneligt grundlag, er kun to af landets 98 kommuner h\u00e5rdere ramt end Mors\u00f8 Kommune. Og inden for de seneste syv dage [&hellip;]<\/p>\n","protected":false},"author":8,"featured_media":13995,"comment_status":"open","ping_status":"open","sticky":false,"template":"","format":"standard","meta":{"_acf_changed":false,"footnotes":""},"categories":[51],"tags":[167],"class_list":["post-35677","post","type-post","status-publish","format-standard","has-post-thumbnail","hentry","category-lokalt","tag-politik"],"acf":[],"yoast_head":"<!-- This site is optimized with the Yoast SEO plugin v26.8 - https:\/\/yoast.com\/product\/yoast-seo-wordpress\/ -->\n<title>Borgmester: - Vi skal nok f\u00e5 styr p\u00e5 det - Mors<\/title>\n<meta name=\"robots\" content=\"index, follow, max-snippet:-1, max-image-preview:large, max-video-preview:-1\" \/>\n<link rel=\"canonical\" href=\"https:\/\/kunmedierne.dk\/mors\/borgmester-vi-skal-nok-faa-styr-paa-det\/\" \/>\n<meta property=\"og:locale\" content=\"da_DK\" \/>\n<meta property=\"og:type\" content=\"article\" \/>\n<meta property=\"og:title\" content=\"Borgmester: - Vi skal nok f\u00e5 styr p\u00e5 det - Mors\" \/>\n<meta property=\"og:description\" content=\"MORS: Et kig p\u00e5 den daglige opdatering af smittetal fra Statens Serum Institut er lige nu bekymrende l\u00e6sning for morsingboer. N\u00e5r det kommer til det s\u00e5kaldte incidenstal, der viser antallet af smittede p\u00e5 et sammenligneligt grundlag, er kun to af landets 98 kommuner h\u00e5rdere ramt end Mors\u00f8 Kommune. Og inden for de seneste syv dage [&hellip;]\" \/>\n<meta property=\"og:url\" content=\"https:\/\/kunmedierne.dk\/mors\/borgmester-vi-skal-nok-faa-styr-paa-det\/\" \/>\n<meta property=\"og:site_name\" content=\"Mors\" \/>\n<meta property=\"article:published_time\" content=\"2020-11-23T17:23:29+00:00\" \/>\n<meta property=\"article:modified_time\" content=\"2024-08-12T11:43:51+00:00\" \/>\n<meta property=\"og:image\" content=\"https:\/\/kunmedierne.dk\/mors\/wp-content\/uploads\/2020\/03\/200101-hans-ejner-bertelsen-V.jpg\" \/>\n\t<meta property=\"og:image:width\" content=\"770\" \/>\n\t<meta property=\"og:image:height\" content=\"513\" \/>\n\t<meta property=\"og:image:type\" content=\"image\/jpeg\" \/>\n<meta name=\"author\" content=\"David H\u00f8jmark\" \/>\n<meta name=\"twitter:card\" content=\"summary_large_image\" \/>\n<meta name=\"twitter:label1\" content=\"Skrevet af\" \/>\n\t<meta name=\"twitter:data1\" content=\"David H\u00f8jmark\" \/>\n\t<meta name=\"twitter:label2\" content=\"Estimeret l\u00e6setid\" \/>\n\t<meta name=\"twitter:data2\" content=\"3 minutter\" \/>\n<script type=\"application\/ld+json\" class=\"yoast-schema-graph\">{\"@context\":\"https:\/\/schema.org\",\"@graph\":[{\"@type\":\"Article\",\"@id\":\"https:\/\/kunmedierne.dk\/mors\/borgmester-vi-skal-nok-faa-styr-paa-det\/#article\",\"isPartOf\":{\"@id\":\"https:\/\/kunmedierne.dk\/mors\/borgmester-vi-skal-nok-faa-styr-paa-det\/\"},\"author\":{\"name\":\"David H\u00f8jmark\",\"@id\":\"https:\/\/kunmedierne.dk\/mors\/#\/schema\/person\/5fe23251bf1d0abbcdc6f7896579d548\"},\"headline\":\"Borgmester: &#8211; Vi skal nok f\u00e5 styr p\u00e5 det\",\"datePublished\":\"2020-11-23T17:23:29+00:00\",\"dateModified\":\"2024-08-12T11:43:51+00:00\",\"mainEntityOfPage\":{\"@id\":\"https:\/\/kunmedierne.dk\/mors\/borgmester-vi-skal-nok-faa-styr-paa-det\/\"},\"wordCount\":699,\"commentCount\":0,\"publisher\":{\"@id\":\"https:\/\/kunmedierne.dk\/mors\/#organization\"},\"image\":{\"@id\":\"https:\/\/kunmedierne.dk\/mors\/borgmester-vi-skal-nok-faa-styr-paa-det\/#primaryimage\"},\"thumbnailUrl\":\"https:\/\/kunmedierne.dk\/mors\/wp-content\/uploads\/2020\/03\/200101-hans-ejner-bertelsen-V.jpg\",\"keywords\":[\"Politik\"],\"articleSection\":[\"Lokalt\"],\"inLanguage\":\"da-DK\",\"potentialAction\":[{\"@type\":\"CommentAction\",\"name\":\"Comment\",\"target\":[\"https:\/\/kunmedierne.dk\/mors\/borgmester-vi-skal-nok-faa-styr-paa-det\/#respond\"]}]},{\"@type\":\"WebPage\",\"@id\":\"https:\/\/kunmedierne.dk\/mors\/borgmester-vi-skal-nok-faa-styr-paa-det\/\",\"url\":\"https:\/\/kunmedierne.dk\/mors\/borgmester-vi-skal-nok-faa-styr-paa-det\/\",\"name\":\"Borgmester: - Vi skal nok f\u00e5 styr p\u00e5 det - Mors\",\"isPartOf\":{\"@id\":\"https:\/\/kunmedierne.dk\/mors\/#website\"},\"primaryImageOfPage\":{\"@id\":\"https:\/\/kunmedierne.dk\/mors\/borgmester-vi-skal-nok-faa-styr-paa-det\/#primaryimage\"},\"image\":{\"@id\":\"https:\/\/kunmedierne.dk\/mors\/borgmester-vi-skal-nok-faa-styr-paa-det\/#primaryimage\"},\"thumbnailUrl\":\"https:\/\/kunmedierne.dk\/mors\/wp-content\/uploads\/2020\/03\/200101-hans-ejner-bertelsen-V.jpg\",\"datePublished\":\"2020-11-23T17:23:29+00:00\",\"dateModified\":\"2024-08-12T11:43:51+00:00\",\"breadcrumb\":{\"@id\":\"https:\/\/kunmedierne.dk\/mors\/borgmester-vi-skal-nok-faa-styr-paa-det\/#breadcrumb\"},\"inLanguage\":\"da-DK\",\"potentialAction\":[{\"@type\":\"ReadAction\",\"target\":[\"https:\/\/kunmedierne.dk\/mors\/borgmester-vi-skal-nok-faa-styr-paa-det\/\"]}]},{\"@type\":\"ImageObject\",\"inLanguage\":\"da-DK\",\"@id\":\"https:\/\/kunmedierne.dk\/mors\/borgmester-vi-skal-nok-faa-styr-paa-det\/#primaryimage\",\"url\":\"https:\/\/kunmedierne.dk\/mors\/wp-content\/uploads\/2020\/03\/200101-hans-ejner-bertelsen-V.jpg\",\"contentUrl\":\"https:\/\/kunmedierne.dk\/mors\/wp-content\/uploads\/2020\/03\/200101-hans-ejner-bertelsen-V.jpg\",\"width\":770,\"height\":513,\"caption\":\"Borgmester Hans Ejner Bertelsen (V). Foto: Per Bech\/Mors\u00f8 Kommune.\"},{\"@type\":\"BreadcrumbList\",\"@id\":\"https:\/\/kunmedierne.dk\/mors\/borgmester-vi-skal-nok-faa-styr-paa-det\/#breadcrumb\",\"itemListElement\":[{\"@type\":\"ListItem\",\"position\":1,\"name\":\"Hjem\",\"item\":\"https:\/\/kunmedierne.dk\/mors\/\"},{\"@type\":\"ListItem\",\"position\":2,\"name\":\"Borgmester: &#8211; Vi skal nok f\u00e5 styr p\u00e5 det\"}]},{\"@type\":\"WebSite\",\"@id\":\"https:\/\/kunmedierne.dk\/mors\/#website\",\"url\":\"https:\/\/kunmedierne.dk\/mors\/\",\"name\":\"Mors\",\"description\":\"et netmedie med journalistik om livet p\u00e5 Mors\",\"publisher\":{\"@id\":\"https:\/\/kunmedierne.dk\/mors\/#organization\"},\"potentialAction\":[{\"@type\":\"SearchAction\",\"target\":{\"@type\":\"EntryPoint\",\"urlTemplate\":\"https:\/\/kunmedierne.dk\/mors\/?s={search_term_string}\"},\"query-input\":{\"@type\":\"PropertyValueSpecification\",\"valueRequired\":true,\"valueName\":\"search_term_string\"}}],\"inLanguage\":\"da-DK\"},{\"@type\":\"Organization\",\"@id\":\"https:\/\/kunmedierne.dk\/mors\/#organization\",\"name\":\"Mors\",\"url\":\"https:\/\/kunmedierne.dk\/mors\/\",\"logo\":{\"@type\":\"ImageObject\",\"inLanguage\":\"da-DK\",\"@id\":\"https:\/\/kunmedierne.dk\/mors\/#\/schema\/logo\/image\/\",\"url\":\"https:\/\/kunmedierne.dk\/mors\/wp-content\/uploads\/2024\/08\/kunmors-logo.svg\",\"contentUrl\":\"https:\/\/kunmedierne.dk\/mors\/wp-content\/uploads\/2024\/08\/kunmors-logo.svg\",\"caption\":\"Mors\"},\"image\":{\"@id\":\"https:\/\/kunmedierne.dk\/mors\/#\/schema\/logo\/image\/\"}},{\"@type\":\"Person\",\"@id\":\"https:\/\/kunmedierne.dk\/mors\/#\/schema\/person\/5fe23251bf1d0abbcdc6f7896579d548\",\"name\":\"David H\u00f8jmark\",\"image\":{\"@type\":\"ImageObject\",\"inLanguage\":\"da-DK\",\"@id\":\"https:\/\/kunmedierne.dk\/mors\/#\/schema\/person\/image\/\",\"url\":\"https:\/\/secure.gravatar.com\/avatar\/4315d6fb9ef244d729989f5f90268eb08d5bf8a3d84402f595fa194bb35784fd?s=96&d=mm&r=g\",\"contentUrl\":\"https:\/\/secure.gravatar.com\/avatar\/4315d6fb9ef244d729989f5f90268eb08d5bf8a3d84402f595fa194bb35784fd?s=96&d=mm&r=g\",\"caption\":\"David H\u00f8jmark\"},\"sameAs\":[\"https:\/\/www.kunmedierne.dk\"],\"url\":\"https:\/\/kunmedierne.dk\/mors\/author\/david\/\"}]}<\/script>\n<!-- \/ Yoast SEO plugin. -->","yoast_head_json":{"title":"Borgmester: - Vi skal nok f\u00e5 styr p\u00e5 det - Mors","robots":{"index":"index","follow":"follow","max-snippet":"max-snippet:-1","max-image-preview":"max-image-preview:large","max-video-preview":"max-video-preview:-1"},"canonical":"https:\/\/kunmedierne.dk\/mors\/borgmester-vi-skal-nok-faa-styr-paa-det\/","og_locale":"da_DK","og_type":"article","og_title":"Borgmester: - Vi skal nok f\u00e5 styr p\u00e5 det - Mors","og_description":"MORS: Et kig p\u00e5 den daglige opdatering af smittetal fra Statens Serum Institut er lige nu bekymrende l\u00e6sning for morsingboer. N\u00e5r det kommer til det s\u00e5kaldte incidenstal, der viser antallet af smittede p\u00e5 et sammenligneligt grundlag, er kun to af landets 98 kommuner h\u00e5rdere ramt end Mors\u00f8 Kommune. Og inden for de seneste syv dage [&hellip;]","og_url":"https:\/\/kunmedierne.dk\/mors\/borgmester-vi-skal-nok-faa-styr-paa-det\/","og_site_name":"Mors","article_published_time":"2020-11-23T17:23:29+00:00","article_modified_time":"2024-08-12T11:43:51+00:00","og_image":[{"width":770,"height":513,"url":"https:\/\/kunmedierne.dk\/mors\/wp-content\/uploads\/2020\/03\/200101-hans-ejner-bertelsen-V.jpg","type":"image\/jpeg"}],"author":"David H\u00f8jmark","twitter_card":"summary_large_image","twitter_misc":{"Skrevet af":"David H\u00f8jmark","Estimeret l\u00e6setid":"3 minutter"},"schema":{"@context":"https:\/\/schema.org","@graph":[{"@type":"Article","@id":"https:\/\/kunmedierne.dk\/mors\/borgmester-vi-skal-nok-faa-styr-paa-det\/#article","isPartOf":{"@id":"https:\/\/kunmedierne.dk\/mors\/borgmester-vi-skal-nok-faa-styr-paa-det\/"},"author":{"name":"David H\u00f8jmark","@id":"https:\/\/kunmedierne.dk\/mors\/#\/schema\/person\/5fe23251bf1d0abbcdc6f7896579d548"},"headline":"Borgmester: &#8211; Vi skal nok f\u00e5 styr p\u00e5 det","datePublished":"2020-11-23T17:23:29+00:00","dateModified":"2024-08-12T11:43:51+00:00","mainEntityOfPage":{"@id":"https:\/\/kunmedierne.dk\/mors\/borgmester-vi-skal-nok-faa-styr-paa-det\/"},"wordCount":699,"commentCount":0,"publisher":{"@id":"https:\/\/kunmedierne.dk\/mors\/#organization"},"image":{"@id":"https:\/\/kunmedierne.dk\/mors\/borgmester-vi-skal-nok-faa-styr-paa-det\/#primaryimage"},"thumbnailUrl":"https:\/\/kunmedierne.dk\/mors\/wp-content\/uploads\/2020\/03\/200101-hans-ejner-bertelsen-V.jpg","keywords":["Politik"],"articleSection":["Lokalt"],"inLanguage":"da-DK","potentialAction":[{"@type":"CommentAction","name":"Comment","target":["https:\/\/kunmedierne.dk\/mors\/borgmester-vi-skal-nok-faa-styr-paa-det\/#respond"]}]},{"@type":"WebPage","@id":"https:\/\/kunmedierne.dk\/mors\/borgmester-vi-skal-nok-faa-styr-paa-det\/","url":"https:\/\/kunmedierne.dk\/mors\/borgmester-vi-skal-nok-faa-styr-paa-det\/","name":"Borgmester: - Vi skal nok f\u00e5 styr p\u00e5 det - Mors","isPartOf":{"@id":"https:\/\/kunmedierne.dk\/mors\/#website"},"primaryImageOfPage":{"@id":"https:\/\/kunmedierne.dk\/mors\/borgmester-vi-skal-nok-faa-styr-paa-det\/#primaryimage"},"image":{"@id":"https:\/\/kunmedierne.dk\/mors\/borgmester-vi-skal-nok-faa-styr-paa-det\/#primaryimage"},"thumbnailUrl":"https:\/\/kunmedierne.dk\/mors\/wp-content\/uploads\/2020\/03\/200101-hans-ejner-bertelsen-V.jpg","datePublished":"2020-11-23T17:23:29+00:00","dateModified":"2024-08-12T11:43:51+00:00","breadcrumb":{"@id":"https:\/\/kunmedierne.dk\/mors\/borgmester-vi-skal-nok-faa-styr-paa-det\/#breadcrumb"},"inLanguage":"da-DK","potentialAction":[{"@type":"ReadAction","target":["https:\/\/kunmedierne.dk\/mors\/borgmester-vi-skal-nok-faa-styr-paa-det\/"]}]},{"@type":"ImageObject","inLanguage":"da-DK","@id":"https:\/\/kunmedierne.dk\/mors\/borgmester-vi-skal-nok-faa-styr-paa-det\/#primaryimage","url":"https:\/\/kunmedierne.dk\/mors\/wp-content\/uploads\/2020\/03\/200101-hans-ejner-bertelsen-V.jpg","contentUrl":"https:\/\/kunmedierne.dk\/mors\/wp-content\/uploads\/2020\/03\/200101-hans-ejner-bertelsen-V.jpg","width":770,"height":513,"caption":"Borgmester Hans Ejner Bertelsen (V). Foto: Per Bech\/Mors\u00f8 Kommune."},{"@type":"BreadcrumbList","@id":"https:\/\/kunmedierne.dk\/mors\/borgmester-vi-skal-nok-faa-styr-paa-det\/#breadcrumb","itemListElement":[{"@type":"ListItem","position":1,"name":"Hjem","item":"https:\/\/kunmedierne.dk\/mors\/"},{"@type":"ListItem","position":2,"name":"Borgmester: &#8211; Vi skal nok f\u00e5 styr p\u00e5 det"}]},{"@type":"WebSite","@id":"https:\/\/kunmedierne.dk\/mors\/#website","url":"https:\/\/kunmedierne.dk\/mors\/","name":"Mors","description":"et netmedie med journalistik om livet p\u00e5 Mors","publisher":{"@id":"https:\/\/kunmedierne.dk\/mors\/#organization"},"potentialAction":[{"@type":"SearchAction","target":{"@type":"EntryPoint","urlTemplate":"https:\/\/kunmedierne.dk\/mors\/?s={search_term_string}"},"query-input":{"@type":"PropertyValueSpecification","valueRequired":true,"valueName":"search_term_string"}}],"inLanguage":"da-DK"},{"@type":"Organization","@id":"https:\/\/kunmedierne.dk\/mors\/#organization","name":"Mors","url":"https:\/\/kunmedierne.dk\/mors\/","logo":{"@type":"ImageObject","inLanguage":"da-DK","@id":"https:\/\/kunmedierne.dk\/mors\/#\/schema\/logo\/image\/","url":"https:\/\/kunmedierne.dk\/mors\/wp-content\/uploads\/2024\/08\/kunmors-logo.svg","contentUrl":"https:\/\/kunmedierne.dk\/mors\/wp-content\/uploads\/2024\/08\/kunmors-logo.svg","caption":"Mors"},"image":{"@id":"https:\/\/kunmedierne.dk\/mors\/#\/schema\/logo\/image\/"}},{"@type":"Person","@id":"https:\/\/kunmedierne.dk\/mors\/#\/schema\/person\/5fe23251bf1d0abbcdc6f7896579d548","name":"David H\u00f8jmark","image":{"@type":"ImageObject","inLanguage":"da-DK","@id":"https:\/\/kunmedierne.dk\/mors\/#\/schema\/person\/image\/","url":"https:\/\/secure.gravatar.com\/avatar\/4315d6fb9ef244d729989f5f90268eb08d5bf8a3d84402f595fa194bb35784fd?s=96&d=mm&r=g","contentUrl":"https:\/\/secure.gravatar.com\/avatar\/4315d6fb9ef244d729989f5f90268eb08d5bf8a3d84402f595fa194bb35784fd?s=96&d=mm&r=g","caption":"David H\u00f8jmark"},"sameAs":["https:\/\/www.kunmedierne.dk"],"url":"https:\/\/kunmedierne.dk\/mors\/author\/david\/"}]}},"_links":{"self":[{"href":"https:\/\/kunmedierne.dk\/mors\/wp-json\/wp\/v2\/posts\/35677","targetHints":{"allow":["GET"]}}],"collection":[{"href":"https:\/\/kunmedierne.dk\/mors\/wp-json\/wp\/v2\/posts"}],"about":[{"href":"https:\/\/kunmedierne.dk\/mors\/wp-json\/wp\/v2\/types\/post"}],"author":[{"embeddable":true,"href":"https:\/\/kunmedierne.dk\/mors\/wp-json\/wp\/v2\/users\/8"}],"replies":[{"embeddable":true,"href":"https:\/\/kunmedierne.dk\/mors\/wp-json\/wp\/v2\/comments?post=35677"}],"version-history":[{"count":3,"href":"https:\/\/kunmedierne.dk\/mors\/wp-json\/wp\/v2\/posts\/35677\/revisions"}],"predecessor-version":[{"id":35682,"href":"https:\/\/kunmedierne.dk\/mors\/wp-json\/wp\/v2\/posts\/35677\/revisions\/35682"}],"wp:featuredmedia":[{"embeddable":true,"href":"https:\/\/kunmedierne.dk\/mors\/wp-json\/wp\/v2\/media\/13995"}],"wp:attachment":[{"href":"https:\/\/kunmedierne.dk\/mors\/wp-json\/wp\/v2\/media?parent=35677"}],"wp:term":[{"taxonomy":"category","embeddable":true,"href":"https:\/\/kunmedierne.dk\/mors\/wp-json\/wp\/v2\/categories?post=35677"},{"taxonomy":"post_tag","embeddable":true,"href":"https:\/\/kunmedierne.dk\/mors\/wp-json\/wp\/v2\/tags?post=35677"}],"curies":[{"name":"wp","href":"https:\/\/api.w.org\/{rel}","templated":true}]}}