{"id":35646,"date":"2020-11-23T12:00:30","date_gmt":"2020-11-23T11:00:30","guid":{"rendered":"https:\/\/kunmedierne.dk\/mors\/?p=35646"},"modified":"2024-08-12T13:43:52","modified_gmt":"2024-08-12T11:43:52","slug":"svaret-kom-foerst-i-weekenden","status":"publish","type":"post","link":"https:\/\/kunmedierne.dk\/mors\/svaret-kom-foerst-i-weekenden\/","title":{"rendered":"&#8211; Svaret kom f\u00f8rst i weekenden"},"content":{"rendered":"<p><strong>\u00d8STER J\u00d8LBY<\/strong>: Hvorfor lod Mors\u00f8 Kommune en skoleklasse i \u00d8ster J\u00f8lby forts\u00e6tte som normalt ugen ud, n\u00e5r en elev allerede mandag var taget ud af klassen?<\/p>\n<p>Det sp\u00f8rgsm\u00e5l har en p\u00e5r\u00f8rende til en elev i en anden klasse p\u00e5 skolen rejst for KunMors i forundring over, at kommunen i andre tilf\u00e6lde har sendt hele klasser eller mere hjem efter et konstateret smittetilf\u00e6lde.<\/p>\n<p>Men situationerne er ikke ens, lyder det fra Michael Dahlgaard, skole- og dagtilbudschef i Mors\u00f8 Kommune.<\/p>\n<p>&#8220;Jeg kommer ikke til at tale om en enkelt elev, men jeg kan sige i generelle vendinger, at man er n\u00f8dt til at skulle have et positivt resultat, f\u00f8r man er konstateret smittet,&#8221; siger han.<\/p>\n<p>&#8220;Havde vi haft det mandag, havde vi naturligvis reageret p\u00e5 det. Havde vi haft det onsdag, havde vi ogs\u00e5 reageret p\u00e5 det. Men vi havde det f\u00f8rst her i weekenden,&#8221; siger Michael Dahlgaard.<\/p>\n<p><a href=\"https:\/\/www.fmspks.dk\/\"><img loading=\"lazy\" decoding=\"async\" class=\"alignright size-full wp-image-35528\" src=\"https:\/\/kunmedierne.dk\/mors\/wp-content\/uploads\/2020\/11\/ho4.jpg\" alt=\"\" width=\"1400\" height=\"125\" srcset=\"https:\/\/kunmedierne.dk\/mors\/wp-content\/uploads\/2020\/11\/ho4.jpg 1400w, https:\/\/kunmedierne.dk\/mors\/wp-content\/uploads\/2020\/11\/ho4-300x27.jpg 300w, https:\/\/kunmedierne.dk\/mors\/wp-content\/uploads\/2020\/11\/ho4-1024x91.jpg 1024w, https:\/\/kunmedierne.dk\/mors\/wp-content\/uploads\/2020\/11\/ho4-768x69.jpg 768w, https:\/\/kunmedierne.dk\/mors\/wp-content\/uploads\/2020\/11\/ho4-600x54.jpg 600w\" sizes=\"auto, (max-width: 1400px) 100vw, 1400px\" \/><\/a>Han understreger, at den korrekte procedure er fulgt i forhold til tidlig kommunikation fra ledelsen p\u00e5 \u00d8ster J\u00f8lby Skole. Og det samme g\u00e6lder de \u00f8vrige skoler, der har haft en us\u00e6dvanlig travl weekend med utallige telefonopkald &#8211; ogs\u00e5 for at d\u00e6mme op for usikkerhed i forhold til h\u00e5ndtering af coronasituationen.<\/p>\n<p>&#8220;Med de tilf\u00e6lde, der har v\u00e6ret i weekenden, har vi alts\u00e5 haft nogle skoler og dagtilbud, der overhovedet ikke har holdt weekend. Vi har g\u00e5et meget op i, at vi vil tale med hver enkelt. At familierne skulle ringes op personligt fra skolen og f\u00e5 den helt rigtige vejledning til, hvordan man skal forholde sig &#8211; og hvad de ikke skal v\u00e6re bange for,&#8221; siger Michael Dahlgaard.<\/p>\n","protected":false},"excerpt":{"rendered":"<p>\u00d8STER J\u00d8LBY: Hvorfor lod Mors\u00f8 Kommune en skoleklasse i \u00d8ster J\u00f8lby forts\u00e6tte som normalt ugen ud, n\u00e5r en elev allerede mandag var taget ud af klassen? Det sp\u00f8rgsm\u00e5l har en p\u00e5r\u00f8rende til en elev i en anden klasse p\u00e5 skolen rejst for KunMors i forundring over, at kommunen i andre tilf\u00e6lde har sendt hele klasser [&hellip;]<\/p>\n","protected":false},"author":8,"featured_media":35650,"comment_status":"open","ping_status":"open","sticky":false,"template":"","format":"standard","meta":{"_acf_changed":false,"footnotes":""},"categories":[51],"tags":[170],"class_list":["post-35646","post","type-post","status-publish","format-standard","has-post-thumbnail","hentry","category-lokalt","tag-uddannelse"],"acf":[],"yoast_head":"<!-- This site is optimized with the Yoast SEO plugin v26.8 - https:\/\/yoast.com\/product\/yoast-seo-wordpress\/ -->\n<title>- Svaret kom f\u00f8rst i weekenden - Mors<\/title>\n<meta name=\"robots\" content=\"index, follow, max-snippet:-1, max-image-preview:large, max-video-preview:-1\" \/>\n<link rel=\"canonical\" href=\"https:\/\/kunmedierne.dk\/mors\/svaret-kom-foerst-i-weekenden\/\" \/>\n<meta property=\"og:locale\" content=\"da_DK\" \/>\n<meta property=\"og:type\" content=\"article\" \/>\n<meta property=\"og:title\" content=\"- Svaret kom f\u00f8rst i weekenden - Mors\" \/>\n<meta property=\"og:description\" content=\"\u00d8STER J\u00d8LBY: Hvorfor lod Mors\u00f8 Kommune en skoleklasse i \u00d8ster J\u00f8lby forts\u00e6tte som normalt ugen ud, n\u00e5r en elev allerede mandag var taget ud af klassen? Det sp\u00f8rgsm\u00e5l har en p\u00e5r\u00f8rende til en elev i en anden klasse p\u00e5 skolen rejst for KunMors i forundring over, at kommunen i andre tilf\u00e6lde har sendt hele klasser [&hellip;]\" \/>\n<meta property=\"og:url\" content=\"https:\/\/kunmedierne.dk\/mors\/svaret-kom-foerst-i-weekenden\/\" \/>\n<meta property=\"og:site_name\" content=\"Mors\" \/>\n<meta property=\"article:published_time\" content=\"2020-11-23T11:00:30+00:00\" \/>\n<meta property=\"article:modified_time\" content=\"2024-08-12T11:43:52+00:00\" \/>\n<meta property=\"og:image\" content=\"https:\/\/kunmedierne.dk\/mors\/wp-content\/uploads\/2020\/11\/test.jpg\" \/>\n\t<meta property=\"og:image:width\" content=\"770\" \/>\n\t<meta property=\"og:image:height\" content=\"513\" \/>\n\t<meta property=\"og:image:type\" content=\"image\/jpeg\" \/>\n<meta name=\"author\" content=\"David H\u00f8jmark\" \/>\n<meta name=\"twitter:card\" content=\"summary_large_image\" \/>\n<meta name=\"twitter:label1\" content=\"Skrevet af\" \/>\n\t<meta name=\"twitter:data1\" content=\"David H\u00f8jmark\" \/>\n\t<meta name=\"twitter:label2\" content=\"Estimeret l\u00e6setid\" \/>\n\t<meta name=\"twitter:data2\" content=\"1 minut\" \/>\n<script type=\"application\/ld+json\" class=\"yoast-schema-graph\">{\"@context\":\"https:\/\/schema.org\",\"@graph\":[{\"@type\":\"Article\",\"@id\":\"https:\/\/kunmedierne.dk\/mors\/svaret-kom-foerst-i-weekenden\/#article\",\"isPartOf\":{\"@id\":\"https:\/\/kunmedierne.dk\/mors\/svaret-kom-foerst-i-weekenden\/\"},\"author\":{\"name\":\"David H\u00f8jmark\",\"@id\":\"https:\/\/kunmedierne.dk\/mors\/#\/schema\/person\/5fe23251bf1d0abbcdc6f7896579d548\"},\"headline\":\"&#8211; Svaret kom f\u00f8rst i weekenden\",\"datePublished\":\"2020-11-23T11:00:30+00:00\",\"dateModified\":\"2024-08-12T11:43:52+00:00\",\"mainEntityOfPage\":{\"@id\":\"https:\/\/kunmedierne.dk\/mors\/svaret-kom-foerst-i-weekenden\/\"},\"wordCount\":291,\"commentCount\":0,\"publisher\":{\"@id\":\"https:\/\/kunmedierne.dk\/mors\/#organization\"},\"image\":{\"@id\":\"https:\/\/kunmedierne.dk\/mors\/svaret-kom-foerst-i-weekenden\/#primaryimage\"},\"thumbnailUrl\":\"https:\/\/kunmedierne.dk\/mors\/wp-content\/uploads\/2020\/11\/test.jpg\",\"keywords\":[\"Skoler og uddannelse\"],\"articleSection\":[\"Lokalt\"],\"inLanguage\":\"da-DK\",\"potentialAction\":[{\"@type\":\"CommentAction\",\"name\":\"Comment\",\"target\":[\"https:\/\/kunmedierne.dk\/mors\/svaret-kom-foerst-i-weekenden\/#respond\"]}]},{\"@type\":\"WebPage\",\"@id\":\"https:\/\/kunmedierne.dk\/mors\/svaret-kom-foerst-i-weekenden\/\",\"url\":\"https:\/\/kunmedierne.dk\/mors\/svaret-kom-foerst-i-weekenden\/\",\"name\":\"- Svaret kom f\u00f8rst i weekenden - Mors\",\"isPartOf\":{\"@id\":\"https:\/\/kunmedierne.dk\/mors\/#website\"},\"primaryImageOfPage\":{\"@id\":\"https:\/\/kunmedierne.dk\/mors\/svaret-kom-foerst-i-weekenden\/#primaryimage\"},\"image\":{\"@id\":\"https:\/\/kunmedierne.dk\/mors\/svaret-kom-foerst-i-weekenden\/#primaryimage\"},\"thumbnailUrl\":\"https:\/\/kunmedierne.dk\/mors\/wp-content\/uploads\/2020\/11\/test.jpg\",\"datePublished\":\"2020-11-23T11:00:30+00:00\",\"dateModified\":\"2024-08-12T11:43:52+00:00\",\"breadcrumb\":{\"@id\":\"https:\/\/kunmedierne.dk\/mors\/svaret-kom-foerst-i-weekenden\/#breadcrumb\"},\"inLanguage\":\"da-DK\",\"potentialAction\":[{\"@type\":\"ReadAction\",\"target\":[\"https:\/\/kunmedierne.dk\/mors\/svaret-kom-foerst-i-weekenden\/\"]}]},{\"@type\":\"ImageObject\",\"inLanguage\":\"da-DK\",\"@id\":\"https:\/\/kunmedierne.dk\/mors\/svaret-kom-foerst-i-weekenden\/#primaryimage\",\"url\":\"https:\/\/kunmedierne.dk\/mors\/wp-content\/uploads\/2020\/11\/test.jpg\",\"contentUrl\":\"https:\/\/kunmedierne.dk\/mors\/wp-content\/uploads\/2020\/11\/test.jpg\",\"width\":770,\"height\":513,\"caption\":\"Modelfoto: Mufid Majnun\/Unsplash\"},{\"@type\":\"BreadcrumbList\",\"@id\":\"https:\/\/kunmedierne.dk\/mors\/svaret-kom-foerst-i-weekenden\/#breadcrumb\",\"itemListElement\":[{\"@type\":\"ListItem\",\"position\":1,\"name\":\"Hjem\",\"item\":\"https:\/\/kunmedierne.dk\/mors\/\"},{\"@type\":\"ListItem\",\"position\":2,\"name\":\"&#8211; Svaret kom f\u00f8rst i weekenden\"}]},{\"@type\":\"WebSite\",\"@id\":\"https:\/\/kunmedierne.dk\/mors\/#website\",\"url\":\"https:\/\/kunmedierne.dk\/mors\/\",\"name\":\"Mors\",\"description\":\"et netmedie med journalistik om livet p\u00e5 Mors\",\"publisher\":{\"@id\":\"https:\/\/kunmedierne.dk\/mors\/#organization\"},\"potentialAction\":[{\"@type\":\"SearchAction\",\"target\":{\"@type\":\"EntryPoint\",\"urlTemplate\":\"https:\/\/kunmedierne.dk\/mors\/?s={search_term_string}\"},\"query-input\":{\"@type\":\"PropertyValueSpecification\",\"valueRequired\":true,\"valueName\":\"search_term_string\"}}],\"inLanguage\":\"da-DK\"},{\"@type\":\"Organization\",\"@id\":\"https:\/\/kunmedierne.dk\/mors\/#organization\",\"name\":\"Mors\",\"url\":\"https:\/\/kunmedierne.dk\/mors\/\",\"logo\":{\"@type\":\"ImageObject\",\"inLanguage\":\"da-DK\",\"@id\":\"https:\/\/kunmedierne.dk\/mors\/#\/schema\/logo\/image\/\",\"url\":\"https:\/\/kunmedierne.dk\/mors\/wp-content\/uploads\/2024\/08\/kunmors-logo.svg\",\"contentUrl\":\"https:\/\/kunmedierne.dk\/mors\/wp-content\/uploads\/2024\/08\/kunmors-logo.svg\",\"caption\":\"Mors\"},\"image\":{\"@id\":\"https:\/\/kunmedierne.dk\/mors\/#\/schema\/logo\/image\/\"}},{\"@type\":\"Person\",\"@id\":\"https:\/\/kunmedierne.dk\/mors\/#\/schema\/person\/5fe23251bf1d0abbcdc6f7896579d548\",\"name\":\"David H\u00f8jmark\",\"image\":{\"@type\":\"ImageObject\",\"inLanguage\":\"da-DK\",\"@id\":\"https:\/\/kunmedierne.dk\/mors\/#\/schema\/person\/image\/\",\"url\":\"https:\/\/secure.gravatar.com\/avatar\/4315d6fb9ef244d729989f5f90268eb08d5bf8a3d84402f595fa194bb35784fd?s=96&d=mm&r=g\",\"contentUrl\":\"https:\/\/secure.gravatar.com\/avatar\/4315d6fb9ef244d729989f5f90268eb08d5bf8a3d84402f595fa194bb35784fd?s=96&d=mm&r=g\",\"caption\":\"David H\u00f8jmark\"},\"sameAs\":[\"https:\/\/www.kunmedierne.dk\"],\"url\":\"https:\/\/kunmedierne.dk\/mors\/author\/david\/\"}]}<\/script>\n<!-- \/ Yoast SEO plugin. -->","yoast_head_json":{"title":"- Svaret kom f\u00f8rst i weekenden - Mors","robots":{"index":"index","follow":"follow","max-snippet":"max-snippet:-1","max-image-preview":"max-image-preview:large","max-video-preview":"max-video-preview:-1"},"canonical":"https:\/\/kunmedierne.dk\/mors\/svaret-kom-foerst-i-weekenden\/","og_locale":"da_DK","og_type":"article","og_title":"- Svaret kom f\u00f8rst i weekenden - Mors","og_description":"\u00d8STER J\u00d8LBY: Hvorfor lod Mors\u00f8 Kommune en skoleklasse i \u00d8ster J\u00f8lby forts\u00e6tte som normalt ugen ud, n\u00e5r en elev allerede mandag var taget ud af klassen? Det sp\u00f8rgsm\u00e5l har en p\u00e5r\u00f8rende til en elev i en anden klasse p\u00e5 skolen rejst for KunMors i forundring over, at kommunen i andre tilf\u00e6lde har sendt hele klasser [&hellip;]","og_url":"https:\/\/kunmedierne.dk\/mors\/svaret-kom-foerst-i-weekenden\/","og_site_name":"Mors","article_published_time":"2020-11-23T11:00:30+00:00","article_modified_time":"2024-08-12T11:43:52+00:00","og_image":[{"width":770,"height":513,"url":"https:\/\/kunmedierne.dk\/mors\/wp-content\/uploads\/2020\/11\/test.jpg","type":"image\/jpeg"}],"author":"David H\u00f8jmark","twitter_card":"summary_large_image","twitter_misc":{"Skrevet af":"David H\u00f8jmark","Estimeret l\u00e6setid":"1 minut"},"schema":{"@context":"https:\/\/schema.org","@graph":[{"@type":"Article","@id":"https:\/\/kunmedierne.dk\/mors\/svaret-kom-foerst-i-weekenden\/#article","isPartOf":{"@id":"https:\/\/kunmedierne.dk\/mors\/svaret-kom-foerst-i-weekenden\/"},"author":{"name":"David H\u00f8jmark","@id":"https:\/\/kunmedierne.dk\/mors\/#\/schema\/person\/5fe23251bf1d0abbcdc6f7896579d548"},"headline":"&#8211; Svaret kom f\u00f8rst i weekenden","datePublished":"2020-11-23T11:00:30+00:00","dateModified":"2024-08-12T11:43:52+00:00","mainEntityOfPage":{"@id":"https:\/\/kunmedierne.dk\/mors\/svaret-kom-foerst-i-weekenden\/"},"wordCount":291,"commentCount":0,"publisher":{"@id":"https:\/\/kunmedierne.dk\/mors\/#organization"},"image":{"@id":"https:\/\/kunmedierne.dk\/mors\/svaret-kom-foerst-i-weekenden\/#primaryimage"},"thumbnailUrl":"https:\/\/kunmedierne.dk\/mors\/wp-content\/uploads\/2020\/11\/test.jpg","keywords":["Skoler og uddannelse"],"articleSection":["Lokalt"],"inLanguage":"da-DK","potentialAction":[{"@type":"CommentAction","name":"Comment","target":["https:\/\/kunmedierne.dk\/mors\/svaret-kom-foerst-i-weekenden\/#respond"]}]},{"@type":"WebPage","@id":"https:\/\/kunmedierne.dk\/mors\/svaret-kom-foerst-i-weekenden\/","url":"https:\/\/kunmedierne.dk\/mors\/svaret-kom-foerst-i-weekenden\/","name":"- Svaret kom f\u00f8rst i weekenden - Mors","isPartOf":{"@id":"https:\/\/kunmedierne.dk\/mors\/#website"},"primaryImageOfPage":{"@id":"https:\/\/kunmedierne.dk\/mors\/svaret-kom-foerst-i-weekenden\/#primaryimage"},"image":{"@id":"https:\/\/kunmedierne.dk\/mors\/svaret-kom-foerst-i-weekenden\/#primaryimage"},"thumbnailUrl":"https:\/\/kunmedierne.dk\/mors\/wp-content\/uploads\/2020\/11\/test.jpg","datePublished":"2020-11-23T11:00:30+00:00","dateModified":"2024-08-12T11:43:52+00:00","breadcrumb":{"@id":"https:\/\/kunmedierne.dk\/mors\/svaret-kom-foerst-i-weekenden\/#breadcrumb"},"inLanguage":"da-DK","potentialAction":[{"@type":"ReadAction","target":["https:\/\/kunmedierne.dk\/mors\/svaret-kom-foerst-i-weekenden\/"]}]},{"@type":"ImageObject","inLanguage":"da-DK","@id":"https:\/\/kunmedierne.dk\/mors\/svaret-kom-foerst-i-weekenden\/#primaryimage","url":"https:\/\/kunmedierne.dk\/mors\/wp-content\/uploads\/2020\/11\/test.jpg","contentUrl":"https:\/\/kunmedierne.dk\/mors\/wp-content\/uploads\/2020\/11\/test.jpg","width":770,"height":513,"caption":"Modelfoto: Mufid Majnun\/Unsplash"},{"@type":"BreadcrumbList","@id":"https:\/\/kunmedierne.dk\/mors\/svaret-kom-foerst-i-weekenden\/#breadcrumb","itemListElement":[{"@type":"ListItem","position":1,"name":"Hjem","item":"https:\/\/kunmedierne.dk\/mors\/"},{"@type":"ListItem","position":2,"name":"&#8211; Svaret kom f\u00f8rst i weekenden"}]},{"@type":"WebSite","@id":"https:\/\/kunmedierne.dk\/mors\/#website","url":"https:\/\/kunmedierne.dk\/mors\/","name":"Mors","description":"et netmedie med journalistik om livet p\u00e5 Mors","publisher":{"@id":"https:\/\/kunmedierne.dk\/mors\/#organization"},"potentialAction":[{"@type":"SearchAction","target":{"@type":"EntryPoint","urlTemplate":"https:\/\/kunmedierne.dk\/mors\/?s={search_term_string}"},"query-input":{"@type":"PropertyValueSpecification","valueRequired":true,"valueName":"search_term_string"}}],"inLanguage":"da-DK"},{"@type":"Organization","@id":"https:\/\/kunmedierne.dk\/mors\/#organization","name":"Mors","url":"https:\/\/kunmedierne.dk\/mors\/","logo":{"@type":"ImageObject","inLanguage":"da-DK","@id":"https:\/\/kunmedierne.dk\/mors\/#\/schema\/logo\/image\/","url":"https:\/\/kunmedierne.dk\/mors\/wp-content\/uploads\/2024\/08\/kunmors-logo.svg","contentUrl":"https:\/\/kunmedierne.dk\/mors\/wp-content\/uploads\/2024\/08\/kunmors-logo.svg","caption":"Mors"},"image":{"@id":"https:\/\/kunmedierne.dk\/mors\/#\/schema\/logo\/image\/"}},{"@type":"Person","@id":"https:\/\/kunmedierne.dk\/mors\/#\/schema\/person\/5fe23251bf1d0abbcdc6f7896579d548","name":"David H\u00f8jmark","image":{"@type":"ImageObject","inLanguage":"da-DK","@id":"https:\/\/kunmedierne.dk\/mors\/#\/schema\/person\/image\/","url":"https:\/\/secure.gravatar.com\/avatar\/4315d6fb9ef244d729989f5f90268eb08d5bf8a3d84402f595fa194bb35784fd?s=96&d=mm&r=g","contentUrl":"https:\/\/secure.gravatar.com\/avatar\/4315d6fb9ef244d729989f5f90268eb08d5bf8a3d84402f595fa194bb35784fd?s=96&d=mm&r=g","caption":"David H\u00f8jmark"},"sameAs":["https:\/\/www.kunmedierne.dk"],"url":"https:\/\/kunmedierne.dk\/mors\/author\/david\/"}]}},"_links":{"self":[{"href":"https:\/\/kunmedierne.dk\/mors\/wp-json\/wp\/v2\/posts\/35646","targetHints":{"allow":["GET"]}}],"collection":[{"href":"https:\/\/kunmedierne.dk\/mors\/wp-json\/wp\/v2\/posts"}],"about":[{"href":"https:\/\/kunmedierne.dk\/mors\/wp-json\/wp\/v2\/types\/post"}],"author":[{"embeddable":true,"href":"https:\/\/kunmedierne.dk\/mors\/wp-json\/wp\/v2\/users\/8"}],"replies":[{"embeddable":true,"href":"https:\/\/kunmedierne.dk\/mors\/wp-json\/wp\/v2\/comments?post=35646"}],"version-history":[{"count":3,"href":"https:\/\/kunmedierne.dk\/mors\/wp-json\/wp\/v2\/posts\/35646\/revisions"}],"predecessor-version":[{"id":35651,"href":"https:\/\/kunmedierne.dk\/mors\/wp-json\/wp\/v2\/posts\/35646\/revisions\/35651"}],"wp:featuredmedia":[{"embeddable":true,"href":"https:\/\/kunmedierne.dk\/mors\/wp-json\/wp\/v2\/media\/35650"}],"wp:attachment":[{"href":"https:\/\/kunmedierne.dk\/mors\/wp-json\/wp\/v2\/media?parent=35646"}],"wp:term":[{"taxonomy":"category","embeddable":true,"href":"https:\/\/kunmedierne.dk\/mors\/wp-json\/wp\/v2\/categories?post=35646"},{"taxonomy":"post_tag","embeddable":true,"href":"https:\/\/kunmedierne.dk\/mors\/wp-json\/wp\/v2\/tags?post=35646"}],"curies":[{"name":"wp","href":"https:\/\/api.w.org\/{rel}","templated":true}]}}